{"id":321189,"date":"2026-03-02T16:52:22","date_gmt":"2026-03-02T19:52:22","guid":{"rendered":"https:\/\/diariotextual.com\/inicio\/?p=321189"},"modified":"2026-03-02T16:56:17","modified_gmt":"2026-03-02T19:56:17","slug":"este-martes-panel-sobre-los-cambios-a-la-ley-de-glaciares-y-su-impacto-en-la-pampa","status":"publish","type":"post","link":"https:\/\/diariotextual.com\/inicio\/index.php\/2026\/03\/02\/este-martes-panel-sobre-los-cambios-a-la-ley-de-glaciares-y-su-impacto-en-la-pampa\/","title":{"rendered":"Este martes, panel sobre los cambios a la Ley de Glaciares y su impacto en La Pampa"},"content":{"rendered":"\n<p>Con el acompa\u00f1amiento del <strong>Rectorado<\/strong> de la <strong>Universidad Nacional de La Pampa (UNLPam)<\/strong> y luego de ser informada en el <strong>Consejo Superior<\/strong>, este martes 3 de marzo a las 18 se realizar\u00e1 el panel <strong>\u201cImplicancias de la modificaci\u00f3n de la Ley de Glaciares en La Pampa\u201d<\/strong>. La actividad tendr\u00e1 lugar en el Sal\u00f3n del Consejo Directivo de la Facultad de Ciencias Humanas, en calle Coronel Gil 353, segundo piso, en Santa Rosa.<\/p>\n\n\n\n<p>La propuesta ser\u00e1 <strong>abierta y gratuita<\/strong>, sin inscripci\u00f3n previa, y est\u00e1 destinada a la comunidad universitaria y al p\u00fablico en general interesado en la tem\u00e1tica.<\/p>\n\n\n\n<p><\/p>\n\n\n\n<p>El encuentro es coorganizado por el <strong>Instituto de Geograf\u00eda<\/strong> de la Facultad de Ciencias Humanas, la Facultad de Ciencias Econ\u00f3micas y Jur\u00eddicas y el <strong>Gobierno de la Provincia de La Pampa<\/strong>, a trav\u00e9s de la Fiscal\u00eda de Estado, la Secretar\u00eda de Ambiente y la Secretar\u00eda de Recursos H\u00eddricos. Tambi\u00e9n participan las organizaciones no gubernamentales <strong>Fundaci\u00f3n Chadileuv\u00fa<\/strong> y <strong>Asamblea por los R\u00edos Pampeanos<\/strong>.<\/p>\n\n\n\n<p>La actividad busca generar un espacio de an\u00e1lisis plural sobre los alcances de la eventual modificaci\u00f3n de la normativa nacional vinculada a la protecci\u00f3n de glaciares y ambientes periglaciares, y su impacto en la provincia.<\/p>\n\n\n\n<p><\/p>\n\n\n\n<p>El panel contar\u00e1 con la participaci\u00f3n de especialistas que abordar\u00e1n el tema desde una perspectiva <strong>ambiental, h\u00eddrica, jur\u00eddica, pol\u00edtica, social y econ\u00f3mica<\/strong>.<\/p>\n\n\n\n<p>Confirmaron su presencia el doctor Andr\u00e9s Gil Dom\u00ednguez, docente de la UNLPam; el senador nacional Daniel Pablo Bensus\u00e1n; el senador nacional Daniel Kroneberger; la ingeniera Vanina Basso; el doctor Jos\u00e9 Alberto Gobbi; la doctora Carolina Aumassanne; y la mag\u00edster Beatriz Dillon.<\/p>\n\n\n\n<p>Desde la organizaci\u00f3n indicaron que la propuesta se enmarca en los principios estatutarios de la UNLPam y promueve el reconocimiento y la defensa de los <strong>derechos humanos universales y constitucionales<\/strong>, en particular aquellos vinculados a la <strong>protecci\u00f3n del ambiente<\/strong>, la <strong>justicia social<\/strong> y la <strong>calidad de vida<\/strong> de las poblaciones.<\/p>\n\n\n\n<p>Los cambios a la Ley de Glaciares ya tienen media sanci\u00f3n del Senado nacional. Ahora el tema se debatir\u00e1 en Diputados.<\/p>\n\n\n\n<p>Con los cambios, podr\u00edan impulsarse proyectos mineros en la zona cordillerana de Mendoza y afectar directamente a La Pampa, a trav\u00e9s de los r\u00edos Atuel y Colorado.<\/p>\n\n\n\n<p>La normativa original, sancionada en 2010<strong>, proh\u00edbe las actividades extractivas&nbsp;<\/strong>en los glaciares y ambiente periglacial porque las considera como&nbsp;<strong>reservas estrat\u00e9gicas de agua dulce<\/strong>. De hecho, seg\u00fan la Organizaci\u00f3n Meteorol\u00f3gica Mundial, el 70% de las reservas de agua dulce est\u00e1 contenida en los glaciares.<\/p>\n\n\n\n<p>Lo que busca el Gobierno nacional es priorizar las actividades productivas mineras e hidrocarbur\u00edferas en Mendoza, San Juan, Catamarca, Jujuy y Salta. Y atraer y dar luz verde a proyectos mineros internacionales. Para ello, abrir\u00e1 la posibilidad de hacer explotaci\u00f3n de recursos naturales en glaciares<strong>&nbsp;si no se consideran h\u00eddricamente relevantes o que cumplen una funci\u00f3n h\u00eddrica. Hasta hoy eso no puede hacerse.<\/strong><\/p>\n\n\n\n<p><strong>\u00bfQu\u00e9 significa?<\/strong>&nbsp;Seg\u00fan la redacci\u00f3n de la nueva ley, los glaciares deber\u00e1n funcionar \u201ccomo reservas estrat\u00e9gicas de recursos h\u00eddricos o como proveedores de agua para la recarga de cuencas hidrogr\u00e1ficas\u201d. Si esto no se verifica a trav\u00e9s de las autoridades provinciales y apoyo del Instituto Nacional de Glaciares (Ianigla),&nbsp;<strong>entonces dejar\u00e1 de ser un terreno protegido.<\/strong><\/p>\n\n\n\n<p>El proyecto tambi\u00e9n refuerza el rol de las provincias. Si bien la Naci\u00f3n sigue fijando los presupuestos m\u00ednimos, el texto enfatiza el art\u00edculo 124 de la Constituci\u00f3n. All\u00ed se asegura que el dominio originario de los recursos naturales les corresponde a los gobiernos provinciales y les otorga&nbsp;<strong>mayor poder de decisi\u00f3n para evaluar estudios de impacto ambiental y autorizar proyectos.<\/strong><\/p>\n\n\n\n<p>Para diversos expertos y organizaciones ambientales, que el Congreso apruebe estos cambios no solo ser\u00eda un retroceso ambiental, sino que podr\u00eda dejar a la Argentina en desventaja frente a una crisis clim\u00e1tica creciente.&nbsp;<\/p>\n\n\n\n<p><\/p>\n","protected":false},"excerpt":{"rendered":"<p>Con el acompa\u00f1amiento del Rectorado de la Universidad Nacional de La Pampa (UNLPam) y luego de ser informada en el Consejo Superior, este martes 3 de marzo a las 18&hellip;<\/p>\n","protected":false},"author":3,"featured_media":297968,"comment_status":"closed","ping_status":"open","sticky":false,"template":"","format":"standard","meta":{"_acf_changed":false,"footnotes":""},"categories":[1,8],"tags":[],"class_list":["post-321189","post","type-post","status-publish","format-standard","has-post-thumbnail","hentry","category-es-noticia","category-politica"],"acf":[],"yoast_head":"<!-- This site is optimized with the Yoast SEO plugin v27.5 - https:\/\/yoast.com\/product\/yoast-seo-wordpress\/ -->\n<title>Este martes, panel sobre los cambios a la Ley de Glaciares y su impacto en La Pampa - Diario Textual<\/title>\n<meta name=\"robots\" content=\"index, follow, max-snippet:-1, max-image-preview:large, max-video-preview:-1\" \/>\n<link rel=\"canonical\" href=\"https:\/\/diariotextual.com\/inicio\/index.php\/2026\/03\/02\/este-martes-panel-sobre-los-cambios-a-la-ley-de-glaciares-y-su-impacto-en-la-pampa\/\" \/>\n<meta property=\"og:locale\" content=\"es_ES\" \/>\n<meta property=\"og:type\" content=\"article\" \/>\n<meta property=\"og:title\" content=\"Este martes, panel sobre los cambios a la Ley de Glaciares y su impacto en La Pampa - Diario Textual\" \/>\n<meta property=\"og:description\" content=\"Con el acompa\u00f1amiento del Rectorado de la Universidad Nacional de La Pampa (UNLPam) y luego de ser informada en el Consejo Superior, este martes 3 de marzo a las 18&hellip;\" \/>\n<meta property=\"og:url\" content=\"https:\/\/diariotextual.com\/inicio\/index.php\/2026\/03\/02\/este-martes-panel-sobre-los-cambios-a-la-ley-de-glaciares-y-su-impacto-en-la-pampa\/\" \/>\n<meta property=\"og:site_name\" content=\"Diario Textual\" \/>\n<meta property=\"article:publisher\" content=\"https:\/\/www.facebook.com\/eltextual\" \/>\n<meta property=\"article:published_time\" content=\"2026-03-02T19:52:22+00:00\" \/>\n<meta property=\"article:modified_time\" content=\"2026-03-02T19:56:17+00:00\" \/>\n<meta property=\"og:image\" content=\"https:\/\/diariotextual.com\/inicio\/wp-content\/uploads\/2025\/06\/unlpam2025-1.jpg\" \/>\n\t<meta property=\"og:image:width\" content=\"1218\" \/>\n\t<meta property=\"og:image:height\" content=\"785\" \/>\n\t<meta property=\"og:image:type\" content=\"image\/jpeg\" \/>\n<meta name=\"author\" content=\"Diario1 Diario1\" \/>\n<meta name=\"twitter:card\" content=\"summary_large_image\" \/>\n<meta name=\"twitter:creator\" content=\"@eltextual\" \/>\n<meta name=\"twitter:site\" content=\"@eltextual\" \/>\n<meta name=\"twitter:label1\" content=\"Escrito por\" \/>\n\t<meta name=\"twitter:data1\" content=\"Diario1 Diario1\" \/>\n\t<meta name=\"twitter:label2\" content=\"Tiempo de lectura\" \/>\n\t<meta name=\"twitter:data2\" content=\"4 minutos\" \/>\n<script type=\"application\/ld+json\" class=\"yoast-schema-graph\">{\"@context\":\"https:\\\/\\\/schema.org\",\"@graph\":[{\"@type\":\"Article\",\"@id\":\"https:\\\/\\\/diariotextual.com\\\/inicio\\\/index.php\\\/2026\\\/03\\\/02\\\/este-martes-panel-sobre-los-cambios-a-la-ley-de-glaciares-y-su-impacto-en-la-pampa\\\/#article\",\"isPartOf\":{\"@id\":\"https:\\\/\\\/diariotextual.com\\\/inicio\\\/index.php\\\/2026\\\/03\\\/02\\\/este-martes-panel-sobre-los-cambios-a-la-ley-de-glaciares-y-su-impacto-en-la-pampa\\\/\"},\"author\":{\"name\":\"Diario1 Diario1\",\"@id\":\"https:\\\/\\\/diariotextual.com\\\/inicio\\\/#\\\/schema\\\/person\\\/418fc4093c33e86ed41562db3508f958\"},\"headline\":\"Este martes, panel sobre los cambios a la Ley de Glaciares y su impacto en La Pampa\",\"datePublished\":\"2026-03-02T19:52:22+00:00\",\"dateModified\":\"2026-03-02T19:56:17+00:00\",\"mainEntityOfPage\":{\"@id\":\"https:\\\/\\\/diariotextual.com\\\/inicio\\\/index.php\\\/2026\\\/03\\\/02\\\/este-martes-panel-sobre-los-cambios-a-la-ley-de-glaciares-y-su-impacto-en-la-pampa\\\/\"},\"wordCount\":692,\"publisher\":{\"@id\":\"https:\\\/\\\/diariotextual.com\\\/inicio\\\/#organization\"},\"image\":{\"@id\":\"https:\\\/\\\/diariotextual.com\\\/inicio\\\/index.php\\\/2026\\\/03\\\/02\\\/este-martes-panel-sobre-los-cambios-a-la-ley-de-glaciares-y-su-impacto-en-la-pampa\\\/#primaryimage\"},\"thumbnailUrl\":\"https:\\\/\\\/diariotextual.com\\\/inicio\\\/wp-content\\\/uploads\\\/2025\\\/06\\\/unlpam2025-1.jpg\",\"articleSection\":[\"A - ES NOTICIA (van abajo)\",\"POLITICA\"],\"inLanguage\":\"es\"},{\"@type\":\"WebPage\",\"@id\":\"https:\\\/\\\/diariotextual.com\\\/inicio\\\/index.php\\\/2026\\\/03\\\/02\\\/este-martes-panel-sobre-los-cambios-a-la-ley-de-glaciares-y-su-impacto-en-la-pampa\\\/\",\"url\":\"https:\\\/\\\/diariotextual.com\\\/inicio\\\/index.php\\\/2026\\\/03\\\/02\\\/este-martes-panel-sobre-los-cambios-a-la-ley-de-glaciares-y-su-impacto-en-la-pampa\\\/\",\"name\":\"Este martes, panel sobre los cambios a la Ley de Glaciares y su impacto en La Pampa - Diario Textual\",\"isPartOf\":{\"@id\":\"https:\\\/\\\/diariotextual.com\\\/inicio\\\/#website\"},\"primaryImageOfPage\":{\"@id\":\"https:\\\/\\\/diariotextual.com\\\/inicio\\\/index.php\\\/2026\\\/03\\\/02\\\/este-martes-panel-sobre-los-cambios-a-la-ley-de-glaciares-y-su-impacto-en-la-pampa\\\/#primaryimage\"},\"image\":{\"@id\":\"https:\\\/\\\/diariotextual.com\\\/inicio\\\/index.php\\\/2026\\\/03\\\/02\\\/este-martes-panel-sobre-los-cambios-a-la-ley-de-glaciares-y-su-impacto-en-la-pampa\\\/#primaryimage\"},\"thumbnailUrl\":\"https:\\\/\\\/diariotextual.com\\\/inicio\\\/wp-content\\\/uploads\\\/2025\\\/06\\\/unlpam2025-1.jpg\",\"datePublished\":\"2026-03-02T19:52:22+00:00\",\"dateModified\":\"2026-03-02T19:56:17+00:00\",\"breadcrumb\":{\"@id\":\"https:\\\/\\\/diariotextual.com\\\/inicio\\\/index.php\\\/2026\\\/03\\\/02\\\/este-martes-panel-sobre-los-cambios-a-la-ley-de-glaciares-y-su-impacto-en-la-pampa\\\/#breadcrumb\"},\"inLanguage\":\"es\",\"potentialAction\":[{\"@type\":\"ReadAction\",\"target\":[\"https:\\\/\\\/diariotextual.com\\\/inicio\\\/index.php\\\/2026\\\/03\\\/02\\\/este-martes-panel-sobre-los-cambios-a-la-ley-de-glaciares-y-su-impacto-en-la-pampa\\\/\"]}]},{\"@type\":\"ImageObject\",\"inLanguage\":\"es\",\"@id\":\"https:\\\/\\\/diariotextual.com\\\/inicio\\\/index.php\\\/2026\\\/03\\\/02\\\/este-martes-panel-sobre-los-cambios-a-la-ley-de-glaciares-y-su-impacto-en-la-pampa\\\/#primaryimage\",\"url\":\"https:\\\/\\\/diariotextual.com\\\/inicio\\\/wp-content\\\/uploads\\\/2025\\\/06\\\/unlpam2025-1.jpg\",\"contentUrl\":\"https:\\\/\\\/diariotextual.com\\\/inicio\\\/wp-content\\\/uploads\\\/2025\\\/06\\\/unlpam2025-1.jpg\",\"width\":1218,\"height\":785},{\"@type\":\"BreadcrumbList\",\"@id\":\"https:\\\/\\\/diariotextual.com\\\/inicio\\\/index.php\\\/2026\\\/03\\\/02\\\/este-martes-panel-sobre-los-cambios-a-la-ley-de-glaciares-y-su-impacto-en-la-pampa\\\/#breadcrumb\",\"itemListElement\":[{\"@type\":\"ListItem\",\"position\":1,\"name\":\"Portada\",\"item\":\"https:\\\/\\\/diariotextual.com\\\/inicio\\\/\"},{\"@type\":\"ListItem\",\"position\":2,\"name\":\"Este martes, panel sobre los cambios a la Ley de Glaciares y su impacto en La Pampa\"}]},{\"@type\":\"WebSite\",\"@id\":\"https:\\\/\\\/diariotextual.com\\\/inicio\\\/#website\",\"url\":\"https:\\\/\\\/diariotextual.com\\\/inicio\\\/\",\"name\":\"Diario Textual\",\"description\":\"\",\"publisher\":{\"@id\":\"https:\\\/\\\/diariotextual.com\\\/inicio\\\/#organization\"},\"potentialAction\":[{\"@type\":\"SearchAction\",\"target\":{\"@type\":\"EntryPoint\",\"urlTemplate\":\"https:\\\/\\\/diariotextual.com\\\/inicio\\\/?s={search_term_string}\"},\"query-input\":{\"@type\":\"PropertyValueSpecification\",\"valueRequired\":true,\"valueName\":\"search_term_string\"}}],\"inLanguage\":\"es\"},{\"@type\":\"Organization\",\"@id\":\"https:\\\/\\\/diariotextual.com\\\/inicio\\\/#organization\",\"name\":\"Diario Textual\",\"url\":\"https:\\\/\\\/diariotextual.com\\\/inicio\\\/\",\"logo\":{\"@type\":\"ImageObject\",\"inLanguage\":\"es\",\"@id\":\"https:\\\/\\\/diariotextual.com\\\/inicio\\\/#\\\/schema\\\/logo\\\/image\\\/\",\"url\":\"https:\\\/\\\/diariotextual.com\\\/inicio\\\/wp-content\\\/uploads\\\/2023\\\/05\\\/logotextual1.jpg\",\"contentUrl\":\"https:\\\/\\\/diariotextual.com\\\/inicio\\\/wp-content\\\/uploads\\\/2023\\\/05\\\/logotextual1.jpg\",\"width\":516,\"height\":76,\"caption\":\"Diario Textual\"},\"image\":{\"@id\":\"https:\\\/\\\/diariotextual.com\\\/inicio\\\/#\\\/schema\\\/logo\\\/image\\\/\"},\"sameAs\":[\"https:\\\/\\\/www.facebook.com\\\/eltextual\",\"https:\\\/\\\/x.com\\\/eltextual\",\"http:\\\/\\\/www.instagram.com\\\/eltextual\"]},{\"@type\":\"Person\",\"@id\":\"https:\\\/\\\/diariotextual.com\\\/inicio\\\/#\\\/schema\\\/person\\\/418fc4093c33e86ed41562db3508f958\",\"name\":\"Diario1 Diario1\",\"image\":{\"@type\":\"ImageObject\",\"inLanguage\":\"es\",\"@id\":\"https:\\\/\\\/secure.gravatar.com\\\/avatar\\\/9167d280179c85bc18be67aa7eda765854300033af4896dd779b608640f2ef7a?s=96&d=mm&r=g\",\"url\":\"https:\\\/\\\/secure.gravatar.com\\\/avatar\\\/9167d280179c85bc18be67aa7eda765854300033af4896dd779b608640f2ef7a?s=96&d=mm&r=g\",\"contentUrl\":\"https:\\\/\\\/secure.gravatar.com\\\/avatar\\\/9167d280179c85bc18be67aa7eda765854300033af4896dd779b608640f2ef7a?s=96&d=mm&r=g\",\"caption\":\"Diario1 Diario1\"},\"url\":\"https:\\\/\\\/diariotextual.com\\\/inicio\\\/index.php\\\/author\\\/diario1\\\/\"}]}<\/script>\n<!-- \/ Yoast SEO plugin. -->","yoast_head_json":{"title":"Este martes, panel sobre los cambios a la Ley de Glaciares y su impacto en La Pampa - Diario Textual","robots":{"index":"index","follow":"follow","max-snippet":"max-snippet:-1","max-image-preview":"max-image-preview:large","max-video-preview":"max-video-preview:-1"},"canonical":"https:\/\/diariotextual.com\/inicio\/index.php\/2026\/03\/02\/este-martes-panel-sobre-los-cambios-a-la-ley-de-glaciares-y-su-impacto-en-la-pampa\/","og_locale":"es_ES","og_type":"article","og_title":"Este martes, panel sobre los cambios a la Ley de Glaciares y su impacto en La Pampa - Diario Textual","og_description":"Con el acompa\u00f1amiento del Rectorado de la Universidad Nacional de La Pampa (UNLPam) y luego de ser informada en el Consejo Superior, este martes 3 de marzo a las 18&hellip;","og_url":"https:\/\/diariotextual.com\/inicio\/index.php\/2026\/03\/02\/este-martes-panel-sobre-los-cambios-a-la-ley-de-glaciares-y-su-impacto-en-la-pampa\/","og_site_name":"Diario Textual","article_publisher":"https:\/\/www.facebook.com\/eltextual","article_published_time":"2026-03-02T19:52:22+00:00","article_modified_time":"2026-03-02T19:56:17+00:00","og_image":[{"width":1218,"height":785,"url":"https:\/\/diariotextual.com\/inicio\/wp-content\/uploads\/2025\/06\/unlpam2025-1.jpg","type":"image\/jpeg"}],"author":"Diario1 Diario1","twitter_card":"summary_large_image","twitter_creator":"@eltextual","twitter_site":"@eltextual","twitter_misc":{"Escrito por":"Diario1 Diario1","Tiempo de lectura":"4 minutos"},"schema":{"@context":"https:\/\/schema.org","@graph":[{"@type":"Article","@id":"https:\/\/diariotextual.com\/inicio\/index.php\/2026\/03\/02\/este-martes-panel-sobre-los-cambios-a-la-ley-de-glaciares-y-su-impacto-en-la-pampa\/#article","isPartOf":{"@id":"https:\/\/diariotextual.com\/inicio\/index.php\/2026\/03\/02\/este-martes-panel-sobre-los-cambios-a-la-ley-de-glaciares-y-su-impacto-en-la-pampa\/"},"author":{"name":"Diario1 Diario1","@id":"https:\/\/diariotextual.com\/inicio\/#\/schema\/person\/418fc4093c33e86ed41562db3508f958"},"headline":"Este martes, panel sobre los cambios a la Ley de Glaciares y su impacto en La Pampa","datePublished":"2026-03-02T19:52:22+00:00","dateModified":"2026-03-02T19:56:17+00:00","mainEntityOfPage":{"@id":"https:\/\/diariotextual.com\/inicio\/index.php\/2026\/03\/02\/este-martes-panel-sobre-los-cambios-a-la-ley-de-glaciares-y-su-impacto-en-la-pampa\/"},"wordCount":692,"publisher":{"@id":"https:\/\/diariotextual.com\/inicio\/#organization"},"image":{"@id":"https:\/\/diariotextual.com\/inicio\/index.php\/2026\/03\/02\/este-martes-panel-sobre-los-cambios-a-la-ley-de-glaciares-y-su-impacto-en-la-pampa\/#primaryimage"},"thumbnailUrl":"https:\/\/diariotextual.com\/inicio\/wp-content\/uploads\/2025\/06\/unlpam2025-1.jpg","articleSection":["A - ES NOTICIA (van abajo)","POLITICA"],"inLanguage":"es"},{"@type":"WebPage","@id":"https:\/\/diariotextual.com\/inicio\/index.php\/2026\/03\/02\/este-martes-panel-sobre-los-cambios-a-la-ley-de-glaciares-y-su-impacto-en-la-pampa\/","url":"https:\/\/diariotextual.com\/inicio\/index.php\/2026\/03\/02\/este-martes-panel-sobre-los-cambios-a-la-ley-de-glaciares-y-su-impacto-en-la-pampa\/","name":"Este martes, panel sobre los cambios a la Ley de Glaciares y su impacto en La Pampa - Diario Textual","isPartOf":{"@id":"https:\/\/diariotextual.com\/inicio\/#website"},"primaryImageOfPage":{"@id":"https:\/\/diariotextual.com\/inicio\/index.php\/2026\/03\/02\/este-martes-panel-sobre-los-cambios-a-la-ley-de-glaciares-y-su-impacto-en-la-pampa\/#primaryimage"},"image":{"@id":"https:\/\/diariotextual.com\/inicio\/index.php\/2026\/03\/02\/este-martes-panel-sobre-los-cambios-a-la-ley-de-glaciares-y-su-impacto-en-la-pampa\/#primaryimage"},"thumbnailUrl":"https:\/\/diariotextual.com\/inicio\/wp-content\/uploads\/2025\/06\/unlpam2025-1.jpg","datePublished":"2026-03-02T19:52:22+00:00","dateModified":"2026-03-02T19:56:17+00:00","breadcrumb":{"@id":"https:\/\/diariotextual.com\/inicio\/index.php\/2026\/03\/02\/este-martes-panel-sobre-los-cambios-a-la-ley-de-glaciares-y-su-impacto-en-la-pampa\/#breadcrumb"},"inLanguage":"es","potentialAction":[{"@type":"ReadAction","target":["https:\/\/diariotextual.com\/inicio\/index.php\/2026\/03\/02\/este-martes-panel-sobre-los-cambios-a-la-ley-de-glaciares-y-su-impacto-en-la-pampa\/"]}]},{"@type":"ImageObject","inLanguage":"es","@id":"https:\/\/diariotextual.com\/inicio\/index.php\/2026\/03\/02\/este-martes-panel-sobre-los-cambios-a-la-ley-de-glaciares-y-su-impacto-en-la-pampa\/#primaryimage","url":"https:\/\/diariotextual.com\/inicio\/wp-content\/uploads\/2025\/06\/unlpam2025-1.jpg","contentUrl":"https:\/\/diariotextual.com\/inicio\/wp-content\/uploads\/2025\/06\/unlpam2025-1.jpg","width":1218,"height":785},{"@type":"BreadcrumbList","@id":"https:\/\/diariotextual.com\/inicio\/index.php\/2026\/03\/02\/este-martes-panel-sobre-los-cambios-a-la-ley-de-glaciares-y-su-impacto-en-la-pampa\/#breadcrumb","itemListElement":[{"@type":"ListItem","position":1,"name":"Portada","item":"https:\/\/diariotextual.com\/inicio\/"},{"@type":"ListItem","position":2,"name":"Este martes, panel sobre los cambios a la Ley de Glaciares y su impacto en La Pampa"}]},{"@type":"WebSite","@id":"https:\/\/diariotextual.com\/inicio\/#website","url":"https:\/\/diariotextual.com\/inicio\/","name":"Diario Textual","description":"","publisher":{"@id":"https:\/\/diariotextual.com\/inicio\/#organization"},"potentialAction":[{"@type":"SearchAction","target":{"@type":"EntryPoint","urlTemplate":"https:\/\/diariotextual.com\/inicio\/?s={search_term_string}"},"query-input":{"@type":"PropertyValueSpecification","valueRequired":true,"valueName":"search_term_string"}}],"inLanguage":"es"},{"@type":"Organization","@id":"https:\/\/diariotextual.com\/inicio\/#organization","name":"Diario Textual","url":"https:\/\/diariotextual.com\/inicio\/","logo":{"@type":"ImageObject","inLanguage":"es","@id":"https:\/\/diariotextual.com\/inicio\/#\/schema\/logo\/image\/","url":"https:\/\/diariotextual.com\/inicio\/wp-content\/uploads\/2023\/05\/logotextual1.jpg","contentUrl":"https:\/\/diariotextual.com\/inicio\/wp-content\/uploads\/2023\/05\/logotextual1.jpg","width":516,"height":76,"caption":"Diario Textual"},"image":{"@id":"https:\/\/diariotextual.com\/inicio\/#\/schema\/logo\/image\/"},"sameAs":["https:\/\/www.facebook.com\/eltextual","https:\/\/x.com\/eltextual","http:\/\/www.instagram.com\/eltextual"]},{"@type":"Person","@id":"https:\/\/diariotextual.com\/inicio\/#\/schema\/person\/418fc4093c33e86ed41562db3508f958","name":"Diario1 Diario1","image":{"@type":"ImageObject","inLanguage":"es","@id":"https:\/\/secure.gravatar.com\/avatar\/9167d280179c85bc18be67aa7eda765854300033af4896dd779b608640f2ef7a?s=96&d=mm&r=g","url":"https:\/\/secure.gravatar.com\/avatar\/9167d280179c85bc18be67aa7eda765854300033af4896dd779b608640f2ef7a?s=96&d=mm&r=g","contentUrl":"https:\/\/secure.gravatar.com\/avatar\/9167d280179c85bc18be67aa7eda765854300033af4896dd779b608640f2ef7a?s=96&d=mm&r=g","caption":"Diario1 Diario1"},"url":"https:\/\/diariotextual.com\/inicio\/index.php\/author\/diario1\/"}]}},"_links":{"self":[{"href":"https:\/\/diariotextual.com\/inicio\/index.php\/wp-json\/wp\/v2\/posts\/321189","targetHints":{"allow":["GET"]}}],"collection":[{"href":"https:\/\/diariotextual.com\/inicio\/index.php\/wp-json\/wp\/v2\/posts"}],"about":[{"href":"https:\/\/diariotextual.com\/inicio\/index.php\/wp-json\/wp\/v2\/types\/post"}],"author":[{"embeddable":true,"href":"https:\/\/diariotextual.com\/inicio\/index.php\/wp-json\/wp\/v2\/users\/3"}],"replies":[{"embeddable":true,"href":"https:\/\/diariotextual.com\/inicio\/index.php\/wp-json\/wp\/v2\/comments?post=321189"}],"version-history":[{"count":2,"href":"https:\/\/diariotextual.com\/inicio\/index.php\/wp-json\/wp\/v2\/posts\/321189\/revisions"}],"predecessor-version":[{"id":321191,"href":"https:\/\/diariotextual.com\/inicio\/index.php\/wp-json\/wp\/v2\/posts\/321189\/revisions\/321191"}],"wp:featuredmedia":[{"embeddable":true,"href":"https:\/\/diariotextual.com\/inicio\/index.php\/wp-json\/wp\/v2\/media\/297968"}],"wp:attachment":[{"href":"https:\/\/diariotextual.com\/inicio\/index.php\/wp-json\/wp\/v2\/media?parent=321189"}],"wp:term":[{"taxonomy":"category","embeddable":true,"href":"https:\/\/diariotextual.com\/inicio\/index.php\/wp-json\/wp\/v2\/categories?post=321189"},{"taxonomy":"post_tag","embeddable":true,"href":"https:\/\/diariotextual.com\/inicio\/index.php\/wp-json\/wp\/v2\/tags?post=321189"}],"curies":[{"name":"wp","href":"https:\/\/api.w.org\/{rel}","templated":true}]}}