{"id":321263,"date":"2026-03-03T11:27:39","date_gmt":"2026-03-03T14:27:39","guid":{"rendered":"https:\/\/diariotextual.com\/inicio\/?p=321263"},"modified":"2026-03-07T19:09:56","modified_gmt":"2026-03-07T22:09:56","slug":"seis-pampeanos-estan-varados-en-dubai-por-la-guerra-en-medio-oriente-pasamos-mucha-angustia","status":"publish","type":"post","link":"https:\/\/diariotextual.com\/inicio\/index.php\/2026\/03\/03\/seis-pampeanos-estan-varados-en-dubai-por-la-guerra-en-medio-oriente-pasamos-mucha-angustia\/","title":{"rendered":"Seis pampeanos est\u00e1n varados en Dub\u00e1i por la guerra en Medio Oriente: \u201cPasamos mucha angustia\u201d"},"content":{"rendered":"\n<p><strong>Viviana Arias<\/strong> es una santarrose\u00f1a que fue de vacaciones a la ciudad de<strong> Dub\u00e1i<\/strong> junto a un contingente argentino y qued\u00f3 varada a ra\u00edz de la <strong>guerra en Medio Oriente<\/strong>. En di\u00e1logo con <strong>Diario Textual<\/strong>, cont\u00f3 que tuvo mucho miedo el domingo cuando sintieron explosiones de los drones lanzados por Ir\u00e1n y vieron mucho humo salir de edificios. <strong>\u201cPasamos mucha angustia\u201d, <\/strong>dijo. <strong>Hay, en total, seis pampeanos varados.<\/strong><\/p>\n\n\n\n<figure class=\"wp-block-image size-large\"><img fetchpriority=\"high\" decoding=\"async\" width=\"1024\" height=\"841\" src=\"https:\/\/diariotextual.com\/inicio\/wp-content\/uploads\/2026\/03\/ariasvivivaradadubai2026-10-1024x841.jpg\" alt=\"\" class=\"wp-image-321269\" srcset=\"https:\/\/diariotextual.com\/inicio\/wp-content\/uploads\/2026\/03\/ariasvivivaradadubai2026-10-1024x841.jpg 1024w, https:\/\/diariotextual.com\/inicio\/wp-content\/uploads\/2026\/03\/ariasvivivaradadubai2026-10-300x246.jpg 300w, https:\/\/diariotextual.com\/inicio\/wp-content\/uploads\/2026\/03\/ariasvivivaradadubai2026-10-768x630.jpg 768w, https:\/\/diariotextual.com\/inicio\/wp-content\/uploads\/2026\/03\/ariasvivivaradadubai2026-10-1170x960.jpg 1170w, https:\/\/diariotextual.com\/inicio\/wp-content\/uploads\/2026\/03\/ariasvivivaradadubai2026-10-585x480.jpg 585w, https:\/\/diariotextual.com\/inicio\/wp-content\/uploads\/2026\/03\/ariasvivivaradadubai2026-10.jpg 1200w\" sizes=\"(max-width: 1024px) 100vw, 1024px\" \/><\/figure>\n\n\n\n<p><\/p>\n\n\n\n<p>Viviana junto a su esposo viajaron a Dub\u00e1i integrando un grupo de 13 argentinos que contrataron una empresa de turismo de Trenque Lauquen.<strong> La estaban pasando muy bien cuando de pronto el domingo los sorprendieron los bombardeos.<\/strong><\/p>\n\n\n\n<p>\u201cEl domingo escuchamos explosiones y vimos el humo que sal\u00eda de lugares donde derribaron drones. Por las dudas nos quedamos todo el d\u00eda en el hotel, que es<em> all inclusive. <\/em>Nos dio mucho miedo salir porque no sab\u00edamos qu\u00e9 pasaba\u201d, cont\u00f3 a este diario digital desde Dub\u00e1i.<\/p>\n\n\n\n<p>El grupo de turistas ten\u00eda vuelo programado para volver a Argentina el lunes pasado a las 8, hora de Dub\u00e1i. Pero cerraron el aeropuerto por seguridad y quedaron varados. \u201cMientras escuch\u00e1bamos las detonaciones hubo bastante angustia en el grupo. No todos reaccionamos igual. Lo que m\u00e1s nos tiene en vilo es la incertidumbre de cu\u00e1ndo vamos a poder regresar. Por suerte estamos bien, en un lugar lindo, pero el no saber cu\u00e1ndo podremos volver genera mucha ansiedad\u201d, dijo.<\/p>\n\n\n\n<p>La santarrose\u00f1a dijo que est\u00e1n expectantes por la reanudaci\u00f3n de los vuelos. \u201cHoy <strong>nos avisaron que algunos vuelos est\u00e1n saliendo y tal vez podamos salir el viernes 6 para Argentina. Pasa que quedaron muchos pasajeros varados y nosotros gracias a Dios tenemos el dinero para pagar la estad\u00eda extra, pero el aeropuerto est\u00e1 colapsado porque mucha gente no tiene c\u00f3mo solventar m\u00e1s d\u00edas de hotel y est\u00e1n esperando en el mismo aeropuerto<\/strong>\u201d, cont\u00f3.<\/p>\n\n\n\n<p>Dub\u00e1i es una ciudad y emirato de los Emiratos \u00c1rabes Unidos (EAU), situado en la costa del golfo P\u00e9rsico, reconocido mundialmente como un centro tur\u00edstico y financiero de lujo.<\/p>\n\n\n\n<p><br>La ciudad est\u00e1 sintiendo las consecuencias del conflicto: en Palm Jumeirah, el lujoso archipi\u00e9lago artificial de Dub\u00e1i, el hotel de cinco estrellas Fairmont The Palm sufri\u00f3 una gran explosi\u00f3n. Adem\u00e1s, los restos de un dron interceptado provocaron un incendio menor en la fachada exterior del hotel de cinco estrellas Burj Al Arab, seg\u00fan informaron las autoridades.<\/p>\n\n\n\n<p><br>Hay miles de afectados en los aeropuertos de la zona: familias durmiendo en el suelo, estudiantes tratando de reorganizar viajes acad\u00e9micos y turistas revisando compulsivamente aplicaciones m\u00f3viles en busca de novedades. Las autoridades aeroportuarias recomendaron a los pasajeros verificar el estado de sus vuelos antes de trasladarse a las terminales y mantenerse en contacto directo con sus aerol\u00edneas.<\/p>\n\n\n\n<p><br>En tanto, expertos en aviaci\u00f3n se\u00f1alan que la normalizaci\u00f3n del tr\u00e1fico depender\u00e1 de la evoluci\u00f3n de la situaci\u00f3n militar y de las evaluaciones de riesgo que realicen los organismos reguladores y las compa\u00f1\u00edas a\u00e9reas. Si el cierre del espacio a\u00e9reo se prolonga, las cancelaciones podr\u00edan multiplicarse y extender el impacto m\u00e1s all\u00e1 del fin de semana.<\/p>\n\n\n\n<p><br>Por ahora, miles de personas permanecen a la espera de una soluci\u00f3n que les permita continuar su viaje o regresar a casa, en un escenario donde la geopol\u00edtica volvi\u00f3 a demostrar su capacidad de alterar en cuesti\u00f3n de horas la red global del transporte a\u00e9reo.<\/p>\n\n\n\n<p><\/p>\n","protected":false},"excerpt":{"rendered":"<p>Viviana Arias es una santarrose\u00f1a que fue de vacaciones a la ciudad de Dub\u00e1i junto a un contingente argentino y qued\u00f3 varada a ra\u00edz de la guerra en Medio Oriente.&hellip;<\/p>\n","protected":false},"author":3,"featured_media":321272,"comment_status":"closed","ping_status":"open","sticky":false,"template":"","format":"standard","meta":{"_acf_changed":false,"footnotes":""},"categories":[10,12],"tags":[],"class_list":["post-321263","post","type-post","status-publish","format-standard","has-post-thumbnail","hentry","category-portada-2","category-sociedad"],"acf":[],"yoast_head":"<!-- This site is optimized with the Yoast SEO plugin v27.5 - https:\/\/yoast.com\/product\/yoast-seo-wordpress\/ -->\n<title>Seis pampeanos est\u00e1n varados en Dub\u00e1i por la guerra en Medio Oriente: \u201cPasamos mucha angustia\u201d - Diario Textual<\/title>\n<meta name=\"robots\" content=\"index, follow, max-snippet:-1, max-image-preview:large, max-video-preview:-1\" \/>\n<link rel=\"canonical\" href=\"https:\/\/diariotextual.com\/inicio\/index.php\/2026\/03\/03\/seis-pampeanos-estan-varados-en-dubai-por-la-guerra-en-medio-oriente-pasamos-mucha-angustia\/\" \/>\n<meta property=\"og:locale\" content=\"es_ES\" \/>\n<meta property=\"og:type\" content=\"article\" \/>\n<meta property=\"og:title\" content=\"Seis pampeanos est\u00e1n varados en Dub\u00e1i por la guerra en Medio Oriente: \u201cPasamos mucha angustia\u201d - Diario Textual\" \/>\n<meta property=\"og:description\" content=\"Viviana Arias es una santarrose\u00f1a que fue de vacaciones a la ciudad de Dub\u00e1i junto a un contingente argentino y qued\u00f3 varada a ra\u00edz de la guerra en Medio Oriente.&hellip;\" \/>\n<meta property=\"og:url\" content=\"https:\/\/diariotextual.com\/inicio\/index.php\/2026\/03\/03\/seis-pampeanos-estan-varados-en-dubai-por-la-guerra-en-medio-oriente-pasamos-mucha-angustia\/\" \/>\n<meta property=\"og:site_name\" content=\"Diario Textual\" \/>\n<meta property=\"article:publisher\" content=\"https:\/\/www.facebook.com\/eltextual\" \/>\n<meta property=\"article:published_time\" content=\"2026-03-03T14:27:39+00:00\" \/>\n<meta property=\"article:modified_time\" content=\"2026-03-07T22:09:56+00:00\" \/>\n<meta property=\"og:image\" content=\"https:\/\/diariotextual.com\/inicio\/wp-content\/uploads\/2026\/03\/dubaivarados2026-1.jpg\" \/>\n\t<meta property=\"og:image:width\" content=\"762\" \/>\n\t<meta property=\"og:image:height\" content=\"483\" \/>\n\t<meta property=\"og:image:type\" content=\"image\/jpeg\" \/>\n<meta name=\"author\" content=\"Diario1 Diario1\" \/>\n<meta name=\"twitter:card\" content=\"summary_large_image\" \/>\n<meta name=\"twitter:creator\" content=\"@eltextual\" \/>\n<meta name=\"twitter:site\" content=\"@eltextual\" \/>\n<meta name=\"twitter:label1\" content=\"Escrito por\" \/>\n\t<meta name=\"twitter:data1\" content=\"Diario1 Diario1\" \/>\n\t<meta name=\"twitter:label2\" content=\"Tiempo de lectura\" \/>\n\t<meta name=\"twitter:data2\" content=\"3 minutos\" \/>\n<script type=\"application\/ld+json\" class=\"yoast-schema-graph\">{\"@context\":\"https:\\\/\\\/schema.org\",\"@graph\":[{\"@type\":\"Article\",\"@id\":\"https:\\\/\\\/diariotextual.com\\\/inicio\\\/index.php\\\/2026\\\/03\\\/03\\\/seis-pampeanos-estan-varados-en-dubai-por-la-guerra-en-medio-oriente-pasamos-mucha-angustia\\\/#article\",\"isPartOf\":{\"@id\":\"https:\\\/\\\/diariotextual.com\\\/inicio\\\/index.php\\\/2026\\\/03\\\/03\\\/seis-pampeanos-estan-varados-en-dubai-por-la-guerra-en-medio-oriente-pasamos-mucha-angustia\\\/\"},\"author\":{\"name\":\"Diario1 Diario1\",\"@id\":\"https:\\\/\\\/diariotextual.com\\\/inicio\\\/#\\\/schema\\\/person\\\/418fc4093c33e86ed41562db3508f958\"},\"headline\":\"Seis pampeanos est\u00e1n varados en Dub\u00e1i por la guerra en Medio Oriente: \u201cPasamos mucha angustia\u201d\",\"datePublished\":\"2026-03-03T14:27:39+00:00\",\"dateModified\":\"2026-03-07T22:09:56+00:00\",\"mainEntityOfPage\":{\"@id\":\"https:\\\/\\\/diariotextual.com\\\/inicio\\\/index.php\\\/2026\\\/03\\\/03\\\/seis-pampeanos-estan-varados-en-dubai-por-la-guerra-en-medio-oriente-pasamos-mucha-angustia\\\/\"},\"wordCount\":612,\"publisher\":{\"@id\":\"https:\\\/\\\/diariotextual.com\\\/inicio\\\/#organization\"},\"image\":{\"@id\":\"https:\\\/\\\/diariotextual.com\\\/inicio\\\/index.php\\\/2026\\\/03\\\/03\\\/seis-pampeanos-estan-varados-en-dubai-por-la-guerra-en-medio-oriente-pasamos-mucha-angustia\\\/#primaryimage\"},\"thumbnailUrl\":\"https:\\\/\\\/diariotextual.com\\\/inicio\\\/wp-content\\\/uploads\\\/2026\\\/03\\\/dubaivarados2026-1.jpg\",\"articleSection\":[\"A - PORTADA2\",\"SOCIEDAD\"],\"inLanguage\":\"es\"},{\"@type\":\"WebPage\",\"@id\":\"https:\\\/\\\/diariotextual.com\\\/inicio\\\/index.php\\\/2026\\\/03\\\/03\\\/seis-pampeanos-estan-varados-en-dubai-por-la-guerra-en-medio-oriente-pasamos-mucha-angustia\\\/\",\"url\":\"https:\\\/\\\/diariotextual.com\\\/inicio\\\/index.php\\\/2026\\\/03\\\/03\\\/seis-pampeanos-estan-varados-en-dubai-por-la-guerra-en-medio-oriente-pasamos-mucha-angustia\\\/\",\"name\":\"Seis pampeanos est\u00e1n varados en Dub\u00e1i por la guerra en Medio Oriente: \u201cPasamos mucha angustia\u201d - Diario Textual\",\"isPartOf\":{\"@id\":\"https:\\\/\\\/diariotextual.com\\\/inicio\\\/#website\"},\"primaryImageOfPage\":{\"@id\":\"https:\\\/\\\/diariotextual.com\\\/inicio\\\/index.php\\\/2026\\\/03\\\/03\\\/seis-pampeanos-estan-varados-en-dubai-por-la-guerra-en-medio-oriente-pasamos-mucha-angustia\\\/#primaryimage\"},\"image\":{\"@id\":\"https:\\\/\\\/diariotextual.com\\\/inicio\\\/index.php\\\/2026\\\/03\\\/03\\\/seis-pampeanos-estan-varados-en-dubai-por-la-guerra-en-medio-oriente-pasamos-mucha-angustia\\\/#primaryimage\"},\"thumbnailUrl\":\"https:\\\/\\\/diariotextual.com\\\/inicio\\\/wp-content\\\/uploads\\\/2026\\\/03\\\/dubaivarados2026-1.jpg\",\"datePublished\":\"2026-03-03T14:27:39+00:00\",\"dateModified\":\"2026-03-07T22:09:56+00:00\",\"breadcrumb\":{\"@id\":\"https:\\\/\\\/diariotextual.com\\\/inicio\\\/index.php\\\/2026\\\/03\\\/03\\\/seis-pampeanos-estan-varados-en-dubai-por-la-guerra-en-medio-oriente-pasamos-mucha-angustia\\\/#breadcrumb\"},\"inLanguage\":\"es\",\"potentialAction\":[{\"@type\":\"ReadAction\",\"target\":[\"https:\\\/\\\/diariotextual.com\\\/inicio\\\/index.php\\\/2026\\\/03\\\/03\\\/seis-pampeanos-estan-varados-en-dubai-por-la-guerra-en-medio-oriente-pasamos-mucha-angustia\\\/\"]}]},{\"@type\":\"ImageObject\",\"inLanguage\":\"es\",\"@id\":\"https:\\\/\\\/diariotextual.com\\\/inicio\\\/index.php\\\/2026\\\/03\\\/03\\\/seis-pampeanos-estan-varados-en-dubai-por-la-guerra-en-medio-oriente-pasamos-mucha-angustia\\\/#primaryimage\",\"url\":\"https:\\\/\\\/diariotextual.com\\\/inicio\\\/wp-content\\\/uploads\\\/2026\\\/03\\\/dubaivarados2026-1.jpg\",\"contentUrl\":\"https:\\\/\\\/diariotextual.com\\\/inicio\\\/wp-content\\\/uploads\\\/2026\\\/03\\\/dubaivarados2026-1.jpg\",\"width\":762,\"height\":483},{\"@type\":\"BreadcrumbList\",\"@id\":\"https:\\\/\\\/diariotextual.com\\\/inicio\\\/index.php\\\/2026\\\/03\\\/03\\\/seis-pampeanos-estan-varados-en-dubai-por-la-guerra-en-medio-oriente-pasamos-mucha-angustia\\\/#breadcrumb\",\"itemListElement\":[{\"@type\":\"ListItem\",\"position\":1,\"name\":\"Portada\",\"item\":\"https:\\\/\\\/diariotextual.com\\\/inicio\\\/\"},{\"@type\":\"ListItem\",\"position\":2,\"name\":\"Seis pampeanos est\u00e1n varados en Dub\u00e1i por la guerra en Medio Oriente: \u201cPasamos mucha angustia\u201d\"}]},{\"@type\":\"WebSite\",\"@id\":\"https:\\\/\\\/diariotextual.com\\\/inicio\\\/#website\",\"url\":\"https:\\\/\\\/diariotextual.com\\\/inicio\\\/\",\"name\":\"Diario Textual\",\"description\":\"\",\"publisher\":{\"@id\":\"https:\\\/\\\/diariotextual.com\\\/inicio\\\/#organization\"},\"potentialAction\":[{\"@type\":\"SearchAction\",\"target\":{\"@type\":\"EntryPoint\",\"urlTemplate\":\"https:\\\/\\\/diariotextual.com\\\/inicio\\\/?s={search_term_string}\"},\"query-input\":{\"@type\":\"PropertyValueSpecification\",\"valueRequired\":true,\"valueName\":\"search_term_string\"}}],\"inLanguage\":\"es\"},{\"@type\":\"Organization\",\"@id\":\"https:\\\/\\\/diariotextual.com\\\/inicio\\\/#organization\",\"name\":\"Diario Textual\",\"url\":\"https:\\\/\\\/diariotextual.com\\\/inicio\\\/\",\"logo\":{\"@type\":\"ImageObject\",\"inLanguage\":\"es\",\"@id\":\"https:\\\/\\\/diariotextual.com\\\/inicio\\\/#\\\/schema\\\/logo\\\/image\\\/\",\"url\":\"https:\\\/\\\/diariotextual.com\\\/inicio\\\/wp-content\\\/uploads\\\/2023\\\/05\\\/logotextual1.jpg\",\"contentUrl\":\"https:\\\/\\\/diariotextual.com\\\/inicio\\\/wp-content\\\/uploads\\\/2023\\\/05\\\/logotextual1.jpg\",\"width\":516,\"height\":76,\"caption\":\"Diario Textual\"},\"image\":{\"@id\":\"https:\\\/\\\/diariotextual.com\\\/inicio\\\/#\\\/schema\\\/logo\\\/image\\\/\"},\"sameAs\":[\"https:\\\/\\\/www.facebook.com\\\/eltextual\",\"https:\\\/\\\/x.com\\\/eltextual\",\"http:\\\/\\\/www.instagram.com\\\/eltextual\"]},{\"@type\":\"Person\",\"@id\":\"https:\\\/\\\/diariotextual.com\\\/inicio\\\/#\\\/schema\\\/person\\\/418fc4093c33e86ed41562db3508f958\",\"name\":\"Diario1 Diario1\",\"image\":{\"@type\":\"ImageObject\",\"inLanguage\":\"es\",\"@id\":\"https:\\\/\\\/secure.gravatar.com\\\/avatar\\\/9167d280179c85bc18be67aa7eda765854300033af4896dd779b608640f2ef7a?s=96&d=mm&r=g\",\"url\":\"https:\\\/\\\/secure.gravatar.com\\\/avatar\\\/9167d280179c85bc18be67aa7eda765854300033af4896dd779b608640f2ef7a?s=96&d=mm&r=g\",\"contentUrl\":\"https:\\\/\\\/secure.gravatar.com\\\/avatar\\\/9167d280179c85bc18be67aa7eda765854300033af4896dd779b608640f2ef7a?s=96&d=mm&r=g\",\"caption\":\"Diario1 Diario1\"},\"url\":\"https:\\\/\\\/diariotextual.com\\\/inicio\\\/index.php\\\/author\\\/diario1\\\/\"}]}<\/script>\n<!-- \/ Yoast SEO plugin. -->","yoast_head_json":{"title":"Seis pampeanos est\u00e1n varados en Dub\u00e1i por la guerra en Medio Oriente: \u201cPasamos mucha angustia\u201d - Diario Textual","robots":{"index":"index","follow":"follow","max-snippet":"max-snippet:-1","max-image-preview":"max-image-preview:large","max-video-preview":"max-video-preview:-1"},"canonical":"https:\/\/diariotextual.com\/inicio\/index.php\/2026\/03\/03\/seis-pampeanos-estan-varados-en-dubai-por-la-guerra-en-medio-oriente-pasamos-mucha-angustia\/","og_locale":"es_ES","og_type":"article","og_title":"Seis pampeanos est\u00e1n varados en Dub\u00e1i por la guerra en Medio Oriente: \u201cPasamos mucha angustia\u201d - Diario Textual","og_description":"Viviana Arias es una santarrose\u00f1a que fue de vacaciones a la ciudad de Dub\u00e1i junto a un contingente argentino y qued\u00f3 varada a ra\u00edz de la guerra en Medio Oriente.&hellip;","og_url":"https:\/\/diariotextual.com\/inicio\/index.php\/2026\/03\/03\/seis-pampeanos-estan-varados-en-dubai-por-la-guerra-en-medio-oriente-pasamos-mucha-angustia\/","og_site_name":"Diario Textual","article_publisher":"https:\/\/www.facebook.com\/eltextual","article_published_time":"2026-03-03T14:27:39+00:00","article_modified_time":"2026-03-07T22:09:56+00:00","og_image":[{"width":762,"height":483,"url":"https:\/\/diariotextual.com\/inicio\/wp-content\/uploads\/2026\/03\/dubaivarados2026-1.jpg","type":"image\/jpeg"}],"author":"Diario1 Diario1","twitter_card":"summary_large_image","twitter_creator":"@eltextual","twitter_site":"@eltextual","twitter_misc":{"Escrito por":"Diario1 Diario1","Tiempo de lectura":"3 minutos"},"schema":{"@context":"https:\/\/schema.org","@graph":[{"@type":"Article","@id":"https:\/\/diariotextual.com\/inicio\/index.php\/2026\/03\/03\/seis-pampeanos-estan-varados-en-dubai-por-la-guerra-en-medio-oriente-pasamos-mucha-angustia\/#article","isPartOf":{"@id":"https:\/\/diariotextual.com\/inicio\/index.php\/2026\/03\/03\/seis-pampeanos-estan-varados-en-dubai-por-la-guerra-en-medio-oriente-pasamos-mucha-angustia\/"},"author":{"name":"Diario1 Diario1","@id":"https:\/\/diariotextual.com\/inicio\/#\/schema\/person\/418fc4093c33e86ed41562db3508f958"},"headline":"Seis pampeanos est\u00e1n varados en Dub\u00e1i por la guerra en Medio Oriente: \u201cPasamos mucha angustia\u201d","datePublished":"2026-03-03T14:27:39+00:00","dateModified":"2026-03-07T22:09:56+00:00","mainEntityOfPage":{"@id":"https:\/\/diariotextual.com\/inicio\/index.php\/2026\/03\/03\/seis-pampeanos-estan-varados-en-dubai-por-la-guerra-en-medio-oriente-pasamos-mucha-angustia\/"},"wordCount":612,"publisher":{"@id":"https:\/\/diariotextual.com\/inicio\/#organization"},"image":{"@id":"https:\/\/diariotextual.com\/inicio\/index.php\/2026\/03\/03\/seis-pampeanos-estan-varados-en-dubai-por-la-guerra-en-medio-oriente-pasamos-mucha-angustia\/#primaryimage"},"thumbnailUrl":"https:\/\/diariotextual.com\/inicio\/wp-content\/uploads\/2026\/03\/dubaivarados2026-1.jpg","articleSection":["A - PORTADA2","SOCIEDAD"],"inLanguage":"es"},{"@type":"WebPage","@id":"https:\/\/diariotextual.com\/inicio\/index.php\/2026\/03\/03\/seis-pampeanos-estan-varados-en-dubai-por-la-guerra-en-medio-oriente-pasamos-mucha-angustia\/","url":"https:\/\/diariotextual.com\/inicio\/index.php\/2026\/03\/03\/seis-pampeanos-estan-varados-en-dubai-por-la-guerra-en-medio-oriente-pasamos-mucha-angustia\/","name":"Seis pampeanos est\u00e1n varados en Dub\u00e1i por la guerra en Medio Oriente: \u201cPasamos mucha angustia\u201d - Diario Textual","isPartOf":{"@id":"https:\/\/diariotextual.com\/inicio\/#website"},"primaryImageOfPage":{"@id":"https:\/\/diariotextual.com\/inicio\/index.php\/2026\/03\/03\/seis-pampeanos-estan-varados-en-dubai-por-la-guerra-en-medio-oriente-pasamos-mucha-angustia\/#primaryimage"},"image":{"@id":"https:\/\/diariotextual.com\/inicio\/index.php\/2026\/03\/03\/seis-pampeanos-estan-varados-en-dubai-por-la-guerra-en-medio-oriente-pasamos-mucha-angustia\/#primaryimage"},"thumbnailUrl":"https:\/\/diariotextual.com\/inicio\/wp-content\/uploads\/2026\/03\/dubaivarados2026-1.jpg","datePublished":"2026-03-03T14:27:39+00:00","dateModified":"2026-03-07T22:09:56+00:00","breadcrumb":{"@id":"https:\/\/diariotextual.com\/inicio\/index.php\/2026\/03\/03\/seis-pampeanos-estan-varados-en-dubai-por-la-guerra-en-medio-oriente-pasamos-mucha-angustia\/#breadcrumb"},"inLanguage":"es","potentialAction":[{"@type":"ReadAction","target":["https:\/\/diariotextual.com\/inicio\/index.php\/2026\/03\/03\/seis-pampeanos-estan-varados-en-dubai-por-la-guerra-en-medio-oriente-pasamos-mucha-angustia\/"]}]},{"@type":"ImageObject","inLanguage":"es","@id":"https:\/\/diariotextual.com\/inicio\/index.php\/2026\/03\/03\/seis-pampeanos-estan-varados-en-dubai-por-la-guerra-en-medio-oriente-pasamos-mucha-angustia\/#primaryimage","url":"https:\/\/diariotextual.com\/inicio\/wp-content\/uploads\/2026\/03\/dubaivarados2026-1.jpg","contentUrl":"https:\/\/diariotextual.com\/inicio\/wp-content\/uploads\/2026\/03\/dubaivarados2026-1.jpg","width":762,"height":483},{"@type":"BreadcrumbList","@id":"https:\/\/diariotextual.com\/inicio\/index.php\/2026\/03\/03\/seis-pampeanos-estan-varados-en-dubai-por-la-guerra-en-medio-oriente-pasamos-mucha-angustia\/#breadcrumb","itemListElement":[{"@type":"ListItem","position":1,"name":"Portada","item":"https:\/\/diariotextual.com\/inicio\/"},{"@type":"ListItem","position":2,"name":"Seis pampeanos est\u00e1n varados en Dub\u00e1i por la guerra en Medio Oriente: \u201cPasamos mucha angustia\u201d"}]},{"@type":"WebSite","@id":"https:\/\/diariotextual.com\/inicio\/#website","url":"https:\/\/diariotextual.com\/inicio\/","name":"Diario Textual","description":"","publisher":{"@id":"https:\/\/diariotextual.com\/inicio\/#organization"},"potentialAction":[{"@type":"SearchAction","target":{"@type":"EntryPoint","urlTemplate":"https:\/\/diariotextual.com\/inicio\/?s={search_term_string}"},"query-input":{"@type":"PropertyValueSpecification","valueRequired":true,"valueName":"search_term_string"}}],"inLanguage":"es"},{"@type":"Organization","@id":"https:\/\/diariotextual.com\/inicio\/#organization","name":"Diario Textual","url":"https:\/\/diariotextual.com\/inicio\/","logo":{"@type":"ImageObject","inLanguage":"es","@id":"https:\/\/diariotextual.com\/inicio\/#\/schema\/logo\/image\/","url":"https:\/\/diariotextual.com\/inicio\/wp-content\/uploads\/2023\/05\/logotextual1.jpg","contentUrl":"https:\/\/diariotextual.com\/inicio\/wp-content\/uploads\/2023\/05\/logotextual1.jpg","width":516,"height":76,"caption":"Diario Textual"},"image":{"@id":"https:\/\/diariotextual.com\/inicio\/#\/schema\/logo\/image\/"},"sameAs":["https:\/\/www.facebook.com\/eltextual","https:\/\/x.com\/eltextual","http:\/\/www.instagram.com\/eltextual"]},{"@type":"Person","@id":"https:\/\/diariotextual.com\/inicio\/#\/schema\/person\/418fc4093c33e86ed41562db3508f958","name":"Diario1 Diario1","image":{"@type":"ImageObject","inLanguage":"es","@id":"https:\/\/secure.gravatar.com\/avatar\/9167d280179c85bc18be67aa7eda765854300033af4896dd779b608640f2ef7a?s=96&d=mm&r=g","url":"https:\/\/secure.gravatar.com\/avatar\/9167d280179c85bc18be67aa7eda765854300033af4896dd779b608640f2ef7a?s=96&d=mm&r=g","contentUrl":"https:\/\/secure.gravatar.com\/avatar\/9167d280179c85bc18be67aa7eda765854300033af4896dd779b608640f2ef7a?s=96&d=mm&r=g","caption":"Diario1 Diario1"},"url":"https:\/\/diariotextual.com\/inicio\/index.php\/author\/diario1\/"}]}},"_links":{"self":[{"href":"https:\/\/diariotextual.com\/inicio\/index.php\/wp-json\/wp\/v2\/posts\/321263","targetHints":{"allow":["GET"]}}],"collection":[{"href":"https:\/\/diariotextual.com\/inicio\/index.php\/wp-json\/wp\/v2\/posts"}],"about":[{"href":"https:\/\/diariotextual.com\/inicio\/index.php\/wp-json\/wp\/v2\/types\/post"}],"author":[{"embeddable":true,"href":"https:\/\/diariotextual.com\/inicio\/index.php\/wp-json\/wp\/v2\/users\/3"}],"replies":[{"embeddable":true,"href":"https:\/\/diariotextual.com\/inicio\/index.php\/wp-json\/wp\/v2\/comments?post=321263"}],"version-history":[{"count":8,"href":"https:\/\/diariotextual.com\/inicio\/index.php\/wp-json\/wp\/v2\/posts\/321263\/revisions"}],"predecessor-version":[{"id":321624,"href":"https:\/\/diariotextual.com\/inicio\/index.php\/wp-json\/wp\/v2\/posts\/321263\/revisions\/321624"}],"wp:featuredmedia":[{"embeddable":true,"href":"https:\/\/diariotextual.com\/inicio\/index.php\/wp-json\/wp\/v2\/media\/321272"}],"wp:attachment":[{"href":"https:\/\/diariotextual.com\/inicio\/index.php\/wp-json\/wp\/v2\/media?parent=321263"}],"wp:term":[{"taxonomy":"category","embeddable":true,"href":"https:\/\/diariotextual.com\/inicio\/index.php\/wp-json\/wp\/v2\/categories?post=321263"},{"taxonomy":"post_tag","embeddable":true,"href":"https:\/\/diariotextual.com\/inicio\/index.php\/wp-json\/wp\/v2\/tags?post=321263"}],"curies":[{"name":"wp","href":"https:\/\/api.w.org\/{rel}","templated":true}]}}