{"id":321286,"date":"2026-03-04T11:21:00","date_gmt":"2026-03-04T14:21:00","guid":{"rendered":"https:\/\/diariotextual.com\/inicio\/?p=321286"},"modified":"2026-03-04T19:51:58","modified_gmt":"2026-03-04T22:51:58","slug":"la-municipalidad-de-santa-rosa-hace-otro-operativo-para-retirar-postes-y-cables-de-clarin","status":"publish","type":"post","link":"https:\/\/diariotextual.com\/inicio\/index.php\/2026\/03\/04\/la-municipalidad-de-santa-rosa-hace-otro-operativo-para-retirar-postes-y-cables-de-clarin\/","title":{"rendered":"La municipalidad de Santa Rosa retir\u00f3 m\u00e1s postes y cables de Clar\u00edn"},"content":{"rendered":"\n<p>La <strong>municipalidad de Santa Rosa<\/strong> retir\u00f3 este mi\u00e9rcoles m\u00e1s <strong>postes y cables de fibra \u00f3ptica<\/strong> que el <strong>Grupo Clar\u00edn<\/strong> ha instalado sin habilitaci\u00f3n en diferentes barrios de la ciudad.<\/p>\n\n\n\n<figure class=\"wp-block-image size-large is-resized\"><img fetchpriority=\"high\" decoding=\"async\" width=\"866\" height=\"1024\" src=\"https:\/\/diariotextual.com\/inicio\/wp-content\/uploads\/2026\/03\/clarinmovistartelefonicaredfibraopticasantarosapostessecuestrosretiropostes2026-78-866x1024.jpg\" alt=\"\" class=\"wp-image-321371\" style=\"width:603px;height:auto\" srcset=\"https:\/\/diariotextual.com\/inicio\/wp-content\/uploads\/2026\/03\/clarinmovistartelefonicaredfibraopticasantarosapostessecuestrosretiropostes2026-78-866x1024.jpg 866w, https:\/\/diariotextual.com\/inicio\/wp-content\/uploads\/2026\/03\/clarinmovistartelefonicaredfibraopticasantarosapostessecuestrosretiropostes2026-78-254x300.jpg 254w, https:\/\/diariotextual.com\/inicio\/wp-content\/uploads\/2026\/03\/clarinmovistartelefonicaredfibraopticasantarosapostessecuestrosretiropostes2026-78-768x908.jpg 768w, https:\/\/diariotextual.com\/inicio\/wp-content\/uploads\/2026\/03\/clarinmovistartelefonicaredfibraopticasantarosapostessecuestrosretiropostes2026-78-585x692.jpg 585w, https:\/\/diariotextual.com\/inicio\/wp-content\/uploads\/2026\/03\/clarinmovistartelefonicaredfibraopticasantarosapostessecuestrosretiropostes2026-78.jpg 960w\" sizes=\"(max-width: 866px) 100vw, 866px\" \/><\/figure>\n\n\n\n<p>Clar\u00edn est\u00e1 avanzando con obras tanto en zonas habilitadas como en sectores no autorizados. La <strong>intendencia<\/strong> solo est\u00e1 retirando los colocados ilegalmente.<\/p>\n\n\n\n<p>Los retiros de postes se efectuaron en cinco puntos cr\u00edticos:<\/p>\n\n\n\n<ul class=\"wp-block-list\">\n<li><strong>Barrio Villa Germinal \/ Zona Norte<\/strong>: Santiago del Estero, entre R\u00edo de La Plata y Paran\u00e1.<\/li>\n\n\n\n<li><strong>Zona centro-norte<\/strong>: Buenos Aires, entre Ant\u00e1rtida Argentina y Jujuy.<\/li>\n\n\n\n<li><strong>Barrio Recreo<\/strong>: Suipacha, entre Piedras y Reconquista.<\/li>\n\n\n\n<li><strong>Eje R\u00edo Negro<\/strong>: se intervendr\u00e1 en dos tramos, entre Jujuy y Salta, y entre Santiago del Estero y La Rioja.<\/li>\n<\/ul>\n\n\n\n<p>Las tareas de <strong>retiro de postes<\/strong> comenzaron el 17 de diciembre, luego de que la empresa desoyera los reiterados pedidos de la intendencia para que retirara las redes colocadas sin autorizaci\u00f3n. Hasta el momento, el municipio ya retir\u00f3 entre <strong>50 y 60 postes<\/strong>.<\/p>\n\n\n\n<p>En septiembre de 2025, el multimedios inici\u00f3 una inversi\u00f3n para ampliar su red en Santa Rosa y proyect\u00f3 extenderla a <strong>General Pico<\/strong> y <strong>Toay<\/strong>. En la capital pampeana, solicit\u00f3 autorizaci\u00f3n para sumar <strong>112 kil\u00f3metros de fibra \u00f3ptica<\/strong>, instalar <strong>2.704 postes<\/strong> y expandirse a <strong>2.293 manzanas<\/strong>.<\/p>\n\n\n\n<p>Las iniciativas fueron enviadas al <strong>Concejo Deliberante<\/strong>, que rechaz\u00f3 y archiv\u00f3 el pedido. Pese a esa decisi\u00f3n, el Grupo Clar\u00edn continu\u00f3 con su plan, desoy\u00f3 advertencias y multas municipales, y el conflicto escal\u00f3.<\/p>\n\n\n\n<p>El intendente <strong>Luciano di N\u00e1poli<\/strong> ya hab\u00eda advertido que, si la empresa no retiraba las instalaciones irregulares, el municipio bajar\u00eda todos los postes y cables colocados ilegalmente, con los gastos a cargo de Clar\u00edn, medida que finalmente se concret\u00f3.<\/p>\n\n\n\n<p><\/p>\n","protected":false},"excerpt":{"rendered":"<p>La municipalidad de Santa Rosa retir\u00f3 este mi\u00e9rcoles m\u00e1s postes y cables de fibra \u00f3ptica que el Grupo Clar\u00edn ha instalado sin habilitaci\u00f3n en diferentes barrios de la ciudad. Clar\u00edn&hellip;<\/p>\n","protected":false},"author":3,"featured_media":321370,"comment_status":"closed","ping_status":"open","sticky":false,"template":"","format":"standard","meta":{"_acf_changed":false,"footnotes":""},"categories":[1,12],"tags":[],"class_list":["post-321286","post","type-post","status-publish","format-standard","has-post-thumbnail","hentry","category-es-noticia","category-sociedad"],"acf":[],"yoast_head":"<!-- This site is optimized with the Yoast SEO plugin v27.5 - https:\/\/yoast.com\/product\/yoast-seo-wordpress\/ -->\n<title>La municipalidad de Santa Rosa retir\u00f3 m\u00e1s postes y cables de Clar\u00edn - Diario Textual<\/title>\n<meta name=\"robots\" content=\"index, follow, max-snippet:-1, max-image-preview:large, max-video-preview:-1\" \/>\n<link rel=\"canonical\" href=\"https:\/\/diariotextual.com\/inicio\/index.php\/2026\/03\/04\/la-municipalidad-de-santa-rosa-hace-otro-operativo-para-retirar-postes-y-cables-de-clarin\/\" \/>\n<meta property=\"og:locale\" content=\"es_ES\" \/>\n<meta property=\"og:type\" content=\"article\" \/>\n<meta property=\"og:title\" content=\"La municipalidad de Santa Rosa retir\u00f3 m\u00e1s postes y cables de Clar\u00edn - Diario Textual\" \/>\n<meta property=\"og:description\" content=\"La municipalidad de Santa Rosa retir\u00f3 este mi\u00e9rcoles m\u00e1s postes y cables de fibra \u00f3ptica que el Grupo Clar\u00edn ha instalado sin habilitaci\u00f3n en diferentes barrios de la ciudad. Clar\u00edn&hellip;\" \/>\n<meta property=\"og:url\" content=\"https:\/\/diariotextual.com\/inicio\/index.php\/2026\/03\/04\/la-municipalidad-de-santa-rosa-hace-otro-operativo-para-retirar-postes-y-cables-de-clarin\/\" \/>\n<meta property=\"og:site_name\" content=\"Diario Textual\" \/>\n<meta property=\"article:publisher\" content=\"https:\/\/www.facebook.com\/eltextual\" \/>\n<meta property=\"article:published_time\" content=\"2026-03-04T14:21:00+00:00\" \/>\n<meta property=\"article:modified_time\" content=\"2026-03-04T22:51:58+00:00\" \/>\n<meta property=\"og:image\" content=\"https:\/\/diariotextual.com\/inicio\/wp-content\/uploads\/2026\/03\/clarinpostesremocionmunicipalidad2026-70.jpg\" \/>\n\t<meta property=\"og:image:width\" content=\"1200\" \/>\n\t<meta property=\"og:image:height\" content=\"900\" \/>\n\t<meta property=\"og:image:type\" content=\"image\/jpeg\" \/>\n<meta name=\"author\" content=\"Diario1 Diario1\" \/>\n<meta name=\"twitter:card\" content=\"summary_large_image\" \/>\n<meta name=\"twitter:creator\" content=\"@eltextual\" \/>\n<meta name=\"twitter:site\" content=\"@eltextual\" \/>\n<meta name=\"twitter:label1\" content=\"Escrito por\" \/>\n\t<meta name=\"twitter:data1\" content=\"Diario1 Diario1\" \/>\n\t<meta name=\"twitter:label2\" content=\"Tiempo de lectura\" \/>\n\t<meta name=\"twitter:data2\" content=\"2 minutos\" \/>\n<script type=\"application\/ld+json\" class=\"yoast-schema-graph\">{\"@context\":\"https:\\\/\\\/schema.org\",\"@graph\":[{\"@type\":\"Article\",\"@id\":\"https:\\\/\\\/diariotextual.com\\\/inicio\\\/index.php\\\/2026\\\/03\\\/04\\\/la-municipalidad-de-santa-rosa-hace-otro-operativo-para-retirar-postes-y-cables-de-clarin\\\/#article\",\"isPartOf\":{\"@id\":\"https:\\\/\\\/diariotextual.com\\\/inicio\\\/index.php\\\/2026\\\/03\\\/04\\\/la-municipalidad-de-santa-rosa-hace-otro-operativo-para-retirar-postes-y-cables-de-clarin\\\/\"},\"author\":{\"name\":\"Diario1 Diario1\",\"@id\":\"https:\\\/\\\/diariotextual.com\\\/inicio\\\/#\\\/schema\\\/person\\\/418fc4093c33e86ed41562db3508f958\"},\"headline\":\"La municipalidad de Santa Rosa retir\u00f3 m\u00e1s postes y cables de Clar\u00edn\",\"datePublished\":\"2026-03-04T14:21:00+00:00\",\"dateModified\":\"2026-03-04T22:51:58+00:00\",\"mainEntityOfPage\":{\"@id\":\"https:\\\/\\\/diariotextual.com\\\/inicio\\\/index.php\\\/2026\\\/03\\\/04\\\/la-municipalidad-de-santa-rosa-hace-otro-operativo-para-retirar-postes-y-cables-de-clarin\\\/\"},\"wordCount\":298,\"publisher\":{\"@id\":\"https:\\\/\\\/diariotextual.com\\\/inicio\\\/#organization\"},\"image\":{\"@id\":\"https:\\\/\\\/diariotextual.com\\\/inicio\\\/index.php\\\/2026\\\/03\\\/04\\\/la-municipalidad-de-santa-rosa-hace-otro-operativo-para-retirar-postes-y-cables-de-clarin\\\/#primaryimage\"},\"thumbnailUrl\":\"https:\\\/\\\/diariotextual.com\\\/inicio\\\/wp-content\\\/uploads\\\/2026\\\/03\\\/clarinpostesremocionmunicipalidad2026-70.jpg\",\"articleSection\":[\"A - ES NOTICIA (van abajo)\",\"SOCIEDAD\"],\"inLanguage\":\"es\"},{\"@type\":\"WebPage\",\"@id\":\"https:\\\/\\\/diariotextual.com\\\/inicio\\\/index.php\\\/2026\\\/03\\\/04\\\/la-municipalidad-de-santa-rosa-hace-otro-operativo-para-retirar-postes-y-cables-de-clarin\\\/\",\"url\":\"https:\\\/\\\/diariotextual.com\\\/inicio\\\/index.php\\\/2026\\\/03\\\/04\\\/la-municipalidad-de-santa-rosa-hace-otro-operativo-para-retirar-postes-y-cables-de-clarin\\\/\",\"name\":\"La municipalidad de Santa Rosa retir\u00f3 m\u00e1s postes y cables de Clar\u00edn - Diario Textual\",\"isPartOf\":{\"@id\":\"https:\\\/\\\/diariotextual.com\\\/inicio\\\/#website\"},\"primaryImageOfPage\":{\"@id\":\"https:\\\/\\\/diariotextual.com\\\/inicio\\\/index.php\\\/2026\\\/03\\\/04\\\/la-municipalidad-de-santa-rosa-hace-otro-operativo-para-retirar-postes-y-cables-de-clarin\\\/#primaryimage\"},\"image\":{\"@id\":\"https:\\\/\\\/diariotextual.com\\\/inicio\\\/index.php\\\/2026\\\/03\\\/04\\\/la-municipalidad-de-santa-rosa-hace-otro-operativo-para-retirar-postes-y-cables-de-clarin\\\/#primaryimage\"},\"thumbnailUrl\":\"https:\\\/\\\/diariotextual.com\\\/inicio\\\/wp-content\\\/uploads\\\/2026\\\/03\\\/clarinpostesremocionmunicipalidad2026-70.jpg\",\"datePublished\":\"2026-03-04T14:21:00+00:00\",\"dateModified\":\"2026-03-04T22:51:58+00:00\",\"breadcrumb\":{\"@id\":\"https:\\\/\\\/diariotextual.com\\\/inicio\\\/index.php\\\/2026\\\/03\\\/04\\\/la-municipalidad-de-santa-rosa-hace-otro-operativo-para-retirar-postes-y-cables-de-clarin\\\/#breadcrumb\"},\"inLanguage\":\"es\",\"potentialAction\":[{\"@type\":\"ReadAction\",\"target\":[\"https:\\\/\\\/diariotextual.com\\\/inicio\\\/index.php\\\/2026\\\/03\\\/04\\\/la-municipalidad-de-santa-rosa-hace-otro-operativo-para-retirar-postes-y-cables-de-clarin\\\/\"]}]},{\"@type\":\"ImageObject\",\"inLanguage\":\"es\",\"@id\":\"https:\\\/\\\/diariotextual.com\\\/inicio\\\/index.php\\\/2026\\\/03\\\/04\\\/la-municipalidad-de-santa-rosa-hace-otro-operativo-para-retirar-postes-y-cables-de-clarin\\\/#primaryimage\",\"url\":\"https:\\\/\\\/diariotextual.com\\\/inicio\\\/wp-content\\\/uploads\\\/2026\\\/03\\\/clarinpostesremocionmunicipalidad2026-70.jpg\",\"contentUrl\":\"https:\\\/\\\/diariotextual.com\\\/inicio\\\/wp-content\\\/uploads\\\/2026\\\/03\\\/clarinpostesremocionmunicipalidad2026-70.jpg\",\"width\":1200,\"height\":900},{\"@type\":\"BreadcrumbList\",\"@id\":\"https:\\\/\\\/diariotextual.com\\\/inicio\\\/index.php\\\/2026\\\/03\\\/04\\\/la-municipalidad-de-santa-rosa-hace-otro-operativo-para-retirar-postes-y-cables-de-clarin\\\/#breadcrumb\",\"itemListElement\":[{\"@type\":\"ListItem\",\"position\":1,\"name\":\"Portada\",\"item\":\"https:\\\/\\\/diariotextual.com\\\/inicio\\\/\"},{\"@type\":\"ListItem\",\"position\":2,\"name\":\"La municipalidad de Santa Rosa retir\u00f3 m\u00e1s postes y cables de Clar\u00edn\"}]},{\"@type\":\"WebSite\",\"@id\":\"https:\\\/\\\/diariotextual.com\\\/inicio\\\/#website\",\"url\":\"https:\\\/\\\/diariotextual.com\\\/inicio\\\/\",\"name\":\"Diario Textual\",\"description\":\"\",\"publisher\":{\"@id\":\"https:\\\/\\\/diariotextual.com\\\/inicio\\\/#organization\"},\"potentialAction\":[{\"@type\":\"SearchAction\",\"target\":{\"@type\":\"EntryPoint\",\"urlTemplate\":\"https:\\\/\\\/diariotextual.com\\\/inicio\\\/?s={search_term_string}\"},\"query-input\":{\"@type\":\"PropertyValueSpecification\",\"valueRequired\":true,\"valueName\":\"search_term_string\"}}],\"inLanguage\":\"es\"},{\"@type\":\"Organization\",\"@id\":\"https:\\\/\\\/diariotextual.com\\\/inicio\\\/#organization\",\"name\":\"Diario Textual\",\"url\":\"https:\\\/\\\/diariotextual.com\\\/inicio\\\/\",\"logo\":{\"@type\":\"ImageObject\",\"inLanguage\":\"es\",\"@id\":\"https:\\\/\\\/diariotextual.com\\\/inicio\\\/#\\\/schema\\\/logo\\\/image\\\/\",\"url\":\"https:\\\/\\\/diariotextual.com\\\/inicio\\\/wp-content\\\/uploads\\\/2023\\\/05\\\/logotextual1.jpg\",\"contentUrl\":\"https:\\\/\\\/diariotextual.com\\\/inicio\\\/wp-content\\\/uploads\\\/2023\\\/05\\\/logotextual1.jpg\",\"width\":516,\"height\":76,\"caption\":\"Diario Textual\"},\"image\":{\"@id\":\"https:\\\/\\\/diariotextual.com\\\/inicio\\\/#\\\/schema\\\/logo\\\/image\\\/\"},\"sameAs\":[\"https:\\\/\\\/www.facebook.com\\\/eltextual\",\"https:\\\/\\\/x.com\\\/eltextual\",\"http:\\\/\\\/www.instagram.com\\\/eltextual\"]},{\"@type\":\"Person\",\"@id\":\"https:\\\/\\\/diariotextual.com\\\/inicio\\\/#\\\/schema\\\/person\\\/418fc4093c33e86ed41562db3508f958\",\"name\":\"Diario1 Diario1\",\"image\":{\"@type\":\"ImageObject\",\"inLanguage\":\"es\",\"@id\":\"https:\\\/\\\/secure.gravatar.com\\\/avatar\\\/9167d280179c85bc18be67aa7eda765854300033af4896dd779b608640f2ef7a?s=96&d=mm&r=g\",\"url\":\"https:\\\/\\\/secure.gravatar.com\\\/avatar\\\/9167d280179c85bc18be67aa7eda765854300033af4896dd779b608640f2ef7a?s=96&d=mm&r=g\",\"contentUrl\":\"https:\\\/\\\/secure.gravatar.com\\\/avatar\\\/9167d280179c85bc18be67aa7eda765854300033af4896dd779b608640f2ef7a?s=96&d=mm&r=g\",\"caption\":\"Diario1 Diario1\"},\"url\":\"https:\\\/\\\/diariotextual.com\\\/inicio\\\/index.php\\\/author\\\/diario1\\\/\"}]}<\/script>\n<!-- \/ Yoast SEO plugin. -->","yoast_head_json":{"title":"La municipalidad de Santa Rosa retir\u00f3 m\u00e1s postes y cables de Clar\u00edn - Diario Textual","robots":{"index":"index","follow":"follow","max-snippet":"max-snippet:-1","max-image-preview":"max-image-preview:large","max-video-preview":"max-video-preview:-1"},"canonical":"https:\/\/diariotextual.com\/inicio\/index.php\/2026\/03\/04\/la-municipalidad-de-santa-rosa-hace-otro-operativo-para-retirar-postes-y-cables-de-clarin\/","og_locale":"es_ES","og_type":"article","og_title":"La municipalidad de Santa Rosa retir\u00f3 m\u00e1s postes y cables de Clar\u00edn - Diario Textual","og_description":"La municipalidad de Santa Rosa retir\u00f3 este mi\u00e9rcoles m\u00e1s postes y cables de fibra \u00f3ptica que el Grupo Clar\u00edn ha instalado sin habilitaci\u00f3n en diferentes barrios de la ciudad. Clar\u00edn&hellip;","og_url":"https:\/\/diariotextual.com\/inicio\/index.php\/2026\/03\/04\/la-municipalidad-de-santa-rosa-hace-otro-operativo-para-retirar-postes-y-cables-de-clarin\/","og_site_name":"Diario Textual","article_publisher":"https:\/\/www.facebook.com\/eltextual","article_published_time":"2026-03-04T14:21:00+00:00","article_modified_time":"2026-03-04T22:51:58+00:00","og_image":[{"width":1200,"height":900,"url":"https:\/\/diariotextual.com\/inicio\/wp-content\/uploads\/2026\/03\/clarinpostesremocionmunicipalidad2026-70.jpg","type":"image\/jpeg"}],"author":"Diario1 Diario1","twitter_card":"summary_large_image","twitter_creator":"@eltextual","twitter_site":"@eltextual","twitter_misc":{"Escrito por":"Diario1 Diario1","Tiempo de lectura":"2 minutos"},"schema":{"@context":"https:\/\/schema.org","@graph":[{"@type":"Article","@id":"https:\/\/diariotextual.com\/inicio\/index.php\/2026\/03\/04\/la-municipalidad-de-santa-rosa-hace-otro-operativo-para-retirar-postes-y-cables-de-clarin\/#article","isPartOf":{"@id":"https:\/\/diariotextual.com\/inicio\/index.php\/2026\/03\/04\/la-municipalidad-de-santa-rosa-hace-otro-operativo-para-retirar-postes-y-cables-de-clarin\/"},"author":{"name":"Diario1 Diario1","@id":"https:\/\/diariotextual.com\/inicio\/#\/schema\/person\/418fc4093c33e86ed41562db3508f958"},"headline":"La municipalidad de Santa Rosa retir\u00f3 m\u00e1s postes y cables de Clar\u00edn","datePublished":"2026-03-04T14:21:00+00:00","dateModified":"2026-03-04T22:51:58+00:00","mainEntityOfPage":{"@id":"https:\/\/diariotextual.com\/inicio\/index.php\/2026\/03\/04\/la-municipalidad-de-santa-rosa-hace-otro-operativo-para-retirar-postes-y-cables-de-clarin\/"},"wordCount":298,"publisher":{"@id":"https:\/\/diariotextual.com\/inicio\/#organization"},"image":{"@id":"https:\/\/diariotextual.com\/inicio\/index.php\/2026\/03\/04\/la-municipalidad-de-santa-rosa-hace-otro-operativo-para-retirar-postes-y-cables-de-clarin\/#primaryimage"},"thumbnailUrl":"https:\/\/diariotextual.com\/inicio\/wp-content\/uploads\/2026\/03\/clarinpostesremocionmunicipalidad2026-70.jpg","articleSection":["A - ES NOTICIA (van abajo)","SOCIEDAD"],"inLanguage":"es"},{"@type":"WebPage","@id":"https:\/\/diariotextual.com\/inicio\/index.php\/2026\/03\/04\/la-municipalidad-de-santa-rosa-hace-otro-operativo-para-retirar-postes-y-cables-de-clarin\/","url":"https:\/\/diariotextual.com\/inicio\/index.php\/2026\/03\/04\/la-municipalidad-de-santa-rosa-hace-otro-operativo-para-retirar-postes-y-cables-de-clarin\/","name":"La municipalidad de Santa Rosa retir\u00f3 m\u00e1s postes y cables de Clar\u00edn - Diario Textual","isPartOf":{"@id":"https:\/\/diariotextual.com\/inicio\/#website"},"primaryImageOfPage":{"@id":"https:\/\/diariotextual.com\/inicio\/index.php\/2026\/03\/04\/la-municipalidad-de-santa-rosa-hace-otro-operativo-para-retirar-postes-y-cables-de-clarin\/#primaryimage"},"image":{"@id":"https:\/\/diariotextual.com\/inicio\/index.php\/2026\/03\/04\/la-municipalidad-de-santa-rosa-hace-otro-operativo-para-retirar-postes-y-cables-de-clarin\/#primaryimage"},"thumbnailUrl":"https:\/\/diariotextual.com\/inicio\/wp-content\/uploads\/2026\/03\/clarinpostesremocionmunicipalidad2026-70.jpg","datePublished":"2026-03-04T14:21:00+00:00","dateModified":"2026-03-04T22:51:58+00:00","breadcrumb":{"@id":"https:\/\/diariotextual.com\/inicio\/index.php\/2026\/03\/04\/la-municipalidad-de-santa-rosa-hace-otro-operativo-para-retirar-postes-y-cables-de-clarin\/#breadcrumb"},"inLanguage":"es","potentialAction":[{"@type":"ReadAction","target":["https:\/\/diariotextual.com\/inicio\/index.php\/2026\/03\/04\/la-municipalidad-de-santa-rosa-hace-otro-operativo-para-retirar-postes-y-cables-de-clarin\/"]}]},{"@type":"ImageObject","inLanguage":"es","@id":"https:\/\/diariotextual.com\/inicio\/index.php\/2026\/03\/04\/la-municipalidad-de-santa-rosa-hace-otro-operativo-para-retirar-postes-y-cables-de-clarin\/#primaryimage","url":"https:\/\/diariotextual.com\/inicio\/wp-content\/uploads\/2026\/03\/clarinpostesremocionmunicipalidad2026-70.jpg","contentUrl":"https:\/\/diariotextual.com\/inicio\/wp-content\/uploads\/2026\/03\/clarinpostesremocionmunicipalidad2026-70.jpg","width":1200,"height":900},{"@type":"BreadcrumbList","@id":"https:\/\/diariotextual.com\/inicio\/index.php\/2026\/03\/04\/la-municipalidad-de-santa-rosa-hace-otro-operativo-para-retirar-postes-y-cables-de-clarin\/#breadcrumb","itemListElement":[{"@type":"ListItem","position":1,"name":"Portada","item":"https:\/\/diariotextual.com\/inicio\/"},{"@type":"ListItem","position":2,"name":"La municipalidad de Santa Rosa retir\u00f3 m\u00e1s postes y cables de Clar\u00edn"}]},{"@type":"WebSite","@id":"https:\/\/diariotextual.com\/inicio\/#website","url":"https:\/\/diariotextual.com\/inicio\/","name":"Diario Textual","description":"","publisher":{"@id":"https:\/\/diariotextual.com\/inicio\/#organization"},"potentialAction":[{"@type":"SearchAction","target":{"@type":"EntryPoint","urlTemplate":"https:\/\/diariotextual.com\/inicio\/?s={search_term_string}"},"query-input":{"@type":"PropertyValueSpecification","valueRequired":true,"valueName":"search_term_string"}}],"inLanguage":"es"},{"@type":"Organization","@id":"https:\/\/diariotextual.com\/inicio\/#organization","name":"Diario Textual","url":"https:\/\/diariotextual.com\/inicio\/","logo":{"@type":"ImageObject","inLanguage":"es","@id":"https:\/\/diariotextual.com\/inicio\/#\/schema\/logo\/image\/","url":"https:\/\/diariotextual.com\/inicio\/wp-content\/uploads\/2023\/05\/logotextual1.jpg","contentUrl":"https:\/\/diariotextual.com\/inicio\/wp-content\/uploads\/2023\/05\/logotextual1.jpg","width":516,"height":76,"caption":"Diario Textual"},"image":{"@id":"https:\/\/diariotextual.com\/inicio\/#\/schema\/logo\/image\/"},"sameAs":["https:\/\/www.facebook.com\/eltextual","https:\/\/x.com\/eltextual","http:\/\/www.instagram.com\/eltextual"]},{"@type":"Person","@id":"https:\/\/diariotextual.com\/inicio\/#\/schema\/person\/418fc4093c33e86ed41562db3508f958","name":"Diario1 Diario1","image":{"@type":"ImageObject","inLanguage":"es","@id":"https:\/\/secure.gravatar.com\/avatar\/9167d280179c85bc18be67aa7eda765854300033af4896dd779b608640f2ef7a?s=96&d=mm&r=g","url":"https:\/\/secure.gravatar.com\/avatar\/9167d280179c85bc18be67aa7eda765854300033af4896dd779b608640f2ef7a?s=96&d=mm&r=g","contentUrl":"https:\/\/secure.gravatar.com\/avatar\/9167d280179c85bc18be67aa7eda765854300033af4896dd779b608640f2ef7a?s=96&d=mm&r=g","caption":"Diario1 Diario1"},"url":"https:\/\/diariotextual.com\/inicio\/index.php\/author\/diario1\/"}]}},"_links":{"self":[{"href":"https:\/\/diariotextual.com\/inicio\/index.php\/wp-json\/wp\/v2\/posts\/321286","targetHints":{"allow":["GET"]}}],"collection":[{"href":"https:\/\/diariotextual.com\/inicio\/index.php\/wp-json\/wp\/v2\/posts"}],"about":[{"href":"https:\/\/diariotextual.com\/inicio\/index.php\/wp-json\/wp\/v2\/types\/post"}],"author":[{"embeddable":true,"href":"https:\/\/diariotextual.com\/inicio\/index.php\/wp-json\/wp\/v2\/users\/3"}],"replies":[{"embeddable":true,"href":"https:\/\/diariotextual.com\/inicio\/index.php\/wp-json\/wp\/v2\/comments?post=321286"}],"version-history":[{"count":4,"href":"https:\/\/diariotextual.com\/inicio\/index.php\/wp-json\/wp\/v2\/posts\/321286\/revisions"}],"predecessor-version":[{"id":321372,"href":"https:\/\/diariotextual.com\/inicio\/index.php\/wp-json\/wp\/v2\/posts\/321286\/revisions\/321372"}],"wp:featuredmedia":[{"embeddable":true,"href":"https:\/\/diariotextual.com\/inicio\/index.php\/wp-json\/wp\/v2\/media\/321370"}],"wp:attachment":[{"href":"https:\/\/diariotextual.com\/inicio\/index.php\/wp-json\/wp\/v2\/media?parent=321286"}],"wp:term":[{"taxonomy":"category","embeddable":true,"href":"https:\/\/diariotextual.com\/inicio\/index.php\/wp-json\/wp\/v2\/categories?post=321286"},{"taxonomy":"post_tag","embeddable":true,"href":"https:\/\/diariotextual.com\/inicio\/index.php\/wp-json\/wp\/v2\/tags?post=321286"}],"curies":[{"name":"wp","href":"https:\/\/api.w.org\/{rel}","templated":true}]}}