{"id":321325,"date":"2026-03-04T06:30:41","date_gmt":"2026-03-04T09:30:41","guid":{"rendered":"https:\/\/diariotextual.com\/inicio\/?p=321325"},"modified":"2026-03-04T11:38:56","modified_gmt":"2026-03-04T14:38:56","slug":"el-diputado-aliaga-pide-que-los-super-reabran-los-domingos-en-la-pampa","status":"publish","type":"post","link":"https:\/\/diariotextual.com\/inicio\/index.php\/2026\/03\/04\/el-diputado-aliaga-pide-que-los-super-reabran-los-domingos-en-la-pampa\/","title":{"rendered":"El diputado Aliaga pide que los domingos no siga la prohibici\u00f3n de apertura de los s\u00faper en La Pampa"},"content":{"rendered":"\n<p><strong>El cierre dominical en La Pampa parec\u00eda un debate saldado. Sin embargo, volvi\u00f3 a escena en medio del discurso de libre mercado que impulsa el espacio libertario.<\/strong> En los \u00faltimos d\u00edas, el diputado provincial <strong>Maximiliano Aliaga<\/strong> (Comunidad Organizada) <strong>cuestion\u00f3 la prohibici\u00f3n de abrir los domingos en la provincia.<\/strong> El s\u00e1bado public\u00f3 una foto en un supermercado de la cadena La An\u00f3nima y plante\u00f3 su postura en redes sociales.<em> \u201cEstoy en La An\u00f3nima comprando un poco de asado para ma\u00f1ana domingo 1 de marzo, donde venden la mejor carne. Lamentablemente el s\u00faper es un caos de gente que se apura por comprar porque hace m\u00e1s de una d\u00e9cada que los pampeanos no podemos disponer el domingo para hacer las compras\u201d,<\/em> escribi\u00f3.<\/p>\n\n\n\n<p>En el mismo mensaje sostuvo que muchas familias que trabajan de lunes a s\u00e1bado y vecinos del interior que viajaban los fines de semana para realizar compras quincenales o mensuales dejaron de hacerlo. <em>\u201cAs\u00ed, un poco menos por ac\u00e1 y otro por all\u00e1, los santarrose\u00f1os cada vez nos vamos haciendo m\u00e1s peque\u00f1os\u201d,<\/em> afirm\u00f3.<\/p>\n\n\n\n<p>La ley de cierre dominical fue aprobada en 2013. La norma proh\u00edbe la apertura de supermercados y grandes comercios de m\u00e1s de 40 metros cuadrados los domingos.<\/p>\n\n\n\n<p>La legislaci\u00f3n tuvo <strong>dos objetivos centrales.<\/strong> Uno <strong>econ\u00f3mico<\/strong>, orientado a proteger al comercio minorista, que encuentra en los domingos una jornada clave de ventas, especialmente en barrios y localidades del interior. El otro, <strong>social<\/strong>, vinculado al descanso y a la posibilidad de que las familias trabajadoras compartan al menos un d\u00eda completo a la semana.<\/p>\n\n\n\n<p><strong>En 2025 el bloque de diputados del Pro impuls\u00f3 intentos para derogar la norma al considerarla anacr\u00f3nica.<\/strong> Sin embargo, <strong>c\u00e1maras de comercio y gremios de Santa Rosa y General Pico defendieron la vigencia de la ley para resguardar el descanso dominical.<\/strong><\/p>\n\n\n\n<p>Por ahora,<strong> la iniciativa no re\u00fane consenso suficiente en la Legislatura.<\/strong> Adem\u00e1s del rechazo de sindicatos y entidades empresarias,<strong> se oponen buena parte del radicalismo, la totalidad del peronismo y algunos legisladores del propio Pro.<\/strong><\/p>\n\n\n\n<p>Aliaga fue uno de los referentes de los piquetes de productores rurales en 2008 contra las retenciones m\u00f3viles. Luego se incorpor\u00f3 al Pro, accedi\u00f3 a una banca en la Legislatura, se alej\u00f3 de ese espacio y finalmente se sum\u00f3 a Comunidad Organizada.<\/p>\n\n\n\n<p><\/p>\n","protected":false},"excerpt":{"rendered":"<p>El cierre dominical en La Pampa parec\u00eda un debate saldado. Sin embargo, volvi\u00f3 a escena en medio del discurso de libre mercado que impulsa el espacio libertario. En los \u00faltimos&hellip;<\/p>\n","protected":false},"author":3,"featured_media":321326,"comment_status":"closed","ping_status":"open","sticky":false,"template":"","format":"standard","meta":{"_acf_changed":false,"footnotes":""},"categories":[1,8],"tags":[],"class_list":["post-321325","post","type-post","status-publish","format-standard","has-post-thumbnail","hentry","category-es-noticia","category-politica"],"acf":[],"yoast_head":"<!-- This site is optimized with the Yoast SEO plugin v27.5 - https:\/\/yoast.com\/product\/yoast-seo-wordpress\/ -->\n<title>El diputado Aliaga pide que los domingos no siga la prohibici\u00f3n de apertura de los s\u00faper en La Pampa - Diario Textual<\/title>\n<meta name=\"robots\" content=\"index, follow, max-snippet:-1, max-image-preview:large, max-video-preview:-1\" \/>\n<link rel=\"canonical\" href=\"https:\/\/diariotextual.com\/inicio\/index.php\/2026\/03\/04\/el-diputado-aliaga-pide-que-los-super-reabran-los-domingos-en-la-pampa\/\" \/>\n<meta property=\"og:locale\" content=\"es_ES\" \/>\n<meta property=\"og:type\" content=\"article\" \/>\n<meta property=\"og:title\" content=\"El diputado Aliaga pide que los domingos no siga la prohibici\u00f3n de apertura de los s\u00faper en La Pampa - Diario Textual\" \/>\n<meta property=\"og:description\" content=\"El cierre dominical en La Pampa parec\u00eda un debate saldado. Sin embargo, volvi\u00f3 a escena en medio del discurso de libre mercado que impulsa el espacio libertario. En los \u00faltimos&hellip;\" \/>\n<meta property=\"og:url\" content=\"https:\/\/diariotextual.com\/inicio\/index.php\/2026\/03\/04\/el-diputado-aliaga-pide-que-los-super-reabran-los-domingos-en-la-pampa\/\" \/>\n<meta property=\"og:site_name\" content=\"Diario Textual\" \/>\n<meta property=\"article:publisher\" content=\"https:\/\/www.facebook.com\/eltextual\" \/>\n<meta property=\"article:published_time\" content=\"2026-03-04T09:30:41+00:00\" \/>\n<meta property=\"article:modified_time\" content=\"2026-03-04T14:38:56+00:00\" \/>\n<meta property=\"og:image\" content=\"https:\/\/diariotextual.com\/inicio\/wp-content\/uploads\/2026\/03\/aliagamaxienlacarniceria2026-70.jpg\" \/>\n\t<meta property=\"og:image:width\" content=\"1200\" \/>\n\t<meta property=\"og:image:height\" content=\"926\" \/>\n\t<meta property=\"og:image:type\" content=\"image\/jpeg\" \/>\n<meta name=\"author\" content=\"Diario1 Diario1\" \/>\n<meta name=\"twitter:card\" content=\"summary_large_image\" \/>\n<meta name=\"twitter:creator\" content=\"@eltextual\" \/>\n<meta name=\"twitter:site\" content=\"@eltextual\" \/>\n<meta name=\"twitter:label1\" content=\"Escrito por\" \/>\n\t<meta name=\"twitter:data1\" content=\"Diario1 Diario1\" \/>\n\t<meta name=\"twitter:label2\" content=\"Tiempo de lectura\" \/>\n\t<meta name=\"twitter:data2\" content=\"2 minutos\" \/>\n<script type=\"application\/ld+json\" class=\"yoast-schema-graph\">{\"@context\":\"https:\\\/\\\/schema.org\",\"@graph\":[{\"@type\":\"Article\",\"@id\":\"https:\\\/\\\/diariotextual.com\\\/inicio\\\/index.php\\\/2026\\\/03\\\/04\\\/el-diputado-aliaga-pide-que-los-super-reabran-los-domingos-en-la-pampa\\\/#article\",\"isPartOf\":{\"@id\":\"https:\\\/\\\/diariotextual.com\\\/inicio\\\/index.php\\\/2026\\\/03\\\/04\\\/el-diputado-aliaga-pide-que-los-super-reabran-los-domingos-en-la-pampa\\\/\"},\"author\":{\"name\":\"Diario1 Diario1\",\"@id\":\"https:\\\/\\\/diariotextual.com\\\/inicio\\\/#\\\/schema\\\/person\\\/418fc4093c33e86ed41562db3508f958\"},\"headline\":\"El diputado Aliaga pide que los domingos no siga la prohibici\u00f3n de apertura de los s\u00faper en La Pampa\",\"datePublished\":\"2026-03-04T09:30:41+00:00\",\"dateModified\":\"2026-03-04T14:38:56+00:00\",\"mainEntityOfPage\":{\"@id\":\"https:\\\/\\\/diariotextual.com\\\/inicio\\\/index.php\\\/2026\\\/03\\\/04\\\/el-diputado-aliaga-pide-que-los-super-reabran-los-domingos-en-la-pampa\\\/\"},\"wordCount\":413,\"publisher\":{\"@id\":\"https:\\\/\\\/diariotextual.com\\\/inicio\\\/#organization\"},\"image\":{\"@id\":\"https:\\\/\\\/diariotextual.com\\\/inicio\\\/index.php\\\/2026\\\/03\\\/04\\\/el-diputado-aliaga-pide-que-los-super-reabran-los-domingos-en-la-pampa\\\/#primaryimage\"},\"thumbnailUrl\":\"https:\\\/\\\/diariotextual.com\\\/inicio\\\/wp-content\\\/uploads\\\/2026\\\/03\\\/aliagamaxienlacarniceria2026-70.jpg\",\"articleSection\":[\"A - ES NOTICIA (van abajo)\",\"POLITICA\"],\"inLanguage\":\"es\"},{\"@type\":\"WebPage\",\"@id\":\"https:\\\/\\\/diariotextual.com\\\/inicio\\\/index.php\\\/2026\\\/03\\\/04\\\/el-diputado-aliaga-pide-que-los-super-reabran-los-domingos-en-la-pampa\\\/\",\"url\":\"https:\\\/\\\/diariotextual.com\\\/inicio\\\/index.php\\\/2026\\\/03\\\/04\\\/el-diputado-aliaga-pide-que-los-super-reabran-los-domingos-en-la-pampa\\\/\",\"name\":\"El diputado Aliaga pide que los domingos no siga la prohibici\u00f3n de apertura de los s\u00faper en La Pampa - Diario Textual\",\"isPartOf\":{\"@id\":\"https:\\\/\\\/diariotextual.com\\\/inicio\\\/#website\"},\"primaryImageOfPage\":{\"@id\":\"https:\\\/\\\/diariotextual.com\\\/inicio\\\/index.php\\\/2026\\\/03\\\/04\\\/el-diputado-aliaga-pide-que-los-super-reabran-los-domingos-en-la-pampa\\\/#primaryimage\"},\"image\":{\"@id\":\"https:\\\/\\\/diariotextual.com\\\/inicio\\\/index.php\\\/2026\\\/03\\\/04\\\/el-diputado-aliaga-pide-que-los-super-reabran-los-domingos-en-la-pampa\\\/#primaryimage\"},\"thumbnailUrl\":\"https:\\\/\\\/diariotextual.com\\\/inicio\\\/wp-content\\\/uploads\\\/2026\\\/03\\\/aliagamaxienlacarniceria2026-70.jpg\",\"datePublished\":\"2026-03-04T09:30:41+00:00\",\"dateModified\":\"2026-03-04T14:38:56+00:00\",\"breadcrumb\":{\"@id\":\"https:\\\/\\\/diariotextual.com\\\/inicio\\\/index.php\\\/2026\\\/03\\\/04\\\/el-diputado-aliaga-pide-que-los-super-reabran-los-domingos-en-la-pampa\\\/#breadcrumb\"},\"inLanguage\":\"es\",\"potentialAction\":[{\"@type\":\"ReadAction\",\"target\":[\"https:\\\/\\\/diariotextual.com\\\/inicio\\\/index.php\\\/2026\\\/03\\\/04\\\/el-diputado-aliaga-pide-que-los-super-reabran-los-domingos-en-la-pampa\\\/\"]}]},{\"@type\":\"ImageObject\",\"inLanguage\":\"es\",\"@id\":\"https:\\\/\\\/diariotextual.com\\\/inicio\\\/index.php\\\/2026\\\/03\\\/04\\\/el-diputado-aliaga-pide-que-los-super-reabran-los-domingos-en-la-pampa\\\/#primaryimage\",\"url\":\"https:\\\/\\\/diariotextual.com\\\/inicio\\\/wp-content\\\/uploads\\\/2026\\\/03\\\/aliagamaxienlacarniceria2026-70.jpg\",\"contentUrl\":\"https:\\\/\\\/diariotextual.com\\\/inicio\\\/wp-content\\\/uploads\\\/2026\\\/03\\\/aliagamaxienlacarniceria2026-70.jpg\",\"width\":1200,\"height\":926},{\"@type\":\"BreadcrumbList\",\"@id\":\"https:\\\/\\\/diariotextual.com\\\/inicio\\\/index.php\\\/2026\\\/03\\\/04\\\/el-diputado-aliaga-pide-que-los-super-reabran-los-domingos-en-la-pampa\\\/#breadcrumb\",\"itemListElement\":[{\"@type\":\"ListItem\",\"position\":1,\"name\":\"Portada\",\"item\":\"https:\\\/\\\/diariotextual.com\\\/inicio\\\/\"},{\"@type\":\"ListItem\",\"position\":2,\"name\":\"El diputado Aliaga pide que los domingos no siga la prohibici\u00f3n de apertura de los s\u00faper en La Pampa\"}]},{\"@type\":\"WebSite\",\"@id\":\"https:\\\/\\\/diariotextual.com\\\/inicio\\\/#website\",\"url\":\"https:\\\/\\\/diariotextual.com\\\/inicio\\\/\",\"name\":\"Diario Textual\",\"description\":\"\",\"publisher\":{\"@id\":\"https:\\\/\\\/diariotextual.com\\\/inicio\\\/#organization\"},\"potentialAction\":[{\"@type\":\"SearchAction\",\"target\":{\"@type\":\"EntryPoint\",\"urlTemplate\":\"https:\\\/\\\/diariotextual.com\\\/inicio\\\/?s={search_term_string}\"},\"query-input\":{\"@type\":\"PropertyValueSpecification\",\"valueRequired\":true,\"valueName\":\"search_term_string\"}}],\"inLanguage\":\"es\"},{\"@type\":\"Organization\",\"@id\":\"https:\\\/\\\/diariotextual.com\\\/inicio\\\/#organization\",\"name\":\"Diario Textual\",\"url\":\"https:\\\/\\\/diariotextual.com\\\/inicio\\\/\",\"logo\":{\"@type\":\"ImageObject\",\"inLanguage\":\"es\",\"@id\":\"https:\\\/\\\/diariotextual.com\\\/inicio\\\/#\\\/schema\\\/logo\\\/image\\\/\",\"url\":\"https:\\\/\\\/diariotextual.com\\\/inicio\\\/wp-content\\\/uploads\\\/2023\\\/05\\\/logotextual1.jpg\",\"contentUrl\":\"https:\\\/\\\/diariotextual.com\\\/inicio\\\/wp-content\\\/uploads\\\/2023\\\/05\\\/logotextual1.jpg\",\"width\":516,\"height\":76,\"caption\":\"Diario Textual\"},\"image\":{\"@id\":\"https:\\\/\\\/diariotextual.com\\\/inicio\\\/#\\\/schema\\\/logo\\\/image\\\/\"},\"sameAs\":[\"https:\\\/\\\/www.facebook.com\\\/eltextual\",\"https:\\\/\\\/x.com\\\/eltextual\",\"http:\\\/\\\/www.instagram.com\\\/eltextual\"]},{\"@type\":\"Person\",\"@id\":\"https:\\\/\\\/diariotextual.com\\\/inicio\\\/#\\\/schema\\\/person\\\/418fc4093c33e86ed41562db3508f958\",\"name\":\"Diario1 Diario1\",\"image\":{\"@type\":\"ImageObject\",\"inLanguage\":\"es\",\"@id\":\"https:\\\/\\\/secure.gravatar.com\\\/avatar\\\/9167d280179c85bc18be67aa7eda765854300033af4896dd779b608640f2ef7a?s=96&d=mm&r=g\",\"url\":\"https:\\\/\\\/secure.gravatar.com\\\/avatar\\\/9167d280179c85bc18be67aa7eda765854300033af4896dd779b608640f2ef7a?s=96&d=mm&r=g\",\"contentUrl\":\"https:\\\/\\\/secure.gravatar.com\\\/avatar\\\/9167d280179c85bc18be67aa7eda765854300033af4896dd779b608640f2ef7a?s=96&d=mm&r=g\",\"caption\":\"Diario1 Diario1\"},\"url\":\"https:\\\/\\\/diariotextual.com\\\/inicio\\\/index.php\\\/author\\\/diario1\\\/\"}]}<\/script>\n<!-- \/ Yoast SEO plugin. -->","yoast_head_json":{"title":"El diputado Aliaga pide que los domingos no siga la prohibici\u00f3n de apertura de los s\u00faper en La Pampa - Diario Textual","robots":{"index":"index","follow":"follow","max-snippet":"max-snippet:-1","max-image-preview":"max-image-preview:large","max-video-preview":"max-video-preview:-1"},"canonical":"https:\/\/diariotextual.com\/inicio\/index.php\/2026\/03\/04\/el-diputado-aliaga-pide-que-los-super-reabran-los-domingos-en-la-pampa\/","og_locale":"es_ES","og_type":"article","og_title":"El diputado Aliaga pide que los domingos no siga la prohibici\u00f3n de apertura de los s\u00faper en La Pampa - Diario Textual","og_description":"El cierre dominical en La Pampa parec\u00eda un debate saldado. Sin embargo, volvi\u00f3 a escena en medio del discurso de libre mercado que impulsa el espacio libertario. En los \u00faltimos&hellip;","og_url":"https:\/\/diariotextual.com\/inicio\/index.php\/2026\/03\/04\/el-diputado-aliaga-pide-que-los-super-reabran-los-domingos-en-la-pampa\/","og_site_name":"Diario Textual","article_publisher":"https:\/\/www.facebook.com\/eltextual","article_published_time":"2026-03-04T09:30:41+00:00","article_modified_time":"2026-03-04T14:38:56+00:00","og_image":[{"width":1200,"height":926,"url":"https:\/\/diariotextual.com\/inicio\/wp-content\/uploads\/2026\/03\/aliagamaxienlacarniceria2026-70.jpg","type":"image\/jpeg"}],"author":"Diario1 Diario1","twitter_card":"summary_large_image","twitter_creator":"@eltextual","twitter_site":"@eltextual","twitter_misc":{"Escrito por":"Diario1 Diario1","Tiempo de lectura":"2 minutos"},"schema":{"@context":"https:\/\/schema.org","@graph":[{"@type":"Article","@id":"https:\/\/diariotextual.com\/inicio\/index.php\/2026\/03\/04\/el-diputado-aliaga-pide-que-los-super-reabran-los-domingos-en-la-pampa\/#article","isPartOf":{"@id":"https:\/\/diariotextual.com\/inicio\/index.php\/2026\/03\/04\/el-diputado-aliaga-pide-que-los-super-reabran-los-domingos-en-la-pampa\/"},"author":{"name":"Diario1 Diario1","@id":"https:\/\/diariotextual.com\/inicio\/#\/schema\/person\/418fc4093c33e86ed41562db3508f958"},"headline":"El diputado Aliaga pide que los domingos no siga la prohibici\u00f3n de apertura de los s\u00faper en La Pampa","datePublished":"2026-03-04T09:30:41+00:00","dateModified":"2026-03-04T14:38:56+00:00","mainEntityOfPage":{"@id":"https:\/\/diariotextual.com\/inicio\/index.php\/2026\/03\/04\/el-diputado-aliaga-pide-que-los-super-reabran-los-domingos-en-la-pampa\/"},"wordCount":413,"publisher":{"@id":"https:\/\/diariotextual.com\/inicio\/#organization"},"image":{"@id":"https:\/\/diariotextual.com\/inicio\/index.php\/2026\/03\/04\/el-diputado-aliaga-pide-que-los-super-reabran-los-domingos-en-la-pampa\/#primaryimage"},"thumbnailUrl":"https:\/\/diariotextual.com\/inicio\/wp-content\/uploads\/2026\/03\/aliagamaxienlacarniceria2026-70.jpg","articleSection":["A - ES NOTICIA (van abajo)","POLITICA"],"inLanguage":"es"},{"@type":"WebPage","@id":"https:\/\/diariotextual.com\/inicio\/index.php\/2026\/03\/04\/el-diputado-aliaga-pide-que-los-super-reabran-los-domingos-en-la-pampa\/","url":"https:\/\/diariotextual.com\/inicio\/index.php\/2026\/03\/04\/el-diputado-aliaga-pide-que-los-super-reabran-los-domingos-en-la-pampa\/","name":"El diputado Aliaga pide que los domingos no siga la prohibici\u00f3n de apertura de los s\u00faper en La Pampa - Diario Textual","isPartOf":{"@id":"https:\/\/diariotextual.com\/inicio\/#website"},"primaryImageOfPage":{"@id":"https:\/\/diariotextual.com\/inicio\/index.php\/2026\/03\/04\/el-diputado-aliaga-pide-que-los-super-reabran-los-domingos-en-la-pampa\/#primaryimage"},"image":{"@id":"https:\/\/diariotextual.com\/inicio\/index.php\/2026\/03\/04\/el-diputado-aliaga-pide-que-los-super-reabran-los-domingos-en-la-pampa\/#primaryimage"},"thumbnailUrl":"https:\/\/diariotextual.com\/inicio\/wp-content\/uploads\/2026\/03\/aliagamaxienlacarniceria2026-70.jpg","datePublished":"2026-03-04T09:30:41+00:00","dateModified":"2026-03-04T14:38:56+00:00","breadcrumb":{"@id":"https:\/\/diariotextual.com\/inicio\/index.php\/2026\/03\/04\/el-diputado-aliaga-pide-que-los-super-reabran-los-domingos-en-la-pampa\/#breadcrumb"},"inLanguage":"es","potentialAction":[{"@type":"ReadAction","target":["https:\/\/diariotextual.com\/inicio\/index.php\/2026\/03\/04\/el-diputado-aliaga-pide-que-los-super-reabran-los-domingos-en-la-pampa\/"]}]},{"@type":"ImageObject","inLanguage":"es","@id":"https:\/\/diariotextual.com\/inicio\/index.php\/2026\/03\/04\/el-diputado-aliaga-pide-que-los-super-reabran-los-domingos-en-la-pampa\/#primaryimage","url":"https:\/\/diariotextual.com\/inicio\/wp-content\/uploads\/2026\/03\/aliagamaxienlacarniceria2026-70.jpg","contentUrl":"https:\/\/diariotextual.com\/inicio\/wp-content\/uploads\/2026\/03\/aliagamaxienlacarniceria2026-70.jpg","width":1200,"height":926},{"@type":"BreadcrumbList","@id":"https:\/\/diariotextual.com\/inicio\/index.php\/2026\/03\/04\/el-diputado-aliaga-pide-que-los-super-reabran-los-domingos-en-la-pampa\/#breadcrumb","itemListElement":[{"@type":"ListItem","position":1,"name":"Portada","item":"https:\/\/diariotextual.com\/inicio\/"},{"@type":"ListItem","position":2,"name":"El diputado Aliaga pide que los domingos no siga la prohibici\u00f3n de apertura de los s\u00faper en La Pampa"}]},{"@type":"WebSite","@id":"https:\/\/diariotextual.com\/inicio\/#website","url":"https:\/\/diariotextual.com\/inicio\/","name":"Diario Textual","description":"","publisher":{"@id":"https:\/\/diariotextual.com\/inicio\/#organization"},"potentialAction":[{"@type":"SearchAction","target":{"@type":"EntryPoint","urlTemplate":"https:\/\/diariotextual.com\/inicio\/?s={search_term_string}"},"query-input":{"@type":"PropertyValueSpecification","valueRequired":true,"valueName":"search_term_string"}}],"inLanguage":"es"},{"@type":"Organization","@id":"https:\/\/diariotextual.com\/inicio\/#organization","name":"Diario Textual","url":"https:\/\/diariotextual.com\/inicio\/","logo":{"@type":"ImageObject","inLanguage":"es","@id":"https:\/\/diariotextual.com\/inicio\/#\/schema\/logo\/image\/","url":"https:\/\/diariotextual.com\/inicio\/wp-content\/uploads\/2023\/05\/logotextual1.jpg","contentUrl":"https:\/\/diariotextual.com\/inicio\/wp-content\/uploads\/2023\/05\/logotextual1.jpg","width":516,"height":76,"caption":"Diario Textual"},"image":{"@id":"https:\/\/diariotextual.com\/inicio\/#\/schema\/logo\/image\/"},"sameAs":["https:\/\/www.facebook.com\/eltextual","https:\/\/x.com\/eltextual","http:\/\/www.instagram.com\/eltextual"]},{"@type":"Person","@id":"https:\/\/diariotextual.com\/inicio\/#\/schema\/person\/418fc4093c33e86ed41562db3508f958","name":"Diario1 Diario1","image":{"@type":"ImageObject","inLanguage":"es","@id":"https:\/\/secure.gravatar.com\/avatar\/9167d280179c85bc18be67aa7eda765854300033af4896dd779b608640f2ef7a?s=96&d=mm&r=g","url":"https:\/\/secure.gravatar.com\/avatar\/9167d280179c85bc18be67aa7eda765854300033af4896dd779b608640f2ef7a?s=96&d=mm&r=g","contentUrl":"https:\/\/secure.gravatar.com\/avatar\/9167d280179c85bc18be67aa7eda765854300033af4896dd779b608640f2ef7a?s=96&d=mm&r=g","caption":"Diario1 Diario1"},"url":"https:\/\/diariotextual.com\/inicio\/index.php\/author\/diario1\/"}]}},"_links":{"self":[{"href":"https:\/\/diariotextual.com\/inicio\/index.php\/wp-json\/wp\/v2\/posts\/321325","targetHints":{"allow":["GET"]}}],"collection":[{"href":"https:\/\/diariotextual.com\/inicio\/index.php\/wp-json\/wp\/v2\/posts"}],"about":[{"href":"https:\/\/diariotextual.com\/inicio\/index.php\/wp-json\/wp\/v2\/types\/post"}],"author":[{"embeddable":true,"href":"https:\/\/diariotextual.com\/inicio\/index.php\/wp-json\/wp\/v2\/users\/3"}],"replies":[{"embeddable":true,"href":"https:\/\/diariotextual.com\/inicio\/index.php\/wp-json\/wp\/v2\/comments?post=321325"}],"version-history":[{"count":2,"href":"https:\/\/diariotextual.com\/inicio\/index.php\/wp-json\/wp\/v2\/posts\/321325\/revisions"}],"predecessor-version":[{"id":321332,"href":"https:\/\/diariotextual.com\/inicio\/index.php\/wp-json\/wp\/v2\/posts\/321325\/revisions\/321332"}],"wp:featuredmedia":[{"embeddable":true,"href":"https:\/\/diariotextual.com\/inicio\/index.php\/wp-json\/wp\/v2\/media\/321326"}],"wp:attachment":[{"href":"https:\/\/diariotextual.com\/inicio\/index.php\/wp-json\/wp\/v2\/media?parent=321325"}],"wp:term":[{"taxonomy":"category","embeddable":true,"href":"https:\/\/diariotextual.com\/inicio\/index.php\/wp-json\/wp\/v2\/categories?post=321325"},{"taxonomy":"post_tag","embeddable":true,"href":"https:\/\/diariotextual.com\/inicio\/index.php\/wp-json\/wp\/v2\/tags?post=321325"}],"curies":[{"name":"wp","href":"https:\/\/api.w.org\/{rel}","templated":true}]}}