{"id":321328,"date":"2026-03-04T23:21:22","date_gmt":"2026-03-05T02:21:22","guid":{"rendered":"https:\/\/diariotextual.com\/inicio\/?p=321328"},"modified":"2026-03-05T05:53:03","modified_gmt":"2026-03-05T08:53:03","slug":"discursos-en-blanco-y-negro-la-pampa-peronista-aguanta-y-la-horca-libertaria-avanza","status":"publish","type":"post","link":"https:\/\/diariotextual.com\/inicio\/index.php\/2026\/03\/04\/discursos-en-blanco-y-negro-la-pampa-peronista-aguanta-y-la-horca-libertaria-avanza\/","title":{"rendered":"Discursos en blanco y negro: La Pampa peronista aguanta y la horca libertaria avanza"},"content":{"rendered":"\n<p>Por <strong>Norberto G. Asquini<\/strong><\/p>\n\n\n\n<p>Los discursos de apertura de sesiones legislativas, tanto el del presidente <strong>Javier Milei<\/strong> como el del gobernador <strong>Sergio Ziliotto<\/strong>, dejaron algo brutalmente claro: ambos est\u00e1n ubicados en puntos totalmente opuestos del escenario pol\u00edtico. La <strong>polarizaci\u00f3n<\/strong> es extrema. Todo es <strong>blanco y negro<\/strong>. <strong>Peronismo o libertarios<\/strong>. Y el choque definitivo de estos dos mundos enfrentados ser\u00e1 en <strong>2027<\/strong>.<\/p>\n\n\n\n<p>De un lado, <strong>La Pampa peronista<\/strong> que aguanta. Del otro, la <strong>horca libertaria<\/strong> que ajusta y avanza. Puede discutirse si el discurso provincial fue m\u00e1s o menos filoso, pero fue claro. El de las <strong>pol\u00edticas posibles<\/strong>. Las que se pueden sostener pese al <strong>abandono<\/strong> y al <strong>ajuste nacional<\/strong> que golpean las <strong>arcas provinciales<\/strong>. Mencion\u00f3 <strong>producci\u00f3n<\/strong>, <strong>empat\u00eda<\/strong>, <strong>solidaridad<\/strong>, <strong>Estado m\u00e1s justo<\/strong>, <strong>calidad de respuesta<\/strong>. La apelaci\u00f3n constante a un <strong>Estado<\/strong> que no se retira cuando arrecia la tormenta.<\/p>\n\n\n\n<p><strong>Ziliotto<\/strong> habl\u00f3 de una provincia demasiado tranquila. <strong>Orden y trabajo<\/strong>. <strong>Solidaridad social<\/strong>. Pero ese capital es fr\u00e1gil cuando el sufrimiento lo erosiona. La calma no es infinita. La paciencia social tampoco. En esa tensi\u00f3n se mueve el <strong>oficialismo pampeano<\/strong>: ser un <strong>dique<\/strong> ante lo que considera una marea de crueldad. Los intendentes peronistas <strong>Fernanda Alonso<\/strong> en <strong>General Pico<\/strong> y <strong>Luciano Di N\u00e1poli<\/strong> en <strong>Santa Rosa<\/strong> repitieron el tono y el fondo. Defender las <strong>pol\u00edticas p\u00fablicas<\/strong> como escudo frente al vendaval.<\/p>\n\n\n\n<p>En la otra orilla, <strong>Milei<\/strong> ofreci\u00f3 un espect\u00e1culo de furia. Un show con <strong>datos mentirosos<\/strong>, tono violento y clima de <strong>campa\u00f1a permanente<\/strong>. La apelaci\u00f3n a los <strong>kukas<\/strong> para mantener un cuco vivo con el que hacer odiar o asustar a los propios. Es un modelo que baja <strong>impuestos a los ricos<\/strong> y aplica el <strong>l\u00e1tigo<\/strong> sobre la gente de a pie. De <strong>moralina<\/strong> en el discurso y acusaciones de <strong>corrupci\u00f3n<\/strong>, cuando est\u00e1n complicados por el <strong>caso Libra<\/strong> o el <strong>3 % de la ANDIS<\/strong>. Una pr\u00e9dica que promete <strong>dinamitarlo todo<\/strong> para modernizar el pa\u00eds, aunque las esquirlas caigan sobre los mismos de siempre.<\/p>\n\n\n\n<p>Son los dos <strong>modelos<\/strong> que se enfrentar\u00e1n en <strong>La Pampa en 2027<\/strong>. No hay misterio. La <strong>polarizaci\u00f3n<\/strong> ya est\u00e1 escrita. Ser\u00e1 <strong>peronismo o libertarios<\/strong>. La <strong>oposici\u00f3n antiperonista<\/strong>, aunque intente matices, termina arrastrada hacia ese extremo. La fuerza de gravedad del escenario nacional no permite posturas c\u00f3modas.<\/p>\n\n\n\n<p>\u00bfQui\u00e9n encabezar\u00e1 el <strong>antiperonismo<\/strong>? Desde el lado libertario provincial asoma la figura del agitador <strong>Javier Ravier<\/strong>, que apunta siempre a <strong>Casa de Gobierno<\/strong> y a los \u201c\u00f1oquis\u201d, con un discurso de <strong>demolici\u00f3n del Estado<\/strong>. Con \u00e9l no hay inc\u00f3gnita sobre el modelo que va a tener la <strong>La Pampa libertaria<\/strong>: <strong>reducir, ajustar, desarmar<\/strong>. Del lado radical, parece puesto el nombre de <strong>Mart\u00edn Berhongaray<\/strong>, que hoy se esconde en el silencio. Un <strong>radicalismo<\/strong> que piensa en un modelo m\u00e1s moderado, pero que est\u00e1 condenado al abrazo de oso del <strong>oficialismo nacional<\/strong>, del que ser\u00e1 aliado electoral y, tarde o temprano, le exigir\u00e1 foto y definici\u00f3n. Comparte electorado con los <strong>violetas<\/strong> y eso lo condiciona a extremar su discurso y sus ideas. Comparte clima. Comparte \u00e9poca. \u00bfCompartir\u00e1 el <strong>ajuste<\/strong> y el <strong>abandono<\/strong>?<\/p>\n\n\n\n<p>Las cr\u00edticas opositoras al mensaje del gobernador <strong>Ziliotto<\/strong> llegaron previsibles. Que fue poco ambicioso. Que hay que votar otra cosa para desarrollar la provincia. El problema es la contradicci\u00f3n de la <strong>oposici\u00f3n antiperonista<\/strong>: golpear al <strong>peronismo<\/strong> y apoyar un <strong>modelo libertario<\/strong> que deja a la provincia sin <strong>obra p\u00fablica<\/strong> y con <strong>bolsillos vac\u00edos<\/strong>, mientras ellos prometen crecimiento. Gobernar sin recursos no es una consigna heroica. Es <strong>administrar ruinas<\/strong>.<\/p>\n\n\n\n<p>Del lado del <strong>peronismo<\/strong>, <strong>La Pampa<\/strong> se desmarca pero termina siendo v\u00edctima de la profunda crisis que arrastra el <strong>PJ<\/strong>. El liderazgo de <strong>Cristina Kirchner<\/strong> se apaga y mancha al resto. <strong>Axel Kicillof<\/strong> emerge, pero est\u00e1 atrapado en su propia interna bonaerense. Algunos hablan de un <strong>peronismo zombi<\/strong> que camina sin br\u00fajula mientras los <strong>libertarios<\/strong> avanzan con la <strong>motosierra<\/strong> en alto.<\/p>\n\n\n\n<p>En <strong>La Pampa<\/strong>, la incertidumbre parece imperar. Est\u00e1 el pensamiento de que el <strong>experimento libertario<\/strong>, ese <strong>antiperonismo de malos modales<\/strong>, puede durar lo que dure el <strong>d\u00f3lar barato<\/strong>. <strong>Macri<\/strong> en 2018 parec\u00eda invencible, y en meses se derrumb\u00f3. Pero por ahora, la <strong>gesti\u00f3n<\/strong> recalcula y otros ya hacen cuentas como si el <strong>2027<\/strong> fuera ma\u00f1ana. El <strong>peronismo pampeano<\/strong> necesita <strong>certezas<\/strong> y <strong>conducci\u00f3n<\/strong> frente al caos.<\/p>\n\n\n\n<p>La pelea en <strong>2027<\/strong> ser\u00e1 entre dos modelos en <strong>La Pampa<\/strong>: es el <strong>Estado como dique<\/strong> o el <strong>Estado como escombro<\/strong>. <strong>Blanco o negro<\/strong>.<\/p>\n\n\n\n<p><\/p>\n","protected":false},"excerpt":{"rendered":"<p>Por Norberto G. Asquini Los discursos de apertura de sesiones legislativas, tanto el del presidente Javier Milei como el del gobernador Sergio Ziliotto, dejaron algo brutalmente claro: ambos est\u00e1n ubicados&hellip;<\/p>\n","protected":false},"author":3,"featured_media":321331,"comment_status":"closed","ping_status":"open","sticky":false,"template":"","format":"standard","meta":{"_acf_changed":false,"footnotes":""},"categories":[10,8],"tags":[],"class_list":["post-321328","post","type-post","status-publish","format-standard","has-post-thumbnail","hentry","category-portada-2","category-politica"],"acf":[],"yoast_head":"<!-- This site is optimized with the Yoast SEO plugin v27.5 - https:\/\/yoast.com\/product\/yoast-seo-wordpress\/ -->\n<title>Discursos en blanco y negro: La Pampa peronista aguanta y la horca libertaria avanza - Diario Textual<\/title>\n<meta name=\"robots\" content=\"index, follow, max-snippet:-1, max-image-preview:large, max-video-preview:-1\" \/>\n<link rel=\"canonical\" href=\"https:\/\/diariotextual.com\/inicio\/index.php\/2026\/03\/04\/discursos-en-blanco-y-negro-la-pampa-peronista-aguanta-y-la-horca-libertaria-avanza\/\" \/>\n<meta property=\"og:locale\" content=\"es_ES\" \/>\n<meta property=\"og:type\" content=\"article\" \/>\n<meta property=\"og:title\" content=\"Discursos en blanco y negro: La Pampa peronista aguanta y la horca libertaria avanza - Diario Textual\" \/>\n<meta property=\"og:description\" content=\"Por Norberto G. Asquini Los discursos de apertura de sesiones legislativas, tanto el del presidente Javier Milei como el del gobernador Sergio Ziliotto, dejaron algo brutalmente claro: ambos est\u00e1n ubicados&hellip;\" \/>\n<meta property=\"og:url\" content=\"https:\/\/diariotextual.com\/inicio\/index.php\/2026\/03\/04\/discursos-en-blanco-y-negro-la-pampa-peronista-aguanta-y-la-horca-libertaria-avanza\/\" \/>\n<meta property=\"og:site_name\" content=\"Diario Textual\" \/>\n<meta property=\"article:publisher\" content=\"https:\/\/www.facebook.com\/eltextual\" \/>\n<meta property=\"article:published_time\" content=\"2026-03-05T02:21:22+00:00\" \/>\n<meta property=\"article:modified_time\" content=\"2026-03-05T08:53:03+00:00\" \/>\n<meta property=\"og:image\" content=\"https:\/\/diariotextual.com\/inicio\/wp-content\/uploads\/2026\/03\/ziliottosergiomileijavierziliottomileiziliotto2026-2.jpg\" \/>\n\t<meta property=\"og:image:width\" content=\"1300\" \/>\n\t<meta property=\"og:image:height\" content=\"775\" \/>\n\t<meta property=\"og:image:type\" content=\"image\/jpeg\" \/>\n<meta name=\"author\" content=\"Diario1 Diario1\" \/>\n<meta name=\"twitter:card\" content=\"summary_large_image\" \/>\n<meta name=\"twitter:creator\" content=\"@eltextual\" \/>\n<meta name=\"twitter:site\" content=\"@eltextual\" \/>\n<meta name=\"twitter:label1\" content=\"Escrito por\" \/>\n\t<meta name=\"twitter:data1\" content=\"Diario1 Diario1\" \/>\n\t<meta name=\"twitter:label2\" content=\"Tiempo de lectura\" \/>\n\t<meta name=\"twitter:data2\" content=\"4 minutos\" \/>\n<script type=\"application\/ld+json\" class=\"yoast-schema-graph\">{\"@context\":\"https:\\\/\\\/schema.org\",\"@graph\":[{\"@type\":\"Article\",\"@id\":\"https:\\\/\\\/diariotextual.com\\\/inicio\\\/index.php\\\/2026\\\/03\\\/04\\\/discursos-en-blanco-y-negro-la-pampa-peronista-aguanta-y-la-horca-libertaria-avanza\\\/#article\",\"isPartOf\":{\"@id\":\"https:\\\/\\\/diariotextual.com\\\/inicio\\\/index.php\\\/2026\\\/03\\\/04\\\/discursos-en-blanco-y-negro-la-pampa-peronista-aguanta-y-la-horca-libertaria-avanza\\\/\"},\"author\":{\"name\":\"Diario1 Diario1\",\"@id\":\"https:\\\/\\\/diariotextual.com\\\/inicio\\\/#\\\/schema\\\/person\\\/418fc4093c33e86ed41562db3508f958\"},\"headline\":\"Discursos en blanco y negro: La Pampa peronista aguanta y la horca libertaria avanza\",\"datePublished\":\"2026-03-05T02:21:22+00:00\",\"dateModified\":\"2026-03-05T08:53:03+00:00\",\"mainEntityOfPage\":{\"@id\":\"https:\\\/\\\/diariotextual.com\\\/inicio\\\/index.php\\\/2026\\\/03\\\/04\\\/discursos-en-blanco-y-negro-la-pampa-peronista-aguanta-y-la-horca-libertaria-avanza\\\/\"},\"wordCount\":766,\"publisher\":{\"@id\":\"https:\\\/\\\/diariotextual.com\\\/inicio\\\/#organization\"},\"image\":{\"@id\":\"https:\\\/\\\/diariotextual.com\\\/inicio\\\/index.php\\\/2026\\\/03\\\/04\\\/discursos-en-blanco-y-negro-la-pampa-peronista-aguanta-y-la-horca-libertaria-avanza\\\/#primaryimage\"},\"thumbnailUrl\":\"https:\\\/\\\/diariotextual.com\\\/inicio\\\/wp-content\\\/uploads\\\/2026\\\/03\\\/ziliottosergiomileijavierziliottomileiziliotto2026-2.jpg\",\"articleSection\":[\"A - PORTADA2\",\"POLITICA\"],\"inLanguage\":\"es\"},{\"@type\":\"WebPage\",\"@id\":\"https:\\\/\\\/diariotextual.com\\\/inicio\\\/index.php\\\/2026\\\/03\\\/04\\\/discursos-en-blanco-y-negro-la-pampa-peronista-aguanta-y-la-horca-libertaria-avanza\\\/\",\"url\":\"https:\\\/\\\/diariotextual.com\\\/inicio\\\/index.php\\\/2026\\\/03\\\/04\\\/discursos-en-blanco-y-negro-la-pampa-peronista-aguanta-y-la-horca-libertaria-avanza\\\/\",\"name\":\"Discursos en blanco y negro: La Pampa peronista aguanta y la horca libertaria avanza - Diario Textual\",\"isPartOf\":{\"@id\":\"https:\\\/\\\/diariotextual.com\\\/inicio\\\/#website\"},\"primaryImageOfPage\":{\"@id\":\"https:\\\/\\\/diariotextual.com\\\/inicio\\\/index.php\\\/2026\\\/03\\\/04\\\/discursos-en-blanco-y-negro-la-pampa-peronista-aguanta-y-la-horca-libertaria-avanza\\\/#primaryimage\"},\"image\":{\"@id\":\"https:\\\/\\\/diariotextual.com\\\/inicio\\\/index.php\\\/2026\\\/03\\\/04\\\/discursos-en-blanco-y-negro-la-pampa-peronista-aguanta-y-la-horca-libertaria-avanza\\\/#primaryimage\"},\"thumbnailUrl\":\"https:\\\/\\\/diariotextual.com\\\/inicio\\\/wp-content\\\/uploads\\\/2026\\\/03\\\/ziliottosergiomileijavierziliottomileiziliotto2026-2.jpg\",\"datePublished\":\"2026-03-05T02:21:22+00:00\",\"dateModified\":\"2026-03-05T08:53:03+00:00\",\"breadcrumb\":{\"@id\":\"https:\\\/\\\/diariotextual.com\\\/inicio\\\/index.php\\\/2026\\\/03\\\/04\\\/discursos-en-blanco-y-negro-la-pampa-peronista-aguanta-y-la-horca-libertaria-avanza\\\/#breadcrumb\"},\"inLanguage\":\"es\",\"potentialAction\":[{\"@type\":\"ReadAction\",\"target\":[\"https:\\\/\\\/diariotextual.com\\\/inicio\\\/index.php\\\/2026\\\/03\\\/04\\\/discursos-en-blanco-y-negro-la-pampa-peronista-aguanta-y-la-horca-libertaria-avanza\\\/\"]}]},{\"@type\":\"ImageObject\",\"inLanguage\":\"es\",\"@id\":\"https:\\\/\\\/diariotextual.com\\\/inicio\\\/index.php\\\/2026\\\/03\\\/04\\\/discursos-en-blanco-y-negro-la-pampa-peronista-aguanta-y-la-horca-libertaria-avanza\\\/#primaryimage\",\"url\":\"https:\\\/\\\/diariotextual.com\\\/inicio\\\/wp-content\\\/uploads\\\/2026\\\/03\\\/ziliottosergiomileijavierziliottomileiziliotto2026-2.jpg\",\"contentUrl\":\"https:\\\/\\\/diariotextual.com\\\/inicio\\\/wp-content\\\/uploads\\\/2026\\\/03\\\/ziliottosergiomileijavierziliottomileiziliotto2026-2.jpg\",\"width\":1300,\"height\":775},{\"@type\":\"BreadcrumbList\",\"@id\":\"https:\\\/\\\/diariotextual.com\\\/inicio\\\/index.php\\\/2026\\\/03\\\/04\\\/discursos-en-blanco-y-negro-la-pampa-peronista-aguanta-y-la-horca-libertaria-avanza\\\/#breadcrumb\",\"itemListElement\":[{\"@type\":\"ListItem\",\"position\":1,\"name\":\"Portada\",\"item\":\"https:\\\/\\\/diariotextual.com\\\/inicio\\\/\"},{\"@type\":\"ListItem\",\"position\":2,\"name\":\"Discursos en blanco y negro: La Pampa peronista aguanta y la horca libertaria avanza\"}]},{\"@type\":\"WebSite\",\"@id\":\"https:\\\/\\\/diariotextual.com\\\/inicio\\\/#website\",\"url\":\"https:\\\/\\\/diariotextual.com\\\/inicio\\\/\",\"name\":\"Diario Textual\",\"description\":\"\",\"publisher\":{\"@id\":\"https:\\\/\\\/diariotextual.com\\\/inicio\\\/#organization\"},\"potentialAction\":[{\"@type\":\"SearchAction\",\"target\":{\"@type\":\"EntryPoint\",\"urlTemplate\":\"https:\\\/\\\/diariotextual.com\\\/inicio\\\/?s={search_term_string}\"},\"query-input\":{\"@type\":\"PropertyValueSpecification\",\"valueRequired\":true,\"valueName\":\"search_term_string\"}}],\"inLanguage\":\"es\"},{\"@type\":\"Organization\",\"@id\":\"https:\\\/\\\/diariotextual.com\\\/inicio\\\/#organization\",\"name\":\"Diario Textual\",\"url\":\"https:\\\/\\\/diariotextual.com\\\/inicio\\\/\",\"logo\":{\"@type\":\"ImageObject\",\"inLanguage\":\"es\",\"@id\":\"https:\\\/\\\/diariotextual.com\\\/inicio\\\/#\\\/schema\\\/logo\\\/image\\\/\",\"url\":\"https:\\\/\\\/diariotextual.com\\\/inicio\\\/wp-content\\\/uploads\\\/2023\\\/05\\\/logotextual1.jpg\",\"contentUrl\":\"https:\\\/\\\/diariotextual.com\\\/inicio\\\/wp-content\\\/uploads\\\/2023\\\/05\\\/logotextual1.jpg\",\"width\":516,\"height\":76,\"caption\":\"Diario Textual\"},\"image\":{\"@id\":\"https:\\\/\\\/diariotextual.com\\\/inicio\\\/#\\\/schema\\\/logo\\\/image\\\/\"},\"sameAs\":[\"https:\\\/\\\/www.facebook.com\\\/eltextual\",\"https:\\\/\\\/x.com\\\/eltextual\",\"http:\\\/\\\/www.instagram.com\\\/eltextual\"]},{\"@type\":\"Person\",\"@id\":\"https:\\\/\\\/diariotextual.com\\\/inicio\\\/#\\\/schema\\\/person\\\/418fc4093c33e86ed41562db3508f958\",\"name\":\"Diario1 Diario1\",\"image\":{\"@type\":\"ImageObject\",\"inLanguage\":\"es\",\"@id\":\"https:\\\/\\\/secure.gravatar.com\\\/avatar\\\/9167d280179c85bc18be67aa7eda765854300033af4896dd779b608640f2ef7a?s=96&d=mm&r=g\",\"url\":\"https:\\\/\\\/secure.gravatar.com\\\/avatar\\\/9167d280179c85bc18be67aa7eda765854300033af4896dd779b608640f2ef7a?s=96&d=mm&r=g\",\"contentUrl\":\"https:\\\/\\\/secure.gravatar.com\\\/avatar\\\/9167d280179c85bc18be67aa7eda765854300033af4896dd779b608640f2ef7a?s=96&d=mm&r=g\",\"caption\":\"Diario1 Diario1\"},\"url\":\"https:\\\/\\\/diariotextual.com\\\/inicio\\\/index.php\\\/author\\\/diario1\\\/\"}]}<\/script>\n<!-- \/ Yoast SEO plugin. -->","yoast_head_json":{"title":"Discursos en blanco y negro: La Pampa peronista aguanta y la horca libertaria avanza - Diario Textual","robots":{"index":"index","follow":"follow","max-snippet":"max-snippet:-1","max-image-preview":"max-image-preview:large","max-video-preview":"max-video-preview:-1"},"canonical":"https:\/\/diariotextual.com\/inicio\/index.php\/2026\/03\/04\/discursos-en-blanco-y-negro-la-pampa-peronista-aguanta-y-la-horca-libertaria-avanza\/","og_locale":"es_ES","og_type":"article","og_title":"Discursos en blanco y negro: La Pampa peronista aguanta y la horca libertaria avanza - Diario Textual","og_description":"Por Norberto G. Asquini Los discursos de apertura de sesiones legislativas, tanto el del presidente Javier Milei como el del gobernador Sergio Ziliotto, dejaron algo brutalmente claro: ambos est\u00e1n ubicados&hellip;","og_url":"https:\/\/diariotextual.com\/inicio\/index.php\/2026\/03\/04\/discursos-en-blanco-y-negro-la-pampa-peronista-aguanta-y-la-horca-libertaria-avanza\/","og_site_name":"Diario Textual","article_publisher":"https:\/\/www.facebook.com\/eltextual","article_published_time":"2026-03-05T02:21:22+00:00","article_modified_time":"2026-03-05T08:53:03+00:00","og_image":[{"width":1300,"height":775,"url":"https:\/\/diariotextual.com\/inicio\/wp-content\/uploads\/2026\/03\/ziliottosergiomileijavierziliottomileiziliotto2026-2.jpg","type":"image\/jpeg"}],"author":"Diario1 Diario1","twitter_card":"summary_large_image","twitter_creator":"@eltextual","twitter_site":"@eltextual","twitter_misc":{"Escrito por":"Diario1 Diario1","Tiempo de lectura":"4 minutos"},"schema":{"@context":"https:\/\/schema.org","@graph":[{"@type":"Article","@id":"https:\/\/diariotextual.com\/inicio\/index.php\/2026\/03\/04\/discursos-en-blanco-y-negro-la-pampa-peronista-aguanta-y-la-horca-libertaria-avanza\/#article","isPartOf":{"@id":"https:\/\/diariotextual.com\/inicio\/index.php\/2026\/03\/04\/discursos-en-blanco-y-negro-la-pampa-peronista-aguanta-y-la-horca-libertaria-avanza\/"},"author":{"name":"Diario1 Diario1","@id":"https:\/\/diariotextual.com\/inicio\/#\/schema\/person\/418fc4093c33e86ed41562db3508f958"},"headline":"Discursos en blanco y negro: La Pampa peronista aguanta y la horca libertaria avanza","datePublished":"2026-03-05T02:21:22+00:00","dateModified":"2026-03-05T08:53:03+00:00","mainEntityOfPage":{"@id":"https:\/\/diariotextual.com\/inicio\/index.php\/2026\/03\/04\/discursos-en-blanco-y-negro-la-pampa-peronista-aguanta-y-la-horca-libertaria-avanza\/"},"wordCount":766,"publisher":{"@id":"https:\/\/diariotextual.com\/inicio\/#organization"},"image":{"@id":"https:\/\/diariotextual.com\/inicio\/index.php\/2026\/03\/04\/discursos-en-blanco-y-negro-la-pampa-peronista-aguanta-y-la-horca-libertaria-avanza\/#primaryimage"},"thumbnailUrl":"https:\/\/diariotextual.com\/inicio\/wp-content\/uploads\/2026\/03\/ziliottosergiomileijavierziliottomileiziliotto2026-2.jpg","articleSection":["A - PORTADA2","POLITICA"],"inLanguage":"es"},{"@type":"WebPage","@id":"https:\/\/diariotextual.com\/inicio\/index.php\/2026\/03\/04\/discursos-en-blanco-y-negro-la-pampa-peronista-aguanta-y-la-horca-libertaria-avanza\/","url":"https:\/\/diariotextual.com\/inicio\/index.php\/2026\/03\/04\/discursos-en-blanco-y-negro-la-pampa-peronista-aguanta-y-la-horca-libertaria-avanza\/","name":"Discursos en blanco y negro: La Pampa peronista aguanta y la horca libertaria avanza - Diario Textual","isPartOf":{"@id":"https:\/\/diariotextual.com\/inicio\/#website"},"primaryImageOfPage":{"@id":"https:\/\/diariotextual.com\/inicio\/index.php\/2026\/03\/04\/discursos-en-blanco-y-negro-la-pampa-peronista-aguanta-y-la-horca-libertaria-avanza\/#primaryimage"},"image":{"@id":"https:\/\/diariotextual.com\/inicio\/index.php\/2026\/03\/04\/discursos-en-blanco-y-negro-la-pampa-peronista-aguanta-y-la-horca-libertaria-avanza\/#primaryimage"},"thumbnailUrl":"https:\/\/diariotextual.com\/inicio\/wp-content\/uploads\/2026\/03\/ziliottosergiomileijavierziliottomileiziliotto2026-2.jpg","datePublished":"2026-03-05T02:21:22+00:00","dateModified":"2026-03-05T08:53:03+00:00","breadcrumb":{"@id":"https:\/\/diariotextual.com\/inicio\/index.php\/2026\/03\/04\/discursos-en-blanco-y-negro-la-pampa-peronista-aguanta-y-la-horca-libertaria-avanza\/#breadcrumb"},"inLanguage":"es","potentialAction":[{"@type":"ReadAction","target":["https:\/\/diariotextual.com\/inicio\/index.php\/2026\/03\/04\/discursos-en-blanco-y-negro-la-pampa-peronista-aguanta-y-la-horca-libertaria-avanza\/"]}]},{"@type":"ImageObject","inLanguage":"es","@id":"https:\/\/diariotextual.com\/inicio\/index.php\/2026\/03\/04\/discursos-en-blanco-y-negro-la-pampa-peronista-aguanta-y-la-horca-libertaria-avanza\/#primaryimage","url":"https:\/\/diariotextual.com\/inicio\/wp-content\/uploads\/2026\/03\/ziliottosergiomileijavierziliottomileiziliotto2026-2.jpg","contentUrl":"https:\/\/diariotextual.com\/inicio\/wp-content\/uploads\/2026\/03\/ziliottosergiomileijavierziliottomileiziliotto2026-2.jpg","width":1300,"height":775},{"@type":"BreadcrumbList","@id":"https:\/\/diariotextual.com\/inicio\/index.php\/2026\/03\/04\/discursos-en-blanco-y-negro-la-pampa-peronista-aguanta-y-la-horca-libertaria-avanza\/#breadcrumb","itemListElement":[{"@type":"ListItem","position":1,"name":"Portada","item":"https:\/\/diariotextual.com\/inicio\/"},{"@type":"ListItem","position":2,"name":"Discursos en blanco y negro: La Pampa peronista aguanta y la horca libertaria avanza"}]},{"@type":"WebSite","@id":"https:\/\/diariotextual.com\/inicio\/#website","url":"https:\/\/diariotextual.com\/inicio\/","name":"Diario Textual","description":"","publisher":{"@id":"https:\/\/diariotextual.com\/inicio\/#organization"},"potentialAction":[{"@type":"SearchAction","target":{"@type":"EntryPoint","urlTemplate":"https:\/\/diariotextual.com\/inicio\/?s={search_term_string}"},"query-input":{"@type":"PropertyValueSpecification","valueRequired":true,"valueName":"search_term_string"}}],"inLanguage":"es"},{"@type":"Organization","@id":"https:\/\/diariotextual.com\/inicio\/#organization","name":"Diario Textual","url":"https:\/\/diariotextual.com\/inicio\/","logo":{"@type":"ImageObject","inLanguage":"es","@id":"https:\/\/diariotextual.com\/inicio\/#\/schema\/logo\/image\/","url":"https:\/\/diariotextual.com\/inicio\/wp-content\/uploads\/2023\/05\/logotextual1.jpg","contentUrl":"https:\/\/diariotextual.com\/inicio\/wp-content\/uploads\/2023\/05\/logotextual1.jpg","width":516,"height":76,"caption":"Diario Textual"},"image":{"@id":"https:\/\/diariotextual.com\/inicio\/#\/schema\/logo\/image\/"},"sameAs":["https:\/\/www.facebook.com\/eltextual","https:\/\/x.com\/eltextual","http:\/\/www.instagram.com\/eltextual"]},{"@type":"Person","@id":"https:\/\/diariotextual.com\/inicio\/#\/schema\/person\/418fc4093c33e86ed41562db3508f958","name":"Diario1 Diario1","image":{"@type":"ImageObject","inLanguage":"es","@id":"https:\/\/secure.gravatar.com\/avatar\/9167d280179c85bc18be67aa7eda765854300033af4896dd779b608640f2ef7a?s=96&d=mm&r=g","url":"https:\/\/secure.gravatar.com\/avatar\/9167d280179c85bc18be67aa7eda765854300033af4896dd779b608640f2ef7a?s=96&d=mm&r=g","contentUrl":"https:\/\/secure.gravatar.com\/avatar\/9167d280179c85bc18be67aa7eda765854300033af4896dd779b608640f2ef7a?s=96&d=mm&r=g","caption":"Diario1 Diario1"},"url":"https:\/\/diariotextual.com\/inicio\/index.php\/author\/diario1\/"}]}},"_links":{"self":[{"href":"https:\/\/diariotextual.com\/inicio\/index.php\/wp-json\/wp\/v2\/posts\/321328","targetHints":{"allow":["GET"]}}],"collection":[{"href":"https:\/\/diariotextual.com\/inicio\/index.php\/wp-json\/wp\/v2\/posts"}],"about":[{"href":"https:\/\/diariotextual.com\/inicio\/index.php\/wp-json\/wp\/v2\/types\/post"}],"author":[{"embeddable":true,"href":"https:\/\/diariotextual.com\/inicio\/index.php\/wp-json\/wp\/v2\/users\/3"}],"replies":[{"embeddable":true,"href":"https:\/\/diariotextual.com\/inicio\/index.php\/wp-json\/wp\/v2\/comments?post=321328"}],"version-history":[{"count":2,"href":"https:\/\/diariotextual.com\/inicio\/index.php\/wp-json\/wp\/v2\/posts\/321328\/revisions"}],"predecessor-version":[{"id":321330,"href":"https:\/\/diariotextual.com\/inicio\/index.php\/wp-json\/wp\/v2\/posts\/321328\/revisions\/321330"}],"wp:featuredmedia":[{"embeddable":true,"href":"https:\/\/diariotextual.com\/inicio\/index.php\/wp-json\/wp\/v2\/media\/321331"}],"wp:attachment":[{"href":"https:\/\/diariotextual.com\/inicio\/index.php\/wp-json\/wp\/v2\/media?parent=321328"}],"wp:term":[{"taxonomy":"category","embeddable":true,"href":"https:\/\/diariotextual.com\/inicio\/index.php\/wp-json\/wp\/v2\/categories?post=321328"},{"taxonomy":"post_tag","embeddable":true,"href":"https:\/\/diariotextual.com\/inicio\/index.php\/wp-json\/wp\/v2\/tags?post=321328"}],"curies":[{"name":"wp","href":"https:\/\/api.w.org\/{rel}","templated":true}]}}