{"id":321333,"date":"2026-03-04T07:03:31","date_gmt":"2026-03-04T10:03:31","guid":{"rendered":"https:\/\/diariotextual.com\/inicio\/?p=321333"},"modified":"2026-03-04T07:03:34","modified_gmt":"2026-03-04T10:03:34","slug":"el-industricidio-una-antigua-fabrica-tucumana-corto-la-luz-cerro-las-puertas-y-dejo-afuera-a-75-operarios","status":"publish","type":"post","link":"https:\/\/diariotextual.com\/inicio\/index.php\/2026\/03\/04\/el-industricidio-una-antigua-fabrica-tucumana-corto-la-luz-cerro-las-puertas-y-dejo-afuera-a-75-operarios\/","title":{"rendered":"El industricidio: una antigua f\u00e1brica tucumana cort\u00f3 la luz, cerr\u00f3 las puertas y dej\u00f3 afuera a 75 operarios"},"content":{"rendered":"\n<p>La <strong>hist\u00f3rica f\u00e1brica de bolsas Panpack SA<\/strong>, ubicada a la vera de la <strong>ruta 9<\/strong>, en <strong>Los Nogales<\/strong> (Tucum\u00e1n), no resisti\u00f3 la <strong>competencia importada<\/strong> y, luego de cesantear a <strong>25 empleados<\/strong> el a\u00f1o pasado, durante el \u00faltimo fin de semana notific\u00f3 de manera verbal a los <strong>75 trabajadores<\/strong> que permanec\u00edan en planta que ser\u00edan despedidos.<\/p>\n\n\n\n<p>El anuncio se concret\u00f3 en la ma\u00f1ana del lunes, cuando deb\u00eda ingresar el turno de las 6. Los operarios no pudieron acceder a las instalaciones porque los <strong>portones estaban cerrados<\/strong> y hab\u00eda <strong>personal de seguridad<\/strong> custodi\u00e1ndolos, seg\u00fan inform\u00f3 la <strong>Agencia Noticias Argentinas<\/strong>.<\/p>\n\n\n\n<p>\u201cEl fin de semana recibieron una notificaci\u00f3n verbal, no un telegrama: \u2018no vengan el lunes\u2019\u201d, relat\u00f3 el periodista <strong>Mart\u00edn Borja<\/strong>.<\/p>\n\n\n\n<p>Record\u00f3 adem\u00e1s que en julio del a\u00f1o pasado ya se hab\u00edan producido <strong>25 despidos<\/strong>, que representaban entre el <strong>10% y el 15% del plantel<\/strong>. \u201cQuedaban 75 empleados, hoy cesanteados\u201d, agreg\u00f3.<\/p>\n\n\n\n<p>Los trabajadores se dirigieron a la <strong>comisar\u00eda de Los Nogales<\/strong> para radicar la <strong>denuncia<\/strong> junto al delegado gremial.<\/p>\n\n\n\n<p>La empresa atravesaba una situaci\u00f3n cr\u00edtica y hab\u00eda iniciado un <strong>concurso preventivo<\/strong> para evitar la quiebra.<\/p>\n\n\n\n<div style=\"height:100px\" aria-hidden=\"true\" class=\"wp-block-spacer\"><\/div>\n\n\n\n<p><strong>Clientes avisados<\/strong><\/p>\n\n\n\n<p>Borja se\u00f1al\u00f3 tambi\u00e9n que la firma ya hab\u00eda notificado a las <strong>compa\u00f1\u00edas azucareras<\/strong> que no podr\u00eda abastecerlas de bolsas en la antesala de la <strong>zafra 2026<\/strong>, lo que anticipaba el desenlace que se confirm\u00f3 el lunes, cuando los operarios no pudieron ingresar a la planta.<\/p>\n\n\n\n<p>En noviembre pasado ya se advert\u00eda un escenario complejo. La compa\u00f1\u00eda inici\u00f3 2025 con <strong>100 trabajadores efectivos<\/strong> y luego incorpor\u00f3 <strong>20 contratados<\/strong>, pero el 28 de mayo despidi\u00f3 a 25 empleados con entre <strong>5 y 35 a\u00f1os de antig\u00fcedad<\/strong>.<\/p>\n\n\n\n<p>Como \u00fanica propuesta, la empresa ofreci\u00f3 pagar el <strong>50% de la indemnizaci\u00f3n en siete cuotas<\/strong>, lo que no fue aceptado por los trabajadores, quienes contrataron abogados e iniciaron un <strong>juicio laboral<\/strong>. Los despidos formaban parte de una estrategia para reducir el plantel.<\/p>\n\n\n\n<div style=\"height:100px\" aria-hidden=\"true\" class=\"wp-block-spacer\"><\/div>\n\n\n\n<p><strong>Quince ingenios y un cierre que impacta en Tucum\u00e1n<\/strong><\/p>\n\n\n\n<p>La planta cerr\u00f3 luego de m\u00e1s de <strong>50 a\u00f1os de actividad<\/strong>, durante los cuales abasteci\u00f3 a <strong>15 ingenios azucareros<\/strong>. Con este cierre, <strong>75 trabajadores quedaron desempleados<\/strong>. En la provincia, el caso se suma al cierre de la textil <strong>TN&amp;Platex<\/strong> en enero, por lo que ya son <strong>dos f\u00e1bricas cerradas en 2026 en Tucum\u00e1n<\/strong>.<\/p>\n\n\n\n<p>La diputada <strong>Julia Strada<\/strong> (Uni\u00f3n por la Patria) hab\u00eda incluido en enero a Panpack entre los <strong>677 conflictos laborales<\/strong> registrados en el pa\u00eds por despidos, suspensiones o cierres de empresas, en el marco del tratamiento de la <strong>Reforma Laboral<\/strong> impulsada por <strong>Javier Milei<\/strong>, que luego fue aprobada.<\/p>\n\n\n\n<p>\u201cTucum\u00e1n \u2013 24 conflictos como las suspensiones en Scania, los despidos en Panpack o la reducci\u00f3n de jornada en Topper\u201d, sostuvo, y detall\u00f3 que en la provincia hubo <strong>15 despidos, 6 suspensiones, 2 cierres y una empresa en crisis<\/strong>.<\/p>\n\n\n\n<p>En su sitio web, la firma se presenta como \u201cuna empresa con <strong>50 a\u00f1os de trayectoria<\/strong>, l\u00edder en la producci\u00f3n de <strong>tejidos, bolsas, hilos y cintas de rafia de polipropileno<\/strong>\u201d, y destaca la fabricaci\u00f3n de telas, bolsas y cordeler\u00eda.<\/p>\n\n\n\n<p>Entre enero de 2024 y el 5 de febrero de 2026 se registraron al menos <strong>717 casos de conflictividad laboral en Argentina<\/strong>. El sector m\u00e1s afectado fue la <strong>industria<\/strong>, que concentr\u00f3 el <strong>62,1% de los conflictos<\/strong>.<\/p>\n\n\n\n<p>La principal causa fueron los <strong>despidos (63,6%)<\/strong>, seguidos por los <strong>cierres de empresas (12,3%)<\/strong>, las <strong>suspensiones (10%)<\/strong> y las <strong>crisis empresarias (7,8%)<\/strong>, seg\u00fan datos del <strong>Centro CEPA<\/strong>.<\/p>\n\n\n\n<p><\/p>\n","protected":false},"excerpt":{"rendered":"<p>La hist\u00f3rica f\u00e1brica de bolsas Panpack SA, ubicada a la vera de la ruta 9, en Los Nogales (Tucum\u00e1n), no resisti\u00f3 la competencia importada y, luego de cesantear a 25&hellip;<\/p>\n","protected":false},"author":3,"featured_media":321336,"comment_status":"closed","ping_status":"open","sticky":false,"template":"","format":"standard","meta":{"_acf_changed":false,"footnotes":""},"categories":[1,12],"tags":[],"class_list":["post-321333","post","type-post","status-publish","format-standard","has-post-thumbnail","hentry","category-es-noticia","category-sociedad"],"acf":[],"yoast_head":"<!-- This site is optimized with the Yoast SEO plugin v27.5 - https:\/\/yoast.com\/product\/yoast-seo-wordpress\/ -->\n<title>El industricidio: una antigua f\u00e1brica tucumana cort\u00f3 la luz, cerr\u00f3 las puertas y dej\u00f3 afuera a 75 operarios - Diario Textual<\/title>\n<meta name=\"robots\" content=\"index, follow, max-snippet:-1, max-image-preview:large, max-video-preview:-1\" \/>\n<link rel=\"canonical\" href=\"https:\/\/diariotextual.com\/inicio\/index.php\/2026\/03\/04\/el-industricidio-una-antigua-fabrica-tucumana-corto-la-luz-cerro-las-puertas-y-dejo-afuera-a-75-operarios\/\" \/>\n<meta property=\"og:locale\" content=\"es_ES\" \/>\n<meta property=\"og:type\" content=\"article\" \/>\n<meta property=\"og:title\" content=\"El industricidio: una antigua f\u00e1brica tucumana cort\u00f3 la luz, cerr\u00f3 las puertas y dej\u00f3 afuera a 75 operarios - Diario Textual\" \/>\n<meta property=\"og:description\" content=\"La hist\u00f3rica f\u00e1brica de bolsas Panpack SA, ubicada a la vera de la ruta 9, en Los Nogales (Tucum\u00e1n), no resisti\u00f3 la competencia importada y, luego de cesantear a 25&hellip;\" \/>\n<meta property=\"og:url\" content=\"https:\/\/diariotextual.com\/inicio\/index.php\/2026\/03\/04\/el-industricidio-una-antigua-fabrica-tucumana-corto-la-luz-cerro-las-puertas-y-dejo-afuera-a-75-operarios\/\" \/>\n<meta property=\"og:site_name\" content=\"Diario Textual\" \/>\n<meta property=\"article:publisher\" content=\"https:\/\/www.facebook.com\/eltextual\" \/>\n<meta property=\"article:published_time\" content=\"2026-03-04T10:03:31+00:00\" \/>\n<meta property=\"article:modified_time\" content=\"2026-03-04T10:03:34+00:00\" \/>\n<meta property=\"og:image\" content=\"https:\/\/diariotextual.com\/inicio\/wp-content\/uploads\/2026\/03\/industriasoperariotrabajador2029999-1.webp\" \/>\n\t<meta property=\"og:image:width\" content=\"928\" \/>\n\t<meta property=\"og:image:height\" content=\"522\" \/>\n\t<meta property=\"og:image:type\" content=\"image\/webp\" \/>\n<meta name=\"author\" content=\"Diario1 Diario1\" \/>\n<meta name=\"twitter:card\" content=\"summary_large_image\" \/>\n<meta name=\"twitter:creator\" content=\"@eltextual\" \/>\n<meta name=\"twitter:site\" content=\"@eltextual\" \/>\n<meta name=\"twitter:label1\" content=\"Escrito por\" \/>\n\t<meta name=\"twitter:data1\" content=\"Diario1 Diario1\" \/>\n\t<meta name=\"twitter:label2\" content=\"Tiempo de lectura\" \/>\n\t<meta name=\"twitter:data2\" content=\"3 minutos\" \/>\n<script type=\"application\/ld+json\" class=\"yoast-schema-graph\">{\"@context\":\"https:\\\/\\\/schema.org\",\"@graph\":[{\"@type\":\"Article\",\"@id\":\"https:\\\/\\\/diariotextual.com\\\/inicio\\\/index.php\\\/2026\\\/03\\\/04\\\/el-industricidio-una-antigua-fabrica-tucumana-corto-la-luz-cerro-las-puertas-y-dejo-afuera-a-75-operarios\\\/#article\",\"isPartOf\":{\"@id\":\"https:\\\/\\\/diariotextual.com\\\/inicio\\\/index.php\\\/2026\\\/03\\\/04\\\/el-industricidio-una-antigua-fabrica-tucumana-corto-la-luz-cerro-las-puertas-y-dejo-afuera-a-75-operarios\\\/\"},\"author\":{\"name\":\"Diario1 Diario1\",\"@id\":\"https:\\\/\\\/diariotextual.com\\\/inicio\\\/#\\\/schema\\\/person\\\/418fc4093c33e86ed41562db3508f958\"},\"headline\":\"El industricidio: una antigua f\u00e1brica tucumana cort\u00f3 la luz, cerr\u00f3 las puertas y dej\u00f3 afuera a 75 operarios\",\"datePublished\":\"2026-03-04T10:03:31+00:00\",\"dateModified\":\"2026-03-04T10:03:34+00:00\",\"mainEntityOfPage\":{\"@id\":\"https:\\\/\\\/diariotextual.com\\\/inicio\\\/index.php\\\/2026\\\/03\\\/04\\\/el-industricidio-una-antigua-fabrica-tucumana-corto-la-luz-cerro-las-puertas-y-dejo-afuera-a-75-operarios\\\/\"},\"wordCount\":589,\"publisher\":{\"@id\":\"https:\\\/\\\/diariotextual.com\\\/inicio\\\/#organization\"},\"image\":{\"@id\":\"https:\\\/\\\/diariotextual.com\\\/inicio\\\/index.php\\\/2026\\\/03\\\/04\\\/el-industricidio-una-antigua-fabrica-tucumana-corto-la-luz-cerro-las-puertas-y-dejo-afuera-a-75-operarios\\\/#primaryimage\"},\"thumbnailUrl\":\"https:\\\/\\\/diariotextual.com\\\/inicio\\\/wp-content\\\/uploads\\\/2026\\\/03\\\/industriasoperariotrabajador2029999-1.webp\",\"articleSection\":[\"A - ES NOTICIA (van abajo)\",\"SOCIEDAD\"],\"inLanguage\":\"es\"},{\"@type\":\"WebPage\",\"@id\":\"https:\\\/\\\/diariotextual.com\\\/inicio\\\/index.php\\\/2026\\\/03\\\/04\\\/el-industricidio-una-antigua-fabrica-tucumana-corto-la-luz-cerro-las-puertas-y-dejo-afuera-a-75-operarios\\\/\",\"url\":\"https:\\\/\\\/diariotextual.com\\\/inicio\\\/index.php\\\/2026\\\/03\\\/04\\\/el-industricidio-una-antigua-fabrica-tucumana-corto-la-luz-cerro-las-puertas-y-dejo-afuera-a-75-operarios\\\/\",\"name\":\"El industricidio: una antigua f\u00e1brica tucumana cort\u00f3 la luz, cerr\u00f3 las puertas y dej\u00f3 afuera a 75 operarios - Diario Textual\",\"isPartOf\":{\"@id\":\"https:\\\/\\\/diariotextual.com\\\/inicio\\\/#website\"},\"primaryImageOfPage\":{\"@id\":\"https:\\\/\\\/diariotextual.com\\\/inicio\\\/index.php\\\/2026\\\/03\\\/04\\\/el-industricidio-una-antigua-fabrica-tucumana-corto-la-luz-cerro-las-puertas-y-dejo-afuera-a-75-operarios\\\/#primaryimage\"},\"image\":{\"@id\":\"https:\\\/\\\/diariotextual.com\\\/inicio\\\/index.php\\\/2026\\\/03\\\/04\\\/el-industricidio-una-antigua-fabrica-tucumana-corto-la-luz-cerro-las-puertas-y-dejo-afuera-a-75-operarios\\\/#primaryimage\"},\"thumbnailUrl\":\"https:\\\/\\\/diariotextual.com\\\/inicio\\\/wp-content\\\/uploads\\\/2026\\\/03\\\/industriasoperariotrabajador2029999-1.webp\",\"datePublished\":\"2026-03-04T10:03:31+00:00\",\"dateModified\":\"2026-03-04T10:03:34+00:00\",\"breadcrumb\":{\"@id\":\"https:\\\/\\\/diariotextual.com\\\/inicio\\\/index.php\\\/2026\\\/03\\\/04\\\/el-industricidio-una-antigua-fabrica-tucumana-corto-la-luz-cerro-las-puertas-y-dejo-afuera-a-75-operarios\\\/#breadcrumb\"},\"inLanguage\":\"es\",\"potentialAction\":[{\"@type\":\"ReadAction\",\"target\":[\"https:\\\/\\\/diariotextual.com\\\/inicio\\\/index.php\\\/2026\\\/03\\\/04\\\/el-industricidio-una-antigua-fabrica-tucumana-corto-la-luz-cerro-las-puertas-y-dejo-afuera-a-75-operarios\\\/\"]}]},{\"@type\":\"ImageObject\",\"inLanguage\":\"es\",\"@id\":\"https:\\\/\\\/diariotextual.com\\\/inicio\\\/index.php\\\/2026\\\/03\\\/04\\\/el-industricidio-una-antigua-fabrica-tucumana-corto-la-luz-cerro-las-puertas-y-dejo-afuera-a-75-operarios\\\/#primaryimage\",\"url\":\"https:\\\/\\\/diariotextual.com\\\/inicio\\\/wp-content\\\/uploads\\\/2026\\\/03\\\/industriasoperariotrabajador2029999-1.webp\",\"contentUrl\":\"https:\\\/\\\/diariotextual.com\\\/inicio\\\/wp-content\\\/uploads\\\/2026\\\/03\\\/industriasoperariotrabajador2029999-1.webp\",\"width\":928,\"height\":522},{\"@type\":\"BreadcrumbList\",\"@id\":\"https:\\\/\\\/diariotextual.com\\\/inicio\\\/index.php\\\/2026\\\/03\\\/04\\\/el-industricidio-una-antigua-fabrica-tucumana-corto-la-luz-cerro-las-puertas-y-dejo-afuera-a-75-operarios\\\/#breadcrumb\",\"itemListElement\":[{\"@type\":\"ListItem\",\"position\":1,\"name\":\"Portada\",\"item\":\"https:\\\/\\\/diariotextual.com\\\/inicio\\\/\"},{\"@type\":\"ListItem\",\"position\":2,\"name\":\"El industricidio: una antigua f\u00e1brica tucumana cort\u00f3 la luz, cerr\u00f3 las puertas y dej\u00f3 afuera a 75 operarios\"}]},{\"@type\":\"WebSite\",\"@id\":\"https:\\\/\\\/diariotextual.com\\\/inicio\\\/#website\",\"url\":\"https:\\\/\\\/diariotextual.com\\\/inicio\\\/\",\"name\":\"Diario Textual\",\"description\":\"\",\"publisher\":{\"@id\":\"https:\\\/\\\/diariotextual.com\\\/inicio\\\/#organization\"},\"potentialAction\":[{\"@type\":\"SearchAction\",\"target\":{\"@type\":\"EntryPoint\",\"urlTemplate\":\"https:\\\/\\\/diariotextual.com\\\/inicio\\\/?s={search_term_string}\"},\"query-input\":{\"@type\":\"PropertyValueSpecification\",\"valueRequired\":true,\"valueName\":\"search_term_string\"}}],\"inLanguage\":\"es\"},{\"@type\":\"Organization\",\"@id\":\"https:\\\/\\\/diariotextual.com\\\/inicio\\\/#organization\",\"name\":\"Diario Textual\",\"url\":\"https:\\\/\\\/diariotextual.com\\\/inicio\\\/\",\"logo\":{\"@type\":\"ImageObject\",\"inLanguage\":\"es\",\"@id\":\"https:\\\/\\\/diariotextual.com\\\/inicio\\\/#\\\/schema\\\/logo\\\/image\\\/\",\"url\":\"https:\\\/\\\/diariotextual.com\\\/inicio\\\/wp-content\\\/uploads\\\/2023\\\/05\\\/logotextual1.jpg\",\"contentUrl\":\"https:\\\/\\\/diariotextual.com\\\/inicio\\\/wp-content\\\/uploads\\\/2023\\\/05\\\/logotextual1.jpg\",\"width\":516,\"height\":76,\"caption\":\"Diario Textual\"},\"image\":{\"@id\":\"https:\\\/\\\/diariotextual.com\\\/inicio\\\/#\\\/schema\\\/logo\\\/image\\\/\"},\"sameAs\":[\"https:\\\/\\\/www.facebook.com\\\/eltextual\",\"https:\\\/\\\/x.com\\\/eltextual\",\"http:\\\/\\\/www.instagram.com\\\/eltextual\"]},{\"@type\":\"Person\",\"@id\":\"https:\\\/\\\/diariotextual.com\\\/inicio\\\/#\\\/schema\\\/person\\\/418fc4093c33e86ed41562db3508f958\",\"name\":\"Diario1 Diario1\",\"image\":{\"@type\":\"ImageObject\",\"inLanguage\":\"es\",\"@id\":\"https:\\\/\\\/secure.gravatar.com\\\/avatar\\\/9167d280179c85bc18be67aa7eda765854300033af4896dd779b608640f2ef7a?s=96&d=mm&r=g\",\"url\":\"https:\\\/\\\/secure.gravatar.com\\\/avatar\\\/9167d280179c85bc18be67aa7eda765854300033af4896dd779b608640f2ef7a?s=96&d=mm&r=g\",\"contentUrl\":\"https:\\\/\\\/secure.gravatar.com\\\/avatar\\\/9167d280179c85bc18be67aa7eda765854300033af4896dd779b608640f2ef7a?s=96&d=mm&r=g\",\"caption\":\"Diario1 Diario1\"},\"url\":\"https:\\\/\\\/diariotextual.com\\\/inicio\\\/index.php\\\/author\\\/diario1\\\/\"}]}<\/script>\n<!-- \/ Yoast SEO plugin. -->","yoast_head_json":{"title":"El industricidio: una antigua f\u00e1brica tucumana cort\u00f3 la luz, cerr\u00f3 las puertas y dej\u00f3 afuera a 75 operarios - Diario Textual","robots":{"index":"index","follow":"follow","max-snippet":"max-snippet:-1","max-image-preview":"max-image-preview:large","max-video-preview":"max-video-preview:-1"},"canonical":"https:\/\/diariotextual.com\/inicio\/index.php\/2026\/03\/04\/el-industricidio-una-antigua-fabrica-tucumana-corto-la-luz-cerro-las-puertas-y-dejo-afuera-a-75-operarios\/","og_locale":"es_ES","og_type":"article","og_title":"El industricidio: una antigua f\u00e1brica tucumana cort\u00f3 la luz, cerr\u00f3 las puertas y dej\u00f3 afuera a 75 operarios - Diario Textual","og_description":"La hist\u00f3rica f\u00e1brica de bolsas Panpack SA, ubicada a la vera de la ruta 9, en Los Nogales (Tucum\u00e1n), no resisti\u00f3 la competencia importada y, luego de cesantear a 25&hellip;","og_url":"https:\/\/diariotextual.com\/inicio\/index.php\/2026\/03\/04\/el-industricidio-una-antigua-fabrica-tucumana-corto-la-luz-cerro-las-puertas-y-dejo-afuera-a-75-operarios\/","og_site_name":"Diario Textual","article_publisher":"https:\/\/www.facebook.com\/eltextual","article_published_time":"2026-03-04T10:03:31+00:00","article_modified_time":"2026-03-04T10:03:34+00:00","og_image":[{"width":928,"height":522,"url":"https:\/\/diariotextual.com\/inicio\/wp-content\/uploads\/2026\/03\/industriasoperariotrabajador2029999-1.webp","type":"image\/webp"}],"author":"Diario1 Diario1","twitter_card":"summary_large_image","twitter_creator":"@eltextual","twitter_site":"@eltextual","twitter_misc":{"Escrito por":"Diario1 Diario1","Tiempo de lectura":"3 minutos"},"schema":{"@context":"https:\/\/schema.org","@graph":[{"@type":"Article","@id":"https:\/\/diariotextual.com\/inicio\/index.php\/2026\/03\/04\/el-industricidio-una-antigua-fabrica-tucumana-corto-la-luz-cerro-las-puertas-y-dejo-afuera-a-75-operarios\/#article","isPartOf":{"@id":"https:\/\/diariotextual.com\/inicio\/index.php\/2026\/03\/04\/el-industricidio-una-antigua-fabrica-tucumana-corto-la-luz-cerro-las-puertas-y-dejo-afuera-a-75-operarios\/"},"author":{"name":"Diario1 Diario1","@id":"https:\/\/diariotextual.com\/inicio\/#\/schema\/person\/418fc4093c33e86ed41562db3508f958"},"headline":"El industricidio: una antigua f\u00e1brica tucumana cort\u00f3 la luz, cerr\u00f3 las puertas y dej\u00f3 afuera a 75 operarios","datePublished":"2026-03-04T10:03:31+00:00","dateModified":"2026-03-04T10:03:34+00:00","mainEntityOfPage":{"@id":"https:\/\/diariotextual.com\/inicio\/index.php\/2026\/03\/04\/el-industricidio-una-antigua-fabrica-tucumana-corto-la-luz-cerro-las-puertas-y-dejo-afuera-a-75-operarios\/"},"wordCount":589,"publisher":{"@id":"https:\/\/diariotextual.com\/inicio\/#organization"},"image":{"@id":"https:\/\/diariotextual.com\/inicio\/index.php\/2026\/03\/04\/el-industricidio-una-antigua-fabrica-tucumana-corto-la-luz-cerro-las-puertas-y-dejo-afuera-a-75-operarios\/#primaryimage"},"thumbnailUrl":"https:\/\/diariotextual.com\/inicio\/wp-content\/uploads\/2026\/03\/industriasoperariotrabajador2029999-1.webp","articleSection":["A - ES NOTICIA (van abajo)","SOCIEDAD"],"inLanguage":"es"},{"@type":"WebPage","@id":"https:\/\/diariotextual.com\/inicio\/index.php\/2026\/03\/04\/el-industricidio-una-antigua-fabrica-tucumana-corto-la-luz-cerro-las-puertas-y-dejo-afuera-a-75-operarios\/","url":"https:\/\/diariotextual.com\/inicio\/index.php\/2026\/03\/04\/el-industricidio-una-antigua-fabrica-tucumana-corto-la-luz-cerro-las-puertas-y-dejo-afuera-a-75-operarios\/","name":"El industricidio: una antigua f\u00e1brica tucumana cort\u00f3 la luz, cerr\u00f3 las puertas y dej\u00f3 afuera a 75 operarios - Diario Textual","isPartOf":{"@id":"https:\/\/diariotextual.com\/inicio\/#website"},"primaryImageOfPage":{"@id":"https:\/\/diariotextual.com\/inicio\/index.php\/2026\/03\/04\/el-industricidio-una-antigua-fabrica-tucumana-corto-la-luz-cerro-las-puertas-y-dejo-afuera-a-75-operarios\/#primaryimage"},"image":{"@id":"https:\/\/diariotextual.com\/inicio\/index.php\/2026\/03\/04\/el-industricidio-una-antigua-fabrica-tucumana-corto-la-luz-cerro-las-puertas-y-dejo-afuera-a-75-operarios\/#primaryimage"},"thumbnailUrl":"https:\/\/diariotextual.com\/inicio\/wp-content\/uploads\/2026\/03\/industriasoperariotrabajador2029999-1.webp","datePublished":"2026-03-04T10:03:31+00:00","dateModified":"2026-03-04T10:03:34+00:00","breadcrumb":{"@id":"https:\/\/diariotextual.com\/inicio\/index.php\/2026\/03\/04\/el-industricidio-una-antigua-fabrica-tucumana-corto-la-luz-cerro-las-puertas-y-dejo-afuera-a-75-operarios\/#breadcrumb"},"inLanguage":"es","potentialAction":[{"@type":"ReadAction","target":["https:\/\/diariotextual.com\/inicio\/index.php\/2026\/03\/04\/el-industricidio-una-antigua-fabrica-tucumana-corto-la-luz-cerro-las-puertas-y-dejo-afuera-a-75-operarios\/"]}]},{"@type":"ImageObject","inLanguage":"es","@id":"https:\/\/diariotextual.com\/inicio\/index.php\/2026\/03\/04\/el-industricidio-una-antigua-fabrica-tucumana-corto-la-luz-cerro-las-puertas-y-dejo-afuera-a-75-operarios\/#primaryimage","url":"https:\/\/diariotextual.com\/inicio\/wp-content\/uploads\/2026\/03\/industriasoperariotrabajador2029999-1.webp","contentUrl":"https:\/\/diariotextual.com\/inicio\/wp-content\/uploads\/2026\/03\/industriasoperariotrabajador2029999-1.webp","width":928,"height":522},{"@type":"BreadcrumbList","@id":"https:\/\/diariotextual.com\/inicio\/index.php\/2026\/03\/04\/el-industricidio-una-antigua-fabrica-tucumana-corto-la-luz-cerro-las-puertas-y-dejo-afuera-a-75-operarios\/#breadcrumb","itemListElement":[{"@type":"ListItem","position":1,"name":"Portada","item":"https:\/\/diariotextual.com\/inicio\/"},{"@type":"ListItem","position":2,"name":"El industricidio: una antigua f\u00e1brica tucumana cort\u00f3 la luz, cerr\u00f3 las puertas y dej\u00f3 afuera a 75 operarios"}]},{"@type":"WebSite","@id":"https:\/\/diariotextual.com\/inicio\/#website","url":"https:\/\/diariotextual.com\/inicio\/","name":"Diario Textual","description":"","publisher":{"@id":"https:\/\/diariotextual.com\/inicio\/#organization"},"potentialAction":[{"@type":"SearchAction","target":{"@type":"EntryPoint","urlTemplate":"https:\/\/diariotextual.com\/inicio\/?s={search_term_string}"},"query-input":{"@type":"PropertyValueSpecification","valueRequired":true,"valueName":"search_term_string"}}],"inLanguage":"es"},{"@type":"Organization","@id":"https:\/\/diariotextual.com\/inicio\/#organization","name":"Diario Textual","url":"https:\/\/diariotextual.com\/inicio\/","logo":{"@type":"ImageObject","inLanguage":"es","@id":"https:\/\/diariotextual.com\/inicio\/#\/schema\/logo\/image\/","url":"https:\/\/diariotextual.com\/inicio\/wp-content\/uploads\/2023\/05\/logotextual1.jpg","contentUrl":"https:\/\/diariotextual.com\/inicio\/wp-content\/uploads\/2023\/05\/logotextual1.jpg","width":516,"height":76,"caption":"Diario Textual"},"image":{"@id":"https:\/\/diariotextual.com\/inicio\/#\/schema\/logo\/image\/"},"sameAs":["https:\/\/www.facebook.com\/eltextual","https:\/\/x.com\/eltextual","http:\/\/www.instagram.com\/eltextual"]},{"@type":"Person","@id":"https:\/\/diariotextual.com\/inicio\/#\/schema\/person\/418fc4093c33e86ed41562db3508f958","name":"Diario1 Diario1","image":{"@type":"ImageObject","inLanguage":"es","@id":"https:\/\/secure.gravatar.com\/avatar\/9167d280179c85bc18be67aa7eda765854300033af4896dd779b608640f2ef7a?s=96&d=mm&r=g","url":"https:\/\/secure.gravatar.com\/avatar\/9167d280179c85bc18be67aa7eda765854300033af4896dd779b608640f2ef7a?s=96&d=mm&r=g","contentUrl":"https:\/\/secure.gravatar.com\/avatar\/9167d280179c85bc18be67aa7eda765854300033af4896dd779b608640f2ef7a?s=96&d=mm&r=g","caption":"Diario1 Diario1"},"url":"https:\/\/diariotextual.com\/inicio\/index.php\/author\/diario1\/"}]}},"_links":{"self":[{"href":"https:\/\/diariotextual.com\/inicio\/index.php\/wp-json\/wp\/v2\/posts\/321333","targetHints":{"allow":["GET"]}}],"collection":[{"href":"https:\/\/diariotextual.com\/inicio\/index.php\/wp-json\/wp\/v2\/posts"}],"about":[{"href":"https:\/\/diariotextual.com\/inicio\/index.php\/wp-json\/wp\/v2\/types\/post"}],"author":[{"embeddable":true,"href":"https:\/\/diariotextual.com\/inicio\/index.php\/wp-json\/wp\/v2\/users\/3"}],"replies":[{"embeddable":true,"href":"https:\/\/diariotextual.com\/inicio\/index.php\/wp-json\/wp\/v2\/comments?post=321333"}],"version-history":[{"count":3,"href":"https:\/\/diariotextual.com\/inicio\/index.php\/wp-json\/wp\/v2\/posts\/321333\/revisions"}],"predecessor-version":[{"id":321337,"href":"https:\/\/diariotextual.com\/inicio\/index.php\/wp-json\/wp\/v2\/posts\/321333\/revisions\/321337"}],"wp:featuredmedia":[{"embeddable":true,"href":"https:\/\/diariotextual.com\/inicio\/index.php\/wp-json\/wp\/v2\/media\/321336"}],"wp:attachment":[{"href":"https:\/\/diariotextual.com\/inicio\/index.php\/wp-json\/wp\/v2\/media?parent=321333"}],"wp:term":[{"taxonomy":"category","embeddable":true,"href":"https:\/\/diariotextual.com\/inicio\/index.php\/wp-json\/wp\/v2\/categories?post=321333"},{"taxonomy":"post_tag","embeddable":true,"href":"https:\/\/diariotextual.com\/inicio\/index.php\/wp-json\/wp\/v2\/tags?post=321333"}],"curies":[{"name":"wp","href":"https:\/\/api.w.org\/{rel}","templated":true}]}}