{"id":321357,"date":"2026-03-04T09:40:47","date_gmt":"2026-03-04T12:40:47","guid":{"rendered":"https:\/\/diariotextual.com\/inicio\/?p=321357"},"modified":"2026-03-05T05:52:50","modified_gmt":"2026-03-05T08:52:50","slug":"empezo-marzo-y-los-frigorificos-de-trenel-y-de-bernasconi-siguen-cerrados","status":"publish","type":"post","link":"https:\/\/diariotextual.com\/inicio\/index.php\/2026\/03\/04\/empezo-marzo-y-los-frigorificos-de-trenel-y-de-bernasconi-siguen-cerrados\/","title":{"rendered":"Empez\u00f3 marzo y los frigor\u00edficos de Trenel y de Bernasconi siguen cerrados"},"content":{"rendered":"\n<p><strong>Los frigor\u00edficos de los pueblos de Bernasconi y de Trenel contin\u00faan sin actividad, <\/strong>en el inicio del mes de marzo.<\/p>\n\n\n\n<p><strong>Los nuevos empresarios que alquilaron la planta de Bernasconi a\u00fan no concluyeron los tr\u00e1mites de habilitaci\u00f3n<\/strong>, en tanto que<strong> los due\u00f1os del Frigor\u00edfico Pico, que controlan la planta de Trenel, aceleraron la limpieza de las instalaciones <\/strong>y se espera -seg\u00fan las versiones que les llegan a los trabajadores, a las que accedi\u00f3 <strong>Diario Textual<\/strong>&#8211; que se inicie la reactivaci\u00f3n en los pr\u00f3ximos d\u00edas.<\/p>\n\n\n\n<div style=\"height:100px\" aria-hidden=\"true\" class=\"wp-block-spacer\"><\/div>\n\n\n\n<p><strong>El caso de Bernasconi<\/strong><\/p>\n\n\n\n<p>Hace tres semanas, Diario Textual hab\u00eda publicado que los representantes del&nbsp;<strong>Frigor\u00edfico HV<\/strong>, de la localidad de&nbsp;<strong>Bernasconi<\/strong>, no hab\u00edan realizado nuevas ofertas para el pago del&nbsp;<strong>salario de diciembre<\/strong>, el&nbsp;<strong>medio aguinaldo<\/strong>&nbsp;y las&nbsp;<strong>indemnizaciones<\/strong>&nbsp;a medio centenar de trabajadores activos. De esta manera, seg\u00fan indicaron&nbsp;<strong>fuentes oficiales<\/strong>, la&nbsp;<strong>Secretar\u00eda de Trabajo<\/strong>&nbsp;<strong>de La Pampa cerr\u00f3<\/strong>&nbsp;la&nbsp;<strong>conciliaci\u00f3n obligatoria<\/strong>&nbsp;y los empleados quedaron habilitados a iniciar&nbsp;<strong>demandas judiciales<\/strong>&nbsp;para intentar cobrar lo adeudado.<\/p>\n\n\n\n<p>El&nbsp;<strong>Frigor\u00edfico HV<\/strong>&nbsp;se encuentra en&nbsp;<strong>cesaci\u00f3n de pagos<\/strong>&nbsp;y en&nbsp;<strong>concurso de acreedores<\/strong>, con una situaci\u00f3n financiera complicada. La planta permanece paralizada desde hace tres meses y se espera que en las pr\u00f3ximas semanas sea reactivada por una firma con v\u00ednculos con empresarios chinos:&nbsp;<strong>Metatech<\/strong>.<\/p>\n\n\n\n<p>Hay un punto central: el acuerdo firmado entre HV y\u00a0<strong>Metatech S.A.<\/strong>\u00a0tiene car\u00e1cter de\u00a0<strong>locaci\u00f3n de inmueble<\/strong>. De esta manera, la responsabilidad del pago de las indemnizaciones recae exclusivamente en\u00a0<strong>HV<\/strong>.<\/p>\n\n\n\n<div style=\"height:100px\" aria-hidden=\"true\" class=\"wp-block-spacer\"><\/div>\n\n\n\n<p><strong>El caso de Trenel<\/strong><\/p>\n\n\n\n<p>La planta de faena de Trenel que controla el Frigor\u00edfico Pico segu\u00eda cerrada este mi\u00e9rcoles 4. Por lo pronto, hay operarios que la est\u00e1n limpiando, por lo que se especula que podr\u00eda reactivarse en los pr\u00f3ximos d\u00edas.<\/p>\n\n\n\n<p>Hace diez d\u00edas, <strong>Ernesto \u201cTito\u201d Lowenstein <\/strong>y<strong> Alan Lowenstein<\/strong>, presidente y vicepresidente de Frigor\u00edfico General Pico S.A., rompieron el silencio y confirmaron que est\u00e1n negociando vender o alquilar las instalaciones en Trenel, con el fin de mantener unas 400 fuentes de trabajo. Recientemente despidieron a unos 190 y las instalaciones siguen paralizadas.<\/p>\n\n\n\n<p>A su vez, en una reciente audiencia de conciliaci\u00f3n celebrada en la Delegaci\u00f3n de Relaciones Laborales de General Pico, representantes del sindicato del sector c\u00e1rnico y de la empresa frigor\u00edfica no lograron llegar a un acuerdo respecto a las condiciones de desvinculaci\u00f3n de un grupo de trabajadores. El gremio rechaz\u00f3 de plano la oferta patronal, que pretend\u00eda abonar las liquidaciones en un extenso plan de pagos.<\/p>\n\n\n\n<p>El conflicto involucra a casi 200 trabajadores, familias, luego de recibir los telegramas de despidos de parte del Frigor\u00edfico Pico S.A.<\/p>\n\n\n\n<p>Durante la audiencia, la patronal confirm\u00f3 en primer lugar que cumplir\u00e1 con el pago de la garant\u00eda horaria de 160 horas para aquellos empleados que contin\u00faan vinculados a la firma y que no han recibido telegramas de despido, respetando un arreglo alcanzado d\u00edas atr\u00e1s.<\/p>\n\n\n\n<p>El punto de mayor conflicto se centr\u00f3 en la situaci\u00f3n de los operarios cesanteados. Siguiendo directivas emitidas desde su sede en Buenos Aires, los representantes de la empresa propusieron liquidar las indemnizaciones ampar\u00e1ndose en el&nbsp;<strong>Art\u00edculo 247 de la Ley de Contrato de Trabajo (LCT)<\/strong>, el cual contempla el pago del 50% de la indemnizaci\u00f3n tradicional argumentando razones de fuerza mayor o disminuci\u00f3n de trabajo.<\/p>\n\n\n\n<p>Para hacer frente a estas liquidaciones, la patronal present\u00f3 sobre la mesa un esquema de pagos a largo plazo dividido en dos categor\u00edas:<\/p>\n\n\n\n<ul class=\"wp-block-list\">\n<li><strong>En 12 cuotas:<\/strong>\u00a0Para aquellos trabajadores que se encontraban en per\u00edodo de prueba o con una antig\u00fcedad menor a 5 a\u00f1os en la planta.<\/li>\n\n\n\n<li><strong>En 18 cuotas:<\/strong>\u00a0Para los empleados con una antig\u00fcedad superior a los 5 a\u00f1os.<\/li>\n<\/ul>\n\n\n\n<p>En ambos escenarios, la empresa estipul\u00f3 que el primer desembolso reci\u00e9n se har\u00eda efectivo durante la primera semana del mes de abril.<\/p>\n\n\n\n<p>Frente a este panorama, la actitud de los representantes sindicales fue de total rechazo. El gremio se opuso rotundamente a que las indemnizaciones se calculen bajo la figura del art\u00edculo 247 y exigi\u00f3 el pago que corresponde por ley sin recortes.<\/p>\n\n\n\n<p><\/p>\n","protected":false},"excerpt":{"rendered":"<p>Los frigor\u00edficos de los pueblos de Bernasconi y de Trenel contin\u00faan sin actividad, en el inicio del mes de marzo. Los nuevos empresarios que alquilaron la planta de Bernasconi a\u00fan&hellip;<\/p>\n","protected":false},"author":3,"featured_media":319905,"comment_status":"closed","ping_status":"open","sticky":false,"template":"","format":"standard","meta":{"_acf_changed":false,"footnotes":""},"categories":[1,11,20],"tags":[],"class_list":["post-321357","post","type-post","status-publish","format-standard","has-post-thumbnail","hentry","category-es-noticia","category-que-pasa","category-campo"],"acf":[],"yoast_head":"<!-- This site is optimized with the Yoast SEO plugin v27.5 - https:\/\/yoast.com\/product\/yoast-seo-wordpress\/ -->\n<title>Empez\u00f3 marzo y los frigor\u00edficos de Trenel y de Bernasconi siguen cerrados - Diario Textual<\/title>\n<meta name=\"robots\" content=\"index, follow, max-snippet:-1, max-image-preview:large, max-video-preview:-1\" \/>\n<link rel=\"canonical\" href=\"https:\/\/diariotextual.com\/inicio\/index.php\/2026\/03\/04\/empezo-marzo-y-los-frigorificos-de-trenel-y-de-bernasconi-siguen-cerrados\/\" \/>\n<meta property=\"og:locale\" content=\"es_ES\" \/>\n<meta property=\"og:type\" content=\"article\" \/>\n<meta property=\"og:title\" content=\"Empez\u00f3 marzo y los frigor\u00edficos de Trenel y de Bernasconi siguen cerrados - Diario Textual\" \/>\n<meta property=\"og:description\" content=\"Los frigor\u00edficos de los pueblos de Bernasconi y de Trenel contin\u00faan sin actividad, en el inicio del mes de marzo. Los nuevos empresarios que alquilaron la planta de Bernasconi a\u00fan&hellip;\" \/>\n<meta property=\"og:url\" content=\"https:\/\/diariotextual.com\/inicio\/index.php\/2026\/03\/04\/empezo-marzo-y-los-frigorificos-de-trenel-y-de-bernasconi-siguen-cerrados\/\" \/>\n<meta property=\"og:site_name\" content=\"Diario Textual\" \/>\n<meta property=\"article:publisher\" content=\"https:\/\/www.facebook.com\/eltextual\" \/>\n<meta property=\"article:published_time\" content=\"2026-03-04T12:40:47+00:00\" \/>\n<meta property=\"article:modified_time\" content=\"2026-03-05T08:52:50+00:00\" \/>\n<meta property=\"og:image\" content=\"https:\/\/diariotextual.com\/inicio\/wp-content\/uploads\/2026\/02\/frigorificopicofrigorificotreneldespidostextual2026-21.jpg\" \/>\n\t<meta property=\"og:image:width\" content=\"1200\" \/>\n\t<meta property=\"og:image:height\" content=\"767\" \/>\n\t<meta property=\"og:image:type\" content=\"image\/jpeg\" \/>\n<meta name=\"author\" content=\"Diario1 Diario1\" \/>\n<meta name=\"twitter:card\" content=\"summary_large_image\" \/>\n<meta name=\"twitter:creator\" content=\"@eltextual\" \/>\n<meta name=\"twitter:site\" content=\"@eltextual\" \/>\n<meta name=\"twitter:label1\" content=\"Escrito por\" \/>\n\t<meta name=\"twitter:data1\" content=\"Diario1 Diario1\" \/>\n\t<meta name=\"twitter:label2\" content=\"Tiempo de lectura\" \/>\n\t<meta name=\"twitter:data2\" content=\"4 minutos\" \/>\n<script type=\"application\/ld+json\" class=\"yoast-schema-graph\">{\"@context\":\"https:\\\/\\\/schema.org\",\"@graph\":[{\"@type\":\"Article\",\"@id\":\"https:\\\/\\\/diariotextual.com\\\/inicio\\\/index.php\\\/2026\\\/03\\\/04\\\/empezo-marzo-y-los-frigorificos-de-trenel-y-de-bernasconi-siguen-cerrados\\\/#article\",\"isPartOf\":{\"@id\":\"https:\\\/\\\/diariotextual.com\\\/inicio\\\/index.php\\\/2026\\\/03\\\/04\\\/empezo-marzo-y-los-frigorificos-de-trenel-y-de-bernasconi-siguen-cerrados\\\/\"},\"author\":{\"name\":\"Diario1 Diario1\",\"@id\":\"https:\\\/\\\/diariotextual.com\\\/inicio\\\/#\\\/schema\\\/person\\\/418fc4093c33e86ed41562db3508f958\"},\"headline\":\"Empez\u00f3 marzo y los frigor\u00edficos de Trenel y de Bernasconi siguen cerrados\",\"datePublished\":\"2026-03-04T12:40:47+00:00\",\"dateModified\":\"2026-03-05T08:52:50+00:00\",\"mainEntityOfPage\":{\"@id\":\"https:\\\/\\\/diariotextual.com\\\/inicio\\\/index.php\\\/2026\\\/03\\\/04\\\/empezo-marzo-y-los-frigorificos-de-trenel-y-de-bernasconi-siguen-cerrados\\\/\"},\"wordCount\":737,\"publisher\":{\"@id\":\"https:\\\/\\\/diariotextual.com\\\/inicio\\\/#organization\"},\"image\":{\"@id\":\"https:\\\/\\\/diariotextual.com\\\/inicio\\\/index.php\\\/2026\\\/03\\\/04\\\/empezo-marzo-y-los-frigorificos-de-trenel-y-de-bernasconi-siguen-cerrados\\\/#primaryimage\"},\"thumbnailUrl\":\"https:\\\/\\\/diariotextual.com\\\/inicio\\\/wp-content\\\/uploads\\\/2026\\\/02\\\/frigorificopicofrigorificotreneldespidostextual2026-21.jpg\",\"articleSection\":[\"A - ES NOTICIA (van abajo)\",\"A - QUE PASA (al costado)\",\"CAMPO\"],\"inLanguage\":\"es\"},{\"@type\":\"WebPage\",\"@id\":\"https:\\\/\\\/diariotextual.com\\\/inicio\\\/index.php\\\/2026\\\/03\\\/04\\\/empezo-marzo-y-los-frigorificos-de-trenel-y-de-bernasconi-siguen-cerrados\\\/\",\"url\":\"https:\\\/\\\/diariotextual.com\\\/inicio\\\/index.php\\\/2026\\\/03\\\/04\\\/empezo-marzo-y-los-frigorificos-de-trenel-y-de-bernasconi-siguen-cerrados\\\/\",\"name\":\"Empez\u00f3 marzo y los frigor\u00edficos de Trenel y de Bernasconi siguen cerrados - Diario Textual\",\"isPartOf\":{\"@id\":\"https:\\\/\\\/diariotextual.com\\\/inicio\\\/#website\"},\"primaryImageOfPage\":{\"@id\":\"https:\\\/\\\/diariotextual.com\\\/inicio\\\/index.php\\\/2026\\\/03\\\/04\\\/empezo-marzo-y-los-frigorificos-de-trenel-y-de-bernasconi-siguen-cerrados\\\/#primaryimage\"},\"image\":{\"@id\":\"https:\\\/\\\/diariotextual.com\\\/inicio\\\/index.php\\\/2026\\\/03\\\/04\\\/empezo-marzo-y-los-frigorificos-de-trenel-y-de-bernasconi-siguen-cerrados\\\/#primaryimage\"},\"thumbnailUrl\":\"https:\\\/\\\/diariotextual.com\\\/inicio\\\/wp-content\\\/uploads\\\/2026\\\/02\\\/frigorificopicofrigorificotreneldespidostextual2026-21.jpg\",\"datePublished\":\"2026-03-04T12:40:47+00:00\",\"dateModified\":\"2026-03-05T08:52:50+00:00\",\"breadcrumb\":{\"@id\":\"https:\\\/\\\/diariotextual.com\\\/inicio\\\/index.php\\\/2026\\\/03\\\/04\\\/empezo-marzo-y-los-frigorificos-de-trenel-y-de-bernasconi-siguen-cerrados\\\/#breadcrumb\"},\"inLanguage\":\"es\",\"potentialAction\":[{\"@type\":\"ReadAction\",\"target\":[\"https:\\\/\\\/diariotextual.com\\\/inicio\\\/index.php\\\/2026\\\/03\\\/04\\\/empezo-marzo-y-los-frigorificos-de-trenel-y-de-bernasconi-siguen-cerrados\\\/\"]}]},{\"@type\":\"ImageObject\",\"inLanguage\":\"es\",\"@id\":\"https:\\\/\\\/diariotextual.com\\\/inicio\\\/index.php\\\/2026\\\/03\\\/04\\\/empezo-marzo-y-los-frigorificos-de-trenel-y-de-bernasconi-siguen-cerrados\\\/#primaryimage\",\"url\":\"https:\\\/\\\/diariotextual.com\\\/inicio\\\/wp-content\\\/uploads\\\/2026\\\/02\\\/frigorificopicofrigorificotreneldespidostextual2026-21.jpg\",\"contentUrl\":\"https:\\\/\\\/diariotextual.com\\\/inicio\\\/wp-content\\\/uploads\\\/2026\\\/02\\\/frigorificopicofrigorificotreneldespidostextual2026-21.jpg\",\"width\":1200,\"height\":767},{\"@type\":\"BreadcrumbList\",\"@id\":\"https:\\\/\\\/diariotextual.com\\\/inicio\\\/index.php\\\/2026\\\/03\\\/04\\\/empezo-marzo-y-los-frigorificos-de-trenel-y-de-bernasconi-siguen-cerrados\\\/#breadcrumb\",\"itemListElement\":[{\"@type\":\"ListItem\",\"position\":1,\"name\":\"Portada\",\"item\":\"https:\\\/\\\/diariotextual.com\\\/inicio\\\/\"},{\"@type\":\"ListItem\",\"position\":2,\"name\":\"Empez\u00f3 marzo y los frigor\u00edficos de Trenel y de Bernasconi siguen cerrados\"}]},{\"@type\":\"WebSite\",\"@id\":\"https:\\\/\\\/diariotextual.com\\\/inicio\\\/#website\",\"url\":\"https:\\\/\\\/diariotextual.com\\\/inicio\\\/\",\"name\":\"Diario Textual\",\"description\":\"\",\"publisher\":{\"@id\":\"https:\\\/\\\/diariotextual.com\\\/inicio\\\/#organization\"},\"potentialAction\":[{\"@type\":\"SearchAction\",\"target\":{\"@type\":\"EntryPoint\",\"urlTemplate\":\"https:\\\/\\\/diariotextual.com\\\/inicio\\\/?s={search_term_string}\"},\"query-input\":{\"@type\":\"PropertyValueSpecification\",\"valueRequired\":true,\"valueName\":\"search_term_string\"}}],\"inLanguage\":\"es\"},{\"@type\":\"Organization\",\"@id\":\"https:\\\/\\\/diariotextual.com\\\/inicio\\\/#organization\",\"name\":\"Diario Textual\",\"url\":\"https:\\\/\\\/diariotextual.com\\\/inicio\\\/\",\"logo\":{\"@type\":\"ImageObject\",\"inLanguage\":\"es\",\"@id\":\"https:\\\/\\\/diariotextual.com\\\/inicio\\\/#\\\/schema\\\/logo\\\/image\\\/\",\"url\":\"https:\\\/\\\/diariotextual.com\\\/inicio\\\/wp-content\\\/uploads\\\/2023\\\/05\\\/logotextual1.jpg\",\"contentUrl\":\"https:\\\/\\\/diariotextual.com\\\/inicio\\\/wp-content\\\/uploads\\\/2023\\\/05\\\/logotextual1.jpg\",\"width\":516,\"height\":76,\"caption\":\"Diario Textual\"},\"image\":{\"@id\":\"https:\\\/\\\/diariotextual.com\\\/inicio\\\/#\\\/schema\\\/logo\\\/image\\\/\"},\"sameAs\":[\"https:\\\/\\\/www.facebook.com\\\/eltextual\",\"https:\\\/\\\/x.com\\\/eltextual\",\"http:\\\/\\\/www.instagram.com\\\/eltextual\"]},{\"@type\":\"Person\",\"@id\":\"https:\\\/\\\/diariotextual.com\\\/inicio\\\/#\\\/schema\\\/person\\\/418fc4093c33e86ed41562db3508f958\",\"name\":\"Diario1 Diario1\",\"image\":{\"@type\":\"ImageObject\",\"inLanguage\":\"es\",\"@id\":\"https:\\\/\\\/secure.gravatar.com\\\/avatar\\\/9167d280179c85bc18be67aa7eda765854300033af4896dd779b608640f2ef7a?s=96&d=mm&r=g\",\"url\":\"https:\\\/\\\/secure.gravatar.com\\\/avatar\\\/9167d280179c85bc18be67aa7eda765854300033af4896dd779b608640f2ef7a?s=96&d=mm&r=g\",\"contentUrl\":\"https:\\\/\\\/secure.gravatar.com\\\/avatar\\\/9167d280179c85bc18be67aa7eda765854300033af4896dd779b608640f2ef7a?s=96&d=mm&r=g\",\"caption\":\"Diario1 Diario1\"},\"url\":\"https:\\\/\\\/diariotextual.com\\\/inicio\\\/index.php\\\/author\\\/diario1\\\/\"}]}<\/script>\n<!-- \/ Yoast SEO plugin. -->","yoast_head_json":{"title":"Empez\u00f3 marzo y los frigor\u00edficos de Trenel y de Bernasconi siguen cerrados - Diario Textual","robots":{"index":"index","follow":"follow","max-snippet":"max-snippet:-1","max-image-preview":"max-image-preview:large","max-video-preview":"max-video-preview:-1"},"canonical":"https:\/\/diariotextual.com\/inicio\/index.php\/2026\/03\/04\/empezo-marzo-y-los-frigorificos-de-trenel-y-de-bernasconi-siguen-cerrados\/","og_locale":"es_ES","og_type":"article","og_title":"Empez\u00f3 marzo y los frigor\u00edficos de Trenel y de Bernasconi siguen cerrados - Diario Textual","og_description":"Los frigor\u00edficos de los pueblos de Bernasconi y de Trenel contin\u00faan sin actividad, en el inicio del mes de marzo. Los nuevos empresarios que alquilaron la planta de Bernasconi a\u00fan&hellip;","og_url":"https:\/\/diariotextual.com\/inicio\/index.php\/2026\/03\/04\/empezo-marzo-y-los-frigorificos-de-trenel-y-de-bernasconi-siguen-cerrados\/","og_site_name":"Diario Textual","article_publisher":"https:\/\/www.facebook.com\/eltextual","article_published_time":"2026-03-04T12:40:47+00:00","article_modified_time":"2026-03-05T08:52:50+00:00","og_image":[{"width":1200,"height":767,"url":"https:\/\/diariotextual.com\/inicio\/wp-content\/uploads\/2026\/02\/frigorificopicofrigorificotreneldespidostextual2026-21.jpg","type":"image\/jpeg"}],"author":"Diario1 Diario1","twitter_card":"summary_large_image","twitter_creator":"@eltextual","twitter_site":"@eltextual","twitter_misc":{"Escrito por":"Diario1 Diario1","Tiempo de lectura":"4 minutos"},"schema":{"@context":"https:\/\/schema.org","@graph":[{"@type":"Article","@id":"https:\/\/diariotextual.com\/inicio\/index.php\/2026\/03\/04\/empezo-marzo-y-los-frigorificos-de-trenel-y-de-bernasconi-siguen-cerrados\/#article","isPartOf":{"@id":"https:\/\/diariotextual.com\/inicio\/index.php\/2026\/03\/04\/empezo-marzo-y-los-frigorificos-de-trenel-y-de-bernasconi-siguen-cerrados\/"},"author":{"name":"Diario1 Diario1","@id":"https:\/\/diariotextual.com\/inicio\/#\/schema\/person\/418fc4093c33e86ed41562db3508f958"},"headline":"Empez\u00f3 marzo y los frigor\u00edficos de Trenel y de Bernasconi siguen cerrados","datePublished":"2026-03-04T12:40:47+00:00","dateModified":"2026-03-05T08:52:50+00:00","mainEntityOfPage":{"@id":"https:\/\/diariotextual.com\/inicio\/index.php\/2026\/03\/04\/empezo-marzo-y-los-frigorificos-de-trenel-y-de-bernasconi-siguen-cerrados\/"},"wordCount":737,"publisher":{"@id":"https:\/\/diariotextual.com\/inicio\/#organization"},"image":{"@id":"https:\/\/diariotextual.com\/inicio\/index.php\/2026\/03\/04\/empezo-marzo-y-los-frigorificos-de-trenel-y-de-bernasconi-siguen-cerrados\/#primaryimage"},"thumbnailUrl":"https:\/\/diariotextual.com\/inicio\/wp-content\/uploads\/2026\/02\/frigorificopicofrigorificotreneldespidostextual2026-21.jpg","articleSection":["A - ES NOTICIA (van abajo)","A - QUE PASA (al costado)","CAMPO"],"inLanguage":"es"},{"@type":"WebPage","@id":"https:\/\/diariotextual.com\/inicio\/index.php\/2026\/03\/04\/empezo-marzo-y-los-frigorificos-de-trenel-y-de-bernasconi-siguen-cerrados\/","url":"https:\/\/diariotextual.com\/inicio\/index.php\/2026\/03\/04\/empezo-marzo-y-los-frigorificos-de-trenel-y-de-bernasconi-siguen-cerrados\/","name":"Empez\u00f3 marzo y los frigor\u00edficos de Trenel y de Bernasconi siguen cerrados - Diario Textual","isPartOf":{"@id":"https:\/\/diariotextual.com\/inicio\/#website"},"primaryImageOfPage":{"@id":"https:\/\/diariotextual.com\/inicio\/index.php\/2026\/03\/04\/empezo-marzo-y-los-frigorificos-de-trenel-y-de-bernasconi-siguen-cerrados\/#primaryimage"},"image":{"@id":"https:\/\/diariotextual.com\/inicio\/index.php\/2026\/03\/04\/empezo-marzo-y-los-frigorificos-de-trenel-y-de-bernasconi-siguen-cerrados\/#primaryimage"},"thumbnailUrl":"https:\/\/diariotextual.com\/inicio\/wp-content\/uploads\/2026\/02\/frigorificopicofrigorificotreneldespidostextual2026-21.jpg","datePublished":"2026-03-04T12:40:47+00:00","dateModified":"2026-03-05T08:52:50+00:00","breadcrumb":{"@id":"https:\/\/diariotextual.com\/inicio\/index.php\/2026\/03\/04\/empezo-marzo-y-los-frigorificos-de-trenel-y-de-bernasconi-siguen-cerrados\/#breadcrumb"},"inLanguage":"es","potentialAction":[{"@type":"ReadAction","target":["https:\/\/diariotextual.com\/inicio\/index.php\/2026\/03\/04\/empezo-marzo-y-los-frigorificos-de-trenel-y-de-bernasconi-siguen-cerrados\/"]}]},{"@type":"ImageObject","inLanguage":"es","@id":"https:\/\/diariotextual.com\/inicio\/index.php\/2026\/03\/04\/empezo-marzo-y-los-frigorificos-de-trenel-y-de-bernasconi-siguen-cerrados\/#primaryimage","url":"https:\/\/diariotextual.com\/inicio\/wp-content\/uploads\/2026\/02\/frigorificopicofrigorificotreneldespidostextual2026-21.jpg","contentUrl":"https:\/\/diariotextual.com\/inicio\/wp-content\/uploads\/2026\/02\/frigorificopicofrigorificotreneldespidostextual2026-21.jpg","width":1200,"height":767},{"@type":"BreadcrumbList","@id":"https:\/\/diariotextual.com\/inicio\/index.php\/2026\/03\/04\/empezo-marzo-y-los-frigorificos-de-trenel-y-de-bernasconi-siguen-cerrados\/#breadcrumb","itemListElement":[{"@type":"ListItem","position":1,"name":"Portada","item":"https:\/\/diariotextual.com\/inicio\/"},{"@type":"ListItem","position":2,"name":"Empez\u00f3 marzo y los frigor\u00edficos de Trenel y de Bernasconi siguen cerrados"}]},{"@type":"WebSite","@id":"https:\/\/diariotextual.com\/inicio\/#website","url":"https:\/\/diariotextual.com\/inicio\/","name":"Diario Textual","description":"","publisher":{"@id":"https:\/\/diariotextual.com\/inicio\/#organization"},"potentialAction":[{"@type":"SearchAction","target":{"@type":"EntryPoint","urlTemplate":"https:\/\/diariotextual.com\/inicio\/?s={search_term_string}"},"query-input":{"@type":"PropertyValueSpecification","valueRequired":true,"valueName":"search_term_string"}}],"inLanguage":"es"},{"@type":"Organization","@id":"https:\/\/diariotextual.com\/inicio\/#organization","name":"Diario Textual","url":"https:\/\/diariotextual.com\/inicio\/","logo":{"@type":"ImageObject","inLanguage":"es","@id":"https:\/\/diariotextual.com\/inicio\/#\/schema\/logo\/image\/","url":"https:\/\/diariotextual.com\/inicio\/wp-content\/uploads\/2023\/05\/logotextual1.jpg","contentUrl":"https:\/\/diariotextual.com\/inicio\/wp-content\/uploads\/2023\/05\/logotextual1.jpg","width":516,"height":76,"caption":"Diario Textual"},"image":{"@id":"https:\/\/diariotextual.com\/inicio\/#\/schema\/logo\/image\/"},"sameAs":["https:\/\/www.facebook.com\/eltextual","https:\/\/x.com\/eltextual","http:\/\/www.instagram.com\/eltextual"]},{"@type":"Person","@id":"https:\/\/diariotextual.com\/inicio\/#\/schema\/person\/418fc4093c33e86ed41562db3508f958","name":"Diario1 Diario1","image":{"@type":"ImageObject","inLanguage":"es","@id":"https:\/\/secure.gravatar.com\/avatar\/9167d280179c85bc18be67aa7eda765854300033af4896dd779b608640f2ef7a?s=96&d=mm&r=g","url":"https:\/\/secure.gravatar.com\/avatar\/9167d280179c85bc18be67aa7eda765854300033af4896dd779b608640f2ef7a?s=96&d=mm&r=g","contentUrl":"https:\/\/secure.gravatar.com\/avatar\/9167d280179c85bc18be67aa7eda765854300033af4896dd779b608640f2ef7a?s=96&d=mm&r=g","caption":"Diario1 Diario1"},"url":"https:\/\/diariotextual.com\/inicio\/index.php\/author\/diario1\/"}]}},"_links":{"self":[{"href":"https:\/\/diariotextual.com\/inicio\/index.php\/wp-json\/wp\/v2\/posts\/321357","targetHints":{"allow":["GET"]}}],"collection":[{"href":"https:\/\/diariotextual.com\/inicio\/index.php\/wp-json\/wp\/v2\/posts"}],"about":[{"href":"https:\/\/diariotextual.com\/inicio\/index.php\/wp-json\/wp\/v2\/types\/post"}],"author":[{"embeddable":true,"href":"https:\/\/diariotextual.com\/inicio\/index.php\/wp-json\/wp\/v2\/users\/3"}],"replies":[{"embeddable":true,"href":"https:\/\/diariotextual.com\/inicio\/index.php\/wp-json\/wp\/v2\/comments?post=321357"}],"version-history":[{"count":1,"href":"https:\/\/diariotextual.com\/inicio\/index.php\/wp-json\/wp\/v2\/posts\/321357\/revisions"}],"predecessor-version":[{"id":321359,"href":"https:\/\/diariotextual.com\/inicio\/index.php\/wp-json\/wp\/v2\/posts\/321357\/revisions\/321359"}],"wp:featuredmedia":[{"embeddable":true,"href":"https:\/\/diariotextual.com\/inicio\/index.php\/wp-json\/wp\/v2\/media\/319905"}],"wp:attachment":[{"href":"https:\/\/diariotextual.com\/inicio\/index.php\/wp-json\/wp\/v2\/media?parent=321357"}],"wp:term":[{"taxonomy":"category","embeddable":true,"href":"https:\/\/diariotextual.com\/inicio\/index.php\/wp-json\/wp\/v2\/categories?post=321357"},{"taxonomy":"post_tag","embeddable":true,"href":"https:\/\/diariotextual.com\/inicio\/index.php\/wp-json\/wp\/v2\/tags?post=321357"}],"curies":[{"name":"wp","href":"https:\/\/api.w.org\/{rel}","templated":true}]}}