{"id":321373,"date":"2026-03-04T11:48:55","date_gmt":"2026-03-04T14:48:55","guid":{"rendered":"https:\/\/diariotextual.com\/inicio\/?p=321373"},"modified":"2026-03-05T14:04:32","modified_gmt":"2026-03-05T17:04:32","slug":"lovera-con-pampetrol-se-garantizaran-los-puestos-de-trabajo-en-el-medanito","status":"publish","type":"post","link":"https:\/\/diariotextual.com\/inicio\/index.php\/2026\/03\/04\/lovera-con-pampetrol-se-garantizaran-los-puestos-de-trabajo-en-el-medanito\/","title":{"rendered":"Lovera: \u201cCon Pampetrol se garantizar\u00e1n los puestos de trabajo en El Medanito\u201d"},"content":{"rendered":"\n<p>El diputado provincial <strong>Daniel Lovera<\/strong> (Frejupa, peronismo) afirm\u00f3 este mi\u00e9rcoles que ya no hay tiempo material para convocar a una nueva licitaci\u00f3n del \u00e1rea hidrocarbur\u00edfera <strong>El Medanito<\/strong> antes del vencimiento de la concesi\u00f3n, el pr\u00f3ximo 19 de junio, y defendi\u00f3 la propuesta del oficialismo para que la empresa estatal <strong>Pampetrol<\/strong> asuma la operaci\u00f3n de manera transitoria.<strong> \u201cEl proyecto (del peronismo) le da previsibilidad y una transici\u00f3n ordenada hasta el llamado a una nueva licitaci\u00f3n, garantizando mantener los puestos de trabajo\u201d<\/strong>, resalt\u00f3 en di\u00e1logo con<strong> Diario Textual.<\/strong><\/p>\n\n\n\n<p>Seg\u00fan explic\u00f3, el proyecto impulsado por el gobernador <strong>Sergio Ziliotto<\/strong> y que tiene el respado de los 15 legisladores del peronismo establece un r\u00e9gimen excepcional por un plazo m\u00e1ximo de 24 meses, destinado a garantizar la continuidad productiva, preservar entre 300 y 400 puestos de trabajo directos e indirectos y mantener la previsibilidad hasta que se concrete una nueva licitaci\u00f3n. <strong>Remarc\u00f3 que el plazo es m\u00e1ximo y que podr\u00eda convocarse a licitaci\u00f3n antes si las condiciones lo permiten.<\/strong><\/p>\n\n\n\n<p>En la Legislatura, <strong>los 15 diputados peronistas apoyan esta alternativa, mientras que los 15 opositores de la UCR, Comunidad Organizada y Pro la rechazan o tienen dudas.<\/strong> En paralelo, el intendente de 25 de Mayo, <strong>Leonel Monsalve<\/strong>, present\u00f3 en las \u00faltimas horas un anteproyecto para impulsar una licitaci\u00f3n expr\u00e9s con condiciones m\u00e1s flexibles que el pliego anterior, que fue declarado desierto por falta de ofertas. Por lo pronto, Lovera tuvo duras expresiones al jefe comunal.<\/p>\n\n\n\n<p>El proyecto del peronismo sostiene que una decisi\u00f3n r\u00e1pida es indispensable para evitar ca\u00edda de producci\u00f3n y propone que Pampetrol reorganice sus \u00e1reas, incorpore El Medanito y contrate un operador transitorio, con inversiones m\u00ednimas orientadas a sostener la actividad, el empleo y el cuidado ambiental hasta definir una concesi\u00f3n de largo plazo.<\/p>\n\n\n\n<p>\u2014 <strong>Lovera,<\/strong> <strong>\u00bfcu\u00e1l es hoy, hoy por hoy, el escenario de la discusi\u00f3n por El Medanito en la Legislatura, en medio del proyecto de ley que present\u00f3 el oficialismo e incluso en anteproyecto que redact\u00f3 el intendente de 25 de Mayo? \u2013 le consult\u00f3 Diario Textual.<\/strong><\/p>\n\n\n\n<p>\u2014 Es as\u00ed, el opin\u00f3logo rentado de 25 de Mayo, que es el intendente, present\u00f3 un anteproyecto. Si alguien lo toma y lo hace propio, pasar\u00e1 a ser un proyecto.<\/p>\n\n\n\n<p>\u2014<strong>Es decir, alg\u00fan diputado o alguna diputada deber\u00eda impulsarlo, en todo caso.<\/strong><\/p>\n\n\n\n<p>\u2014 Lo tiene que hacer propio; es decir, lo tiene que tomar como cualquier anteproyecto y hacerlo propio un diputado para que sea un proyecto. Pero ac\u00e1 hay un tema central en esta situaci\u00f3n: el 19 de junio vence la concesi\u00f3n del \u00e1rea El Medanito. Entonces, el gobernador (Sergio Ziliotto), con mucho criterio, present\u00f3 una ley transitoria. Lo fundamental es que dispone un r\u00e9gimen de transici\u00f3n operativa excepcional por un plazo m\u00e1ximo de 24 meses. Es decir, una ley de la C\u00e1mara de Diputados para que luego haya una nueva norma que determine el destino definitivo del \u00e1rea. Lo que hizo el gobernador, y con lo cual nuestro bloque est\u00e1 absolutamente de acuerdo, es darle una soluci\u00f3n, sobre todo al trabajo en 25 de Mayo. El proyecto establece que Pampetrol no asume la operaci\u00f3n con personal propio de manera directa, sino que fija un esquema transitorio destinado exclusivamente a garantizar la continuidad productiva del \u00e1rea hasta la adjudicaci\u00f3n definitiva mediante licitaci\u00f3n p\u00fablica. : En definitiva, con Pampetrol se garantizar\u00e1n los puestos de trabajo en El Medanito.<\/p>\n\n\n\n<p>\u2014 <strong>Ahora, seg\u00fan las expresiones del intendente de 25 de Mayo en la asamblea del mi\u00e9rcoles pasado en su localidad, dijo que si se hace cargo Pampetrol no tendr\u00eda capacidad financiera para explorar y que, en ese marco, corren riesgo los puestos de trabajo. En ese escenario, y tambi\u00e9n con las advertencias de algunos diputados de la oposici\u00f3n, \u00bfes posible que se acuerde un menor el plazo y se pueda llamar a licitaci\u00f3n en el corto o mediano plazo?<\/strong><\/p>\n\n\n\n<p>\u2014 La cl\u00e1usula ya est\u00e1. Dice un plazo m\u00e1ximo de 24 meses. Pero una vez que se tome el \u00e1rea y se contrate un operador para la transici\u00f3n, se puede armar un proyecto de licitaci\u00f3n r\u00e1pido: seis meses, ocho meses, un a\u00f1o, lo que tarde&#8230; Es un plazo m\u00e1ximo. No necesariamente tienen que ser s\u00ed o s\u00ed 24 meses.<\/p>\n\n\n\n<p>\u2014<strong>\u00bfNo hay tiempo para una nueva licitaci\u00f3n en estos cuatro meses que restan?<\/strong><\/p>\n\n\n\n<p>\u2014 Primero hay que preservar el \u00e1rea, que tiene bastantes problemas. Y lo m\u00e1s grave: hay que preservar los puestos de trabajo directos e indirectos que hoy tiene el \u00e1rea El Medanito, cuyo contrato vence el 19 de junio.<\/p>\n\n\n\n<p>\u2014 <strong>Con este proyecto del oficialismo, \u00bfse preservan los puestos directos y tambi\u00e9n los indirectos?<\/strong><\/p>\n\n\n\n<p>\u2014 No tengo la cantidad exacta, pero se habla de entre 300 y 400 puestos de trabajo directos e indirectos, con todas las empresas pampeanas que est\u00e1n trabajando. Hay que dar previsibilidad mientras se realiza una nueva licitaci\u00f3n para la concesi\u00f3n definitiva. La intenci\u00f3n es preservar todos.<\/p>\n\n\n\n<p>\u2014 <strong>\u00bfHan tenido conversaciones informales con diputados de la oposici\u00f3n? Algunos ya han dicho que no a la iniciativa del oficialismo para que Pampetrol se haga cargo transitoriamente.<\/strong><\/p>\n\n\n\n<p>\u2014 Estamos hablando. Son de p\u00fablico conocimiento los reparos que tienen algunos, pero habr\u00e1 que seguir trabajando el consenso. Este proyecto no define la concesi\u00f3n del \u00e1rea: le da previsibilidad y una transici\u00f3n ordenada hasta el llamado a una nueva licitaci\u00f3n.<\/p>\n\n\n\n<p>\u2014 <strong>\u00bfQu\u00e9 pas\u00f3 con la licitaci\u00f3n? \u00bfNo estaban dadas las condiciones para que hubiera ofertas?<\/strong><\/p>\n\n\n\n<p>\u2014 Eso habr\u00eda que preguntarlo al Ejecutivo. Seguramente habr\u00e1 que analizar modificaciones para una nueva licitaci\u00f3n, para que haya oferentes.<\/p>\n\n\n\n<p><strong>-Seg\u00fan lo que pudimos leer en el anteproyecto del intendente, propone regal\u00edas a la baja con respecto al pliego anterior, un menor bono e incluso el pedido de suspensi\u00f3n del art\u00edculo 16 de la ley de hidrocarburos. \u00bfC\u00f3mo lo ve?<\/strong><\/p>\n\n\n\n<p>-Es muy c\u00f3mico. Por eso yo le llamo un opin\u00f3logo rentado. Es como decir que la ley ambiental est\u00e1 mal porque castiga a quien contamina. Es como decir que la ley penal est\u00e1 mal porque castiga al delincuente.<\/p>\n\n\n\n<p><strong>-Lo que sostiene el intendente tambi\u00e9n lo manifiestan, de alguna manera, las autoridades del Poder Ejecutivo. Dicen que ese art\u00edculo 16 impone condiciones que, en los hechos, son imposibles de cumplir. Es decir, una empresa va a tener pasivos ambientales mientras est\u00e1 operativa, sin poder revertirlos o tratarlos, y as\u00ed no se puede presentar a una licitaci\u00f3n.<\/strong><\/p>\n\n\n\n<p>-Yo creo que, si se hubieran hecho los controles necesarios y si la empresa que est\u00e1 \u2014en vez de dejar de invertir durante m\u00e1s de tres a\u00f1os\u2014 hubiera hecho lo que ten\u00eda que hacer, hoy no estar\u00edamos en esta situaci\u00f3n.<\/p>\n\n\n\n<p><strong>-La situaci\u00f3n ambiental, \u00bfcu\u00e1l es hoy en El Medanito?<\/strong><\/p>\n\n\n\n<p><br>-No lo s\u00e9. Habr\u00eda que preguntarle al Ejecutivo, que es quien, a trav\u00e9s de la secretar\u00eda correspondiente, debe emitir el libre deuda ambiental. La verdad, no lo s\u00e9.<\/p>\n\n\n\n<p><strong>-Entonces, este jueves ingresa el proyecto del Frejupa y se convocar\u00e1n las comisiones para hacer las consultas.<\/strong><\/p>\n\n\n\n<p>-S\u00ed. Nosotros vamos a proponer al resto de los bloques que empecemos a darle tratamiento lo antes posible. A partir del viernes ya estar\u00edamos en condiciones. Lo ideal ser\u00eda que, a m\u00e1s tardar el lunes, martes o mi\u00e9rcoles de la pr\u00f3xima semana, lo empecemos a debatir en las comisiones o en la comisi\u00f3n que corresponda.<\/p>\n\n\n\n<p><\/p>\n\n\n\n<div style=\"height:100px\" aria-hidden=\"true\" class=\"wp-block-spacer\"><\/div>\n\n\n\n<p><strong>La discusi\u00f3n en Diputados<\/strong><\/p>\n\n\n\n<p>En la Legislatura<strong>, los 15 diputados del peronismo promueven que Pampetrol asuma la operaci\u00f3n desde el 19 de junio. Los 15 legisladores opositores de la UCR, Comunidad Organizada y el Pro rechazan esa alternativa.<\/strong><\/p>\n\n\n\n<p>El \u00e1rea est\u00e1 ubicada a 40 kil\u00f3metros de 25 de Mayo y abarca <strong>834,3 kil\u00f3metros cuadrados<\/strong>. Es el principal yacimiento hidrocarbur\u00edfero de La Pampa: cuenta con <strong>267 pozos activos y 48 abandonados<\/strong>, aporta el <strong>34 % de la producci\u00f3n provincial<\/strong> y representa cerca del <strong>10 % de los ingresos fiscales pampeanos<\/strong>.<\/p>\n\n\n\n<p>PCR opera el \u00e1rea desde 1992. En 2016 obtuvo una pr\u00f3rroga por diez a\u00f1os, con <strong>regal\u00edas cercanas al 35 %<\/strong>, seg\u00fan el precio del crudo, y una participaci\u00f3n del <strong>20 % de Pampetrol<\/strong>. El contrato vence a mediados de junio.<\/p>\n\n\n\n<p>La Legislatura debate desde 2024 las condiciones para una nueva concesi\u00f3n. El proceso iniciado en diciembre de 2025 fracas\u00f3 por falta de ofertas.<\/p>\n\n\n\n<p>El pliego establec\u00eda <strong>regal\u00edas m\u00f3viles del 15 % al 20 %<\/strong>, un <strong>bono m\u00ednimo de 50 millones de d\u00f3lares<\/strong> -con destino parcial a municipios y a un parque fotovoltaico en 25 de Mayo- y la exigencia de que el <strong>80 % de la mano de obra fuera pampeana<\/strong>.<\/p>\n\n\n\n<p>Entre los factores que desalentaron ofertas se mencionan el <strong>precio del crudo por debajo de los 60 d\u00f3lares<\/strong>, el aumento de costos operativos, la madurez del yacimiento y la migraci\u00f3n de grandes compa\u00f1\u00edas hacia <strong>Vaca Muerta<\/strong>.<\/p>\n\n\n\n<div style=\"height:100px\" aria-hidden=\"true\" class=\"wp-block-spacer\"><\/div>\n\n\n\n<p><strong>El anteproyecto<\/strong><\/p>\n\n\n\n<p>Ayer, el intendente de 25 de Mayo, <strong>Leonel Monsalve (Pro)<\/strong>, present\u00f3 en la Legislatura un <strong>anteproyecto de ley<\/strong> para impulsar una <strong>licitaci\u00f3n expr\u00e9s<\/strong>.<\/p>\n\n\n\n<p>La iniciativa constituye un desaf\u00edo directo al sector del vernismo en la C\u00e1mara de Diputados, que luego del fracaso del \u00faltimo proceso licitatorio propone que la estatal <strong>Pampetrol<\/strong> opere el yacimiento durante dos a\u00f1os. El jefe comunal sostiene que una empresa privada garantizar\u00eda <strong>inversiones inmediatas y sostenidas<\/strong> para preservar los <strong>puestos de trabajo<\/strong>.<\/p>\n\n\n\n<p>Los principales cambios respecto del pliego que fue declarado desierto son tres: <strong>regal\u00edas a la baja<\/strong> -del esquema m\u00f3vil entre 15 % y 20 % se pasa a un promedio del 15 %, con posibilidad de ser mayor o menor seg\u00fan la oferta-; un <strong>bono de ingreso de 15 millones de d\u00f3lares<\/strong> -el anterior exig\u00eda 50 millones-; y la <strong>suspensi\u00f3n del art\u00edculo 16 de la Ley 2675 de Hidrocarburos de La Pampa<\/strong>, que impidi\u00f3 participar a la actual operadora, <strong>Petroqu\u00edmica Comodoro Rivadavia (PCR)<\/strong>.<\/p>\n\n\n\n<figure class=\"wp-block-embed is-type-wp-embed is-provider-diario-textual wp-block-embed-diario-textual\"><div class=\"wp-block-embed__wrapper\">\n<blockquote class=\"wp-embedded-content\" data-secret=\"JhSeT1qMYp\"><a href=\"https:\/\/diariotextual.com\/inicio\/index.php\/2026\/03\/03\/el-medanito-monsalve-presento-ley-con-licitacion-expres-regalias-a-la-baja-y-suspension-de-articulo-que-veta-a-pcr\/\">El Medanito: Monsalve present\u00f3 ley con licitaci\u00f3n expr\u00e9s, regal\u00edas a la baja y suspensi\u00f3n de art\u00edculo que veta a PCR<\/a><\/blockquote><iframe class=\"wp-embedded-content\" sandbox=\"allow-scripts\" security=\"restricted\" style=\"position: absolute; visibility: hidden;\" title=\"\u00abEl Medanito: Monsalve present\u00f3 ley con licitaci\u00f3n expr\u00e9s, regal\u00edas a la baja y suspensi\u00f3n de art\u00edculo que veta a PCR\u00bb \u2014 Diario Textual\" src=\"https:\/\/diariotextual.com\/inicio\/index.php\/2026\/03\/03\/el-medanito-monsalve-presento-ley-con-licitacion-expres-regalias-a-la-baja-y-suspension-de-articulo-que-veta-a-pcr\/embed\/#?secret=pzlp5DWQtK#?secret=JhSeT1qMYp\" data-secret=\"JhSeT1qMYp\" width=\"600\" height=\"338\" frameborder=\"0\" marginwidth=\"0\" marginheight=\"0\" scrolling=\"no\"><\/iframe>\n<\/div><\/figure>\n\n\n\n<p><\/p>\n\n\n\n<p>La <strong>suspensi\u00f3n del art\u00edculo 16<\/strong> es el punto central del nuevo proyecto: permitir\u00eda que empresas que ya operan \u00e1reas en la provincia puedan competir en futuras licitaciones. Actualmente, ese art\u00edculo funciona como una barrera que deja fuera a cualquier operadora con pasivos ambientales sin remediar.<\/p>\n\n\n\n<p><\/p>\n","protected":false},"excerpt":{"rendered":"<p>El diputado provincial Daniel Lovera (Frejupa, peronismo) afirm\u00f3 este mi\u00e9rcoles que ya no hay tiempo material para convocar a una nueva licitaci\u00f3n del \u00e1rea hidrocarbur\u00edfera El Medanito antes del vencimiento&hellip;<\/p>\n","protected":false},"author":3,"featured_media":312883,"comment_status":"closed","ping_status":"open","sticky":false,"template":"","format":"standard","meta":{"_acf_changed":false,"footnotes":""},"categories":[11,8],"tags":[],"class_list":["post-321373","post","type-post","status-publish","format-standard","has-post-thumbnail","hentry","category-que-pasa","category-politica"],"acf":[],"yoast_head":"<!-- This site is optimized with the Yoast SEO plugin v27.5 - https:\/\/yoast.com\/product\/yoast-seo-wordpress\/ -->\n<title>Lovera: \u201cCon Pampetrol se garantizar\u00e1n los puestos de trabajo en El Medanito\u201d - Diario Textual<\/title>\n<meta name=\"robots\" content=\"index, follow, max-snippet:-1, max-image-preview:large, max-video-preview:-1\" \/>\n<link rel=\"canonical\" href=\"https:\/\/diariotextual.com\/inicio\/index.php\/2026\/03\/04\/lovera-con-pampetrol-se-garantizaran-los-puestos-de-trabajo-en-el-medanito\/\" \/>\n<meta property=\"og:locale\" content=\"es_ES\" \/>\n<meta property=\"og:type\" content=\"article\" \/>\n<meta property=\"og:title\" content=\"Lovera: \u201cCon Pampetrol se garantizar\u00e1n los puestos de trabajo en El Medanito\u201d - Diario Textual\" \/>\n<meta property=\"og:description\" content=\"El diputado provincial Daniel Lovera (Frejupa, peronismo) afirm\u00f3 este mi\u00e9rcoles que ya no hay tiempo material para convocar a una nueva licitaci\u00f3n del \u00e1rea hidrocarbur\u00edfera El Medanito antes del vencimiento&hellip;\" \/>\n<meta property=\"og:url\" content=\"https:\/\/diariotextual.com\/inicio\/index.php\/2026\/03\/04\/lovera-con-pampetrol-se-garantizaran-los-puestos-de-trabajo-en-el-medanito\/\" \/>\n<meta property=\"og:site_name\" content=\"Diario Textual\" \/>\n<meta property=\"article:publisher\" content=\"https:\/\/www.facebook.com\/eltextual\" \/>\n<meta property=\"article:published_time\" content=\"2026-03-04T14:48:55+00:00\" \/>\n<meta property=\"article:modified_time\" content=\"2026-03-05T17:04:32+00:00\" \/>\n<meta property=\"og:image\" content=\"https:\/\/diariotextual.com\/inicio\/wp-content\/uploads\/2025\/11\/loveradaniel2025-99.jpg\" \/>\n\t<meta property=\"og:image:width\" content=\"960\" \/>\n\t<meta property=\"og:image:height\" content=\"638\" \/>\n\t<meta property=\"og:image:type\" content=\"image\/jpeg\" \/>\n<meta name=\"author\" content=\"Diario1 Diario1\" \/>\n<meta name=\"twitter:card\" content=\"summary_large_image\" \/>\n<meta name=\"twitter:creator\" content=\"@eltextual\" \/>\n<meta name=\"twitter:site\" content=\"@eltextual\" \/>\n<meta name=\"twitter:label1\" content=\"Escrito por\" \/>\n\t<meta name=\"twitter:data1\" content=\"Diario1 Diario1\" \/>\n\t<meta name=\"twitter:label2\" content=\"Tiempo de lectura\" \/>\n\t<meta name=\"twitter:data2\" content=\"8 minutos\" \/>\n<script type=\"application\/ld+json\" class=\"yoast-schema-graph\">{\"@context\":\"https:\\\/\\\/schema.org\",\"@graph\":[{\"@type\":\"Article\",\"@id\":\"https:\\\/\\\/diariotextual.com\\\/inicio\\\/index.php\\\/2026\\\/03\\\/04\\\/lovera-con-pampetrol-se-garantizaran-los-puestos-de-trabajo-en-el-medanito\\\/#article\",\"isPartOf\":{\"@id\":\"https:\\\/\\\/diariotextual.com\\\/inicio\\\/index.php\\\/2026\\\/03\\\/04\\\/lovera-con-pampetrol-se-garantizaran-los-puestos-de-trabajo-en-el-medanito\\\/\"},\"author\":{\"name\":\"Diario1 Diario1\",\"@id\":\"https:\\\/\\\/diariotextual.com\\\/inicio\\\/#\\\/schema\\\/person\\\/418fc4093c33e86ed41562db3508f958\"},\"headline\":\"Lovera: \u201cCon Pampetrol se garantizar\u00e1n los puestos de trabajo en El Medanito\u201d\",\"datePublished\":\"2026-03-04T14:48:55+00:00\",\"dateModified\":\"2026-03-05T17:04:32+00:00\",\"mainEntityOfPage\":{\"@id\":\"https:\\\/\\\/diariotextual.com\\\/inicio\\\/index.php\\\/2026\\\/03\\\/04\\\/lovera-con-pampetrol-se-garantizaran-los-puestos-de-trabajo-en-el-medanito\\\/\"},\"wordCount\":1716,\"publisher\":{\"@id\":\"https:\\\/\\\/diariotextual.com\\\/inicio\\\/#organization\"},\"image\":{\"@id\":\"https:\\\/\\\/diariotextual.com\\\/inicio\\\/index.php\\\/2026\\\/03\\\/04\\\/lovera-con-pampetrol-se-garantizaran-los-puestos-de-trabajo-en-el-medanito\\\/#primaryimage\"},\"thumbnailUrl\":\"https:\\\/\\\/diariotextual.com\\\/inicio\\\/wp-content\\\/uploads\\\/2025\\\/11\\\/loveradaniel2025-99.jpg\",\"articleSection\":[\"A - QUE PASA (al costado)\",\"POLITICA\"],\"inLanguage\":\"es\"},{\"@type\":\"WebPage\",\"@id\":\"https:\\\/\\\/diariotextual.com\\\/inicio\\\/index.php\\\/2026\\\/03\\\/04\\\/lovera-con-pampetrol-se-garantizaran-los-puestos-de-trabajo-en-el-medanito\\\/\",\"url\":\"https:\\\/\\\/diariotextual.com\\\/inicio\\\/index.php\\\/2026\\\/03\\\/04\\\/lovera-con-pampetrol-se-garantizaran-los-puestos-de-trabajo-en-el-medanito\\\/\",\"name\":\"Lovera: \u201cCon Pampetrol se garantizar\u00e1n los puestos de trabajo en El Medanito\u201d - Diario Textual\",\"isPartOf\":{\"@id\":\"https:\\\/\\\/diariotextual.com\\\/inicio\\\/#website\"},\"primaryImageOfPage\":{\"@id\":\"https:\\\/\\\/diariotextual.com\\\/inicio\\\/index.php\\\/2026\\\/03\\\/04\\\/lovera-con-pampetrol-se-garantizaran-los-puestos-de-trabajo-en-el-medanito\\\/#primaryimage\"},\"image\":{\"@id\":\"https:\\\/\\\/diariotextual.com\\\/inicio\\\/index.php\\\/2026\\\/03\\\/04\\\/lovera-con-pampetrol-se-garantizaran-los-puestos-de-trabajo-en-el-medanito\\\/#primaryimage\"},\"thumbnailUrl\":\"https:\\\/\\\/diariotextual.com\\\/inicio\\\/wp-content\\\/uploads\\\/2025\\\/11\\\/loveradaniel2025-99.jpg\",\"datePublished\":\"2026-03-04T14:48:55+00:00\",\"dateModified\":\"2026-03-05T17:04:32+00:00\",\"breadcrumb\":{\"@id\":\"https:\\\/\\\/diariotextual.com\\\/inicio\\\/index.php\\\/2026\\\/03\\\/04\\\/lovera-con-pampetrol-se-garantizaran-los-puestos-de-trabajo-en-el-medanito\\\/#breadcrumb\"},\"inLanguage\":\"es\",\"potentialAction\":[{\"@type\":\"ReadAction\",\"target\":[\"https:\\\/\\\/diariotextual.com\\\/inicio\\\/index.php\\\/2026\\\/03\\\/04\\\/lovera-con-pampetrol-se-garantizaran-los-puestos-de-trabajo-en-el-medanito\\\/\"]}]},{\"@type\":\"ImageObject\",\"inLanguage\":\"es\",\"@id\":\"https:\\\/\\\/diariotextual.com\\\/inicio\\\/index.php\\\/2026\\\/03\\\/04\\\/lovera-con-pampetrol-se-garantizaran-los-puestos-de-trabajo-en-el-medanito\\\/#primaryimage\",\"url\":\"https:\\\/\\\/diariotextual.com\\\/inicio\\\/wp-content\\\/uploads\\\/2025\\\/11\\\/loveradaniel2025-99.jpg\",\"contentUrl\":\"https:\\\/\\\/diariotextual.com\\\/inicio\\\/wp-content\\\/uploads\\\/2025\\\/11\\\/loveradaniel2025-99.jpg\",\"width\":960,\"height\":638},{\"@type\":\"BreadcrumbList\",\"@id\":\"https:\\\/\\\/diariotextual.com\\\/inicio\\\/index.php\\\/2026\\\/03\\\/04\\\/lovera-con-pampetrol-se-garantizaran-los-puestos-de-trabajo-en-el-medanito\\\/#breadcrumb\",\"itemListElement\":[{\"@type\":\"ListItem\",\"position\":1,\"name\":\"Portada\",\"item\":\"https:\\\/\\\/diariotextual.com\\\/inicio\\\/\"},{\"@type\":\"ListItem\",\"position\":2,\"name\":\"Lovera: \u201cCon Pampetrol se garantizar\u00e1n los puestos de trabajo en El Medanito\u201d\"}]},{\"@type\":\"WebSite\",\"@id\":\"https:\\\/\\\/diariotextual.com\\\/inicio\\\/#website\",\"url\":\"https:\\\/\\\/diariotextual.com\\\/inicio\\\/\",\"name\":\"Diario Textual\",\"description\":\"\",\"publisher\":{\"@id\":\"https:\\\/\\\/diariotextual.com\\\/inicio\\\/#organization\"},\"potentialAction\":[{\"@type\":\"SearchAction\",\"target\":{\"@type\":\"EntryPoint\",\"urlTemplate\":\"https:\\\/\\\/diariotextual.com\\\/inicio\\\/?s={search_term_string}\"},\"query-input\":{\"@type\":\"PropertyValueSpecification\",\"valueRequired\":true,\"valueName\":\"search_term_string\"}}],\"inLanguage\":\"es\"},{\"@type\":\"Organization\",\"@id\":\"https:\\\/\\\/diariotextual.com\\\/inicio\\\/#organization\",\"name\":\"Diario Textual\",\"url\":\"https:\\\/\\\/diariotextual.com\\\/inicio\\\/\",\"logo\":{\"@type\":\"ImageObject\",\"inLanguage\":\"es\",\"@id\":\"https:\\\/\\\/diariotextual.com\\\/inicio\\\/#\\\/schema\\\/logo\\\/image\\\/\",\"url\":\"https:\\\/\\\/diariotextual.com\\\/inicio\\\/wp-content\\\/uploads\\\/2023\\\/05\\\/logotextual1.jpg\",\"contentUrl\":\"https:\\\/\\\/diariotextual.com\\\/inicio\\\/wp-content\\\/uploads\\\/2023\\\/05\\\/logotextual1.jpg\",\"width\":516,\"height\":76,\"caption\":\"Diario Textual\"},\"image\":{\"@id\":\"https:\\\/\\\/diariotextual.com\\\/inicio\\\/#\\\/schema\\\/logo\\\/image\\\/\"},\"sameAs\":[\"https:\\\/\\\/www.facebook.com\\\/eltextual\",\"https:\\\/\\\/x.com\\\/eltextual\",\"http:\\\/\\\/www.instagram.com\\\/eltextual\"]},{\"@type\":\"Person\",\"@id\":\"https:\\\/\\\/diariotextual.com\\\/inicio\\\/#\\\/schema\\\/person\\\/418fc4093c33e86ed41562db3508f958\",\"name\":\"Diario1 Diario1\",\"image\":{\"@type\":\"ImageObject\",\"inLanguage\":\"es\",\"@id\":\"https:\\\/\\\/secure.gravatar.com\\\/avatar\\\/9167d280179c85bc18be67aa7eda765854300033af4896dd779b608640f2ef7a?s=96&d=mm&r=g\",\"url\":\"https:\\\/\\\/secure.gravatar.com\\\/avatar\\\/9167d280179c85bc18be67aa7eda765854300033af4896dd779b608640f2ef7a?s=96&d=mm&r=g\",\"contentUrl\":\"https:\\\/\\\/secure.gravatar.com\\\/avatar\\\/9167d280179c85bc18be67aa7eda765854300033af4896dd779b608640f2ef7a?s=96&d=mm&r=g\",\"caption\":\"Diario1 Diario1\"},\"url\":\"https:\\\/\\\/diariotextual.com\\\/inicio\\\/index.php\\\/author\\\/diario1\\\/\"}]}<\/script>\n<!-- \/ Yoast SEO plugin. -->","yoast_head_json":{"title":"Lovera: \u201cCon Pampetrol se garantizar\u00e1n los puestos de trabajo en El Medanito\u201d - Diario Textual","robots":{"index":"index","follow":"follow","max-snippet":"max-snippet:-1","max-image-preview":"max-image-preview:large","max-video-preview":"max-video-preview:-1"},"canonical":"https:\/\/diariotextual.com\/inicio\/index.php\/2026\/03\/04\/lovera-con-pampetrol-se-garantizaran-los-puestos-de-trabajo-en-el-medanito\/","og_locale":"es_ES","og_type":"article","og_title":"Lovera: \u201cCon Pampetrol se garantizar\u00e1n los puestos de trabajo en El Medanito\u201d - Diario Textual","og_description":"El diputado provincial Daniel Lovera (Frejupa, peronismo) afirm\u00f3 este mi\u00e9rcoles que ya no hay tiempo material para convocar a una nueva licitaci\u00f3n del \u00e1rea hidrocarbur\u00edfera El Medanito antes del vencimiento&hellip;","og_url":"https:\/\/diariotextual.com\/inicio\/index.php\/2026\/03\/04\/lovera-con-pampetrol-se-garantizaran-los-puestos-de-trabajo-en-el-medanito\/","og_site_name":"Diario Textual","article_publisher":"https:\/\/www.facebook.com\/eltextual","article_published_time":"2026-03-04T14:48:55+00:00","article_modified_time":"2026-03-05T17:04:32+00:00","og_image":[{"width":960,"height":638,"url":"https:\/\/diariotextual.com\/inicio\/wp-content\/uploads\/2025\/11\/loveradaniel2025-99.jpg","type":"image\/jpeg"}],"author":"Diario1 Diario1","twitter_card":"summary_large_image","twitter_creator":"@eltextual","twitter_site":"@eltextual","twitter_misc":{"Escrito por":"Diario1 Diario1","Tiempo de lectura":"8 minutos"},"schema":{"@context":"https:\/\/schema.org","@graph":[{"@type":"Article","@id":"https:\/\/diariotextual.com\/inicio\/index.php\/2026\/03\/04\/lovera-con-pampetrol-se-garantizaran-los-puestos-de-trabajo-en-el-medanito\/#article","isPartOf":{"@id":"https:\/\/diariotextual.com\/inicio\/index.php\/2026\/03\/04\/lovera-con-pampetrol-se-garantizaran-los-puestos-de-trabajo-en-el-medanito\/"},"author":{"name":"Diario1 Diario1","@id":"https:\/\/diariotextual.com\/inicio\/#\/schema\/person\/418fc4093c33e86ed41562db3508f958"},"headline":"Lovera: \u201cCon Pampetrol se garantizar\u00e1n los puestos de trabajo en El Medanito\u201d","datePublished":"2026-03-04T14:48:55+00:00","dateModified":"2026-03-05T17:04:32+00:00","mainEntityOfPage":{"@id":"https:\/\/diariotextual.com\/inicio\/index.php\/2026\/03\/04\/lovera-con-pampetrol-se-garantizaran-los-puestos-de-trabajo-en-el-medanito\/"},"wordCount":1716,"publisher":{"@id":"https:\/\/diariotextual.com\/inicio\/#organization"},"image":{"@id":"https:\/\/diariotextual.com\/inicio\/index.php\/2026\/03\/04\/lovera-con-pampetrol-se-garantizaran-los-puestos-de-trabajo-en-el-medanito\/#primaryimage"},"thumbnailUrl":"https:\/\/diariotextual.com\/inicio\/wp-content\/uploads\/2025\/11\/loveradaniel2025-99.jpg","articleSection":["A - QUE PASA (al costado)","POLITICA"],"inLanguage":"es"},{"@type":"WebPage","@id":"https:\/\/diariotextual.com\/inicio\/index.php\/2026\/03\/04\/lovera-con-pampetrol-se-garantizaran-los-puestos-de-trabajo-en-el-medanito\/","url":"https:\/\/diariotextual.com\/inicio\/index.php\/2026\/03\/04\/lovera-con-pampetrol-se-garantizaran-los-puestos-de-trabajo-en-el-medanito\/","name":"Lovera: \u201cCon Pampetrol se garantizar\u00e1n los puestos de trabajo en El Medanito\u201d - Diario Textual","isPartOf":{"@id":"https:\/\/diariotextual.com\/inicio\/#website"},"primaryImageOfPage":{"@id":"https:\/\/diariotextual.com\/inicio\/index.php\/2026\/03\/04\/lovera-con-pampetrol-se-garantizaran-los-puestos-de-trabajo-en-el-medanito\/#primaryimage"},"image":{"@id":"https:\/\/diariotextual.com\/inicio\/index.php\/2026\/03\/04\/lovera-con-pampetrol-se-garantizaran-los-puestos-de-trabajo-en-el-medanito\/#primaryimage"},"thumbnailUrl":"https:\/\/diariotextual.com\/inicio\/wp-content\/uploads\/2025\/11\/loveradaniel2025-99.jpg","datePublished":"2026-03-04T14:48:55+00:00","dateModified":"2026-03-05T17:04:32+00:00","breadcrumb":{"@id":"https:\/\/diariotextual.com\/inicio\/index.php\/2026\/03\/04\/lovera-con-pampetrol-se-garantizaran-los-puestos-de-trabajo-en-el-medanito\/#breadcrumb"},"inLanguage":"es","potentialAction":[{"@type":"ReadAction","target":["https:\/\/diariotextual.com\/inicio\/index.php\/2026\/03\/04\/lovera-con-pampetrol-se-garantizaran-los-puestos-de-trabajo-en-el-medanito\/"]}]},{"@type":"ImageObject","inLanguage":"es","@id":"https:\/\/diariotextual.com\/inicio\/index.php\/2026\/03\/04\/lovera-con-pampetrol-se-garantizaran-los-puestos-de-trabajo-en-el-medanito\/#primaryimage","url":"https:\/\/diariotextual.com\/inicio\/wp-content\/uploads\/2025\/11\/loveradaniel2025-99.jpg","contentUrl":"https:\/\/diariotextual.com\/inicio\/wp-content\/uploads\/2025\/11\/loveradaniel2025-99.jpg","width":960,"height":638},{"@type":"BreadcrumbList","@id":"https:\/\/diariotextual.com\/inicio\/index.php\/2026\/03\/04\/lovera-con-pampetrol-se-garantizaran-los-puestos-de-trabajo-en-el-medanito\/#breadcrumb","itemListElement":[{"@type":"ListItem","position":1,"name":"Portada","item":"https:\/\/diariotextual.com\/inicio\/"},{"@type":"ListItem","position":2,"name":"Lovera: \u201cCon Pampetrol se garantizar\u00e1n los puestos de trabajo en El Medanito\u201d"}]},{"@type":"WebSite","@id":"https:\/\/diariotextual.com\/inicio\/#website","url":"https:\/\/diariotextual.com\/inicio\/","name":"Diario Textual","description":"","publisher":{"@id":"https:\/\/diariotextual.com\/inicio\/#organization"},"potentialAction":[{"@type":"SearchAction","target":{"@type":"EntryPoint","urlTemplate":"https:\/\/diariotextual.com\/inicio\/?s={search_term_string}"},"query-input":{"@type":"PropertyValueSpecification","valueRequired":true,"valueName":"search_term_string"}}],"inLanguage":"es"},{"@type":"Organization","@id":"https:\/\/diariotextual.com\/inicio\/#organization","name":"Diario Textual","url":"https:\/\/diariotextual.com\/inicio\/","logo":{"@type":"ImageObject","inLanguage":"es","@id":"https:\/\/diariotextual.com\/inicio\/#\/schema\/logo\/image\/","url":"https:\/\/diariotextual.com\/inicio\/wp-content\/uploads\/2023\/05\/logotextual1.jpg","contentUrl":"https:\/\/diariotextual.com\/inicio\/wp-content\/uploads\/2023\/05\/logotextual1.jpg","width":516,"height":76,"caption":"Diario Textual"},"image":{"@id":"https:\/\/diariotextual.com\/inicio\/#\/schema\/logo\/image\/"},"sameAs":["https:\/\/www.facebook.com\/eltextual","https:\/\/x.com\/eltextual","http:\/\/www.instagram.com\/eltextual"]},{"@type":"Person","@id":"https:\/\/diariotextual.com\/inicio\/#\/schema\/person\/418fc4093c33e86ed41562db3508f958","name":"Diario1 Diario1","image":{"@type":"ImageObject","inLanguage":"es","@id":"https:\/\/secure.gravatar.com\/avatar\/9167d280179c85bc18be67aa7eda765854300033af4896dd779b608640f2ef7a?s=96&d=mm&r=g","url":"https:\/\/secure.gravatar.com\/avatar\/9167d280179c85bc18be67aa7eda765854300033af4896dd779b608640f2ef7a?s=96&d=mm&r=g","contentUrl":"https:\/\/secure.gravatar.com\/avatar\/9167d280179c85bc18be67aa7eda765854300033af4896dd779b608640f2ef7a?s=96&d=mm&r=g","caption":"Diario1 Diario1"},"url":"https:\/\/diariotextual.com\/inicio\/index.php\/author\/diario1\/"}]}},"_links":{"self":[{"href":"https:\/\/diariotextual.com\/inicio\/index.php\/wp-json\/wp\/v2\/posts\/321373","targetHints":{"allow":["GET"]}}],"collection":[{"href":"https:\/\/diariotextual.com\/inicio\/index.php\/wp-json\/wp\/v2\/posts"}],"about":[{"href":"https:\/\/diariotextual.com\/inicio\/index.php\/wp-json\/wp\/v2\/types\/post"}],"author":[{"embeddable":true,"href":"https:\/\/diariotextual.com\/inicio\/index.php\/wp-json\/wp\/v2\/users\/3"}],"replies":[{"embeddable":true,"href":"https:\/\/diariotextual.com\/inicio\/index.php\/wp-json\/wp\/v2\/comments?post=321373"}],"version-history":[{"count":3,"href":"https:\/\/diariotextual.com\/inicio\/index.php\/wp-json\/wp\/v2\/posts\/321373\/revisions"}],"predecessor-version":[{"id":321411,"href":"https:\/\/diariotextual.com\/inicio\/index.php\/wp-json\/wp\/v2\/posts\/321373\/revisions\/321411"}],"wp:featuredmedia":[{"embeddable":true,"href":"https:\/\/diariotextual.com\/inicio\/index.php\/wp-json\/wp\/v2\/media\/312883"}],"wp:attachment":[{"href":"https:\/\/diariotextual.com\/inicio\/index.php\/wp-json\/wp\/v2\/media?parent=321373"}],"wp:term":[{"taxonomy":"category","embeddable":true,"href":"https:\/\/diariotextual.com\/inicio\/index.php\/wp-json\/wp\/v2\/categories?post=321373"},{"taxonomy":"post_tag","embeddable":true,"href":"https:\/\/diariotextual.com\/inicio\/index.php\/wp-json\/wp\/v2\/tags?post=321373"}],"curies":[{"name":"wp","href":"https:\/\/api.w.org\/{rel}","templated":true}]}}