{"id":321395,"date":"2026-03-04T16:52:09","date_gmt":"2026-03-04T19:52:09","guid":{"rendered":"https:\/\/diariotextual.com\/inicio\/?p=321395"},"modified":"2026-03-04T16:54:05","modified_gmt":"2026-03-04T19:54:05","slug":"nahuel-gallo-no-me-siento-preparado-para-contar-las-atrocidades-que-hicieron","status":"publish","type":"post","link":"https:\/\/diariotextual.com\/inicio\/index.php\/2026\/03\/04\/nahuel-gallo-no-me-siento-preparado-para-contar-las-atrocidades-que-hicieron\/","title":{"rendered":"Nahuel Gallo: \u201cNo me siento preparado para contar las atrocidades que hicieron\u201d"},"content":{"rendered":"\n<p>El <strong>gendarme Nahuel Gallo<\/strong>, quien fue <strong>liberado tras permanecer 448 d\u00edas detenido en Venezuela<\/strong>, afirm\u00f3 este mi\u00e9rcoles que posee <strong>\u201cescasa informaci\u00f3n\u201d<\/strong> sobre lo ocurrido durante su cautiverio y se\u00f1al\u00f3 que est\u00e1 tratando de <strong>reinsertarse en la sociedad<\/strong>. \u201cMe encuentro <strong>bien de salud, gracias a Dios<\/strong>. Estoy pasando por un momento de estudios y tratando de <strong>reinsertarme en la sociedad<\/strong>\u201d, indic\u00f3.<\/p>\n\n\n\n<p>Por lo pronto, el <strong>Gobierno nacional<\/strong> insiste en atribuirse la <strong>liberaci\u00f3n de Gallo<\/strong> y en minimizar el rol que tuvo la gesti\u00f3n del titular de la <strong>AFA, Claudio \u201cChiqui\u201d Tapia<\/strong>. En una conferencia de prensa brindada desde el <strong>Edificio Centinela<\/strong>, la ministra de Seguridad, <strong>Alejandra Monteoliva<\/strong>, y el canciller <strong>Pablo Quirno<\/strong> evitaron hacer menci\u00f3n de la instituci\u00f3n deportiva.<\/p>\n\n\n\n<p>\u201cMe han hecho saber desde el <strong>Estado venezolano<\/strong> que el <strong>Estado argentino<\/strong> hab\u00eda pedido por m\u00ed. \u00c9ramos de <strong>35 nacionalidades<\/strong>, y el \u00fanico por el que pidieron fue por m\u00ed. <strong>El Rodeo 1<\/strong> no es un lugar muy bueno, sino de bastante <strong>tortura psicol\u00f3gica<\/strong>\u201d, a\u00f1adi\u00f3 el gendarme.<\/p>\n\n\n\n<p>\u201cHay <strong>24 extranjeros m\u00e1s en Rodeo 1<\/strong> que est\u00e1n esperando ser liberados. Tuve la oportunidad de salir en libertad el domingo, con mucha <strong>incertidumbre<\/strong>. Ah\u00ed no te avisan ad\u00f3nde vas a ir, es cuesti\u00f3n de momentos y d\u00edas\u201d, relat\u00f3 en la conferencia realizada en la sede de la <strong>Gendarmer\u00eda Nacional<\/strong>.<\/p>\n\n\n\n<p>\u201cGracias a Dios, mi <strong>fortaleza mental<\/strong> y pensar en mi hijo fue lo \u00fanico que me mantuvo fuerte. No es f\u00e1cil estar <strong>incomunicado<\/strong> ni que te acusen de delitos que no vienen al caso\u201d, dijo.<\/p>\n\n\n\n<p>\u201cNo hay que olvidarse de <strong>Venezuela<\/strong>, que est\u00e1 en una transici\u00f3n. Los <strong>presos pol\u00edticos<\/strong> est\u00e1n esperando ser liberados. He conocido a much\u00edsimos venezolanos; me han ayudado incluso con una media, porque los extranjeros no ten\u00edamos <strong>visitas ni llamadas<\/strong>\u201d, resalt\u00f3.<\/p>\n\n\n\n<p>\u201cYo sigo <strong>encerrado en mi mente<\/strong>. Hasta que no liberen a esos 24 extranjeros, yo no estoy libre. <strong>No me siento preparado para contar las atrocidades que hicieron<\/strong>\u201d, enfatiz\u00f3.<\/p>\n\n\n\n<p>Tambi\u00e9n agradeci\u00f3 a las <strong>instituciones y organismos internacionales<\/strong> involucrados en su repatriaci\u00f3n y al <strong>Estado argentino<\/strong>. \u201cYo no voy a dar nombres, solo digo a toda la Naci\u00f3n Argentina\u201d, se\u00f1al\u00f3, sin mencionar a la AFA.<\/p>\n\n\n\n<p>Junto con Gallo estuvieron en la conferencia la ministra <strong>Alejandra Monteoliva<\/strong>, el canciller <strong>Pablo Quirno<\/strong> y el jefe de la Gendarmer\u00eda, comandante general <strong>Claudio Brilloni<\/strong>.<\/p>\n\n\n\n<p>En otro tramo de su exposici\u00f3n, Gallo profundiz\u00f3 sobre el clima vivido durante la detenci\u00f3n. \u201cEs incertidumbre permanente: qu\u00e9 va a pasar, ad\u00f3nde vas a ir. Es cuesti\u00f3n de momentos, d\u00edas y un mill\u00f3n de pensamientos que uno no sabe c\u00f3mo se resolver\u00e1n\u201d, relat\u00f3.<\/p>\n\n\n\n<p>Adem\u00e1s, volvi\u00f3 a subrayar la importancia de su <strong>fortaleza mental<\/strong>. \u201cPensar que tengo que estar bien, que tengo un hijo al que amo con toda mi vida, fue lo que me mantuvo fuerte. No es f\u00e1cil haber perdido la libertad injustamente ni que te acusen de delitos que no vienen al caso, pero no voy a expresarme mucho m\u00e1s\u201d, sostuvo.<\/p>\n\n\n\n<p><\/p>\n","protected":false},"excerpt":{"rendered":"<p>El gendarme Nahuel Gallo, quien fue liberado tras permanecer 448 d\u00edas detenido en Venezuela, afirm\u00f3 este mi\u00e9rcoles que posee \u201cescasa informaci\u00f3n\u201d sobre lo ocurrido durante su cautiverio y se\u00f1al\u00f3 que&hellip;<\/p>\n","protected":false},"author":3,"featured_media":321398,"comment_status":"closed","ping_status":"open","sticky":false,"template":"","format":"standard","meta":{"_acf_changed":false,"footnotes":""},"categories":[1,8],"tags":[],"class_list":["post-321395","post","type-post","status-publish","format-standard","has-post-thumbnail","hentry","category-es-noticia","category-politica"],"acf":[],"yoast_head":"<!-- This site is optimized with the Yoast SEO plugin v27.5 - https:\/\/yoast.com\/product\/yoast-seo-wordpress\/ -->\n<title>Nahuel Gallo: \u201cNo me siento preparado para contar las atrocidades que hicieron\u201d - Diario Textual<\/title>\n<meta name=\"robots\" content=\"index, follow, max-snippet:-1, max-image-preview:large, max-video-preview:-1\" \/>\n<link rel=\"canonical\" href=\"https:\/\/diariotextual.com\/inicio\/index.php\/2026\/03\/04\/nahuel-gallo-no-me-siento-preparado-para-contar-las-atrocidades-que-hicieron\/\" \/>\n<meta property=\"og:locale\" content=\"es_ES\" \/>\n<meta property=\"og:type\" content=\"article\" \/>\n<meta property=\"og:title\" content=\"Nahuel Gallo: \u201cNo me siento preparado para contar las atrocidades que hicieron\u201d - Diario Textual\" \/>\n<meta property=\"og:description\" content=\"El gendarme Nahuel Gallo, quien fue liberado tras permanecer 448 d\u00edas detenido en Venezuela, afirm\u00f3 este mi\u00e9rcoles que posee \u201cescasa informaci\u00f3n\u201d sobre lo ocurrido durante su cautiverio y se\u00f1al\u00f3 que&hellip;\" \/>\n<meta property=\"og:url\" content=\"https:\/\/diariotextual.com\/inicio\/index.php\/2026\/03\/04\/nahuel-gallo-no-me-siento-preparado-para-contar-las-atrocidades-que-hicieron\/\" \/>\n<meta property=\"og:site_name\" content=\"Diario Textual\" \/>\n<meta property=\"article:publisher\" content=\"https:\/\/www.facebook.com\/eltextual\" \/>\n<meta property=\"article:published_time\" content=\"2026-03-04T19:52:09+00:00\" \/>\n<meta property=\"article:modified_time\" content=\"2026-03-04T19:54:05+00:00\" \/>\n<meta property=\"og:image\" content=\"https:\/\/diariotextual.com\/inicio\/wp-content\/uploads\/2026\/03\/gallonahuelmonteoliva2026-1.webp\" \/>\n\t<meta property=\"og:image:width\" content=\"1024\" \/>\n\t<meta property=\"og:image:height\" content=\"720\" \/>\n\t<meta property=\"og:image:type\" content=\"image\/webp\" \/>\n<meta name=\"author\" content=\"Diario1 Diario1\" \/>\n<meta name=\"twitter:card\" content=\"summary_large_image\" \/>\n<meta name=\"twitter:creator\" content=\"@eltextual\" \/>\n<meta name=\"twitter:site\" content=\"@eltextual\" \/>\n<meta name=\"twitter:label1\" content=\"Escrito por\" \/>\n\t<meta name=\"twitter:data1\" content=\"Diario1 Diario1\" \/>\n\t<meta name=\"twitter:label2\" content=\"Tiempo de lectura\" \/>\n\t<meta name=\"twitter:data2\" content=\"3 minutos\" \/>\n<script type=\"application\/ld+json\" class=\"yoast-schema-graph\">{\"@context\":\"https:\\\/\\\/schema.org\",\"@graph\":[{\"@type\":\"Article\",\"@id\":\"https:\\\/\\\/diariotextual.com\\\/inicio\\\/index.php\\\/2026\\\/03\\\/04\\\/nahuel-gallo-no-me-siento-preparado-para-contar-las-atrocidades-que-hicieron\\\/#article\",\"isPartOf\":{\"@id\":\"https:\\\/\\\/diariotextual.com\\\/inicio\\\/index.php\\\/2026\\\/03\\\/04\\\/nahuel-gallo-no-me-siento-preparado-para-contar-las-atrocidades-que-hicieron\\\/\"},\"author\":{\"name\":\"Diario1 Diario1\",\"@id\":\"https:\\\/\\\/diariotextual.com\\\/inicio\\\/#\\\/schema\\\/person\\\/418fc4093c33e86ed41562db3508f958\"},\"headline\":\"Nahuel Gallo: \u201cNo me siento preparado para contar las atrocidades que hicieron\u201d\",\"datePublished\":\"2026-03-04T19:52:09+00:00\",\"dateModified\":\"2026-03-04T19:54:05+00:00\",\"mainEntityOfPage\":{\"@id\":\"https:\\\/\\\/diariotextual.com\\\/inicio\\\/index.php\\\/2026\\\/03\\\/04\\\/nahuel-gallo-no-me-siento-preparado-para-contar-las-atrocidades-que-hicieron\\\/\"},\"wordCount\":527,\"publisher\":{\"@id\":\"https:\\\/\\\/diariotextual.com\\\/inicio\\\/#organization\"},\"image\":{\"@id\":\"https:\\\/\\\/diariotextual.com\\\/inicio\\\/index.php\\\/2026\\\/03\\\/04\\\/nahuel-gallo-no-me-siento-preparado-para-contar-las-atrocidades-que-hicieron\\\/#primaryimage\"},\"thumbnailUrl\":\"https:\\\/\\\/diariotextual.com\\\/inicio\\\/wp-content\\\/uploads\\\/2026\\\/03\\\/gallonahuelmonteoliva2026-1.webp\",\"articleSection\":[\"A - ES NOTICIA (van abajo)\",\"POLITICA\"],\"inLanguage\":\"es\"},{\"@type\":\"WebPage\",\"@id\":\"https:\\\/\\\/diariotextual.com\\\/inicio\\\/index.php\\\/2026\\\/03\\\/04\\\/nahuel-gallo-no-me-siento-preparado-para-contar-las-atrocidades-que-hicieron\\\/\",\"url\":\"https:\\\/\\\/diariotextual.com\\\/inicio\\\/index.php\\\/2026\\\/03\\\/04\\\/nahuel-gallo-no-me-siento-preparado-para-contar-las-atrocidades-que-hicieron\\\/\",\"name\":\"Nahuel Gallo: \u201cNo me siento preparado para contar las atrocidades que hicieron\u201d - Diario Textual\",\"isPartOf\":{\"@id\":\"https:\\\/\\\/diariotextual.com\\\/inicio\\\/#website\"},\"primaryImageOfPage\":{\"@id\":\"https:\\\/\\\/diariotextual.com\\\/inicio\\\/index.php\\\/2026\\\/03\\\/04\\\/nahuel-gallo-no-me-siento-preparado-para-contar-las-atrocidades-que-hicieron\\\/#primaryimage\"},\"image\":{\"@id\":\"https:\\\/\\\/diariotextual.com\\\/inicio\\\/index.php\\\/2026\\\/03\\\/04\\\/nahuel-gallo-no-me-siento-preparado-para-contar-las-atrocidades-que-hicieron\\\/#primaryimage\"},\"thumbnailUrl\":\"https:\\\/\\\/diariotextual.com\\\/inicio\\\/wp-content\\\/uploads\\\/2026\\\/03\\\/gallonahuelmonteoliva2026-1.webp\",\"datePublished\":\"2026-03-04T19:52:09+00:00\",\"dateModified\":\"2026-03-04T19:54:05+00:00\",\"breadcrumb\":{\"@id\":\"https:\\\/\\\/diariotextual.com\\\/inicio\\\/index.php\\\/2026\\\/03\\\/04\\\/nahuel-gallo-no-me-siento-preparado-para-contar-las-atrocidades-que-hicieron\\\/#breadcrumb\"},\"inLanguage\":\"es\",\"potentialAction\":[{\"@type\":\"ReadAction\",\"target\":[\"https:\\\/\\\/diariotextual.com\\\/inicio\\\/index.php\\\/2026\\\/03\\\/04\\\/nahuel-gallo-no-me-siento-preparado-para-contar-las-atrocidades-que-hicieron\\\/\"]}]},{\"@type\":\"ImageObject\",\"inLanguage\":\"es\",\"@id\":\"https:\\\/\\\/diariotextual.com\\\/inicio\\\/index.php\\\/2026\\\/03\\\/04\\\/nahuel-gallo-no-me-siento-preparado-para-contar-las-atrocidades-que-hicieron\\\/#primaryimage\",\"url\":\"https:\\\/\\\/diariotextual.com\\\/inicio\\\/wp-content\\\/uploads\\\/2026\\\/03\\\/gallonahuelmonteoliva2026-1.webp\",\"contentUrl\":\"https:\\\/\\\/diariotextual.com\\\/inicio\\\/wp-content\\\/uploads\\\/2026\\\/03\\\/gallonahuelmonteoliva2026-1.webp\",\"width\":1024,\"height\":720},{\"@type\":\"BreadcrumbList\",\"@id\":\"https:\\\/\\\/diariotextual.com\\\/inicio\\\/index.php\\\/2026\\\/03\\\/04\\\/nahuel-gallo-no-me-siento-preparado-para-contar-las-atrocidades-que-hicieron\\\/#breadcrumb\",\"itemListElement\":[{\"@type\":\"ListItem\",\"position\":1,\"name\":\"Portada\",\"item\":\"https:\\\/\\\/diariotextual.com\\\/inicio\\\/\"},{\"@type\":\"ListItem\",\"position\":2,\"name\":\"Nahuel Gallo: \u201cNo me siento preparado para contar las atrocidades que hicieron\u201d\"}]},{\"@type\":\"WebSite\",\"@id\":\"https:\\\/\\\/diariotextual.com\\\/inicio\\\/#website\",\"url\":\"https:\\\/\\\/diariotextual.com\\\/inicio\\\/\",\"name\":\"Diario Textual\",\"description\":\"\",\"publisher\":{\"@id\":\"https:\\\/\\\/diariotextual.com\\\/inicio\\\/#organization\"},\"potentialAction\":[{\"@type\":\"SearchAction\",\"target\":{\"@type\":\"EntryPoint\",\"urlTemplate\":\"https:\\\/\\\/diariotextual.com\\\/inicio\\\/?s={search_term_string}\"},\"query-input\":{\"@type\":\"PropertyValueSpecification\",\"valueRequired\":true,\"valueName\":\"search_term_string\"}}],\"inLanguage\":\"es\"},{\"@type\":\"Organization\",\"@id\":\"https:\\\/\\\/diariotextual.com\\\/inicio\\\/#organization\",\"name\":\"Diario Textual\",\"url\":\"https:\\\/\\\/diariotextual.com\\\/inicio\\\/\",\"logo\":{\"@type\":\"ImageObject\",\"inLanguage\":\"es\",\"@id\":\"https:\\\/\\\/diariotextual.com\\\/inicio\\\/#\\\/schema\\\/logo\\\/image\\\/\",\"url\":\"https:\\\/\\\/diariotextual.com\\\/inicio\\\/wp-content\\\/uploads\\\/2023\\\/05\\\/logotextual1.jpg\",\"contentUrl\":\"https:\\\/\\\/diariotextual.com\\\/inicio\\\/wp-content\\\/uploads\\\/2023\\\/05\\\/logotextual1.jpg\",\"width\":516,\"height\":76,\"caption\":\"Diario Textual\"},\"image\":{\"@id\":\"https:\\\/\\\/diariotextual.com\\\/inicio\\\/#\\\/schema\\\/logo\\\/image\\\/\"},\"sameAs\":[\"https:\\\/\\\/www.facebook.com\\\/eltextual\",\"https:\\\/\\\/x.com\\\/eltextual\",\"http:\\\/\\\/www.instagram.com\\\/eltextual\"]},{\"@type\":\"Person\",\"@id\":\"https:\\\/\\\/diariotextual.com\\\/inicio\\\/#\\\/schema\\\/person\\\/418fc4093c33e86ed41562db3508f958\",\"name\":\"Diario1 Diario1\",\"image\":{\"@type\":\"ImageObject\",\"inLanguage\":\"es\",\"@id\":\"https:\\\/\\\/secure.gravatar.com\\\/avatar\\\/9167d280179c85bc18be67aa7eda765854300033af4896dd779b608640f2ef7a?s=96&d=mm&r=g\",\"url\":\"https:\\\/\\\/secure.gravatar.com\\\/avatar\\\/9167d280179c85bc18be67aa7eda765854300033af4896dd779b608640f2ef7a?s=96&d=mm&r=g\",\"contentUrl\":\"https:\\\/\\\/secure.gravatar.com\\\/avatar\\\/9167d280179c85bc18be67aa7eda765854300033af4896dd779b608640f2ef7a?s=96&d=mm&r=g\",\"caption\":\"Diario1 Diario1\"},\"url\":\"https:\\\/\\\/diariotextual.com\\\/inicio\\\/index.php\\\/author\\\/diario1\\\/\"}]}<\/script>\n<!-- \/ Yoast SEO plugin. -->","yoast_head_json":{"title":"Nahuel Gallo: \u201cNo me siento preparado para contar las atrocidades que hicieron\u201d - Diario Textual","robots":{"index":"index","follow":"follow","max-snippet":"max-snippet:-1","max-image-preview":"max-image-preview:large","max-video-preview":"max-video-preview:-1"},"canonical":"https:\/\/diariotextual.com\/inicio\/index.php\/2026\/03\/04\/nahuel-gallo-no-me-siento-preparado-para-contar-las-atrocidades-que-hicieron\/","og_locale":"es_ES","og_type":"article","og_title":"Nahuel Gallo: \u201cNo me siento preparado para contar las atrocidades que hicieron\u201d - Diario Textual","og_description":"El gendarme Nahuel Gallo, quien fue liberado tras permanecer 448 d\u00edas detenido en Venezuela, afirm\u00f3 este mi\u00e9rcoles que posee \u201cescasa informaci\u00f3n\u201d sobre lo ocurrido durante su cautiverio y se\u00f1al\u00f3 que&hellip;","og_url":"https:\/\/diariotextual.com\/inicio\/index.php\/2026\/03\/04\/nahuel-gallo-no-me-siento-preparado-para-contar-las-atrocidades-que-hicieron\/","og_site_name":"Diario Textual","article_publisher":"https:\/\/www.facebook.com\/eltextual","article_published_time":"2026-03-04T19:52:09+00:00","article_modified_time":"2026-03-04T19:54:05+00:00","og_image":[{"width":1024,"height":720,"url":"https:\/\/diariotextual.com\/inicio\/wp-content\/uploads\/2026\/03\/gallonahuelmonteoliva2026-1.webp","type":"image\/webp"}],"author":"Diario1 Diario1","twitter_card":"summary_large_image","twitter_creator":"@eltextual","twitter_site":"@eltextual","twitter_misc":{"Escrito por":"Diario1 Diario1","Tiempo de lectura":"3 minutos"},"schema":{"@context":"https:\/\/schema.org","@graph":[{"@type":"Article","@id":"https:\/\/diariotextual.com\/inicio\/index.php\/2026\/03\/04\/nahuel-gallo-no-me-siento-preparado-para-contar-las-atrocidades-que-hicieron\/#article","isPartOf":{"@id":"https:\/\/diariotextual.com\/inicio\/index.php\/2026\/03\/04\/nahuel-gallo-no-me-siento-preparado-para-contar-las-atrocidades-que-hicieron\/"},"author":{"name":"Diario1 Diario1","@id":"https:\/\/diariotextual.com\/inicio\/#\/schema\/person\/418fc4093c33e86ed41562db3508f958"},"headline":"Nahuel Gallo: \u201cNo me siento preparado para contar las atrocidades que hicieron\u201d","datePublished":"2026-03-04T19:52:09+00:00","dateModified":"2026-03-04T19:54:05+00:00","mainEntityOfPage":{"@id":"https:\/\/diariotextual.com\/inicio\/index.php\/2026\/03\/04\/nahuel-gallo-no-me-siento-preparado-para-contar-las-atrocidades-que-hicieron\/"},"wordCount":527,"publisher":{"@id":"https:\/\/diariotextual.com\/inicio\/#organization"},"image":{"@id":"https:\/\/diariotextual.com\/inicio\/index.php\/2026\/03\/04\/nahuel-gallo-no-me-siento-preparado-para-contar-las-atrocidades-que-hicieron\/#primaryimage"},"thumbnailUrl":"https:\/\/diariotextual.com\/inicio\/wp-content\/uploads\/2026\/03\/gallonahuelmonteoliva2026-1.webp","articleSection":["A - ES NOTICIA (van abajo)","POLITICA"],"inLanguage":"es"},{"@type":"WebPage","@id":"https:\/\/diariotextual.com\/inicio\/index.php\/2026\/03\/04\/nahuel-gallo-no-me-siento-preparado-para-contar-las-atrocidades-que-hicieron\/","url":"https:\/\/diariotextual.com\/inicio\/index.php\/2026\/03\/04\/nahuel-gallo-no-me-siento-preparado-para-contar-las-atrocidades-que-hicieron\/","name":"Nahuel Gallo: \u201cNo me siento preparado para contar las atrocidades que hicieron\u201d - Diario Textual","isPartOf":{"@id":"https:\/\/diariotextual.com\/inicio\/#website"},"primaryImageOfPage":{"@id":"https:\/\/diariotextual.com\/inicio\/index.php\/2026\/03\/04\/nahuel-gallo-no-me-siento-preparado-para-contar-las-atrocidades-que-hicieron\/#primaryimage"},"image":{"@id":"https:\/\/diariotextual.com\/inicio\/index.php\/2026\/03\/04\/nahuel-gallo-no-me-siento-preparado-para-contar-las-atrocidades-que-hicieron\/#primaryimage"},"thumbnailUrl":"https:\/\/diariotextual.com\/inicio\/wp-content\/uploads\/2026\/03\/gallonahuelmonteoliva2026-1.webp","datePublished":"2026-03-04T19:52:09+00:00","dateModified":"2026-03-04T19:54:05+00:00","breadcrumb":{"@id":"https:\/\/diariotextual.com\/inicio\/index.php\/2026\/03\/04\/nahuel-gallo-no-me-siento-preparado-para-contar-las-atrocidades-que-hicieron\/#breadcrumb"},"inLanguage":"es","potentialAction":[{"@type":"ReadAction","target":["https:\/\/diariotextual.com\/inicio\/index.php\/2026\/03\/04\/nahuel-gallo-no-me-siento-preparado-para-contar-las-atrocidades-que-hicieron\/"]}]},{"@type":"ImageObject","inLanguage":"es","@id":"https:\/\/diariotextual.com\/inicio\/index.php\/2026\/03\/04\/nahuel-gallo-no-me-siento-preparado-para-contar-las-atrocidades-que-hicieron\/#primaryimage","url":"https:\/\/diariotextual.com\/inicio\/wp-content\/uploads\/2026\/03\/gallonahuelmonteoliva2026-1.webp","contentUrl":"https:\/\/diariotextual.com\/inicio\/wp-content\/uploads\/2026\/03\/gallonahuelmonteoliva2026-1.webp","width":1024,"height":720},{"@type":"BreadcrumbList","@id":"https:\/\/diariotextual.com\/inicio\/index.php\/2026\/03\/04\/nahuel-gallo-no-me-siento-preparado-para-contar-las-atrocidades-que-hicieron\/#breadcrumb","itemListElement":[{"@type":"ListItem","position":1,"name":"Portada","item":"https:\/\/diariotextual.com\/inicio\/"},{"@type":"ListItem","position":2,"name":"Nahuel Gallo: \u201cNo me siento preparado para contar las atrocidades que hicieron\u201d"}]},{"@type":"WebSite","@id":"https:\/\/diariotextual.com\/inicio\/#website","url":"https:\/\/diariotextual.com\/inicio\/","name":"Diario Textual","description":"","publisher":{"@id":"https:\/\/diariotextual.com\/inicio\/#organization"},"potentialAction":[{"@type":"SearchAction","target":{"@type":"EntryPoint","urlTemplate":"https:\/\/diariotextual.com\/inicio\/?s={search_term_string}"},"query-input":{"@type":"PropertyValueSpecification","valueRequired":true,"valueName":"search_term_string"}}],"inLanguage":"es"},{"@type":"Organization","@id":"https:\/\/diariotextual.com\/inicio\/#organization","name":"Diario Textual","url":"https:\/\/diariotextual.com\/inicio\/","logo":{"@type":"ImageObject","inLanguage":"es","@id":"https:\/\/diariotextual.com\/inicio\/#\/schema\/logo\/image\/","url":"https:\/\/diariotextual.com\/inicio\/wp-content\/uploads\/2023\/05\/logotextual1.jpg","contentUrl":"https:\/\/diariotextual.com\/inicio\/wp-content\/uploads\/2023\/05\/logotextual1.jpg","width":516,"height":76,"caption":"Diario Textual"},"image":{"@id":"https:\/\/diariotextual.com\/inicio\/#\/schema\/logo\/image\/"},"sameAs":["https:\/\/www.facebook.com\/eltextual","https:\/\/x.com\/eltextual","http:\/\/www.instagram.com\/eltextual"]},{"@type":"Person","@id":"https:\/\/diariotextual.com\/inicio\/#\/schema\/person\/418fc4093c33e86ed41562db3508f958","name":"Diario1 Diario1","image":{"@type":"ImageObject","inLanguage":"es","@id":"https:\/\/secure.gravatar.com\/avatar\/9167d280179c85bc18be67aa7eda765854300033af4896dd779b608640f2ef7a?s=96&d=mm&r=g","url":"https:\/\/secure.gravatar.com\/avatar\/9167d280179c85bc18be67aa7eda765854300033af4896dd779b608640f2ef7a?s=96&d=mm&r=g","contentUrl":"https:\/\/secure.gravatar.com\/avatar\/9167d280179c85bc18be67aa7eda765854300033af4896dd779b608640f2ef7a?s=96&d=mm&r=g","caption":"Diario1 Diario1"},"url":"https:\/\/diariotextual.com\/inicio\/index.php\/author\/diario1\/"}]}},"_links":{"self":[{"href":"https:\/\/diariotextual.com\/inicio\/index.php\/wp-json\/wp\/v2\/posts\/321395","targetHints":{"allow":["GET"]}}],"collection":[{"href":"https:\/\/diariotextual.com\/inicio\/index.php\/wp-json\/wp\/v2\/posts"}],"about":[{"href":"https:\/\/diariotextual.com\/inicio\/index.php\/wp-json\/wp\/v2\/types\/post"}],"author":[{"embeddable":true,"href":"https:\/\/diariotextual.com\/inicio\/index.php\/wp-json\/wp\/v2\/users\/3"}],"replies":[{"embeddable":true,"href":"https:\/\/diariotextual.com\/inicio\/index.php\/wp-json\/wp\/v2\/comments?post=321395"}],"version-history":[{"count":2,"href":"https:\/\/diariotextual.com\/inicio\/index.php\/wp-json\/wp\/v2\/posts\/321395\/revisions"}],"predecessor-version":[{"id":321397,"href":"https:\/\/diariotextual.com\/inicio\/index.php\/wp-json\/wp\/v2\/posts\/321395\/revisions\/321397"}],"wp:featuredmedia":[{"embeddable":true,"href":"https:\/\/diariotextual.com\/inicio\/index.php\/wp-json\/wp\/v2\/media\/321398"}],"wp:attachment":[{"href":"https:\/\/diariotextual.com\/inicio\/index.php\/wp-json\/wp\/v2\/media?parent=321395"}],"wp:term":[{"taxonomy":"category","embeddable":true,"href":"https:\/\/diariotextual.com\/inicio\/index.php\/wp-json\/wp\/v2\/categories?post=321395"},{"taxonomy":"post_tag","embeddable":true,"href":"https:\/\/diariotextual.com\/inicio\/index.php\/wp-json\/wp\/v2\/tags?post=321395"}],"curies":[{"name":"wp","href":"https:\/\/api.w.org\/{rel}","templated":true}]}}