{"id":321413,"date":"2026-03-04T19:49:52","date_gmt":"2026-03-04T22:49:52","guid":{"rendered":"https:\/\/diariotextual.com\/inicio\/?p=321413"},"modified":"2026-03-05T09:02:21","modified_gmt":"2026-03-05T12:02:21","slug":"senales-de-distension-entre-ziliotto-y-verna-el-respaldo-de-la-plural-capitalina-a-lovera","status":"publish","type":"post","link":"https:\/\/diariotextual.com\/inicio\/index.php\/2026\/03\/04\/senales-de-distension-entre-ziliotto-y-verna-el-respaldo-de-la-plural-capitalina-a-lovera\/","title":{"rendered":"Se\u00f1ales de distensi\u00f3n entre Ziliotto y Verna: el respaldo de la Plural capitalina a Lovera"},"content":{"rendered":"\n<p>La<strong> l\u00ednea peronista Plural de Santa Rosa<\/strong> sali\u00f3 a <strong>respaldar p\u00fablicamente<\/strong> la designaci\u00f3n de <strong>Daniel Lovera <\/strong>como <strong>nuevo presidente del bloque de diputados provinciales del Frejupa<\/strong> y, de esta manera, <strong>se confirm\u00f3 una se\u00f1al de distensi\u00f3n en la relaci\u00f3n entre Sergio Ziliotto y Carlos Verna<\/strong>. Es un gesto que, adem\u00e1s,<strong> busca descomprimir la tensi\u00f3n interna del peronismo capitalino y enviar un mensaje hacia el sector de General Pico de cara al escenario electoral.<\/strong><\/p>\n\n\n\n<p><br>A trav\u00e9s de un comunicado, el espacio sostuvo que la defensa de \u201cpampeanas y pampeanos\u201d exige unidad del peronismo y expres\u00f3 su apoyo a la conducci\u00f3n legislativa que asumir\u00e1 Lovera dentro del bloque justicialista.<\/p>\n\n\n\n<p><br>El pronunciamiento adquiere relevancia en un contexto de reacomodamientos internos y diferencias entre sectores del PJ provincial, especialmente entre dirigentes de Santa Rosa y del norte pampeano.<\/p>\n\n\n\n<p><br>En el texto difundido, la Plural afirm\u00f3 que el nuevo per\u00edodo pol\u00edtico debe estar guiado por la premisa \u201cprimero La Pampa, despu\u00e9s el movimiento y por \u00faltimo los hombres\u201d, y plante\u00f3 la necesidad de avanzar con menos personalismos y m\u00e1s acciones colectivas.<br><\/p>\n\n\n\n<p>El espacio record\u00f3 que, desde 1983, el justicialismo construye la provincia \u201ccon el aporte de todos los sectores\u201d y con gobiernos que la defienden \u201csiempre y ante quien sea\u201d, en una reivindicaci\u00f3n del recorrido hist\u00f3rico del PJ pampeano.<\/p>\n\n\n\n<p><br>El respaldo expl\u00edcito a Lovera, dirigente identificado con el esquema org\u00e1nico del oficialismo provincial, funciona adem\u00e1s como un gesto pol\u00edtico hacia el sector de General Pico, con el que en los \u00faltimos meses existieron fricciones por la conducci\u00f3n y la estrategia electoral.<\/p>\n\n\n\n<p><br>Desde la Plural aseguraron que continuar\u00e1n aportando \u201ccon humildad y respeto\u201d a la grandeza del partido y de la provincia, y remarcaron que lo har\u00e1n \u201csin prepotencias\u201d.<br><\/p>\n\n\n\n<p>El comunicado cerr\u00f3 con un llamado a \u201cfortalecer la unidad del campo popular\u201d para \u201csalvaguardar la provincia de la deliberada crueldad libertaria y de sus c\u00f3mplices\u201d, en una referencia directa al escenario pol\u00edtico nacional.<\/p>\n\n\n\n<p><br>De esta manera, el posicionamiento p\u00fablico de la l\u00ednea Plural capitalina no solo consolida a Lovera al frente del bloque oficialista, sino que tambi\u00e9n confirma un gesto de acercamiento pol\u00edtico entre Ziliotto y Verna y busca ordenar al peronismo pampeano en la antesala de las pr\u00f3ximas elecciones.<\/p>\n\n\n\n<p><\/p>\n","protected":false},"excerpt":{"rendered":"<p>La l\u00ednea peronista Plural de Santa Rosa sali\u00f3 a respaldar p\u00fablicamente la designaci\u00f3n de Daniel Lovera como nuevo presidente del bloque de diputados provinciales del Frejupa y, de esta manera,&hellip;<\/p>\n","protected":false},"author":3,"featured_media":257029,"comment_status":"closed","ping_status":"open","sticky":false,"template":"","format":"standard","meta":{"_acf_changed":false,"footnotes":""},"categories":[1,11,8],"tags":[],"class_list":["post-321413","post","type-post","status-publish","format-standard","has-post-thumbnail","hentry","category-es-noticia","category-que-pasa","category-politica"],"acf":[],"yoast_head":"<!-- This site is optimized with the Yoast SEO plugin v27.4 - https:\/\/yoast.com\/product\/yoast-seo-wordpress\/ -->\n<title>Se\u00f1ales de distensi\u00f3n entre Ziliotto y Verna: el respaldo de la Plural capitalina a Lovera - Diario Textual<\/title>\n<meta name=\"robots\" content=\"index, follow, max-snippet:-1, max-image-preview:large, max-video-preview:-1\" \/>\n<link rel=\"canonical\" href=\"https:\/\/diariotextual.com\/inicio\/index.php\/2026\/03\/04\/senales-de-distension-entre-ziliotto-y-verna-el-respaldo-de-la-plural-capitalina-a-lovera\/\" \/>\n<meta property=\"og:locale\" content=\"es_ES\" \/>\n<meta property=\"og:type\" content=\"article\" \/>\n<meta property=\"og:title\" content=\"Se\u00f1ales de distensi\u00f3n entre Ziliotto y Verna: el respaldo de la Plural capitalina a Lovera - Diario Textual\" \/>\n<meta property=\"og:description\" content=\"La l\u00ednea peronista Plural de Santa Rosa sali\u00f3 a respaldar p\u00fablicamente la designaci\u00f3n de Daniel Lovera como nuevo presidente del bloque de diputados provinciales del Frejupa y, de esta manera,&hellip;\" \/>\n<meta property=\"og:url\" content=\"https:\/\/diariotextual.com\/inicio\/index.php\/2026\/03\/04\/senales-de-distension-entre-ziliotto-y-verna-el-respaldo-de-la-plural-capitalina-a-lovera\/\" \/>\n<meta property=\"og:site_name\" content=\"Diario Textual\" \/>\n<meta property=\"article:publisher\" content=\"https:\/\/www.facebook.com\/eltextual\" \/>\n<meta property=\"article:published_time\" content=\"2026-03-04T22:49:52+00:00\" \/>\n<meta property=\"article:modified_time\" content=\"2026-03-05T12:02:21+00:00\" \/>\n<meta property=\"og:image\" content=\"https:\/\/diariotextual.com\/inicio\/wp-content\/uploads\/2024\/03\/loveradaniel2024-566.jpg\" \/>\n\t<meta property=\"og:image:width\" content=\"1600\" \/>\n\t<meta property=\"og:image:height\" content=\"1038\" \/>\n\t<meta property=\"og:image:type\" content=\"image\/jpeg\" \/>\n<meta name=\"author\" content=\"Diario1 Diario1\" \/>\n<meta name=\"twitter:card\" content=\"summary_large_image\" \/>\n<meta name=\"twitter:creator\" content=\"@eltextual\" \/>\n<meta name=\"twitter:site\" content=\"@eltextual\" \/>\n<meta name=\"twitter:label1\" content=\"Escrito por\" \/>\n\t<meta name=\"twitter:data1\" content=\"Diario1 Diario1\" \/>\n\t<meta name=\"twitter:label2\" content=\"Tiempo de lectura\" \/>\n\t<meta name=\"twitter:data2\" content=\"2 minutos\" \/>\n<script type=\"application\/ld+json\" class=\"yoast-schema-graph\">{\"@context\":\"https:\\\/\\\/schema.org\",\"@graph\":[{\"@type\":\"Article\",\"@id\":\"https:\\\/\\\/diariotextual.com\\\/inicio\\\/index.php\\\/2026\\\/03\\\/04\\\/senales-de-distension-entre-ziliotto-y-verna-el-respaldo-de-la-plural-capitalina-a-lovera\\\/#article\",\"isPartOf\":{\"@id\":\"https:\\\/\\\/diariotextual.com\\\/inicio\\\/index.php\\\/2026\\\/03\\\/04\\\/senales-de-distension-entre-ziliotto-y-verna-el-respaldo-de-la-plural-capitalina-a-lovera\\\/\"},\"author\":{\"name\":\"Diario1 Diario1\",\"@id\":\"https:\\\/\\\/diariotextual.com\\\/inicio\\\/#\\\/schema\\\/person\\\/418fc4093c33e86ed41562db3508f958\"},\"headline\":\"Se\u00f1ales de distensi\u00f3n entre Ziliotto y Verna: el respaldo de la Plural capitalina a Lovera\",\"datePublished\":\"2026-03-04T22:49:52+00:00\",\"dateModified\":\"2026-03-05T12:02:21+00:00\",\"mainEntityOfPage\":{\"@id\":\"https:\\\/\\\/diariotextual.com\\\/inicio\\\/index.php\\\/2026\\\/03\\\/04\\\/senales-de-distension-entre-ziliotto-y-verna-el-respaldo-de-la-plural-capitalina-a-lovera\\\/\"},\"wordCount\":410,\"publisher\":{\"@id\":\"https:\\\/\\\/diariotextual.com\\\/inicio\\\/#organization\"},\"image\":{\"@id\":\"https:\\\/\\\/diariotextual.com\\\/inicio\\\/index.php\\\/2026\\\/03\\\/04\\\/senales-de-distension-entre-ziliotto-y-verna-el-respaldo-de-la-plural-capitalina-a-lovera\\\/#primaryimage\"},\"thumbnailUrl\":\"https:\\\/\\\/diariotextual.com\\\/inicio\\\/wp-content\\\/uploads\\\/2024\\\/03\\\/loveradaniel2024-566.jpg\",\"articleSection\":[\"A - ES NOTICIA (van abajo)\",\"A - QUE PASA (al costado)\",\"POLITICA\"],\"inLanguage\":\"es\"},{\"@type\":\"WebPage\",\"@id\":\"https:\\\/\\\/diariotextual.com\\\/inicio\\\/index.php\\\/2026\\\/03\\\/04\\\/senales-de-distension-entre-ziliotto-y-verna-el-respaldo-de-la-plural-capitalina-a-lovera\\\/\",\"url\":\"https:\\\/\\\/diariotextual.com\\\/inicio\\\/index.php\\\/2026\\\/03\\\/04\\\/senales-de-distension-entre-ziliotto-y-verna-el-respaldo-de-la-plural-capitalina-a-lovera\\\/\",\"name\":\"Se\u00f1ales de distensi\u00f3n entre Ziliotto y Verna: el respaldo de la Plural capitalina a Lovera - Diario Textual\",\"isPartOf\":{\"@id\":\"https:\\\/\\\/diariotextual.com\\\/inicio\\\/#website\"},\"primaryImageOfPage\":{\"@id\":\"https:\\\/\\\/diariotextual.com\\\/inicio\\\/index.php\\\/2026\\\/03\\\/04\\\/senales-de-distension-entre-ziliotto-y-verna-el-respaldo-de-la-plural-capitalina-a-lovera\\\/#primaryimage\"},\"image\":{\"@id\":\"https:\\\/\\\/diariotextual.com\\\/inicio\\\/index.php\\\/2026\\\/03\\\/04\\\/senales-de-distension-entre-ziliotto-y-verna-el-respaldo-de-la-plural-capitalina-a-lovera\\\/#primaryimage\"},\"thumbnailUrl\":\"https:\\\/\\\/diariotextual.com\\\/inicio\\\/wp-content\\\/uploads\\\/2024\\\/03\\\/loveradaniel2024-566.jpg\",\"datePublished\":\"2026-03-04T22:49:52+00:00\",\"dateModified\":\"2026-03-05T12:02:21+00:00\",\"breadcrumb\":{\"@id\":\"https:\\\/\\\/diariotextual.com\\\/inicio\\\/index.php\\\/2026\\\/03\\\/04\\\/senales-de-distension-entre-ziliotto-y-verna-el-respaldo-de-la-plural-capitalina-a-lovera\\\/#breadcrumb\"},\"inLanguage\":\"es\",\"potentialAction\":[{\"@type\":\"ReadAction\",\"target\":[\"https:\\\/\\\/diariotextual.com\\\/inicio\\\/index.php\\\/2026\\\/03\\\/04\\\/senales-de-distension-entre-ziliotto-y-verna-el-respaldo-de-la-plural-capitalina-a-lovera\\\/\"]}]},{\"@type\":\"ImageObject\",\"inLanguage\":\"es\",\"@id\":\"https:\\\/\\\/diariotextual.com\\\/inicio\\\/index.php\\\/2026\\\/03\\\/04\\\/senales-de-distension-entre-ziliotto-y-verna-el-respaldo-de-la-plural-capitalina-a-lovera\\\/#primaryimage\",\"url\":\"https:\\\/\\\/diariotextual.com\\\/inicio\\\/wp-content\\\/uploads\\\/2024\\\/03\\\/loveradaniel2024-566.jpg\",\"contentUrl\":\"https:\\\/\\\/diariotextual.com\\\/inicio\\\/wp-content\\\/uploads\\\/2024\\\/03\\\/loveradaniel2024-566.jpg\",\"width\":1600,\"height\":1038},{\"@type\":\"BreadcrumbList\",\"@id\":\"https:\\\/\\\/diariotextual.com\\\/inicio\\\/index.php\\\/2026\\\/03\\\/04\\\/senales-de-distension-entre-ziliotto-y-verna-el-respaldo-de-la-plural-capitalina-a-lovera\\\/#breadcrumb\",\"itemListElement\":[{\"@type\":\"ListItem\",\"position\":1,\"name\":\"Portada\",\"item\":\"https:\\\/\\\/diariotextual.com\\\/inicio\\\/\"},{\"@type\":\"ListItem\",\"position\":2,\"name\":\"Se\u00f1ales de distensi\u00f3n entre Ziliotto y Verna: el respaldo de la Plural capitalina a Lovera\"}]},{\"@type\":\"WebSite\",\"@id\":\"https:\\\/\\\/diariotextual.com\\\/inicio\\\/#website\",\"url\":\"https:\\\/\\\/diariotextual.com\\\/inicio\\\/\",\"name\":\"Diario Textual\",\"description\":\"\",\"publisher\":{\"@id\":\"https:\\\/\\\/diariotextual.com\\\/inicio\\\/#organization\"},\"potentialAction\":[{\"@type\":\"SearchAction\",\"target\":{\"@type\":\"EntryPoint\",\"urlTemplate\":\"https:\\\/\\\/diariotextual.com\\\/inicio\\\/?s={search_term_string}\"},\"query-input\":{\"@type\":\"PropertyValueSpecification\",\"valueRequired\":true,\"valueName\":\"search_term_string\"}}],\"inLanguage\":\"es\"},{\"@type\":\"Organization\",\"@id\":\"https:\\\/\\\/diariotextual.com\\\/inicio\\\/#organization\",\"name\":\"Diario Textual\",\"url\":\"https:\\\/\\\/diariotextual.com\\\/inicio\\\/\",\"logo\":{\"@type\":\"ImageObject\",\"inLanguage\":\"es\",\"@id\":\"https:\\\/\\\/diariotextual.com\\\/inicio\\\/#\\\/schema\\\/logo\\\/image\\\/\",\"url\":\"https:\\\/\\\/diariotextual.com\\\/inicio\\\/wp-content\\\/uploads\\\/2023\\\/05\\\/logotextual1.jpg\",\"contentUrl\":\"https:\\\/\\\/diariotextual.com\\\/inicio\\\/wp-content\\\/uploads\\\/2023\\\/05\\\/logotextual1.jpg\",\"width\":516,\"height\":76,\"caption\":\"Diario Textual\"},\"image\":{\"@id\":\"https:\\\/\\\/diariotextual.com\\\/inicio\\\/#\\\/schema\\\/logo\\\/image\\\/\"},\"sameAs\":[\"https:\\\/\\\/www.facebook.com\\\/eltextual\",\"https:\\\/\\\/x.com\\\/eltextual\",\"http:\\\/\\\/www.instagram.com\\\/eltextual\"]},{\"@type\":\"Person\",\"@id\":\"https:\\\/\\\/diariotextual.com\\\/inicio\\\/#\\\/schema\\\/person\\\/418fc4093c33e86ed41562db3508f958\",\"name\":\"Diario1 Diario1\",\"image\":{\"@type\":\"ImageObject\",\"inLanguage\":\"es\",\"@id\":\"https:\\\/\\\/secure.gravatar.com\\\/avatar\\\/9167d280179c85bc18be67aa7eda765854300033af4896dd779b608640f2ef7a?s=96&d=mm&r=g\",\"url\":\"https:\\\/\\\/secure.gravatar.com\\\/avatar\\\/9167d280179c85bc18be67aa7eda765854300033af4896dd779b608640f2ef7a?s=96&d=mm&r=g\",\"contentUrl\":\"https:\\\/\\\/secure.gravatar.com\\\/avatar\\\/9167d280179c85bc18be67aa7eda765854300033af4896dd779b608640f2ef7a?s=96&d=mm&r=g\",\"caption\":\"Diario1 Diario1\"},\"url\":\"https:\\\/\\\/diariotextual.com\\\/inicio\\\/index.php\\\/author\\\/diario1\\\/\"}]}<\/script>\n<!-- \/ Yoast SEO plugin. -->","yoast_head_json":{"title":"Se\u00f1ales de distensi\u00f3n entre Ziliotto y Verna: el respaldo de la Plural capitalina a Lovera - Diario Textual","robots":{"index":"index","follow":"follow","max-snippet":"max-snippet:-1","max-image-preview":"max-image-preview:large","max-video-preview":"max-video-preview:-1"},"canonical":"https:\/\/diariotextual.com\/inicio\/index.php\/2026\/03\/04\/senales-de-distension-entre-ziliotto-y-verna-el-respaldo-de-la-plural-capitalina-a-lovera\/","og_locale":"es_ES","og_type":"article","og_title":"Se\u00f1ales de distensi\u00f3n entre Ziliotto y Verna: el respaldo de la Plural capitalina a Lovera - Diario Textual","og_description":"La l\u00ednea peronista Plural de Santa Rosa sali\u00f3 a respaldar p\u00fablicamente la designaci\u00f3n de Daniel Lovera como nuevo presidente del bloque de diputados provinciales del Frejupa y, de esta manera,&hellip;","og_url":"https:\/\/diariotextual.com\/inicio\/index.php\/2026\/03\/04\/senales-de-distension-entre-ziliotto-y-verna-el-respaldo-de-la-plural-capitalina-a-lovera\/","og_site_name":"Diario Textual","article_publisher":"https:\/\/www.facebook.com\/eltextual","article_published_time":"2026-03-04T22:49:52+00:00","article_modified_time":"2026-03-05T12:02:21+00:00","og_image":[{"width":1600,"height":1038,"url":"https:\/\/diariotextual.com\/inicio\/wp-content\/uploads\/2024\/03\/loveradaniel2024-566.jpg","type":"image\/jpeg"}],"author":"Diario1 Diario1","twitter_card":"summary_large_image","twitter_creator":"@eltextual","twitter_site":"@eltextual","twitter_misc":{"Escrito por":"Diario1 Diario1","Tiempo de lectura":"2 minutos"},"schema":{"@context":"https:\/\/schema.org","@graph":[{"@type":"Article","@id":"https:\/\/diariotextual.com\/inicio\/index.php\/2026\/03\/04\/senales-de-distension-entre-ziliotto-y-verna-el-respaldo-de-la-plural-capitalina-a-lovera\/#article","isPartOf":{"@id":"https:\/\/diariotextual.com\/inicio\/index.php\/2026\/03\/04\/senales-de-distension-entre-ziliotto-y-verna-el-respaldo-de-la-plural-capitalina-a-lovera\/"},"author":{"name":"Diario1 Diario1","@id":"https:\/\/diariotextual.com\/inicio\/#\/schema\/person\/418fc4093c33e86ed41562db3508f958"},"headline":"Se\u00f1ales de distensi\u00f3n entre Ziliotto y Verna: el respaldo de la Plural capitalina a Lovera","datePublished":"2026-03-04T22:49:52+00:00","dateModified":"2026-03-05T12:02:21+00:00","mainEntityOfPage":{"@id":"https:\/\/diariotextual.com\/inicio\/index.php\/2026\/03\/04\/senales-de-distension-entre-ziliotto-y-verna-el-respaldo-de-la-plural-capitalina-a-lovera\/"},"wordCount":410,"publisher":{"@id":"https:\/\/diariotextual.com\/inicio\/#organization"},"image":{"@id":"https:\/\/diariotextual.com\/inicio\/index.php\/2026\/03\/04\/senales-de-distension-entre-ziliotto-y-verna-el-respaldo-de-la-plural-capitalina-a-lovera\/#primaryimage"},"thumbnailUrl":"https:\/\/diariotextual.com\/inicio\/wp-content\/uploads\/2024\/03\/loveradaniel2024-566.jpg","articleSection":["A - ES NOTICIA (van abajo)","A - QUE PASA (al costado)","POLITICA"],"inLanguage":"es"},{"@type":"WebPage","@id":"https:\/\/diariotextual.com\/inicio\/index.php\/2026\/03\/04\/senales-de-distension-entre-ziliotto-y-verna-el-respaldo-de-la-plural-capitalina-a-lovera\/","url":"https:\/\/diariotextual.com\/inicio\/index.php\/2026\/03\/04\/senales-de-distension-entre-ziliotto-y-verna-el-respaldo-de-la-plural-capitalina-a-lovera\/","name":"Se\u00f1ales de distensi\u00f3n entre Ziliotto y Verna: el respaldo de la Plural capitalina a Lovera - Diario Textual","isPartOf":{"@id":"https:\/\/diariotextual.com\/inicio\/#website"},"primaryImageOfPage":{"@id":"https:\/\/diariotextual.com\/inicio\/index.php\/2026\/03\/04\/senales-de-distension-entre-ziliotto-y-verna-el-respaldo-de-la-plural-capitalina-a-lovera\/#primaryimage"},"image":{"@id":"https:\/\/diariotextual.com\/inicio\/index.php\/2026\/03\/04\/senales-de-distension-entre-ziliotto-y-verna-el-respaldo-de-la-plural-capitalina-a-lovera\/#primaryimage"},"thumbnailUrl":"https:\/\/diariotextual.com\/inicio\/wp-content\/uploads\/2024\/03\/loveradaniel2024-566.jpg","datePublished":"2026-03-04T22:49:52+00:00","dateModified":"2026-03-05T12:02:21+00:00","breadcrumb":{"@id":"https:\/\/diariotextual.com\/inicio\/index.php\/2026\/03\/04\/senales-de-distension-entre-ziliotto-y-verna-el-respaldo-de-la-plural-capitalina-a-lovera\/#breadcrumb"},"inLanguage":"es","potentialAction":[{"@type":"ReadAction","target":["https:\/\/diariotextual.com\/inicio\/index.php\/2026\/03\/04\/senales-de-distension-entre-ziliotto-y-verna-el-respaldo-de-la-plural-capitalina-a-lovera\/"]}]},{"@type":"ImageObject","inLanguage":"es","@id":"https:\/\/diariotextual.com\/inicio\/index.php\/2026\/03\/04\/senales-de-distension-entre-ziliotto-y-verna-el-respaldo-de-la-plural-capitalina-a-lovera\/#primaryimage","url":"https:\/\/diariotextual.com\/inicio\/wp-content\/uploads\/2024\/03\/loveradaniel2024-566.jpg","contentUrl":"https:\/\/diariotextual.com\/inicio\/wp-content\/uploads\/2024\/03\/loveradaniel2024-566.jpg","width":1600,"height":1038},{"@type":"BreadcrumbList","@id":"https:\/\/diariotextual.com\/inicio\/index.php\/2026\/03\/04\/senales-de-distension-entre-ziliotto-y-verna-el-respaldo-de-la-plural-capitalina-a-lovera\/#breadcrumb","itemListElement":[{"@type":"ListItem","position":1,"name":"Portada","item":"https:\/\/diariotextual.com\/inicio\/"},{"@type":"ListItem","position":2,"name":"Se\u00f1ales de distensi\u00f3n entre Ziliotto y Verna: el respaldo de la Plural capitalina a Lovera"}]},{"@type":"WebSite","@id":"https:\/\/diariotextual.com\/inicio\/#website","url":"https:\/\/diariotextual.com\/inicio\/","name":"Diario Textual","description":"","publisher":{"@id":"https:\/\/diariotextual.com\/inicio\/#organization"},"potentialAction":[{"@type":"SearchAction","target":{"@type":"EntryPoint","urlTemplate":"https:\/\/diariotextual.com\/inicio\/?s={search_term_string}"},"query-input":{"@type":"PropertyValueSpecification","valueRequired":true,"valueName":"search_term_string"}}],"inLanguage":"es"},{"@type":"Organization","@id":"https:\/\/diariotextual.com\/inicio\/#organization","name":"Diario Textual","url":"https:\/\/diariotextual.com\/inicio\/","logo":{"@type":"ImageObject","inLanguage":"es","@id":"https:\/\/diariotextual.com\/inicio\/#\/schema\/logo\/image\/","url":"https:\/\/diariotextual.com\/inicio\/wp-content\/uploads\/2023\/05\/logotextual1.jpg","contentUrl":"https:\/\/diariotextual.com\/inicio\/wp-content\/uploads\/2023\/05\/logotextual1.jpg","width":516,"height":76,"caption":"Diario Textual"},"image":{"@id":"https:\/\/diariotextual.com\/inicio\/#\/schema\/logo\/image\/"},"sameAs":["https:\/\/www.facebook.com\/eltextual","https:\/\/x.com\/eltextual","http:\/\/www.instagram.com\/eltextual"]},{"@type":"Person","@id":"https:\/\/diariotextual.com\/inicio\/#\/schema\/person\/418fc4093c33e86ed41562db3508f958","name":"Diario1 Diario1","image":{"@type":"ImageObject","inLanguage":"es","@id":"https:\/\/secure.gravatar.com\/avatar\/9167d280179c85bc18be67aa7eda765854300033af4896dd779b608640f2ef7a?s=96&d=mm&r=g","url":"https:\/\/secure.gravatar.com\/avatar\/9167d280179c85bc18be67aa7eda765854300033af4896dd779b608640f2ef7a?s=96&d=mm&r=g","contentUrl":"https:\/\/secure.gravatar.com\/avatar\/9167d280179c85bc18be67aa7eda765854300033af4896dd779b608640f2ef7a?s=96&d=mm&r=g","caption":"Diario1 Diario1"},"url":"https:\/\/diariotextual.com\/inicio\/index.php\/author\/diario1\/"}]}},"_links":{"self":[{"href":"https:\/\/diariotextual.com\/inicio\/index.php\/wp-json\/wp\/v2\/posts\/321413","targetHints":{"allow":["GET"]}}],"collection":[{"href":"https:\/\/diariotextual.com\/inicio\/index.php\/wp-json\/wp\/v2\/posts"}],"about":[{"href":"https:\/\/diariotextual.com\/inicio\/index.php\/wp-json\/wp\/v2\/types\/post"}],"author":[{"embeddable":true,"href":"https:\/\/diariotextual.com\/inicio\/index.php\/wp-json\/wp\/v2\/users\/3"}],"replies":[{"embeddable":true,"href":"https:\/\/diariotextual.com\/inicio\/index.php\/wp-json\/wp\/v2\/comments?post=321413"}],"version-history":[{"count":4,"href":"https:\/\/diariotextual.com\/inicio\/index.php\/wp-json\/wp\/v2\/posts\/321413\/revisions"}],"predecessor-version":[{"id":321418,"href":"https:\/\/diariotextual.com\/inicio\/index.php\/wp-json\/wp\/v2\/posts\/321413\/revisions\/321418"}],"wp:featuredmedia":[{"embeddable":true,"href":"https:\/\/diariotextual.com\/inicio\/index.php\/wp-json\/wp\/v2\/media\/257029"}],"wp:attachment":[{"href":"https:\/\/diariotextual.com\/inicio\/index.php\/wp-json\/wp\/v2\/media?parent=321413"}],"wp:term":[{"taxonomy":"category","embeddable":true,"href":"https:\/\/diariotextual.com\/inicio\/index.php\/wp-json\/wp\/v2\/categories?post=321413"},{"taxonomy":"post_tag","embeddable":true,"href":"https:\/\/diariotextual.com\/inicio\/index.php\/wp-json\/wp\/v2\/tags?post=321413"}],"curies":[{"name":"wp","href":"https:\/\/api.w.org\/{rel}","templated":true}]}}