{"id":321423,"date":"2026-03-04T21:01:18","date_gmt":"2026-03-05T00:01:18","guid":{"rendered":"https:\/\/diariotextual.com\/inicio\/?p=321423"},"modified":"2026-03-04T21:01:21","modified_gmt":"2026-03-05T00:01:21","slug":"diputado-radical-convoca-a-evaluar-la-situacion-de-los-frigorificos-en-la-pampa","status":"publish","type":"post","link":"https:\/\/diariotextual.com\/inicio\/index.php\/2026\/03\/04\/diputado-radical-convoca-a-evaluar-la-situacion-de-los-frigorificos-en-la-pampa\/","title":{"rendered":"Diputado radical convoca a evaluar la situaci\u00f3n de los frigor\u00edficos en La Pampa"},"content":{"rendered":"\n<p>El legislador provincial <strong>Juli\u00e1n Aguilar (UCR) <\/strong>present\u00f3 un proyecto de resoluci\u00f3n en la C\u00e1mara de Diputados para <strong>convocar a la ministra de la Producci\u00f3n, Fernanda Gonz\u00e1lez, a la comisi\u00f3n de Asuntos Agrarios, Turismo, Industria y Obras y Servicios P\u00fablicos<\/strong> con el objetivo de analizar en profundidad la situaci\u00f3n que atraviesa la <strong>industria frigor\u00edfica en La Pampa<\/strong>.<\/p>\n\n\n\n<p>La iniciativa busca abrir un espacio institucional de di\u00e1logo y an\u00e1lisis ante la delicada realidad que vive uno de los sectores productivos m\u00e1s importantes del territorio pampeano. \u201c<strong>La actividad frigor\u00edfica representa un pilar de la econom\u00eda provincial y genera empleo directo para alrededor de 3.000 trabajadores<\/strong>, adem\u00e1s del impacto indirecto que produce en transportistas, proveedores de insumos, servicios vinculados y diversas econom\u00edas locales\u201d, expres\u00f3 el diputado de la UCR.<\/p>\n\n\n\n<p>Y remarc\u00f3 que este planteo surge en un contexto de creciente preocupaci\u00f3n por la evoluci\u00f3n del sector: \u201cEn los \u00faltimos meses se registraron situaciones que afectan seriamente al empleo y a la estabilidad de numerosas familias. Entre los hechos m\u00e1s recientes se destacan <strong>despidos en el Frigor\u00edfico General Pico S.A. que alcanzaron cerca de 200 trabajadores, as\u00ed como suspensiones que en enero involucraron a alrededor de 450 operarios,<\/strong> lo que evidencia el impacto social de la crisis\u201d.<\/p>\n\n\n\n<p>Frente a este escenario, Aguilar propone que la Legislatura pueda recibir a la titular de la cartera productiva para conocer con precisi\u00f3n el panorama actual de la actividad, las medidas adoptadas por el Gobierno provincial y las estrategias previstas para sostener el funcionamiento de las plantas y preservar los puestos de trabajo.<\/p>\n\n\n\n<p>Aguilar detall\u00f3 que <strong>la provincia cuenta con 19 plantas dedicadas a la faena de distintas especies<\/strong>, de las cuales siete poseen habilitaci\u00f3n para exportar, adem\u00e1s de 33 establecimientos elaboradores de chacinados distribuidos en el territorio, varios de ellos con tr\u00e1nsito federal.<\/p>\n\n\n\n<p>El legislador radical tambi\u00e9n plantea la necesidad de evaluar el impacto de distintos factores que inciden en la crisis actual del sector. Entre ellos la ca\u00edda del consumo interno, el aumento del precio de la hacienda en pie que reduce los m\u00e1rgenes industriales, el incremento de costos energ\u00e9ticos y de combustibles, y un contexto macroecon\u00f3mico complejo que dificulta la planificaci\u00f3n productiva.<\/p>\n\n\n\n<p>Asimismo, la iniciativa propone analizar decisiones adoptadas en el \u00e1mbito provincial vinculadas a la pol\u00edtica industrial del rubro, como la construcci\u00f3n de plantas frigor\u00edficas, su posterior transferencia a empresas privadas y el otorgamiento de cr\u00e9ditos por parte del Banco de La Pampa, aspectos que \u2014seg\u00fan se plantea\u2014 requieren una evaluaci\u00f3n integral por sus consecuencias sobre el empleo y la actividad econ\u00f3mica.<\/p>\n\n\n\n<p>Para el legislador radical, resulta fundamental que el Poder Legislativo pueda acceder a informaci\u00f3n clara y actualizada sobre la situaci\u00f3n del sector. En ese sentido, el objetivo de la convocatoria no es meramente formal, sino abrir un \u00e1mbito de trabajo que permita comprender el estado real de la industria y avanzar en propuestas que protejan el empleo, den previsibilidad al sistema productivo y garanticen reglas de juego responsables para el desarrollo de la actividad.<\/p>\n","protected":false},"excerpt":{"rendered":"<p>El legislador provincial Juli\u00e1n Aguilar (UCR) present\u00f3 un proyecto de resoluci\u00f3n en la C\u00e1mara de Diputados para convocar a la ministra de la Producci\u00f3n, Fernanda Gonz\u00e1lez, a la comisi\u00f3n de&hellip;<\/p>\n","protected":false},"author":5,"featured_media":300007,"comment_status":"closed","ping_status":"open","sticky":false,"template":"","format":"standard","meta":{"_acf_changed":false,"footnotes":""},"categories":[1,5],"tags":[],"class_list":["post-321423","post","type-post","status-publish","format-standard","has-post-thumbnail","hentry","category-es-noticia","category-economia"],"acf":[],"yoast_head":"<!-- This site is optimized with the Yoast SEO plugin v27.5 - https:\/\/yoast.com\/product\/yoast-seo-wordpress\/ -->\n<title>Diputado radical convoca a evaluar la situaci\u00f3n de los frigor\u00edficos en La Pampa - Diario Textual<\/title>\n<meta name=\"robots\" content=\"index, follow, max-snippet:-1, max-image-preview:large, max-video-preview:-1\" \/>\n<link rel=\"canonical\" href=\"https:\/\/diariotextual.com\/inicio\/index.php\/2026\/03\/04\/diputado-radical-convoca-a-evaluar-la-situacion-de-los-frigorificos-en-la-pampa\/\" \/>\n<meta property=\"og:locale\" content=\"es_ES\" \/>\n<meta property=\"og:type\" content=\"article\" \/>\n<meta property=\"og:title\" content=\"Diputado radical convoca a evaluar la situaci\u00f3n de los frigor\u00edficos en La Pampa - Diario Textual\" \/>\n<meta property=\"og:description\" content=\"El legislador provincial Juli\u00e1n Aguilar (UCR) present\u00f3 un proyecto de resoluci\u00f3n en la C\u00e1mara de Diputados para convocar a la ministra de la Producci\u00f3n, Fernanda Gonz\u00e1lez, a la comisi\u00f3n de&hellip;\" \/>\n<meta property=\"og:url\" content=\"https:\/\/diariotextual.com\/inicio\/index.php\/2026\/03\/04\/diputado-radical-convoca-a-evaluar-la-situacion-de-los-frigorificos-en-la-pampa\/\" \/>\n<meta property=\"og:site_name\" content=\"Diario Textual\" \/>\n<meta property=\"article:publisher\" content=\"https:\/\/www.facebook.com\/eltextual\" \/>\n<meta property=\"article:published_time\" content=\"2026-03-05T00:01:18+00:00\" \/>\n<meta property=\"article:modified_time\" content=\"2026-03-05T00:01:21+00:00\" \/>\n<meta property=\"og:image\" content=\"https:\/\/diariotextual.com\/inicio\/wp-content\/uploads\/2025\/06\/aguilarjuliandiputadoucr.jpg\" \/>\n\t<meta property=\"og:image:width\" content=\"1440\" \/>\n\t<meta property=\"og:image:height\" content=\"960\" \/>\n\t<meta property=\"og:image:type\" content=\"image\/jpeg\" \/>\n<meta name=\"author\" content=\"diario3\" \/>\n<meta name=\"twitter:card\" content=\"summary_large_image\" \/>\n<meta name=\"twitter:creator\" content=\"@eltextual\" \/>\n<meta name=\"twitter:site\" content=\"@eltextual\" \/>\n<meta name=\"twitter:label1\" content=\"Escrito por\" \/>\n\t<meta name=\"twitter:data1\" content=\"diario3\" \/>\n\t<meta name=\"twitter:label2\" content=\"Tiempo de lectura\" \/>\n\t<meta name=\"twitter:data2\" content=\"3 minutos\" \/>\n<script type=\"application\/ld+json\" class=\"yoast-schema-graph\">{\"@context\":\"https:\\\/\\\/schema.org\",\"@graph\":[{\"@type\":\"Article\",\"@id\":\"https:\\\/\\\/diariotextual.com\\\/inicio\\\/index.php\\\/2026\\\/03\\\/04\\\/diputado-radical-convoca-a-evaluar-la-situacion-de-los-frigorificos-en-la-pampa\\\/#article\",\"isPartOf\":{\"@id\":\"https:\\\/\\\/diariotextual.com\\\/inicio\\\/index.php\\\/2026\\\/03\\\/04\\\/diputado-radical-convoca-a-evaluar-la-situacion-de-los-frigorificos-en-la-pampa\\\/\"},\"author\":{\"name\":\"diario3\",\"@id\":\"https:\\\/\\\/diariotextual.com\\\/inicio\\\/#\\\/schema\\\/person\\\/a1b6f563e0ee944c60f98119389a4d9f\"},\"headline\":\"Diputado radical convoca a evaluar la situaci\u00f3n de los frigor\u00edficos en La Pampa\",\"datePublished\":\"2026-03-05T00:01:18+00:00\",\"dateModified\":\"2026-03-05T00:01:21+00:00\",\"mainEntityOfPage\":{\"@id\":\"https:\\\/\\\/diariotextual.com\\\/inicio\\\/index.php\\\/2026\\\/03\\\/04\\\/diputado-radical-convoca-a-evaluar-la-situacion-de-los-frigorificos-en-la-pampa\\\/\"},\"wordCount\":541,\"publisher\":{\"@id\":\"https:\\\/\\\/diariotextual.com\\\/inicio\\\/#organization\"},\"image\":{\"@id\":\"https:\\\/\\\/diariotextual.com\\\/inicio\\\/index.php\\\/2026\\\/03\\\/04\\\/diputado-radical-convoca-a-evaluar-la-situacion-de-los-frigorificos-en-la-pampa\\\/#primaryimage\"},\"thumbnailUrl\":\"https:\\\/\\\/diariotextual.com\\\/inicio\\\/wp-content\\\/uploads\\\/2025\\\/06\\\/aguilarjuliandiputadoucr.jpg\",\"articleSection\":[\"A - ES NOTICIA (van abajo)\",\"ECONOMIA\"],\"inLanguage\":\"es\"},{\"@type\":\"WebPage\",\"@id\":\"https:\\\/\\\/diariotextual.com\\\/inicio\\\/index.php\\\/2026\\\/03\\\/04\\\/diputado-radical-convoca-a-evaluar-la-situacion-de-los-frigorificos-en-la-pampa\\\/\",\"url\":\"https:\\\/\\\/diariotextual.com\\\/inicio\\\/index.php\\\/2026\\\/03\\\/04\\\/diputado-radical-convoca-a-evaluar-la-situacion-de-los-frigorificos-en-la-pampa\\\/\",\"name\":\"Diputado radical convoca a evaluar la situaci\u00f3n de los frigor\u00edficos en La Pampa - Diario Textual\",\"isPartOf\":{\"@id\":\"https:\\\/\\\/diariotextual.com\\\/inicio\\\/#website\"},\"primaryImageOfPage\":{\"@id\":\"https:\\\/\\\/diariotextual.com\\\/inicio\\\/index.php\\\/2026\\\/03\\\/04\\\/diputado-radical-convoca-a-evaluar-la-situacion-de-los-frigorificos-en-la-pampa\\\/#primaryimage\"},\"image\":{\"@id\":\"https:\\\/\\\/diariotextual.com\\\/inicio\\\/index.php\\\/2026\\\/03\\\/04\\\/diputado-radical-convoca-a-evaluar-la-situacion-de-los-frigorificos-en-la-pampa\\\/#primaryimage\"},\"thumbnailUrl\":\"https:\\\/\\\/diariotextual.com\\\/inicio\\\/wp-content\\\/uploads\\\/2025\\\/06\\\/aguilarjuliandiputadoucr.jpg\",\"datePublished\":\"2026-03-05T00:01:18+00:00\",\"dateModified\":\"2026-03-05T00:01:21+00:00\",\"breadcrumb\":{\"@id\":\"https:\\\/\\\/diariotextual.com\\\/inicio\\\/index.php\\\/2026\\\/03\\\/04\\\/diputado-radical-convoca-a-evaluar-la-situacion-de-los-frigorificos-en-la-pampa\\\/#breadcrumb\"},\"inLanguage\":\"es\",\"potentialAction\":[{\"@type\":\"ReadAction\",\"target\":[\"https:\\\/\\\/diariotextual.com\\\/inicio\\\/index.php\\\/2026\\\/03\\\/04\\\/diputado-radical-convoca-a-evaluar-la-situacion-de-los-frigorificos-en-la-pampa\\\/\"]}]},{\"@type\":\"ImageObject\",\"inLanguage\":\"es\",\"@id\":\"https:\\\/\\\/diariotextual.com\\\/inicio\\\/index.php\\\/2026\\\/03\\\/04\\\/diputado-radical-convoca-a-evaluar-la-situacion-de-los-frigorificos-en-la-pampa\\\/#primaryimage\",\"url\":\"https:\\\/\\\/diariotextual.com\\\/inicio\\\/wp-content\\\/uploads\\\/2025\\\/06\\\/aguilarjuliandiputadoucr.jpg\",\"contentUrl\":\"https:\\\/\\\/diariotextual.com\\\/inicio\\\/wp-content\\\/uploads\\\/2025\\\/06\\\/aguilarjuliandiputadoucr.jpg\",\"width\":1440,\"height\":960},{\"@type\":\"BreadcrumbList\",\"@id\":\"https:\\\/\\\/diariotextual.com\\\/inicio\\\/index.php\\\/2026\\\/03\\\/04\\\/diputado-radical-convoca-a-evaluar-la-situacion-de-los-frigorificos-en-la-pampa\\\/#breadcrumb\",\"itemListElement\":[{\"@type\":\"ListItem\",\"position\":1,\"name\":\"Portada\",\"item\":\"https:\\\/\\\/diariotextual.com\\\/inicio\\\/\"},{\"@type\":\"ListItem\",\"position\":2,\"name\":\"Diputado radical convoca a evaluar la situaci\u00f3n de los frigor\u00edficos en La Pampa\"}]},{\"@type\":\"WebSite\",\"@id\":\"https:\\\/\\\/diariotextual.com\\\/inicio\\\/#website\",\"url\":\"https:\\\/\\\/diariotextual.com\\\/inicio\\\/\",\"name\":\"Diario Textual\",\"description\":\"\",\"publisher\":{\"@id\":\"https:\\\/\\\/diariotextual.com\\\/inicio\\\/#organization\"},\"potentialAction\":[{\"@type\":\"SearchAction\",\"target\":{\"@type\":\"EntryPoint\",\"urlTemplate\":\"https:\\\/\\\/diariotextual.com\\\/inicio\\\/?s={search_term_string}\"},\"query-input\":{\"@type\":\"PropertyValueSpecification\",\"valueRequired\":true,\"valueName\":\"search_term_string\"}}],\"inLanguage\":\"es\"},{\"@type\":\"Organization\",\"@id\":\"https:\\\/\\\/diariotextual.com\\\/inicio\\\/#organization\",\"name\":\"Diario Textual\",\"url\":\"https:\\\/\\\/diariotextual.com\\\/inicio\\\/\",\"logo\":{\"@type\":\"ImageObject\",\"inLanguage\":\"es\",\"@id\":\"https:\\\/\\\/diariotextual.com\\\/inicio\\\/#\\\/schema\\\/logo\\\/image\\\/\",\"url\":\"https:\\\/\\\/diariotextual.com\\\/inicio\\\/wp-content\\\/uploads\\\/2023\\\/05\\\/logotextual1.jpg\",\"contentUrl\":\"https:\\\/\\\/diariotextual.com\\\/inicio\\\/wp-content\\\/uploads\\\/2023\\\/05\\\/logotextual1.jpg\",\"width\":516,\"height\":76,\"caption\":\"Diario Textual\"},\"image\":{\"@id\":\"https:\\\/\\\/diariotextual.com\\\/inicio\\\/#\\\/schema\\\/logo\\\/image\\\/\"},\"sameAs\":[\"https:\\\/\\\/www.facebook.com\\\/eltextual\",\"https:\\\/\\\/x.com\\\/eltextual\",\"http:\\\/\\\/www.instagram.com\\\/eltextual\"]},{\"@type\":\"Person\",\"@id\":\"https:\\\/\\\/diariotextual.com\\\/inicio\\\/#\\\/schema\\\/person\\\/a1b6f563e0ee944c60f98119389a4d9f\",\"name\":\"diario3\",\"image\":{\"@type\":\"ImageObject\",\"inLanguage\":\"es\",\"@id\":\"https:\\\/\\\/secure.gravatar.com\\\/avatar\\\/5e7ee62c82fc04d9dd79d746a390d93c69c43223e5faeeb3ea9461ef752bfc5d?s=96&d=mm&r=g\",\"url\":\"https:\\\/\\\/secure.gravatar.com\\\/avatar\\\/5e7ee62c82fc04d9dd79d746a390d93c69c43223e5faeeb3ea9461ef752bfc5d?s=96&d=mm&r=g\",\"contentUrl\":\"https:\\\/\\\/secure.gravatar.com\\\/avatar\\\/5e7ee62c82fc04d9dd79d746a390d93c69c43223e5faeeb3ea9461ef752bfc5d?s=96&d=mm&r=g\",\"caption\":\"diario3\"},\"url\":\"https:\\\/\\\/diariotextual.com\\\/inicio\\\/index.php\\\/author\\\/diario3\\\/\"}]}<\/script>\n<!-- \/ Yoast SEO plugin. -->","yoast_head_json":{"title":"Diputado radical convoca a evaluar la situaci\u00f3n de los frigor\u00edficos en La Pampa - Diario Textual","robots":{"index":"index","follow":"follow","max-snippet":"max-snippet:-1","max-image-preview":"max-image-preview:large","max-video-preview":"max-video-preview:-1"},"canonical":"https:\/\/diariotextual.com\/inicio\/index.php\/2026\/03\/04\/diputado-radical-convoca-a-evaluar-la-situacion-de-los-frigorificos-en-la-pampa\/","og_locale":"es_ES","og_type":"article","og_title":"Diputado radical convoca a evaluar la situaci\u00f3n de los frigor\u00edficos en La Pampa - Diario Textual","og_description":"El legislador provincial Juli\u00e1n Aguilar (UCR) present\u00f3 un proyecto de resoluci\u00f3n en la C\u00e1mara de Diputados para convocar a la ministra de la Producci\u00f3n, Fernanda Gonz\u00e1lez, a la comisi\u00f3n de&hellip;","og_url":"https:\/\/diariotextual.com\/inicio\/index.php\/2026\/03\/04\/diputado-radical-convoca-a-evaluar-la-situacion-de-los-frigorificos-en-la-pampa\/","og_site_name":"Diario Textual","article_publisher":"https:\/\/www.facebook.com\/eltextual","article_published_time":"2026-03-05T00:01:18+00:00","article_modified_time":"2026-03-05T00:01:21+00:00","og_image":[{"width":1440,"height":960,"url":"https:\/\/diariotextual.com\/inicio\/wp-content\/uploads\/2025\/06\/aguilarjuliandiputadoucr.jpg","type":"image\/jpeg"}],"author":"diario3","twitter_card":"summary_large_image","twitter_creator":"@eltextual","twitter_site":"@eltextual","twitter_misc":{"Escrito por":"diario3","Tiempo de lectura":"3 minutos"},"schema":{"@context":"https:\/\/schema.org","@graph":[{"@type":"Article","@id":"https:\/\/diariotextual.com\/inicio\/index.php\/2026\/03\/04\/diputado-radical-convoca-a-evaluar-la-situacion-de-los-frigorificos-en-la-pampa\/#article","isPartOf":{"@id":"https:\/\/diariotextual.com\/inicio\/index.php\/2026\/03\/04\/diputado-radical-convoca-a-evaluar-la-situacion-de-los-frigorificos-en-la-pampa\/"},"author":{"name":"diario3","@id":"https:\/\/diariotextual.com\/inicio\/#\/schema\/person\/a1b6f563e0ee944c60f98119389a4d9f"},"headline":"Diputado radical convoca a evaluar la situaci\u00f3n de los frigor\u00edficos en La Pampa","datePublished":"2026-03-05T00:01:18+00:00","dateModified":"2026-03-05T00:01:21+00:00","mainEntityOfPage":{"@id":"https:\/\/diariotextual.com\/inicio\/index.php\/2026\/03\/04\/diputado-radical-convoca-a-evaluar-la-situacion-de-los-frigorificos-en-la-pampa\/"},"wordCount":541,"publisher":{"@id":"https:\/\/diariotextual.com\/inicio\/#organization"},"image":{"@id":"https:\/\/diariotextual.com\/inicio\/index.php\/2026\/03\/04\/diputado-radical-convoca-a-evaluar-la-situacion-de-los-frigorificos-en-la-pampa\/#primaryimage"},"thumbnailUrl":"https:\/\/diariotextual.com\/inicio\/wp-content\/uploads\/2025\/06\/aguilarjuliandiputadoucr.jpg","articleSection":["A - ES NOTICIA (van abajo)","ECONOMIA"],"inLanguage":"es"},{"@type":"WebPage","@id":"https:\/\/diariotextual.com\/inicio\/index.php\/2026\/03\/04\/diputado-radical-convoca-a-evaluar-la-situacion-de-los-frigorificos-en-la-pampa\/","url":"https:\/\/diariotextual.com\/inicio\/index.php\/2026\/03\/04\/diputado-radical-convoca-a-evaluar-la-situacion-de-los-frigorificos-en-la-pampa\/","name":"Diputado radical convoca a evaluar la situaci\u00f3n de los frigor\u00edficos en La Pampa - Diario Textual","isPartOf":{"@id":"https:\/\/diariotextual.com\/inicio\/#website"},"primaryImageOfPage":{"@id":"https:\/\/diariotextual.com\/inicio\/index.php\/2026\/03\/04\/diputado-radical-convoca-a-evaluar-la-situacion-de-los-frigorificos-en-la-pampa\/#primaryimage"},"image":{"@id":"https:\/\/diariotextual.com\/inicio\/index.php\/2026\/03\/04\/diputado-radical-convoca-a-evaluar-la-situacion-de-los-frigorificos-en-la-pampa\/#primaryimage"},"thumbnailUrl":"https:\/\/diariotextual.com\/inicio\/wp-content\/uploads\/2025\/06\/aguilarjuliandiputadoucr.jpg","datePublished":"2026-03-05T00:01:18+00:00","dateModified":"2026-03-05T00:01:21+00:00","breadcrumb":{"@id":"https:\/\/diariotextual.com\/inicio\/index.php\/2026\/03\/04\/diputado-radical-convoca-a-evaluar-la-situacion-de-los-frigorificos-en-la-pampa\/#breadcrumb"},"inLanguage":"es","potentialAction":[{"@type":"ReadAction","target":["https:\/\/diariotextual.com\/inicio\/index.php\/2026\/03\/04\/diputado-radical-convoca-a-evaluar-la-situacion-de-los-frigorificos-en-la-pampa\/"]}]},{"@type":"ImageObject","inLanguage":"es","@id":"https:\/\/diariotextual.com\/inicio\/index.php\/2026\/03\/04\/diputado-radical-convoca-a-evaluar-la-situacion-de-los-frigorificos-en-la-pampa\/#primaryimage","url":"https:\/\/diariotextual.com\/inicio\/wp-content\/uploads\/2025\/06\/aguilarjuliandiputadoucr.jpg","contentUrl":"https:\/\/diariotextual.com\/inicio\/wp-content\/uploads\/2025\/06\/aguilarjuliandiputadoucr.jpg","width":1440,"height":960},{"@type":"BreadcrumbList","@id":"https:\/\/diariotextual.com\/inicio\/index.php\/2026\/03\/04\/diputado-radical-convoca-a-evaluar-la-situacion-de-los-frigorificos-en-la-pampa\/#breadcrumb","itemListElement":[{"@type":"ListItem","position":1,"name":"Portada","item":"https:\/\/diariotextual.com\/inicio\/"},{"@type":"ListItem","position":2,"name":"Diputado radical convoca a evaluar la situaci\u00f3n de los frigor\u00edficos en La Pampa"}]},{"@type":"WebSite","@id":"https:\/\/diariotextual.com\/inicio\/#website","url":"https:\/\/diariotextual.com\/inicio\/","name":"Diario Textual","description":"","publisher":{"@id":"https:\/\/diariotextual.com\/inicio\/#organization"},"potentialAction":[{"@type":"SearchAction","target":{"@type":"EntryPoint","urlTemplate":"https:\/\/diariotextual.com\/inicio\/?s={search_term_string}"},"query-input":{"@type":"PropertyValueSpecification","valueRequired":true,"valueName":"search_term_string"}}],"inLanguage":"es"},{"@type":"Organization","@id":"https:\/\/diariotextual.com\/inicio\/#organization","name":"Diario Textual","url":"https:\/\/diariotextual.com\/inicio\/","logo":{"@type":"ImageObject","inLanguage":"es","@id":"https:\/\/diariotextual.com\/inicio\/#\/schema\/logo\/image\/","url":"https:\/\/diariotextual.com\/inicio\/wp-content\/uploads\/2023\/05\/logotextual1.jpg","contentUrl":"https:\/\/diariotextual.com\/inicio\/wp-content\/uploads\/2023\/05\/logotextual1.jpg","width":516,"height":76,"caption":"Diario Textual"},"image":{"@id":"https:\/\/diariotextual.com\/inicio\/#\/schema\/logo\/image\/"},"sameAs":["https:\/\/www.facebook.com\/eltextual","https:\/\/x.com\/eltextual","http:\/\/www.instagram.com\/eltextual"]},{"@type":"Person","@id":"https:\/\/diariotextual.com\/inicio\/#\/schema\/person\/a1b6f563e0ee944c60f98119389a4d9f","name":"diario3","image":{"@type":"ImageObject","inLanguage":"es","@id":"https:\/\/secure.gravatar.com\/avatar\/5e7ee62c82fc04d9dd79d746a390d93c69c43223e5faeeb3ea9461ef752bfc5d?s=96&d=mm&r=g","url":"https:\/\/secure.gravatar.com\/avatar\/5e7ee62c82fc04d9dd79d746a390d93c69c43223e5faeeb3ea9461ef752bfc5d?s=96&d=mm&r=g","contentUrl":"https:\/\/secure.gravatar.com\/avatar\/5e7ee62c82fc04d9dd79d746a390d93c69c43223e5faeeb3ea9461ef752bfc5d?s=96&d=mm&r=g","caption":"diario3"},"url":"https:\/\/diariotextual.com\/inicio\/index.php\/author\/diario3\/"}]}},"_links":{"self":[{"href":"https:\/\/diariotextual.com\/inicio\/index.php\/wp-json\/wp\/v2\/posts\/321423","targetHints":{"allow":["GET"]}}],"collection":[{"href":"https:\/\/diariotextual.com\/inicio\/index.php\/wp-json\/wp\/v2\/posts"}],"about":[{"href":"https:\/\/diariotextual.com\/inicio\/index.php\/wp-json\/wp\/v2\/types\/post"}],"author":[{"embeddable":true,"href":"https:\/\/diariotextual.com\/inicio\/index.php\/wp-json\/wp\/v2\/users\/5"}],"replies":[{"embeddable":true,"href":"https:\/\/diariotextual.com\/inicio\/index.php\/wp-json\/wp\/v2\/comments?post=321423"}],"version-history":[{"count":1,"href":"https:\/\/diariotextual.com\/inicio\/index.php\/wp-json\/wp\/v2\/posts\/321423\/revisions"}],"predecessor-version":[{"id":321424,"href":"https:\/\/diariotextual.com\/inicio\/index.php\/wp-json\/wp\/v2\/posts\/321423\/revisions\/321424"}],"wp:featuredmedia":[{"embeddable":true,"href":"https:\/\/diariotextual.com\/inicio\/index.php\/wp-json\/wp\/v2\/media\/300007"}],"wp:attachment":[{"href":"https:\/\/diariotextual.com\/inicio\/index.php\/wp-json\/wp\/v2\/media?parent=321423"}],"wp:term":[{"taxonomy":"category","embeddable":true,"href":"https:\/\/diariotextual.com\/inicio\/index.php\/wp-json\/wp\/v2\/categories?post=321423"},{"taxonomy":"post_tag","embeddable":true,"href":"https:\/\/diariotextual.com\/inicio\/index.php\/wp-json\/wp\/v2\/tags?post=321423"}],"curies":[{"name":"wp","href":"https:\/\/api.w.org\/{rel}","templated":true}]}}