{"id":321427,"date":"2026-03-05T05:52:15","date_gmt":"2026-03-05T08:52:15","guid":{"rendered":"https:\/\/diariotextual.com\/inicio\/?p=321427"},"modified":"2026-03-05T08:00:44","modified_gmt":"2026-03-05T11:00:44","slug":"la-industria-inicio-2026-con-caida-generalizada-y-el-indice-de-desempeno-en-zona-de-contraccion","status":"publish","type":"post","link":"https:\/\/diariotextual.com\/inicio\/index.php\/2026\/03\/05\/la-industria-inicio-2026-con-caida-generalizada-y-el-indice-de-desempeno-en-zona-de-contraccion\/","title":{"rendered":"La industria inici\u00f3 2026 con ca\u00edda generalizada y el \u00edndice de desempe\u00f1o en zona de contracci\u00f3n"},"content":{"rendered":"\n<p>El&nbsp;<strong>Monitor de Desempe\u00f1o Industrial (MDI)<\/strong>&nbsp;de la&nbsp;<strong>Uni\u00f3n Industrial Argentina (UIA)<\/strong>&nbsp;se ubic\u00f3 en&nbsp;<strong>36,5 puntos<\/strong>&nbsp;en enero de 2026, muy por debajo del umbral de expansi\u00f3n de&nbsp;<strong>50 puntos<\/strong>, seg\u00fan un informe de la primera encuesta del a\u00f1o elaborado por el&nbsp;<strong>Centro de Estudios de la UIA (CEU-UIA)<\/strong>.<\/p>\n\n\n\n<p>El indicador acumul\u00f3 su decimoquinto relevamiento consecutivo en zona de&nbsp;<strong>contracci\u00f3n<\/strong>, y registr\u00f3 una&nbsp;<strong>ca\u00edda de 7,5 puntos porcentuales<\/strong>&nbsp;respecto del trimestre anterior y de&nbsp;<strong>5,6 p.p.<\/strong>&nbsp;en t\u00e9rminos interanuales.<\/p>\n\n\n\n<p>El relevamiento se realiz\u00f3 entre el&nbsp;<strong>2 y el 16 de febrero de 2026<\/strong>, con la participaci\u00f3n de&nbsp;<strong>644 empresas<\/strong>&nbsp;de diversas actividades, regiones y tama\u00f1os, en conjunto con&nbsp;<strong>ADIMRA<\/strong>&nbsp;y&nbsp;<strong>FISFE<\/strong>.<\/p>\n\n\n\n<div style=\"height:100px\" aria-hidden=\"true\" class=\"wp-block-spacer\"><\/div>\n\n\n\n<p><strong>Producci\u00f3n y ventas internas, las variables m\u00e1s afectadas<\/strong><\/p>\n\n\n\n<p>El&nbsp;<strong>53,3%<\/strong>&nbsp;de las empresas encuestadas registr\u00f3 una&nbsp;<strong>ca\u00edda en su nivel de producci\u00f3n<\/strong>&nbsp;en comparaci\u00f3n con el promedio del&nbsp;<strong>cuarto trimestre de 2025<\/strong>, mientras que solo el&nbsp;<strong>13,0%<\/strong>&nbsp;report\u00f3&nbsp;<strong>aumentos<\/strong>.<\/p>\n\n\n\n<p>El \u00edndice de difusi\u00f3n de producci\u00f3n \u2014diferencia entre empresas con subas y con ca\u00eddas\u2014 se ubic\u00f3 en&nbsp;<strong>-40,3 puntos porcentuales<\/strong>, profundizando el retroceso observado en los \u00faltimos relevamientos.<\/p>\n\n\n\n<p>En materia de ventas internas, el panorama fue a\u00fan m\u00e1s desfavorable: el&nbsp;<strong>54,7%<\/strong>&nbsp;de las firmas report\u00f3 bajas, el tercer valor m\u00e1s elevado de toda la serie hist\u00f3rica, frente a solo el&nbsp;<strong>13,3%<\/strong>&nbsp;que registr\u00f3 aumentos. El \u00edndice de difusi\u00f3n de ventas internas se ubic\u00f3 en -41,4 p.p.<\/p>\n\n\n\n<div style=\"height:100px\" aria-hidden=\"true\" class=\"wp-block-spacer\"><\/div>\n\n\n\n<p><strong>Empleo: el 22,2% de las empresas redujo su plantel<\/strong><\/p>\n\n\n\n<p>En el mercado laboral, el&nbsp;<strong>22,2%<\/strong>&nbsp;de las empresas registr\u00f3 ca\u00eddas en el empleo durante enero. Entre las firmas con reducci\u00f3n de personal, la mitad recurri\u00f3 directamente a la&nbsp;<strong>desvinculaci\u00f3n<\/strong>&nbsp;de trabajadores.<\/p>\n\n\n\n<p>El 41,4% ajust\u00f3 mediante reducci\u00f3n de turnos laborales y el 22,9% implement\u00f3 suspensiones.<\/p>\n\n\n\n<p>De cara a los pr\u00f3ximos doce meses, el&nbsp;<strong>26,0%<\/strong>&nbsp;de las empresas prev\u00e9 una nueva&nbsp;<strong>reducci\u00f3n de planteles<\/strong>, frente al&nbsp;<strong>19,4%<\/strong>&nbsp;que anticipa&nbsp;<strong>incorporaciones<\/strong>.<\/p>\n\n\n\n<div style=\"height:100px\" aria-hidden=\"true\" class=\"wp-block-spacer\"><\/div>\n\n\n\n<p><strong>PyMES, las m\u00e1s golpeadas en producci\u00f3n y ventas<\/strong><\/p>\n\n\n\n<p>En el segmento de&nbsp;<strong>micro y peque\u00f1as empresas<\/strong>, el&nbsp;<strong>impacto fue m\u00e1s pronunciado<\/strong>&nbsp;que en las medianas y grandes.<\/p>\n\n\n\n<p>El informe muestra diferencias significativas seg\u00fan el tama\u00f1o de las empresas. Para la producci\u00f3n, el&nbsp;<strong>\u00edndice de difusi\u00f3n<\/strong>&nbsp;fue de&nbsp;<strong>-43,3 p.p.<\/strong>&nbsp;en micro y peque\u00f1as, frente a&nbsp;<strong>-34,8 p.p.<\/strong>&nbsp;en medianas y grandes. En cuanto a&nbsp;<strong>ventas internas<\/strong>, la brecha fue a\u00fan mayor:&nbsp;<strong>-46,5 p.p.<\/strong>&nbsp;para micro y peque\u00f1as versus&nbsp;<strong>-30,8 p.p.<\/strong>&nbsp;para medianas y grandes.<\/p>\n\n\n\n<p>En&nbsp;<strong>empleo<\/strong>&nbsp;se observ\u00f3 la situaci\u00f3n inversa: las medianas y grandes registraron un impacto negativo mayor, de&nbsp;<strong>-18,5 p.p.<\/strong>, frente a&nbsp;<strong>-13,3 p.p.<\/strong>&nbsp;en micro y peque\u00f1as. El informe atribuye esto a un menor margen de ajuste por otras v\u00edas en las empresas de mayor tama\u00f1o.<\/p>\n\n\n\n<div style=\"height:100px\" aria-hidden=\"true\" class=\"wp-block-spacer\"><\/div>\n\n\n\n<p><strong>Todos los sectores en zona de contracci\u00f3n<\/strong><\/p>\n\n\n\n<p>El informe indica que todos los sectores industriales relevados mostraron un&nbsp;<strong>MDI por debajo de 50<\/strong>, es decir, en zona de contracci\u00f3n. Los valores m\u00e1s bajos se registraron en&nbsp;<strong>Productos Textiles (23,1 puntos)<\/strong>,&nbsp;<strong>Papel y Madera (30,1)<\/strong>&nbsp;y&nbsp;<strong>Confecciones, cuero y calzado (30,2)<\/strong>.<\/p>\n\n\n\n<p>Los sectores con mejor desempe\u00f1o relativo fueron&nbsp;<strong>Metalmec\u00e1nica (40,9)<\/strong>,&nbsp;<strong>Alimentos, Bebidas y Tabaco (40,6)<\/strong>&nbsp;y&nbsp;<strong>Productos Qu\u00edmicos y Petroqu\u00edmicos (40,3)<\/strong>, aunque todos permanecen en&nbsp;<strong>zona de contracci\u00f3n<\/strong>.<\/p>\n\n\n\n<div style=\"height:100px\" aria-hidden=\"true\" class=\"wp-block-spacer\"><\/div>\n\n\n\n<p><strong>Casi la mitad de las empresas tuvo atrasos en pagos<\/strong><\/p>\n\n\n\n<p>El&nbsp;<strong>45,6%<\/strong>&nbsp;de las firmas report\u00f3 dificultades para afrontar al menos uno de los siguientes compromisos:&nbsp;<strong>salarios<\/strong>,&nbsp;<strong>proveedores<\/strong>,&nbsp;<strong>compromisos financieros<\/strong>,&nbsp;<strong>servicios p\u00fablicos<\/strong>&nbsp;e&nbsp;<strong>impuestos<\/strong>.<\/p>\n\n\n\n<p>Las mayores complicaciones se concentraron en el pago de&nbsp;<strong>impuestos (33,2%)<\/strong>&nbsp;y&nbsp;<strong>proveedores (31,9%)<\/strong>. El&nbsp;<strong>5,4%<\/strong>&nbsp;present\u00f3 atrasos en la totalidad de los pagos relevados.<\/p>\n\n\n\n<p>Entre las principales consecuencias, el&nbsp;<strong>39,8%<\/strong>&nbsp;de las empresas con atrasos se\u00f1al\u00f3 el&nbsp;<strong>pago de intereses y mayores costos financieros<\/strong>, y el&nbsp;<strong>38,1%<\/strong>&nbsp;indic\u00f3 el&nbsp;<strong>aumento del endeudamiento o la necesidad de financiamiento a corto plazo<\/strong>.<\/p>\n\n\n\n<p><strong>La demanda interna lidera las preocupaciones; crecen las inquietudes por importaciones<\/strong><br><strong>El 46,1% de las empresas identific\u00f3 la ca\u00edda de la demanda interna como su principal desaf\u00edo.<\/strong>&nbsp;En segundo lugar, se ubic\u00f3 el aumento de costos, con el 19,7%, con el costo laboral como el componente m\u00e1s se\u00f1alado (49,6% dentro de ese grupo).<\/p>\n\n\n\n<p>En tercer lugar, con el 19,4%, aparece&nbsp;<strong>la dificultad para competir con bienes importados<\/strong>, un \u00edtem que no registraba menciones en el relevamiento de octubre de 2024 y que creci\u00f3 de manera sostenida en un contexto de mayor apertura comercial y apreciaci\u00f3n cambiaria.<\/p>\n\n\n\n<div style=\"height:100px\" aria-hidden=\"true\" class=\"wp-block-spacer\"><\/div>\n\n\n\n<p><strong>Capacidad instalada y expectativas, tambi\u00e9n a la baja<\/strong><\/p>\n\n\n\n<p><strong>La utilizaci\u00f3n de la capacidad instalada promedi\u00f3 el 52,0% en enero.<\/strong>&nbsp;El 72,4% de las firmas oper\u00f3 por debajo de su nivel considerado \u00f3ptimo, y el 70,4% proyecta alcanzar ese umbral reci\u00e9n en el segundo semestre de 2026.<\/p>\n\n\n\n<p><strong>Las expectativas para los pr\u00f3ximos doce meses tambi\u00e9n mostraron una moderaci\u00f3n respecto al relevamiento anterior.<\/strong>&nbsp;El 47,8% de las empresas prev\u00e9 una mejora en su situaci\u00f3n econ\u00f3mica propia, frente al 60,4% del trimestre anterior; el 41,0% anticipa mejoras en su sector de actividad (contra 57,0%); y el 51,0% espera un mejor contexto econ\u00f3mico nacional (frente al 68,6%).<\/p>\n\n\n\n<p><\/p>\n","protected":false},"excerpt":{"rendered":"<p>El&nbsp;Monitor de Desempe\u00f1o Industrial (MDI)&nbsp;de la&nbsp;Uni\u00f3n Industrial Argentina (UIA)&nbsp;se ubic\u00f3 en&nbsp;36,5 puntos&nbsp;en enero de 2026, muy por debajo del umbral de expansi\u00f3n de&nbsp;50 puntos, seg\u00fan un informe de la primera&hellip;<\/p>\n","protected":false},"author":3,"featured_media":294264,"comment_status":"closed","ping_status":"open","sticky":false,"template":"","format":"standard","meta":{"_acf_changed":false,"footnotes":""},"categories":[1,5],"tags":[],"class_list":["post-321427","post","type-post","status-publish","format-standard","has-post-thumbnail","hentry","category-es-noticia","category-economia"],"acf":[],"yoast_head":"<!-- This site is optimized with the Yoast SEO plugin v27.5 - https:\/\/yoast.com\/product\/yoast-seo-wordpress\/ -->\n<title>La industria inici\u00f3 2026 con ca\u00edda generalizada y el \u00edndice de desempe\u00f1o en zona de contracci\u00f3n - Diario Textual<\/title>\n<meta name=\"robots\" content=\"index, follow, max-snippet:-1, max-image-preview:large, max-video-preview:-1\" \/>\n<link rel=\"canonical\" href=\"https:\/\/diariotextual.com\/inicio\/index.php\/2026\/03\/05\/la-industria-inicio-2026-con-caida-generalizada-y-el-indice-de-desempeno-en-zona-de-contraccion\/\" \/>\n<meta property=\"og:locale\" content=\"es_ES\" \/>\n<meta property=\"og:type\" content=\"article\" \/>\n<meta property=\"og:title\" content=\"La industria inici\u00f3 2026 con ca\u00edda generalizada y el \u00edndice de desempe\u00f1o en zona de contracci\u00f3n - Diario Textual\" \/>\n<meta property=\"og:description\" content=\"El&nbsp;Monitor de Desempe\u00f1o Industrial (MDI)&nbsp;de la&nbsp;Uni\u00f3n Industrial Argentina (UIA)&nbsp;se ubic\u00f3 en&nbsp;36,5 puntos&nbsp;en enero de 2026, muy por debajo del umbral de expansi\u00f3n de&nbsp;50 puntos, seg\u00fan un informe de la primera&hellip;\" \/>\n<meta property=\"og:url\" content=\"https:\/\/diariotextual.com\/inicio\/index.php\/2026\/03\/05\/la-industria-inicio-2026-con-caida-generalizada-y-el-indice-de-desempeno-en-zona-de-contraccion\/\" \/>\n<meta property=\"og:site_name\" content=\"Diario Textual\" \/>\n<meta property=\"article:publisher\" content=\"https:\/\/www.facebook.com\/eltextual\" \/>\n<meta property=\"article:published_time\" content=\"2026-03-05T08:52:15+00:00\" \/>\n<meta property=\"article:modified_time\" content=\"2026-03-05T11:00:44+00:00\" \/>\n<meta property=\"og:image\" content=\"https:\/\/diariotextual.com\/inicio\/wp-content\/uploads\/2025\/04\/obrerosindustriales2025.jpg\" \/>\n\t<meta property=\"og:image:width\" content=\"900\" \/>\n\t<meta property=\"og:image:height\" content=\"494\" \/>\n\t<meta property=\"og:image:type\" content=\"image\/jpeg\" \/>\n<meta name=\"author\" content=\"Diario1 Diario1\" \/>\n<meta name=\"twitter:card\" content=\"summary_large_image\" \/>\n<meta name=\"twitter:creator\" content=\"@eltextual\" \/>\n<meta name=\"twitter:site\" content=\"@eltextual\" \/>\n<meta name=\"twitter:label1\" content=\"Escrito por\" \/>\n\t<meta name=\"twitter:data1\" content=\"Diario1 Diario1\" \/>\n\t<meta name=\"twitter:label2\" content=\"Tiempo de lectura\" \/>\n\t<meta name=\"twitter:data2\" content=\"4 minutos\" \/>\n<script type=\"application\/ld+json\" class=\"yoast-schema-graph\">{\"@context\":\"https:\\\/\\\/schema.org\",\"@graph\":[{\"@type\":\"Article\",\"@id\":\"https:\\\/\\\/diariotextual.com\\\/inicio\\\/index.php\\\/2026\\\/03\\\/05\\\/la-industria-inicio-2026-con-caida-generalizada-y-el-indice-de-desempeno-en-zona-de-contraccion\\\/#article\",\"isPartOf\":{\"@id\":\"https:\\\/\\\/diariotextual.com\\\/inicio\\\/index.php\\\/2026\\\/03\\\/05\\\/la-industria-inicio-2026-con-caida-generalizada-y-el-indice-de-desempeno-en-zona-de-contraccion\\\/\"},\"author\":{\"name\":\"Diario1 Diario1\",\"@id\":\"https:\\\/\\\/diariotextual.com\\\/inicio\\\/#\\\/schema\\\/person\\\/418fc4093c33e86ed41562db3508f958\"},\"headline\":\"La industria inici\u00f3 2026 con ca\u00edda generalizada y el \u00edndice de desempe\u00f1o en zona de contracci\u00f3n\",\"datePublished\":\"2026-03-05T08:52:15+00:00\",\"dateModified\":\"2026-03-05T11:00:44+00:00\",\"mainEntityOfPage\":{\"@id\":\"https:\\\/\\\/diariotextual.com\\\/inicio\\\/index.php\\\/2026\\\/03\\\/05\\\/la-industria-inicio-2026-con-caida-generalizada-y-el-indice-de-desempeno-en-zona-de-contraccion\\\/\"},\"wordCount\":946,\"publisher\":{\"@id\":\"https:\\\/\\\/diariotextual.com\\\/inicio\\\/#organization\"},\"image\":{\"@id\":\"https:\\\/\\\/diariotextual.com\\\/inicio\\\/index.php\\\/2026\\\/03\\\/05\\\/la-industria-inicio-2026-con-caida-generalizada-y-el-indice-de-desempeno-en-zona-de-contraccion\\\/#primaryimage\"},\"thumbnailUrl\":\"https:\\\/\\\/diariotextual.com\\\/inicio\\\/wp-content\\\/uploads\\\/2025\\\/04\\\/obrerosindustriales2025.jpg\",\"articleSection\":[\"A - ES NOTICIA (van abajo)\",\"ECONOMIA\"],\"inLanguage\":\"es\"},{\"@type\":\"WebPage\",\"@id\":\"https:\\\/\\\/diariotextual.com\\\/inicio\\\/index.php\\\/2026\\\/03\\\/05\\\/la-industria-inicio-2026-con-caida-generalizada-y-el-indice-de-desempeno-en-zona-de-contraccion\\\/\",\"url\":\"https:\\\/\\\/diariotextual.com\\\/inicio\\\/index.php\\\/2026\\\/03\\\/05\\\/la-industria-inicio-2026-con-caida-generalizada-y-el-indice-de-desempeno-en-zona-de-contraccion\\\/\",\"name\":\"La industria inici\u00f3 2026 con ca\u00edda generalizada y el \u00edndice de desempe\u00f1o en zona de contracci\u00f3n - Diario Textual\",\"isPartOf\":{\"@id\":\"https:\\\/\\\/diariotextual.com\\\/inicio\\\/#website\"},\"primaryImageOfPage\":{\"@id\":\"https:\\\/\\\/diariotextual.com\\\/inicio\\\/index.php\\\/2026\\\/03\\\/05\\\/la-industria-inicio-2026-con-caida-generalizada-y-el-indice-de-desempeno-en-zona-de-contraccion\\\/#primaryimage\"},\"image\":{\"@id\":\"https:\\\/\\\/diariotextual.com\\\/inicio\\\/index.php\\\/2026\\\/03\\\/05\\\/la-industria-inicio-2026-con-caida-generalizada-y-el-indice-de-desempeno-en-zona-de-contraccion\\\/#primaryimage\"},\"thumbnailUrl\":\"https:\\\/\\\/diariotextual.com\\\/inicio\\\/wp-content\\\/uploads\\\/2025\\\/04\\\/obrerosindustriales2025.jpg\",\"datePublished\":\"2026-03-05T08:52:15+00:00\",\"dateModified\":\"2026-03-05T11:00:44+00:00\",\"breadcrumb\":{\"@id\":\"https:\\\/\\\/diariotextual.com\\\/inicio\\\/index.php\\\/2026\\\/03\\\/05\\\/la-industria-inicio-2026-con-caida-generalizada-y-el-indice-de-desempeno-en-zona-de-contraccion\\\/#breadcrumb\"},\"inLanguage\":\"es\",\"potentialAction\":[{\"@type\":\"ReadAction\",\"target\":[\"https:\\\/\\\/diariotextual.com\\\/inicio\\\/index.php\\\/2026\\\/03\\\/05\\\/la-industria-inicio-2026-con-caida-generalizada-y-el-indice-de-desempeno-en-zona-de-contraccion\\\/\"]}]},{\"@type\":\"ImageObject\",\"inLanguage\":\"es\",\"@id\":\"https:\\\/\\\/diariotextual.com\\\/inicio\\\/index.php\\\/2026\\\/03\\\/05\\\/la-industria-inicio-2026-con-caida-generalizada-y-el-indice-de-desempeno-en-zona-de-contraccion\\\/#primaryimage\",\"url\":\"https:\\\/\\\/diariotextual.com\\\/inicio\\\/wp-content\\\/uploads\\\/2025\\\/04\\\/obrerosindustriales2025.jpg\",\"contentUrl\":\"https:\\\/\\\/diariotextual.com\\\/inicio\\\/wp-content\\\/uploads\\\/2025\\\/04\\\/obrerosindustriales2025.jpg\",\"width\":900,\"height\":494,\"caption\":\"CREATOR: gd-jpeg v1.0 (using IJG JPEG v80), quality = 75\"},{\"@type\":\"BreadcrumbList\",\"@id\":\"https:\\\/\\\/diariotextual.com\\\/inicio\\\/index.php\\\/2026\\\/03\\\/05\\\/la-industria-inicio-2026-con-caida-generalizada-y-el-indice-de-desempeno-en-zona-de-contraccion\\\/#breadcrumb\",\"itemListElement\":[{\"@type\":\"ListItem\",\"position\":1,\"name\":\"Portada\",\"item\":\"https:\\\/\\\/diariotextual.com\\\/inicio\\\/\"},{\"@type\":\"ListItem\",\"position\":2,\"name\":\"La industria inici\u00f3 2026 con ca\u00edda generalizada y el \u00edndice de desempe\u00f1o en zona de contracci\u00f3n\"}]},{\"@type\":\"WebSite\",\"@id\":\"https:\\\/\\\/diariotextual.com\\\/inicio\\\/#website\",\"url\":\"https:\\\/\\\/diariotextual.com\\\/inicio\\\/\",\"name\":\"Diario Textual\",\"description\":\"\",\"publisher\":{\"@id\":\"https:\\\/\\\/diariotextual.com\\\/inicio\\\/#organization\"},\"potentialAction\":[{\"@type\":\"SearchAction\",\"target\":{\"@type\":\"EntryPoint\",\"urlTemplate\":\"https:\\\/\\\/diariotextual.com\\\/inicio\\\/?s={search_term_string}\"},\"query-input\":{\"@type\":\"PropertyValueSpecification\",\"valueRequired\":true,\"valueName\":\"search_term_string\"}}],\"inLanguage\":\"es\"},{\"@type\":\"Organization\",\"@id\":\"https:\\\/\\\/diariotextual.com\\\/inicio\\\/#organization\",\"name\":\"Diario Textual\",\"url\":\"https:\\\/\\\/diariotextual.com\\\/inicio\\\/\",\"logo\":{\"@type\":\"ImageObject\",\"inLanguage\":\"es\",\"@id\":\"https:\\\/\\\/diariotextual.com\\\/inicio\\\/#\\\/schema\\\/logo\\\/image\\\/\",\"url\":\"https:\\\/\\\/diariotextual.com\\\/inicio\\\/wp-content\\\/uploads\\\/2023\\\/05\\\/logotextual1.jpg\",\"contentUrl\":\"https:\\\/\\\/diariotextual.com\\\/inicio\\\/wp-content\\\/uploads\\\/2023\\\/05\\\/logotextual1.jpg\",\"width\":516,\"height\":76,\"caption\":\"Diario Textual\"},\"image\":{\"@id\":\"https:\\\/\\\/diariotextual.com\\\/inicio\\\/#\\\/schema\\\/logo\\\/image\\\/\"},\"sameAs\":[\"https:\\\/\\\/www.facebook.com\\\/eltextual\",\"https:\\\/\\\/x.com\\\/eltextual\",\"http:\\\/\\\/www.instagram.com\\\/eltextual\"]},{\"@type\":\"Person\",\"@id\":\"https:\\\/\\\/diariotextual.com\\\/inicio\\\/#\\\/schema\\\/person\\\/418fc4093c33e86ed41562db3508f958\",\"name\":\"Diario1 Diario1\",\"image\":{\"@type\":\"ImageObject\",\"inLanguage\":\"es\",\"@id\":\"https:\\\/\\\/secure.gravatar.com\\\/avatar\\\/9167d280179c85bc18be67aa7eda765854300033af4896dd779b608640f2ef7a?s=96&d=mm&r=g\",\"url\":\"https:\\\/\\\/secure.gravatar.com\\\/avatar\\\/9167d280179c85bc18be67aa7eda765854300033af4896dd779b608640f2ef7a?s=96&d=mm&r=g\",\"contentUrl\":\"https:\\\/\\\/secure.gravatar.com\\\/avatar\\\/9167d280179c85bc18be67aa7eda765854300033af4896dd779b608640f2ef7a?s=96&d=mm&r=g\",\"caption\":\"Diario1 Diario1\"},\"url\":\"https:\\\/\\\/diariotextual.com\\\/inicio\\\/index.php\\\/author\\\/diario1\\\/\"}]}<\/script>\n<!-- \/ Yoast SEO plugin. -->","yoast_head_json":{"title":"La industria inici\u00f3 2026 con ca\u00edda generalizada y el \u00edndice de desempe\u00f1o en zona de contracci\u00f3n - Diario Textual","robots":{"index":"index","follow":"follow","max-snippet":"max-snippet:-1","max-image-preview":"max-image-preview:large","max-video-preview":"max-video-preview:-1"},"canonical":"https:\/\/diariotextual.com\/inicio\/index.php\/2026\/03\/05\/la-industria-inicio-2026-con-caida-generalizada-y-el-indice-de-desempeno-en-zona-de-contraccion\/","og_locale":"es_ES","og_type":"article","og_title":"La industria inici\u00f3 2026 con ca\u00edda generalizada y el \u00edndice de desempe\u00f1o en zona de contracci\u00f3n - Diario Textual","og_description":"El&nbsp;Monitor de Desempe\u00f1o Industrial (MDI)&nbsp;de la&nbsp;Uni\u00f3n Industrial Argentina (UIA)&nbsp;se ubic\u00f3 en&nbsp;36,5 puntos&nbsp;en enero de 2026, muy por debajo del umbral de expansi\u00f3n de&nbsp;50 puntos, seg\u00fan un informe de la primera&hellip;","og_url":"https:\/\/diariotextual.com\/inicio\/index.php\/2026\/03\/05\/la-industria-inicio-2026-con-caida-generalizada-y-el-indice-de-desempeno-en-zona-de-contraccion\/","og_site_name":"Diario Textual","article_publisher":"https:\/\/www.facebook.com\/eltextual","article_published_time":"2026-03-05T08:52:15+00:00","article_modified_time":"2026-03-05T11:00:44+00:00","og_image":[{"width":900,"height":494,"url":"https:\/\/diariotextual.com\/inicio\/wp-content\/uploads\/2025\/04\/obrerosindustriales2025.jpg","type":"image\/jpeg"}],"author":"Diario1 Diario1","twitter_card":"summary_large_image","twitter_creator":"@eltextual","twitter_site":"@eltextual","twitter_misc":{"Escrito por":"Diario1 Diario1","Tiempo de lectura":"4 minutos"},"schema":{"@context":"https:\/\/schema.org","@graph":[{"@type":"Article","@id":"https:\/\/diariotextual.com\/inicio\/index.php\/2026\/03\/05\/la-industria-inicio-2026-con-caida-generalizada-y-el-indice-de-desempeno-en-zona-de-contraccion\/#article","isPartOf":{"@id":"https:\/\/diariotextual.com\/inicio\/index.php\/2026\/03\/05\/la-industria-inicio-2026-con-caida-generalizada-y-el-indice-de-desempeno-en-zona-de-contraccion\/"},"author":{"name":"Diario1 Diario1","@id":"https:\/\/diariotextual.com\/inicio\/#\/schema\/person\/418fc4093c33e86ed41562db3508f958"},"headline":"La industria inici\u00f3 2026 con ca\u00edda generalizada y el \u00edndice de desempe\u00f1o en zona de contracci\u00f3n","datePublished":"2026-03-05T08:52:15+00:00","dateModified":"2026-03-05T11:00:44+00:00","mainEntityOfPage":{"@id":"https:\/\/diariotextual.com\/inicio\/index.php\/2026\/03\/05\/la-industria-inicio-2026-con-caida-generalizada-y-el-indice-de-desempeno-en-zona-de-contraccion\/"},"wordCount":946,"publisher":{"@id":"https:\/\/diariotextual.com\/inicio\/#organization"},"image":{"@id":"https:\/\/diariotextual.com\/inicio\/index.php\/2026\/03\/05\/la-industria-inicio-2026-con-caida-generalizada-y-el-indice-de-desempeno-en-zona-de-contraccion\/#primaryimage"},"thumbnailUrl":"https:\/\/diariotextual.com\/inicio\/wp-content\/uploads\/2025\/04\/obrerosindustriales2025.jpg","articleSection":["A - ES NOTICIA (van abajo)","ECONOMIA"],"inLanguage":"es"},{"@type":"WebPage","@id":"https:\/\/diariotextual.com\/inicio\/index.php\/2026\/03\/05\/la-industria-inicio-2026-con-caida-generalizada-y-el-indice-de-desempeno-en-zona-de-contraccion\/","url":"https:\/\/diariotextual.com\/inicio\/index.php\/2026\/03\/05\/la-industria-inicio-2026-con-caida-generalizada-y-el-indice-de-desempeno-en-zona-de-contraccion\/","name":"La industria inici\u00f3 2026 con ca\u00edda generalizada y el \u00edndice de desempe\u00f1o en zona de contracci\u00f3n - Diario Textual","isPartOf":{"@id":"https:\/\/diariotextual.com\/inicio\/#website"},"primaryImageOfPage":{"@id":"https:\/\/diariotextual.com\/inicio\/index.php\/2026\/03\/05\/la-industria-inicio-2026-con-caida-generalizada-y-el-indice-de-desempeno-en-zona-de-contraccion\/#primaryimage"},"image":{"@id":"https:\/\/diariotextual.com\/inicio\/index.php\/2026\/03\/05\/la-industria-inicio-2026-con-caida-generalizada-y-el-indice-de-desempeno-en-zona-de-contraccion\/#primaryimage"},"thumbnailUrl":"https:\/\/diariotextual.com\/inicio\/wp-content\/uploads\/2025\/04\/obrerosindustriales2025.jpg","datePublished":"2026-03-05T08:52:15+00:00","dateModified":"2026-03-05T11:00:44+00:00","breadcrumb":{"@id":"https:\/\/diariotextual.com\/inicio\/index.php\/2026\/03\/05\/la-industria-inicio-2026-con-caida-generalizada-y-el-indice-de-desempeno-en-zona-de-contraccion\/#breadcrumb"},"inLanguage":"es","potentialAction":[{"@type":"ReadAction","target":["https:\/\/diariotextual.com\/inicio\/index.php\/2026\/03\/05\/la-industria-inicio-2026-con-caida-generalizada-y-el-indice-de-desempeno-en-zona-de-contraccion\/"]}]},{"@type":"ImageObject","inLanguage":"es","@id":"https:\/\/diariotextual.com\/inicio\/index.php\/2026\/03\/05\/la-industria-inicio-2026-con-caida-generalizada-y-el-indice-de-desempeno-en-zona-de-contraccion\/#primaryimage","url":"https:\/\/diariotextual.com\/inicio\/wp-content\/uploads\/2025\/04\/obrerosindustriales2025.jpg","contentUrl":"https:\/\/diariotextual.com\/inicio\/wp-content\/uploads\/2025\/04\/obrerosindustriales2025.jpg","width":900,"height":494,"caption":"CREATOR: gd-jpeg v1.0 (using IJG JPEG v80), quality = 75"},{"@type":"BreadcrumbList","@id":"https:\/\/diariotextual.com\/inicio\/index.php\/2026\/03\/05\/la-industria-inicio-2026-con-caida-generalizada-y-el-indice-de-desempeno-en-zona-de-contraccion\/#breadcrumb","itemListElement":[{"@type":"ListItem","position":1,"name":"Portada","item":"https:\/\/diariotextual.com\/inicio\/"},{"@type":"ListItem","position":2,"name":"La industria inici\u00f3 2026 con ca\u00edda generalizada y el \u00edndice de desempe\u00f1o en zona de contracci\u00f3n"}]},{"@type":"WebSite","@id":"https:\/\/diariotextual.com\/inicio\/#website","url":"https:\/\/diariotextual.com\/inicio\/","name":"Diario Textual","description":"","publisher":{"@id":"https:\/\/diariotextual.com\/inicio\/#organization"},"potentialAction":[{"@type":"SearchAction","target":{"@type":"EntryPoint","urlTemplate":"https:\/\/diariotextual.com\/inicio\/?s={search_term_string}"},"query-input":{"@type":"PropertyValueSpecification","valueRequired":true,"valueName":"search_term_string"}}],"inLanguage":"es"},{"@type":"Organization","@id":"https:\/\/diariotextual.com\/inicio\/#organization","name":"Diario Textual","url":"https:\/\/diariotextual.com\/inicio\/","logo":{"@type":"ImageObject","inLanguage":"es","@id":"https:\/\/diariotextual.com\/inicio\/#\/schema\/logo\/image\/","url":"https:\/\/diariotextual.com\/inicio\/wp-content\/uploads\/2023\/05\/logotextual1.jpg","contentUrl":"https:\/\/diariotextual.com\/inicio\/wp-content\/uploads\/2023\/05\/logotextual1.jpg","width":516,"height":76,"caption":"Diario Textual"},"image":{"@id":"https:\/\/diariotextual.com\/inicio\/#\/schema\/logo\/image\/"},"sameAs":["https:\/\/www.facebook.com\/eltextual","https:\/\/x.com\/eltextual","http:\/\/www.instagram.com\/eltextual"]},{"@type":"Person","@id":"https:\/\/diariotextual.com\/inicio\/#\/schema\/person\/418fc4093c33e86ed41562db3508f958","name":"Diario1 Diario1","image":{"@type":"ImageObject","inLanguage":"es","@id":"https:\/\/secure.gravatar.com\/avatar\/9167d280179c85bc18be67aa7eda765854300033af4896dd779b608640f2ef7a?s=96&d=mm&r=g","url":"https:\/\/secure.gravatar.com\/avatar\/9167d280179c85bc18be67aa7eda765854300033af4896dd779b608640f2ef7a?s=96&d=mm&r=g","contentUrl":"https:\/\/secure.gravatar.com\/avatar\/9167d280179c85bc18be67aa7eda765854300033af4896dd779b608640f2ef7a?s=96&d=mm&r=g","caption":"Diario1 Diario1"},"url":"https:\/\/diariotextual.com\/inicio\/index.php\/author\/diario1\/"}]}},"_links":{"self":[{"href":"https:\/\/diariotextual.com\/inicio\/index.php\/wp-json\/wp\/v2\/posts\/321427","targetHints":{"allow":["GET"]}}],"collection":[{"href":"https:\/\/diariotextual.com\/inicio\/index.php\/wp-json\/wp\/v2\/posts"}],"about":[{"href":"https:\/\/diariotextual.com\/inicio\/index.php\/wp-json\/wp\/v2\/types\/post"}],"author":[{"embeddable":true,"href":"https:\/\/diariotextual.com\/inicio\/index.php\/wp-json\/wp\/v2\/users\/3"}],"replies":[{"embeddable":true,"href":"https:\/\/diariotextual.com\/inicio\/index.php\/wp-json\/wp\/v2\/comments?post=321427"}],"version-history":[{"count":2,"href":"https:\/\/diariotextual.com\/inicio\/index.php\/wp-json\/wp\/v2\/posts\/321427\/revisions"}],"predecessor-version":[{"id":321429,"href":"https:\/\/diariotextual.com\/inicio\/index.php\/wp-json\/wp\/v2\/posts\/321427\/revisions\/321429"}],"wp:featuredmedia":[{"embeddable":true,"href":"https:\/\/diariotextual.com\/inicio\/index.php\/wp-json\/wp\/v2\/media\/294264"}],"wp:attachment":[{"href":"https:\/\/diariotextual.com\/inicio\/index.php\/wp-json\/wp\/v2\/media?parent=321427"}],"wp:term":[{"taxonomy":"category","embeddable":true,"href":"https:\/\/diariotextual.com\/inicio\/index.php\/wp-json\/wp\/v2\/categories?post=321427"},{"taxonomy":"post_tag","embeddable":true,"href":"https:\/\/diariotextual.com\/inicio\/index.php\/wp-json\/wp\/v2\/tags?post=321427"}],"curies":[{"name":"wp","href":"https:\/\/api.w.org\/{rel}","templated":true}]}}