{"id":321433,"date":"2026-03-05T07:53:18","date_gmt":"2026-03-05T10:53:18","guid":{"rendered":"https:\/\/diariotextual.com\/inicio\/?p=321433"},"modified":"2026-03-05T07:53:20","modified_gmt":"2026-03-05T10:53:20","slug":"barrio-regazzoli-en-transformacion-pavimentacion-completa-y-nueva-plaza-publica","status":"publish","type":"post","link":"https:\/\/diariotextual.com\/inicio\/index.php\/2026\/03\/05\/barrio-regazzoli-en-transformacion-pavimentacion-completa-y-nueva-plaza-publica\/","title":{"rendered":"Barrio Regazzoli en transformaci\u00f3n: pavimentaci\u00f3n completa y nueva plaza p\u00fablica"},"content":{"rendered":"\n<p>A pocos d\u00edas de iniciadas las obras en el barrio Aquiles Jos\u00e9 Regazzoli (ex Pe\u00f1i Ruca), la transformaci\u00f3n del espacio ya es notoria. La municipalidad de Santa Rosa avanza, con recursos propios, en la pavimentaci\u00f3n de todas las calles y la construcci\u00f3n de una nueva plaza p\u00fablica que apela a la memoria colectiva y la historia de La Pampa.<\/p>\n\n\n\n<p>El pasado lunes, en la apertura de sesiones del Concejo Deliberante, el intendente Luciano di N\u00e1poli anunci\u00f3 que en pocas semanas el barrio iba a estar asfaltado por completo, y destac\u00f3 que las familias \u201clo esperaban desde su fundaci\u00f3n\u201d, hace 50 a\u00f1os. Adem\u00e1s, confirm\u00f3 que en la nueva plaza se conmemorar\u00e1n los 50 a\u00f1os del golpe de Estado de 1976.<\/p>\n\n\n\n<p>La semana pasada comenzaron los trabajos de pavimentaci\u00f3n. Se intervienen los pasajes 12 de Octubre, 17 de Octubre y 30 de Octubre, entre las calles Jos\u00e9 Luro y la colectora de Avenida Circunvalaci\u00f3n Santiago Marzo Sur.<\/p>\n\n\n\n<p>Se realizaron previamente tareas de nivelaci\u00f3n y las bases, y esta semana comenzaron las carpetas asf\u00e1lticas. Una vez concluidos los trabajos se realizar\u00e1 la demarcaci\u00f3n vial.<\/p>\n\n\n\n<p>El pavimento en todo el barrio mejorar\u00e1 la seguridad vial, la transitabilidad y renueva el v\u00ednculo de las familias que lo habitan con su entorno.<\/p>\n\n\n\n<div style=\"height:100px\" aria-hidden=\"true\" class=\"wp-block-spacer\"><\/div>\n\n\n\n<p><strong>Plaza<\/strong><\/p>\n\n\n\n<p>La nueva plaza se construye en un predio ubicado entre las calles 17 de Octubre, V\u00edctor Lordi y 30 de Octubre. Este espacio, destinado al encuentro y la memoria colectiva, contar\u00e1 con arbolado, nueva iluminaci\u00f3n, veredas y caminos internos totalmente accesibles.<\/p>\n\n\n\n<p>El municipio parquizar\u00e1 el \u00e1rea y colocar\u00e1 mobiliario urbano. El proyecto incluye, adem\u00e1s, un mural del artista pampeano Santiago Amrein, cuya intervenci\u00f3n estar\u00e1 inspirada en los Derechos Humanos y la figura del ex gobernador Regazzoli.<\/p>\n\n\n\n<div style=\"height:100px\" aria-hidden=\"true\" class=\"wp-block-spacer\"><\/div>\n\n\n\n<p><strong>Un barrio con historia<\/strong><\/p>\n\n\n\n<p>El 24 de marzo de 1976, con la llegada de los militares al poder, el entonces gobernador Aquiles Jos\u00e9 Regazzoli \u2014elegido por el voto popular\u2014 tom\u00f3 la valiente decisi\u00f3n de anticipar la entrega de llaves de las 80 viviendas construidas en el barrio Pe\u00f1i Ruca.<\/p>\n\n\n\n<p>Como la obra estaba concluida y el Golpe de Estado era inminente, Regazzoli, a trav\u00e9s de Alicia Ch\u00e1ves, una empleada de la Provincia, se encarg\u00f3 de hacer la entrega la misma noche del golpe, a los nuevos propietarios que esperaban con ansias. Fruto de esa acci\u00f3n, los vecinos comenzaron a llamar barrio Regazzoli a su lugar.<\/p>\n\n\n\n<p><\/p>\n","protected":false},"excerpt":{"rendered":"<p>A pocos d\u00edas de iniciadas las obras en el barrio Aquiles Jos\u00e9 Regazzoli (ex Pe\u00f1i Ruca), la transformaci\u00f3n del espacio ya es notoria. La municipalidad de Santa Rosa avanza, con&hellip;<\/p>\n","protected":false},"author":3,"featured_media":321436,"comment_status":"closed","ping_status":"open","sticky":false,"template":"","format":"standard","meta":{"_acf_changed":false,"footnotes":""},"categories":[1,12],"tags":[],"class_list":["post-321433","post","type-post","status-publish","format-standard","has-post-thumbnail","hentry","category-es-noticia","category-sociedad"],"acf":[],"yoast_head":"<!-- This site is optimized with the Yoast SEO plugin v27.5 - https:\/\/yoast.com\/product\/yoast-seo-wordpress\/ -->\n<title>Barrio Regazzoli en transformaci\u00f3n: pavimentaci\u00f3n completa y nueva plaza p\u00fablica - Diario Textual<\/title>\n<meta name=\"robots\" content=\"index, follow, max-snippet:-1, max-image-preview:large, max-video-preview:-1\" \/>\n<link rel=\"canonical\" href=\"https:\/\/diariotextual.com\/inicio\/index.php\/2026\/03\/05\/barrio-regazzoli-en-transformacion-pavimentacion-completa-y-nueva-plaza-publica\/\" \/>\n<meta property=\"og:locale\" content=\"es_ES\" \/>\n<meta property=\"og:type\" content=\"article\" \/>\n<meta property=\"og:title\" content=\"Barrio Regazzoli en transformaci\u00f3n: pavimentaci\u00f3n completa y nueva plaza p\u00fablica - Diario Textual\" \/>\n<meta property=\"og:description\" content=\"A pocos d\u00edas de iniciadas las obras en el barrio Aquiles Jos\u00e9 Regazzoli (ex Pe\u00f1i Ruca), la transformaci\u00f3n del espacio ya es notoria. La municipalidad de Santa Rosa avanza, con&hellip;\" \/>\n<meta property=\"og:url\" content=\"https:\/\/diariotextual.com\/inicio\/index.php\/2026\/03\/05\/barrio-regazzoli-en-transformacion-pavimentacion-completa-y-nueva-plaza-publica\/\" \/>\n<meta property=\"og:site_name\" content=\"Diario Textual\" \/>\n<meta property=\"article:publisher\" content=\"https:\/\/www.facebook.com\/eltextual\" \/>\n<meta property=\"article:published_time\" content=\"2026-03-05T10:53:18+00:00\" \/>\n<meta property=\"article:modified_time\" content=\"2026-03-05T10:53:20+00:00\" \/>\n<meta property=\"og:image\" content=\"https:\/\/diariotextual.com\/inicio\/wp-content\/uploads\/2026\/03\/pavimentacionbarrioregazzolipavimentacionsantarosa2026-70.jpg\" \/>\n\t<meta property=\"og:image:width\" content=\"1200\" \/>\n\t<meta property=\"og:image:height\" content=\"800\" \/>\n\t<meta property=\"og:image:type\" content=\"image\/jpeg\" \/>\n<meta name=\"author\" content=\"Diario1 Diario1\" \/>\n<meta name=\"twitter:card\" content=\"summary_large_image\" \/>\n<meta name=\"twitter:creator\" content=\"@eltextual\" \/>\n<meta name=\"twitter:site\" content=\"@eltextual\" \/>\n<meta name=\"twitter:label1\" content=\"Escrito por\" \/>\n\t<meta name=\"twitter:data1\" content=\"Diario1 Diario1\" \/>\n\t<meta name=\"twitter:label2\" content=\"Tiempo de lectura\" \/>\n\t<meta name=\"twitter:data2\" content=\"2 minutos\" \/>\n<script type=\"application\/ld+json\" class=\"yoast-schema-graph\">{\"@context\":\"https:\\\/\\\/schema.org\",\"@graph\":[{\"@type\":\"Article\",\"@id\":\"https:\\\/\\\/diariotextual.com\\\/inicio\\\/index.php\\\/2026\\\/03\\\/05\\\/barrio-regazzoli-en-transformacion-pavimentacion-completa-y-nueva-plaza-publica\\\/#article\",\"isPartOf\":{\"@id\":\"https:\\\/\\\/diariotextual.com\\\/inicio\\\/index.php\\\/2026\\\/03\\\/05\\\/barrio-regazzoli-en-transformacion-pavimentacion-completa-y-nueva-plaza-publica\\\/\"},\"author\":{\"name\":\"Diario1 Diario1\",\"@id\":\"https:\\\/\\\/diariotextual.com\\\/inicio\\\/#\\\/schema\\\/person\\\/418fc4093c33e86ed41562db3508f958\"},\"headline\":\"Barrio Regazzoli en transformaci\u00f3n: pavimentaci\u00f3n completa y nueva plaza p\u00fablica\",\"datePublished\":\"2026-03-05T10:53:18+00:00\",\"dateModified\":\"2026-03-05T10:53:20+00:00\",\"mainEntityOfPage\":{\"@id\":\"https:\\\/\\\/diariotextual.com\\\/inicio\\\/index.php\\\/2026\\\/03\\\/05\\\/barrio-regazzoli-en-transformacion-pavimentacion-completa-y-nueva-plaza-publica\\\/\"},\"wordCount\":417,\"publisher\":{\"@id\":\"https:\\\/\\\/diariotextual.com\\\/inicio\\\/#organization\"},\"image\":{\"@id\":\"https:\\\/\\\/diariotextual.com\\\/inicio\\\/index.php\\\/2026\\\/03\\\/05\\\/barrio-regazzoli-en-transformacion-pavimentacion-completa-y-nueva-plaza-publica\\\/#primaryimage\"},\"thumbnailUrl\":\"https:\\\/\\\/diariotextual.com\\\/inicio\\\/wp-content\\\/uploads\\\/2026\\\/03\\\/pavimentacionbarrioregazzolipavimentacionsantarosa2026-70.jpg\",\"articleSection\":[\"A - ES NOTICIA (van abajo)\",\"SOCIEDAD\"],\"inLanguage\":\"es\"},{\"@type\":\"WebPage\",\"@id\":\"https:\\\/\\\/diariotextual.com\\\/inicio\\\/index.php\\\/2026\\\/03\\\/05\\\/barrio-regazzoli-en-transformacion-pavimentacion-completa-y-nueva-plaza-publica\\\/\",\"url\":\"https:\\\/\\\/diariotextual.com\\\/inicio\\\/index.php\\\/2026\\\/03\\\/05\\\/barrio-regazzoli-en-transformacion-pavimentacion-completa-y-nueva-plaza-publica\\\/\",\"name\":\"Barrio Regazzoli en transformaci\u00f3n: pavimentaci\u00f3n completa y nueva plaza p\u00fablica - Diario Textual\",\"isPartOf\":{\"@id\":\"https:\\\/\\\/diariotextual.com\\\/inicio\\\/#website\"},\"primaryImageOfPage\":{\"@id\":\"https:\\\/\\\/diariotextual.com\\\/inicio\\\/index.php\\\/2026\\\/03\\\/05\\\/barrio-regazzoli-en-transformacion-pavimentacion-completa-y-nueva-plaza-publica\\\/#primaryimage\"},\"image\":{\"@id\":\"https:\\\/\\\/diariotextual.com\\\/inicio\\\/index.php\\\/2026\\\/03\\\/05\\\/barrio-regazzoli-en-transformacion-pavimentacion-completa-y-nueva-plaza-publica\\\/#primaryimage\"},\"thumbnailUrl\":\"https:\\\/\\\/diariotextual.com\\\/inicio\\\/wp-content\\\/uploads\\\/2026\\\/03\\\/pavimentacionbarrioregazzolipavimentacionsantarosa2026-70.jpg\",\"datePublished\":\"2026-03-05T10:53:18+00:00\",\"dateModified\":\"2026-03-05T10:53:20+00:00\",\"breadcrumb\":{\"@id\":\"https:\\\/\\\/diariotextual.com\\\/inicio\\\/index.php\\\/2026\\\/03\\\/05\\\/barrio-regazzoli-en-transformacion-pavimentacion-completa-y-nueva-plaza-publica\\\/#breadcrumb\"},\"inLanguage\":\"es\",\"potentialAction\":[{\"@type\":\"ReadAction\",\"target\":[\"https:\\\/\\\/diariotextual.com\\\/inicio\\\/index.php\\\/2026\\\/03\\\/05\\\/barrio-regazzoli-en-transformacion-pavimentacion-completa-y-nueva-plaza-publica\\\/\"]}]},{\"@type\":\"ImageObject\",\"inLanguage\":\"es\",\"@id\":\"https:\\\/\\\/diariotextual.com\\\/inicio\\\/index.php\\\/2026\\\/03\\\/05\\\/barrio-regazzoli-en-transformacion-pavimentacion-completa-y-nueva-plaza-publica\\\/#primaryimage\",\"url\":\"https:\\\/\\\/diariotextual.com\\\/inicio\\\/wp-content\\\/uploads\\\/2026\\\/03\\\/pavimentacionbarrioregazzolipavimentacionsantarosa2026-70.jpg\",\"contentUrl\":\"https:\\\/\\\/diariotextual.com\\\/inicio\\\/wp-content\\\/uploads\\\/2026\\\/03\\\/pavimentacionbarrioregazzolipavimentacionsantarosa2026-70.jpg\",\"width\":1200,\"height\":800},{\"@type\":\"BreadcrumbList\",\"@id\":\"https:\\\/\\\/diariotextual.com\\\/inicio\\\/index.php\\\/2026\\\/03\\\/05\\\/barrio-regazzoli-en-transformacion-pavimentacion-completa-y-nueva-plaza-publica\\\/#breadcrumb\",\"itemListElement\":[{\"@type\":\"ListItem\",\"position\":1,\"name\":\"Portada\",\"item\":\"https:\\\/\\\/diariotextual.com\\\/inicio\\\/\"},{\"@type\":\"ListItem\",\"position\":2,\"name\":\"Barrio Regazzoli en transformaci\u00f3n: pavimentaci\u00f3n completa y nueva plaza p\u00fablica\"}]},{\"@type\":\"WebSite\",\"@id\":\"https:\\\/\\\/diariotextual.com\\\/inicio\\\/#website\",\"url\":\"https:\\\/\\\/diariotextual.com\\\/inicio\\\/\",\"name\":\"Diario Textual\",\"description\":\"\",\"publisher\":{\"@id\":\"https:\\\/\\\/diariotextual.com\\\/inicio\\\/#organization\"},\"potentialAction\":[{\"@type\":\"SearchAction\",\"target\":{\"@type\":\"EntryPoint\",\"urlTemplate\":\"https:\\\/\\\/diariotextual.com\\\/inicio\\\/?s={search_term_string}\"},\"query-input\":{\"@type\":\"PropertyValueSpecification\",\"valueRequired\":true,\"valueName\":\"search_term_string\"}}],\"inLanguage\":\"es\"},{\"@type\":\"Organization\",\"@id\":\"https:\\\/\\\/diariotextual.com\\\/inicio\\\/#organization\",\"name\":\"Diario Textual\",\"url\":\"https:\\\/\\\/diariotextual.com\\\/inicio\\\/\",\"logo\":{\"@type\":\"ImageObject\",\"inLanguage\":\"es\",\"@id\":\"https:\\\/\\\/diariotextual.com\\\/inicio\\\/#\\\/schema\\\/logo\\\/image\\\/\",\"url\":\"https:\\\/\\\/diariotextual.com\\\/inicio\\\/wp-content\\\/uploads\\\/2023\\\/05\\\/logotextual1.jpg\",\"contentUrl\":\"https:\\\/\\\/diariotextual.com\\\/inicio\\\/wp-content\\\/uploads\\\/2023\\\/05\\\/logotextual1.jpg\",\"width\":516,\"height\":76,\"caption\":\"Diario Textual\"},\"image\":{\"@id\":\"https:\\\/\\\/diariotextual.com\\\/inicio\\\/#\\\/schema\\\/logo\\\/image\\\/\"},\"sameAs\":[\"https:\\\/\\\/www.facebook.com\\\/eltextual\",\"https:\\\/\\\/x.com\\\/eltextual\",\"http:\\\/\\\/www.instagram.com\\\/eltextual\"]},{\"@type\":\"Person\",\"@id\":\"https:\\\/\\\/diariotextual.com\\\/inicio\\\/#\\\/schema\\\/person\\\/418fc4093c33e86ed41562db3508f958\",\"name\":\"Diario1 Diario1\",\"image\":{\"@type\":\"ImageObject\",\"inLanguage\":\"es\",\"@id\":\"https:\\\/\\\/secure.gravatar.com\\\/avatar\\\/9167d280179c85bc18be67aa7eda765854300033af4896dd779b608640f2ef7a?s=96&d=mm&r=g\",\"url\":\"https:\\\/\\\/secure.gravatar.com\\\/avatar\\\/9167d280179c85bc18be67aa7eda765854300033af4896dd779b608640f2ef7a?s=96&d=mm&r=g\",\"contentUrl\":\"https:\\\/\\\/secure.gravatar.com\\\/avatar\\\/9167d280179c85bc18be67aa7eda765854300033af4896dd779b608640f2ef7a?s=96&d=mm&r=g\",\"caption\":\"Diario1 Diario1\"},\"url\":\"https:\\\/\\\/diariotextual.com\\\/inicio\\\/index.php\\\/author\\\/diario1\\\/\"}]}<\/script>\n<!-- \/ Yoast SEO plugin. -->","yoast_head_json":{"title":"Barrio Regazzoli en transformaci\u00f3n: pavimentaci\u00f3n completa y nueva plaza p\u00fablica - Diario Textual","robots":{"index":"index","follow":"follow","max-snippet":"max-snippet:-1","max-image-preview":"max-image-preview:large","max-video-preview":"max-video-preview:-1"},"canonical":"https:\/\/diariotextual.com\/inicio\/index.php\/2026\/03\/05\/barrio-regazzoli-en-transformacion-pavimentacion-completa-y-nueva-plaza-publica\/","og_locale":"es_ES","og_type":"article","og_title":"Barrio Regazzoli en transformaci\u00f3n: pavimentaci\u00f3n completa y nueva plaza p\u00fablica - Diario Textual","og_description":"A pocos d\u00edas de iniciadas las obras en el barrio Aquiles Jos\u00e9 Regazzoli (ex Pe\u00f1i Ruca), la transformaci\u00f3n del espacio ya es notoria. La municipalidad de Santa Rosa avanza, con&hellip;","og_url":"https:\/\/diariotextual.com\/inicio\/index.php\/2026\/03\/05\/barrio-regazzoli-en-transformacion-pavimentacion-completa-y-nueva-plaza-publica\/","og_site_name":"Diario Textual","article_publisher":"https:\/\/www.facebook.com\/eltextual","article_published_time":"2026-03-05T10:53:18+00:00","article_modified_time":"2026-03-05T10:53:20+00:00","og_image":[{"width":1200,"height":800,"url":"https:\/\/diariotextual.com\/inicio\/wp-content\/uploads\/2026\/03\/pavimentacionbarrioregazzolipavimentacionsantarosa2026-70.jpg","type":"image\/jpeg"}],"author":"Diario1 Diario1","twitter_card":"summary_large_image","twitter_creator":"@eltextual","twitter_site":"@eltextual","twitter_misc":{"Escrito por":"Diario1 Diario1","Tiempo de lectura":"2 minutos"},"schema":{"@context":"https:\/\/schema.org","@graph":[{"@type":"Article","@id":"https:\/\/diariotextual.com\/inicio\/index.php\/2026\/03\/05\/barrio-regazzoli-en-transformacion-pavimentacion-completa-y-nueva-plaza-publica\/#article","isPartOf":{"@id":"https:\/\/diariotextual.com\/inicio\/index.php\/2026\/03\/05\/barrio-regazzoli-en-transformacion-pavimentacion-completa-y-nueva-plaza-publica\/"},"author":{"name":"Diario1 Diario1","@id":"https:\/\/diariotextual.com\/inicio\/#\/schema\/person\/418fc4093c33e86ed41562db3508f958"},"headline":"Barrio Regazzoli en transformaci\u00f3n: pavimentaci\u00f3n completa y nueva plaza p\u00fablica","datePublished":"2026-03-05T10:53:18+00:00","dateModified":"2026-03-05T10:53:20+00:00","mainEntityOfPage":{"@id":"https:\/\/diariotextual.com\/inicio\/index.php\/2026\/03\/05\/barrio-regazzoli-en-transformacion-pavimentacion-completa-y-nueva-plaza-publica\/"},"wordCount":417,"publisher":{"@id":"https:\/\/diariotextual.com\/inicio\/#organization"},"image":{"@id":"https:\/\/diariotextual.com\/inicio\/index.php\/2026\/03\/05\/barrio-regazzoli-en-transformacion-pavimentacion-completa-y-nueva-plaza-publica\/#primaryimage"},"thumbnailUrl":"https:\/\/diariotextual.com\/inicio\/wp-content\/uploads\/2026\/03\/pavimentacionbarrioregazzolipavimentacionsantarosa2026-70.jpg","articleSection":["A - ES NOTICIA (van abajo)","SOCIEDAD"],"inLanguage":"es"},{"@type":"WebPage","@id":"https:\/\/diariotextual.com\/inicio\/index.php\/2026\/03\/05\/barrio-regazzoli-en-transformacion-pavimentacion-completa-y-nueva-plaza-publica\/","url":"https:\/\/diariotextual.com\/inicio\/index.php\/2026\/03\/05\/barrio-regazzoli-en-transformacion-pavimentacion-completa-y-nueva-plaza-publica\/","name":"Barrio Regazzoli en transformaci\u00f3n: pavimentaci\u00f3n completa y nueva plaza p\u00fablica - Diario Textual","isPartOf":{"@id":"https:\/\/diariotextual.com\/inicio\/#website"},"primaryImageOfPage":{"@id":"https:\/\/diariotextual.com\/inicio\/index.php\/2026\/03\/05\/barrio-regazzoli-en-transformacion-pavimentacion-completa-y-nueva-plaza-publica\/#primaryimage"},"image":{"@id":"https:\/\/diariotextual.com\/inicio\/index.php\/2026\/03\/05\/barrio-regazzoli-en-transformacion-pavimentacion-completa-y-nueva-plaza-publica\/#primaryimage"},"thumbnailUrl":"https:\/\/diariotextual.com\/inicio\/wp-content\/uploads\/2026\/03\/pavimentacionbarrioregazzolipavimentacionsantarosa2026-70.jpg","datePublished":"2026-03-05T10:53:18+00:00","dateModified":"2026-03-05T10:53:20+00:00","breadcrumb":{"@id":"https:\/\/diariotextual.com\/inicio\/index.php\/2026\/03\/05\/barrio-regazzoli-en-transformacion-pavimentacion-completa-y-nueva-plaza-publica\/#breadcrumb"},"inLanguage":"es","potentialAction":[{"@type":"ReadAction","target":["https:\/\/diariotextual.com\/inicio\/index.php\/2026\/03\/05\/barrio-regazzoli-en-transformacion-pavimentacion-completa-y-nueva-plaza-publica\/"]}]},{"@type":"ImageObject","inLanguage":"es","@id":"https:\/\/diariotextual.com\/inicio\/index.php\/2026\/03\/05\/barrio-regazzoli-en-transformacion-pavimentacion-completa-y-nueva-plaza-publica\/#primaryimage","url":"https:\/\/diariotextual.com\/inicio\/wp-content\/uploads\/2026\/03\/pavimentacionbarrioregazzolipavimentacionsantarosa2026-70.jpg","contentUrl":"https:\/\/diariotextual.com\/inicio\/wp-content\/uploads\/2026\/03\/pavimentacionbarrioregazzolipavimentacionsantarosa2026-70.jpg","width":1200,"height":800},{"@type":"BreadcrumbList","@id":"https:\/\/diariotextual.com\/inicio\/index.php\/2026\/03\/05\/barrio-regazzoli-en-transformacion-pavimentacion-completa-y-nueva-plaza-publica\/#breadcrumb","itemListElement":[{"@type":"ListItem","position":1,"name":"Portada","item":"https:\/\/diariotextual.com\/inicio\/"},{"@type":"ListItem","position":2,"name":"Barrio Regazzoli en transformaci\u00f3n: pavimentaci\u00f3n completa y nueva plaza p\u00fablica"}]},{"@type":"WebSite","@id":"https:\/\/diariotextual.com\/inicio\/#website","url":"https:\/\/diariotextual.com\/inicio\/","name":"Diario Textual","description":"","publisher":{"@id":"https:\/\/diariotextual.com\/inicio\/#organization"},"potentialAction":[{"@type":"SearchAction","target":{"@type":"EntryPoint","urlTemplate":"https:\/\/diariotextual.com\/inicio\/?s={search_term_string}"},"query-input":{"@type":"PropertyValueSpecification","valueRequired":true,"valueName":"search_term_string"}}],"inLanguage":"es"},{"@type":"Organization","@id":"https:\/\/diariotextual.com\/inicio\/#organization","name":"Diario Textual","url":"https:\/\/diariotextual.com\/inicio\/","logo":{"@type":"ImageObject","inLanguage":"es","@id":"https:\/\/diariotextual.com\/inicio\/#\/schema\/logo\/image\/","url":"https:\/\/diariotextual.com\/inicio\/wp-content\/uploads\/2023\/05\/logotextual1.jpg","contentUrl":"https:\/\/diariotextual.com\/inicio\/wp-content\/uploads\/2023\/05\/logotextual1.jpg","width":516,"height":76,"caption":"Diario Textual"},"image":{"@id":"https:\/\/diariotextual.com\/inicio\/#\/schema\/logo\/image\/"},"sameAs":["https:\/\/www.facebook.com\/eltextual","https:\/\/x.com\/eltextual","http:\/\/www.instagram.com\/eltextual"]},{"@type":"Person","@id":"https:\/\/diariotextual.com\/inicio\/#\/schema\/person\/418fc4093c33e86ed41562db3508f958","name":"Diario1 Diario1","image":{"@type":"ImageObject","inLanguage":"es","@id":"https:\/\/secure.gravatar.com\/avatar\/9167d280179c85bc18be67aa7eda765854300033af4896dd779b608640f2ef7a?s=96&d=mm&r=g","url":"https:\/\/secure.gravatar.com\/avatar\/9167d280179c85bc18be67aa7eda765854300033af4896dd779b608640f2ef7a?s=96&d=mm&r=g","contentUrl":"https:\/\/secure.gravatar.com\/avatar\/9167d280179c85bc18be67aa7eda765854300033af4896dd779b608640f2ef7a?s=96&d=mm&r=g","caption":"Diario1 Diario1"},"url":"https:\/\/diariotextual.com\/inicio\/index.php\/author\/diario1\/"}]}},"_links":{"self":[{"href":"https:\/\/diariotextual.com\/inicio\/index.php\/wp-json\/wp\/v2\/posts\/321433","targetHints":{"allow":["GET"]}}],"collection":[{"href":"https:\/\/diariotextual.com\/inicio\/index.php\/wp-json\/wp\/v2\/posts"}],"about":[{"href":"https:\/\/diariotextual.com\/inicio\/index.php\/wp-json\/wp\/v2\/types\/post"}],"author":[{"embeddable":true,"href":"https:\/\/diariotextual.com\/inicio\/index.php\/wp-json\/wp\/v2\/users\/3"}],"replies":[{"embeddable":true,"href":"https:\/\/diariotextual.com\/inicio\/index.php\/wp-json\/wp\/v2\/comments?post=321433"}],"version-history":[{"count":2,"href":"https:\/\/diariotextual.com\/inicio\/index.php\/wp-json\/wp\/v2\/posts\/321433\/revisions"}],"predecessor-version":[{"id":321435,"href":"https:\/\/diariotextual.com\/inicio\/index.php\/wp-json\/wp\/v2\/posts\/321433\/revisions\/321435"}],"wp:featuredmedia":[{"embeddable":true,"href":"https:\/\/diariotextual.com\/inicio\/index.php\/wp-json\/wp\/v2\/media\/321436"}],"wp:attachment":[{"href":"https:\/\/diariotextual.com\/inicio\/index.php\/wp-json\/wp\/v2\/media?parent=321433"}],"wp:term":[{"taxonomy":"category","embeddable":true,"href":"https:\/\/diariotextual.com\/inicio\/index.php\/wp-json\/wp\/v2\/categories?post=321433"},{"taxonomy":"post_tag","embeddable":true,"href":"https:\/\/diariotextual.com\/inicio\/index.php\/wp-json\/wp\/v2\/tags?post=321433"}],"curies":[{"name":"wp","href":"https:\/\/api.w.org\/{rel}","templated":true}]}}