{"id":321437,"date":"2026-03-05T08:00:34","date_gmt":"2026-03-05T11:00:34","guid":{"rendered":"https:\/\/diariotextual.com\/inicio\/?p=321437"},"modified":"2026-03-05T11:41:49","modified_gmt":"2026-03-05T14:41:49","slug":"cambios-a-la-ley-de-glaciares-ferran-advirtio-por-los-graves-antecedentes-que-ya-sufrio-la-pampa","status":"publish","type":"post","link":"https:\/\/diariotextual.com\/inicio\/index.php\/2026\/03\/05\/cambios-a-la-ley-de-glaciares-ferran-advirtio-por-los-graves-antecedentes-que-ya-sufrio-la-pampa\/","title":{"rendered":"Cambios a la Ley de Glaciares: Ferr\u00e1n advirti\u00f3 por los graves antecedentes que ya sufri\u00f3 La Pampa"},"content":{"rendered":"\n<p>El diputado nacional <strong>Abelardo Ferr\u00e1n<\/strong> particip\u00f3 esta semana de una reuni\u00f3n conjunta de las comisiones de <strong>Recursos Naturales y Conservaci\u00f3n del Ambiente Humano<\/strong> y de <strong>Asuntos Constitucionales<\/strong>, donde se avanz\u00f3 en el tratamiento de <strong>reformas a la Ley de Glaciares<\/strong>. Durante el debate, el legislador pampeano alert\u00f3 por las consecuencias que podr\u00eda tener la modificaci\u00f3n de la normativa para provincias ubicadas aguas abajo de las cuencas h\u00eddricas. <\/p>\n\n\n\n<p>El proyecto de ley por el cual se modifica la Ley 26.639 de Presupuestos M\u00ednimos para la Protecci\u00f3n de Glaciares y del Ambiente Periglacial, impulsado por el Poder Ejecutivo, obtuvo media sanci\u00f3n en el Senado de la Naci\u00f3n, el pasado jueves 26 de febrero. <strong>La discusi\u00f3n con los cambios, que en La Pampa podr\u00edan afectar los r\u00edos Colorado y Atuel, ahora se traslad\u00f3 a Diputados.<\/strong><\/p>\n\n\n\n<p>La norma apunta a redefinir el alcance de las zonas protegidas para habilitar actividades productivas en determinadas \u00e1reas periglaciares previamente restringidas.<\/p>\n\n\n\n<p>Ferr\u00e1n sostuvo que la <strong>Ley de Glaciares<\/strong> garantiza que el <strong>agua sea considerada un bien estrat\u00e9gico interjurisdiccional<\/strong>. Seg\u00fan plante\u00f3, la propuesta de reforma modificar\u00eda ese criterio. \u201cLa Ley de Glaciares funciona como una herramienta legal que garantiza el principio de que el agua es un bien estrat\u00e9gico interjurisdiccional. La propuesta de cambiar esta ley transforma ese principio y pasa a considerar al agua como un <strong>bien estrat\u00e9gico jurisdiccional<\/strong>\u201d, explic\u00f3.<\/p>\n\n\n\n<p>De acuerdo con su planteo, ese cambio otorgar\u00eda <strong>mayores atribuciones a las provincias donde se ubican las nacientes de los r\u00edos<\/strong>, en detrimento de otras jurisdicciones.<\/p>\n\n\n\n<p>En ese sentido, mencion\u00f3 el caso de <strong>La Pampa<\/strong>, que se encuentra en la cuenca media del <strong>r\u00edo Colorado<\/strong>, y de <strong>Buenos Aires<\/strong>, ubicada en la cuenca baja.<\/p>\n\n\n\n<p>\u201cEsto les da mayores atribuciones a las provincias en cuyo territorio se encuentra la parte alta de las cuencas de los r\u00edos, en detrimento de provincias como <strong>La Pampa<\/strong>, donde discurre la cuenca media, y otras como <strong>Buenos Aires<\/strong>, donde pasa la cuenca baja\u201d, resalt\u00f3.<\/p>\n\n\n\n<p><strong>El antecedente del r\u00edo Atuel<\/strong><\/p>\n\n\n\n<p>Ferr\u00e1n tambi\u00e9n record\u00f3 los antecedentes hist\u00f3ricos de conflictos h\u00eddricos que afectaron a La Pampa. \u201cEsta asimetr\u00eda se puede transformar en arbitrariedades. Existen profundos antecedentes de estas situaciones en nuestra provincia\u201d, advirti\u00f3.<\/p>\n\n\n\n<p>En ese marco, mencion\u00f3 el caso del sistema <strong>Desag\u00fcadero-Chadileuv\u00fa-Curac\u00f3<\/strong>, que durante d\u00e9cadas aliment\u00f3 al <strong>r\u00edo Colorado<\/strong>.<\/p>\n\n\n\n<p>\u201cNuestra provincia ten\u00eda dos r\u00edos: al sur el <strong>r\u00edo Colorado<\/strong>, que compartimos con <strong>R\u00edo Negro<\/strong>, y otro que era afluente del Colorado, la cuenca <strong>Desag\u00fcadero-Chadileuv\u00fa-Curac\u00f3<\/strong>. Ese r\u00edo ya no existe m\u00e1s: hoy es un cauce seco producto de la construcci\u00f3n de represas en la provincia de <strong>Mendoza<\/strong>, por lo que hace 70 a\u00f1os nos es negada la circulaci\u00f3n de agua\u201d, expres\u00f3.<\/p>\n\n\n\n<p>El legislador afirm\u00f3 que esa situaci\u00f3n provoc\u00f3 <strong>desertificaci\u00f3n y migraci\u00f3n de poblaci\u00f3n<\/strong> en la zona afectada.<\/p>\n\n\n\n<p>\u201cEsta interrupci\u00f3n en la circulaci\u00f3n de agua por nuestro <strong>r\u00edo perdido<\/strong>, nuestro <strong>r\u00edo robado<\/strong>, gener\u00f3 la desertificaci\u00f3n de la zona por donde corr\u00eda el r\u00edo y la migraci\u00f3n de la poblaci\u00f3n que habitaba ese lugar, con cambios en la econom\u00eda producto de la carencia de agua\u201d, agreg\u00f3.<\/p>\n\n\n\n<p><strong>El fallo de la Corte Suprema<\/strong><\/p>\n\n\n\n<p>Ferr\u00e1n tambi\u00e9n record\u00f3 que en <strong>2020 la Corte Suprema de Justicia de la Naci\u00f3n<\/strong> orden\u00f3 a <strong>Mendoza<\/strong> garantizar un <strong>caudal m\u00ednimo del r\u00edo Atuel<\/strong> hacia La Pampa.<\/p>\n\n\n\n<p>\u201cA trav\u00e9s de presentaciones judiciales de nuestro gobierno y de particulares, en 2020 la <strong>Corte Suprema de Justicia de la Naci\u00f3n<\/strong> fall\u00f3 que la provincia de <strong>Mendoza<\/strong> deb\u00eda proveer un caudal m\u00ednimo para que ese r\u00edo pudiera discurrir, algo que nunca se acat\u00f3\u201d, sostuvo.<\/p>\n\n\n\n<p>A partir de ese antecedente, plante\u00f3 dudas sobre las consecuencias de una eventual reforma de la normativa.<\/p>\n\n\n\n<p>\u201cEntonces, \u00bfqu\u00e9 garant\u00edas tenemos de lo que pueda pasar si se cambia la ley?\u201d, cuestion\u00f3.<\/p>\n\n\n\n<p>Finalmente, adelant\u00f3 la posici\u00f3n de los legisladores pampeanos frente al proyecto. \u201cLos <strong>diputados de La Pampa<\/strong> vamos a votar en contra de estas reformas que se est\u00e1n proponiendo y compartimos la ampliaci\u00f3n de las <strong>audiencias p\u00fablicas<\/strong>, donde se puedan escuchar voces que de otra forma nunca van a poder ser escuchadas\u201d, concluy\u00f3.<\/p>\n\n\n\n<p><\/p>\n","protected":false},"excerpt":{"rendered":"<p>El diputado nacional Abelardo Ferr\u00e1n particip\u00f3 esta semana de una reuni\u00f3n conjunta de las comisiones de Recursos Naturales y Conservaci\u00f3n del Ambiente Humano y de Asuntos Constitucionales, donde se avanz\u00f3&hellip;<\/p>\n","protected":false},"author":3,"featured_media":310865,"comment_status":"closed","ping_status":"open","sticky":false,"template":"","format":"standard","meta":{"_acf_changed":false,"footnotes":""},"categories":[1,11,8],"tags":[],"class_list":["post-321437","post","type-post","status-publish","format-standard","has-post-thumbnail","hentry","category-es-noticia","category-que-pasa","category-politica"],"acf":[],"yoast_head":"<!-- This site is optimized with the Yoast SEO plugin v27.5 - https:\/\/yoast.com\/product\/yoast-seo-wordpress\/ -->\n<title>Cambios a la Ley de Glaciares: Ferr\u00e1n advirti\u00f3 por los graves antecedentes que ya sufri\u00f3 La Pampa - Diario Textual<\/title>\n<meta name=\"robots\" content=\"index, follow, max-snippet:-1, max-image-preview:large, max-video-preview:-1\" \/>\n<link rel=\"canonical\" href=\"https:\/\/diariotextual.com\/inicio\/index.php\/2026\/03\/05\/cambios-a-la-ley-de-glaciares-ferran-advirtio-por-los-graves-antecedentes-que-ya-sufrio-la-pampa\/\" \/>\n<meta property=\"og:locale\" content=\"es_ES\" \/>\n<meta property=\"og:type\" content=\"article\" \/>\n<meta property=\"og:title\" content=\"Cambios a la Ley de Glaciares: Ferr\u00e1n advirti\u00f3 por los graves antecedentes que ya sufri\u00f3 La Pampa - Diario Textual\" \/>\n<meta property=\"og:description\" content=\"El diputado nacional Abelardo Ferr\u00e1n particip\u00f3 esta semana de una reuni\u00f3n conjunta de las comisiones de Recursos Naturales y Conservaci\u00f3n del Ambiente Humano y de Asuntos Constitucionales, donde se avanz\u00f3&hellip;\" \/>\n<meta property=\"og:url\" content=\"https:\/\/diariotextual.com\/inicio\/index.php\/2026\/03\/05\/cambios-a-la-ley-de-glaciares-ferran-advirtio-por-los-graves-antecedentes-que-ya-sufrio-la-pampa\/\" \/>\n<meta property=\"og:site_name\" content=\"Diario Textual\" \/>\n<meta property=\"article:publisher\" content=\"https:\/\/www.facebook.com\/eltextual\" \/>\n<meta property=\"article:published_time\" content=\"2026-03-05T11:00:34+00:00\" \/>\n<meta property=\"article:modified_time\" content=\"2026-03-05T14:41:49+00:00\" \/>\n<meta property=\"og:image\" content=\"https:\/\/diariotextual.com\/inicio\/wp-content\/uploads\/2025\/10\/ferranabelardo2025-3.jpg\" \/>\n\t<meta property=\"og:image:width\" content=\"1000\" \/>\n\t<meta property=\"og:image:height\" content=\"661\" \/>\n\t<meta property=\"og:image:type\" content=\"image\/jpeg\" \/>\n<meta name=\"author\" content=\"Diario1 Diario1\" \/>\n<meta name=\"twitter:card\" content=\"summary_large_image\" \/>\n<meta name=\"twitter:creator\" content=\"@eltextual\" \/>\n<meta name=\"twitter:site\" content=\"@eltextual\" \/>\n<meta name=\"twitter:label1\" content=\"Escrito por\" \/>\n\t<meta name=\"twitter:data1\" content=\"Diario1 Diario1\" \/>\n\t<meta name=\"twitter:label2\" content=\"Tiempo de lectura\" \/>\n\t<meta name=\"twitter:data2\" content=\"4 minutos\" \/>\n<script type=\"application\/ld+json\" class=\"yoast-schema-graph\">{\"@context\":\"https:\\\/\\\/schema.org\",\"@graph\":[{\"@type\":\"Article\",\"@id\":\"https:\\\/\\\/diariotextual.com\\\/inicio\\\/index.php\\\/2026\\\/03\\\/05\\\/cambios-a-la-ley-de-glaciares-ferran-advirtio-por-los-graves-antecedentes-que-ya-sufrio-la-pampa\\\/#article\",\"isPartOf\":{\"@id\":\"https:\\\/\\\/diariotextual.com\\\/inicio\\\/index.php\\\/2026\\\/03\\\/05\\\/cambios-a-la-ley-de-glaciares-ferran-advirtio-por-los-graves-antecedentes-que-ya-sufrio-la-pampa\\\/\"},\"author\":{\"name\":\"Diario1 Diario1\",\"@id\":\"https:\\\/\\\/diariotextual.com\\\/inicio\\\/#\\\/schema\\\/person\\\/418fc4093c33e86ed41562db3508f958\"},\"headline\":\"Cambios a la Ley de Glaciares: Ferr\u00e1n advirti\u00f3 por los graves antecedentes que ya sufri\u00f3 La Pampa\",\"datePublished\":\"2026-03-05T11:00:34+00:00\",\"dateModified\":\"2026-03-05T14:41:49+00:00\",\"mainEntityOfPage\":{\"@id\":\"https:\\\/\\\/diariotextual.com\\\/inicio\\\/index.php\\\/2026\\\/03\\\/05\\\/cambios-a-la-ley-de-glaciares-ferran-advirtio-por-los-graves-antecedentes-que-ya-sufrio-la-pampa\\\/\"},\"wordCount\":744,\"publisher\":{\"@id\":\"https:\\\/\\\/diariotextual.com\\\/inicio\\\/#organization\"},\"image\":{\"@id\":\"https:\\\/\\\/diariotextual.com\\\/inicio\\\/index.php\\\/2026\\\/03\\\/05\\\/cambios-a-la-ley-de-glaciares-ferran-advirtio-por-los-graves-antecedentes-que-ya-sufrio-la-pampa\\\/#primaryimage\"},\"thumbnailUrl\":\"https:\\\/\\\/diariotextual.com\\\/inicio\\\/wp-content\\\/uploads\\\/2025\\\/10\\\/ferranabelardo2025-3.jpg\",\"articleSection\":[\"A - ES NOTICIA (van abajo)\",\"A - QUE PASA (al costado)\",\"POLITICA\"],\"inLanguage\":\"es\"},{\"@type\":\"WebPage\",\"@id\":\"https:\\\/\\\/diariotextual.com\\\/inicio\\\/index.php\\\/2026\\\/03\\\/05\\\/cambios-a-la-ley-de-glaciares-ferran-advirtio-por-los-graves-antecedentes-que-ya-sufrio-la-pampa\\\/\",\"url\":\"https:\\\/\\\/diariotextual.com\\\/inicio\\\/index.php\\\/2026\\\/03\\\/05\\\/cambios-a-la-ley-de-glaciares-ferran-advirtio-por-los-graves-antecedentes-que-ya-sufrio-la-pampa\\\/\",\"name\":\"Cambios a la Ley de Glaciares: Ferr\u00e1n advirti\u00f3 por los graves antecedentes que ya sufri\u00f3 La Pampa - Diario Textual\",\"isPartOf\":{\"@id\":\"https:\\\/\\\/diariotextual.com\\\/inicio\\\/#website\"},\"primaryImageOfPage\":{\"@id\":\"https:\\\/\\\/diariotextual.com\\\/inicio\\\/index.php\\\/2026\\\/03\\\/05\\\/cambios-a-la-ley-de-glaciares-ferran-advirtio-por-los-graves-antecedentes-que-ya-sufrio-la-pampa\\\/#primaryimage\"},\"image\":{\"@id\":\"https:\\\/\\\/diariotextual.com\\\/inicio\\\/index.php\\\/2026\\\/03\\\/05\\\/cambios-a-la-ley-de-glaciares-ferran-advirtio-por-los-graves-antecedentes-que-ya-sufrio-la-pampa\\\/#primaryimage\"},\"thumbnailUrl\":\"https:\\\/\\\/diariotextual.com\\\/inicio\\\/wp-content\\\/uploads\\\/2025\\\/10\\\/ferranabelardo2025-3.jpg\",\"datePublished\":\"2026-03-05T11:00:34+00:00\",\"dateModified\":\"2026-03-05T14:41:49+00:00\",\"breadcrumb\":{\"@id\":\"https:\\\/\\\/diariotextual.com\\\/inicio\\\/index.php\\\/2026\\\/03\\\/05\\\/cambios-a-la-ley-de-glaciares-ferran-advirtio-por-los-graves-antecedentes-que-ya-sufrio-la-pampa\\\/#breadcrumb\"},\"inLanguage\":\"es\",\"potentialAction\":[{\"@type\":\"ReadAction\",\"target\":[\"https:\\\/\\\/diariotextual.com\\\/inicio\\\/index.php\\\/2026\\\/03\\\/05\\\/cambios-a-la-ley-de-glaciares-ferran-advirtio-por-los-graves-antecedentes-que-ya-sufrio-la-pampa\\\/\"]}]},{\"@type\":\"ImageObject\",\"inLanguage\":\"es\",\"@id\":\"https:\\\/\\\/diariotextual.com\\\/inicio\\\/index.php\\\/2026\\\/03\\\/05\\\/cambios-a-la-ley-de-glaciares-ferran-advirtio-por-los-graves-antecedentes-que-ya-sufrio-la-pampa\\\/#primaryimage\",\"url\":\"https:\\\/\\\/diariotextual.com\\\/inicio\\\/wp-content\\\/uploads\\\/2025\\\/10\\\/ferranabelardo2025-3.jpg\",\"contentUrl\":\"https:\\\/\\\/diariotextual.com\\\/inicio\\\/wp-content\\\/uploads\\\/2025\\\/10\\\/ferranabelardo2025-3.jpg\",\"width\":1000,\"height\":661},{\"@type\":\"BreadcrumbList\",\"@id\":\"https:\\\/\\\/diariotextual.com\\\/inicio\\\/index.php\\\/2026\\\/03\\\/05\\\/cambios-a-la-ley-de-glaciares-ferran-advirtio-por-los-graves-antecedentes-que-ya-sufrio-la-pampa\\\/#breadcrumb\",\"itemListElement\":[{\"@type\":\"ListItem\",\"position\":1,\"name\":\"Portada\",\"item\":\"https:\\\/\\\/diariotextual.com\\\/inicio\\\/\"},{\"@type\":\"ListItem\",\"position\":2,\"name\":\"Cambios a la Ley de Glaciares: Ferr\u00e1n advirti\u00f3 por los graves antecedentes que ya sufri\u00f3 La Pampa\"}]},{\"@type\":\"WebSite\",\"@id\":\"https:\\\/\\\/diariotextual.com\\\/inicio\\\/#website\",\"url\":\"https:\\\/\\\/diariotextual.com\\\/inicio\\\/\",\"name\":\"Diario Textual\",\"description\":\"\",\"publisher\":{\"@id\":\"https:\\\/\\\/diariotextual.com\\\/inicio\\\/#organization\"},\"potentialAction\":[{\"@type\":\"SearchAction\",\"target\":{\"@type\":\"EntryPoint\",\"urlTemplate\":\"https:\\\/\\\/diariotextual.com\\\/inicio\\\/?s={search_term_string}\"},\"query-input\":{\"@type\":\"PropertyValueSpecification\",\"valueRequired\":true,\"valueName\":\"search_term_string\"}}],\"inLanguage\":\"es\"},{\"@type\":\"Organization\",\"@id\":\"https:\\\/\\\/diariotextual.com\\\/inicio\\\/#organization\",\"name\":\"Diario Textual\",\"url\":\"https:\\\/\\\/diariotextual.com\\\/inicio\\\/\",\"logo\":{\"@type\":\"ImageObject\",\"inLanguage\":\"es\",\"@id\":\"https:\\\/\\\/diariotextual.com\\\/inicio\\\/#\\\/schema\\\/logo\\\/image\\\/\",\"url\":\"https:\\\/\\\/diariotextual.com\\\/inicio\\\/wp-content\\\/uploads\\\/2023\\\/05\\\/logotextual1.jpg\",\"contentUrl\":\"https:\\\/\\\/diariotextual.com\\\/inicio\\\/wp-content\\\/uploads\\\/2023\\\/05\\\/logotextual1.jpg\",\"width\":516,\"height\":76,\"caption\":\"Diario Textual\"},\"image\":{\"@id\":\"https:\\\/\\\/diariotextual.com\\\/inicio\\\/#\\\/schema\\\/logo\\\/image\\\/\"},\"sameAs\":[\"https:\\\/\\\/www.facebook.com\\\/eltextual\",\"https:\\\/\\\/x.com\\\/eltextual\",\"http:\\\/\\\/www.instagram.com\\\/eltextual\"]},{\"@type\":\"Person\",\"@id\":\"https:\\\/\\\/diariotextual.com\\\/inicio\\\/#\\\/schema\\\/person\\\/418fc4093c33e86ed41562db3508f958\",\"name\":\"Diario1 Diario1\",\"image\":{\"@type\":\"ImageObject\",\"inLanguage\":\"es\",\"@id\":\"https:\\\/\\\/secure.gravatar.com\\\/avatar\\\/9167d280179c85bc18be67aa7eda765854300033af4896dd779b608640f2ef7a?s=96&d=mm&r=g\",\"url\":\"https:\\\/\\\/secure.gravatar.com\\\/avatar\\\/9167d280179c85bc18be67aa7eda765854300033af4896dd779b608640f2ef7a?s=96&d=mm&r=g\",\"contentUrl\":\"https:\\\/\\\/secure.gravatar.com\\\/avatar\\\/9167d280179c85bc18be67aa7eda765854300033af4896dd779b608640f2ef7a?s=96&d=mm&r=g\",\"caption\":\"Diario1 Diario1\"},\"url\":\"https:\\\/\\\/diariotextual.com\\\/inicio\\\/index.php\\\/author\\\/diario1\\\/\"}]}<\/script>\n<!-- \/ Yoast SEO plugin. -->","yoast_head_json":{"title":"Cambios a la Ley de Glaciares: Ferr\u00e1n advirti\u00f3 por los graves antecedentes que ya sufri\u00f3 La Pampa - Diario Textual","robots":{"index":"index","follow":"follow","max-snippet":"max-snippet:-1","max-image-preview":"max-image-preview:large","max-video-preview":"max-video-preview:-1"},"canonical":"https:\/\/diariotextual.com\/inicio\/index.php\/2026\/03\/05\/cambios-a-la-ley-de-glaciares-ferran-advirtio-por-los-graves-antecedentes-que-ya-sufrio-la-pampa\/","og_locale":"es_ES","og_type":"article","og_title":"Cambios a la Ley de Glaciares: Ferr\u00e1n advirti\u00f3 por los graves antecedentes que ya sufri\u00f3 La Pampa - Diario Textual","og_description":"El diputado nacional Abelardo Ferr\u00e1n particip\u00f3 esta semana de una reuni\u00f3n conjunta de las comisiones de Recursos Naturales y Conservaci\u00f3n del Ambiente Humano y de Asuntos Constitucionales, donde se avanz\u00f3&hellip;","og_url":"https:\/\/diariotextual.com\/inicio\/index.php\/2026\/03\/05\/cambios-a-la-ley-de-glaciares-ferran-advirtio-por-los-graves-antecedentes-que-ya-sufrio-la-pampa\/","og_site_name":"Diario Textual","article_publisher":"https:\/\/www.facebook.com\/eltextual","article_published_time":"2026-03-05T11:00:34+00:00","article_modified_time":"2026-03-05T14:41:49+00:00","og_image":[{"width":1000,"height":661,"url":"https:\/\/diariotextual.com\/inicio\/wp-content\/uploads\/2025\/10\/ferranabelardo2025-3.jpg","type":"image\/jpeg"}],"author":"Diario1 Diario1","twitter_card":"summary_large_image","twitter_creator":"@eltextual","twitter_site":"@eltextual","twitter_misc":{"Escrito por":"Diario1 Diario1","Tiempo de lectura":"4 minutos"},"schema":{"@context":"https:\/\/schema.org","@graph":[{"@type":"Article","@id":"https:\/\/diariotextual.com\/inicio\/index.php\/2026\/03\/05\/cambios-a-la-ley-de-glaciares-ferran-advirtio-por-los-graves-antecedentes-que-ya-sufrio-la-pampa\/#article","isPartOf":{"@id":"https:\/\/diariotextual.com\/inicio\/index.php\/2026\/03\/05\/cambios-a-la-ley-de-glaciares-ferran-advirtio-por-los-graves-antecedentes-que-ya-sufrio-la-pampa\/"},"author":{"name":"Diario1 Diario1","@id":"https:\/\/diariotextual.com\/inicio\/#\/schema\/person\/418fc4093c33e86ed41562db3508f958"},"headline":"Cambios a la Ley de Glaciares: Ferr\u00e1n advirti\u00f3 por los graves antecedentes que ya sufri\u00f3 La Pampa","datePublished":"2026-03-05T11:00:34+00:00","dateModified":"2026-03-05T14:41:49+00:00","mainEntityOfPage":{"@id":"https:\/\/diariotextual.com\/inicio\/index.php\/2026\/03\/05\/cambios-a-la-ley-de-glaciares-ferran-advirtio-por-los-graves-antecedentes-que-ya-sufrio-la-pampa\/"},"wordCount":744,"publisher":{"@id":"https:\/\/diariotextual.com\/inicio\/#organization"},"image":{"@id":"https:\/\/diariotextual.com\/inicio\/index.php\/2026\/03\/05\/cambios-a-la-ley-de-glaciares-ferran-advirtio-por-los-graves-antecedentes-que-ya-sufrio-la-pampa\/#primaryimage"},"thumbnailUrl":"https:\/\/diariotextual.com\/inicio\/wp-content\/uploads\/2025\/10\/ferranabelardo2025-3.jpg","articleSection":["A - ES NOTICIA (van abajo)","A - QUE PASA (al costado)","POLITICA"],"inLanguage":"es"},{"@type":"WebPage","@id":"https:\/\/diariotextual.com\/inicio\/index.php\/2026\/03\/05\/cambios-a-la-ley-de-glaciares-ferran-advirtio-por-los-graves-antecedentes-que-ya-sufrio-la-pampa\/","url":"https:\/\/diariotextual.com\/inicio\/index.php\/2026\/03\/05\/cambios-a-la-ley-de-glaciares-ferran-advirtio-por-los-graves-antecedentes-que-ya-sufrio-la-pampa\/","name":"Cambios a la Ley de Glaciares: Ferr\u00e1n advirti\u00f3 por los graves antecedentes que ya sufri\u00f3 La Pampa - Diario Textual","isPartOf":{"@id":"https:\/\/diariotextual.com\/inicio\/#website"},"primaryImageOfPage":{"@id":"https:\/\/diariotextual.com\/inicio\/index.php\/2026\/03\/05\/cambios-a-la-ley-de-glaciares-ferran-advirtio-por-los-graves-antecedentes-que-ya-sufrio-la-pampa\/#primaryimage"},"image":{"@id":"https:\/\/diariotextual.com\/inicio\/index.php\/2026\/03\/05\/cambios-a-la-ley-de-glaciares-ferran-advirtio-por-los-graves-antecedentes-que-ya-sufrio-la-pampa\/#primaryimage"},"thumbnailUrl":"https:\/\/diariotextual.com\/inicio\/wp-content\/uploads\/2025\/10\/ferranabelardo2025-3.jpg","datePublished":"2026-03-05T11:00:34+00:00","dateModified":"2026-03-05T14:41:49+00:00","breadcrumb":{"@id":"https:\/\/diariotextual.com\/inicio\/index.php\/2026\/03\/05\/cambios-a-la-ley-de-glaciares-ferran-advirtio-por-los-graves-antecedentes-que-ya-sufrio-la-pampa\/#breadcrumb"},"inLanguage":"es","potentialAction":[{"@type":"ReadAction","target":["https:\/\/diariotextual.com\/inicio\/index.php\/2026\/03\/05\/cambios-a-la-ley-de-glaciares-ferran-advirtio-por-los-graves-antecedentes-que-ya-sufrio-la-pampa\/"]}]},{"@type":"ImageObject","inLanguage":"es","@id":"https:\/\/diariotextual.com\/inicio\/index.php\/2026\/03\/05\/cambios-a-la-ley-de-glaciares-ferran-advirtio-por-los-graves-antecedentes-que-ya-sufrio-la-pampa\/#primaryimage","url":"https:\/\/diariotextual.com\/inicio\/wp-content\/uploads\/2025\/10\/ferranabelardo2025-3.jpg","contentUrl":"https:\/\/diariotextual.com\/inicio\/wp-content\/uploads\/2025\/10\/ferranabelardo2025-3.jpg","width":1000,"height":661},{"@type":"BreadcrumbList","@id":"https:\/\/diariotextual.com\/inicio\/index.php\/2026\/03\/05\/cambios-a-la-ley-de-glaciares-ferran-advirtio-por-los-graves-antecedentes-que-ya-sufrio-la-pampa\/#breadcrumb","itemListElement":[{"@type":"ListItem","position":1,"name":"Portada","item":"https:\/\/diariotextual.com\/inicio\/"},{"@type":"ListItem","position":2,"name":"Cambios a la Ley de Glaciares: Ferr\u00e1n advirti\u00f3 por los graves antecedentes que ya sufri\u00f3 La Pampa"}]},{"@type":"WebSite","@id":"https:\/\/diariotextual.com\/inicio\/#website","url":"https:\/\/diariotextual.com\/inicio\/","name":"Diario Textual","description":"","publisher":{"@id":"https:\/\/diariotextual.com\/inicio\/#organization"},"potentialAction":[{"@type":"SearchAction","target":{"@type":"EntryPoint","urlTemplate":"https:\/\/diariotextual.com\/inicio\/?s={search_term_string}"},"query-input":{"@type":"PropertyValueSpecification","valueRequired":true,"valueName":"search_term_string"}}],"inLanguage":"es"},{"@type":"Organization","@id":"https:\/\/diariotextual.com\/inicio\/#organization","name":"Diario Textual","url":"https:\/\/diariotextual.com\/inicio\/","logo":{"@type":"ImageObject","inLanguage":"es","@id":"https:\/\/diariotextual.com\/inicio\/#\/schema\/logo\/image\/","url":"https:\/\/diariotextual.com\/inicio\/wp-content\/uploads\/2023\/05\/logotextual1.jpg","contentUrl":"https:\/\/diariotextual.com\/inicio\/wp-content\/uploads\/2023\/05\/logotextual1.jpg","width":516,"height":76,"caption":"Diario Textual"},"image":{"@id":"https:\/\/diariotextual.com\/inicio\/#\/schema\/logo\/image\/"},"sameAs":["https:\/\/www.facebook.com\/eltextual","https:\/\/x.com\/eltextual","http:\/\/www.instagram.com\/eltextual"]},{"@type":"Person","@id":"https:\/\/diariotextual.com\/inicio\/#\/schema\/person\/418fc4093c33e86ed41562db3508f958","name":"Diario1 Diario1","image":{"@type":"ImageObject","inLanguage":"es","@id":"https:\/\/secure.gravatar.com\/avatar\/9167d280179c85bc18be67aa7eda765854300033af4896dd779b608640f2ef7a?s=96&d=mm&r=g","url":"https:\/\/secure.gravatar.com\/avatar\/9167d280179c85bc18be67aa7eda765854300033af4896dd779b608640f2ef7a?s=96&d=mm&r=g","contentUrl":"https:\/\/secure.gravatar.com\/avatar\/9167d280179c85bc18be67aa7eda765854300033af4896dd779b608640f2ef7a?s=96&d=mm&r=g","caption":"Diario1 Diario1"},"url":"https:\/\/diariotextual.com\/inicio\/index.php\/author\/diario1\/"}]}},"_links":{"self":[{"href":"https:\/\/diariotextual.com\/inicio\/index.php\/wp-json\/wp\/v2\/posts\/321437","targetHints":{"allow":["GET"]}}],"collection":[{"href":"https:\/\/diariotextual.com\/inicio\/index.php\/wp-json\/wp\/v2\/posts"}],"about":[{"href":"https:\/\/diariotextual.com\/inicio\/index.php\/wp-json\/wp\/v2\/types\/post"}],"author":[{"embeddable":true,"href":"https:\/\/diariotextual.com\/inicio\/index.php\/wp-json\/wp\/v2\/users\/3"}],"replies":[{"embeddable":true,"href":"https:\/\/diariotextual.com\/inicio\/index.php\/wp-json\/wp\/v2\/comments?post=321437"}],"version-history":[{"count":3,"href":"https:\/\/diariotextual.com\/inicio\/index.php\/wp-json\/wp\/v2\/posts\/321437\/revisions"}],"predecessor-version":[{"id":321440,"href":"https:\/\/diariotextual.com\/inicio\/index.php\/wp-json\/wp\/v2\/posts\/321437\/revisions\/321440"}],"wp:featuredmedia":[{"embeddable":true,"href":"https:\/\/diariotextual.com\/inicio\/index.php\/wp-json\/wp\/v2\/media\/310865"}],"wp:attachment":[{"href":"https:\/\/diariotextual.com\/inicio\/index.php\/wp-json\/wp\/v2\/media?parent=321437"}],"wp:term":[{"taxonomy":"category","embeddable":true,"href":"https:\/\/diariotextual.com\/inicio\/index.php\/wp-json\/wp\/v2\/categories?post=321437"},{"taxonomy":"post_tag","embeddable":true,"href":"https:\/\/diariotextual.com\/inicio\/index.php\/wp-json\/wp\/v2\/tags?post=321437"}],"curies":[{"name":"wp","href":"https:\/\/api.w.org\/{rel}","templated":true}]}}