{"id":321446,"date":"2026-03-05T09:01:46","date_gmt":"2026-03-05T12:01:46","guid":{"rendered":"https:\/\/diariotextual.com\/inicio\/?p=321446"},"modified":"2026-03-05T18:02:51","modified_gmt":"2026-03-05T21:02:51","slug":"operativo-limpiar-la-mugre-los-jovenes-libertarios-furiosos-por-los-carteles-contra-ravier","status":"publish","type":"post","link":"https:\/\/diariotextual.com\/inicio\/index.php\/2026\/03\/05\/operativo-limpiar-la-mugre-los-jovenes-libertarios-furiosos-por-los-carteles-contra-ravier\/","title":{"rendered":"\u201cOperativo Limpiar la Mugre\u201d: los j\u00f3venes libertarios, furiosos por los carteles contra Ravier"},"content":{"rendered":"\n<p>Los <strong>j\u00f3venes libertarios<\/strong> est\u00e1n furiosos con los carteles que dirigentes de la <strong>Mesa Intersindical<\/strong> colocaron en todo el centro de la ciudad de <strong>Santa Rosa<\/strong> contra el <strong>diputado nacional Adri\u00e1n Ravier<\/strong> y otros legisladores que votaron a favor de la <strong>reforma laboral<\/strong> impulsada por <strong>Javier Milei<\/strong>. Por eso se pusieron manos a la obra y activaron el llamado <strong>\u201cOperativo Limpiar la Mugre\u201d<\/strong>: en las \u00faltimas horas retiraron algunos de los carteles contra <strong>Ravier<\/strong>.<\/p>\n\n\n\n<p>La actividad fue organizada por el <strong>presidente de la Juventud de La Libertad Avanza<\/strong>, <strong>Thiago Llovio Villar\u00edas<\/strong>. <strong>\u201cEstamos limpiando la mugre de Santa Rosa y pr\u00f3ximamente de La Pampa\u201d, escribi\u00f3 en sus redes sociales.<\/strong> \u201cNo es una reforma contra los trabajadores\u201d, agreg\u00f3.<\/p>\n\n\n\n<p>La semana pasada, desde la <strong>Mesa Intersindical<\/strong> colocaron carteles con la inscripci\u00f3n <strong>\u201cYo entregu\u00e9 los derechos de los trabajadores\u201d<\/strong> y los rostros de los <strong>legisladores por La Pampa<\/strong> que apoyaron esa reforma: adem\u00e1s de <strong>Adri\u00e1n Ravier<\/strong>, <strong>Daniel Kroneberger<\/strong> (<strong>UCR<\/strong>), <strong>Mart\u00edn Ardohain<\/strong> y <strong>Victoria Huala<\/strong> (<strong>Pro<\/strong>).<\/p>\n\n\n\n<p>Por lo pronto, la <strong>\u201climpieza\u201d<\/strong> de los j\u00f3venes libertarios solo alcanz\u00f3 a <strong>Ravier<\/strong>. Decidieron dejar los carteles en contra de los otros tres legisladores. Incluso retiraron afiches solo en algunos puntos de la ciudad.<\/p>\n\n\n\n<p>Seg\u00fan el argumento del <strong>Gobierno nacional<\/strong>, esta <strong>reforma laboral<\/strong> tiene como objetivo central la <strong>promoci\u00f3n del empleo registrado<\/strong> y la <strong>formalizaci\u00f3n de las relaciones laborales<\/strong>, especialmente en sectores con altos \u00edndices de informalidad. Adem\u00e1s, introduce <strong>mecanismos de flexibilizaci\u00f3n<\/strong> para facilitar la contrataci\u00f3n de <strong>empleados independientes<\/strong> y crear <strong>alternativas para el cese laboral<\/strong> que beneficien tanto a trabajadores como a empleadores.<\/p>\n\n\n\n<p>Para los <strong>sindicalistas<\/strong>, en tanto, la iniciativa <strong>altera las condiciones de trabajo<\/strong> y <strong>favorece a los empleadores<\/strong>, al tiempo que perjudica a los empleados. Entre otras consecuencias, sostienen que la norma <strong>aumenta la cantidad de horas de trabajo<\/strong>, que podr\u00edan pasar de <strong>8 a 12<\/strong>, y <strong>modifica el modo en que se negocian los salarios<\/strong>, lo que debilita el rol de los <strong>sindicatos<\/strong>. Tambi\u00e9n advierten que la reforma <strong>reduce el monto de las indemnizaciones<\/strong> y <strong>disminuye los aportes jubilatorios<\/strong>.<\/p>\n\n\n\n<p><\/p>\n","protected":false},"excerpt":{"rendered":"<p>Los j\u00f3venes libertarios est\u00e1n furiosos con los carteles que dirigentes de la Mesa Intersindical colocaron en todo el centro de la ciudad de Santa Rosa contra el diputado nacional Adri\u00e1n&hellip;<\/p>\n","protected":false},"author":3,"featured_media":321449,"comment_status":"closed","ping_status":"open","sticky":false,"template":"","format":"standard","meta":{"_acf_changed":false,"footnotes":""},"categories":[1,8],"tags":[],"class_list":["post-321446","post","type-post","status-publish","format-standard","has-post-thumbnail","hentry","category-es-noticia","category-politica"],"acf":[],"yoast_head":"<!-- This site is optimized with the Yoast SEO plugin v27.5 - https:\/\/yoast.com\/product\/yoast-seo-wordpress\/ -->\n<title>\u201cOperativo Limpiar la Mugre\u201d: los j\u00f3venes libertarios, furiosos por los carteles contra Ravier - Diario Textual<\/title>\n<meta name=\"robots\" content=\"index, follow, max-snippet:-1, max-image-preview:large, max-video-preview:-1\" \/>\n<link rel=\"canonical\" href=\"https:\/\/diariotextual.com\/inicio\/index.php\/2026\/03\/05\/operativo-limpiar-la-mugre-los-jovenes-libertarios-furiosos-por-los-carteles-contra-ravier\/\" \/>\n<meta property=\"og:locale\" content=\"es_ES\" \/>\n<meta property=\"og:type\" content=\"article\" \/>\n<meta property=\"og:title\" content=\"\u201cOperativo Limpiar la Mugre\u201d: los j\u00f3venes libertarios, furiosos por los carteles contra Ravier - Diario Textual\" \/>\n<meta property=\"og:description\" content=\"Los j\u00f3venes libertarios est\u00e1n furiosos con los carteles que dirigentes de la Mesa Intersindical colocaron en todo el centro de la ciudad de Santa Rosa contra el diputado nacional Adri\u00e1n&hellip;\" \/>\n<meta property=\"og:url\" content=\"https:\/\/diariotextual.com\/inicio\/index.php\/2026\/03\/05\/operativo-limpiar-la-mugre-los-jovenes-libertarios-furiosos-por-los-carteles-contra-ravier\/\" \/>\n<meta property=\"og:site_name\" content=\"Diario Textual\" \/>\n<meta property=\"article:publisher\" content=\"https:\/\/www.facebook.com\/eltextual\" \/>\n<meta property=\"article:published_time\" content=\"2026-03-05T12:01:46+00:00\" \/>\n<meta property=\"article:modified_time\" content=\"2026-03-05T21:02:51+00:00\" \/>\n<meta property=\"og:image\" content=\"https:\/\/diariotextual.com\/inicio\/wp-content\/uploads\/2026\/03\/ravieradriancarteles2026-1.jpg\" \/>\n\t<meta property=\"og:image:width\" content=\"807\" \/>\n\t<meta property=\"og:image:height\" content=\"443\" \/>\n\t<meta property=\"og:image:type\" content=\"image\/jpeg\" \/>\n<meta name=\"author\" content=\"Diario1 Diario1\" \/>\n<meta name=\"twitter:card\" content=\"summary_large_image\" \/>\n<meta name=\"twitter:creator\" content=\"@eltextual\" \/>\n<meta name=\"twitter:site\" content=\"@eltextual\" \/>\n<meta name=\"twitter:label1\" content=\"Escrito por\" \/>\n\t<meta name=\"twitter:data1\" content=\"Diario1 Diario1\" \/>\n\t<meta name=\"twitter:label2\" content=\"Tiempo de lectura\" \/>\n\t<meta name=\"twitter:data2\" content=\"2 minutos\" \/>\n<script type=\"application\/ld+json\" class=\"yoast-schema-graph\">{\"@context\":\"https:\\\/\\\/schema.org\",\"@graph\":[{\"@type\":\"Article\",\"@id\":\"https:\\\/\\\/diariotextual.com\\\/inicio\\\/index.php\\\/2026\\\/03\\\/05\\\/operativo-limpiar-la-mugre-los-jovenes-libertarios-furiosos-por-los-carteles-contra-ravier\\\/#article\",\"isPartOf\":{\"@id\":\"https:\\\/\\\/diariotextual.com\\\/inicio\\\/index.php\\\/2026\\\/03\\\/05\\\/operativo-limpiar-la-mugre-los-jovenes-libertarios-furiosos-por-los-carteles-contra-ravier\\\/\"},\"author\":{\"name\":\"Diario1 Diario1\",\"@id\":\"https:\\\/\\\/diariotextual.com\\\/inicio\\\/#\\\/schema\\\/person\\\/418fc4093c33e86ed41562db3508f958\"},\"headline\":\"\u201cOperativo Limpiar la Mugre\u201d: los j\u00f3venes libertarios, furiosos por los carteles contra Ravier\",\"datePublished\":\"2026-03-05T12:01:46+00:00\",\"dateModified\":\"2026-03-05T21:02:51+00:00\",\"mainEntityOfPage\":{\"@id\":\"https:\\\/\\\/diariotextual.com\\\/inicio\\\/index.php\\\/2026\\\/03\\\/05\\\/operativo-limpiar-la-mugre-los-jovenes-libertarios-furiosos-por-los-carteles-contra-ravier\\\/\"},\"wordCount\":363,\"publisher\":{\"@id\":\"https:\\\/\\\/diariotextual.com\\\/inicio\\\/#organization\"},\"image\":{\"@id\":\"https:\\\/\\\/diariotextual.com\\\/inicio\\\/index.php\\\/2026\\\/03\\\/05\\\/operativo-limpiar-la-mugre-los-jovenes-libertarios-furiosos-por-los-carteles-contra-ravier\\\/#primaryimage\"},\"thumbnailUrl\":\"https:\\\/\\\/diariotextual.com\\\/inicio\\\/wp-content\\\/uploads\\\/2026\\\/03\\\/ravieradriancarteles2026-1.jpg\",\"articleSection\":[\"A - ES NOTICIA (van abajo)\",\"POLITICA\"],\"inLanguage\":\"es\"},{\"@type\":\"WebPage\",\"@id\":\"https:\\\/\\\/diariotextual.com\\\/inicio\\\/index.php\\\/2026\\\/03\\\/05\\\/operativo-limpiar-la-mugre-los-jovenes-libertarios-furiosos-por-los-carteles-contra-ravier\\\/\",\"url\":\"https:\\\/\\\/diariotextual.com\\\/inicio\\\/index.php\\\/2026\\\/03\\\/05\\\/operativo-limpiar-la-mugre-los-jovenes-libertarios-furiosos-por-los-carteles-contra-ravier\\\/\",\"name\":\"\u201cOperativo Limpiar la Mugre\u201d: los j\u00f3venes libertarios, furiosos por los carteles contra Ravier - Diario Textual\",\"isPartOf\":{\"@id\":\"https:\\\/\\\/diariotextual.com\\\/inicio\\\/#website\"},\"primaryImageOfPage\":{\"@id\":\"https:\\\/\\\/diariotextual.com\\\/inicio\\\/index.php\\\/2026\\\/03\\\/05\\\/operativo-limpiar-la-mugre-los-jovenes-libertarios-furiosos-por-los-carteles-contra-ravier\\\/#primaryimage\"},\"image\":{\"@id\":\"https:\\\/\\\/diariotextual.com\\\/inicio\\\/index.php\\\/2026\\\/03\\\/05\\\/operativo-limpiar-la-mugre-los-jovenes-libertarios-furiosos-por-los-carteles-contra-ravier\\\/#primaryimage\"},\"thumbnailUrl\":\"https:\\\/\\\/diariotextual.com\\\/inicio\\\/wp-content\\\/uploads\\\/2026\\\/03\\\/ravieradriancarteles2026-1.jpg\",\"datePublished\":\"2026-03-05T12:01:46+00:00\",\"dateModified\":\"2026-03-05T21:02:51+00:00\",\"breadcrumb\":{\"@id\":\"https:\\\/\\\/diariotextual.com\\\/inicio\\\/index.php\\\/2026\\\/03\\\/05\\\/operativo-limpiar-la-mugre-los-jovenes-libertarios-furiosos-por-los-carteles-contra-ravier\\\/#breadcrumb\"},\"inLanguage\":\"es\",\"potentialAction\":[{\"@type\":\"ReadAction\",\"target\":[\"https:\\\/\\\/diariotextual.com\\\/inicio\\\/index.php\\\/2026\\\/03\\\/05\\\/operativo-limpiar-la-mugre-los-jovenes-libertarios-furiosos-por-los-carteles-contra-ravier\\\/\"]}]},{\"@type\":\"ImageObject\",\"inLanguage\":\"es\",\"@id\":\"https:\\\/\\\/diariotextual.com\\\/inicio\\\/index.php\\\/2026\\\/03\\\/05\\\/operativo-limpiar-la-mugre-los-jovenes-libertarios-furiosos-por-los-carteles-contra-ravier\\\/#primaryimage\",\"url\":\"https:\\\/\\\/diariotextual.com\\\/inicio\\\/wp-content\\\/uploads\\\/2026\\\/03\\\/ravieradriancarteles2026-1.jpg\",\"contentUrl\":\"https:\\\/\\\/diariotextual.com\\\/inicio\\\/wp-content\\\/uploads\\\/2026\\\/03\\\/ravieradriancarteles2026-1.jpg\",\"width\":807,\"height\":443},{\"@type\":\"BreadcrumbList\",\"@id\":\"https:\\\/\\\/diariotextual.com\\\/inicio\\\/index.php\\\/2026\\\/03\\\/05\\\/operativo-limpiar-la-mugre-los-jovenes-libertarios-furiosos-por-los-carteles-contra-ravier\\\/#breadcrumb\",\"itemListElement\":[{\"@type\":\"ListItem\",\"position\":1,\"name\":\"Portada\",\"item\":\"https:\\\/\\\/diariotextual.com\\\/inicio\\\/\"},{\"@type\":\"ListItem\",\"position\":2,\"name\":\"\u201cOperativo Limpiar la Mugre\u201d: los j\u00f3venes libertarios, furiosos por los carteles contra Ravier\"}]},{\"@type\":\"WebSite\",\"@id\":\"https:\\\/\\\/diariotextual.com\\\/inicio\\\/#website\",\"url\":\"https:\\\/\\\/diariotextual.com\\\/inicio\\\/\",\"name\":\"Diario Textual\",\"description\":\"\",\"publisher\":{\"@id\":\"https:\\\/\\\/diariotextual.com\\\/inicio\\\/#organization\"},\"potentialAction\":[{\"@type\":\"SearchAction\",\"target\":{\"@type\":\"EntryPoint\",\"urlTemplate\":\"https:\\\/\\\/diariotextual.com\\\/inicio\\\/?s={search_term_string}\"},\"query-input\":{\"@type\":\"PropertyValueSpecification\",\"valueRequired\":true,\"valueName\":\"search_term_string\"}}],\"inLanguage\":\"es\"},{\"@type\":\"Organization\",\"@id\":\"https:\\\/\\\/diariotextual.com\\\/inicio\\\/#organization\",\"name\":\"Diario Textual\",\"url\":\"https:\\\/\\\/diariotextual.com\\\/inicio\\\/\",\"logo\":{\"@type\":\"ImageObject\",\"inLanguage\":\"es\",\"@id\":\"https:\\\/\\\/diariotextual.com\\\/inicio\\\/#\\\/schema\\\/logo\\\/image\\\/\",\"url\":\"https:\\\/\\\/diariotextual.com\\\/inicio\\\/wp-content\\\/uploads\\\/2023\\\/05\\\/logotextual1.jpg\",\"contentUrl\":\"https:\\\/\\\/diariotextual.com\\\/inicio\\\/wp-content\\\/uploads\\\/2023\\\/05\\\/logotextual1.jpg\",\"width\":516,\"height\":76,\"caption\":\"Diario Textual\"},\"image\":{\"@id\":\"https:\\\/\\\/diariotextual.com\\\/inicio\\\/#\\\/schema\\\/logo\\\/image\\\/\"},\"sameAs\":[\"https:\\\/\\\/www.facebook.com\\\/eltextual\",\"https:\\\/\\\/x.com\\\/eltextual\",\"http:\\\/\\\/www.instagram.com\\\/eltextual\"]},{\"@type\":\"Person\",\"@id\":\"https:\\\/\\\/diariotextual.com\\\/inicio\\\/#\\\/schema\\\/person\\\/418fc4093c33e86ed41562db3508f958\",\"name\":\"Diario1 Diario1\",\"image\":{\"@type\":\"ImageObject\",\"inLanguage\":\"es\",\"@id\":\"https:\\\/\\\/secure.gravatar.com\\\/avatar\\\/9167d280179c85bc18be67aa7eda765854300033af4896dd779b608640f2ef7a?s=96&d=mm&r=g\",\"url\":\"https:\\\/\\\/secure.gravatar.com\\\/avatar\\\/9167d280179c85bc18be67aa7eda765854300033af4896dd779b608640f2ef7a?s=96&d=mm&r=g\",\"contentUrl\":\"https:\\\/\\\/secure.gravatar.com\\\/avatar\\\/9167d280179c85bc18be67aa7eda765854300033af4896dd779b608640f2ef7a?s=96&d=mm&r=g\",\"caption\":\"Diario1 Diario1\"},\"url\":\"https:\\\/\\\/diariotextual.com\\\/inicio\\\/index.php\\\/author\\\/diario1\\\/\"}]}<\/script>\n<!-- \/ Yoast SEO plugin. -->","yoast_head_json":{"title":"\u201cOperativo Limpiar la Mugre\u201d: los j\u00f3venes libertarios, furiosos por los carteles contra Ravier - Diario Textual","robots":{"index":"index","follow":"follow","max-snippet":"max-snippet:-1","max-image-preview":"max-image-preview:large","max-video-preview":"max-video-preview:-1"},"canonical":"https:\/\/diariotextual.com\/inicio\/index.php\/2026\/03\/05\/operativo-limpiar-la-mugre-los-jovenes-libertarios-furiosos-por-los-carteles-contra-ravier\/","og_locale":"es_ES","og_type":"article","og_title":"\u201cOperativo Limpiar la Mugre\u201d: los j\u00f3venes libertarios, furiosos por los carteles contra Ravier - Diario Textual","og_description":"Los j\u00f3venes libertarios est\u00e1n furiosos con los carteles que dirigentes de la Mesa Intersindical colocaron en todo el centro de la ciudad de Santa Rosa contra el diputado nacional Adri\u00e1n&hellip;","og_url":"https:\/\/diariotextual.com\/inicio\/index.php\/2026\/03\/05\/operativo-limpiar-la-mugre-los-jovenes-libertarios-furiosos-por-los-carteles-contra-ravier\/","og_site_name":"Diario Textual","article_publisher":"https:\/\/www.facebook.com\/eltextual","article_published_time":"2026-03-05T12:01:46+00:00","article_modified_time":"2026-03-05T21:02:51+00:00","og_image":[{"width":807,"height":443,"url":"https:\/\/diariotextual.com\/inicio\/wp-content\/uploads\/2026\/03\/ravieradriancarteles2026-1.jpg","type":"image\/jpeg"}],"author":"Diario1 Diario1","twitter_card":"summary_large_image","twitter_creator":"@eltextual","twitter_site":"@eltextual","twitter_misc":{"Escrito por":"Diario1 Diario1","Tiempo de lectura":"2 minutos"},"schema":{"@context":"https:\/\/schema.org","@graph":[{"@type":"Article","@id":"https:\/\/diariotextual.com\/inicio\/index.php\/2026\/03\/05\/operativo-limpiar-la-mugre-los-jovenes-libertarios-furiosos-por-los-carteles-contra-ravier\/#article","isPartOf":{"@id":"https:\/\/diariotextual.com\/inicio\/index.php\/2026\/03\/05\/operativo-limpiar-la-mugre-los-jovenes-libertarios-furiosos-por-los-carteles-contra-ravier\/"},"author":{"name":"Diario1 Diario1","@id":"https:\/\/diariotextual.com\/inicio\/#\/schema\/person\/418fc4093c33e86ed41562db3508f958"},"headline":"\u201cOperativo Limpiar la Mugre\u201d: los j\u00f3venes libertarios, furiosos por los carteles contra Ravier","datePublished":"2026-03-05T12:01:46+00:00","dateModified":"2026-03-05T21:02:51+00:00","mainEntityOfPage":{"@id":"https:\/\/diariotextual.com\/inicio\/index.php\/2026\/03\/05\/operativo-limpiar-la-mugre-los-jovenes-libertarios-furiosos-por-los-carteles-contra-ravier\/"},"wordCount":363,"publisher":{"@id":"https:\/\/diariotextual.com\/inicio\/#organization"},"image":{"@id":"https:\/\/diariotextual.com\/inicio\/index.php\/2026\/03\/05\/operativo-limpiar-la-mugre-los-jovenes-libertarios-furiosos-por-los-carteles-contra-ravier\/#primaryimage"},"thumbnailUrl":"https:\/\/diariotextual.com\/inicio\/wp-content\/uploads\/2026\/03\/ravieradriancarteles2026-1.jpg","articleSection":["A - ES NOTICIA (van abajo)","POLITICA"],"inLanguage":"es"},{"@type":"WebPage","@id":"https:\/\/diariotextual.com\/inicio\/index.php\/2026\/03\/05\/operativo-limpiar-la-mugre-los-jovenes-libertarios-furiosos-por-los-carteles-contra-ravier\/","url":"https:\/\/diariotextual.com\/inicio\/index.php\/2026\/03\/05\/operativo-limpiar-la-mugre-los-jovenes-libertarios-furiosos-por-los-carteles-contra-ravier\/","name":"\u201cOperativo Limpiar la Mugre\u201d: los j\u00f3venes libertarios, furiosos por los carteles contra Ravier - Diario Textual","isPartOf":{"@id":"https:\/\/diariotextual.com\/inicio\/#website"},"primaryImageOfPage":{"@id":"https:\/\/diariotextual.com\/inicio\/index.php\/2026\/03\/05\/operativo-limpiar-la-mugre-los-jovenes-libertarios-furiosos-por-los-carteles-contra-ravier\/#primaryimage"},"image":{"@id":"https:\/\/diariotextual.com\/inicio\/index.php\/2026\/03\/05\/operativo-limpiar-la-mugre-los-jovenes-libertarios-furiosos-por-los-carteles-contra-ravier\/#primaryimage"},"thumbnailUrl":"https:\/\/diariotextual.com\/inicio\/wp-content\/uploads\/2026\/03\/ravieradriancarteles2026-1.jpg","datePublished":"2026-03-05T12:01:46+00:00","dateModified":"2026-03-05T21:02:51+00:00","breadcrumb":{"@id":"https:\/\/diariotextual.com\/inicio\/index.php\/2026\/03\/05\/operativo-limpiar-la-mugre-los-jovenes-libertarios-furiosos-por-los-carteles-contra-ravier\/#breadcrumb"},"inLanguage":"es","potentialAction":[{"@type":"ReadAction","target":["https:\/\/diariotextual.com\/inicio\/index.php\/2026\/03\/05\/operativo-limpiar-la-mugre-los-jovenes-libertarios-furiosos-por-los-carteles-contra-ravier\/"]}]},{"@type":"ImageObject","inLanguage":"es","@id":"https:\/\/diariotextual.com\/inicio\/index.php\/2026\/03\/05\/operativo-limpiar-la-mugre-los-jovenes-libertarios-furiosos-por-los-carteles-contra-ravier\/#primaryimage","url":"https:\/\/diariotextual.com\/inicio\/wp-content\/uploads\/2026\/03\/ravieradriancarteles2026-1.jpg","contentUrl":"https:\/\/diariotextual.com\/inicio\/wp-content\/uploads\/2026\/03\/ravieradriancarteles2026-1.jpg","width":807,"height":443},{"@type":"BreadcrumbList","@id":"https:\/\/diariotextual.com\/inicio\/index.php\/2026\/03\/05\/operativo-limpiar-la-mugre-los-jovenes-libertarios-furiosos-por-los-carteles-contra-ravier\/#breadcrumb","itemListElement":[{"@type":"ListItem","position":1,"name":"Portada","item":"https:\/\/diariotextual.com\/inicio\/"},{"@type":"ListItem","position":2,"name":"\u201cOperativo Limpiar la Mugre\u201d: los j\u00f3venes libertarios, furiosos por los carteles contra Ravier"}]},{"@type":"WebSite","@id":"https:\/\/diariotextual.com\/inicio\/#website","url":"https:\/\/diariotextual.com\/inicio\/","name":"Diario Textual","description":"","publisher":{"@id":"https:\/\/diariotextual.com\/inicio\/#organization"},"potentialAction":[{"@type":"SearchAction","target":{"@type":"EntryPoint","urlTemplate":"https:\/\/diariotextual.com\/inicio\/?s={search_term_string}"},"query-input":{"@type":"PropertyValueSpecification","valueRequired":true,"valueName":"search_term_string"}}],"inLanguage":"es"},{"@type":"Organization","@id":"https:\/\/diariotextual.com\/inicio\/#organization","name":"Diario Textual","url":"https:\/\/diariotextual.com\/inicio\/","logo":{"@type":"ImageObject","inLanguage":"es","@id":"https:\/\/diariotextual.com\/inicio\/#\/schema\/logo\/image\/","url":"https:\/\/diariotextual.com\/inicio\/wp-content\/uploads\/2023\/05\/logotextual1.jpg","contentUrl":"https:\/\/diariotextual.com\/inicio\/wp-content\/uploads\/2023\/05\/logotextual1.jpg","width":516,"height":76,"caption":"Diario Textual"},"image":{"@id":"https:\/\/diariotextual.com\/inicio\/#\/schema\/logo\/image\/"},"sameAs":["https:\/\/www.facebook.com\/eltextual","https:\/\/x.com\/eltextual","http:\/\/www.instagram.com\/eltextual"]},{"@type":"Person","@id":"https:\/\/diariotextual.com\/inicio\/#\/schema\/person\/418fc4093c33e86ed41562db3508f958","name":"Diario1 Diario1","image":{"@type":"ImageObject","inLanguage":"es","@id":"https:\/\/secure.gravatar.com\/avatar\/9167d280179c85bc18be67aa7eda765854300033af4896dd779b608640f2ef7a?s=96&d=mm&r=g","url":"https:\/\/secure.gravatar.com\/avatar\/9167d280179c85bc18be67aa7eda765854300033af4896dd779b608640f2ef7a?s=96&d=mm&r=g","contentUrl":"https:\/\/secure.gravatar.com\/avatar\/9167d280179c85bc18be67aa7eda765854300033af4896dd779b608640f2ef7a?s=96&d=mm&r=g","caption":"Diario1 Diario1"},"url":"https:\/\/diariotextual.com\/inicio\/index.php\/author\/diario1\/"}]}},"_links":{"self":[{"href":"https:\/\/diariotextual.com\/inicio\/index.php\/wp-json\/wp\/v2\/posts\/321446","targetHints":{"allow":["GET"]}}],"collection":[{"href":"https:\/\/diariotextual.com\/inicio\/index.php\/wp-json\/wp\/v2\/posts"}],"about":[{"href":"https:\/\/diariotextual.com\/inicio\/index.php\/wp-json\/wp\/v2\/types\/post"}],"author":[{"embeddable":true,"href":"https:\/\/diariotextual.com\/inicio\/index.php\/wp-json\/wp\/v2\/users\/3"}],"replies":[{"embeddable":true,"href":"https:\/\/diariotextual.com\/inicio\/index.php\/wp-json\/wp\/v2\/comments?post=321446"}],"version-history":[{"count":2,"href":"https:\/\/diariotextual.com\/inicio\/index.php\/wp-json\/wp\/v2\/posts\/321446\/revisions"}],"predecessor-version":[{"id":321448,"href":"https:\/\/diariotextual.com\/inicio\/index.php\/wp-json\/wp\/v2\/posts\/321446\/revisions\/321448"}],"wp:featuredmedia":[{"embeddable":true,"href":"https:\/\/diariotextual.com\/inicio\/index.php\/wp-json\/wp\/v2\/media\/321449"}],"wp:attachment":[{"href":"https:\/\/diariotextual.com\/inicio\/index.php\/wp-json\/wp\/v2\/media?parent=321446"}],"wp:term":[{"taxonomy":"category","embeddable":true,"href":"https:\/\/diariotextual.com\/inicio\/index.php\/wp-json\/wp\/v2\/categories?post=321446"},{"taxonomy":"post_tag","embeddable":true,"href":"https:\/\/diariotextual.com\/inicio\/index.php\/wp-json\/wp\/v2\/tags?post=321446"}],"curies":[{"name":"wp","href":"https:\/\/api.w.org\/{rel}","templated":true}]}}