{"id":321459,"date":"2026-03-05T12:13:07","date_gmt":"2026-03-05T15:13:07","guid":{"rendered":"https:\/\/diariotextual.com\/inicio\/?p=321459"},"modified":"2026-03-05T14:16:00","modified_gmt":"2026-03-05T17:16:00","slug":"senales-de-distension-en-el-peronismo-pampeano-horizonte-de-unidad-hacia-2027","status":"publish","type":"post","link":"https:\/\/diariotextual.com\/inicio\/index.php\/2026\/03\/05\/senales-de-distension-en-el-peronismo-pampeano-horizonte-de-unidad-hacia-2027\/","title":{"rendered":"Se\u00f1ales de distensi\u00f3n en el peronismo pampeano: \u00bfhorizonte de unidad hacia 2027?"},"content":{"rendered":"\n<p>El <strong><a href=\"https:\/\/diariotextual.com\/inicio\/index.php\/2026\/03\/04\/senales-de-distension-entre-ziliotto-y-verna-el-respaldo-de-la-plural-capitalina-a-lovera\/\" target=\"_blank\" rel=\"noreferrer noopener\">comunicado difundido por la L\u00ednea Plural de Santa Rosa en respaldo a la presidencia del diputado Daniel Lovera<\/a><\/strong> al frente del <strong>bloque del Partido Justicialista<\/strong> en la <strong>Legislatura provincial<\/strong> fue una se\u00f1al pol\u00edtica que trasciende la discusi\u00f3n interna del <strong>oficialismo<\/strong>. En el texto, adem\u00e1s del apoyo al legislador, el sector convoc\u00f3 a dejar de lado diferencias y avanzar hacia la <strong>unidad<\/strong>, en un contexto en el que el <strong>peronismo pampeano<\/strong> ya empieza a mirar el <strong>escenario electoral de 2027<\/strong>.<\/p>\n\n\n\n<figure class=\"wp-block-embed is-type-wp-embed is-provider-diario-textual wp-block-embed-diario-textual\"><div class=\"wp-block-embed__wrapper\">\n<blockquote class=\"wp-embedded-content\" data-secret=\"1atIJUtkjR\"><a href=\"https:\/\/diariotextual.com\/inicio\/index.php\/2026\/03\/05\/lovera-abona-la-unidad-y-dice-que-no-hay-ziliottismo-la-plural-es-una-sola\/\">Lovera resalta que se busque la unidad y dice que no hay ziliottismo: \u201cLa Plural es una sola\u201d<\/a><\/blockquote><iframe class=\"wp-embedded-content\" sandbox=\"allow-scripts\" security=\"restricted\" style=\"position: absolute; visibility: hidden;\" title=\"\u00abLovera resalta que se busque la unidad y dice que no hay ziliottismo: \u201cLa Plural es una sola\u201d\u00bb \u2014 Diario Textual\" src=\"https:\/\/diariotextual.com\/inicio\/index.php\/2026\/03\/05\/lovera-abona-la-unidad-y-dice-que-no-hay-ziliottismo-la-plural-es-una-sola\/embed\/#?secret=XSJwHyq3XL#?secret=1atIJUtkjR\" data-secret=\"1atIJUtkjR\" width=\"600\" height=\"338\" frameborder=\"0\" marginwidth=\"0\" marginheight=\"0\" scrolling=\"no\"><\/iframe>\n<\/div><\/figure>\n\n\n\n<p>El gesto resulta significativo dentro de la din\u00e1mica interna del <strong>justicialismo provincial<\/strong>. En los \u00faltimos tiempos se hab\u00edan observado <strong>tensiones<\/strong> dentro del espacio, en especial entre distintos sectores del <strong>peronismo<\/strong> y la gesti\u00f3n del <strong>gobernador Sergio Ziliotto<\/strong>. La <strong>L\u00ednea Plural<\/strong>, que es la corriente mayoritaria y que condujo la provincia durante los \u00faltimos doce a\u00f1os con las gestiones de <strong>Carlos Verna<\/strong> y del propio <strong>Ziliotto<\/strong>, aparec\u00eda en ese marco con posiciones diferenciadas.<\/p>\n\n\n\n<p>El respaldo a <strong>Lovera<\/strong> y el llamado a la <strong>unidad<\/strong> aparecen como una se\u00f1al de <strong>distensi\u00f3n<\/strong>. Cuando el diputado asumi\u00f3 la conducci\u00f3n del <strong>bloque justicialista<\/strong>, hab\u00eda planteado que el <strong>gobernador<\/strong> tambi\u00e9n pertenece a la <strong>Plural<\/strong> y que, por lo tanto, la conducci\u00f3n del bloque deb\u00eda expresar ese mismo perfil para favorecer una relaci\u00f3n m\u00e1s fluida entre el <strong>poder legislativo<\/strong> y el <strong>poder ejecutivo<\/strong>.<\/p>\n\n\n\n<p>En el <strong>peronismo pampeano<\/strong> no se habla todav\u00eda de <strong>acuerdos concretos<\/strong>. Sin embargo, distintas voces coinciden en un diagn\u00f3stico com\u00fan: la necesidad de evitar una <strong>fractura interna<\/strong> de cara a las <strong>elecciones de 2027<\/strong>. Despu\u00e9s de m\u00e1s de <strong>cuatro d\u00e9cadas de gobiernos peronistas<\/strong> en la provincia, una interna fuerte podr\u00eda poner en riesgo la continuidad del <strong>oficialismo<\/strong>.<\/p>\n\n\n\n<p>El <strong>escenario pol\u00edtico<\/strong> tambi\u00e9n influye en ese an\u00e1lisis. En la <strong>oposici\u00f3n<\/strong>, distintos sectores comenzaron a mostrar niveles de <strong>articulaci\u00f3n<\/strong> m\u00e1s claros y hoy aparece una referencia nacional fuerte en torno al <strong>presidente Javier Milei<\/strong>, lo que obliga al <strong>justicialismo provincial<\/strong> a cuidar su <strong>cohesi\u00f3n interna<\/strong>.<\/p>\n\n\n\n<p>En ese contexto, el concepto de <strong>unidad<\/strong> empez\u00f3 a repetirse en diferentes espacios del <strong>peronismo<\/strong>. <strong>Dirigentes<\/strong> de varios sectores coinciden en que el desaf\u00edo es construir un <strong>acuerdo amplio<\/strong> que permita llegar <strong>competitivos<\/strong> al pr\u00f3ximo <strong>turno electoral<\/strong>. Para ello, consideran necesario garantizar <strong>gobernabilidad<\/strong> en el presente y bajar el nivel de <strong>confrontaci\u00f3n interna<\/strong>.<\/p>\n\n\n\n<p>Las <strong>se\u00f1ales p\u00fablicas de distensi\u00f3n<\/strong> que se observaron en los \u00faltimos d\u00edas parecen ir en esa direcci\u00f3n. De uno y otro lado se insiste en la idea de transitar este a\u00f1o con <strong>consensos b\u00e1sicos<\/strong> y abrir un proceso de <strong>di\u00e1logo pol\u00edtico<\/strong> que permita, m\u00e1s adelante, discutir una <strong>estrategia com\u00fan<\/strong> para <strong>2027<\/strong>.<\/p>\n\n\n\n<p><\/p>\n","protected":false},"excerpt":{"rendered":"<p>El comunicado difundido por la L\u00ednea Plural de Santa Rosa en respaldo a la presidencia del diputado Daniel Lovera al frente del bloque del Partido Justicialista en la Legislatura provincial&hellip;<\/p>\n","protected":false},"author":3,"featured_media":144921,"comment_status":"closed","ping_status":"open","sticky":false,"template":"","format":"standard","meta":{"_acf_changed":false,"footnotes":""},"categories":[4,8],"tags":[],"class_list":["post-321459","post","type-post","status-publish","format-standard","has-post-thumbnail","hentry","category-destacadas","category-politica"],"acf":[],"yoast_head":"<!-- This site is optimized with the Yoast SEO plugin v27.4 - https:\/\/yoast.com\/product\/yoast-seo-wordpress\/ -->\n<title>Se\u00f1ales de distensi\u00f3n en el peronismo pampeano: \u00bfhorizonte de unidad hacia 2027? - Diario Textual<\/title>\n<meta name=\"robots\" content=\"index, follow, max-snippet:-1, max-image-preview:large, max-video-preview:-1\" \/>\n<link rel=\"canonical\" href=\"https:\/\/diariotextual.com\/inicio\/index.php\/2026\/03\/05\/senales-de-distension-en-el-peronismo-pampeano-horizonte-de-unidad-hacia-2027\/\" \/>\n<meta property=\"og:locale\" content=\"es_ES\" \/>\n<meta property=\"og:type\" content=\"article\" \/>\n<meta property=\"og:title\" content=\"Se\u00f1ales de distensi\u00f3n en el peronismo pampeano: \u00bfhorizonte de unidad hacia 2027? - Diario Textual\" \/>\n<meta property=\"og:description\" content=\"El comunicado difundido por la L\u00ednea Plural de Santa Rosa en respaldo a la presidencia del diputado Daniel Lovera al frente del bloque del Partido Justicialista en la Legislatura provincial&hellip;\" \/>\n<meta property=\"og:url\" content=\"https:\/\/diariotextual.com\/inicio\/index.php\/2026\/03\/05\/senales-de-distension-en-el-peronismo-pampeano-horizonte-de-unidad-hacia-2027\/\" \/>\n<meta property=\"og:site_name\" content=\"Diario Textual\" \/>\n<meta property=\"article:publisher\" content=\"https:\/\/www.facebook.com\/eltextual\" \/>\n<meta property=\"article:published_time\" content=\"2026-03-05T15:13:07+00:00\" \/>\n<meta property=\"article:modified_time\" content=\"2026-03-05T17:16:00+00:00\" \/>\n<meta property=\"og:image\" content=\"https:\/\/diariotextual.com\/inicio\/wp-content\/uploads\/2021\/05\/vernacarlosziliottosergio2000000.jpeg\" \/>\n\t<meta property=\"og:image:width\" content=\"2048\" \/>\n\t<meta property=\"og:image:height\" content=\"1365\" \/>\n\t<meta property=\"og:image:type\" content=\"image\/jpeg\" \/>\n<meta name=\"author\" content=\"Diario1 Diario1\" \/>\n<meta name=\"twitter:card\" content=\"summary_large_image\" \/>\n<meta name=\"twitter:creator\" content=\"@eltextual\" \/>\n<meta name=\"twitter:site\" content=\"@eltextual\" \/>\n<meta name=\"twitter:label1\" content=\"Escrito por\" \/>\n\t<meta name=\"twitter:data1\" content=\"Diario1 Diario1\" \/>\n\t<meta name=\"twitter:label2\" content=\"Tiempo de lectura\" \/>\n\t<meta name=\"twitter:data2\" content=\"3 minutos\" \/>\n<script type=\"application\/ld+json\" class=\"yoast-schema-graph\">{\"@context\":\"https:\\\/\\\/schema.org\",\"@graph\":[{\"@type\":\"Article\",\"@id\":\"https:\\\/\\\/diariotextual.com\\\/inicio\\\/index.php\\\/2026\\\/03\\\/05\\\/senales-de-distension-en-el-peronismo-pampeano-horizonte-de-unidad-hacia-2027\\\/#article\",\"isPartOf\":{\"@id\":\"https:\\\/\\\/diariotextual.com\\\/inicio\\\/index.php\\\/2026\\\/03\\\/05\\\/senales-de-distension-en-el-peronismo-pampeano-horizonte-de-unidad-hacia-2027\\\/\"},\"author\":{\"name\":\"Diario1 Diario1\",\"@id\":\"https:\\\/\\\/diariotextual.com\\\/inicio\\\/#\\\/schema\\\/person\\\/418fc4093c33e86ed41562db3508f958\"},\"headline\":\"Se\u00f1ales de distensi\u00f3n en el peronismo pampeano: \u00bfhorizonte de unidad hacia 2027?\",\"datePublished\":\"2026-03-05T15:13:07+00:00\",\"dateModified\":\"2026-03-05T17:16:00+00:00\",\"mainEntityOfPage\":{\"@id\":\"https:\\\/\\\/diariotextual.com\\\/inicio\\\/index.php\\\/2026\\\/03\\\/05\\\/senales-de-distension-en-el-peronismo-pampeano-horizonte-de-unidad-hacia-2027\\\/\"},\"wordCount\":486,\"publisher\":{\"@id\":\"https:\\\/\\\/diariotextual.com\\\/inicio\\\/#organization\"},\"image\":{\"@id\":\"https:\\\/\\\/diariotextual.com\\\/inicio\\\/index.php\\\/2026\\\/03\\\/05\\\/senales-de-distension-en-el-peronismo-pampeano-horizonte-de-unidad-hacia-2027\\\/#primaryimage\"},\"thumbnailUrl\":\"https:\\\/\\\/diariotextual.com\\\/inicio\\\/wp-content\\\/uploads\\\/2021\\\/05\\\/vernacarlosziliottosergio2000000.jpeg\",\"articleSection\":[\"A - DESTACADAS (mod 16)\",\"POLITICA\"],\"inLanguage\":\"es\"},{\"@type\":\"WebPage\",\"@id\":\"https:\\\/\\\/diariotextual.com\\\/inicio\\\/index.php\\\/2026\\\/03\\\/05\\\/senales-de-distension-en-el-peronismo-pampeano-horizonte-de-unidad-hacia-2027\\\/\",\"url\":\"https:\\\/\\\/diariotextual.com\\\/inicio\\\/index.php\\\/2026\\\/03\\\/05\\\/senales-de-distension-en-el-peronismo-pampeano-horizonte-de-unidad-hacia-2027\\\/\",\"name\":\"Se\u00f1ales de distensi\u00f3n en el peronismo pampeano: \u00bfhorizonte de unidad hacia 2027? - Diario Textual\",\"isPartOf\":{\"@id\":\"https:\\\/\\\/diariotextual.com\\\/inicio\\\/#website\"},\"primaryImageOfPage\":{\"@id\":\"https:\\\/\\\/diariotextual.com\\\/inicio\\\/index.php\\\/2026\\\/03\\\/05\\\/senales-de-distension-en-el-peronismo-pampeano-horizonte-de-unidad-hacia-2027\\\/#primaryimage\"},\"image\":{\"@id\":\"https:\\\/\\\/diariotextual.com\\\/inicio\\\/index.php\\\/2026\\\/03\\\/05\\\/senales-de-distension-en-el-peronismo-pampeano-horizonte-de-unidad-hacia-2027\\\/#primaryimage\"},\"thumbnailUrl\":\"https:\\\/\\\/diariotextual.com\\\/inicio\\\/wp-content\\\/uploads\\\/2021\\\/05\\\/vernacarlosziliottosergio2000000.jpeg\",\"datePublished\":\"2026-03-05T15:13:07+00:00\",\"dateModified\":\"2026-03-05T17:16:00+00:00\",\"breadcrumb\":{\"@id\":\"https:\\\/\\\/diariotextual.com\\\/inicio\\\/index.php\\\/2026\\\/03\\\/05\\\/senales-de-distension-en-el-peronismo-pampeano-horizonte-de-unidad-hacia-2027\\\/#breadcrumb\"},\"inLanguage\":\"es\",\"potentialAction\":[{\"@type\":\"ReadAction\",\"target\":[\"https:\\\/\\\/diariotextual.com\\\/inicio\\\/index.php\\\/2026\\\/03\\\/05\\\/senales-de-distension-en-el-peronismo-pampeano-horizonte-de-unidad-hacia-2027\\\/\"]}]},{\"@type\":\"ImageObject\",\"inLanguage\":\"es\",\"@id\":\"https:\\\/\\\/diariotextual.com\\\/inicio\\\/index.php\\\/2026\\\/03\\\/05\\\/senales-de-distension-en-el-peronismo-pampeano-horizonte-de-unidad-hacia-2027\\\/#primaryimage\",\"url\":\"https:\\\/\\\/diariotextual.com\\\/inicio\\\/wp-content\\\/uploads\\\/2021\\\/05\\\/vernacarlosziliottosergio2000000.jpeg\",\"contentUrl\":\"https:\\\/\\\/diariotextual.com\\\/inicio\\\/wp-content\\\/uploads\\\/2021\\\/05\\\/vernacarlosziliottosergio2000000.jpeg\",\"width\":2048,\"height\":1365},{\"@type\":\"BreadcrumbList\",\"@id\":\"https:\\\/\\\/diariotextual.com\\\/inicio\\\/index.php\\\/2026\\\/03\\\/05\\\/senales-de-distension-en-el-peronismo-pampeano-horizonte-de-unidad-hacia-2027\\\/#breadcrumb\",\"itemListElement\":[{\"@type\":\"ListItem\",\"position\":1,\"name\":\"Portada\",\"item\":\"https:\\\/\\\/diariotextual.com\\\/inicio\\\/\"},{\"@type\":\"ListItem\",\"position\":2,\"name\":\"Se\u00f1ales de distensi\u00f3n en el peronismo pampeano: \u00bfhorizonte de unidad hacia 2027?\"}]},{\"@type\":\"WebSite\",\"@id\":\"https:\\\/\\\/diariotextual.com\\\/inicio\\\/#website\",\"url\":\"https:\\\/\\\/diariotextual.com\\\/inicio\\\/\",\"name\":\"Diario Textual\",\"description\":\"\",\"publisher\":{\"@id\":\"https:\\\/\\\/diariotextual.com\\\/inicio\\\/#organization\"},\"potentialAction\":[{\"@type\":\"SearchAction\",\"target\":{\"@type\":\"EntryPoint\",\"urlTemplate\":\"https:\\\/\\\/diariotextual.com\\\/inicio\\\/?s={search_term_string}\"},\"query-input\":{\"@type\":\"PropertyValueSpecification\",\"valueRequired\":true,\"valueName\":\"search_term_string\"}}],\"inLanguage\":\"es\"},{\"@type\":\"Organization\",\"@id\":\"https:\\\/\\\/diariotextual.com\\\/inicio\\\/#organization\",\"name\":\"Diario Textual\",\"url\":\"https:\\\/\\\/diariotextual.com\\\/inicio\\\/\",\"logo\":{\"@type\":\"ImageObject\",\"inLanguage\":\"es\",\"@id\":\"https:\\\/\\\/diariotextual.com\\\/inicio\\\/#\\\/schema\\\/logo\\\/image\\\/\",\"url\":\"https:\\\/\\\/diariotextual.com\\\/inicio\\\/wp-content\\\/uploads\\\/2023\\\/05\\\/logotextual1.jpg\",\"contentUrl\":\"https:\\\/\\\/diariotextual.com\\\/inicio\\\/wp-content\\\/uploads\\\/2023\\\/05\\\/logotextual1.jpg\",\"width\":516,\"height\":76,\"caption\":\"Diario Textual\"},\"image\":{\"@id\":\"https:\\\/\\\/diariotextual.com\\\/inicio\\\/#\\\/schema\\\/logo\\\/image\\\/\"},\"sameAs\":[\"https:\\\/\\\/www.facebook.com\\\/eltextual\",\"https:\\\/\\\/x.com\\\/eltextual\",\"http:\\\/\\\/www.instagram.com\\\/eltextual\"]},{\"@type\":\"Person\",\"@id\":\"https:\\\/\\\/diariotextual.com\\\/inicio\\\/#\\\/schema\\\/person\\\/418fc4093c33e86ed41562db3508f958\",\"name\":\"Diario1 Diario1\",\"image\":{\"@type\":\"ImageObject\",\"inLanguage\":\"es\",\"@id\":\"https:\\\/\\\/secure.gravatar.com\\\/avatar\\\/9167d280179c85bc18be67aa7eda765854300033af4896dd779b608640f2ef7a?s=96&d=mm&r=g\",\"url\":\"https:\\\/\\\/secure.gravatar.com\\\/avatar\\\/9167d280179c85bc18be67aa7eda765854300033af4896dd779b608640f2ef7a?s=96&d=mm&r=g\",\"contentUrl\":\"https:\\\/\\\/secure.gravatar.com\\\/avatar\\\/9167d280179c85bc18be67aa7eda765854300033af4896dd779b608640f2ef7a?s=96&d=mm&r=g\",\"caption\":\"Diario1 Diario1\"},\"url\":\"https:\\\/\\\/diariotextual.com\\\/inicio\\\/index.php\\\/author\\\/diario1\\\/\"}]}<\/script>\n<!-- \/ Yoast SEO plugin. -->","yoast_head_json":{"title":"Se\u00f1ales de distensi\u00f3n en el peronismo pampeano: \u00bfhorizonte de unidad hacia 2027? - Diario Textual","robots":{"index":"index","follow":"follow","max-snippet":"max-snippet:-1","max-image-preview":"max-image-preview:large","max-video-preview":"max-video-preview:-1"},"canonical":"https:\/\/diariotextual.com\/inicio\/index.php\/2026\/03\/05\/senales-de-distension-en-el-peronismo-pampeano-horizonte-de-unidad-hacia-2027\/","og_locale":"es_ES","og_type":"article","og_title":"Se\u00f1ales de distensi\u00f3n en el peronismo pampeano: \u00bfhorizonte de unidad hacia 2027? - Diario Textual","og_description":"El comunicado difundido por la L\u00ednea Plural de Santa Rosa en respaldo a la presidencia del diputado Daniel Lovera al frente del bloque del Partido Justicialista en la Legislatura provincial&hellip;","og_url":"https:\/\/diariotextual.com\/inicio\/index.php\/2026\/03\/05\/senales-de-distension-en-el-peronismo-pampeano-horizonte-de-unidad-hacia-2027\/","og_site_name":"Diario Textual","article_publisher":"https:\/\/www.facebook.com\/eltextual","article_published_time":"2026-03-05T15:13:07+00:00","article_modified_time":"2026-03-05T17:16:00+00:00","og_image":[{"width":2048,"height":1365,"url":"https:\/\/diariotextual.com\/inicio\/wp-content\/uploads\/2021\/05\/vernacarlosziliottosergio2000000.jpeg","type":"image\/jpeg"}],"author":"Diario1 Diario1","twitter_card":"summary_large_image","twitter_creator":"@eltextual","twitter_site":"@eltextual","twitter_misc":{"Escrito por":"Diario1 Diario1","Tiempo de lectura":"3 minutos"},"schema":{"@context":"https:\/\/schema.org","@graph":[{"@type":"Article","@id":"https:\/\/diariotextual.com\/inicio\/index.php\/2026\/03\/05\/senales-de-distension-en-el-peronismo-pampeano-horizonte-de-unidad-hacia-2027\/#article","isPartOf":{"@id":"https:\/\/diariotextual.com\/inicio\/index.php\/2026\/03\/05\/senales-de-distension-en-el-peronismo-pampeano-horizonte-de-unidad-hacia-2027\/"},"author":{"name":"Diario1 Diario1","@id":"https:\/\/diariotextual.com\/inicio\/#\/schema\/person\/418fc4093c33e86ed41562db3508f958"},"headline":"Se\u00f1ales de distensi\u00f3n en el peronismo pampeano: \u00bfhorizonte de unidad hacia 2027?","datePublished":"2026-03-05T15:13:07+00:00","dateModified":"2026-03-05T17:16:00+00:00","mainEntityOfPage":{"@id":"https:\/\/diariotextual.com\/inicio\/index.php\/2026\/03\/05\/senales-de-distension-en-el-peronismo-pampeano-horizonte-de-unidad-hacia-2027\/"},"wordCount":486,"publisher":{"@id":"https:\/\/diariotextual.com\/inicio\/#organization"},"image":{"@id":"https:\/\/diariotextual.com\/inicio\/index.php\/2026\/03\/05\/senales-de-distension-en-el-peronismo-pampeano-horizonte-de-unidad-hacia-2027\/#primaryimage"},"thumbnailUrl":"https:\/\/diariotextual.com\/inicio\/wp-content\/uploads\/2021\/05\/vernacarlosziliottosergio2000000.jpeg","articleSection":["A - DESTACADAS (mod 16)","POLITICA"],"inLanguage":"es"},{"@type":"WebPage","@id":"https:\/\/diariotextual.com\/inicio\/index.php\/2026\/03\/05\/senales-de-distension-en-el-peronismo-pampeano-horizonte-de-unidad-hacia-2027\/","url":"https:\/\/diariotextual.com\/inicio\/index.php\/2026\/03\/05\/senales-de-distension-en-el-peronismo-pampeano-horizonte-de-unidad-hacia-2027\/","name":"Se\u00f1ales de distensi\u00f3n en el peronismo pampeano: \u00bfhorizonte de unidad hacia 2027? - Diario Textual","isPartOf":{"@id":"https:\/\/diariotextual.com\/inicio\/#website"},"primaryImageOfPage":{"@id":"https:\/\/diariotextual.com\/inicio\/index.php\/2026\/03\/05\/senales-de-distension-en-el-peronismo-pampeano-horizonte-de-unidad-hacia-2027\/#primaryimage"},"image":{"@id":"https:\/\/diariotextual.com\/inicio\/index.php\/2026\/03\/05\/senales-de-distension-en-el-peronismo-pampeano-horizonte-de-unidad-hacia-2027\/#primaryimage"},"thumbnailUrl":"https:\/\/diariotextual.com\/inicio\/wp-content\/uploads\/2021\/05\/vernacarlosziliottosergio2000000.jpeg","datePublished":"2026-03-05T15:13:07+00:00","dateModified":"2026-03-05T17:16:00+00:00","breadcrumb":{"@id":"https:\/\/diariotextual.com\/inicio\/index.php\/2026\/03\/05\/senales-de-distension-en-el-peronismo-pampeano-horizonte-de-unidad-hacia-2027\/#breadcrumb"},"inLanguage":"es","potentialAction":[{"@type":"ReadAction","target":["https:\/\/diariotextual.com\/inicio\/index.php\/2026\/03\/05\/senales-de-distension-en-el-peronismo-pampeano-horizonte-de-unidad-hacia-2027\/"]}]},{"@type":"ImageObject","inLanguage":"es","@id":"https:\/\/diariotextual.com\/inicio\/index.php\/2026\/03\/05\/senales-de-distension-en-el-peronismo-pampeano-horizonte-de-unidad-hacia-2027\/#primaryimage","url":"https:\/\/diariotextual.com\/inicio\/wp-content\/uploads\/2021\/05\/vernacarlosziliottosergio2000000.jpeg","contentUrl":"https:\/\/diariotextual.com\/inicio\/wp-content\/uploads\/2021\/05\/vernacarlosziliottosergio2000000.jpeg","width":2048,"height":1365},{"@type":"BreadcrumbList","@id":"https:\/\/diariotextual.com\/inicio\/index.php\/2026\/03\/05\/senales-de-distension-en-el-peronismo-pampeano-horizonte-de-unidad-hacia-2027\/#breadcrumb","itemListElement":[{"@type":"ListItem","position":1,"name":"Portada","item":"https:\/\/diariotextual.com\/inicio\/"},{"@type":"ListItem","position":2,"name":"Se\u00f1ales de distensi\u00f3n en el peronismo pampeano: \u00bfhorizonte de unidad hacia 2027?"}]},{"@type":"WebSite","@id":"https:\/\/diariotextual.com\/inicio\/#website","url":"https:\/\/diariotextual.com\/inicio\/","name":"Diario Textual","description":"","publisher":{"@id":"https:\/\/diariotextual.com\/inicio\/#organization"},"potentialAction":[{"@type":"SearchAction","target":{"@type":"EntryPoint","urlTemplate":"https:\/\/diariotextual.com\/inicio\/?s={search_term_string}"},"query-input":{"@type":"PropertyValueSpecification","valueRequired":true,"valueName":"search_term_string"}}],"inLanguage":"es"},{"@type":"Organization","@id":"https:\/\/diariotextual.com\/inicio\/#organization","name":"Diario Textual","url":"https:\/\/diariotextual.com\/inicio\/","logo":{"@type":"ImageObject","inLanguage":"es","@id":"https:\/\/diariotextual.com\/inicio\/#\/schema\/logo\/image\/","url":"https:\/\/diariotextual.com\/inicio\/wp-content\/uploads\/2023\/05\/logotextual1.jpg","contentUrl":"https:\/\/diariotextual.com\/inicio\/wp-content\/uploads\/2023\/05\/logotextual1.jpg","width":516,"height":76,"caption":"Diario Textual"},"image":{"@id":"https:\/\/diariotextual.com\/inicio\/#\/schema\/logo\/image\/"},"sameAs":["https:\/\/www.facebook.com\/eltextual","https:\/\/x.com\/eltextual","http:\/\/www.instagram.com\/eltextual"]},{"@type":"Person","@id":"https:\/\/diariotextual.com\/inicio\/#\/schema\/person\/418fc4093c33e86ed41562db3508f958","name":"Diario1 Diario1","image":{"@type":"ImageObject","inLanguage":"es","@id":"https:\/\/secure.gravatar.com\/avatar\/9167d280179c85bc18be67aa7eda765854300033af4896dd779b608640f2ef7a?s=96&d=mm&r=g","url":"https:\/\/secure.gravatar.com\/avatar\/9167d280179c85bc18be67aa7eda765854300033af4896dd779b608640f2ef7a?s=96&d=mm&r=g","contentUrl":"https:\/\/secure.gravatar.com\/avatar\/9167d280179c85bc18be67aa7eda765854300033af4896dd779b608640f2ef7a?s=96&d=mm&r=g","caption":"Diario1 Diario1"},"url":"https:\/\/diariotextual.com\/inicio\/index.php\/author\/diario1\/"}]}},"_links":{"self":[{"href":"https:\/\/diariotextual.com\/inicio\/index.php\/wp-json\/wp\/v2\/posts\/321459","targetHints":{"allow":["GET"]}}],"collection":[{"href":"https:\/\/diariotextual.com\/inicio\/index.php\/wp-json\/wp\/v2\/posts"}],"about":[{"href":"https:\/\/diariotextual.com\/inicio\/index.php\/wp-json\/wp\/v2\/types\/post"}],"author":[{"embeddable":true,"href":"https:\/\/diariotextual.com\/inicio\/index.php\/wp-json\/wp\/v2\/users\/3"}],"replies":[{"embeddable":true,"href":"https:\/\/diariotextual.com\/inicio\/index.php\/wp-json\/wp\/v2\/comments?post=321459"}],"version-history":[{"count":3,"href":"https:\/\/diariotextual.com\/inicio\/index.php\/wp-json\/wp\/v2\/posts\/321459\/revisions"}],"predecessor-version":[{"id":321479,"href":"https:\/\/diariotextual.com\/inicio\/index.php\/wp-json\/wp\/v2\/posts\/321459\/revisions\/321479"}],"wp:featuredmedia":[{"embeddable":true,"href":"https:\/\/diariotextual.com\/inicio\/index.php\/wp-json\/wp\/v2\/media\/144921"}],"wp:attachment":[{"href":"https:\/\/diariotextual.com\/inicio\/index.php\/wp-json\/wp\/v2\/media?parent=321459"}],"wp:term":[{"taxonomy":"category","embeddable":true,"href":"https:\/\/diariotextual.com\/inicio\/index.php\/wp-json\/wp\/v2\/categories?post=321459"},{"taxonomy":"post_tag","embeddable":true,"href":"https:\/\/diariotextual.com\/inicio\/index.php\/wp-json\/wp\/v2\/tags?post=321459"}],"curies":[{"name":"wp","href":"https:\/\/api.w.org\/{rel}","templated":true}]}}