{"id":321468,"date":"2026-03-05T14:00:56","date_gmt":"2026-03-05T17:00:56","guid":{"rendered":"https:\/\/diariotextual.com\/inicio\/?p=321468"},"modified":"2026-03-06T07:14:47","modified_gmt":"2026-03-06T10:14:47","slug":"ingresaron-los-nuevos-proyectos-por-el-medanito-y-definen-llamar-a-funcionarios-a-la-legislatura","status":"publish","type":"post","link":"https:\/\/diariotextual.com\/inicio\/index.php\/2026\/03\/05\/ingresaron-los-nuevos-proyectos-por-el-medanito-y-definen-llamar-a-funcionarios-a-la-legislatura\/","title":{"rendered":"Ingresaron los nuevos proyectos por El Medanito y definen llamar a funcionarios a la Legislatura"},"content":{"rendered":"\n<p>En la <strong>Legislatura de La Pampa<\/strong> se inici\u00f3 el debate por el futuro del principal yacimiento petrolero de la provincia. Con <strong>tres iniciativas en discusi\u00f3n<\/strong>, los bloques deber\u00e1n resolver si avanzan con <strong>una nueva licitaci\u00f3n de El Medanito<\/strong> o si la empresa estatal <strong>Pampetrol<\/strong> asume la operaci\u00f3n de manera transitoria. La semana pr\u00f3xima comenzar\u00e1 el an\u00e1lisis en comisi\u00f3n y se prev\u00e9 <strong>convocar a funcionarios del Poder Ejecutivo<\/strong> para explicar los alcances de los proyectos.<\/p>\n\n\n\n<p>Este jueves se llev\u00f3 a cabo en el recinto de la Legislatura provincial la primera sesi\u00f3n ordinaria del per\u00edodo legislativo 2026, presidida por la vicegobernadora y presidenta de la C\u00e1mara de Diputados,<strong> Alicia Mayoral.<\/strong> La diputada Andrea Valderrama inform\u00f3 que la pr\u00f3xima semana comenzar\u00e1 en comisi\u00f3n el tratamiento de los proyectos vinculados a la concesi\u00f3n del \u00e1rea hidrocarbur\u00edfera.<\/p>\n\n\n\n<p>Hay tres iniciativas: dos proyectos de ley, del bloque del Frejupa y de Comunidad Organizada, y un anteproyecto del intendente Leonel Monsalve (Pro), de la municipalidad de 25 de Mayo. Se descuenta que este \u00faltimo ser\u00e1 tomado por el bloque del Pro y se convertir\u00e1 en proyecto de ley.<\/p>\n\n\n\n<p><strong>Los 30 legisladores deben definir si se llama a una nueva licitaci\u00f3n -luego del fracaso de la reciente convocatoria- o si, directamente, se le otorga la operaci\u00f3n del \u00e1rea a la empresa estatal Pampetrol por un plazo m\u00e1ximo de 2 a\u00f1os -hasta que se defina a la nueva operadora-.<\/strong><\/p>\n\n\n\n<p>Seg\u00fan explic\u00f3 la legisladora Valderrama, la decisi\u00f3n fue acordada entre las autoridades de las comisiones intervinientes. En ese sentido, precis\u00f3 que el abordaje inicial incluir\u00e1 la convocatoria a funcionarios del Poder Ejecutivo provincial, con el objetivo de brindar informaci\u00f3n y poner en conocimiento los alcances de las iniciativas.<\/p>\n\n\n\n<p>Asimismo, adelant\u00f3 que en los pr\u00f3ximos d\u00edas se confirmar\u00e1 el cronograma de reuniones de las comisiones de Hacienda y Presupuesto y de Asuntos Agrarios, donde se llevar\u00e1 adelante el an\u00e1lisis de los proyectos.<\/p>\n\n\n\n<div style=\"height:100px\" aria-hidden=\"true\" class=\"wp-block-spacer\"><\/div>\n\n\n\n<p><strong>La discusi\u00f3n en Diputados<\/strong><\/p>\n\n\n\n<p>En la Legislatura<strong>, los 15 diputados del peronismo promueven que Pampetrol asuma la operaci\u00f3n desde el 19 de junio. Los 15 legisladores opositores de la UCR, Comunidad Organizada y el Pro rechazan esa alternativa o ponen reparos.<\/strong><\/p>\n\n\n\n<p>El \u00e1rea est\u00e1 ubicada a 40 kil\u00f3metros de 25 de Mayo y abarca <strong>834,3 kil\u00f3metros cuadrados<\/strong>. Es el principal yacimiento hidrocarbur\u00edfero de La Pampa: cuenta con <strong>267 pozos activos y 48 abandonados<\/strong>, aporta el <strong>34 % de la producci\u00f3n provincial<\/strong> y representa cerca del <strong>10 % de los ingresos fiscales pampeanos<\/strong>.<\/p>\n\n\n\n<p><strong>Petroqu\u00edmica Comodoro Rivadavia (PCR)<\/strong> opera el \u00e1rea desde 1992. En 2016 obtuvo una pr\u00f3rroga por diez a\u00f1os, con <strong>regal\u00edas cercanas al 35 %<\/strong>, seg\u00fan el precio del crudo, y una participaci\u00f3n del <strong>20 % de Pampetrol<\/strong>. El contrato vence a mediados de junio.<\/p>\n\n\n\n<p>La Legislatura debate desde 2024 las condiciones para una nueva concesi\u00f3n. El proceso iniciado en diciembre de 2025 fracas\u00f3 por falta de ofertas.<\/p>\n\n\n\n<p>El pliego establec\u00eda <strong>regal\u00edas m\u00f3viles del 15 % al 20 %<\/strong>, un <strong>bono m\u00ednimo de 50 millones de d\u00f3lares<\/strong> -con destino parcial a municipios y a un parque fotovoltaico en 25 de Mayo- y la exigencia de que el <strong>80 % de la mano de obra fuera pampeana<\/strong>.<\/p>\n\n\n\n<p>Entre los factores que desalentaron ofertas se mencionan el <strong>precio del crudo por debajo de los 60 d\u00f3lares<\/strong>, el aumento de costos operativos, la madurez del yacimiento y la migraci\u00f3n de grandes compa\u00f1\u00edas hacia <strong>Vaca Muerta<\/strong>.<\/p>\n\n\n\n<div style=\"height:100px\" aria-hidden=\"true\" class=\"wp-block-spacer\"><\/div>\n\n\n\n<p><strong>El proyecto del oficialismo<\/strong><\/p>\n\n\n\n<p>Ayer, el diputado provincial <strong>Daniel Lovera<\/strong> (Frejupa, peronismo) afirm\u00f3 que ya no hay tiempo material para convocar a una nueva licitaci\u00f3n del \u00e1rea hidrocarbur\u00edfera <strong>El Medanito<\/strong> antes del vencimiento de la concesi\u00f3n, el pr\u00f3ximo 19 de junio, y defendi\u00f3 la propuesta del oficialismo para que la empresa estatal <strong>Pampetrol<\/strong> asuma la operaci\u00f3n de manera transitoria. \u201cEl proyecto (del peronismo) le da previsibilidad y una transici\u00f3n ordenada hasta el llamado a una nueva licitaci\u00f3n, garantizando mantener los puestos de trabajo\u201d, resalt\u00f3 en di\u00e1logo con<strong> Diario Textual.<\/strong><\/p>\n\n\n\n<figure class=\"wp-block-embed is-type-wp-embed is-provider-diario-textual wp-block-embed-diario-textual\"><div class=\"wp-block-embed__wrapper\">\n<blockquote class=\"wp-embedded-content\" data-secret=\"DSDQ7y0rkr\"><a href=\"https:\/\/diariotextual.com\/inicio\/index.php\/2026\/03\/04\/lovera-con-pampetrol-se-garantizaran-los-puestos-de-trabajo-en-el-medanito\/\">Lovera: \u201cCon Pampetrol se garantizar\u00e1n los puestos de trabajo en El Medanito\u201d<\/a><\/blockquote><iframe class=\"wp-embedded-content\" sandbox=\"allow-scripts\" security=\"restricted\" style=\"position: absolute; visibility: hidden;\" title=\"\u00abLovera: \u201cCon Pampetrol se garantizar\u00e1n los puestos de trabajo en El Medanito\u201d\u00bb \u2014 Diario Textual\" src=\"https:\/\/diariotextual.com\/inicio\/index.php\/2026\/03\/04\/lovera-con-pampetrol-se-garantizaran-los-puestos-de-trabajo-en-el-medanito\/embed\/#?secret=vcegem6M5x#?secret=DSDQ7y0rkr\" data-secret=\"DSDQ7y0rkr\" width=\"600\" height=\"338\" frameborder=\"0\" marginwidth=\"0\" marginheight=\"0\" scrolling=\"no\"><\/iframe>\n<\/div><\/figure>\n\n\n\n<p><\/p>\n\n\n\n<p>Seg\u00fan explic\u00f3, el proyecto impulsado por el gobernador <strong>Sergio Ziliotto<\/strong> y que tiene el respado de los 15 legisladores del peronismo establece un r\u00e9gimen excepcional por un plazo m\u00e1ximo de 24 meses, destinado a garantizar la continuidad productiva, preservar entre 300 y 400 puestos de trabajo directos e indirectos y mantener la previsibilidad hasta que se concrete una nueva licitaci\u00f3n. <strong>Remarc\u00f3 que el plazo es m\u00e1ximo y que podr\u00eda convocarse a licitaci\u00f3n antes si las condiciones lo permiten.<\/strong><\/p>\n\n\n\n<p>En la Legislatura, los 15 diputados peronistas apoyan esta alternativa, mientras que los 15 opositores de la UCR, Comunidad Organizada y Pro la rechazan. En paralelo, el intendente de 25 de Mayo, <strong>Leonel Monsalve<\/strong>, present\u00f3 en las \u00faltimas horas un anteproyecto para impulsar una licitaci\u00f3n expr\u00e9s con condiciones m\u00e1s flexibles que el pliego anterior, que fue declarado desierto por falta de ofertas. Por lo pronto, Lovera tuvo duras expresiones al jefe comunal.<\/p>\n\n\n\n<p>El proyecto del peronismo sostiene que una decisi\u00f3n r\u00e1pida es indispensable para evitar ca\u00edda de producci\u00f3n y propone que Pampetrol reorganice sus \u00e1reas, incorpore El Medanito y contrate un operador transitorio, con inversiones m\u00ednimas orientadas a sostener la actividad, el empleo y el cuidado ambiental hasta definir una concesi\u00f3n de largo plazo.<\/p>\n\n\n\n<div style=\"height:100px\" aria-hidden=\"true\" class=\"wp-block-spacer\"><\/div>\n\n\n\n<p><strong>El anteproyecto<\/strong><\/p>\n\n\n\n<p>El martes, el intendente de 25 de Mayo, <strong>Leonel Monsalve (Pro)<\/strong>, present\u00f3 en la Legislatura un <strong>anteproyecto de ley<\/strong> para impulsar una <strong>licitaci\u00f3n expr\u00e9s<\/strong>.<\/p>\n\n\n\n<p>La iniciativa constituye un desaf\u00edo directo al sector del vernismo en la C\u00e1mara de Diputados, que luego del fracaso del \u00faltimo proceso licitatorio propone que la estatal <strong>Pampetrol<\/strong> opere el yacimiento durante dos a\u00f1os. El jefe comunal sostiene que una empresa privada garantizar\u00eda <strong>inversiones inmediatas y sostenidas<\/strong> para preservar los <strong>puestos de trabajo<\/strong>.<\/p>\n\n\n\n<p>Los principales cambios respecto del pliego que fue declarado desierto son tres: <strong>regal\u00edas a la baja<\/strong> -del esquema m\u00f3vil entre 15 % y 20 % se pasa a un promedio del 15 %, con posibilidad de ser mayor o menor seg\u00fan la oferta-; un <strong>bono de ingreso de 15 millones de d\u00f3lares<\/strong> -el anterior exig\u00eda 50 millones-; y la <strong>suspensi\u00f3n del art\u00edculo 16 de la Ley 2675 de Hidrocarburos de La Pampa<\/strong>, que impidi\u00f3 participar a la actual operadora, <strong>Petroqu\u00edmica Comodoro Rivadavia (PCR)<\/strong>.<\/p>\n\n\n\n<p>La <strong>suspensi\u00f3n del art\u00edculo 16<\/strong> es el punto central del nuevo proyecto: permitir\u00eda que empresas que ya operan \u00e1reas en la provincia puedan competir en futuras licitaciones. Actualmente, ese art\u00edculo funciona como una barrera que deja fuera a cualquier operadora con pasivos ambientales sin remediar.<\/p>\n\n\n\n<p><\/p>\n","protected":false},"excerpt":{"rendered":"<p>En la Legislatura de La Pampa se inici\u00f3 el debate por el futuro del principal yacimiento petrolero de la provincia. Con tres iniciativas en discusi\u00f3n, los bloques deber\u00e1n resolver si&hellip;<\/p>\n","protected":false},"author":3,"featured_media":321471,"comment_status":"closed","ping_status":"open","sticky":false,"template":"","format":"standard","meta":{"_acf_changed":false,"footnotes":""},"categories":[1,11,8],"tags":[],"class_list":["post-321468","post","type-post","status-publish","format-standard","has-post-thumbnail","hentry","category-es-noticia","category-que-pasa","category-politica"],"acf":[],"yoast_head":"<!-- This site is optimized with the Yoast SEO plugin v27.5 - https:\/\/yoast.com\/product\/yoast-seo-wordpress\/ -->\n<title>Ingresaron los nuevos proyectos por El Medanito y definen llamar a funcionarios a la Legislatura - Diario Textual<\/title>\n<meta name=\"robots\" content=\"index, follow, max-snippet:-1, max-image-preview:large, max-video-preview:-1\" \/>\n<link rel=\"canonical\" href=\"https:\/\/diariotextual.com\/inicio\/index.php\/2026\/03\/05\/ingresaron-los-nuevos-proyectos-por-el-medanito-y-definen-llamar-a-funcionarios-a-la-legislatura\/\" \/>\n<meta property=\"og:locale\" content=\"es_ES\" \/>\n<meta property=\"og:type\" content=\"article\" \/>\n<meta property=\"og:title\" content=\"Ingresaron los nuevos proyectos por El Medanito y definen llamar a funcionarios a la Legislatura - Diario Textual\" \/>\n<meta property=\"og:description\" content=\"En la Legislatura de La Pampa se inici\u00f3 el debate por el futuro del principal yacimiento petrolero de la provincia. Con tres iniciativas en discusi\u00f3n, los bloques deber\u00e1n resolver si&hellip;\" \/>\n<meta property=\"og:url\" content=\"https:\/\/diariotextual.com\/inicio\/index.php\/2026\/03\/05\/ingresaron-los-nuevos-proyectos-por-el-medanito-y-definen-llamar-a-funcionarios-a-la-legislatura\/\" \/>\n<meta property=\"og:site_name\" content=\"Diario Textual\" \/>\n<meta property=\"article:publisher\" content=\"https:\/\/www.facebook.com\/eltextual\" \/>\n<meta property=\"article:published_time\" content=\"2026-03-05T17:00:56+00:00\" \/>\n<meta property=\"article:modified_time\" content=\"2026-03-06T10:14:47+00:00\" \/>\n<meta property=\"og:image\" content=\"https:\/\/diariotextual.com\/inicio\/wp-content\/uploads\/2026\/03\/legislaturadiputadosloveraaltolaguirretrapagliaelmedanito2026-777.jpg\" \/>\n\t<meta property=\"og:image:width\" content=\"1200\" \/>\n\t<meta property=\"og:image:height\" content=\"805\" \/>\n\t<meta property=\"og:image:type\" content=\"image\/jpeg\" \/>\n<meta name=\"author\" content=\"Diario1 Diario1\" \/>\n<meta name=\"twitter:card\" content=\"summary_large_image\" \/>\n<meta name=\"twitter:creator\" content=\"@eltextual\" \/>\n<meta name=\"twitter:site\" content=\"@eltextual\" \/>\n<meta name=\"twitter:label1\" content=\"Escrito por\" \/>\n\t<meta name=\"twitter:data1\" content=\"Diario1 Diario1\" \/>\n\t<meta name=\"twitter:label2\" content=\"Tiempo de lectura\" \/>\n\t<meta name=\"twitter:data2\" content=\"6 minutos\" \/>\n<script type=\"application\/ld+json\" class=\"yoast-schema-graph\">{\"@context\":\"https:\\\/\\\/schema.org\",\"@graph\":[{\"@type\":\"Article\",\"@id\":\"https:\\\/\\\/diariotextual.com\\\/inicio\\\/index.php\\\/2026\\\/03\\\/05\\\/ingresaron-los-nuevos-proyectos-por-el-medanito-y-definen-llamar-a-funcionarios-a-la-legislatura\\\/#article\",\"isPartOf\":{\"@id\":\"https:\\\/\\\/diariotextual.com\\\/inicio\\\/index.php\\\/2026\\\/03\\\/05\\\/ingresaron-los-nuevos-proyectos-por-el-medanito-y-definen-llamar-a-funcionarios-a-la-legislatura\\\/\"},\"author\":{\"name\":\"Diario1 Diario1\",\"@id\":\"https:\\\/\\\/diariotextual.com\\\/inicio\\\/#\\\/schema\\\/person\\\/418fc4093c33e86ed41562db3508f958\"},\"headline\":\"Ingresaron los nuevos proyectos por El Medanito y definen llamar a funcionarios a la Legislatura\",\"datePublished\":\"2026-03-05T17:00:56+00:00\",\"dateModified\":\"2026-03-06T10:14:47+00:00\",\"mainEntityOfPage\":{\"@id\":\"https:\\\/\\\/diariotextual.com\\\/inicio\\\/index.php\\\/2026\\\/03\\\/05\\\/ingresaron-los-nuevos-proyectos-por-el-medanito-y-definen-llamar-a-funcionarios-a-la-legislatura\\\/\"},\"wordCount\":1107,\"publisher\":{\"@id\":\"https:\\\/\\\/diariotextual.com\\\/inicio\\\/#organization\"},\"image\":{\"@id\":\"https:\\\/\\\/diariotextual.com\\\/inicio\\\/index.php\\\/2026\\\/03\\\/05\\\/ingresaron-los-nuevos-proyectos-por-el-medanito-y-definen-llamar-a-funcionarios-a-la-legislatura\\\/#primaryimage\"},\"thumbnailUrl\":\"https:\\\/\\\/diariotextual.com\\\/inicio\\\/wp-content\\\/uploads\\\/2026\\\/03\\\/legislaturadiputadosloveraaltolaguirretrapagliaelmedanito2026-777.jpg\",\"articleSection\":[\"A - ES NOTICIA (van abajo)\",\"A - QUE PASA (al costado)\",\"POLITICA\"],\"inLanguage\":\"es\"},{\"@type\":\"WebPage\",\"@id\":\"https:\\\/\\\/diariotextual.com\\\/inicio\\\/index.php\\\/2026\\\/03\\\/05\\\/ingresaron-los-nuevos-proyectos-por-el-medanito-y-definen-llamar-a-funcionarios-a-la-legislatura\\\/\",\"url\":\"https:\\\/\\\/diariotextual.com\\\/inicio\\\/index.php\\\/2026\\\/03\\\/05\\\/ingresaron-los-nuevos-proyectos-por-el-medanito-y-definen-llamar-a-funcionarios-a-la-legislatura\\\/\",\"name\":\"Ingresaron los nuevos proyectos por El Medanito y definen llamar a funcionarios a la Legislatura - Diario Textual\",\"isPartOf\":{\"@id\":\"https:\\\/\\\/diariotextual.com\\\/inicio\\\/#website\"},\"primaryImageOfPage\":{\"@id\":\"https:\\\/\\\/diariotextual.com\\\/inicio\\\/index.php\\\/2026\\\/03\\\/05\\\/ingresaron-los-nuevos-proyectos-por-el-medanito-y-definen-llamar-a-funcionarios-a-la-legislatura\\\/#primaryimage\"},\"image\":{\"@id\":\"https:\\\/\\\/diariotextual.com\\\/inicio\\\/index.php\\\/2026\\\/03\\\/05\\\/ingresaron-los-nuevos-proyectos-por-el-medanito-y-definen-llamar-a-funcionarios-a-la-legislatura\\\/#primaryimage\"},\"thumbnailUrl\":\"https:\\\/\\\/diariotextual.com\\\/inicio\\\/wp-content\\\/uploads\\\/2026\\\/03\\\/legislaturadiputadosloveraaltolaguirretrapagliaelmedanito2026-777.jpg\",\"datePublished\":\"2026-03-05T17:00:56+00:00\",\"dateModified\":\"2026-03-06T10:14:47+00:00\",\"breadcrumb\":{\"@id\":\"https:\\\/\\\/diariotextual.com\\\/inicio\\\/index.php\\\/2026\\\/03\\\/05\\\/ingresaron-los-nuevos-proyectos-por-el-medanito-y-definen-llamar-a-funcionarios-a-la-legislatura\\\/#breadcrumb\"},\"inLanguage\":\"es\",\"potentialAction\":[{\"@type\":\"ReadAction\",\"target\":[\"https:\\\/\\\/diariotextual.com\\\/inicio\\\/index.php\\\/2026\\\/03\\\/05\\\/ingresaron-los-nuevos-proyectos-por-el-medanito-y-definen-llamar-a-funcionarios-a-la-legislatura\\\/\"]}]},{\"@type\":\"ImageObject\",\"inLanguage\":\"es\",\"@id\":\"https:\\\/\\\/diariotextual.com\\\/inicio\\\/index.php\\\/2026\\\/03\\\/05\\\/ingresaron-los-nuevos-proyectos-por-el-medanito-y-definen-llamar-a-funcionarios-a-la-legislatura\\\/#primaryimage\",\"url\":\"https:\\\/\\\/diariotextual.com\\\/inicio\\\/wp-content\\\/uploads\\\/2026\\\/03\\\/legislaturadiputadosloveraaltolaguirretrapagliaelmedanito2026-777.jpg\",\"contentUrl\":\"https:\\\/\\\/diariotextual.com\\\/inicio\\\/wp-content\\\/uploads\\\/2026\\\/03\\\/legislaturadiputadosloveraaltolaguirretrapagliaelmedanito2026-777.jpg\",\"width\":1200,\"height\":805},{\"@type\":\"BreadcrumbList\",\"@id\":\"https:\\\/\\\/diariotextual.com\\\/inicio\\\/index.php\\\/2026\\\/03\\\/05\\\/ingresaron-los-nuevos-proyectos-por-el-medanito-y-definen-llamar-a-funcionarios-a-la-legislatura\\\/#breadcrumb\",\"itemListElement\":[{\"@type\":\"ListItem\",\"position\":1,\"name\":\"Portada\",\"item\":\"https:\\\/\\\/diariotextual.com\\\/inicio\\\/\"},{\"@type\":\"ListItem\",\"position\":2,\"name\":\"Ingresaron los nuevos proyectos por El Medanito y definen llamar a funcionarios a la Legislatura\"}]},{\"@type\":\"WebSite\",\"@id\":\"https:\\\/\\\/diariotextual.com\\\/inicio\\\/#website\",\"url\":\"https:\\\/\\\/diariotextual.com\\\/inicio\\\/\",\"name\":\"Diario Textual\",\"description\":\"\",\"publisher\":{\"@id\":\"https:\\\/\\\/diariotextual.com\\\/inicio\\\/#organization\"},\"potentialAction\":[{\"@type\":\"SearchAction\",\"target\":{\"@type\":\"EntryPoint\",\"urlTemplate\":\"https:\\\/\\\/diariotextual.com\\\/inicio\\\/?s={search_term_string}\"},\"query-input\":{\"@type\":\"PropertyValueSpecification\",\"valueRequired\":true,\"valueName\":\"search_term_string\"}}],\"inLanguage\":\"es\"},{\"@type\":\"Organization\",\"@id\":\"https:\\\/\\\/diariotextual.com\\\/inicio\\\/#organization\",\"name\":\"Diario Textual\",\"url\":\"https:\\\/\\\/diariotextual.com\\\/inicio\\\/\",\"logo\":{\"@type\":\"ImageObject\",\"inLanguage\":\"es\",\"@id\":\"https:\\\/\\\/diariotextual.com\\\/inicio\\\/#\\\/schema\\\/logo\\\/image\\\/\",\"url\":\"https:\\\/\\\/diariotextual.com\\\/inicio\\\/wp-content\\\/uploads\\\/2023\\\/05\\\/logotextual1.jpg\",\"contentUrl\":\"https:\\\/\\\/diariotextual.com\\\/inicio\\\/wp-content\\\/uploads\\\/2023\\\/05\\\/logotextual1.jpg\",\"width\":516,\"height\":76,\"caption\":\"Diario Textual\"},\"image\":{\"@id\":\"https:\\\/\\\/diariotextual.com\\\/inicio\\\/#\\\/schema\\\/logo\\\/image\\\/\"},\"sameAs\":[\"https:\\\/\\\/www.facebook.com\\\/eltextual\",\"https:\\\/\\\/x.com\\\/eltextual\",\"http:\\\/\\\/www.instagram.com\\\/eltextual\"]},{\"@type\":\"Person\",\"@id\":\"https:\\\/\\\/diariotextual.com\\\/inicio\\\/#\\\/schema\\\/person\\\/418fc4093c33e86ed41562db3508f958\",\"name\":\"Diario1 Diario1\",\"image\":{\"@type\":\"ImageObject\",\"inLanguage\":\"es\",\"@id\":\"https:\\\/\\\/secure.gravatar.com\\\/avatar\\\/9167d280179c85bc18be67aa7eda765854300033af4896dd779b608640f2ef7a?s=96&d=mm&r=g\",\"url\":\"https:\\\/\\\/secure.gravatar.com\\\/avatar\\\/9167d280179c85bc18be67aa7eda765854300033af4896dd779b608640f2ef7a?s=96&d=mm&r=g\",\"contentUrl\":\"https:\\\/\\\/secure.gravatar.com\\\/avatar\\\/9167d280179c85bc18be67aa7eda765854300033af4896dd779b608640f2ef7a?s=96&d=mm&r=g\",\"caption\":\"Diario1 Diario1\"},\"url\":\"https:\\\/\\\/diariotextual.com\\\/inicio\\\/index.php\\\/author\\\/diario1\\\/\"}]}<\/script>\n<!-- \/ Yoast SEO plugin. -->","yoast_head_json":{"title":"Ingresaron los nuevos proyectos por El Medanito y definen llamar a funcionarios a la Legislatura - Diario Textual","robots":{"index":"index","follow":"follow","max-snippet":"max-snippet:-1","max-image-preview":"max-image-preview:large","max-video-preview":"max-video-preview:-1"},"canonical":"https:\/\/diariotextual.com\/inicio\/index.php\/2026\/03\/05\/ingresaron-los-nuevos-proyectos-por-el-medanito-y-definen-llamar-a-funcionarios-a-la-legislatura\/","og_locale":"es_ES","og_type":"article","og_title":"Ingresaron los nuevos proyectos por El Medanito y definen llamar a funcionarios a la Legislatura - Diario Textual","og_description":"En la Legislatura de La Pampa se inici\u00f3 el debate por el futuro del principal yacimiento petrolero de la provincia. Con tres iniciativas en discusi\u00f3n, los bloques deber\u00e1n resolver si&hellip;","og_url":"https:\/\/diariotextual.com\/inicio\/index.php\/2026\/03\/05\/ingresaron-los-nuevos-proyectos-por-el-medanito-y-definen-llamar-a-funcionarios-a-la-legislatura\/","og_site_name":"Diario Textual","article_publisher":"https:\/\/www.facebook.com\/eltextual","article_published_time":"2026-03-05T17:00:56+00:00","article_modified_time":"2026-03-06T10:14:47+00:00","og_image":[{"width":1200,"height":805,"url":"https:\/\/diariotextual.com\/inicio\/wp-content\/uploads\/2026\/03\/legislaturadiputadosloveraaltolaguirretrapagliaelmedanito2026-777.jpg","type":"image\/jpeg"}],"author":"Diario1 Diario1","twitter_card":"summary_large_image","twitter_creator":"@eltextual","twitter_site":"@eltextual","twitter_misc":{"Escrito por":"Diario1 Diario1","Tiempo de lectura":"6 minutos"},"schema":{"@context":"https:\/\/schema.org","@graph":[{"@type":"Article","@id":"https:\/\/diariotextual.com\/inicio\/index.php\/2026\/03\/05\/ingresaron-los-nuevos-proyectos-por-el-medanito-y-definen-llamar-a-funcionarios-a-la-legislatura\/#article","isPartOf":{"@id":"https:\/\/diariotextual.com\/inicio\/index.php\/2026\/03\/05\/ingresaron-los-nuevos-proyectos-por-el-medanito-y-definen-llamar-a-funcionarios-a-la-legislatura\/"},"author":{"name":"Diario1 Diario1","@id":"https:\/\/diariotextual.com\/inicio\/#\/schema\/person\/418fc4093c33e86ed41562db3508f958"},"headline":"Ingresaron los nuevos proyectos por El Medanito y definen llamar a funcionarios a la Legislatura","datePublished":"2026-03-05T17:00:56+00:00","dateModified":"2026-03-06T10:14:47+00:00","mainEntityOfPage":{"@id":"https:\/\/diariotextual.com\/inicio\/index.php\/2026\/03\/05\/ingresaron-los-nuevos-proyectos-por-el-medanito-y-definen-llamar-a-funcionarios-a-la-legislatura\/"},"wordCount":1107,"publisher":{"@id":"https:\/\/diariotextual.com\/inicio\/#organization"},"image":{"@id":"https:\/\/diariotextual.com\/inicio\/index.php\/2026\/03\/05\/ingresaron-los-nuevos-proyectos-por-el-medanito-y-definen-llamar-a-funcionarios-a-la-legislatura\/#primaryimage"},"thumbnailUrl":"https:\/\/diariotextual.com\/inicio\/wp-content\/uploads\/2026\/03\/legislaturadiputadosloveraaltolaguirretrapagliaelmedanito2026-777.jpg","articleSection":["A - ES NOTICIA (van abajo)","A - QUE PASA (al costado)","POLITICA"],"inLanguage":"es"},{"@type":"WebPage","@id":"https:\/\/diariotextual.com\/inicio\/index.php\/2026\/03\/05\/ingresaron-los-nuevos-proyectos-por-el-medanito-y-definen-llamar-a-funcionarios-a-la-legislatura\/","url":"https:\/\/diariotextual.com\/inicio\/index.php\/2026\/03\/05\/ingresaron-los-nuevos-proyectos-por-el-medanito-y-definen-llamar-a-funcionarios-a-la-legislatura\/","name":"Ingresaron los nuevos proyectos por El Medanito y definen llamar a funcionarios a la Legislatura - Diario Textual","isPartOf":{"@id":"https:\/\/diariotextual.com\/inicio\/#website"},"primaryImageOfPage":{"@id":"https:\/\/diariotextual.com\/inicio\/index.php\/2026\/03\/05\/ingresaron-los-nuevos-proyectos-por-el-medanito-y-definen-llamar-a-funcionarios-a-la-legislatura\/#primaryimage"},"image":{"@id":"https:\/\/diariotextual.com\/inicio\/index.php\/2026\/03\/05\/ingresaron-los-nuevos-proyectos-por-el-medanito-y-definen-llamar-a-funcionarios-a-la-legislatura\/#primaryimage"},"thumbnailUrl":"https:\/\/diariotextual.com\/inicio\/wp-content\/uploads\/2026\/03\/legislaturadiputadosloveraaltolaguirretrapagliaelmedanito2026-777.jpg","datePublished":"2026-03-05T17:00:56+00:00","dateModified":"2026-03-06T10:14:47+00:00","breadcrumb":{"@id":"https:\/\/diariotextual.com\/inicio\/index.php\/2026\/03\/05\/ingresaron-los-nuevos-proyectos-por-el-medanito-y-definen-llamar-a-funcionarios-a-la-legislatura\/#breadcrumb"},"inLanguage":"es","potentialAction":[{"@type":"ReadAction","target":["https:\/\/diariotextual.com\/inicio\/index.php\/2026\/03\/05\/ingresaron-los-nuevos-proyectos-por-el-medanito-y-definen-llamar-a-funcionarios-a-la-legislatura\/"]}]},{"@type":"ImageObject","inLanguage":"es","@id":"https:\/\/diariotextual.com\/inicio\/index.php\/2026\/03\/05\/ingresaron-los-nuevos-proyectos-por-el-medanito-y-definen-llamar-a-funcionarios-a-la-legislatura\/#primaryimage","url":"https:\/\/diariotextual.com\/inicio\/wp-content\/uploads\/2026\/03\/legislaturadiputadosloveraaltolaguirretrapagliaelmedanito2026-777.jpg","contentUrl":"https:\/\/diariotextual.com\/inicio\/wp-content\/uploads\/2026\/03\/legislaturadiputadosloveraaltolaguirretrapagliaelmedanito2026-777.jpg","width":1200,"height":805},{"@type":"BreadcrumbList","@id":"https:\/\/diariotextual.com\/inicio\/index.php\/2026\/03\/05\/ingresaron-los-nuevos-proyectos-por-el-medanito-y-definen-llamar-a-funcionarios-a-la-legislatura\/#breadcrumb","itemListElement":[{"@type":"ListItem","position":1,"name":"Portada","item":"https:\/\/diariotextual.com\/inicio\/"},{"@type":"ListItem","position":2,"name":"Ingresaron los nuevos proyectos por El Medanito y definen llamar a funcionarios a la Legislatura"}]},{"@type":"WebSite","@id":"https:\/\/diariotextual.com\/inicio\/#website","url":"https:\/\/diariotextual.com\/inicio\/","name":"Diario Textual","description":"","publisher":{"@id":"https:\/\/diariotextual.com\/inicio\/#organization"},"potentialAction":[{"@type":"SearchAction","target":{"@type":"EntryPoint","urlTemplate":"https:\/\/diariotextual.com\/inicio\/?s={search_term_string}"},"query-input":{"@type":"PropertyValueSpecification","valueRequired":true,"valueName":"search_term_string"}}],"inLanguage":"es"},{"@type":"Organization","@id":"https:\/\/diariotextual.com\/inicio\/#organization","name":"Diario Textual","url":"https:\/\/diariotextual.com\/inicio\/","logo":{"@type":"ImageObject","inLanguage":"es","@id":"https:\/\/diariotextual.com\/inicio\/#\/schema\/logo\/image\/","url":"https:\/\/diariotextual.com\/inicio\/wp-content\/uploads\/2023\/05\/logotextual1.jpg","contentUrl":"https:\/\/diariotextual.com\/inicio\/wp-content\/uploads\/2023\/05\/logotextual1.jpg","width":516,"height":76,"caption":"Diario Textual"},"image":{"@id":"https:\/\/diariotextual.com\/inicio\/#\/schema\/logo\/image\/"},"sameAs":["https:\/\/www.facebook.com\/eltextual","https:\/\/x.com\/eltextual","http:\/\/www.instagram.com\/eltextual"]},{"@type":"Person","@id":"https:\/\/diariotextual.com\/inicio\/#\/schema\/person\/418fc4093c33e86ed41562db3508f958","name":"Diario1 Diario1","image":{"@type":"ImageObject","inLanguage":"es","@id":"https:\/\/secure.gravatar.com\/avatar\/9167d280179c85bc18be67aa7eda765854300033af4896dd779b608640f2ef7a?s=96&d=mm&r=g","url":"https:\/\/secure.gravatar.com\/avatar\/9167d280179c85bc18be67aa7eda765854300033af4896dd779b608640f2ef7a?s=96&d=mm&r=g","contentUrl":"https:\/\/secure.gravatar.com\/avatar\/9167d280179c85bc18be67aa7eda765854300033af4896dd779b608640f2ef7a?s=96&d=mm&r=g","caption":"Diario1 Diario1"},"url":"https:\/\/diariotextual.com\/inicio\/index.php\/author\/diario1\/"}]}},"_links":{"self":[{"href":"https:\/\/diariotextual.com\/inicio\/index.php\/wp-json\/wp\/v2\/posts\/321468","targetHints":{"allow":["GET"]}}],"collection":[{"href":"https:\/\/diariotextual.com\/inicio\/index.php\/wp-json\/wp\/v2\/posts"}],"about":[{"href":"https:\/\/diariotextual.com\/inicio\/index.php\/wp-json\/wp\/v2\/types\/post"}],"author":[{"embeddable":true,"href":"https:\/\/diariotextual.com\/inicio\/index.php\/wp-json\/wp\/v2\/users\/3"}],"replies":[{"embeddable":true,"href":"https:\/\/diariotextual.com\/inicio\/index.php\/wp-json\/wp\/v2\/comments?post=321468"}],"version-history":[{"count":3,"href":"https:\/\/diariotextual.com\/inicio\/index.php\/wp-json\/wp\/v2\/posts\/321468\/revisions"}],"predecessor-version":[{"id":321472,"href":"https:\/\/diariotextual.com\/inicio\/index.php\/wp-json\/wp\/v2\/posts\/321468\/revisions\/321472"}],"wp:featuredmedia":[{"embeddable":true,"href":"https:\/\/diariotextual.com\/inicio\/index.php\/wp-json\/wp\/v2\/media\/321471"}],"wp:attachment":[{"href":"https:\/\/diariotextual.com\/inicio\/index.php\/wp-json\/wp\/v2\/media?parent=321468"}],"wp:term":[{"taxonomy":"category","embeddable":true,"href":"https:\/\/diariotextual.com\/inicio\/index.php\/wp-json\/wp\/v2\/categories?post=321468"},{"taxonomy":"post_tag","embeddable":true,"href":"https:\/\/diariotextual.com\/inicio\/index.php\/wp-json\/wp\/v2\/tags?post=321468"}],"curies":[{"name":"wp","href":"https:\/\/api.w.org\/{rel}","templated":true}]}}