{"id":321473,"date":"2026-03-05T14:13:30","date_gmt":"2026-03-05T17:13:30","guid":{"rendered":"https:\/\/diariotextual.com\/inicio\/?p=321473"},"modified":"2026-03-06T16:45:33","modified_gmt":"2026-03-06T19:45:33","slug":"lovera-abona-la-unidad-y-dice-que-no-hay-ziliottismo-la-plural-es-una-sola","status":"publish","type":"post","link":"https:\/\/diariotextual.com\/inicio\/index.php\/2026\/03\/05\/lovera-abona-la-unidad-y-dice-que-no-hay-ziliottismo-la-plural-es-una-sola\/","title":{"rendered":"Lovera resalta que se busque la unidad y dice que no hay ziliottismo: \u201cLa Plural es una sola\u201d"},"content":{"rendered":"\n<p><strong>Daniel Lovera<\/strong>, presidente del bloque de diputados del <strong>Frejupa<\/strong>, dio una se\u00f1al de <strong>unidad<\/strong> luego del respaldo que le dio un sector del <strong>peronismo capitalino<\/strong>: uno de los dirigentes m\u00e1s cercanos a <strong>Carlos Verna<\/strong> dijo que <strong>\u201cla (l\u00ednea peronista) Plural es una sola\u201d<\/strong> y de esa manera descart\u00f3 que exista un <strong>\u201cziliottismo\u201d<\/strong> en el peronismo.<\/p>\n\n\n\n<p><strong>Lovera<\/strong>, al ser consultado por qu\u00e9 reemplaza a <strong>Espartaco Mar\u00edn<\/strong> al frente de la bancada peronista, dijo que <strong>no hay internas<\/strong> y que la decisi\u00f3n tiene que ver con la <strong>din\u00e1mica de comunicaci\u00f3n con el gobernador Sergio Ziliotto<\/strong>. \u201cEs una decisi\u00f3n para tener un <strong>nexo diferente con el gobernador<\/strong>. No hubo ninguna situaci\u00f3n distinta ni hay internas; el gobernador estaba al tanto de esto\u201d, resalt\u00f3.<\/p>\n\n\n\n<p>Dijo, al ser consultado, que <strong>no le consta<\/strong> que haya habido <strong>presi\u00f3n de Carlos Verna<\/strong> porque no quer\u00eda que <strong>Varinia Mar\u00edn<\/strong> fuera candidata a diputada el a\u00f1o pasado. \u201c\u00bfQui\u00e9n te dijo que Verna no quer\u00eda que Mar\u00edn fuera candidata? Est\u00e1s poniendo en palabras de otra persona. Que yo sepa, no pas\u00f3 eso. Cuando Verna habl\u00f3 en la conferencia de prensa, habl\u00f3 de otro candidato (por <strong>Abelardo Ferr\u00e1n<\/strong>)\u201d, manifest\u00f3.<\/p>\n\n\n\n<p><strong>-\u00bfQu\u00e9 implica el comunicado de la Plural Santa Rosa?<\/strong><\/p>\n\n\n\n<p><strong>-Lo mismo de siempre<\/strong>. Nosotros tenemos el mismo trato que tenemos siempre. Podemos tener algunas diferencias, pero <strong>La Plural sigue siendo la misma<\/strong>.<\/p>\n\n\n\n<p><strong>-\u00bfQui\u00e9n es la Plural Santa Rosa?<\/strong><\/p>\n\n\n\n<p><strong>-Preguntale al gobernador<\/strong>, que vive en <strong>Santa Rosa<\/strong>.<\/p>\n\n\n\n<p><strong>-\u00bfEs el ziliotismo?<\/strong><\/p>\n\n\n\n<p><strong>-No<\/strong>. Si fuera el ziliotismo no ser\u00eda <strong>la Plural<\/strong>, habr\u00eda <strong>dos l\u00edneas<\/strong>. Cuando dicen <strong>la Plural<\/strong>, la Plural es <strong>una<\/strong>. Cuando hablan de <strong>\u201cla Plural Santa Rosa\u201d<\/strong>, la Plural es <strong>una sola<\/strong>. No s\u00e9 por qu\u00e9 dicen otra cosa. Yo creo que no tiene sentido hablar de otra Plural si la Plural es una sola. <strong>Incluyendo al gobernador, obviamente<\/strong>, se entiende. No es que se est\u00e9 construyendo algo nuevo. Cada vez que se acercan <strong>a\u00f1os pol\u00edticos<\/strong> pasa lo mismo. No nos vamos a extra\u00f1ar de las cosas que pasan en esos momentos.<\/p>\n\n\n\n<p><strong>-\u00bfDescree un poco de ese apoyo?<\/strong><\/p>\n\n\n\n<p><strong>-\u00bfC\u00f3mo vamos a descreer de ese apoyo?<\/strong> Me llama la <strong>atenci\u00f3n<\/strong> que digan que apoya. <strong>\u00bfC\u00f3mo no van a apoyar si estamos todos dentro de la misma l\u00ednea?<\/strong> Me parece un tema <strong>irrelevante<\/strong>. Obviamente, estando dentro de una misma l\u00ednea podemos tener alguna discusi\u00f3n en alg\u00fan momento, pero <strong>apoyar se apoya<\/strong>, porque fue una <strong>decisi\u00f3n un\u00e1nime del bloque, consensuada<\/strong>. Son cosas que pasan en la <strong>pol\u00edtica<\/strong>.<\/p>\n\n\n\n<p>Como public\u00f3 Diario Textual, el&nbsp;<strong><a href=\"https:\/\/diariotextual.com\/inicio\/index.php\/2026\/03\/04\/senales-de-distension-entre-ziliotto-y-verna-el-respaldo-de-la-plural-capitalina-a-lovera\/\" target=\"_blank\" rel=\"noreferrer noopener\">comunicado difundido por la L\u00ednea Plural de Santa Rosa en respaldo a la presidencia del diputado Daniel Lovera<\/a><\/strong>&nbsp;al frente del&nbsp;<strong>bloque del Partido Justicialista<\/strong>&nbsp;en la&nbsp;<strong>Legislatura provincial<\/strong>&nbsp;fue una se\u00f1al pol\u00edtica que trasciende la discusi\u00f3n interna del&nbsp;<strong>oficialismo<\/strong>. En el texto, adem\u00e1s del apoyo al legislador, el sector convoc\u00f3 a dejar de lado diferencias y avanzar hacia la&nbsp;<strong>unidad<\/strong>, en un contexto en el que el&nbsp;<strong>peronismo pampeano<\/strong>&nbsp;ya empieza a mirar el&nbsp;<strong>escenario electoral de 2027<\/strong>.<\/p>\n\n\n\n<figure class=\"wp-block-embed is-type-wp-embed is-provider-diario-textual wp-block-embed-diario-textual\"><div class=\"wp-block-embed__wrapper\">\n<blockquote class=\"wp-embedded-content\" data-secret=\"KOeydCodIy\"><a href=\"https:\/\/diariotextual.com\/inicio\/index.php\/2026\/03\/05\/senales-de-distension-en-el-peronismo-pampeano-horizonte-de-unidad-hacia-2027\/\">Se\u00f1ales de distensi\u00f3n en el peronismo pampeano: \u00bfhorizonte de unidad hacia 2027?<\/a><\/blockquote><iframe class=\"wp-embedded-content\" sandbox=\"allow-scripts\" security=\"restricted\" style=\"position: absolute; visibility: hidden;\" title=\"\u00abSe\u00f1ales de distensi\u00f3n en el peronismo pampeano: \u00bfhorizonte de unidad hacia 2027?\u00bb \u2014 Diario Textual\" src=\"https:\/\/diariotextual.com\/inicio\/index.php\/2026\/03\/05\/senales-de-distension-en-el-peronismo-pampeano-horizonte-de-unidad-hacia-2027\/embed\/#?secret=sYtzsbPlJX#?secret=KOeydCodIy\" data-secret=\"KOeydCodIy\" width=\"600\" height=\"338\" frameborder=\"0\" marginwidth=\"0\" marginheight=\"0\" scrolling=\"no\"><\/iframe>\n<\/div><\/figure>\n\n\n\n<p>A trav\u00e9s de un comunicado, el espacio sostuvo que la defensa de \u201cpampeanas y pampeanos\u201d exige unidad del peronismo y expres\u00f3 su apoyo a la conducci\u00f3n legislativa que asumir\u00e1 Lovera dentro del bloque justicialista.<\/p>\n\n\n\n<p><\/p>\n\n\n\n<p><br>El pronunciamiento adquiere relevancia en un contexto de reacomodamientos internos y diferencias entre sectores del PJ provincial, especialmente entre dirigentes de Santa Rosa y del norte pampeano.<\/p>\n\n\n\n<p><br>En el texto difundido, la Plural afirm\u00f3 que el nuevo per\u00edodo pol\u00edtico debe estar guiado por la premisa \u201cprimero La Pampa, despu\u00e9s el movimiento y por \u00faltimo los hombres\u201d, y plante\u00f3 la necesidad de avanzar con menos personalismos y m\u00e1s acciones colectivas.<\/p>\n\n\n\n<p>El respaldo expl\u00edcito a Lovera, dirigente identificado con el esquema org\u00e1nico del oficialismo provincial, funciona adem\u00e1s como un gesto pol\u00edtico hacia el sector de General Pico, con el que en los \u00faltimos meses existieron fricciones por la conducci\u00f3n y la estrategia electoral.<\/p>\n\n\n\n<p><\/p>\n","protected":false},"excerpt":{"rendered":"<p>Daniel Lovera, presidente del bloque de diputados del Frejupa, dio una se\u00f1al de unidad luego del respaldo que le dio un sector del peronismo capitalino: uno de los dirigentes m\u00e1s&hellip;<\/p>\n","protected":false},"author":3,"featured_media":312883,"comment_status":"closed","ping_status":"open","sticky":false,"template":"","format":"standard","meta":{"_acf_changed":false,"footnotes":""},"categories":[1,11,8],"tags":[],"class_list":["post-321473","post","type-post","status-publish","format-standard","has-post-thumbnail","hentry","category-es-noticia","category-que-pasa","category-politica"],"acf":[],"yoast_head":"<!-- This site is optimized with the Yoast SEO plugin v27.4 - https:\/\/yoast.com\/product\/yoast-seo-wordpress\/ -->\n<title>Lovera resalta que se busque la unidad y dice que no hay ziliottismo: \u201cLa Plural es una sola\u201d - Diario Textual<\/title>\n<meta name=\"robots\" content=\"index, follow, max-snippet:-1, max-image-preview:large, max-video-preview:-1\" \/>\n<link rel=\"canonical\" href=\"https:\/\/diariotextual.com\/inicio\/index.php\/2026\/03\/05\/lovera-abona-la-unidad-y-dice-que-no-hay-ziliottismo-la-plural-es-una-sola\/\" \/>\n<meta property=\"og:locale\" content=\"es_ES\" \/>\n<meta property=\"og:type\" content=\"article\" \/>\n<meta property=\"og:title\" content=\"Lovera resalta que se busque la unidad y dice que no hay ziliottismo: \u201cLa Plural es una sola\u201d - Diario Textual\" \/>\n<meta property=\"og:description\" content=\"Daniel Lovera, presidente del bloque de diputados del Frejupa, dio una se\u00f1al de unidad luego del respaldo que le dio un sector del peronismo capitalino: uno de los dirigentes m\u00e1s&hellip;\" \/>\n<meta property=\"og:url\" content=\"https:\/\/diariotextual.com\/inicio\/index.php\/2026\/03\/05\/lovera-abona-la-unidad-y-dice-que-no-hay-ziliottismo-la-plural-es-una-sola\/\" \/>\n<meta property=\"og:site_name\" content=\"Diario Textual\" \/>\n<meta property=\"article:publisher\" content=\"https:\/\/www.facebook.com\/eltextual\" \/>\n<meta property=\"article:published_time\" content=\"2026-03-05T17:13:30+00:00\" \/>\n<meta property=\"article:modified_time\" content=\"2026-03-06T19:45:33+00:00\" \/>\n<meta property=\"og:image\" content=\"https:\/\/diariotextual.com\/inicio\/wp-content\/uploads\/2025\/11\/loveradaniel2025-99.jpg\" \/>\n\t<meta property=\"og:image:width\" content=\"960\" \/>\n\t<meta property=\"og:image:height\" content=\"638\" \/>\n\t<meta property=\"og:image:type\" content=\"image\/jpeg\" \/>\n<meta name=\"author\" content=\"Diario1 Diario1\" \/>\n<meta name=\"twitter:card\" content=\"summary_large_image\" \/>\n<meta name=\"twitter:creator\" content=\"@eltextual\" \/>\n<meta name=\"twitter:site\" content=\"@eltextual\" \/>\n<meta name=\"twitter:label1\" content=\"Escrito por\" \/>\n\t<meta name=\"twitter:data1\" content=\"Diario1 Diario1\" \/>\n\t<meta name=\"twitter:label2\" content=\"Tiempo de lectura\" \/>\n\t<meta name=\"twitter:data2\" content=\"4 minutos\" \/>\n<script type=\"application\/ld+json\" class=\"yoast-schema-graph\">{\"@context\":\"https:\\\/\\\/schema.org\",\"@graph\":[{\"@type\":\"Article\",\"@id\":\"https:\\\/\\\/diariotextual.com\\\/inicio\\\/index.php\\\/2026\\\/03\\\/05\\\/lovera-abona-la-unidad-y-dice-que-no-hay-ziliottismo-la-plural-es-una-sola\\\/#article\",\"isPartOf\":{\"@id\":\"https:\\\/\\\/diariotextual.com\\\/inicio\\\/index.php\\\/2026\\\/03\\\/05\\\/lovera-abona-la-unidad-y-dice-que-no-hay-ziliottismo-la-plural-es-una-sola\\\/\"},\"author\":{\"name\":\"Diario1 Diario1\",\"@id\":\"https:\\\/\\\/diariotextual.com\\\/inicio\\\/#\\\/schema\\\/person\\\/418fc4093c33e86ed41562db3508f958\"},\"headline\":\"Lovera resalta que se busque la unidad y dice que no hay ziliottismo: \u201cLa Plural es una sola\u201d\",\"datePublished\":\"2026-03-05T17:13:30+00:00\",\"dateModified\":\"2026-03-06T19:45:33+00:00\",\"mainEntityOfPage\":{\"@id\":\"https:\\\/\\\/diariotextual.com\\\/inicio\\\/index.php\\\/2026\\\/03\\\/05\\\/lovera-abona-la-unidad-y-dice-que-no-hay-ziliottismo-la-plural-es-una-sola\\\/\"},\"wordCount\":721,\"publisher\":{\"@id\":\"https:\\\/\\\/diariotextual.com\\\/inicio\\\/#organization\"},\"image\":{\"@id\":\"https:\\\/\\\/diariotextual.com\\\/inicio\\\/index.php\\\/2026\\\/03\\\/05\\\/lovera-abona-la-unidad-y-dice-que-no-hay-ziliottismo-la-plural-es-una-sola\\\/#primaryimage\"},\"thumbnailUrl\":\"https:\\\/\\\/diariotextual.com\\\/inicio\\\/wp-content\\\/uploads\\\/2025\\\/11\\\/loveradaniel2025-99.jpg\",\"articleSection\":[\"A - ES NOTICIA (van abajo)\",\"A - QUE PASA (al costado)\",\"POLITICA\"],\"inLanguage\":\"es\"},{\"@type\":\"WebPage\",\"@id\":\"https:\\\/\\\/diariotextual.com\\\/inicio\\\/index.php\\\/2026\\\/03\\\/05\\\/lovera-abona-la-unidad-y-dice-que-no-hay-ziliottismo-la-plural-es-una-sola\\\/\",\"url\":\"https:\\\/\\\/diariotextual.com\\\/inicio\\\/index.php\\\/2026\\\/03\\\/05\\\/lovera-abona-la-unidad-y-dice-que-no-hay-ziliottismo-la-plural-es-una-sola\\\/\",\"name\":\"Lovera resalta que se busque la unidad y dice que no hay ziliottismo: \u201cLa Plural es una sola\u201d - Diario Textual\",\"isPartOf\":{\"@id\":\"https:\\\/\\\/diariotextual.com\\\/inicio\\\/#website\"},\"primaryImageOfPage\":{\"@id\":\"https:\\\/\\\/diariotextual.com\\\/inicio\\\/index.php\\\/2026\\\/03\\\/05\\\/lovera-abona-la-unidad-y-dice-que-no-hay-ziliottismo-la-plural-es-una-sola\\\/#primaryimage\"},\"image\":{\"@id\":\"https:\\\/\\\/diariotextual.com\\\/inicio\\\/index.php\\\/2026\\\/03\\\/05\\\/lovera-abona-la-unidad-y-dice-que-no-hay-ziliottismo-la-plural-es-una-sola\\\/#primaryimage\"},\"thumbnailUrl\":\"https:\\\/\\\/diariotextual.com\\\/inicio\\\/wp-content\\\/uploads\\\/2025\\\/11\\\/loveradaniel2025-99.jpg\",\"datePublished\":\"2026-03-05T17:13:30+00:00\",\"dateModified\":\"2026-03-06T19:45:33+00:00\",\"breadcrumb\":{\"@id\":\"https:\\\/\\\/diariotextual.com\\\/inicio\\\/index.php\\\/2026\\\/03\\\/05\\\/lovera-abona-la-unidad-y-dice-que-no-hay-ziliottismo-la-plural-es-una-sola\\\/#breadcrumb\"},\"inLanguage\":\"es\",\"potentialAction\":[{\"@type\":\"ReadAction\",\"target\":[\"https:\\\/\\\/diariotextual.com\\\/inicio\\\/index.php\\\/2026\\\/03\\\/05\\\/lovera-abona-la-unidad-y-dice-que-no-hay-ziliottismo-la-plural-es-una-sola\\\/\"]}]},{\"@type\":\"ImageObject\",\"inLanguage\":\"es\",\"@id\":\"https:\\\/\\\/diariotextual.com\\\/inicio\\\/index.php\\\/2026\\\/03\\\/05\\\/lovera-abona-la-unidad-y-dice-que-no-hay-ziliottismo-la-plural-es-una-sola\\\/#primaryimage\",\"url\":\"https:\\\/\\\/diariotextual.com\\\/inicio\\\/wp-content\\\/uploads\\\/2025\\\/11\\\/loveradaniel2025-99.jpg\",\"contentUrl\":\"https:\\\/\\\/diariotextual.com\\\/inicio\\\/wp-content\\\/uploads\\\/2025\\\/11\\\/loveradaniel2025-99.jpg\",\"width\":960,\"height\":638},{\"@type\":\"BreadcrumbList\",\"@id\":\"https:\\\/\\\/diariotextual.com\\\/inicio\\\/index.php\\\/2026\\\/03\\\/05\\\/lovera-abona-la-unidad-y-dice-que-no-hay-ziliottismo-la-plural-es-una-sola\\\/#breadcrumb\",\"itemListElement\":[{\"@type\":\"ListItem\",\"position\":1,\"name\":\"Portada\",\"item\":\"https:\\\/\\\/diariotextual.com\\\/inicio\\\/\"},{\"@type\":\"ListItem\",\"position\":2,\"name\":\"Lovera resalta que se busque la unidad y dice que no hay ziliottismo: \u201cLa Plural es una sola\u201d\"}]},{\"@type\":\"WebSite\",\"@id\":\"https:\\\/\\\/diariotextual.com\\\/inicio\\\/#website\",\"url\":\"https:\\\/\\\/diariotextual.com\\\/inicio\\\/\",\"name\":\"Diario Textual\",\"description\":\"\",\"publisher\":{\"@id\":\"https:\\\/\\\/diariotextual.com\\\/inicio\\\/#organization\"},\"potentialAction\":[{\"@type\":\"SearchAction\",\"target\":{\"@type\":\"EntryPoint\",\"urlTemplate\":\"https:\\\/\\\/diariotextual.com\\\/inicio\\\/?s={search_term_string}\"},\"query-input\":{\"@type\":\"PropertyValueSpecification\",\"valueRequired\":true,\"valueName\":\"search_term_string\"}}],\"inLanguage\":\"es\"},{\"@type\":\"Organization\",\"@id\":\"https:\\\/\\\/diariotextual.com\\\/inicio\\\/#organization\",\"name\":\"Diario Textual\",\"url\":\"https:\\\/\\\/diariotextual.com\\\/inicio\\\/\",\"logo\":{\"@type\":\"ImageObject\",\"inLanguage\":\"es\",\"@id\":\"https:\\\/\\\/diariotextual.com\\\/inicio\\\/#\\\/schema\\\/logo\\\/image\\\/\",\"url\":\"https:\\\/\\\/diariotextual.com\\\/inicio\\\/wp-content\\\/uploads\\\/2023\\\/05\\\/logotextual1.jpg\",\"contentUrl\":\"https:\\\/\\\/diariotextual.com\\\/inicio\\\/wp-content\\\/uploads\\\/2023\\\/05\\\/logotextual1.jpg\",\"width\":516,\"height\":76,\"caption\":\"Diario Textual\"},\"image\":{\"@id\":\"https:\\\/\\\/diariotextual.com\\\/inicio\\\/#\\\/schema\\\/logo\\\/image\\\/\"},\"sameAs\":[\"https:\\\/\\\/www.facebook.com\\\/eltextual\",\"https:\\\/\\\/x.com\\\/eltextual\",\"http:\\\/\\\/www.instagram.com\\\/eltextual\"]},{\"@type\":\"Person\",\"@id\":\"https:\\\/\\\/diariotextual.com\\\/inicio\\\/#\\\/schema\\\/person\\\/418fc4093c33e86ed41562db3508f958\",\"name\":\"Diario1 Diario1\",\"image\":{\"@type\":\"ImageObject\",\"inLanguage\":\"es\",\"@id\":\"https:\\\/\\\/secure.gravatar.com\\\/avatar\\\/9167d280179c85bc18be67aa7eda765854300033af4896dd779b608640f2ef7a?s=96&d=mm&r=g\",\"url\":\"https:\\\/\\\/secure.gravatar.com\\\/avatar\\\/9167d280179c85bc18be67aa7eda765854300033af4896dd779b608640f2ef7a?s=96&d=mm&r=g\",\"contentUrl\":\"https:\\\/\\\/secure.gravatar.com\\\/avatar\\\/9167d280179c85bc18be67aa7eda765854300033af4896dd779b608640f2ef7a?s=96&d=mm&r=g\",\"caption\":\"Diario1 Diario1\"},\"url\":\"https:\\\/\\\/diariotextual.com\\\/inicio\\\/index.php\\\/author\\\/diario1\\\/\"}]}<\/script>\n<!-- \/ Yoast SEO plugin. -->","yoast_head_json":{"title":"Lovera resalta que se busque la unidad y dice que no hay ziliottismo: \u201cLa Plural es una sola\u201d - Diario Textual","robots":{"index":"index","follow":"follow","max-snippet":"max-snippet:-1","max-image-preview":"max-image-preview:large","max-video-preview":"max-video-preview:-1"},"canonical":"https:\/\/diariotextual.com\/inicio\/index.php\/2026\/03\/05\/lovera-abona-la-unidad-y-dice-que-no-hay-ziliottismo-la-plural-es-una-sola\/","og_locale":"es_ES","og_type":"article","og_title":"Lovera resalta que se busque la unidad y dice que no hay ziliottismo: \u201cLa Plural es una sola\u201d - Diario Textual","og_description":"Daniel Lovera, presidente del bloque de diputados del Frejupa, dio una se\u00f1al de unidad luego del respaldo que le dio un sector del peronismo capitalino: uno de los dirigentes m\u00e1s&hellip;","og_url":"https:\/\/diariotextual.com\/inicio\/index.php\/2026\/03\/05\/lovera-abona-la-unidad-y-dice-que-no-hay-ziliottismo-la-plural-es-una-sola\/","og_site_name":"Diario Textual","article_publisher":"https:\/\/www.facebook.com\/eltextual","article_published_time":"2026-03-05T17:13:30+00:00","article_modified_time":"2026-03-06T19:45:33+00:00","og_image":[{"width":960,"height":638,"url":"https:\/\/diariotextual.com\/inicio\/wp-content\/uploads\/2025\/11\/loveradaniel2025-99.jpg","type":"image\/jpeg"}],"author":"Diario1 Diario1","twitter_card":"summary_large_image","twitter_creator":"@eltextual","twitter_site":"@eltextual","twitter_misc":{"Escrito por":"Diario1 Diario1","Tiempo de lectura":"4 minutos"},"schema":{"@context":"https:\/\/schema.org","@graph":[{"@type":"Article","@id":"https:\/\/diariotextual.com\/inicio\/index.php\/2026\/03\/05\/lovera-abona-la-unidad-y-dice-que-no-hay-ziliottismo-la-plural-es-una-sola\/#article","isPartOf":{"@id":"https:\/\/diariotextual.com\/inicio\/index.php\/2026\/03\/05\/lovera-abona-la-unidad-y-dice-que-no-hay-ziliottismo-la-plural-es-una-sola\/"},"author":{"name":"Diario1 Diario1","@id":"https:\/\/diariotextual.com\/inicio\/#\/schema\/person\/418fc4093c33e86ed41562db3508f958"},"headline":"Lovera resalta que se busque la unidad y dice que no hay ziliottismo: \u201cLa Plural es una sola\u201d","datePublished":"2026-03-05T17:13:30+00:00","dateModified":"2026-03-06T19:45:33+00:00","mainEntityOfPage":{"@id":"https:\/\/diariotextual.com\/inicio\/index.php\/2026\/03\/05\/lovera-abona-la-unidad-y-dice-que-no-hay-ziliottismo-la-plural-es-una-sola\/"},"wordCount":721,"publisher":{"@id":"https:\/\/diariotextual.com\/inicio\/#organization"},"image":{"@id":"https:\/\/diariotextual.com\/inicio\/index.php\/2026\/03\/05\/lovera-abona-la-unidad-y-dice-que-no-hay-ziliottismo-la-plural-es-una-sola\/#primaryimage"},"thumbnailUrl":"https:\/\/diariotextual.com\/inicio\/wp-content\/uploads\/2025\/11\/loveradaniel2025-99.jpg","articleSection":["A - ES NOTICIA (van abajo)","A - QUE PASA (al costado)","POLITICA"],"inLanguage":"es"},{"@type":"WebPage","@id":"https:\/\/diariotextual.com\/inicio\/index.php\/2026\/03\/05\/lovera-abona-la-unidad-y-dice-que-no-hay-ziliottismo-la-plural-es-una-sola\/","url":"https:\/\/diariotextual.com\/inicio\/index.php\/2026\/03\/05\/lovera-abona-la-unidad-y-dice-que-no-hay-ziliottismo-la-plural-es-una-sola\/","name":"Lovera resalta que se busque la unidad y dice que no hay ziliottismo: \u201cLa Plural es una sola\u201d - Diario Textual","isPartOf":{"@id":"https:\/\/diariotextual.com\/inicio\/#website"},"primaryImageOfPage":{"@id":"https:\/\/diariotextual.com\/inicio\/index.php\/2026\/03\/05\/lovera-abona-la-unidad-y-dice-que-no-hay-ziliottismo-la-plural-es-una-sola\/#primaryimage"},"image":{"@id":"https:\/\/diariotextual.com\/inicio\/index.php\/2026\/03\/05\/lovera-abona-la-unidad-y-dice-que-no-hay-ziliottismo-la-plural-es-una-sola\/#primaryimage"},"thumbnailUrl":"https:\/\/diariotextual.com\/inicio\/wp-content\/uploads\/2025\/11\/loveradaniel2025-99.jpg","datePublished":"2026-03-05T17:13:30+00:00","dateModified":"2026-03-06T19:45:33+00:00","breadcrumb":{"@id":"https:\/\/diariotextual.com\/inicio\/index.php\/2026\/03\/05\/lovera-abona-la-unidad-y-dice-que-no-hay-ziliottismo-la-plural-es-una-sola\/#breadcrumb"},"inLanguage":"es","potentialAction":[{"@type":"ReadAction","target":["https:\/\/diariotextual.com\/inicio\/index.php\/2026\/03\/05\/lovera-abona-la-unidad-y-dice-que-no-hay-ziliottismo-la-plural-es-una-sola\/"]}]},{"@type":"ImageObject","inLanguage":"es","@id":"https:\/\/diariotextual.com\/inicio\/index.php\/2026\/03\/05\/lovera-abona-la-unidad-y-dice-que-no-hay-ziliottismo-la-plural-es-una-sola\/#primaryimage","url":"https:\/\/diariotextual.com\/inicio\/wp-content\/uploads\/2025\/11\/loveradaniel2025-99.jpg","contentUrl":"https:\/\/diariotextual.com\/inicio\/wp-content\/uploads\/2025\/11\/loveradaniel2025-99.jpg","width":960,"height":638},{"@type":"BreadcrumbList","@id":"https:\/\/diariotextual.com\/inicio\/index.php\/2026\/03\/05\/lovera-abona-la-unidad-y-dice-que-no-hay-ziliottismo-la-plural-es-una-sola\/#breadcrumb","itemListElement":[{"@type":"ListItem","position":1,"name":"Portada","item":"https:\/\/diariotextual.com\/inicio\/"},{"@type":"ListItem","position":2,"name":"Lovera resalta que se busque la unidad y dice que no hay ziliottismo: \u201cLa Plural es una sola\u201d"}]},{"@type":"WebSite","@id":"https:\/\/diariotextual.com\/inicio\/#website","url":"https:\/\/diariotextual.com\/inicio\/","name":"Diario Textual","description":"","publisher":{"@id":"https:\/\/diariotextual.com\/inicio\/#organization"},"potentialAction":[{"@type":"SearchAction","target":{"@type":"EntryPoint","urlTemplate":"https:\/\/diariotextual.com\/inicio\/?s={search_term_string}"},"query-input":{"@type":"PropertyValueSpecification","valueRequired":true,"valueName":"search_term_string"}}],"inLanguage":"es"},{"@type":"Organization","@id":"https:\/\/diariotextual.com\/inicio\/#organization","name":"Diario Textual","url":"https:\/\/diariotextual.com\/inicio\/","logo":{"@type":"ImageObject","inLanguage":"es","@id":"https:\/\/diariotextual.com\/inicio\/#\/schema\/logo\/image\/","url":"https:\/\/diariotextual.com\/inicio\/wp-content\/uploads\/2023\/05\/logotextual1.jpg","contentUrl":"https:\/\/diariotextual.com\/inicio\/wp-content\/uploads\/2023\/05\/logotextual1.jpg","width":516,"height":76,"caption":"Diario Textual"},"image":{"@id":"https:\/\/diariotextual.com\/inicio\/#\/schema\/logo\/image\/"},"sameAs":["https:\/\/www.facebook.com\/eltextual","https:\/\/x.com\/eltextual","http:\/\/www.instagram.com\/eltextual"]},{"@type":"Person","@id":"https:\/\/diariotextual.com\/inicio\/#\/schema\/person\/418fc4093c33e86ed41562db3508f958","name":"Diario1 Diario1","image":{"@type":"ImageObject","inLanguage":"es","@id":"https:\/\/secure.gravatar.com\/avatar\/9167d280179c85bc18be67aa7eda765854300033af4896dd779b608640f2ef7a?s=96&d=mm&r=g","url":"https:\/\/secure.gravatar.com\/avatar\/9167d280179c85bc18be67aa7eda765854300033af4896dd779b608640f2ef7a?s=96&d=mm&r=g","contentUrl":"https:\/\/secure.gravatar.com\/avatar\/9167d280179c85bc18be67aa7eda765854300033af4896dd779b608640f2ef7a?s=96&d=mm&r=g","caption":"Diario1 Diario1"},"url":"https:\/\/diariotextual.com\/inicio\/index.php\/author\/diario1\/"}]}},"_links":{"self":[{"href":"https:\/\/diariotextual.com\/inicio\/index.php\/wp-json\/wp\/v2\/posts\/321473","targetHints":{"allow":["GET"]}}],"collection":[{"href":"https:\/\/diariotextual.com\/inicio\/index.php\/wp-json\/wp\/v2\/posts"}],"about":[{"href":"https:\/\/diariotextual.com\/inicio\/index.php\/wp-json\/wp\/v2\/types\/post"}],"author":[{"embeddable":true,"href":"https:\/\/diariotextual.com\/inicio\/index.php\/wp-json\/wp\/v2\/users\/3"}],"replies":[{"embeddable":true,"href":"https:\/\/diariotextual.com\/inicio\/index.php\/wp-json\/wp\/v2\/comments?post=321473"}],"version-history":[{"count":5,"href":"https:\/\/diariotextual.com\/inicio\/index.php\/wp-json\/wp\/v2\/posts\/321473\/revisions"}],"predecessor-version":[{"id":321478,"href":"https:\/\/diariotextual.com\/inicio\/index.php\/wp-json\/wp\/v2\/posts\/321473\/revisions\/321478"}],"wp:featuredmedia":[{"embeddable":true,"href":"https:\/\/diariotextual.com\/inicio\/index.php\/wp-json\/wp\/v2\/media\/312883"}],"wp:attachment":[{"href":"https:\/\/diariotextual.com\/inicio\/index.php\/wp-json\/wp\/v2\/media?parent=321473"}],"wp:term":[{"taxonomy":"category","embeddable":true,"href":"https:\/\/diariotextual.com\/inicio\/index.php\/wp-json\/wp\/v2\/categories?post=321473"},{"taxonomy":"post_tag","embeddable":true,"href":"https:\/\/diariotextual.com\/inicio\/index.php\/wp-json\/wp\/v2\/tags?post=321473"}],"curies":[{"name":"wp","href":"https:\/\/api.w.org\/{rel}","templated":true}]}}