{"id":321494,"date":"2026-03-05T19:37:12","date_gmt":"2026-03-05T22:37:12","guid":{"rendered":"https:\/\/diariotextual.com\/inicio\/?p=321494"},"modified":"2026-03-06T09:57:16","modified_gmt":"2026-03-06T12:57:16","slug":"no-es-sindicalizacion-en-el-pj-proponen-que-policias-pampeanos-tengan-representacion-por-reclamos-laborales","status":"publish","type":"post","link":"https:\/\/diariotextual.com\/inicio\/index.php\/2026\/03\/05\/no-es-sindicalizacion-en-el-pj-proponen-que-policias-pampeanos-tengan-representacion-por-reclamos-laborales\/","title":{"rendered":"\u201cNo es sindicalizaci\u00f3n\u201d: en el PJ proponen que polic\u00edas pampeanos tengan \u201crepresentaci\u00f3n\u201d por reclamos laborales"},"content":{"rendered":"\n<p>Tres diputados del bloque de diputados provinciales del <strong>Frejupa<\/strong> presentaron un proyecto de ley que propone la creaci\u00f3n de un <strong>\u201cR\u00e9gimen de Representaci\u00f3n Profesional\u201d para el personal policial de La Pampa<\/strong>. Por ley, la <strong>Polic\u00eda<\/strong> no puede sindicalizarse. Con esta iniciativa, el objetivo es garantizar un espacio para canalizar <strong>cuestiones laborales<\/strong>. Hace 12 a\u00f1os, hubo polic\u00edas de la provincia que <strong>se acuartelaron<\/strong> en reclamo de <strong>mejoras salariales y laborales<\/strong>.<\/p>\n\n\n\n<p>La autora de la iniciativa es <strong>Patricia George<\/strong>. Es acompa\u00f1ada por <strong>C\u00e9sar Montes de Oca<\/strong> y <strong>Mar\u00eda Luz Alonso<\/strong>. \u201cLa <strong>representaci\u00f3n profesional<\/strong> fortalece la <strong>institucionalidad de la polic\u00eda<\/strong>\u201d, dijo <strong>George<\/strong> a <strong>Diario Textual<\/strong>. \u201cLa ausencia de <strong>sindicalizaci\u00f3n<\/strong> no puede traducirse en ausencia de <strong>representaci\u00f3n<\/strong>. Institucionalizar \u00e1mbitos de di\u00e1logo fortalece la <strong>profesionalizaci\u00f3n de la fuerza<\/strong>, mejora las <strong>condiciones de trabajo<\/strong> y contribuye a una mejor <strong>seguridad p\u00fablica<\/strong>\u201d, expres\u00f3. \u201cEste proyecto <strong>no es una sindicalizaci\u00f3n<\/strong>\u201d, aclar\u00f3.<\/p>\n\n\n\n<p>La intenci\u00f3n es crear un <strong>Consejo Provincial de Representaci\u00f3n Profesional del Personal Policial de La Pampa<\/strong>, como \u00f3rgano institucional de car\u00e1cter <strong>consultivo y representativo<\/strong> del <strong>personal policial en actividad<\/strong>.<\/p>\n\n\n\n<p>Seg\u00fan dijeron, ese consejo tendr\u00e1 <strong>naturaleza no sindical<\/strong>, carecer\u00e1 de <strong>facultades de acci\u00f3n directa<\/strong> y no podr\u00e1 ejercer el <strong>derecho de huelga<\/strong> ni adoptar medidas que afecten la continuidad del <strong>servicio esencial de seguridad p\u00fablica<\/strong>.<\/p>\n\n\n\n<p>El funcionamiento del <strong>Consejo<\/strong> ser\u00e1 compatible con lo establecido por la <strong>Ley de Seguridad P\u00fablica y Ciudadana N\u00ba 3469<\/strong>, la <strong>NJF 1034\/80<\/strong> y la <strong>NJF 1064\/81 de la Provincia de La Pampa<\/strong>, y dem\u00e1s normativas vigentes en materia <strong>disciplinaria y estatutaria<\/strong>, prevaleciendo el <strong>principio de continuidad del servicio esencial de seguridad p\u00fablica y ciudadana<\/strong>.<\/p>\n\n\n\n<p>El consejo tendr\u00e1 por objeto canalizar institucionalmente las <strong>inquietudes y propuestas del personal policial<\/strong> vinculadas a:<\/p>\n\n\n\n<p>a) <strong>R\u00e9gimen escalafonario y carrera profesional<\/strong><br>b) <strong>Condiciones generales de trabajo<\/strong><br>c) <strong>Salud y seguridad laboral<\/strong><br>d) <strong>Riesgos f\u00edsicos y psicosociales derivados de la funci\u00f3n<\/strong><br>e) <strong>Infraestructura, equipamiento y condiciones edilicias<\/strong><br>f) <strong>R\u00e9gimen previsional y retiro<\/strong><br>g) <strong>Capacitaci\u00f3n y formaci\u00f3n continua<\/strong><\/p>\n\n\n\n<p>Seg\u00fan dijeron, el consejo emitir\u00e1 <strong>recomendaciones y dict\u00e1menes<\/strong> que deber\u00e1n ser considerados de <strong>\u201cmanera fundada\u201d por el Ministerio de Seguridad y Justicia<\/strong>, en el marco de la <strong>Comisi\u00f3n para la Evaluaci\u00f3n de las Condiciones Laborales del Personal Policial<\/strong>, contemplada en el <strong>art\u00edculo 31 de la Ley N\u00b0 3469<\/strong>.<\/p>\n\n\n\n<p>Estar\u00e1 integrado por <strong>representantes del personal policial en actividad<\/strong>, elegidos por <strong>voto directo, secreto y obligatorio<\/strong> del personal de cada <strong>escalaf\u00f3n<\/strong>.<\/p>\n\n\n\n<div style=\"height:100px\" aria-hidden=\"true\" class=\"wp-block-spacer\"><\/div>\n\n\n\n<p><strong>Argumentos<\/strong><\/p>\n\n\n\n<p>La diputada provincial <strong>Patricia George<\/strong> es una de las autoras del proyecto de ley que propone la creaci\u00f3n de un <strong>R\u00e9gimen de Representaci\u00f3n Profesional del Personal Policial<\/strong>.<\/p>\n\n\n\n<p><strong>&#8211; \u00bfCu\u00e1l es el objetivo central del proyecto que impulsa en la Legislatura?<\/strong><\/p>\n\n\n\n<p><strong>&#8211; <\/strong>El proyecto busca crear un <strong>R\u00e9gimen de Representaci\u00f3n Profesional del Personal Policial<\/strong> en la <strong>provincia de La Pampa<\/strong>. Partimos de una idea sencilla: la <strong>ausencia de sindicalizaci\u00f3n<\/strong> en las <strong>fuerzas de seguridad<\/strong> no puede traducirse en ausencia de <strong>representaci\u00f3n<\/strong>. Nuestro objetivo es generar un <strong>mecanismo institucional de di\u00e1logo<\/strong>, que permita canalizar <strong>inquietudes laborales y profesionales<\/strong> del <strong>personal policial<\/strong> sin alterar la <strong>estructura jer\u00e1rquica<\/strong> ni la <strong>operatividad del servicio<\/strong>.<\/p>\n\n\n\n<p><\/p>\n\n\n\n<figure class=\"wp-block-image size-large\"><img fetchpriority=\"high\" decoding=\"async\" width=\"1024\" height=\"730\" src=\"https:\/\/diariotextual.com\/inicio\/wp-content\/uploads\/2025\/12\/georgediputada46372-1024x730.jpg\" alt=\"\" class=\"wp-image-315306\" srcset=\"https:\/\/diariotextual.com\/inicio\/wp-content\/uploads\/2025\/12\/georgediputada46372-1024x730.jpg 1024w, https:\/\/diariotextual.com\/inicio\/wp-content\/uploads\/2025\/12\/georgediputada46372-300x214.jpg 300w, https:\/\/diariotextual.com\/inicio\/wp-content\/uploads\/2025\/12\/georgediputada46372-768x548.jpg 768w, https:\/\/diariotextual.com\/inicio\/wp-content\/uploads\/2025\/12\/georgediputada46372-585x417.jpg 585w, https:\/\/diariotextual.com\/inicio\/wp-content\/uploads\/2025\/12\/georgediputada46372.jpg 1080w\" sizes=\"(max-width: 1024px) 100vw, 1024px\" \/><\/figure>\n\n\n\n<p><strong>&#8211; \u00bfC\u00f3mo se compatibiliza esta propuesta con el car\u00e1cter especial de la funci\u00f3n policial?<\/strong><\/p>\n\n\n\n<p><strong>&#8211; <\/strong> La <strong>Polic\u00eda<\/strong> cumple una <strong>funci\u00f3n esencial del Estado<\/strong> y se organiza sobre principios muy claros: <strong>jerarqu\u00eda, disciplina, subordinaci\u00f3n funcional y continuidad del servicio<\/strong>. Justamente por eso el proyecto no plantea una <strong>sindicalizaci\u00f3n cl\u00e1sica<\/strong> ni habilita <strong>medidas de acci\u00f3n directa<\/strong> como la <strong>huelga<\/strong>. Lo que proponemos es un <strong>\u00f3rgano de representaci\u00f3n profesional<\/strong> con car\u00e1cter <strong>consultivo<\/strong>, plenamente compatible con la <strong>cadena de mando<\/strong>.<\/p>\n\n\n\n<p><strong>&#8211; \u00bfC\u00f3mo definir\u00eda el contexto del proyecto?<\/strong><\/p>\n\n\n\n<p><strong>&#8211; <\/strong> La <strong>Argentina<\/strong> ha ratificado <strong>convenios internacionales<\/strong>, como el <strong>Convenio 87<\/strong> y el <strong>Convenio 98 de la OIT<\/strong>, que reconocen la <strong>libertad sindical<\/strong> y la <strong>negociaci\u00f3n colectiva<\/strong>. Estos instrumentos permiten que cada <strong>Estado<\/strong> determine el alcance de esos derechos para las <strong>fuerzas armadas o de seguridad<\/strong>, pero tambi\u00e9n se\u00f1alan que deben existir <strong>mecanismos adecuados de representaci\u00f3n profesional<\/strong>.<\/p>\n\n\n\n<p><strong>&#8211; Existen experiencias internacionales en este sentido. \u00bfSe tomaron como referencia?<\/strong><\/p>\n\n\n\n<p><strong>&#8211; <\/strong>S\u00ed. Hay varios pa\u00edses que han desarrollado <strong>modelos de representaci\u00f3n profesional policial<\/strong> sin habilitaci\u00f3n de <strong>huelga<\/strong>. Podemos mencionar las <strong>asociaciones profesionales policiales en Espa\u00f1a<\/strong> o las <strong>Police Federations en el Reino Unido<\/strong>. Estos sistemas funcionan dentro de <strong>estructuras jer\u00e1rquicas<\/strong> y no han afectado la <strong>disciplina institucional<\/strong>. Por el contrario, han contribuido a mejorar la <strong>comunicaci\u00f3n interna<\/strong> y la <strong>profesionalizaci\u00f3n de las fuerzas<\/strong>.<\/p>\n\n\n\n<p><strong>&#8211; \u00bfQu\u00e9 impacto institucional podr\u00eda tener esta ley si se aprueba?<\/strong><\/p>\n\n\n\n<p><strong>&#8211; <\/strong> Creemos que tendr\u00e1 un <strong>impacto positivo<\/strong>. La <strong>institucionalizaci\u00f3n del di\u00e1logo<\/strong> previene <strong>conflictos<\/strong>, mejora la <strong>transparencia<\/strong> y fortalece la <strong>legitimidad interna de la fuerza<\/strong>. Adem\u00e1s, reconoce la <strong>dignidad laboral<\/strong> de quienes cumplen una <strong>tarea compleja y riesgosa<\/strong> para garantizar la <strong>seguridad p\u00fablica<\/strong>. Un <strong>Estado fuerte<\/strong> no es el que suprime derechos, sino el que los organiza dentro del <strong>marco constitucional<\/strong>. Por eso entendemos que este proyecto fortalece tanto a la <strong>instituci\u00f3n policial<\/strong> como al <strong>sistema democr\u00e1tico<\/strong>.<\/p>\n\n\n\n<p><strong>&#8211; \u00bfCu\u00e1l es el mensaje que le gustar\u00eda transmitir a sus pares legisladores?<\/strong><\/p>\n\n\n\n<p><strong>&#8211; <\/strong>Que acompa\u00f1en esta iniciativa pensando en el <strong>fortalecimiento institucional<\/strong>. Garantizar una <strong>representaci\u00f3n profesional para el personal policial<\/strong> no debilita al <strong>Estado<\/strong> ni a la <strong>fuerza<\/strong>, sino que contribuye a su <strong>profesionalizaci\u00f3n<\/strong>, a la <strong>prevenci\u00f3n de conflictos<\/strong> y a la <strong>mejora del servicio p\u00fablico de seguridad<\/strong> que brindamos a toda la <strong>sociedad pampeana<\/strong>.<\/p>\n\n\n\n<div style=\"height:100px\" aria-hidden=\"true\" class=\"wp-block-spacer\"><\/div>\n\n\n\n<p><strong>El acuartelamiento de 2013<\/strong><\/p>\n\n\n\n<p>Los <strong>polic\u00edas pampeanos<\/strong>, por ley, no pueden <strong>sindicalizarse<\/strong>. Eso provoca que no tengan <strong>voz en los reclamos salariales y laborales<\/strong>. En <strong>2013<\/strong>, algunos explotaron: <strong>se autoconvocaron y se acuartelaron<\/strong>. La revuelta dur\u00f3 poco mas de un d\u00eda.<\/p>\n\n\n\n<p>En ese momento, el gobernador <strong>Oscar Jorge<\/strong> y sus funcionarios minimizaron el reclamo. Sin embargo, en la noche del <strong>11 de diciembre de 2013<\/strong>, la situaci\u00f3n se agrav\u00f3: polic\u00edas, junto a sus <strong>familiares<\/strong>, se manifestaron en la <strong>Casa de Gobierno<\/strong>. Pidieron reunirse con el <strong>gobernador<\/strong> o el <strong>ministro<\/strong>, pero los recibieron <strong>funcionarios de segunda l\u00ednea<\/strong>. All\u00ed les dejaron un <strong>petitorio<\/strong>: reclamaron <strong>aumentos salariales<\/strong>; que se paguen m\u00e1s r\u00e1pido los <strong>adicionales<\/strong>; y exigieron el <strong>descabezamiento de la c\u00fapula de la fuerza de seguridad<\/strong>, entre otros puntos.<\/p>\n\n\n\n<p>Como <strong>no tuvieron una respuesta inmediata <\/strong>a sus reclamos, decidieron avanzar hacia la <strong>plaza San Mart\u00edn<\/strong>. All\u00ed, un grupo, envalentonado, decidi\u00f3 seguir hasta la <strong>Jefatura de la Polic\u00eda<\/strong>.<\/p>\n\n\n\n<p>Pasadas las <strong>23 horas<\/strong>, el <strong>sargento ayudante Carlos Daniel Mendibe<\/strong>, los <strong>cabos primero Fernando Alberto Rolhaiser, Juli\u00e1n Gim\u00e9nez y Luis Horacio Bruno<\/strong>, y el <strong>agente Diego Hern\u00e1n L\u00f3pez<\/strong> ingresaron junto a otros polic\u00edas -algunos con <strong>armas<\/strong>&#8211; en forma violenta al interior de la <strong>Jefatura de la Polic\u00eda<\/strong> -hubo hasta <strong>trompadas <\/strong>entre comisarios y los cabecillas de la revuelta- y luego a las oficinas del <strong>Cecom<\/strong>, donde funcionaba el <strong>101<\/strong>. Posteriormente tomaron <strong>tres comisar\u00edas<\/strong>.<\/p>\n\n\n\n<p>Con esa acci\u00f3n dejaron por <strong>27 horas sin cobertura de seguridad a la capital pampeana<\/strong> -el control qued\u00f3 casi exclusivamente a cargo de <strong>oficiales<\/strong>&#8211; y al tomar el <strong>Comando Radiof\u00f3nico<\/strong> desactivaron el <strong>tel\u00e9fono 101<\/strong>, n\u00famero al que se comunican los <strong>habitantes<\/strong> para reclamar la presencia de polic\u00edas ante <strong>hechos delictivos<\/strong>.<\/p>\n\n\n\n<p>En total presentaron un <strong>petitorio con doce puntos<\/strong>. Parte de esos reclamos, como las <strong>mejoras salariales<\/strong>, finalmente les fueron otorgados por el <strong>Gobierno de Oscar Jorge<\/strong> a todos los polic\u00edas. Por eso, son respetados por gran parte de la <strong>fuerza policial<\/strong>.<\/p>\n\n\n\n<p>Tambi\u00e9n solicitaron poner fin a las <strong>normas que reg\u00edan a la Polic\u00eda<\/strong> y que ven\u00edan de la <strong>\u00faltima dictadura militar<\/strong>. Un reclamo que luego se intent\u00f3 saldar con la ya vigente <strong>Ley de Seguridad Ciudadana<\/strong>.<\/p>\n\n\n\n<p>\u201cEl reclamo -dicen otros <strong>oficiales<\/strong> a\u00fan dentro de la <strong>fuerza<\/strong>&#8211; era leg\u00edtimo, aunque repudiamos las formas: tomaron <strong>comisar\u00edas<\/strong> a la fuerza, golpeando a <strong>compa\u00f1eros o superiores<\/strong>, y hasta cortaron la <strong>l\u00ednea de comunicaci\u00f3n de la poblaci\u00f3n 101<\/strong>\u201d.<\/p>\n\n\n\n<p><\/p>\n\n\n\n<figure class=\"wp-block-image size-full is-resized\"><img decoding=\"async\" width=\"643\" height=\"425\" src=\"https:\/\/diariotextual.com\/inicio\/wp-content\/uploads\/2018\/02\/sedicionjuiciotestigo2018-01212.jpg\" alt=\"\" class=\"wp-image-128\" style=\"width:646px;height:auto\" srcset=\"https:\/\/diariotextual.com\/inicio\/wp-content\/uploads\/2018\/02\/sedicionjuiciotestigo2018-01212.jpg 643w, https:\/\/diariotextual.com\/inicio\/wp-content\/uploads\/2018\/02\/sedicionjuiciotestigo2018-01212-300x198.jpg 300w, https:\/\/diariotextual.com\/inicio\/wp-content\/uploads\/2018\/02\/sedicionjuiciotestigo2018-01212-585x387.jpg 585w, https:\/\/diariotextual.com\/inicio\/wp-content\/uploads\/2018\/02\/sedicionjuiciotestigo2018-01212-263x175.jpg 263w\" sizes=\"(max-width: 643px) 100vw, 643px\" \/><\/figure>\n\n\n\n<p><\/p>\n\n\n\n<p>Al principio se pretendi\u00f3 juzgar a <strong>14 polic\u00edas<\/strong> que hab\u00edan organizado la <strong>medida de fuerza<\/strong>. En <strong>2018<\/strong>, finalmente, el <strong>Tribunal de Audiencia de Santa Rosa<\/strong> conden\u00f3 a <strong>cinco de los cabecillas<\/strong> por el delito de <strong>sedici\u00f3n<\/strong>. Fueron sentenciados a <strong>3 a\u00f1os de prisi\u00f3n de efectivo cumplimiento<\/strong> y la <strong>inhabilitaci\u00f3n especial para ejercer cargos p\u00fablicos<\/strong> por un tiempo doble del de la condena.<\/p>\n\n\n\n<p><\/p>\n","protected":false},"excerpt":{"rendered":"<p>Tres diputados del bloque de diputados provinciales del Frejupa presentaron un proyecto de ley que propone la creaci\u00f3n de un \u201cR\u00e9gimen de Representaci\u00f3n Profesional\u201d para el personal policial de La&hellip;<\/p>\n","protected":false},"author":3,"featured_media":285793,"comment_status":"closed","ping_status":"open","sticky":false,"template":"","format":"standard","meta":{"_acf_changed":false,"footnotes":""},"categories":[10,8],"tags":[],"class_list":["post-321494","post","type-post","status-publish","format-standard","has-post-thumbnail","hentry","category-portada-2","category-politica"],"acf":[],"yoast_head":"<!-- This site is optimized with the Yoast SEO plugin v27.5 - https:\/\/yoast.com\/product\/yoast-seo-wordpress\/ -->\n<title>\u201cNo es sindicalizaci\u00f3n\u201d: en el PJ proponen que polic\u00edas pampeanos tengan \u201crepresentaci\u00f3n\u201d por reclamos laborales - Diario Textual<\/title>\n<meta name=\"robots\" content=\"index, follow, max-snippet:-1, max-image-preview:large, max-video-preview:-1\" \/>\n<link rel=\"canonical\" href=\"https:\/\/diariotextual.com\/inicio\/index.php\/2026\/03\/05\/no-es-sindicalizacion-en-el-pj-proponen-que-policias-pampeanos-tengan-representacion-por-reclamos-laborales\/\" \/>\n<meta property=\"og:locale\" content=\"es_ES\" \/>\n<meta property=\"og:type\" content=\"article\" \/>\n<meta property=\"og:title\" content=\"\u201cNo es sindicalizaci\u00f3n\u201d: en el PJ proponen que polic\u00edas pampeanos tengan \u201crepresentaci\u00f3n\u201d por reclamos laborales - Diario Textual\" \/>\n<meta property=\"og:description\" content=\"Tres diputados del bloque de diputados provinciales del Frejupa presentaron un proyecto de ley que propone la creaci\u00f3n de un \u201cR\u00e9gimen de Representaci\u00f3n Profesional\u201d para el personal policial de La&hellip;\" \/>\n<meta property=\"og:url\" content=\"https:\/\/diariotextual.com\/inicio\/index.php\/2026\/03\/05\/no-es-sindicalizacion-en-el-pj-proponen-que-policias-pampeanos-tengan-representacion-por-reclamos-laborales\/\" \/>\n<meta property=\"og:site_name\" content=\"Diario Textual\" \/>\n<meta property=\"article:publisher\" content=\"https:\/\/www.facebook.com\/eltextual\" \/>\n<meta property=\"article:published_time\" content=\"2026-03-05T22:37:12+00:00\" \/>\n<meta property=\"article:modified_time\" content=\"2026-03-06T12:57:16+00:00\" \/>\n<meta property=\"og:image\" content=\"https:\/\/diariotextual.com\/inicio\/wp-content\/uploads\/2025\/01\/policiacontrolesalcoholemiaescaneo2025-4.jpg\" \/>\n\t<meta property=\"og:image:width\" content=\"1500\" \/>\n\t<meta property=\"og:image:height\" content=\"1071\" \/>\n\t<meta property=\"og:image:type\" content=\"image\/jpeg\" \/>\n<meta name=\"author\" content=\"Diario1 Diario1\" \/>\n<meta name=\"twitter:card\" content=\"summary_large_image\" \/>\n<meta name=\"twitter:creator\" content=\"@eltextual\" \/>\n<meta name=\"twitter:site\" content=\"@eltextual\" \/>\n<meta name=\"twitter:label1\" content=\"Escrito por\" \/>\n\t<meta name=\"twitter:data1\" content=\"Diario1 Diario1\" \/>\n\t<meta name=\"twitter:label2\" content=\"Tiempo de lectura\" \/>\n\t<meta name=\"twitter:data2\" content=\"7 minutos\" \/>\n<script type=\"application\/ld+json\" class=\"yoast-schema-graph\">{\"@context\":\"https:\\\/\\\/schema.org\",\"@graph\":[{\"@type\":\"Article\",\"@id\":\"https:\\\/\\\/diariotextual.com\\\/inicio\\\/index.php\\\/2026\\\/03\\\/05\\\/no-es-sindicalizacion-en-el-pj-proponen-que-policias-pampeanos-tengan-representacion-por-reclamos-laborales\\\/#article\",\"isPartOf\":{\"@id\":\"https:\\\/\\\/diariotextual.com\\\/inicio\\\/index.php\\\/2026\\\/03\\\/05\\\/no-es-sindicalizacion-en-el-pj-proponen-que-policias-pampeanos-tengan-representacion-por-reclamos-laborales\\\/\"},\"author\":{\"name\":\"Diario1 Diario1\",\"@id\":\"https:\\\/\\\/diariotextual.com\\\/inicio\\\/#\\\/schema\\\/person\\\/418fc4093c33e86ed41562db3508f958\"},\"headline\":\"\u201cNo es sindicalizaci\u00f3n\u201d: en el PJ proponen que polic\u00edas pampeanos tengan \u201crepresentaci\u00f3n\u201d por reclamos laborales\",\"datePublished\":\"2026-03-05T22:37:12+00:00\",\"dateModified\":\"2026-03-06T12:57:16+00:00\",\"mainEntityOfPage\":{\"@id\":\"https:\\\/\\\/diariotextual.com\\\/inicio\\\/index.php\\\/2026\\\/03\\\/05\\\/no-es-sindicalizacion-en-el-pj-proponen-que-policias-pampeanos-tengan-representacion-por-reclamos-laborales\\\/\"},\"wordCount\":1443,\"publisher\":{\"@id\":\"https:\\\/\\\/diariotextual.com\\\/inicio\\\/#organization\"},\"image\":{\"@id\":\"https:\\\/\\\/diariotextual.com\\\/inicio\\\/index.php\\\/2026\\\/03\\\/05\\\/no-es-sindicalizacion-en-el-pj-proponen-que-policias-pampeanos-tengan-representacion-por-reclamos-laborales\\\/#primaryimage\"},\"thumbnailUrl\":\"https:\\\/\\\/diariotextual.com\\\/inicio\\\/wp-content\\\/uploads\\\/2025\\\/01\\\/policiacontrolesalcoholemiaescaneo2025-4.jpg\",\"articleSection\":[\"A - PORTADA2\",\"POLITICA\"],\"inLanguage\":\"es\"},{\"@type\":\"WebPage\",\"@id\":\"https:\\\/\\\/diariotextual.com\\\/inicio\\\/index.php\\\/2026\\\/03\\\/05\\\/no-es-sindicalizacion-en-el-pj-proponen-que-policias-pampeanos-tengan-representacion-por-reclamos-laborales\\\/\",\"url\":\"https:\\\/\\\/diariotextual.com\\\/inicio\\\/index.php\\\/2026\\\/03\\\/05\\\/no-es-sindicalizacion-en-el-pj-proponen-que-policias-pampeanos-tengan-representacion-por-reclamos-laborales\\\/\",\"name\":\"\u201cNo es sindicalizaci\u00f3n\u201d: en el PJ proponen que polic\u00edas pampeanos tengan \u201crepresentaci\u00f3n\u201d por reclamos laborales - Diario Textual\",\"isPartOf\":{\"@id\":\"https:\\\/\\\/diariotextual.com\\\/inicio\\\/#website\"},\"primaryImageOfPage\":{\"@id\":\"https:\\\/\\\/diariotextual.com\\\/inicio\\\/index.php\\\/2026\\\/03\\\/05\\\/no-es-sindicalizacion-en-el-pj-proponen-que-policias-pampeanos-tengan-representacion-por-reclamos-laborales\\\/#primaryimage\"},\"image\":{\"@id\":\"https:\\\/\\\/diariotextual.com\\\/inicio\\\/index.php\\\/2026\\\/03\\\/05\\\/no-es-sindicalizacion-en-el-pj-proponen-que-policias-pampeanos-tengan-representacion-por-reclamos-laborales\\\/#primaryimage\"},\"thumbnailUrl\":\"https:\\\/\\\/diariotextual.com\\\/inicio\\\/wp-content\\\/uploads\\\/2025\\\/01\\\/policiacontrolesalcoholemiaescaneo2025-4.jpg\",\"datePublished\":\"2026-03-05T22:37:12+00:00\",\"dateModified\":\"2026-03-06T12:57:16+00:00\",\"breadcrumb\":{\"@id\":\"https:\\\/\\\/diariotextual.com\\\/inicio\\\/index.php\\\/2026\\\/03\\\/05\\\/no-es-sindicalizacion-en-el-pj-proponen-que-policias-pampeanos-tengan-representacion-por-reclamos-laborales\\\/#breadcrumb\"},\"inLanguage\":\"es\",\"potentialAction\":[{\"@type\":\"ReadAction\",\"target\":[\"https:\\\/\\\/diariotextual.com\\\/inicio\\\/index.php\\\/2026\\\/03\\\/05\\\/no-es-sindicalizacion-en-el-pj-proponen-que-policias-pampeanos-tengan-representacion-por-reclamos-laborales\\\/\"]}]},{\"@type\":\"ImageObject\",\"inLanguage\":\"es\",\"@id\":\"https:\\\/\\\/diariotextual.com\\\/inicio\\\/index.php\\\/2026\\\/03\\\/05\\\/no-es-sindicalizacion-en-el-pj-proponen-que-policias-pampeanos-tengan-representacion-por-reclamos-laborales\\\/#primaryimage\",\"url\":\"https:\\\/\\\/diariotextual.com\\\/inicio\\\/wp-content\\\/uploads\\\/2025\\\/01\\\/policiacontrolesalcoholemiaescaneo2025-4.jpg\",\"contentUrl\":\"https:\\\/\\\/diariotextual.com\\\/inicio\\\/wp-content\\\/uploads\\\/2025\\\/01\\\/policiacontrolesalcoholemiaescaneo2025-4.jpg\",\"width\":1500,\"height\":1071},{\"@type\":\"BreadcrumbList\",\"@id\":\"https:\\\/\\\/diariotextual.com\\\/inicio\\\/index.php\\\/2026\\\/03\\\/05\\\/no-es-sindicalizacion-en-el-pj-proponen-que-policias-pampeanos-tengan-representacion-por-reclamos-laborales\\\/#breadcrumb\",\"itemListElement\":[{\"@type\":\"ListItem\",\"position\":1,\"name\":\"Portada\",\"item\":\"https:\\\/\\\/diariotextual.com\\\/inicio\\\/\"},{\"@type\":\"ListItem\",\"position\":2,\"name\":\"\u201cNo es sindicalizaci\u00f3n\u201d: en el PJ proponen que polic\u00edas pampeanos tengan \u201crepresentaci\u00f3n\u201d por reclamos laborales\"}]},{\"@type\":\"WebSite\",\"@id\":\"https:\\\/\\\/diariotextual.com\\\/inicio\\\/#website\",\"url\":\"https:\\\/\\\/diariotextual.com\\\/inicio\\\/\",\"name\":\"Diario Textual\",\"description\":\"\",\"publisher\":{\"@id\":\"https:\\\/\\\/diariotextual.com\\\/inicio\\\/#organization\"},\"potentialAction\":[{\"@type\":\"SearchAction\",\"target\":{\"@type\":\"EntryPoint\",\"urlTemplate\":\"https:\\\/\\\/diariotextual.com\\\/inicio\\\/?s={search_term_string}\"},\"query-input\":{\"@type\":\"PropertyValueSpecification\",\"valueRequired\":true,\"valueName\":\"search_term_string\"}}],\"inLanguage\":\"es\"},{\"@type\":\"Organization\",\"@id\":\"https:\\\/\\\/diariotextual.com\\\/inicio\\\/#organization\",\"name\":\"Diario Textual\",\"url\":\"https:\\\/\\\/diariotextual.com\\\/inicio\\\/\",\"logo\":{\"@type\":\"ImageObject\",\"inLanguage\":\"es\",\"@id\":\"https:\\\/\\\/diariotextual.com\\\/inicio\\\/#\\\/schema\\\/logo\\\/image\\\/\",\"url\":\"https:\\\/\\\/diariotextual.com\\\/inicio\\\/wp-content\\\/uploads\\\/2023\\\/05\\\/logotextual1.jpg\",\"contentUrl\":\"https:\\\/\\\/diariotextual.com\\\/inicio\\\/wp-content\\\/uploads\\\/2023\\\/05\\\/logotextual1.jpg\",\"width\":516,\"height\":76,\"caption\":\"Diario Textual\"},\"image\":{\"@id\":\"https:\\\/\\\/diariotextual.com\\\/inicio\\\/#\\\/schema\\\/logo\\\/image\\\/\"},\"sameAs\":[\"https:\\\/\\\/www.facebook.com\\\/eltextual\",\"https:\\\/\\\/x.com\\\/eltextual\",\"http:\\\/\\\/www.instagram.com\\\/eltextual\"]},{\"@type\":\"Person\",\"@id\":\"https:\\\/\\\/diariotextual.com\\\/inicio\\\/#\\\/schema\\\/person\\\/418fc4093c33e86ed41562db3508f958\",\"name\":\"Diario1 Diario1\",\"image\":{\"@type\":\"ImageObject\",\"inLanguage\":\"es\",\"@id\":\"https:\\\/\\\/secure.gravatar.com\\\/avatar\\\/9167d280179c85bc18be67aa7eda765854300033af4896dd779b608640f2ef7a?s=96&d=mm&r=g\",\"url\":\"https:\\\/\\\/secure.gravatar.com\\\/avatar\\\/9167d280179c85bc18be67aa7eda765854300033af4896dd779b608640f2ef7a?s=96&d=mm&r=g\",\"contentUrl\":\"https:\\\/\\\/secure.gravatar.com\\\/avatar\\\/9167d280179c85bc18be67aa7eda765854300033af4896dd779b608640f2ef7a?s=96&d=mm&r=g\",\"caption\":\"Diario1 Diario1\"},\"url\":\"https:\\\/\\\/diariotextual.com\\\/inicio\\\/index.php\\\/author\\\/diario1\\\/\"}]}<\/script>\n<!-- \/ Yoast SEO plugin. -->","yoast_head_json":{"title":"\u201cNo es sindicalizaci\u00f3n\u201d: en el PJ proponen que polic\u00edas pampeanos tengan \u201crepresentaci\u00f3n\u201d por reclamos laborales - Diario Textual","robots":{"index":"index","follow":"follow","max-snippet":"max-snippet:-1","max-image-preview":"max-image-preview:large","max-video-preview":"max-video-preview:-1"},"canonical":"https:\/\/diariotextual.com\/inicio\/index.php\/2026\/03\/05\/no-es-sindicalizacion-en-el-pj-proponen-que-policias-pampeanos-tengan-representacion-por-reclamos-laborales\/","og_locale":"es_ES","og_type":"article","og_title":"\u201cNo es sindicalizaci\u00f3n\u201d: en el PJ proponen que polic\u00edas pampeanos tengan \u201crepresentaci\u00f3n\u201d por reclamos laborales - Diario Textual","og_description":"Tres diputados del bloque de diputados provinciales del Frejupa presentaron un proyecto de ley que propone la creaci\u00f3n de un \u201cR\u00e9gimen de Representaci\u00f3n Profesional\u201d para el personal policial de La&hellip;","og_url":"https:\/\/diariotextual.com\/inicio\/index.php\/2026\/03\/05\/no-es-sindicalizacion-en-el-pj-proponen-que-policias-pampeanos-tengan-representacion-por-reclamos-laborales\/","og_site_name":"Diario Textual","article_publisher":"https:\/\/www.facebook.com\/eltextual","article_published_time":"2026-03-05T22:37:12+00:00","article_modified_time":"2026-03-06T12:57:16+00:00","og_image":[{"width":1500,"height":1071,"url":"https:\/\/diariotextual.com\/inicio\/wp-content\/uploads\/2025\/01\/policiacontrolesalcoholemiaescaneo2025-4.jpg","type":"image\/jpeg"}],"author":"Diario1 Diario1","twitter_card":"summary_large_image","twitter_creator":"@eltextual","twitter_site":"@eltextual","twitter_misc":{"Escrito por":"Diario1 Diario1","Tiempo de lectura":"7 minutos"},"schema":{"@context":"https:\/\/schema.org","@graph":[{"@type":"Article","@id":"https:\/\/diariotextual.com\/inicio\/index.php\/2026\/03\/05\/no-es-sindicalizacion-en-el-pj-proponen-que-policias-pampeanos-tengan-representacion-por-reclamos-laborales\/#article","isPartOf":{"@id":"https:\/\/diariotextual.com\/inicio\/index.php\/2026\/03\/05\/no-es-sindicalizacion-en-el-pj-proponen-que-policias-pampeanos-tengan-representacion-por-reclamos-laborales\/"},"author":{"name":"Diario1 Diario1","@id":"https:\/\/diariotextual.com\/inicio\/#\/schema\/person\/418fc4093c33e86ed41562db3508f958"},"headline":"\u201cNo es sindicalizaci\u00f3n\u201d: en el PJ proponen que polic\u00edas pampeanos tengan \u201crepresentaci\u00f3n\u201d por reclamos laborales","datePublished":"2026-03-05T22:37:12+00:00","dateModified":"2026-03-06T12:57:16+00:00","mainEntityOfPage":{"@id":"https:\/\/diariotextual.com\/inicio\/index.php\/2026\/03\/05\/no-es-sindicalizacion-en-el-pj-proponen-que-policias-pampeanos-tengan-representacion-por-reclamos-laborales\/"},"wordCount":1443,"publisher":{"@id":"https:\/\/diariotextual.com\/inicio\/#organization"},"image":{"@id":"https:\/\/diariotextual.com\/inicio\/index.php\/2026\/03\/05\/no-es-sindicalizacion-en-el-pj-proponen-que-policias-pampeanos-tengan-representacion-por-reclamos-laborales\/#primaryimage"},"thumbnailUrl":"https:\/\/diariotextual.com\/inicio\/wp-content\/uploads\/2025\/01\/policiacontrolesalcoholemiaescaneo2025-4.jpg","articleSection":["A - PORTADA2","POLITICA"],"inLanguage":"es"},{"@type":"WebPage","@id":"https:\/\/diariotextual.com\/inicio\/index.php\/2026\/03\/05\/no-es-sindicalizacion-en-el-pj-proponen-que-policias-pampeanos-tengan-representacion-por-reclamos-laborales\/","url":"https:\/\/diariotextual.com\/inicio\/index.php\/2026\/03\/05\/no-es-sindicalizacion-en-el-pj-proponen-que-policias-pampeanos-tengan-representacion-por-reclamos-laborales\/","name":"\u201cNo es sindicalizaci\u00f3n\u201d: en el PJ proponen que polic\u00edas pampeanos tengan \u201crepresentaci\u00f3n\u201d por reclamos laborales - Diario Textual","isPartOf":{"@id":"https:\/\/diariotextual.com\/inicio\/#website"},"primaryImageOfPage":{"@id":"https:\/\/diariotextual.com\/inicio\/index.php\/2026\/03\/05\/no-es-sindicalizacion-en-el-pj-proponen-que-policias-pampeanos-tengan-representacion-por-reclamos-laborales\/#primaryimage"},"image":{"@id":"https:\/\/diariotextual.com\/inicio\/index.php\/2026\/03\/05\/no-es-sindicalizacion-en-el-pj-proponen-que-policias-pampeanos-tengan-representacion-por-reclamos-laborales\/#primaryimage"},"thumbnailUrl":"https:\/\/diariotextual.com\/inicio\/wp-content\/uploads\/2025\/01\/policiacontrolesalcoholemiaescaneo2025-4.jpg","datePublished":"2026-03-05T22:37:12+00:00","dateModified":"2026-03-06T12:57:16+00:00","breadcrumb":{"@id":"https:\/\/diariotextual.com\/inicio\/index.php\/2026\/03\/05\/no-es-sindicalizacion-en-el-pj-proponen-que-policias-pampeanos-tengan-representacion-por-reclamos-laborales\/#breadcrumb"},"inLanguage":"es","potentialAction":[{"@type":"ReadAction","target":["https:\/\/diariotextual.com\/inicio\/index.php\/2026\/03\/05\/no-es-sindicalizacion-en-el-pj-proponen-que-policias-pampeanos-tengan-representacion-por-reclamos-laborales\/"]}]},{"@type":"ImageObject","inLanguage":"es","@id":"https:\/\/diariotextual.com\/inicio\/index.php\/2026\/03\/05\/no-es-sindicalizacion-en-el-pj-proponen-que-policias-pampeanos-tengan-representacion-por-reclamos-laborales\/#primaryimage","url":"https:\/\/diariotextual.com\/inicio\/wp-content\/uploads\/2025\/01\/policiacontrolesalcoholemiaescaneo2025-4.jpg","contentUrl":"https:\/\/diariotextual.com\/inicio\/wp-content\/uploads\/2025\/01\/policiacontrolesalcoholemiaescaneo2025-4.jpg","width":1500,"height":1071},{"@type":"BreadcrumbList","@id":"https:\/\/diariotextual.com\/inicio\/index.php\/2026\/03\/05\/no-es-sindicalizacion-en-el-pj-proponen-que-policias-pampeanos-tengan-representacion-por-reclamos-laborales\/#breadcrumb","itemListElement":[{"@type":"ListItem","position":1,"name":"Portada","item":"https:\/\/diariotextual.com\/inicio\/"},{"@type":"ListItem","position":2,"name":"\u201cNo es sindicalizaci\u00f3n\u201d: en el PJ proponen que polic\u00edas pampeanos tengan \u201crepresentaci\u00f3n\u201d por reclamos laborales"}]},{"@type":"WebSite","@id":"https:\/\/diariotextual.com\/inicio\/#website","url":"https:\/\/diariotextual.com\/inicio\/","name":"Diario Textual","description":"","publisher":{"@id":"https:\/\/diariotextual.com\/inicio\/#organization"},"potentialAction":[{"@type":"SearchAction","target":{"@type":"EntryPoint","urlTemplate":"https:\/\/diariotextual.com\/inicio\/?s={search_term_string}"},"query-input":{"@type":"PropertyValueSpecification","valueRequired":true,"valueName":"search_term_string"}}],"inLanguage":"es"},{"@type":"Organization","@id":"https:\/\/diariotextual.com\/inicio\/#organization","name":"Diario Textual","url":"https:\/\/diariotextual.com\/inicio\/","logo":{"@type":"ImageObject","inLanguage":"es","@id":"https:\/\/diariotextual.com\/inicio\/#\/schema\/logo\/image\/","url":"https:\/\/diariotextual.com\/inicio\/wp-content\/uploads\/2023\/05\/logotextual1.jpg","contentUrl":"https:\/\/diariotextual.com\/inicio\/wp-content\/uploads\/2023\/05\/logotextual1.jpg","width":516,"height":76,"caption":"Diario Textual"},"image":{"@id":"https:\/\/diariotextual.com\/inicio\/#\/schema\/logo\/image\/"},"sameAs":["https:\/\/www.facebook.com\/eltextual","https:\/\/x.com\/eltextual","http:\/\/www.instagram.com\/eltextual"]},{"@type":"Person","@id":"https:\/\/diariotextual.com\/inicio\/#\/schema\/person\/418fc4093c33e86ed41562db3508f958","name":"Diario1 Diario1","image":{"@type":"ImageObject","inLanguage":"es","@id":"https:\/\/secure.gravatar.com\/avatar\/9167d280179c85bc18be67aa7eda765854300033af4896dd779b608640f2ef7a?s=96&d=mm&r=g","url":"https:\/\/secure.gravatar.com\/avatar\/9167d280179c85bc18be67aa7eda765854300033af4896dd779b608640f2ef7a?s=96&d=mm&r=g","contentUrl":"https:\/\/secure.gravatar.com\/avatar\/9167d280179c85bc18be67aa7eda765854300033af4896dd779b608640f2ef7a?s=96&d=mm&r=g","caption":"Diario1 Diario1"},"url":"https:\/\/diariotextual.com\/inicio\/index.php\/author\/diario1\/"}]}},"_links":{"self":[{"href":"https:\/\/diariotextual.com\/inicio\/index.php\/wp-json\/wp\/v2\/posts\/321494","targetHints":{"allow":["GET"]}}],"collection":[{"href":"https:\/\/diariotextual.com\/inicio\/index.php\/wp-json\/wp\/v2\/posts"}],"about":[{"href":"https:\/\/diariotextual.com\/inicio\/index.php\/wp-json\/wp\/v2\/types\/post"}],"author":[{"embeddable":true,"href":"https:\/\/diariotextual.com\/inicio\/index.php\/wp-json\/wp\/v2\/users\/3"}],"replies":[{"embeddable":true,"href":"https:\/\/diariotextual.com\/inicio\/index.php\/wp-json\/wp\/v2\/comments?post=321494"}],"version-history":[{"count":5,"href":"https:\/\/diariotextual.com\/inicio\/index.php\/wp-json\/wp\/v2\/posts\/321494\/revisions"}],"predecessor-version":[{"id":321500,"href":"https:\/\/diariotextual.com\/inicio\/index.php\/wp-json\/wp\/v2\/posts\/321494\/revisions\/321500"}],"wp:featuredmedia":[{"embeddable":true,"href":"https:\/\/diariotextual.com\/inicio\/index.php\/wp-json\/wp\/v2\/media\/285793"}],"wp:attachment":[{"href":"https:\/\/diariotextual.com\/inicio\/index.php\/wp-json\/wp\/v2\/media?parent=321494"}],"wp:term":[{"taxonomy":"category","embeddable":true,"href":"https:\/\/diariotextual.com\/inicio\/index.php\/wp-json\/wp\/v2\/categories?post=321494"},{"taxonomy":"post_tag","embeddable":true,"href":"https:\/\/diariotextual.com\/inicio\/index.php\/wp-json\/wp\/v2\/tags?post=321494"}],"curies":[{"name":"wp","href":"https:\/\/api.w.org\/{rel}","templated":true}]}}