{"id":321502,"date":"2026-03-05T21:19:46","date_gmt":"2026-03-06T00:19:46","guid":{"rendered":"https:\/\/diariotextual.com\/inicio\/?p=321502"},"modified":"2026-03-06T11:20:01","modified_gmt":"2026-03-06T14:20:01","slug":"la-provincia-reitero-que-ayudara-a-la-reconstruccion-de-santa-rosa-y-que-espera-el-atn-de-nacion","status":"publish","type":"post","link":"https:\/\/diariotextual.com\/inicio\/index.php\/2026\/03\/05\/la-provincia-reitero-que-ayudara-a-la-reconstruccion-de-santa-rosa-y-que-espera-el-atn-de-nacion\/","title":{"rendered":"La Provincia reiter\u00f3 que ayudar\u00e1 a la reconstrucci\u00f3n de Santa Rosa y que espera el ATN de Naci\u00f3n"},"content":{"rendered":"\n<p>El <strong>gobernador Sergio Ziliotto<\/strong> le reiter\u00f3 este jueves al <strong>intendente Luciano di N\u00e1poli<\/strong> la <strong>\u201cdisposici\u00f3n\u201d<\/strong> a ayudar financieramente para la <strong>reconstrucci\u00f3n de la ciudad de Santa Rosa<\/strong>, que sufri\u00f3 severos destrozos en la <strong>tormenta del 18 de febrero<\/strong>. Seg\u00fan dijeron <strong>fuentes oficiales<\/strong> a <strong>Diario Textual<\/strong>, el mandatario le dijo que, como ya le hab\u00eda adelantado horas despu\u00e9s del violento fen\u00f3meno meteorol\u00f3gico, dar\u00e1 una <strong>colaboraci\u00f3n progresiva<\/strong> que, adem\u00e1s, estar\u00e1 atada a dos principales factores: la <strong>evoluci\u00f3n de la coparticipaci\u00f3n federal<\/strong> -que incluso en los primeros dos meses de este a\u00f1o cay\u00f3 en la asombrosa cifra de <strong>18 mil millones de pesos<\/strong>&#8211; y la respuesta del <strong>Gobierno nacional<\/strong> al pedido de un <strong>Aporte del Tesoro Nacional (ATN)<\/strong> de <strong>5 mil millones de pesos<\/strong>.<\/p>\n\n\n\n<p>El <strong>18 de febrero<\/strong>, una <strong>tormenta con vientos huracanados<\/strong> de alrededor de <strong>100 km\/h<\/strong>, lluvia y piedra afect\u00f3 a <strong>Santa Rosa<\/strong> y parte de <strong>Toay<\/strong>. En la capital provincial, el fort\u00edsimo viento derrib\u00f3 unas <strong>100 columnas de electricidad<\/strong> y <strong>1000 \u00e1rboles<\/strong>; vol\u00f3 total o parcialmente al menos <strong>43 techos de casas y comercios<\/strong>; destroz\u00f3 a <strong>cientos de autos<\/strong>; provoc\u00f3 <strong>cortes de electricidad y de telecomunicaciones<\/strong>; y hasta da\u00f1\u00f3 ca\u00f1er\u00edas del <strong>Acueducto Santa Rosa &#8211; Anguil &#8211; Uriburu<\/strong>, a ra\u00edz de los cortes de electricidad que rompieron v\u00e1lvulas.<\/p>\n\n\n\n<p>El <strong>lunes pasado<\/strong>, en la <strong>apertura de sesiones del concejo deliberante<\/strong>, el <strong>jefe comunal<\/strong> dijo que la ciudad requerir\u00eda unos <strong>3 mil millones de pesos<\/strong> para la <strong>reconstrucci\u00f3n<\/strong>.<\/p>\n\n\n\n<p>Dijo tambi\u00e9n que la ciudad ya comenz\u00f3 a afrontar los trabajos con <strong>recursos propios<\/strong>, gracias al <strong>super\u00e1vit acumulado<\/strong> en ejercicios anteriores. Pero sugiri\u00f3 que esperaba <strong>el auxilio de la Provincia<\/strong> y <strong>de la Naci\u00f3n.<\/strong><\/p>\n\n\n\n<p>Este jueves, en una actividad en <strong>Casa de Gobierno<\/strong>, <strong>Ziliotto<\/strong> estuvo hablando con <strong>Di N\u00e1poli<\/strong> sobre la ayuda que podr\u00eda dar la <strong>Provincia<\/strong>. Le reiter\u00f3 la <strong>predisposici\u00f3n a colaborar<\/strong> y le adelant\u00f3 que deber\u00e1 ser <strong>en forma progresiva<\/strong>. Es decir, la <strong>Provincia<\/strong> no puede -hoy por hoy- desembolsar <strong>3 mil millones de pesos<\/strong>.<\/p>\n\n\n\n<p>Lo que se espera es una <strong>respuesta de Naci\u00f3n<\/strong> al pedido que hizo la <strong>vicegobernadora Alicia Mayoral<\/strong>, por <strong>5 mil millones de pesos<\/strong>. Parte de ese dinero, en caso de llegar, ser\u00e1 destinada a arreglar <strong>decenas de escuelas afectadas<\/strong> en <strong>Santa Rosa<\/strong> y <strong>Toay<\/strong>, y otra parte del monto a la <strong>municipalidad capitalina<\/strong>.<\/p>\n\n\n\n<div style=\"height:100px\" aria-hidden=\"true\" class=\"wp-block-spacer\"><\/div>\n\n\n\n<p><strong>Trabajos<\/strong><\/p>\n\n\n\n<p><strong>Cuadrillas de trabajo municipales<\/strong> continuaron durante este jueves con actividades de <strong>limpieza<\/strong>, <strong>reparaci\u00f3n de ca\u00f1er\u00edas<\/strong> y <strong>recuperaci\u00f3n de espacios<\/strong> que resultaron afectados por los <strong>fuertes vientos<\/strong> y las <strong>lluvias<\/strong>.<\/p>\n\n\n\n<p>Las intervenciones abarcaron trabajos de <strong>limpieza en espacios urbanos<\/strong>, <strong>barrido de calles<\/strong>, <strong>reducci\u00f3n de troncos<\/strong> y <strong>recolecci\u00f3n de ramas<\/strong>. Al mismo tiempo, el <strong>municipio<\/strong> est\u00e1 reparando <strong>ca\u00f1er\u00edas de redes de agua<\/strong> y de <strong>cloacas<\/strong> que fueron afectadas por las <strong>ca\u00eddas de \u00e1rboles<\/strong>.<\/p>\n\n\n\n<div style=\"height:100px\" aria-hidden=\"true\" class=\"wp-block-spacer\"><\/div>\n\n\n\n<p><strong>Los operativos de este jueves<\/strong><\/p>\n\n\n\n<p>Las cuadrillas del <strong>Ente Municipal de Higiene y Salubridad Urbana (Emhsu)<\/strong> realizaron por la ma\u00f1ana y la tarde tareas en <strong>barrio Aeropuerto<\/strong>, en el <strong>\u00e1rea central<\/strong> y en el <strong>Paseo Ferial<\/strong>. En estos puntos se hicieron <strong>limpiezas generales<\/strong> y se retiraron <strong>ramas<\/strong>.<\/p>\n\n\n\n<p>En los lugares en que es necesario, se reducen <strong>troncos de gran porte<\/strong> que, posteriormente, son cargados en <strong>cajas volcadoras<\/strong> para ser retirados. Una vez acondicionado el espacio, se llevan adelante tareas de <strong>barrido<\/strong>.<\/p>\n\n\n\n<p>En tanto, esta semana se realizaron trabajos de <strong>limpieza y mantenimiento en avenida Per\u00f3n<\/strong>, donde, previo al <strong>temporal<\/strong>, se desarrollaron <strong>actividades de se\u00f1alamiento vial<\/strong>, <strong>construcci\u00f3n de bases de postes<\/strong> y <strong>tareas de pintura<\/strong> de este <strong>corredor clave de Santa Rosa<\/strong>. Las cuadrillas del <strong>Emhsu<\/strong> continuar\u00e1n estos d\u00edas en los barrios <strong>Tom\u00e1s Mason (Sur y Norte)<\/strong> y <strong>Villa Alonso<\/strong>.<\/p>\n\n\n\n<p>Al mismo tiempo, otro equipo de trabajo realiz\u00f3 el <strong>retiro de dos grandes \u00e1rboles<\/strong> que resultaron afectados, <strong>podas en general<\/strong>, <strong>reducciones de troncos con motosierras<\/strong> y <strong>tareas de mantenimiento del estacionamiento y del frente de la C\u00e1mara de Diputados provincial<\/strong>. Una vez ordenado el sector, se realizaron <strong>tareas de barrido y limpieza<\/strong>.<\/p>\n\n\n\n<div style=\"height:100px\" aria-hidden=\"true\" class=\"wp-block-spacer\"><\/div>\n\n\n\n<p><strong>Reparaci\u00f3n de ca\u00f1er\u00edas<\/strong><\/p>\n\n\n\n<p>Como es sabido, el <strong>temporal<\/strong> provoc\u00f3 la <strong>ca\u00edda de \u00e1rboles y columnas<\/strong>, lo que gener\u00f3 <strong>da\u00f1os en conductos de agua potable<\/strong> y en las <strong>redes cloacales<\/strong>. A partir de esta situaci\u00f3n, se llevaron adelante <strong>tareas de reparaci\u00f3n y recambio de ca\u00f1er\u00edas<\/strong> en los sectores afectados.<\/p>\n\n\n\n<p>Las intervenciones se realizaron en distintos puntos de la ciudad, entre ellos <strong>barrio Aeropuerto<\/strong>, <strong>Villa Santill\u00e1n<\/strong>, <strong>Villa Alonso<\/strong> y algunos sectores del <strong>centro<\/strong>. Tambi\u00e9n se repararon las <strong>ca\u00f1er\u00edas cloacales<\/strong> en distintos puntos como <strong>calle Emilio Civit entre Mormol y Dante Alighieri<\/strong>; en <strong>calle Anza entre Chile y P\u00edo XII<\/strong>; en <strong>Chile y Emilio Zola<\/strong>; en <strong>Chile entre Emilio Zola y M\u00e9xico<\/strong>; y en <strong>Chile y Alberdi<\/strong>.<\/p>\n\n\n\n<p>En estos lugares se efectuaron <strong>reparaciones mediante recambios de ca\u00f1er\u00edas<\/strong> que permitieron restablecer el <strong>funcionamiento habitual del sistema<\/strong>. Asimismo, las tareas continuar\u00e1n en <strong>Pestalozzi y Dante Alighieri<\/strong> y la pr\u00f3xima semana en <strong>calle Guatrach\u00e9 (barrio Centro Empleados de Comercio)<\/strong>.<\/p>\n\n\n\n<div style=\"height:100px\" aria-hidden=\"true\" class=\"wp-block-spacer\"><\/div>\n\n\n\n<p><strong>Tareas en el Parque Laguna Don Tom\u00e1s<\/strong><\/p>\n\n\n\n<p>Durante esta semana contin\u00faan distintos <strong>trabajos en el Parque Laguna Don Tom\u00e1s<\/strong>, que incluyen <strong>retiro de \u00e1rboles y ramas ca\u00eddas<\/strong>, <strong>corte de pasto<\/strong>, <strong>tareas de pintura<\/strong> y <strong>reparaci\u00f3n de muros<\/strong>.<\/p>\n\n\n\n<p>Se recuerda que los <strong>atractivos del parque<\/strong> funcionan con <strong>normalidad<\/strong>. En ese sentido, este <strong>s\u00e1bado y domingo<\/strong> los <strong>hidropedales<\/strong> y el <strong>catamar\u00e1n El Salitrero<\/strong> estar\u00e1n disponibles de <strong>18:00 a 20:30 horas<\/strong>, mientras que el <strong>servicio gratuito de bicicletas<\/strong> y los paseos en los trenes <strong>El Puelchito<\/strong> y <strong>El Pamperito<\/strong> tendr\u00e1n sus <strong>recorridos continuos entre las 16 y las 190 horas<\/strong>.<\/p>\n\n\n\n<p><\/p>\n","protected":false},"excerpt":{"rendered":"<p>El gobernador Sergio Ziliotto le reiter\u00f3 este jueves al intendente Luciano di N\u00e1poli la \u201cdisposici\u00f3n\u201d a ayudar financieramente para la reconstrucci\u00f3n de la ciudad de Santa Rosa, que sufri\u00f3 severos&hellip;<\/p>\n","protected":false},"author":3,"featured_media":321505,"comment_status":"closed","ping_status":"open","sticky":false,"template":"","format":"standard","meta":{"_acf_changed":false,"footnotes":""},"categories":[1,12],"tags":[],"class_list":["post-321502","post","type-post","status-publish","format-standard","has-post-thumbnail","hentry","category-es-noticia","category-sociedad"],"acf":[],"yoast_head":"<!-- This site is optimized with the Yoast SEO plugin v27.5 - https:\/\/yoast.com\/product\/yoast-seo-wordpress\/ -->\n<title>La Provincia reiter\u00f3 que ayudar\u00e1 a la reconstrucci\u00f3n de Santa Rosa y que espera el ATN de Naci\u00f3n - Diario Textual<\/title>\n<meta name=\"robots\" content=\"index, follow, max-snippet:-1, max-image-preview:large, max-video-preview:-1\" \/>\n<link rel=\"canonical\" href=\"https:\/\/diariotextual.com\/inicio\/index.php\/2026\/03\/05\/la-provincia-reitero-que-ayudara-a-la-reconstruccion-de-santa-rosa-y-que-espera-el-atn-de-nacion\/\" \/>\n<meta property=\"og:locale\" content=\"es_ES\" \/>\n<meta property=\"og:type\" content=\"article\" \/>\n<meta property=\"og:title\" content=\"La Provincia reiter\u00f3 que ayudar\u00e1 a la reconstrucci\u00f3n de Santa Rosa y que espera el ATN de Naci\u00f3n - Diario Textual\" \/>\n<meta property=\"og:description\" content=\"El gobernador Sergio Ziliotto le reiter\u00f3 este jueves al intendente Luciano di N\u00e1poli la \u201cdisposici\u00f3n\u201d a ayudar financieramente para la reconstrucci\u00f3n de la ciudad de Santa Rosa, que sufri\u00f3 severos&hellip;\" \/>\n<meta property=\"og:url\" content=\"https:\/\/diariotextual.com\/inicio\/index.php\/2026\/03\/05\/la-provincia-reitero-que-ayudara-a-la-reconstruccion-de-santa-rosa-y-que-espera-el-atn-de-nacion\/\" \/>\n<meta property=\"og:site_name\" content=\"Diario Textual\" \/>\n<meta property=\"article:publisher\" content=\"https:\/\/www.facebook.com\/eltextual\" \/>\n<meta property=\"article:published_time\" content=\"2026-03-06T00:19:46+00:00\" \/>\n<meta property=\"article:modified_time\" content=\"2026-03-06T14:20:01+00:00\" \/>\n<meta property=\"og:image\" content=\"https:\/\/diariotextual.com\/inicio\/wp-content\/uploads\/2026\/03\/tormentasantarosatemporaldestrozostormenta18febrero2026-9999.jpg\" \/>\n\t<meta property=\"og:image:width\" content=\"1200\" \/>\n\t<meta property=\"og:image:height\" content=\"675\" \/>\n\t<meta property=\"og:image:type\" content=\"image\/jpeg\" \/>\n<meta name=\"author\" content=\"Diario1 Diario1\" \/>\n<meta name=\"twitter:card\" content=\"summary_large_image\" \/>\n<meta name=\"twitter:creator\" content=\"@eltextual\" \/>\n<meta name=\"twitter:site\" content=\"@eltextual\" \/>\n<meta name=\"twitter:label1\" content=\"Escrito por\" \/>\n\t<meta name=\"twitter:data1\" content=\"Diario1 Diario1\" \/>\n\t<meta name=\"twitter:label2\" content=\"Tiempo de lectura\" \/>\n\t<meta name=\"twitter:data2\" content=\"5 minutos\" \/>\n<script type=\"application\/ld+json\" class=\"yoast-schema-graph\">{\"@context\":\"https:\\\/\\\/schema.org\",\"@graph\":[{\"@type\":\"Article\",\"@id\":\"https:\\\/\\\/diariotextual.com\\\/inicio\\\/index.php\\\/2026\\\/03\\\/05\\\/la-provincia-reitero-que-ayudara-a-la-reconstruccion-de-santa-rosa-y-que-espera-el-atn-de-nacion\\\/#article\",\"isPartOf\":{\"@id\":\"https:\\\/\\\/diariotextual.com\\\/inicio\\\/index.php\\\/2026\\\/03\\\/05\\\/la-provincia-reitero-que-ayudara-a-la-reconstruccion-de-santa-rosa-y-que-espera-el-atn-de-nacion\\\/\"},\"author\":{\"name\":\"Diario1 Diario1\",\"@id\":\"https:\\\/\\\/diariotextual.com\\\/inicio\\\/#\\\/schema\\\/person\\\/418fc4093c33e86ed41562db3508f958\"},\"headline\":\"La Provincia reiter\u00f3 que ayudar\u00e1 a la reconstrucci\u00f3n de Santa Rosa y que espera el ATN de Naci\u00f3n\",\"datePublished\":\"2026-03-06T00:19:46+00:00\",\"dateModified\":\"2026-03-06T14:20:01+00:00\",\"mainEntityOfPage\":{\"@id\":\"https:\\\/\\\/diariotextual.com\\\/inicio\\\/index.php\\\/2026\\\/03\\\/05\\\/la-provincia-reitero-que-ayudara-a-la-reconstruccion-de-santa-rosa-y-que-espera-el-atn-de-nacion\\\/\"},\"wordCount\":967,\"publisher\":{\"@id\":\"https:\\\/\\\/diariotextual.com\\\/inicio\\\/#organization\"},\"image\":{\"@id\":\"https:\\\/\\\/diariotextual.com\\\/inicio\\\/index.php\\\/2026\\\/03\\\/05\\\/la-provincia-reitero-que-ayudara-a-la-reconstruccion-de-santa-rosa-y-que-espera-el-atn-de-nacion\\\/#primaryimage\"},\"thumbnailUrl\":\"https:\\\/\\\/diariotextual.com\\\/inicio\\\/wp-content\\\/uploads\\\/2026\\\/03\\\/tormentasantarosatemporaldestrozostormenta18febrero2026-9999.jpg\",\"articleSection\":[\"A - ES NOTICIA (van abajo)\",\"SOCIEDAD\"],\"inLanguage\":\"es\"},{\"@type\":\"WebPage\",\"@id\":\"https:\\\/\\\/diariotextual.com\\\/inicio\\\/index.php\\\/2026\\\/03\\\/05\\\/la-provincia-reitero-que-ayudara-a-la-reconstruccion-de-santa-rosa-y-que-espera-el-atn-de-nacion\\\/\",\"url\":\"https:\\\/\\\/diariotextual.com\\\/inicio\\\/index.php\\\/2026\\\/03\\\/05\\\/la-provincia-reitero-que-ayudara-a-la-reconstruccion-de-santa-rosa-y-que-espera-el-atn-de-nacion\\\/\",\"name\":\"La Provincia reiter\u00f3 que ayudar\u00e1 a la reconstrucci\u00f3n de Santa Rosa y que espera el ATN de Naci\u00f3n - Diario Textual\",\"isPartOf\":{\"@id\":\"https:\\\/\\\/diariotextual.com\\\/inicio\\\/#website\"},\"primaryImageOfPage\":{\"@id\":\"https:\\\/\\\/diariotextual.com\\\/inicio\\\/index.php\\\/2026\\\/03\\\/05\\\/la-provincia-reitero-que-ayudara-a-la-reconstruccion-de-santa-rosa-y-que-espera-el-atn-de-nacion\\\/#primaryimage\"},\"image\":{\"@id\":\"https:\\\/\\\/diariotextual.com\\\/inicio\\\/index.php\\\/2026\\\/03\\\/05\\\/la-provincia-reitero-que-ayudara-a-la-reconstruccion-de-santa-rosa-y-que-espera-el-atn-de-nacion\\\/#primaryimage\"},\"thumbnailUrl\":\"https:\\\/\\\/diariotextual.com\\\/inicio\\\/wp-content\\\/uploads\\\/2026\\\/03\\\/tormentasantarosatemporaldestrozostormenta18febrero2026-9999.jpg\",\"datePublished\":\"2026-03-06T00:19:46+00:00\",\"dateModified\":\"2026-03-06T14:20:01+00:00\",\"breadcrumb\":{\"@id\":\"https:\\\/\\\/diariotextual.com\\\/inicio\\\/index.php\\\/2026\\\/03\\\/05\\\/la-provincia-reitero-que-ayudara-a-la-reconstruccion-de-santa-rosa-y-que-espera-el-atn-de-nacion\\\/#breadcrumb\"},\"inLanguage\":\"es\",\"potentialAction\":[{\"@type\":\"ReadAction\",\"target\":[\"https:\\\/\\\/diariotextual.com\\\/inicio\\\/index.php\\\/2026\\\/03\\\/05\\\/la-provincia-reitero-que-ayudara-a-la-reconstruccion-de-santa-rosa-y-que-espera-el-atn-de-nacion\\\/\"]}]},{\"@type\":\"ImageObject\",\"inLanguage\":\"es\",\"@id\":\"https:\\\/\\\/diariotextual.com\\\/inicio\\\/index.php\\\/2026\\\/03\\\/05\\\/la-provincia-reitero-que-ayudara-a-la-reconstruccion-de-santa-rosa-y-que-espera-el-atn-de-nacion\\\/#primaryimage\",\"url\":\"https:\\\/\\\/diariotextual.com\\\/inicio\\\/wp-content\\\/uploads\\\/2026\\\/03\\\/tormentasantarosatemporaldestrozostormenta18febrero2026-9999.jpg\",\"contentUrl\":\"https:\\\/\\\/diariotextual.com\\\/inicio\\\/wp-content\\\/uploads\\\/2026\\\/03\\\/tormentasantarosatemporaldestrozostormenta18febrero2026-9999.jpg\",\"width\":1200,\"height\":675},{\"@type\":\"BreadcrumbList\",\"@id\":\"https:\\\/\\\/diariotextual.com\\\/inicio\\\/index.php\\\/2026\\\/03\\\/05\\\/la-provincia-reitero-que-ayudara-a-la-reconstruccion-de-santa-rosa-y-que-espera-el-atn-de-nacion\\\/#breadcrumb\",\"itemListElement\":[{\"@type\":\"ListItem\",\"position\":1,\"name\":\"Portada\",\"item\":\"https:\\\/\\\/diariotextual.com\\\/inicio\\\/\"},{\"@type\":\"ListItem\",\"position\":2,\"name\":\"La Provincia reiter\u00f3 que ayudar\u00e1 a la reconstrucci\u00f3n de Santa Rosa y que espera el ATN de Naci\u00f3n\"}]},{\"@type\":\"WebSite\",\"@id\":\"https:\\\/\\\/diariotextual.com\\\/inicio\\\/#website\",\"url\":\"https:\\\/\\\/diariotextual.com\\\/inicio\\\/\",\"name\":\"Diario Textual\",\"description\":\"\",\"publisher\":{\"@id\":\"https:\\\/\\\/diariotextual.com\\\/inicio\\\/#organization\"},\"potentialAction\":[{\"@type\":\"SearchAction\",\"target\":{\"@type\":\"EntryPoint\",\"urlTemplate\":\"https:\\\/\\\/diariotextual.com\\\/inicio\\\/?s={search_term_string}\"},\"query-input\":{\"@type\":\"PropertyValueSpecification\",\"valueRequired\":true,\"valueName\":\"search_term_string\"}}],\"inLanguage\":\"es\"},{\"@type\":\"Organization\",\"@id\":\"https:\\\/\\\/diariotextual.com\\\/inicio\\\/#organization\",\"name\":\"Diario Textual\",\"url\":\"https:\\\/\\\/diariotextual.com\\\/inicio\\\/\",\"logo\":{\"@type\":\"ImageObject\",\"inLanguage\":\"es\",\"@id\":\"https:\\\/\\\/diariotextual.com\\\/inicio\\\/#\\\/schema\\\/logo\\\/image\\\/\",\"url\":\"https:\\\/\\\/diariotextual.com\\\/inicio\\\/wp-content\\\/uploads\\\/2023\\\/05\\\/logotextual1.jpg\",\"contentUrl\":\"https:\\\/\\\/diariotextual.com\\\/inicio\\\/wp-content\\\/uploads\\\/2023\\\/05\\\/logotextual1.jpg\",\"width\":516,\"height\":76,\"caption\":\"Diario Textual\"},\"image\":{\"@id\":\"https:\\\/\\\/diariotextual.com\\\/inicio\\\/#\\\/schema\\\/logo\\\/image\\\/\"},\"sameAs\":[\"https:\\\/\\\/www.facebook.com\\\/eltextual\",\"https:\\\/\\\/x.com\\\/eltextual\",\"http:\\\/\\\/www.instagram.com\\\/eltextual\"]},{\"@type\":\"Person\",\"@id\":\"https:\\\/\\\/diariotextual.com\\\/inicio\\\/#\\\/schema\\\/person\\\/418fc4093c33e86ed41562db3508f958\",\"name\":\"Diario1 Diario1\",\"image\":{\"@type\":\"ImageObject\",\"inLanguage\":\"es\",\"@id\":\"https:\\\/\\\/secure.gravatar.com\\\/avatar\\\/9167d280179c85bc18be67aa7eda765854300033af4896dd779b608640f2ef7a?s=96&d=mm&r=g\",\"url\":\"https:\\\/\\\/secure.gravatar.com\\\/avatar\\\/9167d280179c85bc18be67aa7eda765854300033af4896dd779b608640f2ef7a?s=96&d=mm&r=g\",\"contentUrl\":\"https:\\\/\\\/secure.gravatar.com\\\/avatar\\\/9167d280179c85bc18be67aa7eda765854300033af4896dd779b608640f2ef7a?s=96&d=mm&r=g\",\"caption\":\"Diario1 Diario1\"},\"url\":\"https:\\\/\\\/diariotextual.com\\\/inicio\\\/index.php\\\/author\\\/diario1\\\/\"}]}<\/script>\n<!-- \/ Yoast SEO plugin. -->","yoast_head_json":{"title":"La Provincia reiter\u00f3 que ayudar\u00e1 a la reconstrucci\u00f3n de Santa Rosa y que espera el ATN de Naci\u00f3n - Diario Textual","robots":{"index":"index","follow":"follow","max-snippet":"max-snippet:-1","max-image-preview":"max-image-preview:large","max-video-preview":"max-video-preview:-1"},"canonical":"https:\/\/diariotextual.com\/inicio\/index.php\/2026\/03\/05\/la-provincia-reitero-que-ayudara-a-la-reconstruccion-de-santa-rosa-y-que-espera-el-atn-de-nacion\/","og_locale":"es_ES","og_type":"article","og_title":"La Provincia reiter\u00f3 que ayudar\u00e1 a la reconstrucci\u00f3n de Santa Rosa y que espera el ATN de Naci\u00f3n - Diario Textual","og_description":"El gobernador Sergio Ziliotto le reiter\u00f3 este jueves al intendente Luciano di N\u00e1poli la \u201cdisposici\u00f3n\u201d a ayudar financieramente para la reconstrucci\u00f3n de la ciudad de Santa Rosa, que sufri\u00f3 severos&hellip;","og_url":"https:\/\/diariotextual.com\/inicio\/index.php\/2026\/03\/05\/la-provincia-reitero-que-ayudara-a-la-reconstruccion-de-santa-rosa-y-que-espera-el-atn-de-nacion\/","og_site_name":"Diario Textual","article_publisher":"https:\/\/www.facebook.com\/eltextual","article_published_time":"2026-03-06T00:19:46+00:00","article_modified_time":"2026-03-06T14:20:01+00:00","og_image":[{"width":1200,"height":675,"url":"https:\/\/diariotextual.com\/inicio\/wp-content\/uploads\/2026\/03\/tormentasantarosatemporaldestrozostormenta18febrero2026-9999.jpg","type":"image\/jpeg"}],"author":"Diario1 Diario1","twitter_card":"summary_large_image","twitter_creator":"@eltextual","twitter_site":"@eltextual","twitter_misc":{"Escrito por":"Diario1 Diario1","Tiempo de lectura":"5 minutos"},"schema":{"@context":"https:\/\/schema.org","@graph":[{"@type":"Article","@id":"https:\/\/diariotextual.com\/inicio\/index.php\/2026\/03\/05\/la-provincia-reitero-que-ayudara-a-la-reconstruccion-de-santa-rosa-y-que-espera-el-atn-de-nacion\/#article","isPartOf":{"@id":"https:\/\/diariotextual.com\/inicio\/index.php\/2026\/03\/05\/la-provincia-reitero-que-ayudara-a-la-reconstruccion-de-santa-rosa-y-que-espera-el-atn-de-nacion\/"},"author":{"name":"Diario1 Diario1","@id":"https:\/\/diariotextual.com\/inicio\/#\/schema\/person\/418fc4093c33e86ed41562db3508f958"},"headline":"La Provincia reiter\u00f3 que ayudar\u00e1 a la reconstrucci\u00f3n de Santa Rosa y que espera el ATN de Naci\u00f3n","datePublished":"2026-03-06T00:19:46+00:00","dateModified":"2026-03-06T14:20:01+00:00","mainEntityOfPage":{"@id":"https:\/\/diariotextual.com\/inicio\/index.php\/2026\/03\/05\/la-provincia-reitero-que-ayudara-a-la-reconstruccion-de-santa-rosa-y-que-espera-el-atn-de-nacion\/"},"wordCount":967,"publisher":{"@id":"https:\/\/diariotextual.com\/inicio\/#organization"},"image":{"@id":"https:\/\/diariotextual.com\/inicio\/index.php\/2026\/03\/05\/la-provincia-reitero-que-ayudara-a-la-reconstruccion-de-santa-rosa-y-que-espera-el-atn-de-nacion\/#primaryimage"},"thumbnailUrl":"https:\/\/diariotextual.com\/inicio\/wp-content\/uploads\/2026\/03\/tormentasantarosatemporaldestrozostormenta18febrero2026-9999.jpg","articleSection":["A - ES NOTICIA (van abajo)","SOCIEDAD"],"inLanguage":"es"},{"@type":"WebPage","@id":"https:\/\/diariotextual.com\/inicio\/index.php\/2026\/03\/05\/la-provincia-reitero-que-ayudara-a-la-reconstruccion-de-santa-rosa-y-que-espera-el-atn-de-nacion\/","url":"https:\/\/diariotextual.com\/inicio\/index.php\/2026\/03\/05\/la-provincia-reitero-que-ayudara-a-la-reconstruccion-de-santa-rosa-y-que-espera-el-atn-de-nacion\/","name":"La Provincia reiter\u00f3 que ayudar\u00e1 a la reconstrucci\u00f3n de Santa Rosa y que espera el ATN de Naci\u00f3n - Diario Textual","isPartOf":{"@id":"https:\/\/diariotextual.com\/inicio\/#website"},"primaryImageOfPage":{"@id":"https:\/\/diariotextual.com\/inicio\/index.php\/2026\/03\/05\/la-provincia-reitero-que-ayudara-a-la-reconstruccion-de-santa-rosa-y-que-espera-el-atn-de-nacion\/#primaryimage"},"image":{"@id":"https:\/\/diariotextual.com\/inicio\/index.php\/2026\/03\/05\/la-provincia-reitero-que-ayudara-a-la-reconstruccion-de-santa-rosa-y-que-espera-el-atn-de-nacion\/#primaryimage"},"thumbnailUrl":"https:\/\/diariotextual.com\/inicio\/wp-content\/uploads\/2026\/03\/tormentasantarosatemporaldestrozostormenta18febrero2026-9999.jpg","datePublished":"2026-03-06T00:19:46+00:00","dateModified":"2026-03-06T14:20:01+00:00","breadcrumb":{"@id":"https:\/\/diariotextual.com\/inicio\/index.php\/2026\/03\/05\/la-provincia-reitero-que-ayudara-a-la-reconstruccion-de-santa-rosa-y-que-espera-el-atn-de-nacion\/#breadcrumb"},"inLanguage":"es","potentialAction":[{"@type":"ReadAction","target":["https:\/\/diariotextual.com\/inicio\/index.php\/2026\/03\/05\/la-provincia-reitero-que-ayudara-a-la-reconstruccion-de-santa-rosa-y-que-espera-el-atn-de-nacion\/"]}]},{"@type":"ImageObject","inLanguage":"es","@id":"https:\/\/diariotextual.com\/inicio\/index.php\/2026\/03\/05\/la-provincia-reitero-que-ayudara-a-la-reconstruccion-de-santa-rosa-y-que-espera-el-atn-de-nacion\/#primaryimage","url":"https:\/\/diariotextual.com\/inicio\/wp-content\/uploads\/2026\/03\/tormentasantarosatemporaldestrozostormenta18febrero2026-9999.jpg","contentUrl":"https:\/\/diariotextual.com\/inicio\/wp-content\/uploads\/2026\/03\/tormentasantarosatemporaldestrozostormenta18febrero2026-9999.jpg","width":1200,"height":675},{"@type":"BreadcrumbList","@id":"https:\/\/diariotextual.com\/inicio\/index.php\/2026\/03\/05\/la-provincia-reitero-que-ayudara-a-la-reconstruccion-de-santa-rosa-y-que-espera-el-atn-de-nacion\/#breadcrumb","itemListElement":[{"@type":"ListItem","position":1,"name":"Portada","item":"https:\/\/diariotextual.com\/inicio\/"},{"@type":"ListItem","position":2,"name":"La Provincia reiter\u00f3 que ayudar\u00e1 a la reconstrucci\u00f3n de Santa Rosa y que espera el ATN de Naci\u00f3n"}]},{"@type":"WebSite","@id":"https:\/\/diariotextual.com\/inicio\/#website","url":"https:\/\/diariotextual.com\/inicio\/","name":"Diario Textual","description":"","publisher":{"@id":"https:\/\/diariotextual.com\/inicio\/#organization"},"potentialAction":[{"@type":"SearchAction","target":{"@type":"EntryPoint","urlTemplate":"https:\/\/diariotextual.com\/inicio\/?s={search_term_string}"},"query-input":{"@type":"PropertyValueSpecification","valueRequired":true,"valueName":"search_term_string"}}],"inLanguage":"es"},{"@type":"Organization","@id":"https:\/\/diariotextual.com\/inicio\/#organization","name":"Diario Textual","url":"https:\/\/diariotextual.com\/inicio\/","logo":{"@type":"ImageObject","inLanguage":"es","@id":"https:\/\/diariotextual.com\/inicio\/#\/schema\/logo\/image\/","url":"https:\/\/diariotextual.com\/inicio\/wp-content\/uploads\/2023\/05\/logotextual1.jpg","contentUrl":"https:\/\/diariotextual.com\/inicio\/wp-content\/uploads\/2023\/05\/logotextual1.jpg","width":516,"height":76,"caption":"Diario Textual"},"image":{"@id":"https:\/\/diariotextual.com\/inicio\/#\/schema\/logo\/image\/"},"sameAs":["https:\/\/www.facebook.com\/eltextual","https:\/\/x.com\/eltextual","http:\/\/www.instagram.com\/eltextual"]},{"@type":"Person","@id":"https:\/\/diariotextual.com\/inicio\/#\/schema\/person\/418fc4093c33e86ed41562db3508f958","name":"Diario1 Diario1","image":{"@type":"ImageObject","inLanguage":"es","@id":"https:\/\/secure.gravatar.com\/avatar\/9167d280179c85bc18be67aa7eda765854300033af4896dd779b608640f2ef7a?s=96&d=mm&r=g","url":"https:\/\/secure.gravatar.com\/avatar\/9167d280179c85bc18be67aa7eda765854300033af4896dd779b608640f2ef7a?s=96&d=mm&r=g","contentUrl":"https:\/\/secure.gravatar.com\/avatar\/9167d280179c85bc18be67aa7eda765854300033af4896dd779b608640f2ef7a?s=96&d=mm&r=g","caption":"Diario1 Diario1"},"url":"https:\/\/diariotextual.com\/inicio\/index.php\/author\/diario1\/"}]}},"_links":{"self":[{"href":"https:\/\/diariotextual.com\/inicio\/index.php\/wp-json\/wp\/v2\/posts\/321502","targetHints":{"allow":["GET"]}}],"collection":[{"href":"https:\/\/diariotextual.com\/inicio\/index.php\/wp-json\/wp\/v2\/posts"}],"about":[{"href":"https:\/\/diariotextual.com\/inicio\/index.php\/wp-json\/wp\/v2\/types\/post"}],"author":[{"embeddable":true,"href":"https:\/\/diariotextual.com\/inicio\/index.php\/wp-json\/wp\/v2\/users\/3"}],"replies":[{"embeddable":true,"href":"https:\/\/diariotextual.com\/inicio\/index.php\/wp-json\/wp\/v2\/comments?post=321502"}],"version-history":[{"count":3,"href":"https:\/\/diariotextual.com\/inicio\/index.php\/wp-json\/wp\/v2\/posts\/321502\/revisions"}],"predecessor-version":[{"id":321530,"href":"https:\/\/diariotextual.com\/inicio\/index.php\/wp-json\/wp\/v2\/posts\/321502\/revisions\/321530"}],"wp:featuredmedia":[{"embeddable":true,"href":"https:\/\/diariotextual.com\/inicio\/index.php\/wp-json\/wp\/v2\/media\/321505"}],"wp:attachment":[{"href":"https:\/\/diariotextual.com\/inicio\/index.php\/wp-json\/wp\/v2\/media?parent=321502"}],"wp:term":[{"taxonomy":"category","embeddable":true,"href":"https:\/\/diariotextual.com\/inicio\/index.php\/wp-json\/wp\/v2\/categories?post=321502"},{"taxonomy":"post_tag","embeddable":true,"href":"https:\/\/diariotextual.com\/inicio\/index.php\/wp-json\/wp\/v2\/tags?post=321502"}],"curies":[{"name":"wp","href":"https:\/\/api.w.org\/{rel}","templated":true}]}}