{"id":321521,"date":"2026-03-06T07:47:40","date_gmt":"2026-03-06T10:47:40","guid":{"rendered":"https:\/\/diariotextual.com\/inicio\/?p=321521"},"modified":"2026-03-06T12:11:06","modified_gmt":"2026-03-06T15:11:06","slug":"lecciones-de-un-menemista-a-milei-y-ravier-por-los-bajos-impuestos-de-la-zf-de-pico-me-ocupe-yo-dice-sole","status":"publish","type":"post","link":"https:\/\/diariotextual.com\/inicio\/index.php\/2026\/03\/06\/lecciones-de-un-menemista-a-milei-y-ravier-por-los-bajos-impuestos-de-la-zf-de-pico-me-ocupe-yo-dice-sole\/","title":{"rendered":"Lecciones de un menemista a Milei y Ravier por los bajos impuestos de la ZF de Pico: \u201cMe ocup\u00e9 yo\u201d, dice Sol\u00e9"},"content":{"rendered":"\n<p>El exfuncionario del peronismo y ahora reconvertido en <strong>militante libertario, Miguel Sol\u00e9<\/strong>, sali\u00f3 a recordarle al <strong>presidente Javier Milei<\/strong> y al <strong>diputado nacional Adri\u00e1n Ravier<\/strong> que la <strong>baja de impuestos a empresas<\/strong> ya la impuls\u00f3 hace tres d\u00e9cadas desde su oficina de <strong>Casa Rosada<\/strong>. Puso como ejemplo su trabajo para que se pusiera en marcha la <strong>Zona Franca de General Pico<\/strong> hace 27 a\u00f1os.<\/p>\n\n\n\n<p>\u201cEn la <strong>Zona Franca de Pico<\/strong> no se cobran <strong>aportes patronales<\/strong> (los paga el <strong>Estado provincial<\/strong>) y se puede vender en el <strong>mercado nacional<\/strong> (originalmente fue la \u00fanica)\u201d, escribi\u00f3 en <strong>X<\/strong>. \u201cPor suerte, de esa parte me ocup\u00e9 yo hace unos a\u00f1os. <strong>Bajar impuestos a quien produce es el camino<\/strong>\u201d, agreg\u00f3, y \u201carrob\u00f3\u201d a las cuentas de <strong>Milei<\/strong> y <strong>Ravier<\/strong>.<\/p>\n\n\n\n<p>Sol\u00e9 se desempe\u00f1\u00f3 en los \u201990 como secretario de Control Estrat\u00e9gico de la Jefatura de Gabinete, cuando el jefe de Gabinete era Jorge Rodr\u00edguez.<\/p>\n\n\n\n<p><strong>Sol\u00e9<\/strong>, quien suele jactarse de haber sido el verdadero <strong>jefe o estratega de la llamada \u201cBanda de los Pampeanos\u201d<\/strong>, el grupo de funcionarios oriundos de <strong>La Pampa<\/strong> con alto perfil en <strong>Casa Rosada<\/strong> y en los pasillos del <strong>Congreso<\/strong> durante la d\u00e9cada del gobierno de <strong>Carlos Menem<\/strong>, volvi\u00f3 as\u00ed a reivindicar su participaci\u00f3n en el dise\u00f1o de pol\u00edticas vinculadas a la <strong>promoci\u00f3n industrial<\/strong>.<\/p>\n\n\n\n<p>La historia de la <strong>Zona Franca de General Pico<\/strong> comenz\u00f3 en <strong>1994<\/strong>, cuando fue creada oficialmente. Luego, el <strong>6 de noviembre de 1998<\/strong>, se firm\u00f3 un <strong>convenio por 30 a\u00f1os<\/strong> entre el <strong>Gobierno provincial<\/strong> y la empresa <strong>Servicios y Tecnolog\u00edas Aeroportuarios SA<\/strong> (controlada por <strong>Aeropuertos Argentina 2000<\/strong>), que al mismo tiempo administra el <strong>Aeropuerto Internacional de Cargas de General Pico<\/strong>, otra pata fundamental de la estrategia para desarrollar el <strong>potencial productivo regional<\/strong>.<\/p>\n\n\n\n<p>Finalmente se puso en marcha en <strong>1999<\/strong>, en un marco de <strong>gran expectativa<\/strong> por parte de la comunidad, que hab\u00eda sido golpeada por el <strong>desempleo<\/strong> generado por la desestructuraci\u00f3n de la <strong>industria metalmec\u00e1nica<\/strong>, la reducci\u00f3n de personal derivada de la <strong>privatizaci\u00f3n de los servicios p\u00fablicos<\/strong> y los <strong>fen\u00f3menos clim\u00e1ticos<\/strong> que afectaron la <strong>producci\u00f3n agropecuaria<\/strong>.<\/p>\n\n\n\n<p>Los <strong>beneficios impositivos, aduaneros y de contribuci\u00f3n social<\/strong> que posee la <strong>Zona Franca<\/strong>, combinados con las virtudes de la <strong>ciudad de General Pico<\/strong> y de la <strong>provincia de La Pampa<\/strong>, hacen que este enclave se convierta en un <strong>atractivo polo industrial y de servicios<\/strong> para el sector.<\/p>\n\n\n\n<p>Seg\u00fan se inform\u00f3 recientemente, la <strong>Zona Franca de General Pico<\/strong> finaliz\u00f3 <strong>2025<\/strong> con <strong>resultados positivos<\/strong>, en medio de un contexto econ\u00f3mico nacional adverso, marcado por <strong>ca\u00edda del consumo<\/strong>, <strong>apertura importadora<\/strong> y <strong>recesi\u00f3n industrial<\/strong>.<\/p>\n\n\n\n<p>Los <strong>rubros predominantes<\/strong> son <strong>petr\u00f3leo y miner\u00eda<\/strong>, <strong>maquinaria vial<\/strong>, <strong>ferreter\u00eda<\/strong> y <strong>textil<\/strong>.<\/p>\n\n\n\n<p>La zona pudo mantener su <strong>actividad<\/strong> gracias a la <strong>coordinaci\u00f3n entre el Gobierno provincial y las empresas radicadas<\/strong>. Actualmente cuenta con <strong>25 usuarios directos y 41 indirectos<\/strong>, emplea a <strong>560 personas<\/strong> \u2014un leve aumento respecto de <strong>2024<\/strong>\u2014 y registr\u00f3 hasta <strong>noviembre<\/strong> <strong>934 operaciones por m\u00e1s de 65 millones de d\u00f3lares<\/strong>.<\/p>\n\n\n\n<p>El <strong>almacenamiento de mercader\u00edas<\/strong> gan\u00f3 protagonismo frente a nuevas <strong>radicaciones<\/strong>, mientras <strong>cuatro firmas ampl\u00edan instalaciones<\/strong> y <strong>otras cuatro eval\u00faan instalarse<\/strong>.<\/p>\n\n\n\n<p><\/p>\n","protected":false},"excerpt":{"rendered":"<p>El exfuncionario del peronismo y ahora reconvertido en militante libertario, Miguel Sol\u00e9, sali\u00f3 a recordarle al presidente Javier Milei y al diputado nacional Adri\u00e1n Ravier que la baja de impuestos&hellip;<\/p>\n","protected":false},"author":3,"featured_media":122719,"comment_status":"closed","ping_status":"open","sticky":false,"template":"","format":"standard","meta":{"_acf_changed":false,"footnotes":""},"categories":[1,8],"tags":[],"class_list":["post-321521","post","type-post","status-publish","format-standard","has-post-thumbnail","hentry","category-es-noticia","category-politica"],"acf":[],"yoast_head":"<!-- This site is optimized with the Yoast SEO plugin v27.5 - https:\/\/yoast.com\/product\/yoast-seo-wordpress\/ -->\n<title>Lecciones de un menemista a Milei y Ravier por los bajos impuestos de la ZF de Pico: \u201cMe ocup\u00e9 yo\u201d, dice Sol\u00e9 - Diario Textual<\/title>\n<meta name=\"robots\" content=\"index, follow, max-snippet:-1, max-image-preview:large, max-video-preview:-1\" \/>\n<link rel=\"canonical\" href=\"https:\/\/diariotextual.com\/inicio\/index.php\/2026\/03\/06\/lecciones-de-un-menemista-a-milei-y-ravier-por-los-bajos-impuestos-de-la-zf-de-pico-me-ocupe-yo-dice-sole\/\" \/>\n<meta property=\"og:locale\" content=\"es_ES\" \/>\n<meta property=\"og:type\" content=\"article\" \/>\n<meta property=\"og:title\" content=\"Lecciones de un menemista a Milei y Ravier por los bajos impuestos de la ZF de Pico: \u201cMe ocup\u00e9 yo\u201d, dice Sol\u00e9 - Diario Textual\" \/>\n<meta property=\"og:description\" content=\"El exfuncionario del peronismo y ahora reconvertido en militante libertario, Miguel Sol\u00e9, sali\u00f3 a recordarle al presidente Javier Milei y al diputado nacional Adri\u00e1n Ravier que la baja de impuestos&hellip;\" \/>\n<meta property=\"og:url\" content=\"https:\/\/diariotextual.com\/inicio\/index.php\/2026\/03\/06\/lecciones-de-un-menemista-a-milei-y-ravier-por-los-bajos-impuestos-de-la-zf-de-pico-me-ocupe-yo-dice-sole\/\" \/>\n<meta property=\"og:site_name\" content=\"Diario Textual\" \/>\n<meta property=\"article:publisher\" content=\"https:\/\/www.facebook.com\/eltextual\" \/>\n<meta property=\"article:published_time\" content=\"2026-03-06T10:47:40+00:00\" \/>\n<meta property=\"article:modified_time\" content=\"2026-03-06T15:11:06+00:00\" \/>\n<meta property=\"og:image\" content=\"https:\/\/diariotextual.com\/inicio\/wp-content\/uploads\/2020\/11\/zonafrancapico2020-1.jpeg\" \/>\n\t<meta property=\"og:image:width\" content=\"1279\" \/>\n\t<meta property=\"og:image:height\" content=\"943\" \/>\n\t<meta property=\"og:image:type\" content=\"image\/jpeg\" \/>\n<meta name=\"author\" content=\"Diario1 Diario1\" \/>\n<meta name=\"twitter:card\" content=\"summary_large_image\" \/>\n<meta name=\"twitter:creator\" content=\"@eltextual\" \/>\n<meta name=\"twitter:site\" content=\"@eltextual\" \/>\n<meta name=\"twitter:label1\" content=\"Escrito por\" \/>\n\t<meta name=\"twitter:data1\" content=\"Diario1 Diario1\" \/>\n\t<meta name=\"twitter:label2\" content=\"Tiempo de lectura\" \/>\n\t<meta name=\"twitter:data2\" content=\"3 minutos\" \/>\n<script type=\"application\/ld+json\" class=\"yoast-schema-graph\">{\"@context\":\"https:\\\/\\\/schema.org\",\"@graph\":[{\"@type\":\"Article\",\"@id\":\"https:\\\/\\\/diariotextual.com\\\/inicio\\\/index.php\\\/2026\\\/03\\\/06\\\/lecciones-de-un-menemista-a-milei-y-ravier-por-los-bajos-impuestos-de-la-zf-de-pico-me-ocupe-yo-dice-sole\\\/#article\",\"isPartOf\":{\"@id\":\"https:\\\/\\\/diariotextual.com\\\/inicio\\\/index.php\\\/2026\\\/03\\\/06\\\/lecciones-de-un-menemista-a-milei-y-ravier-por-los-bajos-impuestos-de-la-zf-de-pico-me-ocupe-yo-dice-sole\\\/\"},\"author\":{\"name\":\"Diario1 Diario1\",\"@id\":\"https:\\\/\\\/diariotextual.com\\\/inicio\\\/#\\\/schema\\\/person\\\/418fc4093c33e86ed41562db3508f958\"},\"headline\":\"Lecciones de un menemista a Milei y Ravier por los bajos impuestos de la ZF de Pico: \u201cMe ocup\u00e9 yo\u201d, dice Sol\u00e9\",\"datePublished\":\"2026-03-06T10:47:40+00:00\",\"dateModified\":\"2026-03-06T15:11:06+00:00\",\"mainEntityOfPage\":{\"@id\":\"https:\\\/\\\/diariotextual.com\\\/inicio\\\/index.php\\\/2026\\\/03\\\/06\\\/lecciones-de-un-menemista-a-milei-y-ravier-por-los-bajos-impuestos-de-la-zf-de-pico-me-ocupe-yo-dice-sole\\\/\"},\"wordCount\":542,\"publisher\":{\"@id\":\"https:\\\/\\\/diariotextual.com\\\/inicio\\\/#organization\"},\"image\":{\"@id\":\"https:\\\/\\\/diariotextual.com\\\/inicio\\\/index.php\\\/2026\\\/03\\\/06\\\/lecciones-de-un-menemista-a-milei-y-ravier-por-los-bajos-impuestos-de-la-zf-de-pico-me-ocupe-yo-dice-sole\\\/#primaryimage\"},\"thumbnailUrl\":\"https:\\\/\\\/diariotextual.com\\\/inicio\\\/wp-content\\\/uploads\\\/2020\\\/11\\\/zonafrancapico2020-1.jpeg\",\"articleSection\":[\"A - ES NOTICIA (van abajo)\",\"POLITICA\"],\"inLanguage\":\"es\"},{\"@type\":\"WebPage\",\"@id\":\"https:\\\/\\\/diariotextual.com\\\/inicio\\\/index.php\\\/2026\\\/03\\\/06\\\/lecciones-de-un-menemista-a-milei-y-ravier-por-los-bajos-impuestos-de-la-zf-de-pico-me-ocupe-yo-dice-sole\\\/\",\"url\":\"https:\\\/\\\/diariotextual.com\\\/inicio\\\/index.php\\\/2026\\\/03\\\/06\\\/lecciones-de-un-menemista-a-milei-y-ravier-por-los-bajos-impuestos-de-la-zf-de-pico-me-ocupe-yo-dice-sole\\\/\",\"name\":\"Lecciones de un menemista a Milei y Ravier por los bajos impuestos de la ZF de Pico: \u201cMe ocup\u00e9 yo\u201d, dice Sol\u00e9 - Diario Textual\",\"isPartOf\":{\"@id\":\"https:\\\/\\\/diariotextual.com\\\/inicio\\\/#website\"},\"primaryImageOfPage\":{\"@id\":\"https:\\\/\\\/diariotextual.com\\\/inicio\\\/index.php\\\/2026\\\/03\\\/06\\\/lecciones-de-un-menemista-a-milei-y-ravier-por-los-bajos-impuestos-de-la-zf-de-pico-me-ocupe-yo-dice-sole\\\/#primaryimage\"},\"image\":{\"@id\":\"https:\\\/\\\/diariotextual.com\\\/inicio\\\/index.php\\\/2026\\\/03\\\/06\\\/lecciones-de-un-menemista-a-milei-y-ravier-por-los-bajos-impuestos-de-la-zf-de-pico-me-ocupe-yo-dice-sole\\\/#primaryimage\"},\"thumbnailUrl\":\"https:\\\/\\\/diariotextual.com\\\/inicio\\\/wp-content\\\/uploads\\\/2020\\\/11\\\/zonafrancapico2020-1.jpeg\",\"datePublished\":\"2026-03-06T10:47:40+00:00\",\"dateModified\":\"2026-03-06T15:11:06+00:00\",\"breadcrumb\":{\"@id\":\"https:\\\/\\\/diariotextual.com\\\/inicio\\\/index.php\\\/2026\\\/03\\\/06\\\/lecciones-de-un-menemista-a-milei-y-ravier-por-los-bajos-impuestos-de-la-zf-de-pico-me-ocupe-yo-dice-sole\\\/#breadcrumb\"},\"inLanguage\":\"es\",\"potentialAction\":[{\"@type\":\"ReadAction\",\"target\":[\"https:\\\/\\\/diariotextual.com\\\/inicio\\\/index.php\\\/2026\\\/03\\\/06\\\/lecciones-de-un-menemista-a-milei-y-ravier-por-los-bajos-impuestos-de-la-zf-de-pico-me-ocupe-yo-dice-sole\\\/\"]}]},{\"@type\":\"ImageObject\",\"inLanguage\":\"es\",\"@id\":\"https:\\\/\\\/diariotextual.com\\\/inicio\\\/index.php\\\/2026\\\/03\\\/06\\\/lecciones-de-un-menemista-a-milei-y-ravier-por-los-bajos-impuestos-de-la-zf-de-pico-me-ocupe-yo-dice-sole\\\/#primaryimage\",\"url\":\"https:\\\/\\\/diariotextual.com\\\/inicio\\\/wp-content\\\/uploads\\\/2020\\\/11\\\/zonafrancapico2020-1.jpeg\",\"contentUrl\":\"https:\\\/\\\/diariotextual.com\\\/inicio\\\/wp-content\\\/uploads\\\/2020\\\/11\\\/zonafrancapico2020-1.jpeg\",\"width\":1279,\"height\":943},{\"@type\":\"BreadcrumbList\",\"@id\":\"https:\\\/\\\/diariotextual.com\\\/inicio\\\/index.php\\\/2026\\\/03\\\/06\\\/lecciones-de-un-menemista-a-milei-y-ravier-por-los-bajos-impuestos-de-la-zf-de-pico-me-ocupe-yo-dice-sole\\\/#breadcrumb\",\"itemListElement\":[{\"@type\":\"ListItem\",\"position\":1,\"name\":\"Portada\",\"item\":\"https:\\\/\\\/diariotextual.com\\\/inicio\\\/\"},{\"@type\":\"ListItem\",\"position\":2,\"name\":\"Lecciones de un menemista a Milei y Ravier por los bajos impuestos de la ZF de Pico: \u201cMe ocup\u00e9 yo\u201d, dice Sol\u00e9\"}]},{\"@type\":\"WebSite\",\"@id\":\"https:\\\/\\\/diariotextual.com\\\/inicio\\\/#website\",\"url\":\"https:\\\/\\\/diariotextual.com\\\/inicio\\\/\",\"name\":\"Diario Textual\",\"description\":\"\",\"publisher\":{\"@id\":\"https:\\\/\\\/diariotextual.com\\\/inicio\\\/#organization\"},\"potentialAction\":[{\"@type\":\"SearchAction\",\"target\":{\"@type\":\"EntryPoint\",\"urlTemplate\":\"https:\\\/\\\/diariotextual.com\\\/inicio\\\/?s={search_term_string}\"},\"query-input\":{\"@type\":\"PropertyValueSpecification\",\"valueRequired\":true,\"valueName\":\"search_term_string\"}}],\"inLanguage\":\"es\"},{\"@type\":\"Organization\",\"@id\":\"https:\\\/\\\/diariotextual.com\\\/inicio\\\/#organization\",\"name\":\"Diario Textual\",\"url\":\"https:\\\/\\\/diariotextual.com\\\/inicio\\\/\",\"logo\":{\"@type\":\"ImageObject\",\"inLanguage\":\"es\",\"@id\":\"https:\\\/\\\/diariotextual.com\\\/inicio\\\/#\\\/schema\\\/logo\\\/image\\\/\",\"url\":\"https:\\\/\\\/diariotextual.com\\\/inicio\\\/wp-content\\\/uploads\\\/2023\\\/05\\\/logotextual1.jpg\",\"contentUrl\":\"https:\\\/\\\/diariotextual.com\\\/inicio\\\/wp-content\\\/uploads\\\/2023\\\/05\\\/logotextual1.jpg\",\"width\":516,\"height\":76,\"caption\":\"Diario Textual\"},\"image\":{\"@id\":\"https:\\\/\\\/diariotextual.com\\\/inicio\\\/#\\\/schema\\\/logo\\\/image\\\/\"},\"sameAs\":[\"https:\\\/\\\/www.facebook.com\\\/eltextual\",\"https:\\\/\\\/x.com\\\/eltextual\",\"http:\\\/\\\/www.instagram.com\\\/eltextual\"]},{\"@type\":\"Person\",\"@id\":\"https:\\\/\\\/diariotextual.com\\\/inicio\\\/#\\\/schema\\\/person\\\/418fc4093c33e86ed41562db3508f958\",\"name\":\"Diario1 Diario1\",\"image\":{\"@type\":\"ImageObject\",\"inLanguage\":\"es\",\"@id\":\"https:\\\/\\\/secure.gravatar.com\\\/avatar\\\/9167d280179c85bc18be67aa7eda765854300033af4896dd779b608640f2ef7a?s=96&d=mm&r=g\",\"url\":\"https:\\\/\\\/secure.gravatar.com\\\/avatar\\\/9167d280179c85bc18be67aa7eda765854300033af4896dd779b608640f2ef7a?s=96&d=mm&r=g\",\"contentUrl\":\"https:\\\/\\\/secure.gravatar.com\\\/avatar\\\/9167d280179c85bc18be67aa7eda765854300033af4896dd779b608640f2ef7a?s=96&d=mm&r=g\",\"caption\":\"Diario1 Diario1\"},\"url\":\"https:\\\/\\\/diariotextual.com\\\/inicio\\\/index.php\\\/author\\\/diario1\\\/\"}]}<\/script>\n<!-- \/ Yoast SEO plugin. -->","yoast_head_json":{"title":"Lecciones de un menemista a Milei y Ravier por los bajos impuestos de la ZF de Pico: \u201cMe ocup\u00e9 yo\u201d, dice Sol\u00e9 - Diario Textual","robots":{"index":"index","follow":"follow","max-snippet":"max-snippet:-1","max-image-preview":"max-image-preview:large","max-video-preview":"max-video-preview:-1"},"canonical":"https:\/\/diariotextual.com\/inicio\/index.php\/2026\/03\/06\/lecciones-de-un-menemista-a-milei-y-ravier-por-los-bajos-impuestos-de-la-zf-de-pico-me-ocupe-yo-dice-sole\/","og_locale":"es_ES","og_type":"article","og_title":"Lecciones de un menemista a Milei y Ravier por los bajos impuestos de la ZF de Pico: \u201cMe ocup\u00e9 yo\u201d, dice Sol\u00e9 - Diario Textual","og_description":"El exfuncionario del peronismo y ahora reconvertido en militante libertario, Miguel Sol\u00e9, sali\u00f3 a recordarle al presidente Javier Milei y al diputado nacional Adri\u00e1n Ravier que la baja de impuestos&hellip;","og_url":"https:\/\/diariotextual.com\/inicio\/index.php\/2026\/03\/06\/lecciones-de-un-menemista-a-milei-y-ravier-por-los-bajos-impuestos-de-la-zf-de-pico-me-ocupe-yo-dice-sole\/","og_site_name":"Diario Textual","article_publisher":"https:\/\/www.facebook.com\/eltextual","article_published_time":"2026-03-06T10:47:40+00:00","article_modified_time":"2026-03-06T15:11:06+00:00","og_image":[{"width":1279,"height":943,"url":"https:\/\/diariotextual.com\/inicio\/wp-content\/uploads\/2020\/11\/zonafrancapico2020-1.jpeg","type":"image\/jpeg"}],"author":"Diario1 Diario1","twitter_card":"summary_large_image","twitter_creator":"@eltextual","twitter_site":"@eltextual","twitter_misc":{"Escrito por":"Diario1 Diario1","Tiempo de lectura":"3 minutos"},"schema":{"@context":"https:\/\/schema.org","@graph":[{"@type":"Article","@id":"https:\/\/diariotextual.com\/inicio\/index.php\/2026\/03\/06\/lecciones-de-un-menemista-a-milei-y-ravier-por-los-bajos-impuestos-de-la-zf-de-pico-me-ocupe-yo-dice-sole\/#article","isPartOf":{"@id":"https:\/\/diariotextual.com\/inicio\/index.php\/2026\/03\/06\/lecciones-de-un-menemista-a-milei-y-ravier-por-los-bajos-impuestos-de-la-zf-de-pico-me-ocupe-yo-dice-sole\/"},"author":{"name":"Diario1 Diario1","@id":"https:\/\/diariotextual.com\/inicio\/#\/schema\/person\/418fc4093c33e86ed41562db3508f958"},"headline":"Lecciones de un menemista a Milei y Ravier por los bajos impuestos de la ZF de Pico: \u201cMe ocup\u00e9 yo\u201d, dice Sol\u00e9","datePublished":"2026-03-06T10:47:40+00:00","dateModified":"2026-03-06T15:11:06+00:00","mainEntityOfPage":{"@id":"https:\/\/diariotextual.com\/inicio\/index.php\/2026\/03\/06\/lecciones-de-un-menemista-a-milei-y-ravier-por-los-bajos-impuestos-de-la-zf-de-pico-me-ocupe-yo-dice-sole\/"},"wordCount":542,"publisher":{"@id":"https:\/\/diariotextual.com\/inicio\/#organization"},"image":{"@id":"https:\/\/diariotextual.com\/inicio\/index.php\/2026\/03\/06\/lecciones-de-un-menemista-a-milei-y-ravier-por-los-bajos-impuestos-de-la-zf-de-pico-me-ocupe-yo-dice-sole\/#primaryimage"},"thumbnailUrl":"https:\/\/diariotextual.com\/inicio\/wp-content\/uploads\/2020\/11\/zonafrancapico2020-1.jpeg","articleSection":["A - ES NOTICIA (van abajo)","POLITICA"],"inLanguage":"es"},{"@type":"WebPage","@id":"https:\/\/diariotextual.com\/inicio\/index.php\/2026\/03\/06\/lecciones-de-un-menemista-a-milei-y-ravier-por-los-bajos-impuestos-de-la-zf-de-pico-me-ocupe-yo-dice-sole\/","url":"https:\/\/diariotextual.com\/inicio\/index.php\/2026\/03\/06\/lecciones-de-un-menemista-a-milei-y-ravier-por-los-bajos-impuestos-de-la-zf-de-pico-me-ocupe-yo-dice-sole\/","name":"Lecciones de un menemista a Milei y Ravier por los bajos impuestos de la ZF de Pico: \u201cMe ocup\u00e9 yo\u201d, dice Sol\u00e9 - Diario Textual","isPartOf":{"@id":"https:\/\/diariotextual.com\/inicio\/#website"},"primaryImageOfPage":{"@id":"https:\/\/diariotextual.com\/inicio\/index.php\/2026\/03\/06\/lecciones-de-un-menemista-a-milei-y-ravier-por-los-bajos-impuestos-de-la-zf-de-pico-me-ocupe-yo-dice-sole\/#primaryimage"},"image":{"@id":"https:\/\/diariotextual.com\/inicio\/index.php\/2026\/03\/06\/lecciones-de-un-menemista-a-milei-y-ravier-por-los-bajos-impuestos-de-la-zf-de-pico-me-ocupe-yo-dice-sole\/#primaryimage"},"thumbnailUrl":"https:\/\/diariotextual.com\/inicio\/wp-content\/uploads\/2020\/11\/zonafrancapico2020-1.jpeg","datePublished":"2026-03-06T10:47:40+00:00","dateModified":"2026-03-06T15:11:06+00:00","breadcrumb":{"@id":"https:\/\/diariotextual.com\/inicio\/index.php\/2026\/03\/06\/lecciones-de-un-menemista-a-milei-y-ravier-por-los-bajos-impuestos-de-la-zf-de-pico-me-ocupe-yo-dice-sole\/#breadcrumb"},"inLanguage":"es","potentialAction":[{"@type":"ReadAction","target":["https:\/\/diariotextual.com\/inicio\/index.php\/2026\/03\/06\/lecciones-de-un-menemista-a-milei-y-ravier-por-los-bajos-impuestos-de-la-zf-de-pico-me-ocupe-yo-dice-sole\/"]}]},{"@type":"ImageObject","inLanguage":"es","@id":"https:\/\/diariotextual.com\/inicio\/index.php\/2026\/03\/06\/lecciones-de-un-menemista-a-milei-y-ravier-por-los-bajos-impuestos-de-la-zf-de-pico-me-ocupe-yo-dice-sole\/#primaryimage","url":"https:\/\/diariotextual.com\/inicio\/wp-content\/uploads\/2020\/11\/zonafrancapico2020-1.jpeg","contentUrl":"https:\/\/diariotextual.com\/inicio\/wp-content\/uploads\/2020\/11\/zonafrancapico2020-1.jpeg","width":1279,"height":943},{"@type":"BreadcrumbList","@id":"https:\/\/diariotextual.com\/inicio\/index.php\/2026\/03\/06\/lecciones-de-un-menemista-a-milei-y-ravier-por-los-bajos-impuestos-de-la-zf-de-pico-me-ocupe-yo-dice-sole\/#breadcrumb","itemListElement":[{"@type":"ListItem","position":1,"name":"Portada","item":"https:\/\/diariotextual.com\/inicio\/"},{"@type":"ListItem","position":2,"name":"Lecciones de un menemista a Milei y Ravier por los bajos impuestos de la ZF de Pico: \u201cMe ocup\u00e9 yo\u201d, dice Sol\u00e9"}]},{"@type":"WebSite","@id":"https:\/\/diariotextual.com\/inicio\/#website","url":"https:\/\/diariotextual.com\/inicio\/","name":"Diario Textual","description":"","publisher":{"@id":"https:\/\/diariotextual.com\/inicio\/#organization"},"potentialAction":[{"@type":"SearchAction","target":{"@type":"EntryPoint","urlTemplate":"https:\/\/diariotextual.com\/inicio\/?s={search_term_string}"},"query-input":{"@type":"PropertyValueSpecification","valueRequired":true,"valueName":"search_term_string"}}],"inLanguage":"es"},{"@type":"Organization","@id":"https:\/\/diariotextual.com\/inicio\/#organization","name":"Diario Textual","url":"https:\/\/diariotextual.com\/inicio\/","logo":{"@type":"ImageObject","inLanguage":"es","@id":"https:\/\/diariotextual.com\/inicio\/#\/schema\/logo\/image\/","url":"https:\/\/diariotextual.com\/inicio\/wp-content\/uploads\/2023\/05\/logotextual1.jpg","contentUrl":"https:\/\/diariotextual.com\/inicio\/wp-content\/uploads\/2023\/05\/logotextual1.jpg","width":516,"height":76,"caption":"Diario Textual"},"image":{"@id":"https:\/\/diariotextual.com\/inicio\/#\/schema\/logo\/image\/"},"sameAs":["https:\/\/www.facebook.com\/eltextual","https:\/\/x.com\/eltextual","http:\/\/www.instagram.com\/eltextual"]},{"@type":"Person","@id":"https:\/\/diariotextual.com\/inicio\/#\/schema\/person\/418fc4093c33e86ed41562db3508f958","name":"Diario1 Diario1","image":{"@type":"ImageObject","inLanguage":"es","@id":"https:\/\/secure.gravatar.com\/avatar\/9167d280179c85bc18be67aa7eda765854300033af4896dd779b608640f2ef7a?s=96&d=mm&r=g","url":"https:\/\/secure.gravatar.com\/avatar\/9167d280179c85bc18be67aa7eda765854300033af4896dd779b608640f2ef7a?s=96&d=mm&r=g","contentUrl":"https:\/\/secure.gravatar.com\/avatar\/9167d280179c85bc18be67aa7eda765854300033af4896dd779b608640f2ef7a?s=96&d=mm&r=g","caption":"Diario1 Diario1"},"url":"https:\/\/diariotextual.com\/inicio\/index.php\/author\/diario1\/"}]}},"_links":{"self":[{"href":"https:\/\/diariotextual.com\/inicio\/index.php\/wp-json\/wp\/v2\/posts\/321521","targetHints":{"allow":["GET"]}}],"collection":[{"href":"https:\/\/diariotextual.com\/inicio\/index.php\/wp-json\/wp\/v2\/posts"}],"about":[{"href":"https:\/\/diariotextual.com\/inicio\/index.php\/wp-json\/wp\/v2\/types\/post"}],"author":[{"embeddable":true,"href":"https:\/\/diariotextual.com\/inicio\/index.php\/wp-json\/wp\/v2\/users\/3"}],"replies":[{"embeddable":true,"href":"https:\/\/diariotextual.com\/inicio\/index.php\/wp-json\/wp\/v2\/comments?post=321521"}],"version-history":[{"count":1,"href":"https:\/\/diariotextual.com\/inicio\/index.php\/wp-json\/wp\/v2\/posts\/321521\/revisions"}],"predecessor-version":[{"id":321522,"href":"https:\/\/diariotextual.com\/inicio\/index.php\/wp-json\/wp\/v2\/posts\/321521\/revisions\/321522"}],"wp:featuredmedia":[{"embeddable":true,"href":"https:\/\/diariotextual.com\/inicio\/index.php\/wp-json\/wp\/v2\/media\/122719"}],"wp:attachment":[{"href":"https:\/\/diariotextual.com\/inicio\/index.php\/wp-json\/wp\/v2\/media?parent=321521"}],"wp:term":[{"taxonomy":"category","embeddable":true,"href":"https:\/\/diariotextual.com\/inicio\/index.php\/wp-json\/wp\/v2\/categories?post=321521"},{"taxonomy":"post_tag","embeddable":true,"href":"https:\/\/diariotextual.com\/inicio\/index.php\/wp-json\/wp\/v2\/tags?post=321521"}],"curies":[{"name":"wp","href":"https:\/\/api.w.org\/{rel}","templated":true}]}}