{"id":321523,"date":"2026-03-06T08:11:08","date_gmt":"2026-03-06T11:11:08","guid":{"rendered":"https:\/\/diariotextual.com\/inicio\/?p=321523"},"modified":"2026-03-06T10:03:21","modified_gmt":"2026-03-06T13:03:21","slug":"reforma-laboral-los-cambios-que-afectan-al-trabajador-y-que-el-gobierno-reglamento","status":"publish","type":"post","link":"https:\/\/diariotextual.com\/inicio\/index.php\/2026\/03\/06\/reforma-laboral-los-cambios-que-afectan-al-trabajador-y-que-el-gobierno-reglamento\/","title":{"rendered":"Reforma laboral: los cambios que afectan al trabajador y que el Gobierno reglament\u00f3"},"content":{"rendered":"\n<p>El presidente <strong>Javier Milei<\/strong> promulg\u00f3 este viernes la <strong>Ley de Modernizaci\u00f3n Laboral N\u00b0 27.802<\/strong>, sancionada por el <strong>Congreso de la Naci\u00f3n<\/strong> el 27 de febrero pasado, mediante el <strong>Decreto 137\/2026<\/strong>. La norma introduce modificaciones profundas al r\u00e9gimen laboral argentino, con cambios que abarcan desde la <strong>Ley de Contrato de Trabajo N\u00b0 20.744<\/strong> hasta el sistema de convenios colectivos, servicios m\u00ednimos en conflictos y la creaci\u00f3n de nuevos fondos de contingencia.<\/p>\n\n\n\n<p>La promulgaci\u00f3n fue firmada tambi\u00e9n por el jefe de Gabinete, <strong>Manuel Adorni<\/strong>, y la ministra de <strong>Capital Humano<\/strong>, <strong>Sandra Pettovello<\/strong>.<\/p>\n\n\n\n<p>La reforma laboral impactar\u00e1 de lleno en las relaciones laborales, ya que introducir\u00e1 cambios en las vacaciones, horas extras, negociaciones colectivas y derecho de huelga.<\/p>\n\n\n\n<p><strong>Vacaciones<\/strong><br>Las <strong>vacaciones<\/strong> se otorgar\u00e1n entre el <strong>1 de octubre<\/strong> y el <strong>30 de abril<\/strong> del a\u00f1o siguiente, pero podr\u00e1n no otorgarse en el verano, ya que la norma establece que <strong>una vez cada tres a\u00f1os<\/strong> le corresponder\u00e1 al empleado en la temporada estival. Se podr\u00e1n fraccionar en plazos no menores a <strong>7 d\u00edas<\/strong>.<\/p>\n\n\n\n<p><strong>Banco de horas<\/strong><br>Las empresas no tendr\u00e1n obligaci\u00f3n de pagar a los empleados <strong>horas extras<\/strong>, ya que habr\u00e1 un sistema de compensaci\u00f3n. Si un trabajador trabaja <strong>12 horas<\/strong> en lugar de <strong>8<\/strong>, se le podr\u00e1n dar <strong>4 horas<\/strong> para compensar.<\/p>\n\n\n\n<p>La jornada m\u00e1xima ser\u00e1 de <strong>12 horas<\/strong> (con <strong>12 horas obligatorias de descanso<\/strong>) y esa extensi\u00f3n laboral ser\u00e1 compensada con la reducci\u00f3n de la jornada en otra fecha del calendario.<\/p>\n\n\n\n<p><strong>Despidos<\/strong><br>Los despidos ser\u00e1n <strong>m\u00e1s econ\u00f3micos<\/strong> para las empresas, ya que no se computar\u00e1n el <strong>aguinaldo<\/strong>, <strong>vacaciones<\/strong> o <strong>premios<\/strong>, y solo se calcular\u00e1n en base al <strong>salario b\u00e1sico<\/strong>, tomando como referencia el <strong>salario promedio de la actividad<\/strong>.<\/p>\n\n\n\n<p>Las indemnizaciones se podr\u00e1n pagar en <strong>12 cuotas<\/strong> en las empresas grandes y <strong>18<\/strong> en las <strong>pymes<\/strong>.<\/p>\n\n\n\n<p><strong>Sentencias judiciales<\/strong><br>Las sentencias se pagar\u00e1n hasta en <strong>6 cuotas<\/strong> (<strong>12 cuotas en pymes<\/strong>) mensuales consecutivas, ajustadas por el <strong>\u00cdndice de Precios al Consumidor (IPC)<\/strong> y una tasa de inter\u00e9s del <strong>3% anual<\/strong>.<\/p>\n\n\n\n<p>La determinaci\u00f3n de los montos, de esta manera, depender\u00e1 de la interpretaci\u00f3n de un <strong>juez<\/strong>.<\/p>\n\n\n\n<p><strong>Sindicatos<\/strong><br>Se mantendr\u00e1 el aporte que se descuenta a los trabajadores para el <strong>sindicato<\/strong>, con un tope del <strong>2%<\/strong>, y el empleador se mantendr\u00e1 como <strong>agente de retenci\u00f3n<\/strong>, como exig\u00eda la <strong>CGT<\/strong>.<\/p>\n\n\n\n<p>Las <strong>asambleas<\/strong> requerir\u00e1n el aval de los <strong>empleadores<\/strong> y los <strong>sindicalistas<\/strong> solo tendr\u00e1n <strong>10 d\u00edas al mes<\/strong> para desarrollar sus tareas en horario de trabajo.<\/p>\n\n\n\n<p><strong>Ultraactividad<\/strong><br>Los <strong>convenios colectivos<\/strong> con plazo vencido no mantendr\u00e1n sus efectos con el paso del tiempo hasta la firma de un nuevo acuerdo colectivo.<\/p>\n\n\n\n<p>Solo quedar\u00e1n <strong>vigentes<\/strong> las normas referidas a las <strong>condiciones de trabajo<\/strong>.<\/p>\n\n\n\n<p><strong>Salario \u201cdin\u00e1mico\u201d<\/strong><br>Se permitir\u00e1, en la negociaci\u00f3n colectiva de <strong>actividad<\/strong>, <strong>rama<\/strong>, <strong>regi\u00f3n<\/strong>, <strong>acuerdo de empresa<\/strong> y\/o mediante <strong>acuerdo individual<\/strong> o <strong>decisi\u00f3n unilateral del empleador<\/strong>, incorporar por encima de los salarios otros componentes retributivos din\u00e1micos adicionales, transitorios, fijos o variables.<\/p>\n\n\n\n<p><strong>Derecho a huelga<\/strong><br>Se restringe el <strong>derecho a huelga<\/strong> al declararse determinadas actividades como <strong>\u201cservicios esenciales\u201d<\/strong> (con la obligaci\u00f3n de garantizar una cobertura m\u00ednima del <strong>75%<\/strong>) y <strong>\u201cservicios trascendentales\u201d<\/strong> (con la obligaci\u00f3n de garantizar una cobertura m\u00ednima del <strong>50%<\/strong>).<\/p>\n\n\n\n<p><strong>Servicios esenciales<\/strong><br>Salud<br>Educaci\u00f3n<br>Agua potable<br>Energ\u00eda y gas<br>Transporte de caudales<br>Cuidados de menores<\/p>\n\n\n\n<p><strong>Servicios trascendentales<\/strong><br>Industria de medicamentos<br>Insumos hospitalarios<br>Transporte de pasajeros<br>Radio y televisi\u00f3n<br>Industria sider\u00fargica, aluminio, cementera o cualquier producci\u00f3n que no tenga interrupciones; y alimentaci\u00f3n.<\/p>\n\n\n\n<p><\/p>\n","protected":false},"excerpt":{"rendered":"<p>El presidente Javier Milei promulg\u00f3 este viernes la Ley de Modernizaci\u00f3n Laboral N\u00b0 27.802, sancionada por el Congreso de la Naci\u00f3n el 27 de febrero pasado, mediante el Decreto 137\/2026.&hellip;<\/p>\n","protected":false},"author":3,"featured_media":75312,"comment_status":"closed","ping_status":"open","sticky":false,"template":"","format":"standard","meta":{"_acf_changed":false,"footnotes":""},"categories":[1,8],"tags":[],"class_list":["post-321523","post","type-post","status-publish","format-standard","has-post-thumbnail","hentry","category-es-noticia","category-politica"],"acf":[],"yoast_head":"<!-- This site is optimized with the Yoast SEO plugin v27.5 - https:\/\/yoast.com\/product\/yoast-seo-wordpress\/ -->\n<title>Reforma laboral: los cambios que afectan al trabajador y que el Gobierno reglament\u00f3 - Diario Textual<\/title>\n<meta name=\"robots\" content=\"index, follow, max-snippet:-1, max-image-preview:large, max-video-preview:-1\" \/>\n<link rel=\"canonical\" href=\"https:\/\/diariotextual.com\/inicio\/index.php\/2026\/03\/06\/reforma-laboral-los-cambios-que-afectan-al-trabajador-y-que-el-gobierno-reglamento\/\" \/>\n<meta property=\"og:locale\" content=\"es_ES\" \/>\n<meta property=\"og:type\" content=\"article\" \/>\n<meta property=\"og:title\" content=\"Reforma laboral: los cambios que afectan al trabajador y que el Gobierno reglament\u00f3 - Diario Textual\" \/>\n<meta property=\"og:description\" content=\"El presidente Javier Milei promulg\u00f3 este viernes la Ley de Modernizaci\u00f3n Laboral N\u00b0 27.802, sancionada por el Congreso de la Naci\u00f3n el 27 de febrero pasado, mediante el Decreto 137\/2026.&hellip;\" \/>\n<meta property=\"og:url\" content=\"https:\/\/diariotextual.com\/inicio\/index.php\/2026\/03\/06\/reforma-laboral-los-cambios-que-afectan-al-trabajador-y-que-el-gobierno-reglamento\/\" \/>\n<meta property=\"og:site_name\" content=\"Diario Textual\" \/>\n<meta property=\"article:publisher\" content=\"https:\/\/www.facebook.com\/eltextual\" \/>\n<meta property=\"article:published_time\" content=\"2026-03-06T11:11:08+00:00\" \/>\n<meta property=\"article:modified_time\" content=\"2026-03-06T13:03:21+00:00\" \/>\n<meta property=\"og:image\" content=\"https:\/\/diariotextual.com\/inicio\/wp-content\/uploads\/2020\/01\/trabajadoresindustriastelam999999.jpg\" \/>\n\t<meta property=\"og:image:width\" content=\"1048\" \/>\n\t<meta property=\"og:image:height\" content=\"639\" \/>\n\t<meta property=\"og:image:type\" content=\"image\/jpeg\" \/>\n<meta name=\"author\" content=\"Diario1 Diario1\" \/>\n<meta name=\"twitter:card\" content=\"summary_large_image\" \/>\n<meta name=\"twitter:creator\" content=\"@eltextual\" \/>\n<meta name=\"twitter:site\" content=\"@eltextual\" \/>\n<meta name=\"twitter:label1\" content=\"Escrito por\" \/>\n\t<meta name=\"twitter:data1\" content=\"Diario1 Diario1\" \/>\n\t<meta name=\"twitter:label2\" content=\"Tiempo de lectura\" \/>\n\t<meta name=\"twitter:data2\" content=\"3 minutos\" \/>\n<script type=\"application\/ld+json\" class=\"yoast-schema-graph\">{\"@context\":\"https:\\\/\\\/schema.org\",\"@graph\":[{\"@type\":\"Article\",\"@id\":\"https:\\\/\\\/diariotextual.com\\\/inicio\\\/index.php\\\/2026\\\/03\\\/06\\\/reforma-laboral-los-cambios-que-afectan-al-trabajador-y-que-el-gobierno-reglamento\\\/#article\",\"isPartOf\":{\"@id\":\"https:\\\/\\\/diariotextual.com\\\/inicio\\\/index.php\\\/2026\\\/03\\\/06\\\/reforma-laboral-los-cambios-que-afectan-al-trabajador-y-que-el-gobierno-reglamento\\\/\"},\"author\":{\"name\":\"Diario1 Diario1\",\"@id\":\"https:\\\/\\\/diariotextual.com\\\/inicio\\\/#\\\/schema\\\/person\\\/418fc4093c33e86ed41562db3508f958\"},\"headline\":\"Reforma laboral: los cambios que afectan al trabajador y que el Gobierno reglament\u00f3\",\"datePublished\":\"2026-03-06T11:11:08+00:00\",\"dateModified\":\"2026-03-06T13:03:21+00:00\",\"mainEntityOfPage\":{\"@id\":\"https:\\\/\\\/diariotextual.com\\\/inicio\\\/index.php\\\/2026\\\/03\\\/06\\\/reforma-laboral-los-cambios-que-afectan-al-trabajador-y-que-el-gobierno-reglamento\\\/\"},\"wordCount\":589,\"publisher\":{\"@id\":\"https:\\\/\\\/diariotextual.com\\\/inicio\\\/#organization\"},\"image\":{\"@id\":\"https:\\\/\\\/diariotextual.com\\\/inicio\\\/index.php\\\/2026\\\/03\\\/06\\\/reforma-laboral-los-cambios-que-afectan-al-trabajador-y-que-el-gobierno-reglamento\\\/#primaryimage\"},\"thumbnailUrl\":\"https:\\\/\\\/diariotextual.com\\\/inicio\\\/wp-content\\\/uploads\\\/2020\\\/01\\\/trabajadoresindustriastelam999999.jpg\",\"articleSection\":[\"A - ES NOTICIA (van abajo)\",\"POLITICA\"],\"inLanguage\":\"es\"},{\"@type\":\"WebPage\",\"@id\":\"https:\\\/\\\/diariotextual.com\\\/inicio\\\/index.php\\\/2026\\\/03\\\/06\\\/reforma-laboral-los-cambios-que-afectan-al-trabajador-y-que-el-gobierno-reglamento\\\/\",\"url\":\"https:\\\/\\\/diariotextual.com\\\/inicio\\\/index.php\\\/2026\\\/03\\\/06\\\/reforma-laboral-los-cambios-que-afectan-al-trabajador-y-que-el-gobierno-reglamento\\\/\",\"name\":\"Reforma laboral: los cambios que afectan al trabajador y que el Gobierno reglament\u00f3 - Diario Textual\",\"isPartOf\":{\"@id\":\"https:\\\/\\\/diariotextual.com\\\/inicio\\\/#website\"},\"primaryImageOfPage\":{\"@id\":\"https:\\\/\\\/diariotextual.com\\\/inicio\\\/index.php\\\/2026\\\/03\\\/06\\\/reforma-laboral-los-cambios-que-afectan-al-trabajador-y-que-el-gobierno-reglamento\\\/#primaryimage\"},\"image\":{\"@id\":\"https:\\\/\\\/diariotextual.com\\\/inicio\\\/index.php\\\/2026\\\/03\\\/06\\\/reforma-laboral-los-cambios-que-afectan-al-trabajador-y-que-el-gobierno-reglamento\\\/#primaryimage\"},\"thumbnailUrl\":\"https:\\\/\\\/diariotextual.com\\\/inicio\\\/wp-content\\\/uploads\\\/2020\\\/01\\\/trabajadoresindustriastelam999999.jpg\",\"datePublished\":\"2026-03-06T11:11:08+00:00\",\"dateModified\":\"2026-03-06T13:03:21+00:00\",\"breadcrumb\":{\"@id\":\"https:\\\/\\\/diariotextual.com\\\/inicio\\\/index.php\\\/2026\\\/03\\\/06\\\/reforma-laboral-los-cambios-que-afectan-al-trabajador-y-que-el-gobierno-reglamento\\\/#breadcrumb\"},\"inLanguage\":\"es\",\"potentialAction\":[{\"@type\":\"ReadAction\",\"target\":[\"https:\\\/\\\/diariotextual.com\\\/inicio\\\/index.php\\\/2026\\\/03\\\/06\\\/reforma-laboral-los-cambios-que-afectan-al-trabajador-y-que-el-gobierno-reglamento\\\/\"]}]},{\"@type\":\"ImageObject\",\"inLanguage\":\"es\",\"@id\":\"https:\\\/\\\/diariotextual.com\\\/inicio\\\/index.php\\\/2026\\\/03\\\/06\\\/reforma-laboral-los-cambios-que-afectan-al-trabajador-y-que-el-gobierno-reglamento\\\/#primaryimage\",\"url\":\"https:\\\/\\\/diariotextual.com\\\/inicio\\\/wp-content\\\/uploads\\\/2020\\\/01\\\/trabajadoresindustriastelam999999.jpg\",\"contentUrl\":\"https:\\\/\\\/diariotextual.com\\\/inicio\\\/wp-content\\\/uploads\\\/2020\\\/01\\\/trabajadoresindustriastelam999999.jpg\",\"width\":1048,\"height\":639},{\"@type\":\"BreadcrumbList\",\"@id\":\"https:\\\/\\\/diariotextual.com\\\/inicio\\\/index.php\\\/2026\\\/03\\\/06\\\/reforma-laboral-los-cambios-que-afectan-al-trabajador-y-que-el-gobierno-reglamento\\\/#breadcrumb\",\"itemListElement\":[{\"@type\":\"ListItem\",\"position\":1,\"name\":\"Portada\",\"item\":\"https:\\\/\\\/diariotextual.com\\\/inicio\\\/\"},{\"@type\":\"ListItem\",\"position\":2,\"name\":\"Reforma laboral: los cambios que afectan al trabajador y que el Gobierno reglament\u00f3\"}]},{\"@type\":\"WebSite\",\"@id\":\"https:\\\/\\\/diariotextual.com\\\/inicio\\\/#website\",\"url\":\"https:\\\/\\\/diariotextual.com\\\/inicio\\\/\",\"name\":\"Diario Textual\",\"description\":\"\",\"publisher\":{\"@id\":\"https:\\\/\\\/diariotextual.com\\\/inicio\\\/#organization\"},\"potentialAction\":[{\"@type\":\"SearchAction\",\"target\":{\"@type\":\"EntryPoint\",\"urlTemplate\":\"https:\\\/\\\/diariotextual.com\\\/inicio\\\/?s={search_term_string}\"},\"query-input\":{\"@type\":\"PropertyValueSpecification\",\"valueRequired\":true,\"valueName\":\"search_term_string\"}}],\"inLanguage\":\"es\"},{\"@type\":\"Organization\",\"@id\":\"https:\\\/\\\/diariotextual.com\\\/inicio\\\/#organization\",\"name\":\"Diario Textual\",\"url\":\"https:\\\/\\\/diariotextual.com\\\/inicio\\\/\",\"logo\":{\"@type\":\"ImageObject\",\"inLanguage\":\"es\",\"@id\":\"https:\\\/\\\/diariotextual.com\\\/inicio\\\/#\\\/schema\\\/logo\\\/image\\\/\",\"url\":\"https:\\\/\\\/diariotextual.com\\\/inicio\\\/wp-content\\\/uploads\\\/2023\\\/05\\\/logotextual1.jpg\",\"contentUrl\":\"https:\\\/\\\/diariotextual.com\\\/inicio\\\/wp-content\\\/uploads\\\/2023\\\/05\\\/logotextual1.jpg\",\"width\":516,\"height\":76,\"caption\":\"Diario Textual\"},\"image\":{\"@id\":\"https:\\\/\\\/diariotextual.com\\\/inicio\\\/#\\\/schema\\\/logo\\\/image\\\/\"},\"sameAs\":[\"https:\\\/\\\/www.facebook.com\\\/eltextual\",\"https:\\\/\\\/x.com\\\/eltextual\",\"http:\\\/\\\/www.instagram.com\\\/eltextual\"]},{\"@type\":\"Person\",\"@id\":\"https:\\\/\\\/diariotextual.com\\\/inicio\\\/#\\\/schema\\\/person\\\/418fc4093c33e86ed41562db3508f958\",\"name\":\"Diario1 Diario1\",\"image\":{\"@type\":\"ImageObject\",\"inLanguage\":\"es\",\"@id\":\"https:\\\/\\\/secure.gravatar.com\\\/avatar\\\/9167d280179c85bc18be67aa7eda765854300033af4896dd779b608640f2ef7a?s=96&d=mm&r=g\",\"url\":\"https:\\\/\\\/secure.gravatar.com\\\/avatar\\\/9167d280179c85bc18be67aa7eda765854300033af4896dd779b608640f2ef7a?s=96&d=mm&r=g\",\"contentUrl\":\"https:\\\/\\\/secure.gravatar.com\\\/avatar\\\/9167d280179c85bc18be67aa7eda765854300033af4896dd779b608640f2ef7a?s=96&d=mm&r=g\",\"caption\":\"Diario1 Diario1\"},\"url\":\"https:\\\/\\\/diariotextual.com\\\/inicio\\\/index.php\\\/author\\\/diario1\\\/\"}]}<\/script>\n<!-- \/ Yoast SEO plugin. -->","yoast_head_json":{"title":"Reforma laboral: los cambios que afectan al trabajador y que el Gobierno reglament\u00f3 - Diario Textual","robots":{"index":"index","follow":"follow","max-snippet":"max-snippet:-1","max-image-preview":"max-image-preview:large","max-video-preview":"max-video-preview:-1"},"canonical":"https:\/\/diariotextual.com\/inicio\/index.php\/2026\/03\/06\/reforma-laboral-los-cambios-que-afectan-al-trabajador-y-que-el-gobierno-reglamento\/","og_locale":"es_ES","og_type":"article","og_title":"Reforma laboral: los cambios que afectan al trabajador y que el Gobierno reglament\u00f3 - Diario Textual","og_description":"El presidente Javier Milei promulg\u00f3 este viernes la Ley de Modernizaci\u00f3n Laboral N\u00b0 27.802, sancionada por el Congreso de la Naci\u00f3n el 27 de febrero pasado, mediante el Decreto 137\/2026.&hellip;","og_url":"https:\/\/diariotextual.com\/inicio\/index.php\/2026\/03\/06\/reforma-laboral-los-cambios-que-afectan-al-trabajador-y-que-el-gobierno-reglamento\/","og_site_name":"Diario Textual","article_publisher":"https:\/\/www.facebook.com\/eltextual","article_published_time":"2026-03-06T11:11:08+00:00","article_modified_time":"2026-03-06T13:03:21+00:00","og_image":[{"width":1048,"height":639,"url":"https:\/\/diariotextual.com\/inicio\/wp-content\/uploads\/2020\/01\/trabajadoresindustriastelam999999.jpg","type":"image\/jpeg"}],"author":"Diario1 Diario1","twitter_card":"summary_large_image","twitter_creator":"@eltextual","twitter_site":"@eltextual","twitter_misc":{"Escrito por":"Diario1 Diario1","Tiempo de lectura":"3 minutos"},"schema":{"@context":"https:\/\/schema.org","@graph":[{"@type":"Article","@id":"https:\/\/diariotextual.com\/inicio\/index.php\/2026\/03\/06\/reforma-laboral-los-cambios-que-afectan-al-trabajador-y-que-el-gobierno-reglamento\/#article","isPartOf":{"@id":"https:\/\/diariotextual.com\/inicio\/index.php\/2026\/03\/06\/reforma-laboral-los-cambios-que-afectan-al-trabajador-y-que-el-gobierno-reglamento\/"},"author":{"name":"Diario1 Diario1","@id":"https:\/\/diariotextual.com\/inicio\/#\/schema\/person\/418fc4093c33e86ed41562db3508f958"},"headline":"Reforma laboral: los cambios que afectan al trabajador y que el Gobierno reglament\u00f3","datePublished":"2026-03-06T11:11:08+00:00","dateModified":"2026-03-06T13:03:21+00:00","mainEntityOfPage":{"@id":"https:\/\/diariotextual.com\/inicio\/index.php\/2026\/03\/06\/reforma-laboral-los-cambios-que-afectan-al-trabajador-y-que-el-gobierno-reglamento\/"},"wordCount":589,"publisher":{"@id":"https:\/\/diariotextual.com\/inicio\/#organization"},"image":{"@id":"https:\/\/diariotextual.com\/inicio\/index.php\/2026\/03\/06\/reforma-laboral-los-cambios-que-afectan-al-trabajador-y-que-el-gobierno-reglamento\/#primaryimage"},"thumbnailUrl":"https:\/\/diariotextual.com\/inicio\/wp-content\/uploads\/2020\/01\/trabajadoresindustriastelam999999.jpg","articleSection":["A - ES NOTICIA (van abajo)","POLITICA"],"inLanguage":"es"},{"@type":"WebPage","@id":"https:\/\/diariotextual.com\/inicio\/index.php\/2026\/03\/06\/reforma-laboral-los-cambios-que-afectan-al-trabajador-y-que-el-gobierno-reglamento\/","url":"https:\/\/diariotextual.com\/inicio\/index.php\/2026\/03\/06\/reforma-laboral-los-cambios-que-afectan-al-trabajador-y-que-el-gobierno-reglamento\/","name":"Reforma laboral: los cambios que afectan al trabajador y que el Gobierno reglament\u00f3 - Diario Textual","isPartOf":{"@id":"https:\/\/diariotextual.com\/inicio\/#website"},"primaryImageOfPage":{"@id":"https:\/\/diariotextual.com\/inicio\/index.php\/2026\/03\/06\/reforma-laboral-los-cambios-que-afectan-al-trabajador-y-que-el-gobierno-reglamento\/#primaryimage"},"image":{"@id":"https:\/\/diariotextual.com\/inicio\/index.php\/2026\/03\/06\/reforma-laboral-los-cambios-que-afectan-al-trabajador-y-que-el-gobierno-reglamento\/#primaryimage"},"thumbnailUrl":"https:\/\/diariotextual.com\/inicio\/wp-content\/uploads\/2020\/01\/trabajadoresindustriastelam999999.jpg","datePublished":"2026-03-06T11:11:08+00:00","dateModified":"2026-03-06T13:03:21+00:00","breadcrumb":{"@id":"https:\/\/diariotextual.com\/inicio\/index.php\/2026\/03\/06\/reforma-laboral-los-cambios-que-afectan-al-trabajador-y-que-el-gobierno-reglamento\/#breadcrumb"},"inLanguage":"es","potentialAction":[{"@type":"ReadAction","target":["https:\/\/diariotextual.com\/inicio\/index.php\/2026\/03\/06\/reforma-laboral-los-cambios-que-afectan-al-trabajador-y-que-el-gobierno-reglamento\/"]}]},{"@type":"ImageObject","inLanguage":"es","@id":"https:\/\/diariotextual.com\/inicio\/index.php\/2026\/03\/06\/reforma-laboral-los-cambios-que-afectan-al-trabajador-y-que-el-gobierno-reglamento\/#primaryimage","url":"https:\/\/diariotextual.com\/inicio\/wp-content\/uploads\/2020\/01\/trabajadoresindustriastelam999999.jpg","contentUrl":"https:\/\/diariotextual.com\/inicio\/wp-content\/uploads\/2020\/01\/trabajadoresindustriastelam999999.jpg","width":1048,"height":639},{"@type":"BreadcrumbList","@id":"https:\/\/diariotextual.com\/inicio\/index.php\/2026\/03\/06\/reforma-laboral-los-cambios-que-afectan-al-trabajador-y-que-el-gobierno-reglamento\/#breadcrumb","itemListElement":[{"@type":"ListItem","position":1,"name":"Portada","item":"https:\/\/diariotextual.com\/inicio\/"},{"@type":"ListItem","position":2,"name":"Reforma laboral: los cambios que afectan al trabajador y que el Gobierno reglament\u00f3"}]},{"@type":"WebSite","@id":"https:\/\/diariotextual.com\/inicio\/#website","url":"https:\/\/diariotextual.com\/inicio\/","name":"Diario Textual","description":"","publisher":{"@id":"https:\/\/diariotextual.com\/inicio\/#organization"},"potentialAction":[{"@type":"SearchAction","target":{"@type":"EntryPoint","urlTemplate":"https:\/\/diariotextual.com\/inicio\/?s={search_term_string}"},"query-input":{"@type":"PropertyValueSpecification","valueRequired":true,"valueName":"search_term_string"}}],"inLanguage":"es"},{"@type":"Organization","@id":"https:\/\/diariotextual.com\/inicio\/#organization","name":"Diario Textual","url":"https:\/\/diariotextual.com\/inicio\/","logo":{"@type":"ImageObject","inLanguage":"es","@id":"https:\/\/diariotextual.com\/inicio\/#\/schema\/logo\/image\/","url":"https:\/\/diariotextual.com\/inicio\/wp-content\/uploads\/2023\/05\/logotextual1.jpg","contentUrl":"https:\/\/diariotextual.com\/inicio\/wp-content\/uploads\/2023\/05\/logotextual1.jpg","width":516,"height":76,"caption":"Diario Textual"},"image":{"@id":"https:\/\/diariotextual.com\/inicio\/#\/schema\/logo\/image\/"},"sameAs":["https:\/\/www.facebook.com\/eltextual","https:\/\/x.com\/eltextual","http:\/\/www.instagram.com\/eltextual"]},{"@type":"Person","@id":"https:\/\/diariotextual.com\/inicio\/#\/schema\/person\/418fc4093c33e86ed41562db3508f958","name":"Diario1 Diario1","image":{"@type":"ImageObject","inLanguage":"es","@id":"https:\/\/secure.gravatar.com\/avatar\/9167d280179c85bc18be67aa7eda765854300033af4896dd779b608640f2ef7a?s=96&d=mm&r=g","url":"https:\/\/secure.gravatar.com\/avatar\/9167d280179c85bc18be67aa7eda765854300033af4896dd779b608640f2ef7a?s=96&d=mm&r=g","contentUrl":"https:\/\/secure.gravatar.com\/avatar\/9167d280179c85bc18be67aa7eda765854300033af4896dd779b608640f2ef7a?s=96&d=mm&r=g","caption":"Diario1 Diario1"},"url":"https:\/\/diariotextual.com\/inicio\/index.php\/author\/diario1\/"}]}},"_links":{"self":[{"href":"https:\/\/diariotextual.com\/inicio\/index.php\/wp-json\/wp\/v2\/posts\/321523","targetHints":{"allow":["GET"]}}],"collection":[{"href":"https:\/\/diariotextual.com\/inicio\/index.php\/wp-json\/wp\/v2\/posts"}],"about":[{"href":"https:\/\/diariotextual.com\/inicio\/index.php\/wp-json\/wp\/v2\/types\/post"}],"author":[{"embeddable":true,"href":"https:\/\/diariotextual.com\/inicio\/index.php\/wp-json\/wp\/v2\/users\/3"}],"replies":[{"embeddable":true,"href":"https:\/\/diariotextual.com\/inicio\/index.php\/wp-json\/wp\/v2\/comments?post=321523"}],"version-history":[{"count":1,"href":"https:\/\/diariotextual.com\/inicio\/index.php\/wp-json\/wp\/v2\/posts\/321523\/revisions"}],"predecessor-version":[{"id":321527,"href":"https:\/\/diariotextual.com\/inicio\/index.php\/wp-json\/wp\/v2\/posts\/321523\/revisions\/321527"}],"wp:featuredmedia":[{"embeddable":true,"href":"https:\/\/diariotextual.com\/inicio\/index.php\/wp-json\/wp\/v2\/media\/75312"}],"wp:attachment":[{"href":"https:\/\/diariotextual.com\/inicio\/index.php\/wp-json\/wp\/v2\/media?parent=321523"}],"wp:term":[{"taxonomy":"category","embeddable":true,"href":"https:\/\/diariotextual.com\/inicio\/index.php\/wp-json\/wp\/v2\/categories?post=321523"},{"taxonomy":"post_tag","embeddable":true,"href":"https:\/\/diariotextual.com\/inicio\/index.php\/wp-json\/wp\/v2\/tags?post=321523"}],"curies":[{"name":"wp","href":"https:\/\/api.w.org\/{rel}","templated":true}]}}