{"id":321535,"date":"2026-03-06T10:02:07","date_gmt":"2026-03-06T13:02:07","guid":{"rendered":"https:\/\/diariotextual.com\/inicio\/?p=321535"},"modified":"2026-03-06T16:45:12","modified_gmt":"2026-03-06T19:45:12","slug":"la-nueva-sintonia-en-la-plural-abre-interrogantes-sobre-el-futuro-politico-de-di-napoli","status":"publish","type":"post","link":"https:\/\/diariotextual.com\/inicio\/index.php\/2026\/03\/06\/la-nueva-sintonia-en-la-plural-abre-interrogantes-sobre-el-futuro-politico-de-di-napoli\/","title":{"rendered":"La nueva sinton\u00eda en la Plural abre interrogantes sobre el futuro pol\u00edtico de Di N\u00e1poli"},"content":{"rendered":"\n<p>La reconfiguraci\u00f3n del <strong>peronismo pampeano<\/strong>, a partir de se\u00f1ales de distensi\u00f3n y acercamiento dentro de la <strong>L\u00ednea Plural<\/strong>, abre interrogantes sobre el lugar que ocupar\u00e1 el <strong>intendente de Santa Rosa, Luciano di N\u00e1poli<\/strong>, dentro del esquema pol\u00edtico rumbo a <strong>2027<\/strong>, ya que es uno de los que quiere disputar la <strong>gobernaci\u00f3n<\/strong>.<\/p>\n\n\n\n<p>En las \u00faltimas semanas se consolidaron gestos de entendimiento entre los sectores de la <strong>L\u00ednea Plural<\/strong>, por un lado desde el <strong>Ejecutivo<\/strong> y por otro desde el <strong>vernismo<\/strong>. Las se\u00f1ales de acercamiento entre <strong>legisladores vernistas<\/strong> y la <strong>L\u00ednea Plural de Santa Rosa<\/strong> expusieron un escenario de mayor <strong>coordinaci\u00f3n pol\u00edtica<\/strong>.<\/p>\n\n\n\n<p>En ese contexto, dentro del <strong>justicialismo<\/strong> comienza a consolidarse la idea de que las principales <strong>definiciones pol\u00edticas<\/strong> de cara a <strong>2027<\/strong> pasar\u00e1n por la <strong>Plural<\/strong>, el <strong>espacio mayoritario<\/strong>, ya que tiene el <strong>Ejecutivo provincial<\/strong> y el <strong>Legislativo<\/strong>.<\/p>\n\n\n\n<p>Ese sector, adem\u00e1s, posee una <strong>base territorial s\u00f3lida<\/strong> en <strong>Santa Rosa<\/strong> y <strong>General Pico<\/strong>, dos <strong>distritos clave<\/strong> dentro del mapa pol\u00edtico pampeano. A ese entramado responden la mayor\u00eda de los <strong>intendentes<\/strong> del partido, lo que refuerza la <strong>centralidad de la l\u00ednea<\/strong> en la discusi\u00f3n sobre las <strong>futuras candidaturas<\/strong>.<\/p>\n\n\n\n<p>En medio de ese <strong>reordenamiento interno<\/strong>, surge la inc\u00f3gnita sobre c\u00f3mo quedar\u00e1 posicionado <strong>Di N\u00e1poli<\/strong>. El <strong>intendente santarrose\u00f1o<\/strong> mantuvo en los \u00faltimos a\u00f1os una <strong>relaci\u00f3n pol\u00edtica cercana<\/strong> con <strong>Carlos Verna<\/strong> y ese v\u00ednculo fue interpretado como parte de una <strong>estrategia<\/strong> que buscaba proyectarlo hacia una eventual <strong>candidatura a gobernador<\/strong> con el aval del <strong>exmandatario<\/strong>.<\/p>\n\n\n\n<figure class=\"wp-block-embed is-type-wp-embed is-provider-diario-textual wp-block-embed-diario-textual\"><div class=\"wp-block-embed__wrapper\">\n<blockquote class=\"wp-embedded-content\" data-secret=\"epT0f2Yvwl\"><a href=\"https:\/\/diariotextual.com\/inicio\/index.php\/2026\/03\/05\/lovera-abona-la-unidad-y-dice-que-no-hay-ziliottismo-la-plural-es-una-sola\/\">Lovera resalta que se busque la unidad y dice que no hay ziliottismo: \u201cLa Plural es una sola\u201d<\/a><\/blockquote><iframe class=\"wp-embedded-content\" sandbox=\"allow-scripts\" security=\"restricted\" style=\"position: absolute; visibility: hidden;\" title=\"\u00abLovera resalta que se busque la unidad y dice que no hay ziliottismo: \u201cLa Plural es una sola\u201d\u00bb \u2014 Diario Textual\" src=\"https:\/\/diariotextual.com\/inicio\/index.php\/2026\/03\/05\/lovera-abona-la-unidad-y-dice-que-no-hay-ziliottismo-la-plural-es-una-sola\/embed\/#?secret=GaRLRXgfrQ#?secret=epT0f2Yvwl\" data-secret=\"epT0f2Yvwl\" width=\"600\" height=\"338\" frameborder=\"0\" marginwidth=\"0\" marginheight=\"0\" scrolling=\"no\"><\/iframe>\n<\/div><\/figure>\n\n\n\n<p><\/p>\n\n\n\n<p>Sin embargo, el <strong>nuevo clima pol\u00edtico<\/strong> modifica el <strong>tablero interno<\/strong> y reduce los m\u00e1rgenes para que emerjan <strong>alternativas<\/strong> por fuera de la <strong>estructura mayoritaria del peronismo pampeano<\/strong>.<\/p>\n\n\n\n<p><strong>Di N\u00e1poli<\/strong> no cuenta con una <strong>l\u00ednea interna propia<\/strong> dentro del <strong>partido<\/strong>. El a\u00f1o pasado intent\u00f3 participar de la <strong>interna partidaria<\/strong>, pero las <strong>listas<\/strong> que impulsaba no prosperaron. Aun as\u00ed, en distintos \u00e1mbitos se mencionaba la posibilidad de que buscara <strong>competir en 2027<\/strong> a trav\u00e9s de una <strong>interna<\/strong>.<\/p>\n\n\n\n<p>La eventual <strong>consolidaci\u00f3n de la unidad en la Plural<\/strong> podr\u00eda volver m\u00e1s complejo ese escenario. En particular porque el <strong>peso territorial y pol\u00edtico<\/strong> del <strong>espacio mayoritario<\/strong> reduce el margen para <strong>disputas internas<\/strong> de gran escala.<\/p>\n\n\n\n<p>Otro elemento que condiciona la <strong>proyecci\u00f3n del intendente<\/strong> es su <strong>base territorial<\/strong>. Su principal <strong>capital pol\u00edtico<\/strong> se encuentra en <strong>Santa Rosa<\/strong>, donde adem\u00e1s conviven distintos <strong>sectores del peronismo<\/strong>, incluida la propia <strong>L\u00ednea Plural<\/strong>, que mantiene <strong>presencia y estructura<\/strong> en la <strong>capital provincial<\/strong>.<\/p>\n\n\n\n<p>M\u00e1s all\u00e1 del respaldo que pueda recibir de algunos <strong>intendentes de localidades menores<\/strong>, el alcance de su <strong>estructura pol\u00edtica<\/strong> aparece hoy m\u00e1s acotado frente al <strong>volumen institucional y territorial<\/strong> del sector que conduce el <strong>oficialismo provincial<\/strong>.<\/p>\n\n\n\n<p>En ese contexto, dentro del <strong>peronismo<\/strong> comienzan a plantearse interrogantes sobre cu\u00e1l ser\u00e1 la <strong>estrategia pol\u00edtica<\/strong> que adoptar\u00e1 <strong>Di N\u00e1poli<\/strong> frente a una eventual <strong>consolidaci\u00f3n del esquema interno<\/strong>. El nuevo escenario podr\u00eda obligarlo a <strong>redefinir su posicionamiento<\/strong> dentro del <strong>Partido Justicialista<\/strong> en la antesala del <strong>proceso electoral de 2027<\/strong>.<\/p>\n\n\n\n<p><\/p>\n","protected":false},"excerpt":{"rendered":"<p>La reconfiguraci\u00f3n del peronismo pampeano, a partir de se\u00f1ales de distensi\u00f3n y acercamiento dentro de la L\u00ednea Plural, abre interrogantes sobre el lugar que ocupar\u00e1 el intendente de Santa Rosa,&hellip;<\/p>\n","protected":false},"author":3,"featured_media":315389,"comment_status":"closed","ping_status":"open","sticky":false,"template":"","format":"standard","meta":{"_acf_changed":false,"footnotes":""},"categories":[10,8],"tags":[],"class_list":["post-321535","post","type-post","status-publish","format-standard","has-post-thumbnail","hentry","category-portada-2","category-politica"],"acf":[],"yoast_head":"<!-- This site is optimized with the Yoast SEO plugin v27.5 - https:\/\/yoast.com\/product\/yoast-seo-wordpress\/ -->\n<title>La nueva sinton\u00eda en la Plural abre interrogantes sobre el futuro pol\u00edtico de Di N\u00e1poli - Diario Textual<\/title>\n<meta name=\"robots\" content=\"index, follow, max-snippet:-1, max-image-preview:large, max-video-preview:-1\" \/>\n<link rel=\"canonical\" href=\"https:\/\/diariotextual.com\/inicio\/index.php\/2026\/03\/06\/la-nueva-sintonia-en-la-plural-abre-interrogantes-sobre-el-futuro-politico-de-di-napoli\/\" \/>\n<meta property=\"og:locale\" content=\"es_ES\" \/>\n<meta property=\"og:type\" content=\"article\" \/>\n<meta property=\"og:title\" content=\"La nueva sinton\u00eda en la Plural abre interrogantes sobre el futuro pol\u00edtico de Di N\u00e1poli - Diario Textual\" \/>\n<meta property=\"og:description\" content=\"La reconfiguraci\u00f3n del peronismo pampeano, a partir de se\u00f1ales de distensi\u00f3n y acercamiento dentro de la L\u00ednea Plural, abre interrogantes sobre el lugar que ocupar\u00e1 el intendente de Santa Rosa,&hellip;\" \/>\n<meta property=\"og:url\" content=\"https:\/\/diariotextual.com\/inicio\/index.php\/2026\/03\/06\/la-nueva-sintonia-en-la-plural-abre-interrogantes-sobre-el-futuro-politico-de-di-napoli\/\" \/>\n<meta property=\"og:site_name\" content=\"Diario Textual\" \/>\n<meta property=\"article:publisher\" content=\"https:\/\/www.facebook.com\/eltextual\" \/>\n<meta property=\"article:published_time\" content=\"2026-03-06T13:02:07+00:00\" \/>\n<meta property=\"article:modified_time\" content=\"2026-03-06T19:45:12+00:00\" \/>\n<meta property=\"og:image\" content=\"https:\/\/diariotextual.com\/inicio\/wp-content\/uploads\/2025\/12\/dinapoliluciano2025-78910.jpg\" \/>\n\t<meta property=\"og:image:width\" content=\"1300\" \/>\n\t<meta property=\"og:image:height\" content=\"731\" \/>\n\t<meta property=\"og:image:type\" content=\"image\/jpeg\" \/>\n<meta name=\"author\" content=\"Diario1 Diario1\" \/>\n<meta name=\"twitter:card\" content=\"summary_large_image\" \/>\n<meta name=\"twitter:creator\" content=\"@eltextual\" \/>\n<meta name=\"twitter:site\" content=\"@eltextual\" \/>\n<meta name=\"twitter:label1\" content=\"Escrito por\" \/>\n\t<meta name=\"twitter:data1\" content=\"Diario1 Diario1\" \/>\n\t<meta name=\"twitter:label2\" content=\"Tiempo de lectura\" \/>\n\t<meta name=\"twitter:data2\" content=\"3 minutos\" \/>\n<script type=\"application\/ld+json\" class=\"yoast-schema-graph\">{\"@context\":\"https:\\\/\\\/schema.org\",\"@graph\":[{\"@type\":\"Article\",\"@id\":\"https:\\\/\\\/diariotextual.com\\\/inicio\\\/index.php\\\/2026\\\/03\\\/06\\\/la-nueva-sintonia-en-la-plural-abre-interrogantes-sobre-el-futuro-politico-de-di-napoli\\\/#article\",\"isPartOf\":{\"@id\":\"https:\\\/\\\/diariotextual.com\\\/inicio\\\/index.php\\\/2026\\\/03\\\/06\\\/la-nueva-sintonia-en-la-plural-abre-interrogantes-sobre-el-futuro-politico-de-di-napoli\\\/\"},\"author\":{\"name\":\"Diario1 Diario1\",\"@id\":\"https:\\\/\\\/diariotextual.com\\\/inicio\\\/#\\\/schema\\\/person\\\/418fc4093c33e86ed41562db3508f958\"},\"headline\":\"La nueva sinton\u00eda en la Plural abre interrogantes sobre el futuro pol\u00edtico de Di N\u00e1poli\",\"datePublished\":\"2026-03-06T13:02:07+00:00\",\"dateModified\":\"2026-03-06T19:45:12+00:00\",\"mainEntityOfPage\":{\"@id\":\"https:\\\/\\\/diariotextual.com\\\/inicio\\\/index.php\\\/2026\\\/03\\\/06\\\/la-nueva-sintonia-en-la-plural-abre-interrogantes-sobre-el-futuro-politico-de-di-napoli\\\/\"},\"wordCount\":547,\"publisher\":{\"@id\":\"https:\\\/\\\/diariotextual.com\\\/inicio\\\/#organization\"},\"image\":{\"@id\":\"https:\\\/\\\/diariotextual.com\\\/inicio\\\/index.php\\\/2026\\\/03\\\/06\\\/la-nueva-sintonia-en-la-plural-abre-interrogantes-sobre-el-futuro-politico-de-di-napoli\\\/#primaryimage\"},\"thumbnailUrl\":\"https:\\\/\\\/diariotextual.com\\\/inicio\\\/wp-content\\\/uploads\\\/2025\\\/12\\\/dinapoliluciano2025-78910.jpg\",\"articleSection\":[\"A - PORTADA2\",\"POLITICA\"],\"inLanguage\":\"es\"},{\"@type\":\"WebPage\",\"@id\":\"https:\\\/\\\/diariotextual.com\\\/inicio\\\/index.php\\\/2026\\\/03\\\/06\\\/la-nueva-sintonia-en-la-plural-abre-interrogantes-sobre-el-futuro-politico-de-di-napoli\\\/\",\"url\":\"https:\\\/\\\/diariotextual.com\\\/inicio\\\/index.php\\\/2026\\\/03\\\/06\\\/la-nueva-sintonia-en-la-plural-abre-interrogantes-sobre-el-futuro-politico-de-di-napoli\\\/\",\"name\":\"La nueva sinton\u00eda en la Plural abre interrogantes sobre el futuro pol\u00edtico de Di N\u00e1poli - Diario Textual\",\"isPartOf\":{\"@id\":\"https:\\\/\\\/diariotextual.com\\\/inicio\\\/#website\"},\"primaryImageOfPage\":{\"@id\":\"https:\\\/\\\/diariotextual.com\\\/inicio\\\/index.php\\\/2026\\\/03\\\/06\\\/la-nueva-sintonia-en-la-plural-abre-interrogantes-sobre-el-futuro-politico-de-di-napoli\\\/#primaryimage\"},\"image\":{\"@id\":\"https:\\\/\\\/diariotextual.com\\\/inicio\\\/index.php\\\/2026\\\/03\\\/06\\\/la-nueva-sintonia-en-la-plural-abre-interrogantes-sobre-el-futuro-politico-de-di-napoli\\\/#primaryimage\"},\"thumbnailUrl\":\"https:\\\/\\\/diariotextual.com\\\/inicio\\\/wp-content\\\/uploads\\\/2025\\\/12\\\/dinapoliluciano2025-78910.jpg\",\"datePublished\":\"2026-03-06T13:02:07+00:00\",\"dateModified\":\"2026-03-06T19:45:12+00:00\",\"breadcrumb\":{\"@id\":\"https:\\\/\\\/diariotextual.com\\\/inicio\\\/index.php\\\/2026\\\/03\\\/06\\\/la-nueva-sintonia-en-la-plural-abre-interrogantes-sobre-el-futuro-politico-de-di-napoli\\\/#breadcrumb\"},\"inLanguage\":\"es\",\"potentialAction\":[{\"@type\":\"ReadAction\",\"target\":[\"https:\\\/\\\/diariotextual.com\\\/inicio\\\/index.php\\\/2026\\\/03\\\/06\\\/la-nueva-sintonia-en-la-plural-abre-interrogantes-sobre-el-futuro-politico-de-di-napoli\\\/\"]}]},{\"@type\":\"ImageObject\",\"inLanguage\":\"es\",\"@id\":\"https:\\\/\\\/diariotextual.com\\\/inicio\\\/index.php\\\/2026\\\/03\\\/06\\\/la-nueva-sintonia-en-la-plural-abre-interrogantes-sobre-el-futuro-politico-de-di-napoli\\\/#primaryimage\",\"url\":\"https:\\\/\\\/diariotextual.com\\\/inicio\\\/wp-content\\\/uploads\\\/2025\\\/12\\\/dinapoliluciano2025-78910.jpg\",\"contentUrl\":\"https:\\\/\\\/diariotextual.com\\\/inicio\\\/wp-content\\\/uploads\\\/2025\\\/12\\\/dinapoliluciano2025-78910.jpg\",\"width\":1300,\"height\":731},{\"@type\":\"BreadcrumbList\",\"@id\":\"https:\\\/\\\/diariotextual.com\\\/inicio\\\/index.php\\\/2026\\\/03\\\/06\\\/la-nueva-sintonia-en-la-plural-abre-interrogantes-sobre-el-futuro-politico-de-di-napoli\\\/#breadcrumb\",\"itemListElement\":[{\"@type\":\"ListItem\",\"position\":1,\"name\":\"Portada\",\"item\":\"https:\\\/\\\/diariotextual.com\\\/inicio\\\/\"},{\"@type\":\"ListItem\",\"position\":2,\"name\":\"La nueva sinton\u00eda en la Plural abre interrogantes sobre el futuro pol\u00edtico de Di N\u00e1poli\"}]},{\"@type\":\"WebSite\",\"@id\":\"https:\\\/\\\/diariotextual.com\\\/inicio\\\/#website\",\"url\":\"https:\\\/\\\/diariotextual.com\\\/inicio\\\/\",\"name\":\"Diario Textual\",\"description\":\"\",\"publisher\":{\"@id\":\"https:\\\/\\\/diariotextual.com\\\/inicio\\\/#organization\"},\"potentialAction\":[{\"@type\":\"SearchAction\",\"target\":{\"@type\":\"EntryPoint\",\"urlTemplate\":\"https:\\\/\\\/diariotextual.com\\\/inicio\\\/?s={search_term_string}\"},\"query-input\":{\"@type\":\"PropertyValueSpecification\",\"valueRequired\":true,\"valueName\":\"search_term_string\"}}],\"inLanguage\":\"es\"},{\"@type\":\"Organization\",\"@id\":\"https:\\\/\\\/diariotextual.com\\\/inicio\\\/#organization\",\"name\":\"Diario Textual\",\"url\":\"https:\\\/\\\/diariotextual.com\\\/inicio\\\/\",\"logo\":{\"@type\":\"ImageObject\",\"inLanguage\":\"es\",\"@id\":\"https:\\\/\\\/diariotextual.com\\\/inicio\\\/#\\\/schema\\\/logo\\\/image\\\/\",\"url\":\"https:\\\/\\\/diariotextual.com\\\/inicio\\\/wp-content\\\/uploads\\\/2023\\\/05\\\/logotextual1.jpg\",\"contentUrl\":\"https:\\\/\\\/diariotextual.com\\\/inicio\\\/wp-content\\\/uploads\\\/2023\\\/05\\\/logotextual1.jpg\",\"width\":516,\"height\":76,\"caption\":\"Diario Textual\"},\"image\":{\"@id\":\"https:\\\/\\\/diariotextual.com\\\/inicio\\\/#\\\/schema\\\/logo\\\/image\\\/\"},\"sameAs\":[\"https:\\\/\\\/www.facebook.com\\\/eltextual\",\"https:\\\/\\\/x.com\\\/eltextual\",\"http:\\\/\\\/www.instagram.com\\\/eltextual\"]},{\"@type\":\"Person\",\"@id\":\"https:\\\/\\\/diariotextual.com\\\/inicio\\\/#\\\/schema\\\/person\\\/418fc4093c33e86ed41562db3508f958\",\"name\":\"Diario1 Diario1\",\"image\":{\"@type\":\"ImageObject\",\"inLanguage\":\"es\",\"@id\":\"https:\\\/\\\/secure.gravatar.com\\\/avatar\\\/9167d280179c85bc18be67aa7eda765854300033af4896dd779b608640f2ef7a?s=96&d=mm&r=g\",\"url\":\"https:\\\/\\\/secure.gravatar.com\\\/avatar\\\/9167d280179c85bc18be67aa7eda765854300033af4896dd779b608640f2ef7a?s=96&d=mm&r=g\",\"contentUrl\":\"https:\\\/\\\/secure.gravatar.com\\\/avatar\\\/9167d280179c85bc18be67aa7eda765854300033af4896dd779b608640f2ef7a?s=96&d=mm&r=g\",\"caption\":\"Diario1 Diario1\"},\"url\":\"https:\\\/\\\/diariotextual.com\\\/inicio\\\/index.php\\\/author\\\/diario1\\\/\"}]}<\/script>\n<!-- \/ Yoast SEO plugin. -->","yoast_head_json":{"title":"La nueva sinton\u00eda en la Plural abre interrogantes sobre el futuro pol\u00edtico de Di N\u00e1poli - Diario Textual","robots":{"index":"index","follow":"follow","max-snippet":"max-snippet:-1","max-image-preview":"max-image-preview:large","max-video-preview":"max-video-preview:-1"},"canonical":"https:\/\/diariotextual.com\/inicio\/index.php\/2026\/03\/06\/la-nueva-sintonia-en-la-plural-abre-interrogantes-sobre-el-futuro-politico-de-di-napoli\/","og_locale":"es_ES","og_type":"article","og_title":"La nueva sinton\u00eda en la Plural abre interrogantes sobre el futuro pol\u00edtico de Di N\u00e1poli - Diario Textual","og_description":"La reconfiguraci\u00f3n del peronismo pampeano, a partir de se\u00f1ales de distensi\u00f3n y acercamiento dentro de la L\u00ednea Plural, abre interrogantes sobre el lugar que ocupar\u00e1 el intendente de Santa Rosa,&hellip;","og_url":"https:\/\/diariotextual.com\/inicio\/index.php\/2026\/03\/06\/la-nueva-sintonia-en-la-plural-abre-interrogantes-sobre-el-futuro-politico-de-di-napoli\/","og_site_name":"Diario Textual","article_publisher":"https:\/\/www.facebook.com\/eltextual","article_published_time":"2026-03-06T13:02:07+00:00","article_modified_time":"2026-03-06T19:45:12+00:00","og_image":[{"width":1300,"height":731,"url":"https:\/\/diariotextual.com\/inicio\/wp-content\/uploads\/2025\/12\/dinapoliluciano2025-78910.jpg","type":"image\/jpeg"}],"author":"Diario1 Diario1","twitter_card":"summary_large_image","twitter_creator":"@eltextual","twitter_site":"@eltextual","twitter_misc":{"Escrito por":"Diario1 Diario1","Tiempo de lectura":"3 minutos"},"schema":{"@context":"https:\/\/schema.org","@graph":[{"@type":"Article","@id":"https:\/\/diariotextual.com\/inicio\/index.php\/2026\/03\/06\/la-nueva-sintonia-en-la-plural-abre-interrogantes-sobre-el-futuro-politico-de-di-napoli\/#article","isPartOf":{"@id":"https:\/\/diariotextual.com\/inicio\/index.php\/2026\/03\/06\/la-nueva-sintonia-en-la-plural-abre-interrogantes-sobre-el-futuro-politico-de-di-napoli\/"},"author":{"name":"Diario1 Diario1","@id":"https:\/\/diariotextual.com\/inicio\/#\/schema\/person\/418fc4093c33e86ed41562db3508f958"},"headline":"La nueva sinton\u00eda en la Plural abre interrogantes sobre el futuro pol\u00edtico de Di N\u00e1poli","datePublished":"2026-03-06T13:02:07+00:00","dateModified":"2026-03-06T19:45:12+00:00","mainEntityOfPage":{"@id":"https:\/\/diariotextual.com\/inicio\/index.php\/2026\/03\/06\/la-nueva-sintonia-en-la-plural-abre-interrogantes-sobre-el-futuro-politico-de-di-napoli\/"},"wordCount":547,"publisher":{"@id":"https:\/\/diariotextual.com\/inicio\/#organization"},"image":{"@id":"https:\/\/diariotextual.com\/inicio\/index.php\/2026\/03\/06\/la-nueva-sintonia-en-la-plural-abre-interrogantes-sobre-el-futuro-politico-de-di-napoli\/#primaryimage"},"thumbnailUrl":"https:\/\/diariotextual.com\/inicio\/wp-content\/uploads\/2025\/12\/dinapoliluciano2025-78910.jpg","articleSection":["A - PORTADA2","POLITICA"],"inLanguage":"es"},{"@type":"WebPage","@id":"https:\/\/diariotextual.com\/inicio\/index.php\/2026\/03\/06\/la-nueva-sintonia-en-la-plural-abre-interrogantes-sobre-el-futuro-politico-de-di-napoli\/","url":"https:\/\/diariotextual.com\/inicio\/index.php\/2026\/03\/06\/la-nueva-sintonia-en-la-plural-abre-interrogantes-sobre-el-futuro-politico-de-di-napoli\/","name":"La nueva sinton\u00eda en la Plural abre interrogantes sobre el futuro pol\u00edtico de Di N\u00e1poli - Diario Textual","isPartOf":{"@id":"https:\/\/diariotextual.com\/inicio\/#website"},"primaryImageOfPage":{"@id":"https:\/\/diariotextual.com\/inicio\/index.php\/2026\/03\/06\/la-nueva-sintonia-en-la-plural-abre-interrogantes-sobre-el-futuro-politico-de-di-napoli\/#primaryimage"},"image":{"@id":"https:\/\/diariotextual.com\/inicio\/index.php\/2026\/03\/06\/la-nueva-sintonia-en-la-plural-abre-interrogantes-sobre-el-futuro-politico-de-di-napoli\/#primaryimage"},"thumbnailUrl":"https:\/\/diariotextual.com\/inicio\/wp-content\/uploads\/2025\/12\/dinapoliluciano2025-78910.jpg","datePublished":"2026-03-06T13:02:07+00:00","dateModified":"2026-03-06T19:45:12+00:00","breadcrumb":{"@id":"https:\/\/diariotextual.com\/inicio\/index.php\/2026\/03\/06\/la-nueva-sintonia-en-la-plural-abre-interrogantes-sobre-el-futuro-politico-de-di-napoli\/#breadcrumb"},"inLanguage":"es","potentialAction":[{"@type":"ReadAction","target":["https:\/\/diariotextual.com\/inicio\/index.php\/2026\/03\/06\/la-nueva-sintonia-en-la-plural-abre-interrogantes-sobre-el-futuro-politico-de-di-napoli\/"]}]},{"@type":"ImageObject","inLanguage":"es","@id":"https:\/\/diariotextual.com\/inicio\/index.php\/2026\/03\/06\/la-nueva-sintonia-en-la-plural-abre-interrogantes-sobre-el-futuro-politico-de-di-napoli\/#primaryimage","url":"https:\/\/diariotextual.com\/inicio\/wp-content\/uploads\/2025\/12\/dinapoliluciano2025-78910.jpg","contentUrl":"https:\/\/diariotextual.com\/inicio\/wp-content\/uploads\/2025\/12\/dinapoliluciano2025-78910.jpg","width":1300,"height":731},{"@type":"BreadcrumbList","@id":"https:\/\/diariotextual.com\/inicio\/index.php\/2026\/03\/06\/la-nueva-sintonia-en-la-plural-abre-interrogantes-sobre-el-futuro-politico-de-di-napoli\/#breadcrumb","itemListElement":[{"@type":"ListItem","position":1,"name":"Portada","item":"https:\/\/diariotextual.com\/inicio\/"},{"@type":"ListItem","position":2,"name":"La nueva sinton\u00eda en la Plural abre interrogantes sobre el futuro pol\u00edtico de Di N\u00e1poli"}]},{"@type":"WebSite","@id":"https:\/\/diariotextual.com\/inicio\/#website","url":"https:\/\/diariotextual.com\/inicio\/","name":"Diario Textual","description":"","publisher":{"@id":"https:\/\/diariotextual.com\/inicio\/#organization"},"potentialAction":[{"@type":"SearchAction","target":{"@type":"EntryPoint","urlTemplate":"https:\/\/diariotextual.com\/inicio\/?s={search_term_string}"},"query-input":{"@type":"PropertyValueSpecification","valueRequired":true,"valueName":"search_term_string"}}],"inLanguage":"es"},{"@type":"Organization","@id":"https:\/\/diariotextual.com\/inicio\/#organization","name":"Diario Textual","url":"https:\/\/diariotextual.com\/inicio\/","logo":{"@type":"ImageObject","inLanguage":"es","@id":"https:\/\/diariotextual.com\/inicio\/#\/schema\/logo\/image\/","url":"https:\/\/diariotextual.com\/inicio\/wp-content\/uploads\/2023\/05\/logotextual1.jpg","contentUrl":"https:\/\/diariotextual.com\/inicio\/wp-content\/uploads\/2023\/05\/logotextual1.jpg","width":516,"height":76,"caption":"Diario Textual"},"image":{"@id":"https:\/\/diariotextual.com\/inicio\/#\/schema\/logo\/image\/"},"sameAs":["https:\/\/www.facebook.com\/eltextual","https:\/\/x.com\/eltextual","http:\/\/www.instagram.com\/eltextual"]},{"@type":"Person","@id":"https:\/\/diariotextual.com\/inicio\/#\/schema\/person\/418fc4093c33e86ed41562db3508f958","name":"Diario1 Diario1","image":{"@type":"ImageObject","inLanguage":"es","@id":"https:\/\/secure.gravatar.com\/avatar\/9167d280179c85bc18be67aa7eda765854300033af4896dd779b608640f2ef7a?s=96&d=mm&r=g","url":"https:\/\/secure.gravatar.com\/avatar\/9167d280179c85bc18be67aa7eda765854300033af4896dd779b608640f2ef7a?s=96&d=mm&r=g","contentUrl":"https:\/\/secure.gravatar.com\/avatar\/9167d280179c85bc18be67aa7eda765854300033af4896dd779b608640f2ef7a?s=96&d=mm&r=g","caption":"Diario1 Diario1"},"url":"https:\/\/diariotextual.com\/inicio\/index.php\/author\/diario1\/"}]}},"_links":{"self":[{"href":"https:\/\/diariotextual.com\/inicio\/index.php\/wp-json\/wp\/v2\/posts\/321535","targetHints":{"allow":["GET"]}}],"collection":[{"href":"https:\/\/diariotextual.com\/inicio\/index.php\/wp-json\/wp\/v2\/posts"}],"about":[{"href":"https:\/\/diariotextual.com\/inicio\/index.php\/wp-json\/wp\/v2\/types\/post"}],"author":[{"embeddable":true,"href":"https:\/\/diariotextual.com\/inicio\/index.php\/wp-json\/wp\/v2\/users\/3"}],"replies":[{"embeddable":true,"href":"https:\/\/diariotextual.com\/inicio\/index.php\/wp-json\/wp\/v2\/comments?post=321535"}],"version-history":[{"count":2,"href":"https:\/\/diariotextual.com\/inicio\/index.php\/wp-json\/wp\/v2\/posts\/321535\/revisions"}],"predecessor-version":[{"id":321538,"href":"https:\/\/diariotextual.com\/inicio\/index.php\/wp-json\/wp\/v2\/posts\/321535\/revisions\/321538"}],"wp:featuredmedia":[{"embeddable":true,"href":"https:\/\/diariotextual.com\/inicio\/index.php\/wp-json\/wp\/v2\/media\/315389"}],"wp:attachment":[{"href":"https:\/\/diariotextual.com\/inicio\/index.php\/wp-json\/wp\/v2\/media?parent=321535"}],"wp:term":[{"taxonomy":"category","embeddable":true,"href":"https:\/\/diariotextual.com\/inicio\/index.php\/wp-json\/wp\/v2\/categories?post=321535"},{"taxonomy":"post_tag","embeddable":true,"href":"https:\/\/diariotextual.com\/inicio\/index.php\/wp-json\/wp\/v2\/tags?post=321535"}],"curies":[{"name":"wp","href":"https:\/\/api.w.org\/{rel}","templated":true}]}}