{"id":321545,"date":"2026-03-06T12:10:38","date_gmt":"2026-03-06T15:10:38","guid":{"rendered":"https:\/\/diariotextual.com\/inicio\/?p=321545"},"modified":"2026-03-06T19:38:34","modified_gmt":"2026-03-06T22:38:34","slug":"que-vaya-preso-mujer-que-denuncio-abuso-en-el-barrio-nelson-mandela-participo-de-una-manifestacion","status":"publish","type":"post","link":"https:\/\/diariotextual.com\/inicio\/index.php\/2026\/03\/06\/que-vaya-preso-mujer-que-denuncio-abuso-en-el-barrio-nelson-mandela-participo-de-una-manifestacion\/","title":{"rendered":"\u201cQue vaya preso\u201d: mujer que denunci\u00f3 abuso en el barrio Nelson Mandela particip\u00f3 de una manifestaci\u00f3n"},"content":{"rendered":"\n<p>Una mujer que denunci\u00f3 <strong>abuso sexual e intento de femicidio<\/strong> particip\u00f3 este jueves al mediod\u00eda de una manifestaci\u00f3n frente al <strong>Centro Judicial de Santa Rosa<\/strong>: reclam\u00f3 que la Justicia le saque el beneficio de la <strong>prisi\u00f3n domiciliaria<\/strong> y sea trasladado a una unidad carcelaria. Por el momento, pudo saber <strong>Diario Textual<\/strong>, la <strong>Justicia<\/strong> aguarda que la mujer pueda declarar en <strong>C\u00e1mara Gesell<\/strong> para avanzar en la investigaci\u00f3n y definir la situaci\u00f3n procesal del acusado.<\/p>\n\n\n\n<p>La protesta se realiz\u00f3 entre las <strong>10 y las 11.30 horas<\/strong>, con la presencia de familiares y amigos de la denunciante. El caso ocurri\u00f3 el <strong>25 de enero<\/strong> en una vivienda del <strong>barrio Nelson Mandela<\/strong>, donde la mujer asegur\u00f3 haber sido atacada por su expareja.<\/p>\n\n\n\n<p>La causa se inici\u00f3 de oficio en la <strong>Fiscal\u00eda Tem\u00e1tica de G\u00e9nero de la I Circunscripci\u00f3n del Ministerio P\u00fablico Fiscal<\/strong>. La v\u00edctima realiz\u00f3 la denuncia al d\u00eda siguiente del hecho, mientras permanec\u00eda hospitalizada.<\/p>\n\n\n\n<p>La madre de la denunciante, <strong>Lorena<\/strong>, dialog\u00f3 con <strong>Diario Textual<\/strong> durante la manifestaci\u00f3n y relat\u00f3 los hechos. \u201cEstamos ac\u00e1 porque el d\u00eda 25, en el <strong>barrio Nelson Mandela<\/strong>, ocurri\u00f3 una situaci\u00f3n de violaci\u00f3n. En la Justicia dicen abuso sexual con violaci\u00f3n agravada. Para m\u00ed fue algo m\u00e1s fuerte que eso. La expareja de mi hija entr\u00f3 a su casa sin permiso, la viol\u00f3, la lastim\u00f3 y la golpe\u00f3. No s\u00e9 si vieron un video donde se ve mucha sangre. Yo en ese momento no estaba, pero s\u00ed puedo contar cuando llego al hospital y veo a mi hija en un estado de <strong>shock emocional tremendo<\/strong>. No sab\u00eda c\u00f3mo reaccionar. Me dec\u00eda que no quer\u00eda denunciar. No quer\u00eda hacerlo porque sab\u00eda con qu\u00e9 clase de persona se enfrentaba\u2026 Despu\u00e9s nos pidieron que fu\u00e9ramos a su casa a buscar unas llaves. Yo en ese momento cre\u00eda que era verdad que no hab\u00eda sido violada, porque ella lo afirmaba muy firmemente. Pero cuando entr\u00e9 a la casa y vi tanta sangre, me di cuenta de que s\u00ed. Tal vez, como mam\u00e1, quer\u00eda creer que a ella no le hab\u00eda pasado. Al d\u00eda siguiente la animamos a hacer la denuncia. Esta persona ten\u00eda que estar presa, ten\u00eda que pagar por lo que hizo.<\/p>\n\n\n\n<p><strong>-\u00bfC\u00f3mo fue que logr\u00f3 escapar su hija?<\/strong><\/p>\n\n\n\n<p>&#8211; Lleg\u00f3 hasta el comedor y pidi\u00f3 auxilio a una vecina. Despu\u00e9s, lleg\u00f3 otra vecina. Mi hija se desmay\u00f3 <strong>cinco veces<\/strong> por la cantidad de sangre que hab\u00eda perdido. Todav\u00eda <strong>Fiscal\u00eda<\/strong> no sabe de d\u00f3nde sali\u00f3 tanta sangre. Por eso la mandan a <strong>C\u00e1mara Gesell<\/strong>, para poder reconstruir bien lo que pas\u00f3\u2026 Despu\u00e9s de hacer lo que hizo en la casa de mi hija, que la dej\u00f3 <strong>medio muerta<\/strong>, volvi\u00f3 a mitad de cuadra, donde hay un negocio, y compr\u00f3 para beber. Todo eso est\u00e1 registrado en c\u00e1maras. Se fue y, cuando la <strong>Polic\u00eda<\/strong> todav\u00eda no se hab\u00eda ido y la ambulancia segu\u00eda en el lugar, apareci\u00f3 nuevamente con otra ropa y otro casco y volvi\u00f3 a comprar. Entonces no s\u00e9 qu\u00e9 beneficio puede tener por haberse entregado, como me dicen en la fiscal\u00eda. Yo estoy segura de que sab\u00eda lo que estaba haciendo. Y no la mat\u00f3 porque ella le ped\u00eda auxilio.<\/p>\n\n\n\n<p><strong>-\u00bfElla ya declar\u00f3 en C\u00e1mara Gesell?<\/strong><\/p>\n\n\n\n<p>-No. Ten\u00edan que prepararla psicol\u00f3gicamente. Mi hija estuvo <strong>casi un mes sin psic\u00f3logo<\/strong>. Sin ning\u00fan psic\u00f3logo. Ten\u00eda un bot\u00f3n antip\u00e1nico que se lo hab\u00eda prestado una vecina. Imag\u00ednese el nivel de miedo que tiene.<\/p>\n\n\n\n<p><strong>-\u00bfEst\u00e1n de acuerdo con c\u00f3mo se est\u00e1 llevando la investigaci\u00f3n?<\/strong><\/p>\n\n\n\n<p>-No estamos de acuerdo con que \u00e9l est\u00e9, entre comillas, preso. Porque hoy una persona que roba est\u00e1 presa. Esta persona <strong>la viol\u00f3, la golpe\u00f3 y casi la mat\u00f3<\/strong>, y est\u00e1 en su casa con una <strong>tobillera electr\u00f3nica<\/strong>. Una tobillera tambi\u00e9n es un beneficio. \u00c9l puede recibir gente, puede pedir un certificado m\u00e9dico y salir. \u00bfQui\u00e9n me garantiza a m\u00ed, como mam\u00e1, que esta persona violenta -que para m\u00ed es un asesino- no vuelva a la casa de mi hija? En su momento la fiscal me dijo que estaba con tobillera porque <strong>no hab\u00eda lugar en una comisar\u00eda<\/strong>. La verdad, me pareci\u00f3 algo incoherente.<\/p>\n\n\n\n<p><strong>-\u00bfQu\u00e9 relaci\u00f3n ten\u00eda con tu hija el acusado?<\/strong><\/p>\n\n\n\n<p>-Era su <strong>expareja<\/strong>. Estuvieron dos a\u00f1os juntos. Cuando mi hija empez\u00f3 a ver cosas que no funcionaban y que pod\u00edan terminar en violencia, decidi\u00f3 dejarlo. Hay videos donde \u00e9l segu\u00eda pasando por la casa y molest\u00e1ndola, pero ella no hizo nada. Hasta el d\u00eda del hecho.<\/p>\n\n\n\n<p><strong>-\u00bfLa declaraci\u00f3n de la v\u00edctima todav\u00eda no est\u00e1 incorporada a la causa?<\/strong><\/p>\n\n\n\n<p>-No, porque primero ten\u00eda que prepararse psicol\u00f3gicamente. Y no fue f\u00e1cil conseguir un psic\u00f3logo.<\/p>\n\n\n\n<p><\/p>\n","protected":false},"excerpt":{"rendered":"<p>Una mujer que denunci\u00f3 abuso sexual e intento de femicidio particip\u00f3 este jueves al mediod\u00eda de una manifestaci\u00f3n frente al Centro Judicial de Santa Rosa: reclam\u00f3 que la Justicia le&hellip;<\/p>\n","protected":false},"author":3,"featured_media":321549,"comment_status":"closed","ping_status":"open","sticky":false,"template":"","format":"standard","meta":{"_acf_changed":false,"footnotes":""},"categories":[1,12],"tags":[],"class_list":["post-321545","post","type-post","status-publish","format-standard","has-post-thumbnail","hentry","category-es-noticia","category-sociedad"],"acf":[],"yoast_head":"<!-- This site is optimized with the Yoast SEO plugin v27.5 - https:\/\/yoast.com\/product\/yoast-seo-wordpress\/ -->\n<title>\u201cQue vaya preso\u201d: mujer que denunci\u00f3 abuso en el barrio Nelson Mandela particip\u00f3 de una manifestaci\u00f3n - Diario Textual<\/title>\n<meta name=\"robots\" content=\"index, follow, max-snippet:-1, max-image-preview:large, max-video-preview:-1\" \/>\n<link rel=\"canonical\" href=\"https:\/\/diariotextual.com\/inicio\/index.php\/2026\/03\/06\/que-vaya-preso-mujer-que-denuncio-abuso-en-el-barrio-nelson-mandela-participo-de-una-manifestacion\/\" \/>\n<meta property=\"og:locale\" content=\"es_ES\" \/>\n<meta property=\"og:type\" content=\"article\" \/>\n<meta property=\"og:title\" content=\"\u201cQue vaya preso\u201d: mujer que denunci\u00f3 abuso en el barrio Nelson Mandela particip\u00f3 de una manifestaci\u00f3n - Diario Textual\" \/>\n<meta property=\"og:description\" content=\"Una mujer que denunci\u00f3 abuso sexual e intento de femicidio particip\u00f3 este jueves al mediod\u00eda de una manifestaci\u00f3n frente al Centro Judicial de Santa Rosa: reclam\u00f3 que la Justicia le&hellip;\" \/>\n<meta property=\"og:url\" content=\"https:\/\/diariotextual.com\/inicio\/index.php\/2026\/03\/06\/que-vaya-preso-mujer-que-denuncio-abuso-en-el-barrio-nelson-mandela-participo-de-una-manifestacion\/\" \/>\n<meta property=\"og:site_name\" content=\"Diario Textual\" \/>\n<meta property=\"article:publisher\" content=\"https:\/\/www.facebook.com\/eltextual\" \/>\n<meta property=\"article:published_time\" content=\"2026-03-06T15:10:38+00:00\" \/>\n<meta property=\"article:modified_time\" content=\"2026-03-06T22:38:34+00:00\" \/>\n<meta property=\"og:image\" content=\"https:\/\/diariotextual.com\/inicio\/wp-content\/uploads\/2026\/03\/manifestacioncasodenunciaabusosexualnelsonmandela2026-1.jpg\" \/>\n\t<meta property=\"og:image:width\" content=\"1300\" \/>\n\t<meta property=\"og:image:height\" content=\"729\" \/>\n\t<meta property=\"og:image:type\" content=\"image\/jpeg\" \/>\n<meta name=\"author\" content=\"Diario1 Diario1\" \/>\n<meta name=\"twitter:card\" content=\"summary_large_image\" \/>\n<meta name=\"twitter:creator\" content=\"@eltextual\" \/>\n<meta name=\"twitter:site\" content=\"@eltextual\" \/>\n<meta name=\"twitter:label1\" content=\"Escrito por\" \/>\n\t<meta name=\"twitter:data1\" content=\"Diario1 Diario1\" \/>\n\t<meta name=\"twitter:label2\" content=\"Tiempo de lectura\" \/>\n\t<meta name=\"twitter:data2\" content=\"4 minutos\" \/>\n<script type=\"application\/ld+json\" class=\"yoast-schema-graph\">{\"@context\":\"https:\\\/\\\/schema.org\",\"@graph\":[{\"@type\":\"Article\",\"@id\":\"https:\\\/\\\/diariotextual.com\\\/inicio\\\/index.php\\\/2026\\\/03\\\/06\\\/que-vaya-preso-mujer-que-denuncio-abuso-en-el-barrio-nelson-mandela-participo-de-una-manifestacion\\\/#article\",\"isPartOf\":{\"@id\":\"https:\\\/\\\/diariotextual.com\\\/inicio\\\/index.php\\\/2026\\\/03\\\/06\\\/que-vaya-preso-mujer-que-denuncio-abuso-en-el-barrio-nelson-mandela-participo-de-una-manifestacion\\\/\"},\"author\":{\"name\":\"Diario1 Diario1\",\"@id\":\"https:\\\/\\\/diariotextual.com\\\/inicio\\\/#\\\/schema\\\/person\\\/418fc4093c33e86ed41562db3508f958\"},\"headline\":\"\u201cQue vaya preso\u201d: mujer que denunci\u00f3 abuso en el barrio Nelson Mandela particip\u00f3 de una manifestaci\u00f3n\",\"datePublished\":\"2026-03-06T15:10:38+00:00\",\"dateModified\":\"2026-03-06T22:38:34+00:00\",\"mainEntityOfPage\":{\"@id\":\"https:\\\/\\\/diariotextual.com\\\/inicio\\\/index.php\\\/2026\\\/03\\\/06\\\/que-vaya-preso-mujer-que-denuncio-abuso-en-el-barrio-nelson-mandela-participo-de-una-manifestacion\\\/\"},\"wordCount\":858,\"publisher\":{\"@id\":\"https:\\\/\\\/diariotextual.com\\\/inicio\\\/#organization\"},\"image\":{\"@id\":\"https:\\\/\\\/diariotextual.com\\\/inicio\\\/index.php\\\/2026\\\/03\\\/06\\\/que-vaya-preso-mujer-que-denuncio-abuso-en-el-barrio-nelson-mandela-participo-de-una-manifestacion\\\/#primaryimage\"},\"thumbnailUrl\":\"https:\\\/\\\/diariotextual.com\\\/inicio\\\/wp-content\\\/uploads\\\/2026\\\/03\\\/manifestacioncasodenunciaabusosexualnelsonmandela2026-1.jpg\",\"articleSection\":[\"A - ES NOTICIA (van abajo)\",\"SOCIEDAD\"],\"inLanguage\":\"es\"},{\"@type\":\"WebPage\",\"@id\":\"https:\\\/\\\/diariotextual.com\\\/inicio\\\/index.php\\\/2026\\\/03\\\/06\\\/que-vaya-preso-mujer-que-denuncio-abuso-en-el-barrio-nelson-mandela-participo-de-una-manifestacion\\\/\",\"url\":\"https:\\\/\\\/diariotextual.com\\\/inicio\\\/index.php\\\/2026\\\/03\\\/06\\\/que-vaya-preso-mujer-que-denuncio-abuso-en-el-barrio-nelson-mandela-participo-de-una-manifestacion\\\/\",\"name\":\"\u201cQue vaya preso\u201d: mujer que denunci\u00f3 abuso en el barrio Nelson Mandela particip\u00f3 de una manifestaci\u00f3n - Diario Textual\",\"isPartOf\":{\"@id\":\"https:\\\/\\\/diariotextual.com\\\/inicio\\\/#website\"},\"primaryImageOfPage\":{\"@id\":\"https:\\\/\\\/diariotextual.com\\\/inicio\\\/index.php\\\/2026\\\/03\\\/06\\\/que-vaya-preso-mujer-que-denuncio-abuso-en-el-barrio-nelson-mandela-participo-de-una-manifestacion\\\/#primaryimage\"},\"image\":{\"@id\":\"https:\\\/\\\/diariotextual.com\\\/inicio\\\/index.php\\\/2026\\\/03\\\/06\\\/que-vaya-preso-mujer-que-denuncio-abuso-en-el-barrio-nelson-mandela-participo-de-una-manifestacion\\\/#primaryimage\"},\"thumbnailUrl\":\"https:\\\/\\\/diariotextual.com\\\/inicio\\\/wp-content\\\/uploads\\\/2026\\\/03\\\/manifestacioncasodenunciaabusosexualnelsonmandela2026-1.jpg\",\"datePublished\":\"2026-03-06T15:10:38+00:00\",\"dateModified\":\"2026-03-06T22:38:34+00:00\",\"breadcrumb\":{\"@id\":\"https:\\\/\\\/diariotextual.com\\\/inicio\\\/index.php\\\/2026\\\/03\\\/06\\\/que-vaya-preso-mujer-que-denuncio-abuso-en-el-barrio-nelson-mandela-participo-de-una-manifestacion\\\/#breadcrumb\"},\"inLanguage\":\"es\",\"potentialAction\":[{\"@type\":\"ReadAction\",\"target\":[\"https:\\\/\\\/diariotextual.com\\\/inicio\\\/index.php\\\/2026\\\/03\\\/06\\\/que-vaya-preso-mujer-que-denuncio-abuso-en-el-barrio-nelson-mandela-participo-de-una-manifestacion\\\/\"]}]},{\"@type\":\"ImageObject\",\"inLanguage\":\"es\",\"@id\":\"https:\\\/\\\/diariotextual.com\\\/inicio\\\/index.php\\\/2026\\\/03\\\/06\\\/que-vaya-preso-mujer-que-denuncio-abuso-en-el-barrio-nelson-mandela-participo-de-una-manifestacion\\\/#primaryimage\",\"url\":\"https:\\\/\\\/diariotextual.com\\\/inicio\\\/wp-content\\\/uploads\\\/2026\\\/03\\\/manifestacioncasodenunciaabusosexualnelsonmandela2026-1.jpg\",\"contentUrl\":\"https:\\\/\\\/diariotextual.com\\\/inicio\\\/wp-content\\\/uploads\\\/2026\\\/03\\\/manifestacioncasodenunciaabusosexualnelsonmandela2026-1.jpg\",\"width\":1300,\"height\":729},{\"@type\":\"BreadcrumbList\",\"@id\":\"https:\\\/\\\/diariotextual.com\\\/inicio\\\/index.php\\\/2026\\\/03\\\/06\\\/que-vaya-preso-mujer-que-denuncio-abuso-en-el-barrio-nelson-mandela-participo-de-una-manifestacion\\\/#breadcrumb\",\"itemListElement\":[{\"@type\":\"ListItem\",\"position\":1,\"name\":\"Portada\",\"item\":\"https:\\\/\\\/diariotextual.com\\\/inicio\\\/\"},{\"@type\":\"ListItem\",\"position\":2,\"name\":\"\u201cQue vaya preso\u201d: mujer que denunci\u00f3 abuso en el barrio Nelson Mandela particip\u00f3 de una manifestaci\u00f3n\"}]},{\"@type\":\"WebSite\",\"@id\":\"https:\\\/\\\/diariotextual.com\\\/inicio\\\/#website\",\"url\":\"https:\\\/\\\/diariotextual.com\\\/inicio\\\/\",\"name\":\"Diario Textual\",\"description\":\"\",\"publisher\":{\"@id\":\"https:\\\/\\\/diariotextual.com\\\/inicio\\\/#organization\"},\"potentialAction\":[{\"@type\":\"SearchAction\",\"target\":{\"@type\":\"EntryPoint\",\"urlTemplate\":\"https:\\\/\\\/diariotextual.com\\\/inicio\\\/?s={search_term_string}\"},\"query-input\":{\"@type\":\"PropertyValueSpecification\",\"valueRequired\":true,\"valueName\":\"search_term_string\"}}],\"inLanguage\":\"es\"},{\"@type\":\"Organization\",\"@id\":\"https:\\\/\\\/diariotextual.com\\\/inicio\\\/#organization\",\"name\":\"Diario Textual\",\"url\":\"https:\\\/\\\/diariotextual.com\\\/inicio\\\/\",\"logo\":{\"@type\":\"ImageObject\",\"inLanguage\":\"es\",\"@id\":\"https:\\\/\\\/diariotextual.com\\\/inicio\\\/#\\\/schema\\\/logo\\\/image\\\/\",\"url\":\"https:\\\/\\\/diariotextual.com\\\/inicio\\\/wp-content\\\/uploads\\\/2023\\\/05\\\/logotextual1.jpg\",\"contentUrl\":\"https:\\\/\\\/diariotextual.com\\\/inicio\\\/wp-content\\\/uploads\\\/2023\\\/05\\\/logotextual1.jpg\",\"width\":516,\"height\":76,\"caption\":\"Diario Textual\"},\"image\":{\"@id\":\"https:\\\/\\\/diariotextual.com\\\/inicio\\\/#\\\/schema\\\/logo\\\/image\\\/\"},\"sameAs\":[\"https:\\\/\\\/www.facebook.com\\\/eltextual\",\"https:\\\/\\\/x.com\\\/eltextual\",\"http:\\\/\\\/www.instagram.com\\\/eltextual\"]},{\"@type\":\"Person\",\"@id\":\"https:\\\/\\\/diariotextual.com\\\/inicio\\\/#\\\/schema\\\/person\\\/418fc4093c33e86ed41562db3508f958\",\"name\":\"Diario1 Diario1\",\"image\":{\"@type\":\"ImageObject\",\"inLanguage\":\"es\",\"@id\":\"https:\\\/\\\/secure.gravatar.com\\\/avatar\\\/9167d280179c85bc18be67aa7eda765854300033af4896dd779b608640f2ef7a?s=96&d=mm&r=g\",\"url\":\"https:\\\/\\\/secure.gravatar.com\\\/avatar\\\/9167d280179c85bc18be67aa7eda765854300033af4896dd779b608640f2ef7a?s=96&d=mm&r=g\",\"contentUrl\":\"https:\\\/\\\/secure.gravatar.com\\\/avatar\\\/9167d280179c85bc18be67aa7eda765854300033af4896dd779b608640f2ef7a?s=96&d=mm&r=g\",\"caption\":\"Diario1 Diario1\"},\"url\":\"https:\\\/\\\/diariotextual.com\\\/inicio\\\/index.php\\\/author\\\/diario1\\\/\"}]}<\/script>\n<!-- \/ Yoast SEO plugin. -->","yoast_head_json":{"title":"\u201cQue vaya preso\u201d: mujer que denunci\u00f3 abuso en el barrio Nelson Mandela particip\u00f3 de una manifestaci\u00f3n - Diario Textual","robots":{"index":"index","follow":"follow","max-snippet":"max-snippet:-1","max-image-preview":"max-image-preview:large","max-video-preview":"max-video-preview:-1"},"canonical":"https:\/\/diariotextual.com\/inicio\/index.php\/2026\/03\/06\/que-vaya-preso-mujer-que-denuncio-abuso-en-el-barrio-nelson-mandela-participo-de-una-manifestacion\/","og_locale":"es_ES","og_type":"article","og_title":"\u201cQue vaya preso\u201d: mujer que denunci\u00f3 abuso en el barrio Nelson Mandela particip\u00f3 de una manifestaci\u00f3n - Diario Textual","og_description":"Una mujer que denunci\u00f3 abuso sexual e intento de femicidio particip\u00f3 este jueves al mediod\u00eda de una manifestaci\u00f3n frente al Centro Judicial de Santa Rosa: reclam\u00f3 que la Justicia le&hellip;","og_url":"https:\/\/diariotextual.com\/inicio\/index.php\/2026\/03\/06\/que-vaya-preso-mujer-que-denuncio-abuso-en-el-barrio-nelson-mandela-participo-de-una-manifestacion\/","og_site_name":"Diario Textual","article_publisher":"https:\/\/www.facebook.com\/eltextual","article_published_time":"2026-03-06T15:10:38+00:00","article_modified_time":"2026-03-06T22:38:34+00:00","og_image":[{"width":1300,"height":729,"url":"https:\/\/diariotextual.com\/inicio\/wp-content\/uploads\/2026\/03\/manifestacioncasodenunciaabusosexualnelsonmandela2026-1.jpg","type":"image\/jpeg"}],"author":"Diario1 Diario1","twitter_card":"summary_large_image","twitter_creator":"@eltextual","twitter_site":"@eltextual","twitter_misc":{"Escrito por":"Diario1 Diario1","Tiempo de lectura":"4 minutos"},"schema":{"@context":"https:\/\/schema.org","@graph":[{"@type":"Article","@id":"https:\/\/diariotextual.com\/inicio\/index.php\/2026\/03\/06\/que-vaya-preso-mujer-que-denuncio-abuso-en-el-barrio-nelson-mandela-participo-de-una-manifestacion\/#article","isPartOf":{"@id":"https:\/\/diariotextual.com\/inicio\/index.php\/2026\/03\/06\/que-vaya-preso-mujer-que-denuncio-abuso-en-el-barrio-nelson-mandela-participo-de-una-manifestacion\/"},"author":{"name":"Diario1 Diario1","@id":"https:\/\/diariotextual.com\/inicio\/#\/schema\/person\/418fc4093c33e86ed41562db3508f958"},"headline":"\u201cQue vaya preso\u201d: mujer que denunci\u00f3 abuso en el barrio Nelson Mandela particip\u00f3 de una manifestaci\u00f3n","datePublished":"2026-03-06T15:10:38+00:00","dateModified":"2026-03-06T22:38:34+00:00","mainEntityOfPage":{"@id":"https:\/\/diariotextual.com\/inicio\/index.php\/2026\/03\/06\/que-vaya-preso-mujer-que-denuncio-abuso-en-el-barrio-nelson-mandela-participo-de-una-manifestacion\/"},"wordCount":858,"publisher":{"@id":"https:\/\/diariotextual.com\/inicio\/#organization"},"image":{"@id":"https:\/\/diariotextual.com\/inicio\/index.php\/2026\/03\/06\/que-vaya-preso-mujer-que-denuncio-abuso-en-el-barrio-nelson-mandela-participo-de-una-manifestacion\/#primaryimage"},"thumbnailUrl":"https:\/\/diariotextual.com\/inicio\/wp-content\/uploads\/2026\/03\/manifestacioncasodenunciaabusosexualnelsonmandela2026-1.jpg","articleSection":["A - ES NOTICIA (van abajo)","SOCIEDAD"],"inLanguage":"es"},{"@type":"WebPage","@id":"https:\/\/diariotextual.com\/inicio\/index.php\/2026\/03\/06\/que-vaya-preso-mujer-que-denuncio-abuso-en-el-barrio-nelson-mandela-participo-de-una-manifestacion\/","url":"https:\/\/diariotextual.com\/inicio\/index.php\/2026\/03\/06\/que-vaya-preso-mujer-que-denuncio-abuso-en-el-barrio-nelson-mandela-participo-de-una-manifestacion\/","name":"\u201cQue vaya preso\u201d: mujer que denunci\u00f3 abuso en el barrio Nelson Mandela particip\u00f3 de una manifestaci\u00f3n - Diario Textual","isPartOf":{"@id":"https:\/\/diariotextual.com\/inicio\/#website"},"primaryImageOfPage":{"@id":"https:\/\/diariotextual.com\/inicio\/index.php\/2026\/03\/06\/que-vaya-preso-mujer-que-denuncio-abuso-en-el-barrio-nelson-mandela-participo-de-una-manifestacion\/#primaryimage"},"image":{"@id":"https:\/\/diariotextual.com\/inicio\/index.php\/2026\/03\/06\/que-vaya-preso-mujer-que-denuncio-abuso-en-el-barrio-nelson-mandela-participo-de-una-manifestacion\/#primaryimage"},"thumbnailUrl":"https:\/\/diariotextual.com\/inicio\/wp-content\/uploads\/2026\/03\/manifestacioncasodenunciaabusosexualnelsonmandela2026-1.jpg","datePublished":"2026-03-06T15:10:38+00:00","dateModified":"2026-03-06T22:38:34+00:00","breadcrumb":{"@id":"https:\/\/diariotextual.com\/inicio\/index.php\/2026\/03\/06\/que-vaya-preso-mujer-que-denuncio-abuso-en-el-barrio-nelson-mandela-participo-de-una-manifestacion\/#breadcrumb"},"inLanguage":"es","potentialAction":[{"@type":"ReadAction","target":["https:\/\/diariotextual.com\/inicio\/index.php\/2026\/03\/06\/que-vaya-preso-mujer-que-denuncio-abuso-en-el-barrio-nelson-mandela-participo-de-una-manifestacion\/"]}]},{"@type":"ImageObject","inLanguage":"es","@id":"https:\/\/diariotextual.com\/inicio\/index.php\/2026\/03\/06\/que-vaya-preso-mujer-que-denuncio-abuso-en-el-barrio-nelson-mandela-participo-de-una-manifestacion\/#primaryimage","url":"https:\/\/diariotextual.com\/inicio\/wp-content\/uploads\/2026\/03\/manifestacioncasodenunciaabusosexualnelsonmandela2026-1.jpg","contentUrl":"https:\/\/diariotextual.com\/inicio\/wp-content\/uploads\/2026\/03\/manifestacioncasodenunciaabusosexualnelsonmandela2026-1.jpg","width":1300,"height":729},{"@type":"BreadcrumbList","@id":"https:\/\/diariotextual.com\/inicio\/index.php\/2026\/03\/06\/que-vaya-preso-mujer-que-denuncio-abuso-en-el-barrio-nelson-mandela-participo-de-una-manifestacion\/#breadcrumb","itemListElement":[{"@type":"ListItem","position":1,"name":"Portada","item":"https:\/\/diariotextual.com\/inicio\/"},{"@type":"ListItem","position":2,"name":"\u201cQue vaya preso\u201d: mujer que denunci\u00f3 abuso en el barrio Nelson Mandela particip\u00f3 de una manifestaci\u00f3n"}]},{"@type":"WebSite","@id":"https:\/\/diariotextual.com\/inicio\/#website","url":"https:\/\/diariotextual.com\/inicio\/","name":"Diario Textual","description":"","publisher":{"@id":"https:\/\/diariotextual.com\/inicio\/#organization"},"potentialAction":[{"@type":"SearchAction","target":{"@type":"EntryPoint","urlTemplate":"https:\/\/diariotextual.com\/inicio\/?s={search_term_string}"},"query-input":{"@type":"PropertyValueSpecification","valueRequired":true,"valueName":"search_term_string"}}],"inLanguage":"es"},{"@type":"Organization","@id":"https:\/\/diariotextual.com\/inicio\/#organization","name":"Diario Textual","url":"https:\/\/diariotextual.com\/inicio\/","logo":{"@type":"ImageObject","inLanguage":"es","@id":"https:\/\/diariotextual.com\/inicio\/#\/schema\/logo\/image\/","url":"https:\/\/diariotextual.com\/inicio\/wp-content\/uploads\/2023\/05\/logotextual1.jpg","contentUrl":"https:\/\/diariotextual.com\/inicio\/wp-content\/uploads\/2023\/05\/logotextual1.jpg","width":516,"height":76,"caption":"Diario Textual"},"image":{"@id":"https:\/\/diariotextual.com\/inicio\/#\/schema\/logo\/image\/"},"sameAs":["https:\/\/www.facebook.com\/eltextual","https:\/\/x.com\/eltextual","http:\/\/www.instagram.com\/eltextual"]},{"@type":"Person","@id":"https:\/\/diariotextual.com\/inicio\/#\/schema\/person\/418fc4093c33e86ed41562db3508f958","name":"Diario1 Diario1","image":{"@type":"ImageObject","inLanguage":"es","@id":"https:\/\/secure.gravatar.com\/avatar\/9167d280179c85bc18be67aa7eda765854300033af4896dd779b608640f2ef7a?s=96&d=mm&r=g","url":"https:\/\/secure.gravatar.com\/avatar\/9167d280179c85bc18be67aa7eda765854300033af4896dd779b608640f2ef7a?s=96&d=mm&r=g","contentUrl":"https:\/\/secure.gravatar.com\/avatar\/9167d280179c85bc18be67aa7eda765854300033af4896dd779b608640f2ef7a?s=96&d=mm&r=g","caption":"Diario1 Diario1"},"url":"https:\/\/diariotextual.com\/inicio\/index.php\/author\/diario1\/"}]}},"_links":{"self":[{"href":"https:\/\/diariotextual.com\/inicio\/index.php\/wp-json\/wp\/v2\/posts\/321545","targetHints":{"allow":["GET"]}}],"collection":[{"href":"https:\/\/diariotextual.com\/inicio\/index.php\/wp-json\/wp\/v2\/posts"}],"about":[{"href":"https:\/\/diariotextual.com\/inicio\/index.php\/wp-json\/wp\/v2\/types\/post"}],"author":[{"embeddable":true,"href":"https:\/\/diariotextual.com\/inicio\/index.php\/wp-json\/wp\/v2\/users\/3"}],"replies":[{"embeddable":true,"href":"https:\/\/diariotextual.com\/inicio\/index.php\/wp-json\/wp\/v2\/comments?post=321545"}],"version-history":[{"count":4,"href":"https:\/\/diariotextual.com\/inicio\/index.php\/wp-json\/wp\/v2\/posts\/321545\/revisions"}],"predecessor-version":[{"id":321550,"href":"https:\/\/diariotextual.com\/inicio\/index.php\/wp-json\/wp\/v2\/posts\/321545\/revisions\/321550"}],"wp:featuredmedia":[{"embeddable":true,"href":"https:\/\/diariotextual.com\/inicio\/index.php\/wp-json\/wp\/v2\/media\/321549"}],"wp:attachment":[{"href":"https:\/\/diariotextual.com\/inicio\/index.php\/wp-json\/wp\/v2\/media?parent=321545"}],"wp:term":[{"taxonomy":"category","embeddable":true,"href":"https:\/\/diariotextual.com\/inicio\/index.php\/wp-json\/wp\/v2\/categories?post=321545"},{"taxonomy":"post_tag","embeddable":true,"href":"https:\/\/diariotextual.com\/inicio\/index.php\/wp-json\/wp\/v2\/tags?post=321545"}],"curies":[{"name":"wp","href":"https:\/\/api.w.org\/{rel}","templated":true}]}}