{"id":321551,"date":"2026-03-06T13:18:31","date_gmt":"2026-03-06T16:18:31","guid":{"rendered":"https:\/\/diariotextual.com\/inicio\/?p=321551"},"modified":"2026-03-06T13:23:10","modified_gmt":"2026-03-06T16:23:10","slug":"un-joven-condenado-a-seis-anos-por-abuso-con-violencia-en-un-festejo-escolar","status":"publish","type":"post","link":"https:\/\/diariotextual.com\/inicio\/index.php\/2026\/03\/06\/un-joven-condenado-a-seis-anos-por-abuso-con-violencia-en-un-festejo-escolar\/","title":{"rendered":"Un joven condenado a seis a\u00f1os por abuso con violencia en un festejo escolar"},"content":{"rendered":"\n<p>Un joven de 19 a\u00f1os fue condenado hoy a seis a\u00f1os de prisi\u00f3n de cumplimiento efectivo, como autor del delito de abuso sexual con acceso carnal, mediante el empleo de violencia, en un contexto de violencia de g\u00e9nero y en perjuicio de una adolescente de 17 a\u00f1os al momento de los hechos.<\/p>\n\n\n\n<p>En la causa penal qued\u00f3 probado que, durante una madrugada, en el marco de una fiesta escolar, el imputado \u2013en ese momento de 18 a\u00f1os reci\u00e9n cumplidos\u2013 agredi\u00f3 sexualmente a la v\u00edctima.<\/p>\n\n\n\n<p>La sentencia de imposici\u00f3n de pena \u2013por tratarse de un juicio de cesura la responsabilidad penal del autor ya hab\u00eda quedado demostrada\u2013 fue dictada por el juez de audiencia santarrose\u00f1o, Andr\u00e9s Oli\u00e9, quien fijo la misma pena que hab\u00eda requerido la fiscala Ver\u00f3nica Ferrero.<\/p>\n\n\n\n<p>La querellante particular, ejercida por la defensora oficial Vanesa Ortiz en representaci\u00f3n de la v\u00edctima, hab\u00eda pedido seis a\u00f1os y seis meses; y la defensora oficial Paula Arrigone solicit\u00f3 tres a\u00f1os en suspenso porque plante\u00f3 la inconstitucionalidad del tercer p\u00e1rrafo del art\u00edculo 119 del C\u00f3digo Penal. Ese texto especifica que \u201cla pena ser\u00e1 de 6 a 15 a\u00f1os de reclusi\u00f3n o prisi\u00f3n cuando, mediando las circunstancias del primer p\u00e1rrafo hubiere acceso carnal por v\u00eda anal, vaginal u oral o realizare otros actos an\u00e1logos introduciendo objetos o partes del cuerpo por alguna de las dos primeras v\u00edas\u201d.<\/p>\n\n\n\n<p>Oli\u00e9 rechaz\u00f3 el pedido de inconstitucionalidad y enmarc\u00f3 los hechos en las leyes 26.485 de Protecci\u00f3n integral para prevenir, sancionar y erradicar la violencia contra las mujeres en los \u00e1mbitos en que desarrollen sus relaciones interpersonales; y 26.061 de&nbsp;Protecci\u00f3n integral de los derechos de ni\u00f1as, ni\u00f1os y adolescentes.<\/p>\n\n\n\n<p>Como la autor\u00eda hab\u00eda sido establecida en la sentencia del juicio oral, el juez \u2013tras la audiencia de cesura\u2013 tuvo que establecer la pena y explicar el porqu\u00e9. Primero, con el argumento de que \u201cel legislador argentino opt\u00f3 por ubicar el umbral de punibilidad plena en los 18 a\u00f1os de modo r\u00edgido\u201d, descart\u00f3 los fundamentos defensivos de que las personas \u201ccontin\u00faan desarrollando sus capacidades neurol\u00f3gicas incluso luego de superar los 20 a\u00f1os\u201d (para ello Arrigone se bas\u00f3 en observaciones generales del Comit\u00e9 de los Derechos del Ni\u00f1o y una opini\u00f3n consultiva dela Comisi\u00f3n Interamericana de Derechos Humanos).<\/p>\n\n\n\n<p>No obstante remarcar que el imputado, al momento del abuso ten\u00eda 18 a\u00f1os y que era mayor para la legislaci\u00f3n argentina, el magistrado consider\u00f3 como un atenuante para la pena que hiciera unos pocos d\u00edas que los hab\u00eda cumplido. En ese punto tambi\u00e9n coincidi\u00f3 con lo que el Ministerio P\u00fablico Fiscal se\u00f1al\u00f3 en su alegato final.<\/p>\n\n\n\n<p>\u201cDebo tambi\u00e9n considerar y atemperar en la medida de lo posible las consecuencias negativas que puede acarrear una pena de encierro de larga duraci\u00f3n (para un joven de 19 a\u00f1os), ya que adem\u00e1s deber\u00e1 cumplirla de un modo m\u00e1s riguroso que otros delitos sancionados con penas incluso superiores. La forma extremadamente severa en que se ejecutan las penas impuestas para este delito (\u2026), al impedir la concesi\u00f3n de la libertad condicional, obligan a realizar un esfuerzo por mantener la proporcionalidad de la pena en l\u00edmites tolerables\u201d, indic\u00f3 el juez. Ello porque, a partir de las \u00faltimas reformas, las condenas por delitos sexuales se cumplen hasta el \u00faltimo d\u00eda en prisi\u00f3n.<\/p>\n\n\n\n<p>Tampoco consider\u00f3 una agravante el presunto consumo de alcohol u otras sustancias t\u00f3xicas del agresor \u2013de acuerdo a la teor\u00eda de la querella\u2013; sino m\u00e1s bien estim\u00f3 probado que \u201cla decisi\u00f3n de actuar as\u00ed estuvo originada por el aprovechamiento de la ocasi\u00f3n que se le present\u00f3 de modo repentino\u201d.<\/p>\n\n\n\n<p>Por otro lado, Oli\u00e9 s\u00ed valor\u00f3 como agravante la violencia de g\u00e9nero ejercida contra la v\u00edctima (\u2026), lo cual denota la necesidad de realizar un enfoque interseccional de g\u00e9nero y edad.&nbsp;En este sentido debe efectuarse un an\u00e1lisis no solo legal, sino tambi\u00e9n convencional de las consecuencias que corresponde atribuir en la determinaci\u00f3n judicial de la pena a estas dos circunstancias del hecho (v\u00edctima mujer y adolescente)\u201d; es decir a una doble condici\u00f3n de vulnerabilidad de la v\u00edctima. Otra conducta gravosa fue el conocimiento preexistente que exist\u00eda entre el victimario y la v\u00edctima.<\/p>\n\n\n\n<p>Finalmente, en la parte resolutiva del fallo, Oli\u00e9 dispuso que, una vez que quede firme, el imputado sea incorporado al Registro de procedimiento y notificaci\u00f3n de antecedentes de condenados por delitos contra la integridad sexual y detenido en forma inmediata.<\/p>\n\n\n\n<p><\/p>\n","protected":false},"excerpt":{"rendered":"<p>Un joven de 19 a\u00f1os fue condenado hoy a seis a\u00f1os de prisi\u00f3n de cumplimiento efectivo, como autor del delito de abuso sexual con acceso carnal, mediante el empleo de&hellip;<\/p>\n","protected":false},"author":3,"featured_media":321554,"comment_status":"closed","ping_status":"open","sticky":false,"template":"","format":"standard","meta":{"_acf_changed":false,"footnotes":""},"categories":[1,12],"tags":[],"class_list":["post-321551","post","type-post","status-publish","format-standard","has-post-thumbnail","hentry","category-es-noticia","category-sociedad"],"acf":[],"yoast_head":"<!-- This site is optimized with the Yoast SEO plugin v27.5 - https:\/\/yoast.com\/product\/yoast-seo-wordpress\/ -->\n<title>Un joven condenado a seis a\u00f1os por abuso con violencia en un festejo escolar - Diario Textual<\/title>\n<meta name=\"robots\" content=\"index, follow, max-snippet:-1, max-image-preview:large, max-video-preview:-1\" \/>\n<link rel=\"canonical\" href=\"https:\/\/diariotextual.com\/inicio\/index.php\/2026\/03\/06\/un-joven-condenado-a-seis-anos-por-abuso-con-violencia-en-un-festejo-escolar\/\" \/>\n<meta property=\"og:locale\" content=\"es_ES\" \/>\n<meta property=\"og:type\" content=\"article\" \/>\n<meta property=\"og:title\" content=\"Un joven condenado a seis a\u00f1os por abuso con violencia en un festejo escolar - Diario Textual\" \/>\n<meta property=\"og:description\" content=\"Un joven de 19 a\u00f1os fue condenado hoy a seis a\u00f1os de prisi\u00f3n de cumplimiento efectivo, como autor del delito de abuso sexual con acceso carnal, mediante el empleo de&hellip;\" \/>\n<meta property=\"og:url\" content=\"https:\/\/diariotextual.com\/inicio\/index.php\/2026\/03\/06\/un-joven-condenado-a-seis-anos-por-abuso-con-violencia-en-un-festejo-escolar\/\" \/>\n<meta property=\"og:site_name\" content=\"Diario Textual\" \/>\n<meta property=\"article:publisher\" content=\"https:\/\/www.facebook.com\/eltextual\" \/>\n<meta property=\"article:published_time\" content=\"2026-03-06T16:18:31+00:00\" \/>\n<meta property=\"article:modified_time\" content=\"2026-03-06T16:23:10+00:00\" \/>\n<meta property=\"og:image\" content=\"https:\/\/diariotextual.com\/inicio\/wp-content\/uploads\/2026\/03\/centrojudicialsantarosaciudadjudicial2026-10.jpg\" \/>\n\t<meta property=\"og:image:width\" content=\"1300\" \/>\n\t<meta property=\"og:image:height\" content=\"794\" \/>\n\t<meta property=\"og:image:type\" content=\"image\/jpeg\" \/>\n<meta name=\"author\" content=\"Diario1 Diario1\" \/>\n<meta name=\"twitter:card\" content=\"summary_large_image\" \/>\n<meta name=\"twitter:creator\" content=\"@eltextual\" \/>\n<meta name=\"twitter:site\" content=\"@eltextual\" \/>\n<meta name=\"twitter:label1\" content=\"Escrito por\" \/>\n\t<meta name=\"twitter:data1\" content=\"Diario1 Diario1\" \/>\n\t<meta name=\"twitter:label2\" content=\"Tiempo de lectura\" \/>\n\t<meta name=\"twitter:data2\" content=\"4 minutos\" \/>\n<script type=\"application\/ld+json\" class=\"yoast-schema-graph\">{\"@context\":\"https:\\\/\\\/schema.org\",\"@graph\":[{\"@type\":\"Article\",\"@id\":\"https:\\\/\\\/diariotextual.com\\\/inicio\\\/index.php\\\/2026\\\/03\\\/06\\\/un-joven-condenado-a-seis-anos-por-abuso-con-violencia-en-un-festejo-escolar\\\/#article\",\"isPartOf\":{\"@id\":\"https:\\\/\\\/diariotextual.com\\\/inicio\\\/index.php\\\/2026\\\/03\\\/06\\\/un-joven-condenado-a-seis-anos-por-abuso-con-violencia-en-un-festejo-escolar\\\/\"},\"author\":{\"name\":\"Diario1 Diario1\",\"@id\":\"https:\\\/\\\/diariotextual.com\\\/inicio\\\/#\\\/schema\\\/person\\\/418fc4093c33e86ed41562db3508f958\"},\"headline\":\"Un joven condenado a seis a\u00f1os por abuso con violencia en un festejo escolar\",\"datePublished\":\"2026-03-06T16:18:31+00:00\",\"dateModified\":\"2026-03-06T16:23:10+00:00\",\"mainEntityOfPage\":{\"@id\":\"https:\\\/\\\/diariotextual.com\\\/inicio\\\/index.php\\\/2026\\\/03\\\/06\\\/un-joven-condenado-a-seis-anos-por-abuso-con-violencia-en-un-festejo-escolar\\\/\"},\"wordCount\":798,\"publisher\":{\"@id\":\"https:\\\/\\\/diariotextual.com\\\/inicio\\\/#organization\"},\"image\":{\"@id\":\"https:\\\/\\\/diariotextual.com\\\/inicio\\\/index.php\\\/2026\\\/03\\\/06\\\/un-joven-condenado-a-seis-anos-por-abuso-con-violencia-en-un-festejo-escolar\\\/#primaryimage\"},\"thumbnailUrl\":\"https:\\\/\\\/diariotextual.com\\\/inicio\\\/wp-content\\\/uploads\\\/2026\\\/03\\\/centrojudicialsantarosaciudadjudicial2026-10.jpg\",\"articleSection\":[\"A - ES NOTICIA (van abajo)\",\"SOCIEDAD\"],\"inLanguage\":\"es\"},{\"@type\":\"WebPage\",\"@id\":\"https:\\\/\\\/diariotextual.com\\\/inicio\\\/index.php\\\/2026\\\/03\\\/06\\\/un-joven-condenado-a-seis-anos-por-abuso-con-violencia-en-un-festejo-escolar\\\/\",\"url\":\"https:\\\/\\\/diariotextual.com\\\/inicio\\\/index.php\\\/2026\\\/03\\\/06\\\/un-joven-condenado-a-seis-anos-por-abuso-con-violencia-en-un-festejo-escolar\\\/\",\"name\":\"Un joven condenado a seis a\u00f1os por abuso con violencia en un festejo escolar - Diario Textual\",\"isPartOf\":{\"@id\":\"https:\\\/\\\/diariotextual.com\\\/inicio\\\/#website\"},\"primaryImageOfPage\":{\"@id\":\"https:\\\/\\\/diariotextual.com\\\/inicio\\\/index.php\\\/2026\\\/03\\\/06\\\/un-joven-condenado-a-seis-anos-por-abuso-con-violencia-en-un-festejo-escolar\\\/#primaryimage\"},\"image\":{\"@id\":\"https:\\\/\\\/diariotextual.com\\\/inicio\\\/index.php\\\/2026\\\/03\\\/06\\\/un-joven-condenado-a-seis-anos-por-abuso-con-violencia-en-un-festejo-escolar\\\/#primaryimage\"},\"thumbnailUrl\":\"https:\\\/\\\/diariotextual.com\\\/inicio\\\/wp-content\\\/uploads\\\/2026\\\/03\\\/centrojudicialsantarosaciudadjudicial2026-10.jpg\",\"datePublished\":\"2026-03-06T16:18:31+00:00\",\"dateModified\":\"2026-03-06T16:23:10+00:00\",\"breadcrumb\":{\"@id\":\"https:\\\/\\\/diariotextual.com\\\/inicio\\\/index.php\\\/2026\\\/03\\\/06\\\/un-joven-condenado-a-seis-anos-por-abuso-con-violencia-en-un-festejo-escolar\\\/#breadcrumb\"},\"inLanguage\":\"es\",\"potentialAction\":[{\"@type\":\"ReadAction\",\"target\":[\"https:\\\/\\\/diariotextual.com\\\/inicio\\\/index.php\\\/2026\\\/03\\\/06\\\/un-joven-condenado-a-seis-anos-por-abuso-con-violencia-en-un-festejo-escolar\\\/\"]}]},{\"@type\":\"ImageObject\",\"inLanguage\":\"es\",\"@id\":\"https:\\\/\\\/diariotextual.com\\\/inicio\\\/index.php\\\/2026\\\/03\\\/06\\\/un-joven-condenado-a-seis-anos-por-abuso-con-violencia-en-un-festejo-escolar\\\/#primaryimage\",\"url\":\"https:\\\/\\\/diariotextual.com\\\/inicio\\\/wp-content\\\/uploads\\\/2026\\\/03\\\/centrojudicialsantarosaciudadjudicial2026-10.jpg\",\"contentUrl\":\"https:\\\/\\\/diariotextual.com\\\/inicio\\\/wp-content\\\/uploads\\\/2026\\\/03\\\/centrojudicialsantarosaciudadjudicial2026-10.jpg\",\"width\":1300,\"height\":794},{\"@type\":\"BreadcrumbList\",\"@id\":\"https:\\\/\\\/diariotextual.com\\\/inicio\\\/index.php\\\/2026\\\/03\\\/06\\\/un-joven-condenado-a-seis-anos-por-abuso-con-violencia-en-un-festejo-escolar\\\/#breadcrumb\",\"itemListElement\":[{\"@type\":\"ListItem\",\"position\":1,\"name\":\"Portada\",\"item\":\"https:\\\/\\\/diariotextual.com\\\/inicio\\\/\"},{\"@type\":\"ListItem\",\"position\":2,\"name\":\"Un joven condenado a seis a\u00f1os por abuso con violencia en un festejo escolar\"}]},{\"@type\":\"WebSite\",\"@id\":\"https:\\\/\\\/diariotextual.com\\\/inicio\\\/#website\",\"url\":\"https:\\\/\\\/diariotextual.com\\\/inicio\\\/\",\"name\":\"Diario Textual\",\"description\":\"\",\"publisher\":{\"@id\":\"https:\\\/\\\/diariotextual.com\\\/inicio\\\/#organization\"},\"potentialAction\":[{\"@type\":\"SearchAction\",\"target\":{\"@type\":\"EntryPoint\",\"urlTemplate\":\"https:\\\/\\\/diariotextual.com\\\/inicio\\\/?s={search_term_string}\"},\"query-input\":{\"@type\":\"PropertyValueSpecification\",\"valueRequired\":true,\"valueName\":\"search_term_string\"}}],\"inLanguage\":\"es\"},{\"@type\":\"Organization\",\"@id\":\"https:\\\/\\\/diariotextual.com\\\/inicio\\\/#organization\",\"name\":\"Diario Textual\",\"url\":\"https:\\\/\\\/diariotextual.com\\\/inicio\\\/\",\"logo\":{\"@type\":\"ImageObject\",\"inLanguage\":\"es\",\"@id\":\"https:\\\/\\\/diariotextual.com\\\/inicio\\\/#\\\/schema\\\/logo\\\/image\\\/\",\"url\":\"https:\\\/\\\/diariotextual.com\\\/inicio\\\/wp-content\\\/uploads\\\/2023\\\/05\\\/logotextual1.jpg\",\"contentUrl\":\"https:\\\/\\\/diariotextual.com\\\/inicio\\\/wp-content\\\/uploads\\\/2023\\\/05\\\/logotextual1.jpg\",\"width\":516,\"height\":76,\"caption\":\"Diario Textual\"},\"image\":{\"@id\":\"https:\\\/\\\/diariotextual.com\\\/inicio\\\/#\\\/schema\\\/logo\\\/image\\\/\"},\"sameAs\":[\"https:\\\/\\\/www.facebook.com\\\/eltextual\",\"https:\\\/\\\/x.com\\\/eltextual\",\"http:\\\/\\\/www.instagram.com\\\/eltextual\"]},{\"@type\":\"Person\",\"@id\":\"https:\\\/\\\/diariotextual.com\\\/inicio\\\/#\\\/schema\\\/person\\\/418fc4093c33e86ed41562db3508f958\",\"name\":\"Diario1 Diario1\",\"image\":{\"@type\":\"ImageObject\",\"inLanguage\":\"es\",\"@id\":\"https:\\\/\\\/secure.gravatar.com\\\/avatar\\\/9167d280179c85bc18be67aa7eda765854300033af4896dd779b608640f2ef7a?s=96&d=mm&r=g\",\"url\":\"https:\\\/\\\/secure.gravatar.com\\\/avatar\\\/9167d280179c85bc18be67aa7eda765854300033af4896dd779b608640f2ef7a?s=96&d=mm&r=g\",\"contentUrl\":\"https:\\\/\\\/secure.gravatar.com\\\/avatar\\\/9167d280179c85bc18be67aa7eda765854300033af4896dd779b608640f2ef7a?s=96&d=mm&r=g\",\"caption\":\"Diario1 Diario1\"},\"url\":\"https:\\\/\\\/diariotextual.com\\\/inicio\\\/index.php\\\/author\\\/diario1\\\/\"}]}<\/script>\n<!-- \/ Yoast SEO plugin. -->","yoast_head_json":{"title":"Un joven condenado a seis a\u00f1os por abuso con violencia en un festejo escolar - Diario Textual","robots":{"index":"index","follow":"follow","max-snippet":"max-snippet:-1","max-image-preview":"max-image-preview:large","max-video-preview":"max-video-preview:-1"},"canonical":"https:\/\/diariotextual.com\/inicio\/index.php\/2026\/03\/06\/un-joven-condenado-a-seis-anos-por-abuso-con-violencia-en-un-festejo-escolar\/","og_locale":"es_ES","og_type":"article","og_title":"Un joven condenado a seis a\u00f1os por abuso con violencia en un festejo escolar - Diario Textual","og_description":"Un joven de 19 a\u00f1os fue condenado hoy a seis a\u00f1os de prisi\u00f3n de cumplimiento efectivo, como autor del delito de abuso sexual con acceso carnal, mediante el empleo de&hellip;","og_url":"https:\/\/diariotextual.com\/inicio\/index.php\/2026\/03\/06\/un-joven-condenado-a-seis-anos-por-abuso-con-violencia-en-un-festejo-escolar\/","og_site_name":"Diario Textual","article_publisher":"https:\/\/www.facebook.com\/eltextual","article_published_time":"2026-03-06T16:18:31+00:00","article_modified_time":"2026-03-06T16:23:10+00:00","og_image":[{"width":1300,"height":794,"url":"https:\/\/diariotextual.com\/inicio\/wp-content\/uploads\/2026\/03\/centrojudicialsantarosaciudadjudicial2026-10.jpg","type":"image\/jpeg"}],"author":"Diario1 Diario1","twitter_card":"summary_large_image","twitter_creator":"@eltextual","twitter_site":"@eltextual","twitter_misc":{"Escrito por":"Diario1 Diario1","Tiempo de lectura":"4 minutos"},"schema":{"@context":"https:\/\/schema.org","@graph":[{"@type":"Article","@id":"https:\/\/diariotextual.com\/inicio\/index.php\/2026\/03\/06\/un-joven-condenado-a-seis-anos-por-abuso-con-violencia-en-un-festejo-escolar\/#article","isPartOf":{"@id":"https:\/\/diariotextual.com\/inicio\/index.php\/2026\/03\/06\/un-joven-condenado-a-seis-anos-por-abuso-con-violencia-en-un-festejo-escolar\/"},"author":{"name":"Diario1 Diario1","@id":"https:\/\/diariotextual.com\/inicio\/#\/schema\/person\/418fc4093c33e86ed41562db3508f958"},"headline":"Un joven condenado a seis a\u00f1os por abuso con violencia en un festejo escolar","datePublished":"2026-03-06T16:18:31+00:00","dateModified":"2026-03-06T16:23:10+00:00","mainEntityOfPage":{"@id":"https:\/\/diariotextual.com\/inicio\/index.php\/2026\/03\/06\/un-joven-condenado-a-seis-anos-por-abuso-con-violencia-en-un-festejo-escolar\/"},"wordCount":798,"publisher":{"@id":"https:\/\/diariotextual.com\/inicio\/#organization"},"image":{"@id":"https:\/\/diariotextual.com\/inicio\/index.php\/2026\/03\/06\/un-joven-condenado-a-seis-anos-por-abuso-con-violencia-en-un-festejo-escolar\/#primaryimage"},"thumbnailUrl":"https:\/\/diariotextual.com\/inicio\/wp-content\/uploads\/2026\/03\/centrojudicialsantarosaciudadjudicial2026-10.jpg","articleSection":["A - ES NOTICIA (van abajo)","SOCIEDAD"],"inLanguage":"es"},{"@type":"WebPage","@id":"https:\/\/diariotextual.com\/inicio\/index.php\/2026\/03\/06\/un-joven-condenado-a-seis-anos-por-abuso-con-violencia-en-un-festejo-escolar\/","url":"https:\/\/diariotextual.com\/inicio\/index.php\/2026\/03\/06\/un-joven-condenado-a-seis-anos-por-abuso-con-violencia-en-un-festejo-escolar\/","name":"Un joven condenado a seis a\u00f1os por abuso con violencia en un festejo escolar - Diario Textual","isPartOf":{"@id":"https:\/\/diariotextual.com\/inicio\/#website"},"primaryImageOfPage":{"@id":"https:\/\/diariotextual.com\/inicio\/index.php\/2026\/03\/06\/un-joven-condenado-a-seis-anos-por-abuso-con-violencia-en-un-festejo-escolar\/#primaryimage"},"image":{"@id":"https:\/\/diariotextual.com\/inicio\/index.php\/2026\/03\/06\/un-joven-condenado-a-seis-anos-por-abuso-con-violencia-en-un-festejo-escolar\/#primaryimage"},"thumbnailUrl":"https:\/\/diariotextual.com\/inicio\/wp-content\/uploads\/2026\/03\/centrojudicialsantarosaciudadjudicial2026-10.jpg","datePublished":"2026-03-06T16:18:31+00:00","dateModified":"2026-03-06T16:23:10+00:00","breadcrumb":{"@id":"https:\/\/diariotextual.com\/inicio\/index.php\/2026\/03\/06\/un-joven-condenado-a-seis-anos-por-abuso-con-violencia-en-un-festejo-escolar\/#breadcrumb"},"inLanguage":"es","potentialAction":[{"@type":"ReadAction","target":["https:\/\/diariotextual.com\/inicio\/index.php\/2026\/03\/06\/un-joven-condenado-a-seis-anos-por-abuso-con-violencia-en-un-festejo-escolar\/"]}]},{"@type":"ImageObject","inLanguage":"es","@id":"https:\/\/diariotextual.com\/inicio\/index.php\/2026\/03\/06\/un-joven-condenado-a-seis-anos-por-abuso-con-violencia-en-un-festejo-escolar\/#primaryimage","url":"https:\/\/diariotextual.com\/inicio\/wp-content\/uploads\/2026\/03\/centrojudicialsantarosaciudadjudicial2026-10.jpg","contentUrl":"https:\/\/diariotextual.com\/inicio\/wp-content\/uploads\/2026\/03\/centrojudicialsantarosaciudadjudicial2026-10.jpg","width":1300,"height":794},{"@type":"BreadcrumbList","@id":"https:\/\/diariotextual.com\/inicio\/index.php\/2026\/03\/06\/un-joven-condenado-a-seis-anos-por-abuso-con-violencia-en-un-festejo-escolar\/#breadcrumb","itemListElement":[{"@type":"ListItem","position":1,"name":"Portada","item":"https:\/\/diariotextual.com\/inicio\/"},{"@type":"ListItem","position":2,"name":"Un joven condenado a seis a\u00f1os por abuso con violencia en un festejo escolar"}]},{"@type":"WebSite","@id":"https:\/\/diariotextual.com\/inicio\/#website","url":"https:\/\/diariotextual.com\/inicio\/","name":"Diario Textual","description":"","publisher":{"@id":"https:\/\/diariotextual.com\/inicio\/#organization"},"potentialAction":[{"@type":"SearchAction","target":{"@type":"EntryPoint","urlTemplate":"https:\/\/diariotextual.com\/inicio\/?s={search_term_string}"},"query-input":{"@type":"PropertyValueSpecification","valueRequired":true,"valueName":"search_term_string"}}],"inLanguage":"es"},{"@type":"Organization","@id":"https:\/\/diariotextual.com\/inicio\/#organization","name":"Diario Textual","url":"https:\/\/diariotextual.com\/inicio\/","logo":{"@type":"ImageObject","inLanguage":"es","@id":"https:\/\/diariotextual.com\/inicio\/#\/schema\/logo\/image\/","url":"https:\/\/diariotextual.com\/inicio\/wp-content\/uploads\/2023\/05\/logotextual1.jpg","contentUrl":"https:\/\/diariotextual.com\/inicio\/wp-content\/uploads\/2023\/05\/logotextual1.jpg","width":516,"height":76,"caption":"Diario Textual"},"image":{"@id":"https:\/\/diariotextual.com\/inicio\/#\/schema\/logo\/image\/"},"sameAs":["https:\/\/www.facebook.com\/eltextual","https:\/\/x.com\/eltextual","http:\/\/www.instagram.com\/eltextual"]},{"@type":"Person","@id":"https:\/\/diariotextual.com\/inicio\/#\/schema\/person\/418fc4093c33e86ed41562db3508f958","name":"Diario1 Diario1","image":{"@type":"ImageObject","inLanguage":"es","@id":"https:\/\/secure.gravatar.com\/avatar\/9167d280179c85bc18be67aa7eda765854300033af4896dd779b608640f2ef7a?s=96&d=mm&r=g","url":"https:\/\/secure.gravatar.com\/avatar\/9167d280179c85bc18be67aa7eda765854300033af4896dd779b608640f2ef7a?s=96&d=mm&r=g","contentUrl":"https:\/\/secure.gravatar.com\/avatar\/9167d280179c85bc18be67aa7eda765854300033af4896dd779b608640f2ef7a?s=96&d=mm&r=g","caption":"Diario1 Diario1"},"url":"https:\/\/diariotextual.com\/inicio\/index.php\/author\/diario1\/"}]}},"_links":{"self":[{"href":"https:\/\/diariotextual.com\/inicio\/index.php\/wp-json\/wp\/v2\/posts\/321551","targetHints":{"allow":["GET"]}}],"collection":[{"href":"https:\/\/diariotextual.com\/inicio\/index.php\/wp-json\/wp\/v2\/posts"}],"about":[{"href":"https:\/\/diariotextual.com\/inicio\/index.php\/wp-json\/wp\/v2\/types\/post"}],"author":[{"embeddable":true,"href":"https:\/\/diariotextual.com\/inicio\/index.php\/wp-json\/wp\/v2\/users\/3"}],"replies":[{"embeddable":true,"href":"https:\/\/diariotextual.com\/inicio\/index.php\/wp-json\/wp\/v2\/comments?post=321551"}],"version-history":[{"count":3,"href":"https:\/\/diariotextual.com\/inicio\/index.php\/wp-json\/wp\/v2\/posts\/321551\/revisions"}],"predecessor-version":[{"id":321555,"href":"https:\/\/diariotextual.com\/inicio\/index.php\/wp-json\/wp\/v2\/posts\/321551\/revisions\/321555"}],"wp:featuredmedia":[{"embeddable":true,"href":"https:\/\/diariotextual.com\/inicio\/index.php\/wp-json\/wp\/v2\/media\/321554"}],"wp:attachment":[{"href":"https:\/\/diariotextual.com\/inicio\/index.php\/wp-json\/wp\/v2\/media?parent=321551"}],"wp:term":[{"taxonomy":"category","embeddable":true,"href":"https:\/\/diariotextual.com\/inicio\/index.php\/wp-json\/wp\/v2\/categories?post=321551"},{"taxonomy":"post_tag","embeddable":true,"href":"https:\/\/diariotextual.com\/inicio\/index.php\/wp-json\/wp\/v2\/tags?post=321551"}],"curies":[{"name":"wp","href":"https:\/\/api.w.org\/{rel}","templated":true}]}}