{"id":321564,"date":"2026-03-06T19:38:14","date_gmt":"2026-03-06T22:38:14","guid":{"rendered":"https:\/\/diariotextual.com\/inicio\/?p=321564"},"modified":"2026-03-07T09:23:29","modified_gmt":"2026-03-07T12:23:29","slug":"como-es-el-programa-de-ziliotto-para-crear-los-consorcios-camineros","status":"publish","type":"post","link":"https:\/\/diariotextual.com\/inicio\/index.php\/2026\/03\/06\/como-es-el-programa-de-ziliotto-para-crear-los-consorcios-camineros\/","title":{"rendered":"C\u00f3mo es el programa de Ziliotto para crear los consorcios camineros"},"content":{"rendered":"\n<p>El gobernador de La Pampa,<strong> Sergio Ziliotto<\/strong>, encabez\u00f3 este viernes una reuni\u00f3n de trabajo con intendentes e intendentas representantes de las diez microrregiones de la provincia, en la que<strong> present\u00f3 el anteproyecto de ley para la creaci\u00f3n de Consorcios Camineros destinados a mejorar la conservaci\u00f3n, el mantenimiento y la ampliaci\u00f3n de los caminos de la red terciaria rural.<\/strong><\/p>\n\n\n\n<p>La iniciativa forma parte del paquete de medidas anunciado por el mandatario provincial el pasado 1 de marzo, durante la apertura de sesiones ordinarias de la C\u00e1mara de Diputados, y se enmarca en el plan de desarrollo productivo que impulsa el Gobierno provincial.<\/p>\n\n\n\n<p>Durante el encuentro, Ziliotto destac\u00f3 que la propuesta busca consolidar una articulaci\u00f3n estrat\u00e9gica entre el Estado y el sector privado para fortalecer la infraestructura rural.<strong> \u201cSu principal fortaleza ser\u00e1 la asociaci\u00f3n virtuosa y la complementaci\u00f3n entre el Estado y el sector privado\u201d, dijo<\/strong>.<\/p>\n\n\n\n<p>Participaron de la reuni\u00f3n, por la Regi\u00f3n 1, el intendente de Embajador Martini, Ariel Bogino; por la Regi\u00f3n 2, la intendenta de General Pico, Fernanda Alonso, y el intendente de Alta Italia, Hern\u00e1n Gaggioli; por la Regi\u00f3n 3, el intendente de La Maruja, Gustavo Cein; por la Regi\u00f3n 4, el intendente de Algarrobo del \u00c1guila, Oscar Gatica; por la Regi\u00f3n 5, la intendenta de Luan Toro, M\u00f3nica Valor; por la Regi\u00f3n 6, el intendente de Santa Rosa, Luciano di N\u00e1poli; por la Regi\u00f3n 7, el intendente de Anchorena, Gustavo P\u00e9rez; por la Regi\u00f3n 8, el intendente de Puelches, Julio Gerez; por la Regi\u00f3n 9, el intendente de Alpachiri, Iv\u00e1n Fhur; y por la Regi\u00f3n 10, el intendente de La Adela, Federico Moro.<\/p>\n\n\n\n<p>Tambi\u00e9n estuvieron el ministro de Gobierno y Asuntos Municipales, Pascual Fern\u00e1ndez; la ministra de la Producci\u00f3n, Fernanda Gonz\u00e1lez; y el presidente del Directorio de la Direcci\u00f3n Provincial de Vialidad, Rodrigo Cadenas.<\/p>\n\n\n\n<div style=\"height:100px\" aria-hidden=\"true\" class=\"wp-block-spacer\"><\/div>\n\n\n\n<p><strong>Red terciaria<\/strong><br>El Gobernador explic\u00f3 que el objetivo central es mejorar la administraci\u00f3n y el mantenimiento de los caminos de la red terciaria, considerados un insumo estrat\u00e9gico para la producci\u00f3n pampeana. En ese sentido, remarc\u00f3 que la iniciativa tambi\u00e9n responde a planteos realizados por el sector agropecuario en el \u00e1mbito de la Mesa Agropecuaria Provincial.<\/p>\n\n\n\n<p>\u201cLa ley dar\u00e1 un marco legal a un planteo hist\u00f3rico del sector productivo: c\u00f3mo mejorar la administraci\u00f3n del mantenimiento de los caminos vecinales. La propuesta es que el sector privado no solo pueda realizar aportes, sino tambi\u00e9n participar en la toma de decisiones\u201d, se\u00f1al\u00f3.<\/p>\n\n\n\n<p>Ziliotto tambi\u00e9n adelant\u00f3 que el Gobierno provincial analiza la posibilidad de establecer incentivos fiscales para los productores que contribuyan al sostenimiento de los caminos rurales mediante los consorcios. \u201cEstamos estudiando que quienes realicen aportes puedan descontarlos de impuestos provinciales a trav\u00e9s de un sistema de cr\u00e9dito fiscal\u201d, explic\u00f3.<\/p>\n\n\n\n<p>El mandatario provincial subray\u00f3 adem\u00e1s que la adhesi\u00f3n al r\u00e9gimen ser\u00e1 voluntaria para los municipios y comisiones de fomento, respetando plenamente su autonom\u00eda. \u201cNo es una obligaci\u00f3n adherir a la ley. Los recursos que hoy reciben los municipios a trav\u00e9s de la ley de descentralizaci\u00f3n continuar\u00e1n vigentes\u201d, aclar\u00f3.<\/p>\n\n\n\n<div style=\"height:100px\" aria-hidden=\"true\" class=\"wp-block-spacer\"><\/div>\n\n\n\n<p><strong>Consorcios<\/strong><br>El anteproyecto establece la creaci\u00f3n de consorcios camineros como personas jur\u00eddicas de derecho p\u00fablico no estatal, integradas por productores rurales, entidades vinculadas a la actividad productiva y gobiernos locales. Estos organismos tendr\u00e1n como funci\u00f3n principal ejecutar obras de construcci\u00f3n, conservaci\u00f3n y mejoramiento de caminos rurales, as\u00ed como realizar trabajos complementarios que garanticen su transitabilidad.<\/p>\n\n\n\n<p>La iniciativa tambi\u00e9n prev\u00e9 la creaci\u00f3n de un Fondo para Consorcios Camineros, administrado por la Direcci\u00f3n Provincial de Vialidad, que se integrar\u00e1 con aportes del Estado provincial, municipios, productores, organismos nacionales e internacionales, as\u00ed como donaciones y otros recursos.<\/p>\n\n\n\n<p>Ziliotto invit\u00f3 a los intendentes a analizar el borrador del proyecto junto a sus equipos t\u00e9cnicos y a socializarlo en cada regi\u00f3n con el objetivo de enriquecer la propuesta antes de su env\u00edo a la Legislatura. \u201cQueremos que el proyecto tenga el aporte de los municipios para mejorarlo antes de presentarlo en la C\u00e1mara de Diputados\u201d, indic\u00f3.<\/p>\n\n\n\n<p>El Gobernador adelant\u00f3 que la intenci\u00f3n es recibir las observaciones y aportes de los gobiernos locales antes de fin de mes para avanzar con el env\u00edo del proyecto de ley a la Legislatura provincial.<\/p>\n\n\n\n<p>Estos son los <strong>principales puntos de la iniciativa<\/strong>:<\/p>\n\n\n\n<p><strong>Articulaci\u00f3n p\u00fablico-privada:<\/strong>&nbsp;los consorcios estar\u00e1n integrados por productores rurales, entidades vinculadas a la producci\u00f3n y gobiernos locales, promoviendo el trabajo conjunto entre el Estado y el sector privado.<\/p>\n\n\n\n<p><strong>Adhesi\u00f3n voluntaria de municipios:<\/strong>\u00a0cada municipalidad o comisi\u00f3n de fomento podr\u00e1 decidir adherir al r\u00e9gimen y participar en la conformaci\u00f3n de los consorcios dentro de su jurisdicci\u00f3n.<\/p>\n\n\n\n<p><strong>Personas jur\u00eddicas de derecho p\u00fablico no estatal:<\/strong>&nbsp;los consorcios tendr\u00e1n capacidad para celebrar convenios, administrar recursos y ejecutar obras vinculadas a caminos rurales.<\/p>\n\n\n\n<p><strong>Funciones principales:<\/strong>&nbsp;ejecutar obras de construcci\u00f3n, mantenimiento y mejoramiento de caminos rurales, as\u00ed como realizar trabajos complementarios que garanticen su transitabilidad.<\/p>\n\n\n\n<p><strong>Fondo para Consorcios Camineros:<\/strong>&nbsp;se crear\u00e1 un fondo espec\u00edfico administrado por la Direcci\u00f3n Provincial de Vialidad, integrado por aportes provinciales, municipales, de productores, organismos nacionales e internacionales, adem\u00e1s de donaciones y contribuciones.<\/p>\n\n\n\n<p><strong>Criterios para asignaci\u00f3n de recursos:&nbsp;<\/strong>se tendr\u00e1n en cuenta factores como la extensi\u00f3n de la red atendida, el nivel de transitabilidad, el volumen de producci\u00f3n de la zona y las necesidades de mantenimiento.<\/p>\n\n\n\n<p><strong>Control de los recursos:<\/strong>&nbsp;los fondos provinciales transferidos a los consorcios estar\u00e1n sujetos al control del Tribunal de Cuentas de la Provincia.<\/p>\n\n\n\n<p><\/p>\n","protected":false},"excerpt":{"rendered":"<p>El gobernador de La Pampa, Sergio Ziliotto, encabez\u00f3 este viernes una reuni\u00f3n de trabajo con intendentes e intendentas representantes de las diez microrregiones de la provincia, en la que present\u00f3&hellip;<\/p>\n","protected":false},"author":3,"featured_media":321569,"comment_status":"closed","ping_status":"open","sticky":false,"template":"","format":"standard","meta":{"_acf_changed":false,"footnotes":""},"categories":[10,8],"tags":[],"class_list":["post-321564","post","type-post","status-publish","format-standard","has-post-thumbnail","hentry","category-portada-2","category-politica"],"acf":[],"yoast_head":"<!-- This site is optimized with the Yoast SEO plugin v27.5 - https:\/\/yoast.com\/product\/yoast-seo-wordpress\/ -->\n<title>C\u00f3mo es el programa de Ziliotto para crear los consorcios camineros - Diario Textual<\/title>\n<meta name=\"robots\" content=\"index, follow, max-snippet:-1, max-image-preview:large, max-video-preview:-1\" \/>\n<link rel=\"canonical\" href=\"https:\/\/diariotextual.com\/inicio\/index.php\/2026\/03\/06\/como-es-el-programa-de-ziliotto-para-crear-los-consorcios-camineros\/\" \/>\n<meta property=\"og:locale\" content=\"es_ES\" \/>\n<meta property=\"og:type\" content=\"article\" \/>\n<meta property=\"og:title\" content=\"C\u00f3mo es el programa de Ziliotto para crear los consorcios camineros - Diario Textual\" \/>\n<meta property=\"og:description\" content=\"El gobernador de La Pampa, Sergio Ziliotto, encabez\u00f3 este viernes una reuni\u00f3n de trabajo con intendentes e intendentas representantes de las diez microrregiones de la provincia, en la que present\u00f3&hellip;\" \/>\n<meta property=\"og:url\" content=\"https:\/\/diariotextual.com\/inicio\/index.php\/2026\/03\/06\/como-es-el-programa-de-ziliotto-para-crear-los-consorcios-camineros\/\" \/>\n<meta property=\"og:site_name\" content=\"Diario Textual\" \/>\n<meta property=\"article:publisher\" content=\"https:\/\/www.facebook.com\/eltextual\" \/>\n<meta property=\"article:published_time\" content=\"2026-03-06T22:38:14+00:00\" \/>\n<meta property=\"article:modified_time\" content=\"2026-03-07T12:23:29+00:00\" \/>\n<meta property=\"og:image\" content=\"https:\/\/diariotextual.com\/inicio\/wp-content\/uploads\/2026\/03\/ziliottosergioconsorcioscamionerosintendentes2026-9.jpg\" \/>\n\t<meta property=\"og:image:width\" content=\"1300\" \/>\n\t<meta property=\"og:image:height\" content=\"867\" \/>\n\t<meta property=\"og:image:type\" content=\"image\/jpeg\" \/>\n<meta name=\"author\" content=\"Diario1 Diario1\" \/>\n<meta name=\"twitter:card\" content=\"summary_large_image\" \/>\n<meta name=\"twitter:creator\" content=\"@eltextual\" \/>\n<meta name=\"twitter:site\" content=\"@eltextual\" \/>\n<meta name=\"twitter:label1\" content=\"Escrito por\" \/>\n\t<meta name=\"twitter:data1\" content=\"Diario1 Diario1\" \/>\n\t<meta name=\"twitter:label2\" content=\"Tiempo de lectura\" \/>\n\t<meta name=\"twitter:data2\" content=\"5 minutos\" \/>\n<script type=\"application\/ld+json\" class=\"yoast-schema-graph\">{\"@context\":\"https:\\\/\\\/schema.org\",\"@graph\":[{\"@type\":\"Article\",\"@id\":\"https:\\\/\\\/diariotextual.com\\\/inicio\\\/index.php\\\/2026\\\/03\\\/06\\\/como-es-el-programa-de-ziliotto-para-crear-los-consorcios-camineros\\\/#article\",\"isPartOf\":{\"@id\":\"https:\\\/\\\/diariotextual.com\\\/inicio\\\/index.php\\\/2026\\\/03\\\/06\\\/como-es-el-programa-de-ziliotto-para-crear-los-consorcios-camineros\\\/\"},\"author\":{\"name\":\"Diario1 Diario1\",\"@id\":\"https:\\\/\\\/diariotextual.com\\\/inicio\\\/#\\\/schema\\\/person\\\/418fc4093c33e86ed41562db3508f958\"},\"headline\":\"C\u00f3mo es el programa de Ziliotto para crear los consorcios camineros\",\"datePublished\":\"2026-03-06T22:38:14+00:00\",\"dateModified\":\"2026-03-07T12:23:29+00:00\",\"mainEntityOfPage\":{\"@id\":\"https:\\\/\\\/diariotextual.com\\\/inicio\\\/index.php\\\/2026\\\/03\\\/06\\\/como-es-el-programa-de-ziliotto-para-crear-los-consorcios-camineros\\\/\"},\"wordCount\":965,\"publisher\":{\"@id\":\"https:\\\/\\\/diariotextual.com\\\/inicio\\\/#organization\"},\"image\":{\"@id\":\"https:\\\/\\\/diariotextual.com\\\/inicio\\\/index.php\\\/2026\\\/03\\\/06\\\/como-es-el-programa-de-ziliotto-para-crear-los-consorcios-camineros\\\/#primaryimage\"},\"thumbnailUrl\":\"https:\\\/\\\/diariotextual.com\\\/inicio\\\/wp-content\\\/uploads\\\/2026\\\/03\\\/ziliottosergioconsorcioscamionerosintendentes2026-9.jpg\",\"articleSection\":[\"A - PORTADA2\",\"POLITICA\"],\"inLanguage\":\"es\"},{\"@type\":\"WebPage\",\"@id\":\"https:\\\/\\\/diariotextual.com\\\/inicio\\\/index.php\\\/2026\\\/03\\\/06\\\/como-es-el-programa-de-ziliotto-para-crear-los-consorcios-camineros\\\/\",\"url\":\"https:\\\/\\\/diariotextual.com\\\/inicio\\\/index.php\\\/2026\\\/03\\\/06\\\/como-es-el-programa-de-ziliotto-para-crear-los-consorcios-camineros\\\/\",\"name\":\"C\u00f3mo es el programa de Ziliotto para crear los consorcios camineros - Diario Textual\",\"isPartOf\":{\"@id\":\"https:\\\/\\\/diariotextual.com\\\/inicio\\\/#website\"},\"primaryImageOfPage\":{\"@id\":\"https:\\\/\\\/diariotextual.com\\\/inicio\\\/index.php\\\/2026\\\/03\\\/06\\\/como-es-el-programa-de-ziliotto-para-crear-los-consorcios-camineros\\\/#primaryimage\"},\"image\":{\"@id\":\"https:\\\/\\\/diariotextual.com\\\/inicio\\\/index.php\\\/2026\\\/03\\\/06\\\/como-es-el-programa-de-ziliotto-para-crear-los-consorcios-camineros\\\/#primaryimage\"},\"thumbnailUrl\":\"https:\\\/\\\/diariotextual.com\\\/inicio\\\/wp-content\\\/uploads\\\/2026\\\/03\\\/ziliottosergioconsorcioscamionerosintendentes2026-9.jpg\",\"datePublished\":\"2026-03-06T22:38:14+00:00\",\"dateModified\":\"2026-03-07T12:23:29+00:00\",\"breadcrumb\":{\"@id\":\"https:\\\/\\\/diariotextual.com\\\/inicio\\\/index.php\\\/2026\\\/03\\\/06\\\/como-es-el-programa-de-ziliotto-para-crear-los-consorcios-camineros\\\/#breadcrumb\"},\"inLanguage\":\"es\",\"potentialAction\":[{\"@type\":\"ReadAction\",\"target\":[\"https:\\\/\\\/diariotextual.com\\\/inicio\\\/index.php\\\/2026\\\/03\\\/06\\\/como-es-el-programa-de-ziliotto-para-crear-los-consorcios-camineros\\\/\"]}]},{\"@type\":\"ImageObject\",\"inLanguage\":\"es\",\"@id\":\"https:\\\/\\\/diariotextual.com\\\/inicio\\\/index.php\\\/2026\\\/03\\\/06\\\/como-es-el-programa-de-ziliotto-para-crear-los-consorcios-camineros\\\/#primaryimage\",\"url\":\"https:\\\/\\\/diariotextual.com\\\/inicio\\\/wp-content\\\/uploads\\\/2026\\\/03\\\/ziliottosergioconsorcioscamionerosintendentes2026-9.jpg\",\"contentUrl\":\"https:\\\/\\\/diariotextual.com\\\/inicio\\\/wp-content\\\/uploads\\\/2026\\\/03\\\/ziliottosergioconsorcioscamionerosintendentes2026-9.jpg\",\"width\":1300,\"height\":867},{\"@type\":\"BreadcrumbList\",\"@id\":\"https:\\\/\\\/diariotextual.com\\\/inicio\\\/index.php\\\/2026\\\/03\\\/06\\\/como-es-el-programa-de-ziliotto-para-crear-los-consorcios-camineros\\\/#breadcrumb\",\"itemListElement\":[{\"@type\":\"ListItem\",\"position\":1,\"name\":\"Portada\",\"item\":\"https:\\\/\\\/diariotextual.com\\\/inicio\\\/\"},{\"@type\":\"ListItem\",\"position\":2,\"name\":\"C\u00f3mo es el programa de Ziliotto para crear los consorcios camineros\"}]},{\"@type\":\"WebSite\",\"@id\":\"https:\\\/\\\/diariotextual.com\\\/inicio\\\/#website\",\"url\":\"https:\\\/\\\/diariotextual.com\\\/inicio\\\/\",\"name\":\"Diario Textual\",\"description\":\"\",\"publisher\":{\"@id\":\"https:\\\/\\\/diariotextual.com\\\/inicio\\\/#organization\"},\"potentialAction\":[{\"@type\":\"SearchAction\",\"target\":{\"@type\":\"EntryPoint\",\"urlTemplate\":\"https:\\\/\\\/diariotextual.com\\\/inicio\\\/?s={search_term_string}\"},\"query-input\":{\"@type\":\"PropertyValueSpecification\",\"valueRequired\":true,\"valueName\":\"search_term_string\"}}],\"inLanguage\":\"es\"},{\"@type\":\"Organization\",\"@id\":\"https:\\\/\\\/diariotextual.com\\\/inicio\\\/#organization\",\"name\":\"Diario Textual\",\"url\":\"https:\\\/\\\/diariotextual.com\\\/inicio\\\/\",\"logo\":{\"@type\":\"ImageObject\",\"inLanguage\":\"es\",\"@id\":\"https:\\\/\\\/diariotextual.com\\\/inicio\\\/#\\\/schema\\\/logo\\\/image\\\/\",\"url\":\"https:\\\/\\\/diariotextual.com\\\/inicio\\\/wp-content\\\/uploads\\\/2023\\\/05\\\/logotextual1.jpg\",\"contentUrl\":\"https:\\\/\\\/diariotextual.com\\\/inicio\\\/wp-content\\\/uploads\\\/2023\\\/05\\\/logotextual1.jpg\",\"width\":516,\"height\":76,\"caption\":\"Diario Textual\"},\"image\":{\"@id\":\"https:\\\/\\\/diariotextual.com\\\/inicio\\\/#\\\/schema\\\/logo\\\/image\\\/\"},\"sameAs\":[\"https:\\\/\\\/www.facebook.com\\\/eltextual\",\"https:\\\/\\\/x.com\\\/eltextual\",\"http:\\\/\\\/www.instagram.com\\\/eltextual\"]},{\"@type\":\"Person\",\"@id\":\"https:\\\/\\\/diariotextual.com\\\/inicio\\\/#\\\/schema\\\/person\\\/418fc4093c33e86ed41562db3508f958\",\"name\":\"Diario1 Diario1\",\"image\":{\"@type\":\"ImageObject\",\"inLanguage\":\"es\",\"@id\":\"https:\\\/\\\/secure.gravatar.com\\\/avatar\\\/9167d280179c85bc18be67aa7eda765854300033af4896dd779b608640f2ef7a?s=96&d=mm&r=g\",\"url\":\"https:\\\/\\\/secure.gravatar.com\\\/avatar\\\/9167d280179c85bc18be67aa7eda765854300033af4896dd779b608640f2ef7a?s=96&d=mm&r=g\",\"contentUrl\":\"https:\\\/\\\/secure.gravatar.com\\\/avatar\\\/9167d280179c85bc18be67aa7eda765854300033af4896dd779b608640f2ef7a?s=96&d=mm&r=g\",\"caption\":\"Diario1 Diario1\"},\"url\":\"https:\\\/\\\/diariotextual.com\\\/inicio\\\/index.php\\\/author\\\/diario1\\\/\"}]}<\/script>\n<!-- \/ Yoast SEO plugin. -->","yoast_head_json":{"title":"C\u00f3mo es el programa de Ziliotto para crear los consorcios camineros - Diario Textual","robots":{"index":"index","follow":"follow","max-snippet":"max-snippet:-1","max-image-preview":"max-image-preview:large","max-video-preview":"max-video-preview:-1"},"canonical":"https:\/\/diariotextual.com\/inicio\/index.php\/2026\/03\/06\/como-es-el-programa-de-ziliotto-para-crear-los-consorcios-camineros\/","og_locale":"es_ES","og_type":"article","og_title":"C\u00f3mo es el programa de Ziliotto para crear los consorcios camineros - Diario Textual","og_description":"El gobernador de La Pampa, Sergio Ziliotto, encabez\u00f3 este viernes una reuni\u00f3n de trabajo con intendentes e intendentas representantes de las diez microrregiones de la provincia, en la que present\u00f3&hellip;","og_url":"https:\/\/diariotextual.com\/inicio\/index.php\/2026\/03\/06\/como-es-el-programa-de-ziliotto-para-crear-los-consorcios-camineros\/","og_site_name":"Diario Textual","article_publisher":"https:\/\/www.facebook.com\/eltextual","article_published_time":"2026-03-06T22:38:14+00:00","article_modified_time":"2026-03-07T12:23:29+00:00","og_image":[{"width":1300,"height":867,"url":"https:\/\/diariotextual.com\/inicio\/wp-content\/uploads\/2026\/03\/ziliottosergioconsorcioscamionerosintendentes2026-9.jpg","type":"image\/jpeg"}],"author":"Diario1 Diario1","twitter_card":"summary_large_image","twitter_creator":"@eltextual","twitter_site":"@eltextual","twitter_misc":{"Escrito por":"Diario1 Diario1","Tiempo de lectura":"5 minutos"},"schema":{"@context":"https:\/\/schema.org","@graph":[{"@type":"Article","@id":"https:\/\/diariotextual.com\/inicio\/index.php\/2026\/03\/06\/como-es-el-programa-de-ziliotto-para-crear-los-consorcios-camineros\/#article","isPartOf":{"@id":"https:\/\/diariotextual.com\/inicio\/index.php\/2026\/03\/06\/como-es-el-programa-de-ziliotto-para-crear-los-consorcios-camineros\/"},"author":{"name":"Diario1 Diario1","@id":"https:\/\/diariotextual.com\/inicio\/#\/schema\/person\/418fc4093c33e86ed41562db3508f958"},"headline":"C\u00f3mo es el programa de Ziliotto para crear los consorcios camineros","datePublished":"2026-03-06T22:38:14+00:00","dateModified":"2026-03-07T12:23:29+00:00","mainEntityOfPage":{"@id":"https:\/\/diariotextual.com\/inicio\/index.php\/2026\/03\/06\/como-es-el-programa-de-ziliotto-para-crear-los-consorcios-camineros\/"},"wordCount":965,"publisher":{"@id":"https:\/\/diariotextual.com\/inicio\/#organization"},"image":{"@id":"https:\/\/diariotextual.com\/inicio\/index.php\/2026\/03\/06\/como-es-el-programa-de-ziliotto-para-crear-los-consorcios-camineros\/#primaryimage"},"thumbnailUrl":"https:\/\/diariotextual.com\/inicio\/wp-content\/uploads\/2026\/03\/ziliottosergioconsorcioscamionerosintendentes2026-9.jpg","articleSection":["A - PORTADA2","POLITICA"],"inLanguage":"es"},{"@type":"WebPage","@id":"https:\/\/diariotextual.com\/inicio\/index.php\/2026\/03\/06\/como-es-el-programa-de-ziliotto-para-crear-los-consorcios-camineros\/","url":"https:\/\/diariotextual.com\/inicio\/index.php\/2026\/03\/06\/como-es-el-programa-de-ziliotto-para-crear-los-consorcios-camineros\/","name":"C\u00f3mo es el programa de Ziliotto para crear los consorcios camineros - Diario Textual","isPartOf":{"@id":"https:\/\/diariotextual.com\/inicio\/#website"},"primaryImageOfPage":{"@id":"https:\/\/diariotextual.com\/inicio\/index.php\/2026\/03\/06\/como-es-el-programa-de-ziliotto-para-crear-los-consorcios-camineros\/#primaryimage"},"image":{"@id":"https:\/\/diariotextual.com\/inicio\/index.php\/2026\/03\/06\/como-es-el-programa-de-ziliotto-para-crear-los-consorcios-camineros\/#primaryimage"},"thumbnailUrl":"https:\/\/diariotextual.com\/inicio\/wp-content\/uploads\/2026\/03\/ziliottosergioconsorcioscamionerosintendentes2026-9.jpg","datePublished":"2026-03-06T22:38:14+00:00","dateModified":"2026-03-07T12:23:29+00:00","breadcrumb":{"@id":"https:\/\/diariotextual.com\/inicio\/index.php\/2026\/03\/06\/como-es-el-programa-de-ziliotto-para-crear-los-consorcios-camineros\/#breadcrumb"},"inLanguage":"es","potentialAction":[{"@type":"ReadAction","target":["https:\/\/diariotextual.com\/inicio\/index.php\/2026\/03\/06\/como-es-el-programa-de-ziliotto-para-crear-los-consorcios-camineros\/"]}]},{"@type":"ImageObject","inLanguage":"es","@id":"https:\/\/diariotextual.com\/inicio\/index.php\/2026\/03\/06\/como-es-el-programa-de-ziliotto-para-crear-los-consorcios-camineros\/#primaryimage","url":"https:\/\/diariotextual.com\/inicio\/wp-content\/uploads\/2026\/03\/ziliottosergioconsorcioscamionerosintendentes2026-9.jpg","contentUrl":"https:\/\/diariotextual.com\/inicio\/wp-content\/uploads\/2026\/03\/ziliottosergioconsorcioscamionerosintendentes2026-9.jpg","width":1300,"height":867},{"@type":"BreadcrumbList","@id":"https:\/\/diariotextual.com\/inicio\/index.php\/2026\/03\/06\/como-es-el-programa-de-ziliotto-para-crear-los-consorcios-camineros\/#breadcrumb","itemListElement":[{"@type":"ListItem","position":1,"name":"Portada","item":"https:\/\/diariotextual.com\/inicio\/"},{"@type":"ListItem","position":2,"name":"C\u00f3mo es el programa de Ziliotto para crear los consorcios camineros"}]},{"@type":"WebSite","@id":"https:\/\/diariotextual.com\/inicio\/#website","url":"https:\/\/diariotextual.com\/inicio\/","name":"Diario Textual","description":"","publisher":{"@id":"https:\/\/diariotextual.com\/inicio\/#organization"},"potentialAction":[{"@type":"SearchAction","target":{"@type":"EntryPoint","urlTemplate":"https:\/\/diariotextual.com\/inicio\/?s={search_term_string}"},"query-input":{"@type":"PropertyValueSpecification","valueRequired":true,"valueName":"search_term_string"}}],"inLanguage":"es"},{"@type":"Organization","@id":"https:\/\/diariotextual.com\/inicio\/#organization","name":"Diario Textual","url":"https:\/\/diariotextual.com\/inicio\/","logo":{"@type":"ImageObject","inLanguage":"es","@id":"https:\/\/diariotextual.com\/inicio\/#\/schema\/logo\/image\/","url":"https:\/\/diariotextual.com\/inicio\/wp-content\/uploads\/2023\/05\/logotextual1.jpg","contentUrl":"https:\/\/diariotextual.com\/inicio\/wp-content\/uploads\/2023\/05\/logotextual1.jpg","width":516,"height":76,"caption":"Diario Textual"},"image":{"@id":"https:\/\/diariotextual.com\/inicio\/#\/schema\/logo\/image\/"},"sameAs":["https:\/\/www.facebook.com\/eltextual","https:\/\/x.com\/eltextual","http:\/\/www.instagram.com\/eltextual"]},{"@type":"Person","@id":"https:\/\/diariotextual.com\/inicio\/#\/schema\/person\/418fc4093c33e86ed41562db3508f958","name":"Diario1 Diario1","image":{"@type":"ImageObject","inLanguage":"es","@id":"https:\/\/secure.gravatar.com\/avatar\/9167d280179c85bc18be67aa7eda765854300033af4896dd779b608640f2ef7a?s=96&d=mm&r=g","url":"https:\/\/secure.gravatar.com\/avatar\/9167d280179c85bc18be67aa7eda765854300033af4896dd779b608640f2ef7a?s=96&d=mm&r=g","contentUrl":"https:\/\/secure.gravatar.com\/avatar\/9167d280179c85bc18be67aa7eda765854300033af4896dd779b608640f2ef7a?s=96&d=mm&r=g","caption":"Diario1 Diario1"},"url":"https:\/\/diariotextual.com\/inicio\/index.php\/author\/diario1\/"}]}},"_links":{"self":[{"href":"https:\/\/diariotextual.com\/inicio\/index.php\/wp-json\/wp\/v2\/posts\/321564","targetHints":{"allow":["GET"]}}],"collection":[{"href":"https:\/\/diariotextual.com\/inicio\/index.php\/wp-json\/wp\/v2\/posts"}],"about":[{"href":"https:\/\/diariotextual.com\/inicio\/index.php\/wp-json\/wp\/v2\/types\/post"}],"author":[{"embeddable":true,"href":"https:\/\/diariotextual.com\/inicio\/index.php\/wp-json\/wp\/v2\/users\/3"}],"replies":[{"embeddable":true,"href":"https:\/\/diariotextual.com\/inicio\/index.php\/wp-json\/wp\/v2\/comments?post=321564"}],"version-history":[{"count":3,"href":"https:\/\/diariotextual.com\/inicio\/index.php\/wp-json\/wp\/v2\/posts\/321564\/revisions"}],"predecessor-version":[{"id":321567,"href":"https:\/\/diariotextual.com\/inicio\/index.php\/wp-json\/wp\/v2\/posts\/321564\/revisions\/321567"}],"wp:featuredmedia":[{"embeddable":true,"href":"https:\/\/diariotextual.com\/inicio\/index.php\/wp-json\/wp\/v2\/media\/321569"}],"wp:attachment":[{"href":"https:\/\/diariotextual.com\/inicio\/index.php\/wp-json\/wp\/v2\/media?parent=321564"}],"wp:term":[{"taxonomy":"category","embeddable":true,"href":"https:\/\/diariotextual.com\/inicio\/index.php\/wp-json\/wp\/v2\/categories?post=321564"},{"taxonomy":"post_tag","embeddable":true,"href":"https:\/\/diariotextual.com\/inicio\/index.php\/wp-json\/wp\/v2\/tags?post=321564"}],"curies":[{"name":"wp","href":"https:\/\/api.w.org\/{rel}","templated":true}]}}