{"id":321576,"date":"2026-03-06T23:37:24","date_gmt":"2026-03-07T02:37:24","guid":{"rendered":"https:\/\/diariotextual.com\/inicio\/?p=321576"},"modified":"2026-03-07T19:08:56","modified_gmt":"2026-03-07T22:08:56","slug":"conmocion-en-puelen-una-joven-policia-de-21-anos-se-suicido","status":"publish","type":"post","link":"https:\/\/diariotextual.com\/inicio\/index.php\/2026\/03\/06\/conmocion-en-puelen-una-joven-policia-de-21-anos-se-suicido\/","title":{"rendered":"Conmoci\u00f3n en Puel\u00e9n: una joven polic\u00eda se suicid\u00f3, a menos de un mes de egresar"},"content":{"rendered":"\n<p>El <strong>pueblo de Puel\u00e9n<\/strong>, en el oeste de La Pampa, se encuentra <strong>conmocionado<\/strong> por la muerte de una <strong>joven polic\u00eda de solo 21 a\u00f1os<\/strong>, cuyo cuerpo fue hallado en las \u00faltimas horas y, de acuerdo con los primeros indicios, <strong>se habr\u00eda quitado la vida<\/strong>, pudo saber<strong> Diario Textual.<\/strong> La joven era agente policial y se encontraba destinada en Puel\u00e9n: hab\u00eda egresado el 13 de febrero.<\/p>\n\n\n\n<figure class=\"wp-block-embed is-type-wp-embed is-provider-diario-textual wp-block-embed-diario-textual\"><div class=\"wp-block-embed__wrapper\">\n<blockquote class=\"wp-embedded-content\" data-secret=\"bRc11iwM72\"><a href=\"https:\/\/diariotextual.com\/inicio\/index.php\/2026\/03\/07\/alerta-por-la-salud-mental-de-los-policias-de-la-pampa-en-los-ultimos-meses-5-casos-de-suicidios-o-intentos-de-suicidio\/\">Alerta por la salud mental de los polic\u00edas de La Pampa: en los \u00faltimos meses, 5 casos de suicidios o intentos de suicidio<\/a><\/blockquote><iframe class=\"wp-embedded-content\" sandbox=\"allow-scripts\" security=\"restricted\" style=\"position: absolute; visibility: hidden;\" title=\"\u00abAlerta por la salud mental de los polic\u00edas de La Pampa: en los \u00faltimos meses, 5 casos de suicidios o intentos de suicidio\u00bb \u2014 Diario Textual\" src=\"https:\/\/diariotextual.com\/inicio\/index.php\/2026\/03\/07\/alerta-por-la-salud-mental-de-los-policias-de-la-pampa-en-los-ultimos-meses-5-casos-de-suicidios-o-intentos-de-suicidio\/embed\/#?secret=ikHZIEKjNU#?secret=bRc11iwM72\" data-secret=\"bRc11iwM72\" width=\"600\" height=\"338\" frameborder=\"0\" marginwidth=\"0\" marginheight=\"0\" scrolling=\"no\"><\/iframe>\n<\/div><\/figure>\n\n\n\n<p>Hab\u00eda nacido de Victorica y resid\u00eda en Santa Rosa. Su madre -oriunda de Intendente Alvear- tambi\u00e9n es polic\u00eda, en Realic\u00f3.<\/p>\n\n\n\n<p><strong>La uniformada se peg\u00f3 un tiro en la casa que habitaba, a metros del destacamento policial. <\/strong>En el lugar del hecho trabajan <strong>autoridades policiales y judiciales<\/strong>, que realizan <strong>pericias<\/strong> para determinar con precisi\u00f3n <strong>las circunstancias en las que la joven termin\u00f3 con su vida<\/strong>.<\/p>\n\n\n\n<p>La v\u00edctima llevaba <strong>poco tiempo dentro de la fuerza policial<\/strong>, seg\u00fan pudo saber <strong>Diario Textual<\/strong> de fuentes vinculadas a la investigaci\u00f3n.<\/p>\n\n\n\n<p>Por el momento, los investigadores <strong>no difundieron detalles oficiales sobre la mec\u00e1nica del hecho<\/strong>, mientras avanzan las actuaciones correspondientes y se aguardan los resultados de las pericias.<\/p>\n\n\n\n<p>En <strong>2025<\/strong> hubo varios casos de <strong>suicidios o intentos de suicidio dentro de la Polic\u00eda de La Pampa<\/strong> que tomaron estado p\u00fablico.<\/p>\n\n\n\n<p>La <strong>salud mental en las fuerzas policiales<\/strong> es una problem\u00e1tica compleja. Factores como <strong>fatiga, largas jornadas laborales, presi\u00f3n institucional<\/strong> y situaciones personales elevan el riesgo de <strong>suicidios y afecciones psicol\u00f3gicas<\/strong> entre los efectivos.<\/p>\n\n\n\n<p>El <strong>27 de julio de 2025<\/strong>, un polic\u00eda de la <strong>Comisar\u00eda Tercera de General Pico<\/strong> sufri\u00f3 una <strong>herida de arma de fuego<\/strong> durante la noche del domingo y tuvo que ser internado en la <strong>Unidad de Terapia Intensiva (UTI) del Hospital Gobernador Centeno<\/strong>. Posteriormente se determin\u00f3 que se trat\u00f3 de <strong>un autodisparo<\/strong>.<\/p>\n\n\n\n<p>El <strong>18 de agosto de 2025<\/strong>, una <strong>mujer polic\u00eda embarazada de tres meses<\/strong> result\u00f3 herida con <strong>un arma de fuego<\/strong> en la localidad de <strong>25 de Mayo<\/strong>. De acuerdo con los investigadores, el episodio fue <strong>un intento de suicidio<\/strong>.<\/p>\n\n\n\n<p>El <strong>7 de octubre de 2025<\/strong>, en tanto, <strong>un polic\u00eda fue hallado muerto<\/strong> en su departamento de la <strong>calle Plumerillo<\/strong>, en <strong>Santa Rosa<\/strong>. Seg\u00fan trascendi\u00f3 en la investigaci\u00f3n, previamente habr\u00eda existido <strong>un episodio de violencia de g\u00e9nero<\/strong>.<\/p>\n\n\n\n<p>El <strong>24 de agosto de 2025<\/strong>, a su vez, <strong>un polic\u00eda se quit\u00f3 la vida en un campo cercano a la capital provincial<\/strong>.<\/p>\n\n\n\n<p><\/p>\n","protected":false},"excerpt":{"rendered":"<p>El pueblo de Puel\u00e9n, en el oeste de La Pampa, se encuentra conmocionado por la muerte de una joven polic\u00eda de solo 21 a\u00f1os, cuyo cuerpo fue hallado en las&hellip;<\/p>\n","protected":false},"author":3,"featured_media":207038,"comment_status":"closed","ping_status":"open","sticky":false,"template":"","format":"standard","meta":{"_acf_changed":false,"footnotes":""},"categories":[1,12],"tags":[],"class_list":["post-321576","post","type-post","status-publish","format-standard","has-post-thumbnail","hentry","category-es-noticia","category-sociedad"],"acf":[],"yoast_head":"<!-- This site is optimized with the Yoast SEO plugin v27.5 - https:\/\/yoast.com\/product\/yoast-seo-wordpress\/ -->\n<title>Conmoci\u00f3n en Puel\u00e9n: una joven polic\u00eda se suicid\u00f3, a menos de un mes de egresar - Diario Textual<\/title>\n<meta name=\"robots\" content=\"index, follow, max-snippet:-1, max-image-preview:large, max-video-preview:-1\" \/>\n<link rel=\"canonical\" href=\"https:\/\/diariotextual.com\/inicio\/index.php\/2026\/03\/06\/conmocion-en-puelen-una-joven-policia-de-21-anos-se-suicido\/\" \/>\n<meta property=\"og:locale\" content=\"es_ES\" \/>\n<meta property=\"og:type\" content=\"article\" \/>\n<meta property=\"og:title\" content=\"Conmoci\u00f3n en Puel\u00e9n: una joven polic\u00eda se suicid\u00f3, a menos de un mes de egresar - Diario Textual\" \/>\n<meta property=\"og:description\" content=\"El pueblo de Puel\u00e9n, en el oeste de La Pampa, se encuentra conmocionado por la muerte de una joven polic\u00eda de solo 21 a\u00f1os, cuyo cuerpo fue hallado en las&hellip;\" \/>\n<meta property=\"og:url\" content=\"https:\/\/diariotextual.com\/inicio\/index.php\/2026\/03\/06\/conmocion-en-puelen-una-joven-policia-de-21-anos-se-suicido\/\" \/>\n<meta property=\"og:site_name\" content=\"Diario Textual\" \/>\n<meta property=\"article:publisher\" content=\"https:\/\/www.facebook.com\/eltextual\" \/>\n<meta property=\"article:published_time\" content=\"2026-03-07T02:37:24+00:00\" \/>\n<meta property=\"article:modified_time\" content=\"2026-03-07T22:08:56+00:00\" \/>\n<meta property=\"og:image\" content=\"https:\/\/diariotextual.com\/inicio\/wp-content\/uploads\/2022\/11\/puelen2022-1.jpg\" \/>\n\t<meta property=\"og:image:width\" content=\"2560\" \/>\n\t<meta property=\"og:image:height\" content=\"1833\" \/>\n\t<meta property=\"og:image:type\" content=\"image\/jpeg\" \/>\n<meta name=\"author\" content=\"Diario1 Diario1\" \/>\n<meta name=\"twitter:card\" content=\"summary_large_image\" \/>\n<meta name=\"twitter:creator\" content=\"@eltextual\" \/>\n<meta name=\"twitter:site\" content=\"@eltextual\" \/>\n<meta name=\"twitter:label1\" content=\"Escrito por\" \/>\n\t<meta name=\"twitter:data1\" content=\"Diario1 Diario1\" \/>\n\t<meta name=\"twitter:label2\" content=\"Tiempo de lectura\" \/>\n\t<meta name=\"twitter:data2\" content=\"2 minutos\" \/>\n<script type=\"application\/ld+json\" class=\"yoast-schema-graph\">{\"@context\":\"https:\\\/\\\/schema.org\",\"@graph\":[{\"@type\":\"Article\",\"@id\":\"https:\\\/\\\/diariotextual.com\\\/inicio\\\/index.php\\\/2026\\\/03\\\/06\\\/conmocion-en-puelen-una-joven-policia-de-21-anos-se-suicido\\\/#article\",\"isPartOf\":{\"@id\":\"https:\\\/\\\/diariotextual.com\\\/inicio\\\/index.php\\\/2026\\\/03\\\/06\\\/conmocion-en-puelen-una-joven-policia-de-21-anos-se-suicido\\\/\"},\"author\":{\"name\":\"Diario1 Diario1\",\"@id\":\"https:\\\/\\\/diariotextual.com\\\/inicio\\\/#\\\/schema\\\/person\\\/418fc4093c33e86ed41562db3508f958\"},\"headline\":\"Conmoci\u00f3n en Puel\u00e9n: una joven polic\u00eda se suicid\u00f3, a menos de un mes de egresar\",\"datePublished\":\"2026-03-07T02:37:24+00:00\",\"dateModified\":\"2026-03-07T22:08:56+00:00\",\"mainEntityOfPage\":{\"@id\":\"https:\\\/\\\/diariotextual.com\\\/inicio\\\/index.php\\\/2026\\\/03\\\/06\\\/conmocion-en-puelen-una-joven-policia-de-21-anos-se-suicido\\\/\"},\"wordCount\":426,\"publisher\":{\"@id\":\"https:\\\/\\\/diariotextual.com\\\/inicio\\\/#organization\"},\"image\":{\"@id\":\"https:\\\/\\\/diariotextual.com\\\/inicio\\\/index.php\\\/2026\\\/03\\\/06\\\/conmocion-en-puelen-una-joven-policia-de-21-anos-se-suicido\\\/#primaryimage\"},\"thumbnailUrl\":\"https:\\\/\\\/diariotextual.com\\\/inicio\\\/wp-content\\\/uploads\\\/2022\\\/11\\\/puelen2022-1.jpg\",\"articleSection\":[\"A - ES NOTICIA (van abajo)\",\"SOCIEDAD\"],\"inLanguage\":\"es\"},{\"@type\":\"WebPage\",\"@id\":\"https:\\\/\\\/diariotextual.com\\\/inicio\\\/index.php\\\/2026\\\/03\\\/06\\\/conmocion-en-puelen-una-joven-policia-de-21-anos-se-suicido\\\/\",\"url\":\"https:\\\/\\\/diariotextual.com\\\/inicio\\\/index.php\\\/2026\\\/03\\\/06\\\/conmocion-en-puelen-una-joven-policia-de-21-anos-se-suicido\\\/\",\"name\":\"Conmoci\u00f3n en Puel\u00e9n: una joven polic\u00eda se suicid\u00f3, a menos de un mes de egresar - Diario Textual\",\"isPartOf\":{\"@id\":\"https:\\\/\\\/diariotextual.com\\\/inicio\\\/#website\"},\"primaryImageOfPage\":{\"@id\":\"https:\\\/\\\/diariotextual.com\\\/inicio\\\/index.php\\\/2026\\\/03\\\/06\\\/conmocion-en-puelen-una-joven-policia-de-21-anos-se-suicido\\\/#primaryimage\"},\"image\":{\"@id\":\"https:\\\/\\\/diariotextual.com\\\/inicio\\\/index.php\\\/2026\\\/03\\\/06\\\/conmocion-en-puelen-una-joven-policia-de-21-anos-se-suicido\\\/#primaryimage\"},\"thumbnailUrl\":\"https:\\\/\\\/diariotextual.com\\\/inicio\\\/wp-content\\\/uploads\\\/2022\\\/11\\\/puelen2022-1.jpg\",\"datePublished\":\"2026-03-07T02:37:24+00:00\",\"dateModified\":\"2026-03-07T22:08:56+00:00\",\"breadcrumb\":{\"@id\":\"https:\\\/\\\/diariotextual.com\\\/inicio\\\/index.php\\\/2026\\\/03\\\/06\\\/conmocion-en-puelen-una-joven-policia-de-21-anos-se-suicido\\\/#breadcrumb\"},\"inLanguage\":\"es\",\"potentialAction\":[{\"@type\":\"ReadAction\",\"target\":[\"https:\\\/\\\/diariotextual.com\\\/inicio\\\/index.php\\\/2026\\\/03\\\/06\\\/conmocion-en-puelen-una-joven-policia-de-21-anos-se-suicido\\\/\"]}]},{\"@type\":\"ImageObject\",\"inLanguage\":\"es\",\"@id\":\"https:\\\/\\\/diariotextual.com\\\/inicio\\\/index.php\\\/2026\\\/03\\\/06\\\/conmocion-en-puelen-una-joven-policia-de-21-anos-se-suicido\\\/#primaryimage\",\"url\":\"https:\\\/\\\/diariotextual.com\\\/inicio\\\/wp-content\\\/uploads\\\/2022\\\/11\\\/puelen2022-1.jpg\",\"contentUrl\":\"https:\\\/\\\/diariotextual.com\\\/inicio\\\/wp-content\\\/uploads\\\/2022\\\/11\\\/puelen2022-1.jpg\",\"width\":2560,\"height\":1833},{\"@type\":\"BreadcrumbList\",\"@id\":\"https:\\\/\\\/diariotextual.com\\\/inicio\\\/index.php\\\/2026\\\/03\\\/06\\\/conmocion-en-puelen-una-joven-policia-de-21-anos-se-suicido\\\/#breadcrumb\",\"itemListElement\":[{\"@type\":\"ListItem\",\"position\":1,\"name\":\"Portada\",\"item\":\"https:\\\/\\\/diariotextual.com\\\/inicio\\\/\"},{\"@type\":\"ListItem\",\"position\":2,\"name\":\"Conmoci\u00f3n en Puel\u00e9n: una joven polic\u00eda se suicid\u00f3, a menos de un mes de egresar\"}]},{\"@type\":\"WebSite\",\"@id\":\"https:\\\/\\\/diariotextual.com\\\/inicio\\\/#website\",\"url\":\"https:\\\/\\\/diariotextual.com\\\/inicio\\\/\",\"name\":\"Diario Textual\",\"description\":\"\",\"publisher\":{\"@id\":\"https:\\\/\\\/diariotextual.com\\\/inicio\\\/#organization\"},\"potentialAction\":[{\"@type\":\"SearchAction\",\"target\":{\"@type\":\"EntryPoint\",\"urlTemplate\":\"https:\\\/\\\/diariotextual.com\\\/inicio\\\/?s={search_term_string}\"},\"query-input\":{\"@type\":\"PropertyValueSpecification\",\"valueRequired\":true,\"valueName\":\"search_term_string\"}}],\"inLanguage\":\"es\"},{\"@type\":\"Organization\",\"@id\":\"https:\\\/\\\/diariotextual.com\\\/inicio\\\/#organization\",\"name\":\"Diario Textual\",\"url\":\"https:\\\/\\\/diariotextual.com\\\/inicio\\\/\",\"logo\":{\"@type\":\"ImageObject\",\"inLanguage\":\"es\",\"@id\":\"https:\\\/\\\/diariotextual.com\\\/inicio\\\/#\\\/schema\\\/logo\\\/image\\\/\",\"url\":\"https:\\\/\\\/diariotextual.com\\\/inicio\\\/wp-content\\\/uploads\\\/2023\\\/05\\\/logotextual1.jpg\",\"contentUrl\":\"https:\\\/\\\/diariotextual.com\\\/inicio\\\/wp-content\\\/uploads\\\/2023\\\/05\\\/logotextual1.jpg\",\"width\":516,\"height\":76,\"caption\":\"Diario Textual\"},\"image\":{\"@id\":\"https:\\\/\\\/diariotextual.com\\\/inicio\\\/#\\\/schema\\\/logo\\\/image\\\/\"},\"sameAs\":[\"https:\\\/\\\/www.facebook.com\\\/eltextual\",\"https:\\\/\\\/x.com\\\/eltextual\",\"http:\\\/\\\/www.instagram.com\\\/eltextual\"]},{\"@type\":\"Person\",\"@id\":\"https:\\\/\\\/diariotextual.com\\\/inicio\\\/#\\\/schema\\\/person\\\/418fc4093c33e86ed41562db3508f958\",\"name\":\"Diario1 Diario1\",\"image\":{\"@type\":\"ImageObject\",\"inLanguage\":\"es\",\"@id\":\"https:\\\/\\\/secure.gravatar.com\\\/avatar\\\/9167d280179c85bc18be67aa7eda765854300033af4896dd779b608640f2ef7a?s=96&d=mm&r=g\",\"url\":\"https:\\\/\\\/secure.gravatar.com\\\/avatar\\\/9167d280179c85bc18be67aa7eda765854300033af4896dd779b608640f2ef7a?s=96&d=mm&r=g\",\"contentUrl\":\"https:\\\/\\\/secure.gravatar.com\\\/avatar\\\/9167d280179c85bc18be67aa7eda765854300033af4896dd779b608640f2ef7a?s=96&d=mm&r=g\",\"caption\":\"Diario1 Diario1\"},\"url\":\"https:\\\/\\\/diariotextual.com\\\/inicio\\\/index.php\\\/author\\\/diario1\\\/\"}]}<\/script>\n<!-- \/ Yoast SEO plugin. -->","yoast_head_json":{"title":"Conmoci\u00f3n en Puel\u00e9n: una joven polic\u00eda se suicid\u00f3, a menos de un mes de egresar - Diario Textual","robots":{"index":"index","follow":"follow","max-snippet":"max-snippet:-1","max-image-preview":"max-image-preview:large","max-video-preview":"max-video-preview:-1"},"canonical":"https:\/\/diariotextual.com\/inicio\/index.php\/2026\/03\/06\/conmocion-en-puelen-una-joven-policia-de-21-anos-se-suicido\/","og_locale":"es_ES","og_type":"article","og_title":"Conmoci\u00f3n en Puel\u00e9n: una joven polic\u00eda se suicid\u00f3, a menos de un mes de egresar - Diario Textual","og_description":"El pueblo de Puel\u00e9n, en el oeste de La Pampa, se encuentra conmocionado por la muerte de una joven polic\u00eda de solo 21 a\u00f1os, cuyo cuerpo fue hallado en las&hellip;","og_url":"https:\/\/diariotextual.com\/inicio\/index.php\/2026\/03\/06\/conmocion-en-puelen-una-joven-policia-de-21-anos-se-suicido\/","og_site_name":"Diario Textual","article_publisher":"https:\/\/www.facebook.com\/eltextual","article_published_time":"2026-03-07T02:37:24+00:00","article_modified_time":"2026-03-07T22:08:56+00:00","og_image":[{"width":2560,"height":1833,"url":"https:\/\/diariotextual.com\/inicio\/wp-content\/uploads\/2022\/11\/puelen2022-1.jpg","type":"image\/jpeg"}],"author":"Diario1 Diario1","twitter_card":"summary_large_image","twitter_creator":"@eltextual","twitter_site":"@eltextual","twitter_misc":{"Escrito por":"Diario1 Diario1","Tiempo de lectura":"2 minutos"},"schema":{"@context":"https:\/\/schema.org","@graph":[{"@type":"Article","@id":"https:\/\/diariotextual.com\/inicio\/index.php\/2026\/03\/06\/conmocion-en-puelen-una-joven-policia-de-21-anos-se-suicido\/#article","isPartOf":{"@id":"https:\/\/diariotextual.com\/inicio\/index.php\/2026\/03\/06\/conmocion-en-puelen-una-joven-policia-de-21-anos-se-suicido\/"},"author":{"name":"Diario1 Diario1","@id":"https:\/\/diariotextual.com\/inicio\/#\/schema\/person\/418fc4093c33e86ed41562db3508f958"},"headline":"Conmoci\u00f3n en Puel\u00e9n: una joven polic\u00eda se suicid\u00f3, a menos de un mes de egresar","datePublished":"2026-03-07T02:37:24+00:00","dateModified":"2026-03-07T22:08:56+00:00","mainEntityOfPage":{"@id":"https:\/\/diariotextual.com\/inicio\/index.php\/2026\/03\/06\/conmocion-en-puelen-una-joven-policia-de-21-anos-se-suicido\/"},"wordCount":426,"publisher":{"@id":"https:\/\/diariotextual.com\/inicio\/#organization"},"image":{"@id":"https:\/\/diariotextual.com\/inicio\/index.php\/2026\/03\/06\/conmocion-en-puelen-una-joven-policia-de-21-anos-se-suicido\/#primaryimage"},"thumbnailUrl":"https:\/\/diariotextual.com\/inicio\/wp-content\/uploads\/2022\/11\/puelen2022-1.jpg","articleSection":["A - ES NOTICIA (van abajo)","SOCIEDAD"],"inLanguage":"es"},{"@type":"WebPage","@id":"https:\/\/diariotextual.com\/inicio\/index.php\/2026\/03\/06\/conmocion-en-puelen-una-joven-policia-de-21-anos-se-suicido\/","url":"https:\/\/diariotextual.com\/inicio\/index.php\/2026\/03\/06\/conmocion-en-puelen-una-joven-policia-de-21-anos-se-suicido\/","name":"Conmoci\u00f3n en Puel\u00e9n: una joven polic\u00eda se suicid\u00f3, a menos de un mes de egresar - Diario Textual","isPartOf":{"@id":"https:\/\/diariotextual.com\/inicio\/#website"},"primaryImageOfPage":{"@id":"https:\/\/diariotextual.com\/inicio\/index.php\/2026\/03\/06\/conmocion-en-puelen-una-joven-policia-de-21-anos-se-suicido\/#primaryimage"},"image":{"@id":"https:\/\/diariotextual.com\/inicio\/index.php\/2026\/03\/06\/conmocion-en-puelen-una-joven-policia-de-21-anos-se-suicido\/#primaryimage"},"thumbnailUrl":"https:\/\/diariotextual.com\/inicio\/wp-content\/uploads\/2022\/11\/puelen2022-1.jpg","datePublished":"2026-03-07T02:37:24+00:00","dateModified":"2026-03-07T22:08:56+00:00","breadcrumb":{"@id":"https:\/\/diariotextual.com\/inicio\/index.php\/2026\/03\/06\/conmocion-en-puelen-una-joven-policia-de-21-anos-se-suicido\/#breadcrumb"},"inLanguage":"es","potentialAction":[{"@type":"ReadAction","target":["https:\/\/diariotextual.com\/inicio\/index.php\/2026\/03\/06\/conmocion-en-puelen-una-joven-policia-de-21-anos-se-suicido\/"]}]},{"@type":"ImageObject","inLanguage":"es","@id":"https:\/\/diariotextual.com\/inicio\/index.php\/2026\/03\/06\/conmocion-en-puelen-una-joven-policia-de-21-anos-se-suicido\/#primaryimage","url":"https:\/\/diariotextual.com\/inicio\/wp-content\/uploads\/2022\/11\/puelen2022-1.jpg","contentUrl":"https:\/\/diariotextual.com\/inicio\/wp-content\/uploads\/2022\/11\/puelen2022-1.jpg","width":2560,"height":1833},{"@type":"BreadcrumbList","@id":"https:\/\/diariotextual.com\/inicio\/index.php\/2026\/03\/06\/conmocion-en-puelen-una-joven-policia-de-21-anos-se-suicido\/#breadcrumb","itemListElement":[{"@type":"ListItem","position":1,"name":"Portada","item":"https:\/\/diariotextual.com\/inicio\/"},{"@type":"ListItem","position":2,"name":"Conmoci\u00f3n en Puel\u00e9n: una joven polic\u00eda se suicid\u00f3, a menos de un mes de egresar"}]},{"@type":"WebSite","@id":"https:\/\/diariotextual.com\/inicio\/#website","url":"https:\/\/diariotextual.com\/inicio\/","name":"Diario Textual","description":"","publisher":{"@id":"https:\/\/diariotextual.com\/inicio\/#organization"},"potentialAction":[{"@type":"SearchAction","target":{"@type":"EntryPoint","urlTemplate":"https:\/\/diariotextual.com\/inicio\/?s={search_term_string}"},"query-input":{"@type":"PropertyValueSpecification","valueRequired":true,"valueName":"search_term_string"}}],"inLanguage":"es"},{"@type":"Organization","@id":"https:\/\/diariotextual.com\/inicio\/#organization","name":"Diario Textual","url":"https:\/\/diariotextual.com\/inicio\/","logo":{"@type":"ImageObject","inLanguage":"es","@id":"https:\/\/diariotextual.com\/inicio\/#\/schema\/logo\/image\/","url":"https:\/\/diariotextual.com\/inicio\/wp-content\/uploads\/2023\/05\/logotextual1.jpg","contentUrl":"https:\/\/diariotextual.com\/inicio\/wp-content\/uploads\/2023\/05\/logotextual1.jpg","width":516,"height":76,"caption":"Diario Textual"},"image":{"@id":"https:\/\/diariotextual.com\/inicio\/#\/schema\/logo\/image\/"},"sameAs":["https:\/\/www.facebook.com\/eltextual","https:\/\/x.com\/eltextual","http:\/\/www.instagram.com\/eltextual"]},{"@type":"Person","@id":"https:\/\/diariotextual.com\/inicio\/#\/schema\/person\/418fc4093c33e86ed41562db3508f958","name":"Diario1 Diario1","image":{"@type":"ImageObject","inLanguage":"es","@id":"https:\/\/secure.gravatar.com\/avatar\/9167d280179c85bc18be67aa7eda765854300033af4896dd779b608640f2ef7a?s=96&d=mm&r=g","url":"https:\/\/secure.gravatar.com\/avatar\/9167d280179c85bc18be67aa7eda765854300033af4896dd779b608640f2ef7a?s=96&d=mm&r=g","contentUrl":"https:\/\/secure.gravatar.com\/avatar\/9167d280179c85bc18be67aa7eda765854300033af4896dd779b608640f2ef7a?s=96&d=mm&r=g","caption":"Diario1 Diario1"},"url":"https:\/\/diariotextual.com\/inicio\/index.php\/author\/diario1\/"}]}},"_links":{"self":[{"href":"https:\/\/diariotextual.com\/inicio\/index.php\/wp-json\/wp\/v2\/posts\/321576","targetHints":{"allow":["GET"]}}],"collection":[{"href":"https:\/\/diariotextual.com\/inicio\/index.php\/wp-json\/wp\/v2\/posts"}],"about":[{"href":"https:\/\/diariotextual.com\/inicio\/index.php\/wp-json\/wp\/v2\/types\/post"}],"author":[{"embeddable":true,"href":"https:\/\/diariotextual.com\/inicio\/index.php\/wp-json\/wp\/v2\/users\/3"}],"replies":[{"embeddable":true,"href":"https:\/\/diariotextual.com\/inicio\/index.php\/wp-json\/wp\/v2\/comments?post=321576"}],"version-history":[{"count":12,"href":"https:\/\/diariotextual.com\/inicio\/index.php\/wp-json\/wp\/v2\/posts\/321576\/revisions"}],"predecessor-version":[{"id":321615,"href":"https:\/\/diariotextual.com\/inicio\/index.php\/wp-json\/wp\/v2\/posts\/321576\/revisions\/321615"}],"wp:featuredmedia":[{"embeddable":true,"href":"https:\/\/diariotextual.com\/inicio\/index.php\/wp-json\/wp\/v2\/media\/207038"}],"wp:attachment":[{"href":"https:\/\/diariotextual.com\/inicio\/index.php\/wp-json\/wp\/v2\/media?parent=321576"}],"wp:term":[{"taxonomy":"category","embeddable":true,"href":"https:\/\/diariotextual.com\/inicio\/index.php\/wp-json\/wp\/v2\/categories?post=321576"},{"taxonomy":"post_tag","embeddable":true,"href":"https:\/\/diariotextual.com\/inicio\/index.php\/wp-json\/wp\/v2\/tags?post=321576"}],"curies":[{"name":"wp","href":"https:\/\/api.w.org\/{rel}","templated":true}]}}