{"id":321587,"date":"2026-03-09T06:19:00","date_gmt":"2026-03-09T09:19:00","guid":{"rendered":"https:\/\/diariotextual.com\/inicio\/?p=321587"},"modified":"2026-03-09T08:37:42","modified_gmt":"2026-03-09T11:37:42","slug":"dia-de-la-mujer-el-gremio-docente-utelpa-se-suma-al-paro-de-este-lunes-9","status":"publish","type":"post","link":"https:\/\/diariotextual.com\/inicio\/index.php\/2026\/03\/09\/dia-de-la-mujer-el-gremio-docente-utelpa-se-suma-al-paro-de-este-lunes-9\/","title":{"rendered":"D\u00eda de la Mujer: hay paro del gremio docente"},"content":{"rendered":"\n<p>La <strong>Uni\u00f3n de Trabajadoras y Trabajadores de la Educaci\u00f3n de La Pampa (Utelpa)<\/strong> se sum\u00f3 al <strong>paro de este lunes 9 de marzo.<\/strong> La medida de fuerza se lleva a cabo <strong>un d\u00eda despu\u00e9s del D\u00eda Internacional de la Mujer<\/strong> y forma parte del <strong>Paro Internacional de Mujeres Trabajadoras<\/strong> convocado a nivel nacional. Adem\u00e1s, el sindicato convoc\u00f3 a <strong>manifestarse a las 17 horas en la plaza San Mart\u00edn de Santa Rosa<\/strong>, junto a <strong>otras organizaciones sindicales y sociales<\/strong>.<\/p>\n\n\n\n<p>\u201c<strong>Nos plantamos para enfrentar la violencia laboral y todas las desigualdades que nos atraviesan. Exigimos condiciones dignas y \u00e1mbitos libres de discriminaci\u00f3n<\/strong>\u201d, comunicaron desde el sindicato.<\/p>\n\n\n\n<p>La medida fue resuelta en el <strong>Congreso Extraordinario de la Confederaci\u00f3n de Trabajadores de la Educaci\u00f3n de la Rep\u00fablica Argentina (Ctera)<\/strong>, realizado el <strong>19 de febrero pasado<\/strong>. En ese encuentro, la central sindical defini\u00f3 <strong>convocar a una jornada de paro y movilizaci\u00f3n para el lunes 9 de marzo<\/strong>, en el marco de las acciones vinculadas al <strong>8M<\/strong>.<\/p>\n\n\n\n<p>La semana pasada, <strong>Utelpa notific\u00f3 formalmente al Ministerio de Educaci\u00f3n de La Pampa<\/strong> que <strong>adherir\u00e1 a la convocatoria nacional<\/strong>, por lo que ese d\u00eda <strong>habr\u00e1 docentes que no dictar\u00e1n clases en distintos establecimientos educativos de la provincia<\/strong>.<\/p>\n\n\n\n<p>El <strong>paro<\/strong> se produce <strong>apenas una semana despu\u00e9s de la \u00faltima medida de fuerza<\/strong> realizada por el gremio docente pampeano. El <strong>lunes 2 de marzo<\/strong>, en el <strong>inicio del ciclo lectivo 2026<\/strong>, <strong>Utelpa<\/strong> ya hab\u00eda llevado adelante <strong>un paro provincial<\/strong> y <strong>nacional.<\/strong><\/p>\n\n\n\n<p><\/p>\n","protected":false},"excerpt":{"rendered":"<p>La Uni\u00f3n de Trabajadoras y Trabajadores de la Educaci\u00f3n de La Pampa (Utelpa) se sum\u00f3 al paro de este lunes 9 de marzo. La medida de fuerza se lleva a&hellip;<\/p>\n","protected":false},"author":3,"featured_media":314835,"comment_status":"closed","ping_status":"open","sticky":false,"template":"","format":"standard","meta":{"_acf_changed":false,"footnotes":""},"categories":[1,12],"tags":[],"class_list":["post-321587","post","type-post","status-publish","format-standard","has-post-thumbnail","hentry","category-es-noticia","category-sociedad"],"acf":[],"yoast_head":"<!-- This site is optimized with the Yoast SEO plugin v27.5 - https:\/\/yoast.com\/product\/yoast-seo-wordpress\/ -->\n<title>D\u00eda de la Mujer: hay paro del gremio docente - Diario Textual<\/title>\n<meta name=\"robots\" content=\"index, follow, max-snippet:-1, max-image-preview:large, max-video-preview:-1\" \/>\n<link rel=\"canonical\" href=\"https:\/\/diariotextual.com\/inicio\/index.php\/2026\/03\/09\/dia-de-la-mujer-el-gremio-docente-utelpa-se-suma-al-paro-de-este-lunes-9\/\" \/>\n<meta property=\"og:locale\" content=\"es_ES\" \/>\n<meta property=\"og:type\" content=\"article\" \/>\n<meta property=\"og:title\" content=\"D\u00eda de la Mujer: hay paro del gremio docente - Diario Textual\" \/>\n<meta property=\"og:description\" content=\"La Uni\u00f3n de Trabajadoras y Trabajadores de la Educaci\u00f3n de La Pampa (Utelpa) se sum\u00f3 al paro de este lunes 9 de marzo. La medida de fuerza se lleva a&hellip;\" \/>\n<meta property=\"og:url\" content=\"https:\/\/diariotextual.com\/inicio\/index.php\/2026\/03\/09\/dia-de-la-mujer-el-gremio-docente-utelpa-se-suma-al-paro-de-este-lunes-9\/\" \/>\n<meta property=\"og:site_name\" content=\"Diario Textual\" \/>\n<meta property=\"article:publisher\" content=\"https:\/\/www.facebook.com\/eltextual\" \/>\n<meta property=\"article:published_time\" content=\"2026-03-09T09:19:00+00:00\" \/>\n<meta property=\"article:modified_time\" content=\"2026-03-09T11:37:42+00:00\" \/>\n<meta property=\"og:image\" content=\"https:\/\/diariotextual.com\/inicio\/wp-content\/uploads\/2025\/12\/utelpamanifestacionparoutelpa4diciembre2025-7.jpg\" \/>\n\t<meta property=\"og:image:width\" content=\"1300\" \/>\n\t<meta property=\"og:image:height\" content=\"868\" \/>\n\t<meta property=\"og:image:type\" content=\"image\/jpeg\" \/>\n<meta name=\"author\" content=\"Diario1 Diario1\" \/>\n<meta name=\"twitter:card\" content=\"summary_large_image\" \/>\n<meta name=\"twitter:creator\" content=\"@eltextual\" \/>\n<meta name=\"twitter:site\" content=\"@eltextual\" \/>\n<meta name=\"twitter:label1\" content=\"Escrito por\" \/>\n\t<meta name=\"twitter:data1\" content=\"Diario1 Diario1\" \/>\n\t<meta name=\"twitter:label2\" content=\"Tiempo de lectura\" \/>\n\t<meta name=\"twitter:data2\" content=\"2 minutos\" \/>\n<script type=\"application\/ld+json\" class=\"yoast-schema-graph\">{\"@context\":\"https:\\\/\\\/schema.org\",\"@graph\":[{\"@type\":\"Article\",\"@id\":\"https:\\\/\\\/diariotextual.com\\\/inicio\\\/index.php\\\/2026\\\/03\\\/09\\\/dia-de-la-mujer-el-gremio-docente-utelpa-se-suma-al-paro-de-este-lunes-9\\\/#article\",\"isPartOf\":{\"@id\":\"https:\\\/\\\/diariotextual.com\\\/inicio\\\/index.php\\\/2026\\\/03\\\/09\\\/dia-de-la-mujer-el-gremio-docente-utelpa-se-suma-al-paro-de-este-lunes-9\\\/\"},\"author\":{\"name\":\"Diario1 Diario1\",\"@id\":\"https:\\\/\\\/diariotextual.com\\\/inicio\\\/#\\\/schema\\\/person\\\/418fc4093c33e86ed41562db3508f958\"},\"headline\":\"D\u00eda de la Mujer: hay paro del gremio docente\",\"datePublished\":\"2026-03-09T09:19:00+00:00\",\"dateModified\":\"2026-03-09T11:37:42+00:00\",\"mainEntityOfPage\":{\"@id\":\"https:\\\/\\\/diariotextual.com\\\/inicio\\\/index.php\\\/2026\\\/03\\\/09\\\/dia-de-la-mujer-el-gremio-docente-utelpa-se-suma-al-paro-de-este-lunes-9\\\/\"},\"wordCount\":261,\"publisher\":{\"@id\":\"https:\\\/\\\/diariotextual.com\\\/inicio\\\/#organization\"},\"image\":{\"@id\":\"https:\\\/\\\/diariotextual.com\\\/inicio\\\/index.php\\\/2026\\\/03\\\/09\\\/dia-de-la-mujer-el-gremio-docente-utelpa-se-suma-al-paro-de-este-lunes-9\\\/#primaryimage\"},\"thumbnailUrl\":\"https:\\\/\\\/diariotextual.com\\\/inicio\\\/wp-content\\\/uploads\\\/2025\\\/12\\\/utelpamanifestacionparoutelpa4diciembre2025-7.jpg\",\"articleSection\":[\"A - ES NOTICIA (van abajo)\",\"SOCIEDAD\"],\"inLanguage\":\"es\"},{\"@type\":\"WebPage\",\"@id\":\"https:\\\/\\\/diariotextual.com\\\/inicio\\\/index.php\\\/2026\\\/03\\\/09\\\/dia-de-la-mujer-el-gremio-docente-utelpa-se-suma-al-paro-de-este-lunes-9\\\/\",\"url\":\"https:\\\/\\\/diariotextual.com\\\/inicio\\\/index.php\\\/2026\\\/03\\\/09\\\/dia-de-la-mujer-el-gremio-docente-utelpa-se-suma-al-paro-de-este-lunes-9\\\/\",\"name\":\"D\u00eda de la Mujer: hay paro del gremio docente - Diario Textual\",\"isPartOf\":{\"@id\":\"https:\\\/\\\/diariotextual.com\\\/inicio\\\/#website\"},\"primaryImageOfPage\":{\"@id\":\"https:\\\/\\\/diariotextual.com\\\/inicio\\\/index.php\\\/2026\\\/03\\\/09\\\/dia-de-la-mujer-el-gremio-docente-utelpa-se-suma-al-paro-de-este-lunes-9\\\/#primaryimage\"},\"image\":{\"@id\":\"https:\\\/\\\/diariotextual.com\\\/inicio\\\/index.php\\\/2026\\\/03\\\/09\\\/dia-de-la-mujer-el-gremio-docente-utelpa-se-suma-al-paro-de-este-lunes-9\\\/#primaryimage\"},\"thumbnailUrl\":\"https:\\\/\\\/diariotextual.com\\\/inicio\\\/wp-content\\\/uploads\\\/2025\\\/12\\\/utelpamanifestacionparoutelpa4diciembre2025-7.jpg\",\"datePublished\":\"2026-03-09T09:19:00+00:00\",\"dateModified\":\"2026-03-09T11:37:42+00:00\",\"breadcrumb\":{\"@id\":\"https:\\\/\\\/diariotextual.com\\\/inicio\\\/index.php\\\/2026\\\/03\\\/09\\\/dia-de-la-mujer-el-gremio-docente-utelpa-se-suma-al-paro-de-este-lunes-9\\\/#breadcrumb\"},\"inLanguage\":\"es\",\"potentialAction\":[{\"@type\":\"ReadAction\",\"target\":[\"https:\\\/\\\/diariotextual.com\\\/inicio\\\/index.php\\\/2026\\\/03\\\/09\\\/dia-de-la-mujer-el-gremio-docente-utelpa-se-suma-al-paro-de-este-lunes-9\\\/\"]}]},{\"@type\":\"ImageObject\",\"inLanguage\":\"es\",\"@id\":\"https:\\\/\\\/diariotextual.com\\\/inicio\\\/index.php\\\/2026\\\/03\\\/09\\\/dia-de-la-mujer-el-gremio-docente-utelpa-se-suma-al-paro-de-este-lunes-9\\\/#primaryimage\",\"url\":\"https:\\\/\\\/diariotextual.com\\\/inicio\\\/wp-content\\\/uploads\\\/2025\\\/12\\\/utelpamanifestacionparoutelpa4diciembre2025-7.jpg\",\"contentUrl\":\"https:\\\/\\\/diariotextual.com\\\/inicio\\\/wp-content\\\/uploads\\\/2025\\\/12\\\/utelpamanifestacionparoutelpa4diciembre2025-7.jpg\",\"width\":1300,\"height\":868},{\"@type\":\"BreadcrumbList\",\"@id\":\"https:\\\/\\\/diariotextual.com\\\/inicio\\\/index.php\\\/2026\\\/03\\\/09\\\/dia-de-la-mujer-el-gremio-docente-utelpa-se-suma-al-paro-de-este-lunes-9\\\/#breadcrumb\",\"itemListElement\":[{\"@type\":\"ListItem\",\"position\":1,\"name\":\"Portada\",\"item\":\"https:\\\/\\\/diariotextual.com\\\/inicio\\\/\"},{\"@type\":\"ListItem\",\"position\":2,\"name\":\"D\u00eda de la Mujer: hay paro del gremio docente\"}]},{\"@type\":\"WebSite\",\"@id\":\"https:\\\/\\\/diariotextual.com\\\/inicio\\\/#website\",\"url\":\"https:\\\/\\\/diariotextual.com\\\/inicio\\\/\",\"name\":\"Diario Textual\",\"description\":\"\",\"publisher\":{\"@id\":\"https:\\\/\\\/diariotextual.com\\\/inicio\\\/#organization\"},\"potentialAction\":[{\"@type\":\"SearchAction\",\"target\":{\"@type\":\"EntryPoint\",\"urlTemplate\":\"https:\\\/\\\/diariotextual.com\\\/inicio\\\/?s={search_term_string}\"},\"query-input\":{\"@type\":\"PropertyValueSpecification\",\"valueRequired\":true,\"valueName\":\"search_term_string\"}}],\"inLanguage\":\"es\"},{\"@type\":\"Organization\",\"@id\":\"https:\\\/\\\/diariotextual.com\\\/inicio\\\/#organization\",\"name\":\"Diario Textual\",\"url\":\"https:\\\/\\\/diariotextual.com\\\/inicio\\\/\",\"logo\":{\"@type\":\"ImageObject\",\"inLanguage\":\"es\",\"@id\":\"https:\\\/\\\/diariotextual.com\\\/inicio\\\/#\\\/schema\\\/logo\\\/image\\\/\",\"url\":\"https:\\\/\\\/diariotextual.com\\\/inicio\\\/wp-content\\\/uploads\\\/2023\\\/05\\\/logotextual1.jpg\",\"contentUrl\":\"https:\\\/\\\/diariotextual.com\\\/inicio\\\/wp-content\\\/uploads\\\/2023\\\/05\\\/logotextual1.jpg\",\"width\":516,\"height\":76,\"caption\":\"Diario Textual\"},\"image\":{\"@id\":\"https:\\\/\\\/diariotextual.com\\\/inicio\\\/#\\\/schema\\\/logo\\\/image\\\/\"},\"sameAs\":[\"https:\\\/\\\/www.facebook.com\\\/eltextual\",\"https:\\\/\\\/x.com\\\/eltextual\",\"http:\\\/\\\/www.instagram.com\\\/eltextual\"]},{\"@type\":\"Person\",\"@id\":\"https:\\\/\\\/diariotextual.com\\\/inicio\\\/#\\\/schema\\\/person\\\/418fc4093c33e86ed41562db3508f958\",\"name\":\"Diario1 Diario1\",\"image\":{\"@type\":\"ImageObject\",\"inLanguage\":\"es\",\"@id\":\"https:\\\/\\\/secure.gravatar.com\\\/avatar\\\/9167d280179c85bc18be67aa7eda765854300033af4896dd779b608640f2ef7a?s=96&d=mm&r=g\",\"url\":\"https:\\\/\\\/secure.gravatar.com\\\/avatar\\\/9167d280179c85bc18be67aa7eda765854300033af4896dd779b608640f2ef7a?s=96&d=mm&r=g\",\"contentUrl\":\"https:\\\/\\\/secure.gravatar.com\\\/avatar\\\/9167d280179c85bc18be67aa7eda765854300033af4896dd779b608640f2ef7a?s=96&d=mm&r=g\",\"caption\":\"Diario1 Diario1\"},\"url\":\"https:\\\/\\\/diariotextual.com\\\/inicio\\\/index.php\\\/author\\\/diario1\\\/\"}]}<\/script>\n<!-- \/ Yoast SEO plugin. -->","yoast_head_json":{"title":"D\u00eda de la Mujer: hay paro del gremio docente - Diario Textual","robots":{"index":"index","follow":"follow","max-snippet":"max-snippet:-1","max-image-preview":"max-image-preview:large","max-video-preview":"max-video-preview:-1"},"canonical":"https:\/\/diariotextual.com\/inicio\/index.php\/2026\/03\/09\/dia-de-la-mujer-el-gremio-docente-utelpa-se-suma-al-paro-de-este-lunes-9\/","og_locale":"es_ES","og_type":"article","og_title":"D\u00eda de la Mujer: hay paro del gremio docente - Diario Textual","og_description":"La Uni\u00f3n de Trabajadoras y Trabajadores de la Educaci\u00f3n de La Pampa (Utelpa) se sum\u00f3 al paro de este lunes 9 de marzo. La medida de fuerza se lleva a&hellip;","og_url":"https:\/\/diariotextual.com\/inicio\/index.php\/2026\/03\/09\/dia-de-la-mujer-el-gremio-docente-utelpa-se-suma-al-paro-de-este-lunes-9\/","og_site_name":"Diario Textual","article_publisher":"https:\/\/www.facebook.com\/eltextual","article_published_time":"2026-03-09T09:19:00+00:00","article_modified_time":"2026-03-09T11:37:42+00:00","og_image":[{"width":1300,"height":868,"url":"https:\/\/diariotextual.com\/inicio\/wp-content\/uploads\/2025\/12\/utelpamanifestacionparoutelpa4diciembre2025-7.jpg","type":"image\/jpeg"}],"author":"Diario1 Diario1","twitter_card":"summary_large_image","twitter_creator":"@eltextual","twitter_site":"@eltextual","twitter_misc":{"Escrito por":"Diario1 Diario1","Tiempo de lectura":"2 minutos"},"schema":{"@context":"https:\/\/schema.org","@graph":[{"@type":"Article","@id":"https:\/\/diariotextual.com\/inicio\/index.php\/2026\/03\/09\/dia-de-la-mujer-el-gremio-docente-utelpa-se-suma-al-paro-de-este-lunes-9\/#article","isPartOf":{"@id":"https:\/\/diariotextual.com\/inicio\/index.php\/2026\/03\/09\/dia-de-la-mujer-el-gremio-docente-utelpa-se-suma-al-paro-de-este-lunes-9\/"},"author":{"name":"Diario1 Diario1","@id":"https:\/\/diariotextual.com\/inicio\/#\/schema\/person\/418fc4093c33e86ed41562db3508f958"},"headline":"D\u00eda de la Mujer: hay paro del gremio docente","datePublished":"2026-03-09T09:19:00+00:00","dateModified":"2026-03-09T11:37:42+00:00","mainEntityOfPage":{"@id":"https:\/\/diariotextual.com\/inicio\/index.php\/2026\/03\/09\/dia-de-la-mujer-el-gremio-docente-utelpa-se-suma-al-paro-de-este-lunes-9\/"},"wordCount":261,"publisher":{"@id":"https:\/\/diariotextual.com\/inicio\/#organization"},"image":{"@id":"https:\/\/diariotextual.com\/inicio\/index.php\/2026\/03\/09\/dia-de-la-mujer-el-gremio-docente-utelpa-se-suma-al-paro-de-este-lunes-9\/#primaryimage"},"thumbnailUrl":"https:\/\/diariotextual.com\/inicio\/wp-content\/uploads\/2025\/12\/utelpamanifestacionparoutelpa4diciembre2025-7.jpg","articleSection":["A - ES NOTICIA (van abajo)","SOCIEDAD"],"inLanguage":"es"},{"@type":"WebPage","@id":"https:\/\/diariotextual.com\/inicio\/index.php\/2026\/03\/09\/dia-de-la-mujer-el-gremio-docente-utelpa-se-suma-al-paro-de-este-lunes-9\/","url":"https:\/\/diariotextual.com\/inicio\/index.php\/2026\/03\/09\/dia-de-la-mujer-el-gremio-docente-utelpa-se-suma-al-paro-de-este-lunes-9\/","name":"D\u00eda de la Mujer: hay paro del gremio docente - Diario Textual","isPartOf":{"@id":"https:\/\/diariotextual.com\/inicio\/#website"},"primaryImageOfPage":{"@id":"https:\/\/diariotextual.com\/inicio\/index.php\/2026\/03\/09\/dia-de-la-mujer-el-gremio-docente-utelpa-se-suma-al-paro-de-este-lunes-9\/#primaryimage"},"image":{"@id":"https:\/\/diariotextual.com\/inicio\/index.php\/2026\/03\/09\/dia-de-la-mujer-el-gremio-docente-utelpa-se-suma-al-paro-de-este-lunes-9\/#primaryimage"},"thumbnailUrl":"https:\/\/diariotextual.com\/inicio\/wp-content\/uploads\/2025\/12\/utelpamanifestacionparoutelpa4diciembre2025-7.jpg","datePublished":"2026-03-09T09:19:00+00:00","dateModified":"2026-03-09T11:37:42+00:00","breadcrumb":{"@id":"https:\/\/diariotextual.com\/inicio\/index.php\/2026\/03\/09\/dia-de-la-mujer-el-gremio-docente-utelpa-se-suma-al-paro-de-este-lunes-9\/#breadcrumb"},"inLanguage":"es","potentialAction":[{"@type":"ReadAction","target":["https:\/\/diariotextual.com\/inicio\/index.php\/2026\/03\/09\/dia-de-la-mujer-el-gremio-docente-utelpa-se-suma-al-paro-de-este-lunes-9\/"]}]},{"@type":"ImageObject","inLanguage":"es","@id":"https:\/\/diariotextual.com\/inicio\/index.php\/2026\/03\/09\/dia-de-la-mujer-el-gremio-docente-utelpa-se-suma-al-paro-de-este-lunes-9\/#primaryimage","url":"https:\/\/diariotextual.com\/inicio\/wp-content\/uploads\/2025\/12\/utelpamanifestacionparoutelpa4diciembre2025-7.jpg","contentUrl":"https:\/\/diariotextual.com\/inicio\/wp-content\/uploads\/2025\/12\/utelpamanifestacionparoutelpa4diciembre2025-7.jpg","width":1300,"height":868},{"@type":"BreadcrumbList","@id":"https:\/\/diariotextual.com\/inicio\/index.php\/2026\/03\/09\/dia-de-la-mujer-el-gremio-docente-utelpa-se-suma-al-paro-de-este-lunes-9\/#breadcrumb","itemListElement":[{"@type":"ListItem","position":1,"name":"Portada","item":"https:\/\/diariotextual.com\/inicio\/"},{"@type":"ListItem","position":2,"name":"D\u00eda de la Mujer: hay paro del gremio docente"}]},{"@type":"WebSite","@id":"https:\/\/diariotextual.com\/inicio\/#website","url":"https:\/\/diariotextual.com\/inicio\/","name":"Diario Textual","description":"","publisher":{"@id":"https:\/\/diariotextual.com\/inicio\/#organization"},"potentialAction":[{"@type":"SearchAction","target":{"@type":"EntryPoint","urlTemplate":"https:\/\/diariotextual.com\/inicio\/?s={search_term_string}"},"query-input":{"@type":"PropertyValueSpecification","valueRequired":true,"valueName":"search_term_string"}}],"inLanguage":"es"},{"@type":"Organization","@id":"https:\/\/diariotextual.com\/inicio\/#organization","name":"Diario Textual","url":"https:\/\/diariotextual.com\/inicio\/","logo":{"@type":"ImageObject","inLanguage":"es","@id":"https:\/\/diariotextual.com\/inicio\/#\/schema\/logo\/image\/","url":"https:\/\/diariotextual.com\/inicio\/wp-content\/uploads\/2023\/05\/logotextual1.jpg","contentUrl":"https:\/\/diariotextual.com\/inicio\/wp-content\/uploads\/2023\/05\/logotextual1.jpg","width":516,"height":76,"caption":"Diario Textual"},"image":{"@id":"https:\/\/diariotextual.com\/inicio\/#\/schema\/logo\/image\/"},"sameAs":["https:\/\/www.facebook.com\/eltextual","https:\/\/x.com\/eltextual","http:\/\/www.instagram.com\/eltextual"]},{"@type":"Person","@id":"https:\/\/diariotextual.com\/inicio\/#\/schema\/person\/418fc4093c33e86ed41562db3508f958","name":"Diario1 Diario1","image":{"@type":"ImageObject","inLanguage":"es","@id":"https:\/\/secure.gravatar.com\/avatar\/9167d280179c85bc18be67aa7eda765854300033af4896dd779b608640f2ef7a?s=96&d=mm&r=g","url":"https:\/\/secure.gravatar.com\/avatar\/9167d280179c85bc18be67aa7eda765854300033af4896dd779b608640f2ef7a?s=96&d=mm&r=g","contentUrl":"https:\/\/secure.gravatar.com\/avatar\/9167d280179c85bc18be67aa7eda765854300033af4896dd779b608640f2ef7a?s=96&d=mm&r=g","caption":"Diario1 Diario1"},"url":"https:\/\/diariotextual.com\/inicio\/index.php\/author\/diario1\/"}]}},"_links":{"self":[{"href":"https:\/\/diariotextual.com\/inicio\/index.php\/wp-json\/wp\/v2\/posts\/321587","targetHints":{"allow":["GET"]}}],"collection":[{"href":"https:\/\/diariotextual.com\/inicio\/index.php\/wp-json\/wp\/v2\/posts"}],"about":[{"href":"https:\/\/diariotextual.com\/inicio\/index.php\/wp-json\/wp\/v2\/types\/post"}],"author":[{"embeddable":true,"href":"https:\/\/diariotextual.com\/inicio\/index.php\/wp-json\/wp\/v2\/users\/3"}],"replies":[{"embeddable":true,"href":"https:\/\/diariotextual.com\/inicio\/index.php\/wp-json\/wp\/v2\/comments?post=321587"}],"version-history":[{"count":3,"href":"https:\/\/diariotextual.com\/inicio\/index.php\/wp-json\/wp\/v2\/posts\/321587\/revisions"}],"predecessor-version":[{"id":321711,"href":"https:\/\/diariotextual.com\/inicio\/index.php\/wp-json\/wp\/v2\/posts\/321587\/revisions\/321711"}],"wp:featuredmedia":[{"embeddable":true,"href":"https:\/\/diariotextual.com\/inicio\/index.php\/wp-json\/wp\/v2\/media\/314835"}],"wp:attachment":[{"href":"https:\/\/diariotextual.com\/inicio\/index.php\/wp-json\/wp\/v2\/media?parent=321587"}],"wp:term":[{"taxonomy":"category","embeddable":true,"href":"https:\/\/diariotextual.com\/inicio\/index.php\/wp-json\/wp\/v2\/categories?post=321587"},{"taxonomy":"post_tag","embeddable":true,"href":"https:\/\/diariotextual.com\/inicio\/index.php\/wp-json\/wp\/v2\/tags?post=321587"}],"curies":[{"name":"wp","href":"https:\/\/api.w.org\/{rel}","templated":true}]}}