{"id":321616,"date":"2026-03-07T19:08:16","date_gmt":"2026-03-07T22:08:16","guid":{"rendered":"https:\/\/diariotextual.com\/inicio\/?p=321616"},"modified":"2026-03-08T08:14:58","modified_gmt":"2026-03-08T11:14:58","slug":"los-pampeanos-que-estaban-varados-en-dubai-por-la-guerra-ya-regresaron-al-pais","status":"publish","type":"post","link":"https:\/\/diariotextual.com\/inicio\/index.php\/2026\/03\/07\/los-pampeanos-que-estaban-varados-en-dubai-por-la-guerra-ya-regresaron-al-pais\/","title":{"rendered":"Los pampeanos que estaban varados en Dub\u00e1i por la guerra ya regresaron al pa\u00eds"},"content":{"rendered":"\n<p>Los 6 pampeanos que eran parte de un contingente de turistas que estuvo varado en la ciudad de Dub\u00e1i (Emiratos \u00c1rabes Unidos), a ra\u00edz de la guerra que le iniciaron Israel y Estados Unidos a Ir\u00e1n, finalmente llegaron a la provincia.<\/p>\n\n\n\n<p>La empresa Piana del Sole -con sede en la ciudad bonaerense de Trenque Lauquen- comunic\u00f3 que todos -entre ellos bonaerenses y pampeanos- se encuentran en buen estado. \u201cHoy es un d\u00eda muy emocionante para nosotros como empresa, ya que no solo logramos cuidar a nuestros pasajeros y traerlos nuevamente a casa, sino tambi\u00e9n convertirnos en el primer grupo de argentinos en regresar al pa\u00eds desde la zona de conflicto en Medio Oriente, lo que tuvo repercusi\u00f3n en distintos medios de comunicaci\u00f3n nacionales\u201d, comunicaron por las redes sociales.<\/p>\n\n\n\n<p>\u201cGracias a todas las coordinadoras que estuvieron en Dub\u00e1i, manteniendo la calma y brindando tranquilidad a cada uno de nuestros pasajeros. Asimismo, extendemos nuestro agradecimiento a todos los departamentos de Piana del Sole Viajes por trabajar incansablemente para lograr lo que hoy celebramos como equipo\u201d, dinalizaron.<\/p>\n\n\n\n<p>Este s\u00e1bado, un ataque con drones atribuido a Ir\u00e1n oblig\u00f3 a evacuar el aeropuerto de Dub\u00e1i y paraliz\u00f3 la actividad en la principal terminal. Testigos difundieron videos del aparato estrell\u00e1ndose cerca de la Terminal 3, que provoc\u00f3 un incendio menor, y las autoridades bloquearon accesos y suspendieron operaciones hasta nuevo aviso.<\/p>\n\n\n\n<p>El episodio amplifica una escalada que ya entra en su segunda semana, con Israel y Estados Unidos atacando objetivos en Ir\u00e1n y la respuesta iran\u00ed golpeando a varios pa\u00edses del Golfo.<\/p>\n","protected":false},"excerpt":{"rendered":"<p>Los 6 pampeanos que eran parte de un contingente de turistas que estuvo varado en la ciudad de Dub\u00e1i (Emiratos \u00c1rabes Unidos), a ra\u00edz de la guerra que le iniciaron&hellip;<\/p>\n","protected":false},"author":3,"featured_media":321621,"comment_status":"closed","ping_status":"open","sticky":false,"template":"","format":"standard","meta":{"_acf_changed":false,"footnotes":""},"categories":[1,12],"tags":[],"class_list":["post-321616","post","type-post","status-publish","format-standard","has-post-thumbnail","hentry","category-es-noticia","category-sociedad"],"acf":[],"yoast_head":"<!-- This site is optimized with the Yoast SEO plugin v27.5 - https:\/\/yoast.com\/product\/yoast-seo-wordpress\/ -->\n<title>Los pampeanos que estaban varados en Dub\u00e1i por la guerra ya regresaron al pa\u00eds - Diario Textual<\/title>\n<meta name=\"robots\" content=\"index, follow, max-snippet:-1, max-image-preview:large, max-video-preview:-1\" \/>\n<link rel=\"canonical\" href=\"https:\/\/diariotextual.com\/inicio\/index.php\/2026\/03\/07\/los-pampeanos-que-estaban-varados-en-dubai-por-la-guerra-ya-regresaron-al-pais\/\" \/>\n<meta property=\"og:locale\" content=\"es_ES\" \/>\n<meta property=\"og:type\" content=\"article\" \/>\n<meta property=\"og:title\" content=\"Los pampeanos que estaban varados en Dub\u00e1i por la guerra ya regresaron al pa\u00eds - Diario Textual\" \/>\n<meta property=\"og:description\" content=\"Los 6 pampeanos que eran parte de un contingente de turistas que estuvo varado en la ciudad de Dub\u00e1i (Emiratos \u00c1rabes Unidos), a ra\u00edz de la guerra que le iniciaron&hellip;\" \/>\n<meta property=\"og:url\" content=\"https:\/\/diariotextual.com\/inicio\/index.php\/2026\/03\/07\/los-pampeanos-que-estaban-varados-en-dubai-por-la-guerra-ya-regresaron-al-pais\/\" \/>\n<meta property=\"og:site_name\" content=\"Diario Textual\" \/>\n<meta property=\"article:publisher\" content=\"https:\/\/www.facebook.com\/eltextual\" \/>\n<meta property=\"article:published_time\" content=\"2026-03-07T22:08:16+00:00\" \/>\n<meta property=\"article:modified_time\" content=\"2026-03-08T11:14:58+00:00\" \/>\n<meta property=\"og:image\" content=\"https:\/\/diariotextual.com\/inicio\/wp-content\/uploads\/2026\/03\/avionemirates777.webp\" \/>\n\t<meta property=\"og:image:width\" content=\"845\" \/>\n\t<meta property=\"og:image:height\" content=\"412\" \/>\n\t<meta property=\"og:image:type\" content=\"image\/webp\" \/>\n<meta name=\"author\" content=\"Diario1 Diario1\" \/>\n<meta name=\"twitter:card\" content=\"summary_large_image\" \/>\n<meta name=\"twitter:creator\" content=\"@eltextual\" \/>\n<meta name=\"twitter:site\" content=\"@eltextual\" \/>\n<meta name=\"twitter:label1\" content=\"Escrito por\" \/>\n\t<meta name=\"twitter:data1\" content=\"Diario1 Diario1\" \/>\n\t<meta name=\"twitter:label2\" content=\"Tiempo de lectura\" \/>\n\t<meta name=\"twitter:data2\" content=\"2 minutos\" \/>\n<script type=\"application\/ld+json\" class=\"yoast-schema-graph\">{\"@context\":\"https:\\\/\\\/schema.org\",\"@graph\":[{\"@type\":\"Article\",\"@id\":\"https:\\\/\\\/diariotextual.com\\\/inicio\\\/index.php\\\/2026\\\/03\\\/07\\\/los-pampeanos-que-estaban-varados-en-dubai-por-la-guerra-ya-regresaron-al-pais\\\/#article\",\"isPartOf\":{\"@id\":\"https:\\\/\\\/diariotextual.com\\\/inicio\\\/index.php\\\/2026\\\/03\\\/07\\\/los-pampeanos-que-estaban-varados-en-dubai-por-la-guerra-ya-regresaron-al-pais\\\/\"},\"author\":{\"name\":\"Diario1 Diario1\",\"@id\":\"https:\\\/\\\/diariotextual.com\\\/inicio\\\/#\\\/schema\\\/person\\\/418fc4093c33e86ed41562db3508f958\"},\"headline\":\"Los pampeanos que estaban varados en Dub\u00e1i por la guerra ya regresaron al pa\u00eds\",\"datePublished\":\"2026-03-07T22:08:16+00:00\",\"dateModified\":\"2026-03-08T11:14:58+00:00\",\"mainEntityOfPage\":{\"@id\":\"https:\\\/\\\/diariotextual.com\\\/inicio\\\/index.php\\\/2026\\\/03\\\/07\\\/los-pampeanos-que-estaban-varados-en-dubai-por-la-guerra-ya-regresaron-al-pais\\\/\"},\"wordCount\":285,\"publisher\":{\"@id\":\"https:\\\/\\\/diariotextual.com\\\/inicio\\\/#organization\"},\"image\":{\"@id\":\"https:\\\/\\\/diariotextual.com\\\/inicio\\\/index.php\\\/2026\\\/03\\\/07\\\/los-pampeanos-que-estaban-varados-en-dubai-por-la-guerra-ya-regresaron-al-pais\\\/#primaryimage\"},\"thumbnailUrl\":\"https:\\\/\\\/diariotextual.com\\\/inicio\\\/wp-content\\\/uploads\\\/2026\\\/03\\\/avionemirates777.webp\",\"articleSection\":[\"A - ES NOTICIA (van abajo)\",\"SOCIEDAD\"],\"inLanguage\":\"es\"},{\"@type\":\"WebPage\",\"@id\":\"https:\\\/\\\/diariotextual.com\\\/inicio\\\/index.php\\\/2026\\\/03\\\/07\\\/los-pampeanos-que-estaban-varados-en-dubai-por-la-guerra-ya-regresaron-al-pais\\\/\",\"url\":\"https:\\\/\\\/diariotextual.com\\\/inicio\\\/index.php\\\/2026\\\/03\\\/07\\\/los-pampeanos-que-estaban-varados-en-dubai-por-la-guerra-ya-regresaron-al-pais\\\/\",\"name\":\"Los pampeanos que estaban varados en Dub\u00e1i por la guerra ya regresaron al pa\u00eds - Diario Textual\",\"isPartOf\":{\"@id\":\"https:\\\/\\\/diariotextual.com\\\/inicio\\\/#website\"},\"primaryImageOfPage\":{\"@id\":\"https:\\\/\\\/diariotextual.com\\\/inicio\\\/index.php\\\/2026\\\/03\\\/07\\\/los-pampeanos-que-estaban-varados-en-dubai-por-la-guerra-ya-regresaron-al-pais\\\/#primaryimage\"},\"image\":{\"@id\":\"https:\\\/\\\/diariotextual.com\\\/inicio\\\/index.php\\\/2026\\\/03\\\/07\\\/los-pampeanos-que-estaban-varados-en-dubai-por-la-guerra-ya-regresaron-al-pais\\\/#primaryimage\"},\"thumbnailUrl\":\"https:\\\/\\\/diariotextual.com\\\/inicio\\\/wp-content\\\/uploads\\\/2026\\\/03\\\/avionemirates777.webp\",\"datePublished\":\"2026-03-07T22:08:16+00:00\",\"dateModified\":\"2026-03-08T11:14:58+00:00\",\"breadcrumb\":{\"@id\":\"https:\\\/\\\/diariotextual.com\\\/inicio\\\/index.php\\\/2026\\\/03\\\/07\\\/los-pampeanos-que-estaban-varados-en-dubai-por-la-guerra-ya-regresaron-al-pais\\\/#breadcrumb\"},\"inLanguage\":\"es\",\"potentialAction\":[{\"@type\":\"ReadAction\",\"target\":[\"https:\\\/\\\/diariotextual.com\\\/inicio\\\/index.php\\\/2026\\\/03\\\/07\\\/los-pampeanos-que-estaban-varados-en-dubai-por-la-guerra-ya-regresaron-al-pais\\\/\"]}]},{\"@type\":\"ImageObject\",\"inLanguage\":\"es\",\"@id\":\"https:\\\/\\\/diariotextual.com\\\/inicio\\\/index.php\\\/2026\\\/03\\\/07\\\/los-pampeanos-que-estaban-varados-en-dubai-por-la-guerra-ya-regresaron-al-pais\\\/#primaryimage\",\"url\":\"https:\\\/\\\/diariotextual.com\\\/inicio\\\/wp-content\\\/uploads\\\/2026\\\/03\\\/avionemirates777.webp\",\"contentUrl\":\"https:\\\/\\\/diariotextual.com\\\/inicio\\\/wp-content\\\/uploads\\\/2026\\\/03\\\/avionemirates777.webp\",\"width\":845,\"height\":412},{\"@type\":\"BreadcrumbList\",\"@id\":\"https:\\\/\\\/diariotextual.com\\\/inicio\\\/index.php\\\/2026\\\/03\\\/07\\\/los-pampeanos-que-estaban-varados-en-dubai-por-la-guerra-ya-regresaron-al-pais\\\/#breadcrumb\",\"itemListElement\":[{\"@type\":\"ListItem\",\"position\":1,\"name\":\"Portada\",\"item\":\"https:\\\/\\\/diariotextual.com\\\/inicio\\\/\"},{\"@type\":\"ListItem\",\"position\":2,\"name\":\"Los pampeanos que estaban varados en Dub\u00e1i por la guerra ya regresaron al pa\u00eds\"}]},{\"@type\":\"WebSite\",\"@id\":\"https:\\\/\\\/diariotextual.com\\\/inicio\\\/#website\",\"url\":\"https:\\\/\\\/diariotextual.com\\\/inicio\\\/\",\"name\":\"Diario Textual\",\"description\":\"\",\"publisher\":{\"@id\":\"https:\\\/\\\/diariotextual.com\\\/inicio\\\/#organization\"},\"potentialAction\":[{\"@type\":\"SearchAction\",\"target\":{\"@type\":\"EntryPoint\",\"urlTemplate\":\"https:\\\/\\\/diariotextual.com\\\/inicio\\\/?s={search_term_string}\"},\"query-input\":{\"@type\":\"PropertyValueSpecification\",\"valueRequired\":true,\"valueName\":\"search_term_string\"}}],\"inLanguage\":\"es\"},{\"@type\":\"Organization\",\"@id\":\"https:\\\/\\\/diariotextual.com\\\/inicio\\\/#organization\",\"name\":\"Diario Textual\",\"url\":\"https:\\\/\\\/diariotextual.com\\\/inicio\\\/\",\"logo\":{\"@type\":\"ImageObject\",\"inLanguage\":\"es\",\"@id\":\"https:\\\/\\\/diariotextual.com\\\/inicio\\\/#\\\/schema\\\/logo\\\/image\\\/\",\"url\":\"https:\\\/\\\/diariotextual.com\\\/inicio\\\/wp-content\\\/uploads\\\/2023\\\/05\\\/logotextual1.jpg\",\"contentUrl\":\"https:\\\/\\\/diariotextual.com\\\/inicio\\\/wp-content\\\/uploads\\\/2023\\\/05\\\/logotextual1.jpg\",\"width\":516,\"height\":76,\"caption\":\"Diario Textual\"},\"image\":{\"@id\":\"https:\\\/\\\/diariotextual.com\\\/inicio\\\/#\\\/schema\\\/logo\\\/image\\\/\"},\"sameAs\":[\"https:\\\/\\\/www.facebook.com\\\/eltextual\",\"https:\\\/\\\/x.com\\\/eltextual\",\"http:\\\/\\\/www.instagram.com\\\/eltextual\"]},{\"@type\":\"Person\",\"@id\":\"https:\\\/\\\/diariotextual.com\\\/inicio\\\/#\\\/schema\\\/person\\\/418fc4093c33e86ed41562db3508f958\",\"name\":\"Diario1 Diario1\",\"image\":{\"@type\":\"ImageObject\",\"inLanguage\":\"es\",\"@id\":\"https:\\\/\\\/secure.gravatar.com\\\/avatar\\\/9167d280179c85bc18be67aa7eda765854300033af4896dd779b608640f2ef7a?s=96&d=mm&r=g\",\"url\":\"https:\\\/\\\/secure.gravatar.com\\\/avatar\\\/9167d280179c85bc18be67aa7eda765854300033af4896dd779b608640f2ef7a?s=96&d=mm&r=g\",\"contentUrl\":\"https:\\\/\\\/secure.gravatar.com\\\/avatar\\\/9167d280179c85bc18be67aa7eda765854300033af4896dd779b608640f2ef7a?s=96&d=mm&r=g\",\"caption\":\"Diario1 Diario1\"},\"url\":\"https:\\\/\\\/diariotextual.com\\\/inicio\\\/index.php\\\/author\\\/diario1\\\/\"}]}<\/script>\n<!-- \/ Yoast SEO plugin. -->","yoast_head_json":{"title":"Los pampeanos que estaban varados en Dub\u00e1i por la guerra ya regresaron al pa\u00eds - Diario Textual","robots":{"index":"index","follow":"follow","max-snippet":"max-snippet:-1","max-image-preview":"max-image-preview:large","max-video-preview":"max-video-preview:-1"},"canonical":"https:\/\/diariotextual.com\/inicio\/index.php\/2026\/03\/07\/los-pampeanos-que-estaban-varados-en-dubai-por-la-guerra-ya-regresaron-al-pais\/","og_locale":"es_ES","og_type":"article","og_title":"Los pampeanos que estaban varados en Dub\u00e1i por la guerra ya regresaron al pa\u00eds - Diario Textual","og_description":"Los 6 pampeanos que eran parte de un contingente de turistas que estuvo varado en la ciudad de Dub\u00e1i (Emiratos \u00c1rabes Unidos), a ra\u00edz de la guerra que le iniciaron&hellip;","og_url":"https:\/\/diariotextual.com\/inicio\/index.php\/2026\/03\/07\/los-pampeanos-que-estaban-varados-en-dubai-por-la-guerra-ya-regresaron-al-pais\/","og_site_name":"Diario Textual","article_publisher":"https:\/\/www.facebook.com\/eltextual","article_published_time":"2026-03-07T22:08:16+00:00","article_modified_time":"2026-03-08T11:14:58+00:00","og_image":[{"width":845,"height":412,"url":"https:\/\/diariotextual.com\/inicio\/wp-content\/uploads\/2026\/03\/avionemirates777.webp","type":"image\/webp"}],"author":"Diario1 Diario1","twitter_card":"summary_large_image","twitter_creator":"@eltextual","twitter_site":"@eltextual","twitter_misc":{"Escrito por":"Diario1 Diario1","Tiempo de lectura":"2 minutos"},"schema":{"@context":"https:\/\/schema.org","@graph":[{"@type":"Article","@id":"https:\/\/diariotextual.com\/inicio\/index.php\/2026\/03\/07\/los-pampeanos-que-estaban-varados-en-dubai-por-la-guerra-ya-regresaron-al-pais\/#article","isPartOf":{"@id":"https:\/\/diariotextual.com\/inicio\/index.php\/2026\/03\/07\/los-pampeanos-que-estaban-varados-en-dubai-por-la-guerra-ya-regresaron-al-pais\/"},"author":{"name":"Diario1 Diario1","@id":"https:\/\/diariotextual.com\/inicio\/#\/schema\/person\/418fc4093c33e86ed41562db3508f958"},"headline":"Los pampeanos que estaban varados en Dub\u00e1i por la guerra ya regresaron al pa\u00eds","datePublished":"2026-03-07T22:08:16+00:00","dateModified":"2026-03-08T11:14:58+00:00","mainEntityOfPage":{"@id":"https:\/\/diariotextual.com\/inicio\/index.php\/2026\/03\/07\/los-pampeanos-que-estaban-varados-en-dubai-por-la-guerra-ya-regresaron-al-pais\/"},"wordCount":285,"publisher":{"@id":"https:\/\/diariotextual.com\/inicio\/#organization"},"image":{"@id":"https:\/\/diariotextual.com\/inicio\/index.php\/2026\/03\/07\/los-pampeanos-que-estaban-varados-en-dubai-por-la-guerra-ya-regresaron-al-pais\/#primaryimage"},"thumbnailUrl":"https:\/\/diariotextual.com\/inicio\/wp-content\/uploads\/2026\/03\/avionemirates777.webp","articleSection":["A - ES NOTICIA (van abajo)","SOCIEDAD"],"inLanguage":"es"},{"@type":"WebPage","@id":"https:\/\/diariotextual.com\/inicio\/index.php\/2026\/03\/07\/los-pampeanos-que-estaban-varados-en-dubai-por-la-guerra-ya-regresaron-al-pais\/","url":"https:\/\/diariotextual.com\/inicio\/index.php\/2026\/03\/07\/los-pampeanos-que-estaban-varados-en-dubai-por-la-guerra-ya-regresaron-al-pais\/","name":"Los pampeanos que estaban varados en Dub\u00e1i por la guerra ya regresaron al pa\u00eds - Diario Textual","isPartOf":{"@id":"https:\/\/diariotextual.com\/inicio\/#website"},"primaryImageOfPage":{"@id":"https:\/\/diariotextual.com\/inicio\/index.php\/2026\/03\/07\/los-pampeanos-que-estaban-varados-en-dubai-por-la-guerra-ya-regresaron-al-pais\/#primaryimage"},"image":{"@id":"https:\/\/diariotextual.com\/inicio\/index.php\/2026\/03\/07\/los-pampeanos-que-estaban-varados-en-dubai-por-la-guerra-ya-regresaron-al-pais\/#primaryimage"},"thumbnailUrl":"https:\/\/diariotextual.com\/inicio\/wp-content\/uploads\/2026\/03\/avionemirates777.webp","datePublished":"2026-03-07T22:08:16+00:00","dateModified":"2026-03-08T11:14:58+00:00","breadcrumb":{"@id":"https:\/\/diariotextual.com\/inicio\/index.php\/2026\/03\/07\/los-pampeanos-que-estaban-varados-en-dubai-por-la-guerra-ya-regresaron-al-pais\/#breadcrumb"},"inLanguage":"es","potentialAction":[{"@type":"ReadAction","target":["https:\/\/diariotextual.com\/inicio\/index.php\/2026\/03\/07\/los-pampeanos-que-estaban-varados-en-dubai-por-la-guerra-ya-regresaron-al-pais\/"]}]},{"@type":"ImageObject","inLanguage":"es","@id":"https:\/\/diariotextual.com\/inicio\/index.php\/2026\/03\/07\/los-pampeanos-que-estaban-varados-en-dubai-por-la-guerra-ya-regresaron-al-pais\/#primaryimage","url":"https:\/\/diariotextual.com\/inicio\/wp-content\/uploads\/2026\/03\/avionemirates777.webp","contentUrl":"https:\/\/diariotextual.com\/inicio\/wp-content\/uploads\/2026\/03\/avionemirates777.webp","width":845,"height":412},{"@type":"BreadcrumbList","@id":"https:\/\/diariotextual.com\/inicio\/index.php\/2026\/03\/07\/los-pampeanos-que-estaban-varados-en-dubai-por-la-guerra-ya-regresaron-al-pais\/#breadcrumb","itemListElement":[{"@type":"ListItem","position":1,"name":"Portada","item":"https:\/\/diariotextual.com\/inicio\/"},{"@type":"ListItem","position":2,"name":"Los pampeanos que estaban varados en Dub\u00e1i por la guerra ya regresaron al pa\u00eds"}]},{"@type":"WebSite","@id":"https:\/\/diariotextual.com\/inicio\/#website","url":"https:\/\/diariotextual.com\/inicio\/","name":"Diario Textual","description":"","publisher":{"@id":"https:\/\/diariotextual.com\/inicio\/#organization"},"potentialAction":[{"@type":"SearchAction","target":{"@type":"EntryPoint","urlTemplate":"https:\/\/diariotextual.com\/inicio\/?s={search_term_string}"},"query-input":{"@type":"PropertyValueSpecification","valueRequired":true,"valueName":"search_term_string"}}],"inLanguage":"es"},{"@type":"Organization","@id":"https:\/\/diariotextual.com\/inicio\/#organization","name":"Diario Textual","url":"https:\/\/diariotextual.com\/inicio\/","logo":{"@type":"ImageObject","inLanguage":"es","@id":"https:\/\/diariotextual.com\/inicio\/#\/schema\/logo\/image\/","url":"https:\/\/diariotextual.com\/inicio\/wp-content\/uploads\/2023\/05\/logotextual1.jpg","contentUrl":"https:\/\/diariotextual.com\/inicio\/wp-content\/uploads\/2023\/05\/logotextual1.jpg","width":516,"height":76,"caption":"Diario Textual"},"image":{"@id":"https:\/\/diariotextual.com\/inicio\/#\/schema\/logo\/image\/"},"sameAs":["https:\/\/www.facebook.com\/eltextual","https:\/\/x.com\/eltextual","http:\/\/www.instagram.com\/eltextual"]},{"@type":"Person","@id":"https:\/\/diariotextual.com\/inicio\/#\/schema\/person\/418fc4093c33e86ed41562db3508f958","name":"Diario1 Diario1","image":{"@type":"ImageObject","inLanguage":"es","@id":"https:\/\/secure.gravatar.com\/avatar\/9167d280179c85bc18be67aa7eda765854300033af4896dd779b608640f2ef7a?s=96&d=mm&r=g","url":"https:\/\/secure.gravatar.com\/avatar\/9167d280179c85bc18be67aa7eda765854300033af4896dd779b608640f2ef7a?s=96&d=mm&r=g","contentUrl":"https:\/\/secure.gravatar.com\/avatar\/9167d280179c85bc18be67aa7eda765854300033af4896dd779b608640f2ef7a?s=96&d=mm&r=g","caption":"Diario1 Diario1"},"url":"https:\/\/diariotextual.com\/inicio\/index.php\/author\/diario1\/"}]}},"_links":{"self":[{"href":"https:\/\/diariotextual.com\/inicio\/index.php\/wp-json\/wp\/v2\/posts\/321616","targetHints":{"allow":["GET"]}}],"collection":[{"href":"https:\/\/diariotextual.com\/inicio\/index.php\/wp-json\/wp\/v2\/posts"}],"about":[{"href":"https:\/\/diariotextual.com\/inicio\/index.php\/wp-json\/wp\/v2\/types\/post"}],"author":[{"embeddable":true,"href":"https:\/\/diariotextual.com\/inicio\/index.php\/wp-json\/wp\/v2\/users\/3"}],"replies":[{"embeddable":true,"href":"https:\/\/diariotextual.com\/inicio\/index.php\/wp-json\/wp\/v2\/comments?post=321616"}],"version-history":[{"count":6,"href":"https:\/\/diariotextual.com\/inicio\/index.php\/wp-json\/wp\/v2\/posts\/321616\/revisions"}],"predecessor-version":[{"id":321623,"href":"https:\/\/diariotextual.com\/inicio\/index.php\/wp-json\/wp\/v2\/posts\/321616\/revisions\/321623"}],"wp:featuredmedia":[{"embeddable":true,"href":"https:\/\/diariotextual.com\/inicio\/index.php\/wp-json\/wp\/v2\/media\/321621"}],"wp:attachment":[{"href":"https:\/\/diariotextual.com\/inicio\/index.php\/wp-json\/wp\/v2\/media?parent=321616"}],"wp:term":[{"taxonomy":"category","embeddable":true,"href":"https:\/\/diariotextual.com\/inicio\/index.php\/wp-json\/wp\/v2\/categories?post=321616"},{"taxonomy":"post_tag","embeddable":true,"href":"https:\/\/diariotextual.com\/inicio\/index.php\/wp-json\/wp\/v2\/tags?post=321616"}],"curies":[{"name":"wp","href":"https:\/\/api.w.org\/{rel}","templated":true}]}}