{"id":321656,"date":"2026-03-08T08:48:32","date_gmt":"2026-03-08T11:48:32","guid":{"rendered":"https:\/\/diariotextual.com\/inicio\/?p=321656"},"modified":"2026-03-08T08:48:35","modified_gmt":"2026-03-08T11:48:35","slug":"denuncian-que-el-gobierno-nacional-bloquea-el-acceso-a-la-salud-sexual-y-reproductiva","status":"publish","type":"post","link":"https:\/\/diariotextual.com\/inicio\/index.php\/2026\/03\/08\/denuncian-que-el-gobierno-nacional-bloquea-el-acceso-a-la-salud-sexual-y-reproductiva\/","title":{"rendered":"Denuncian que el Gobierno nacional bloquea el acceso a la salud sexual y reproductiva"},"content":{"rendered":"\n<p>En el marco del D\u00eda Internacional de las Mujeres, Amnist\u00eda Internacional expres\u00f3 su preocupaci\u00f3n por el&nbsp;<strong>debilitamiento de pol\u00edticas p\u00fablicas fundamentales para garantizar los derechos humanos de las mujeres y diversidades<\/strong>, en un contexto marcado por retrocesos en la prevenci\u00f3n de la violencia de g\u00e9nero, restricciones en el acceso a la salud sexual y reproductiva y reformas laborales sin perspectiva de g\u00e9nero.<\/p>\n\n\n\n<p>La entidad alert\u00f3 sobre el&nbsp;<strong>desmantelamiento sostenido de las pol\u00edticas de salud sexual y reproductiva.<\/strong>&nbsp;<\/p>\n\n\n\n<p>\u201cDesde 2023, el gobierno nacional dej\u00f3 de comprar y distribuir insumos esenciales para garantizar el derecho al aborto, lo que profundiza las desigualdades territoriales y pone en riesgo la vida y la salud de mujeres y personas gestantes\u201d, indic\u00f3.<\/p>\n\n\n\n<p>Adem\u00e1s, subray\u00f3 que \u201c<strong>la distribuci\u00f3n de m\u00e9todos anticonceptivos, anticoncepci\u00f3n de emergencia y test de embarazo cay\u00f3 dr\u00e1sticamente<\/strong>: entre 2023 y 2024 se redujo en un 81%\u201d.&nbsp;<\/p>\n\n\n\n<p>\u201cA ello se suma que en 2025 el Estado Nacional no distribuy\u00f3 preservativos en un contexto en el que la s\u00edfilis alcanz\u00f3 r\u00e9cords hist\u00f3ricos\u201d, expres\u00f3 Amnist\u00eda Internacional.<\/p>\n\n\n\n<p>Al mismo tiempo, la entidad sostuvo que \u201c<strong>se debilitaron las campa\u00f1as de informaci\u00f3n y prevenci\u00f3n y se desfinanci\u00f3 el Plan Nacional ENIA<\/strong>&nbsp;(Embarazo no Intencional en la Adolescencia), que hab\u00eda contribuido a reducir en un 50% la tasa espec\u00edfica de embarazo adolescente entre 2018 y 2023\u201d.<\/p>\n\n\n\n<p>\u201cEn un contexto en el que\u00a0<strong>la raz\u00f3n de la mortalidad materna aument\u00f3 un 37% respecto de 2023<\/strong>\u00a0, el Estado no solo incumpl<\/p>\n\n\n\n<p>e su obligaci\u00f3n de garantizar el derecho al aborto; tambi\u00e9n se desentiende de implementar pol\u00edticas de informaci\u00f3n, prevenci\u00f3n y educaci\u00f3n en salud sexual y reproductiva, poniendo en riesgo la autonom\u00eda, la salud y, en muchos casos, la vida de ni\u00f1as, adolescentes y mujeres\u201d, agreg\u00f3.<\/p>\n","protected":false},"excerpt":{"rendered":"<p>En el marco del D\u00eda Internacional de las Mujeres, Amnist\u00eda Internacional expres\u00f3 su preocupaci\u00f3n por el&nbsp;debilitamiento de pol\u00edticas p\u00fablicas fundamentales para garantizar los derechos humanos de las mujeres y diversidades,&hellip;<\/p>\n","protected":false},"author":3,"featured_media":125056,"comment_status":"closed","ping_status":"open","sticky":false,"template":"","format":"standard","meta":{"_acf_changed":false,"footnotes":""},"categories":[1,12],"tags":[],"class_list":["post-321656","post","type-post","status-publish","format-standard","has-post-thumbnail","hentry","category-es-noticia","category-sociedad"],"acf":[],"yoast_head":"<!-- This site is optimized with the Yoast SEO plugin v27.5 - https:\/\/yoast.com\/product\/yoast-seo-wordpress\/ -->\n<title>Denuncian que el Gobierno nacional bloquea el acceso a la salud sexual y reproductiva - Diario Textual<\/title>\n<meta name=\"robots\" content=\"index, follow, max-snippet:-1, max-image-preview:large, max-video-preview:-1\" \/>\n<link rel=\"canonical\" href=\"https:\/\/diariotextual.com\/inicio\/index.php\/2026\/03\/08\/denuncian-que-el-gobierno-nacional-bloquea-el-acceso-a-la-salud-sexual-y-reproductiva\/\" \/>\n<meta property=\"og:locale\" content=\"es_ES\" \/>\n<meta property=\"og:type\" content=\"article\" \/>\n<meta property=\"og:title\" content=\"Denuncian que el Gobierno nacional bloquea el acceso a la salud sexual y reproductiva - Diario Textual\" \/>\n<meta property=\"og:description\" content=\"En el marco del D\u00eda Internacional de las Mujeres, Amnist\u00eda Internacional expres\u00f3 su preocupaci\u00f3n por el&nbsp;debilitamiento de pol\u00edticas p\u00fablicas fundamentales para garantizar los derechos humanos de las mujeres y diversidades,&hellip;\" \/>\n<meta property=\"og:url\" content=\"https:\/\/diariotextual.com\/inicio\/index.php\/2026\/03\/08\/denuncian-que-el-gobierno-nacional-bloquea-el-acceso-a-la-salud-sexual-y-reproductiva\/\" \/>\n<meta property=\"og:site_name\" content=\"Diario Textual\" \/>\n<meta property=\"article:publisher\" content=\"https:\/\/www.facebook.com\/eltextual\" \/>\n<meta property=\"article:published_time\" content=\"2026-03-08T11:48:32+00:00\" \/>\n<meta property=\"article:modified_time\" content=\"2026-03-08T11:48:35+00:00\" \/>\n<meta property=\"og:image\" content=\"https:\/\/diariotextual.com\/inicio\/wp-content\/uploads\/2020\/12\/abortolegaltelam2020-0001.jpg\" \/>\n\t<meta property=\"og:image:width\" content=\"900\" \/>\n\t<meta property=\"og:image:height\" content=\"506\" \/>\n\t<meta property=\"og:image:type\" content=\"image\/jpeg\" \/>\n<meta name=\"author\" content=\"Diario1 Diario1\" \/>\n<meta name=\"twitter:card\" content=\"summary_large_image\" \/>\n<meta name=\"twitter:creator\" content=\"@eltextual\" \/>\n<meta name=\"twitter:site\" content=\"@eltextual\" \/>\n<meta name=\"twitter:label1\" content=\"Escrito por\" \/>\n\t<meta name=\"twitter:data1\" content=\"Diario1 Diario1\" \/>\n\t<meta name=\"twitter:label2\" content=\"Tiempo de lectura\" \/>\n\t<meta name=\"twitter:data2\" content=\"2 minutos\" \/>\n<script type=\"application\/ld+json\" class=\"yoast-schema-graph\">{\"@context\":\"https:\\\/\\\/schema.org\",\"@graph\":[{\"@type\":\"Article\",\"@id\":\"https:\\\/\\\/diariotextual.com\\\/inicio\\\/index.php\\\/2026\\\/03\\\/08\\\/denuncian-que-el-gobierno-nacional-bloquea-el-acceso-a-la-salud-sexual-y-reproductiva\\\/#article\",\"isPartOf\":{\"@id\":\"https:\\\/\\\/diariotextual.com\\\/inicio\\\/index.php\\\/2026\\\/03\\\/08\\\/denuncian-que-el-gobierno-nacional-bloquea-el-acceso-a-la-salud-sexual-y-reproductiva\\\/\"},\"author\":{\"name\":\"Diario1 Diario1\",\"@id\":\"https:\\\/\\\/diariotextual.com\\\/inicio\\\/#\\\/schema\\\/person\\\/418fc4093c33e86ed41562db3508f958\"},\"headline\":\"Denuncian que el Gobierno nacional bloquea el acceso a la salud sexual y reproductiva\",\"datePublished\":\"2026-03-08T11:48:32+00:00\",\"dateModified\":\"2026-03-08T11:48:35+00:00\",\"mainEntityOfPage\":{\"@id\":\"https:\\\/\\\/diariotextual.com\\\/inicio\\\/index.php\\\/2026\\\/03\\\/08\\\/denuncian-que-el-gobierno-nacional-bloquea-el-acceso-a-la-salud-sexual-y-reproductiva\\\/\"},\"wordCount\":323,\"publisher\":{\"@id\":\"https:\\\/\\\/diariotextual.com\\\/inicio\\\/#organization\"},\"image\":{\"@id\":\"https:\\\/\\\/diariotextual.com\\\/inicio\\\/index.php\\\/2026\\\/03\\\/08\\\/denuncian-que-el-gobierno-nacional-bloquea-el-acceso-a-la-salud-sexual-y-reproductiva\\\/#primaryimage\"},\"thumbnailUrl\":\"https:\\\/\\\/diariotextual.com\\\/inicio\\\/wp-content\\\/uploads\\\/2020\\\/12\\\/abortolegaltelam2020-0001.jpg\",\"articleSection\":[\"A - ES NOTICIA (van abajo)\",\"SOCIEDAD\"],\"inLanguage\":\"es\"},{\"@type\":\"WebPage\",\"@id\":\"https:\\\/\\\/diariotextual.com\\\/inicio\\\/index.php\\\/2026\\\/03\\\/08\\\/denuncian-que-el-gobierno-nacional-bloquea-el-acceso-a-la-salud-sexual-y-reproductiva\\\/\",\"url\":\"https:\\\/\\\/diariotextual.com\\\/inicio\\\/index.php\\\/2026\\\/03\\\/08\\\/denuncian-que-el-gobierno-nacional-bloquea-el-acceso-a-la-salud-sexual-y-reproductiva\\\/\",\"name\":\"Denuncian que el Gobierno nacional bloquea el acceso a la salud sexual y reproductiva - Diario Textual\",\"isPartOf\":{\"@id\":\"https:\\\/\\\/diariotextual.com\\\/inicio\\\/#website\"},\"primaryImageOfPage\":{\"@id\":\"https:\\\/\\\/diariotextual.com\\\/inicio\\\/index.php\\\/2026\\\/03\\\/08\\\/denuncian-que-el-gobierno-nacional-bloquea-el-acceso-a-la-salud-sexual-y-reproductiva\\\/#primaryimage\"},\"image\":{\"@id\":\"https:\\\/\\\/diariotextual.com\\\/inicio\\\/index.php\\\/2026\\\/03\\\/08\\\/denuncian-que-el-gobierno-nacional-bloquea-el-acceso-a-la-salud-sexual-y-reproductiva\\\/#primaryimage\"},\"thumbnailUrl\":\"https:\\\/\\\/diariotextual.com\\\/inicio\\\/wp-content\\\/uploads\\\/2020\\\/12\\\/abortolegaltelam2020-0001.jpg\",\"datePublished\":\"2026-03-08T11:48:32+00:00\",\"dateModified\":\"2026-03-08T11:48:35+00:00\",\"breadcrumb\":{\"@id\":\"https:\\\/\\\/diariotextual.com\\\/inicio\\\/index.php\\\/2026\\\/03\\\/08\\\/denuncian-que-el-gobierno-nacional-bloquea-el-acceso-a-la-salud-sexual-y-reproductiva\\\/#breadcrumb\"},\"inLanguage\":\"es\",\"potentialAction\":[{\"@type\":\"ReadAction\",\"target\":[\"https:\\\/\\\/diariotextual.com\\\/inicio\\\/index.php\\\/2026\\\/03\\\/08\\\/denuncian-que-el-gobierno-nacional-bloquea-el-acceso-a-la-salud-sexual-y-reproductiva\\\/\"]}]},{\"@type\":\"ImageObject\",\"inLanguage\":\"es\",\"@id\":\"https:\\\/\\\/diariotextual.com\\\/inicio\\\/index.php\\\/2026\\\/03\\\/08\\\/denuncian-que-el-gobierno-nacional-bloquea-el-acceso-a-la-salud-sexual-y-reproductiva\\\/#primaryimage\",\"url\":\"https:\\\/\\\/diariotextual.com\\\/inicio\\\/wp-content\\\/uploads\\\/2020\\\/12\\\/abortolegaltelam2020-0001.jpg\",\"contentUrl\":\"https:\\\/\\\/diariotextual.com\\\/inicio\\\/wp-content\\\/uploads\\\/2020\\\/12\\\/abortolegaltelam2020-0001.jpg\",\"width\":900,\"height\":506},{\"@type\":\"BreadcrumbList\",\"@id\":\"https:\\\/\\\/diariotextual.com\\\/inicio\\\/index.php\\\/2026\\\/03\\\/08\\\/denuncian-que-el-gobierno-nacional-bloquea-el-acceso-a-la-salud-sexual-y-reproductiva\\\/#breadcrumb\",\"itemListElement\":[{\"@type\":\"ListItem\",\"position\":1,\"name\":\"Portada\",\"item\":\"https:\\\/\\\/diariotextual.com\\\/inicio\\\/\"},{\"@type\":\"ListItem\",\"position\":2,\"name\":\"Denuncian que el Gobierno nacional bloquea el acceso a la salud sexual y reproductiva\"}]},{\"@type\":\"WebSite\",\"@id\":\"https:\\\/\\\/diariotextual.com\\\/inicio\\\/#website\",\"url\":\"https:\\\/\\\/diariotextual.com\\\/inicio\\\/\",\"name\":\"Diario Textual\",\"description\":\"\",\"publisher\":{\"@id\":\"https:\\\/\\\/diariotextual.com\\\/inicio\\\/#organization\"},\"potentialAction\":[{\"@type\":\"SearchAction\",\"target\":{\"@type\":\"EntryPoint\",\"urlTemplate\":\"https:\\\/\\\/diariotextual.com\\\/inicio\\\/?s={search_term_string}\"},\"query-input\":{\"@type\":\"PropertyValueSpecification\",\"valueRequired\":true,\"valueName\":\"search_term_string\"}}],\"inLanguage\":\"es\"},{\"@type\":\"Organization\",\"@id\":\"https:\\\/\\\/diariotextual.com\\\/inicio\\\/#organization\",\"name\":\"Diario Textual\",\"url\":\"https:\\\/\\\/diariotextual.com\\\/inicio\\\/\",\"logo\":{\"@type\":\"ImageObject\",\"inLanguage\":\"es\",\"@id\":\"https:\\\/\\\/diariotextual.com\\\/inicio\\\/#\\\/schema\\\/logo\\\/image\\\/\",\"url\":\"https:\\\/\\\/diariotextual.com\\\/inicio\\\/wp-content\\\/uploads\\\/2023\\\/05\\\/logotextual1.jpg\",\"contentUrl\":\"https:\\\/\\\/diariotextual.com\\\/inicio\\\/wp-content\\\/uploads\\\/2023\\\/05\\\/logotextual1.jpg\",\"width\":516,\"height\":76,\"caption\":\"Diario Textual\"},\"image\":{\"@id\":\"https:\\\/\\\/diariotextual.com\\\/inicio\\\/#\\\/schema\\\/logo\\\/image\\\/\"},\"sameAs\":[\"https:\\\/\\\/www.facebook.com\\\/eltextual\",\"https:\\\/\\\/x.com\\\/eltextual\",\"http:\\\/\\\/www.instagram.com\\\/eltextual\"]},{\"@type\":\"Person\",\"@id\":\"https:\\\/\\\/diariotextual.com\\\/inicio\\\/#\\\/schema\\\/person\\\/418fc4093c33e86ed41562db3508f958\",\"name\":\"Diario1 Diario1\",\"image\":{\"@type\":\"ImageObject\",\"inLanguage\":\"es\",\"@id\":\"https:\\\/\\\/secure.gravatar.com\\\/avatar\\\/9167d280179c85bc18be67aa7eda765854300033af4896dd779b608640f2ef7a?s=96&d=mm&r=g\",\"url\":\"https:\\\/\\\/secure.gravatar.com\\\/avatar\\\/9167d280179c85bc18be67aa7eda765854300033af4896dd779b608640f2ef7a?s=96&d=mm&r=g\",\"contentUrl\":\"https:\\\/\\\/secure.gravatar.com\\\/avatar\\\/9167d280179c85bc18be67aa7eda765854300033af4896dd779b608640f2ef7a?s=96&d=mm&r=g\",\"caption\":\"Diario1 Diario1\"},\"url\":\"https:\\\/\\\/diariotextual.com\\\/inicio\\\/index.php\\\/author\\\/diario1\\\/\"}]}<\/script>\n<!-- \/ Yoast SEO plugin. -->","yoast_head_json":{"title":"Denuncian que el Gobierno nacional bloquea el acceso a la salud sexual y reproductiva - Diario Textual","robots":{"index":"index","follow":"follow","max-snippet":"max-snippet:-1","max-image-preview":"max-image-preview:large","max-video-preview":"max-video-preview:-1"},"canonical":"https:\/\/diariotextual.com\/inicio\/index.php\/2026\/03\/08\/denuncian-que-el-gobierno-nacional-bloquea-el-acceso-a-la-salud-sexual-y-reproductiva\/","og_locale":"es_ES","og_type":"article","og_title":"Denuncian que el Gobierno nacional bloquea el acceso a la salud sexual y reproductiva - Diario Textual","og_description":"En el marco del D\u00eda Internacional de las Mujeres, Amnist\u00eda Internacional expres\u00f3 su preocupaci\u00f3n por el&nbsp;debilitamiento de pol\u00edticas p\u00fablicas fundamentales para garantizar los derechos humanos de las mujeres y diversidades,&hellip;","og_url":"https:\/\/diariotextual.com\/inicio\/index.php\/2026\/03\/08\/denuncian-que-el-gobierno-nacional-bloquea-el-acceso-a-la-salud-sexual-y-reproductiva\/","og_site_name":"Diario Textual","article_publisher":"https:\/\/www.facebook.com\/eltextual","article_published_time":"2026-03-08T11:48:32+00:00","article_modified_time":"2026-03-08T11:48:35+00:00","og_image":[{"width":900,"height":506,"url":"https:\/\/diariotextual.com\/inicio\/wp-content\/uploads\/2020\/12\/abortolegaltelam2020-0001.jpg","type":"image\/jpeg"}],"author":"Diario1 Diario1","twitter_card":"summary_large_image","twitter_creator":"@eltextual","twitter_site":"@eltextual","twitter_misc":{"Escrito por":"Diario1 Diario1","Tiempo de lectura":"2 minutos"},"schema":{"@context":"https:\/\/schema.org","@graph":[{"@type":"Article","@id":"https:\/\/diariotextual.com\/inicio\/index.php\/2026\/03\/08\/denuncian-que-el-gobierno-nacional-bloquea-el-acceso-a-la-salud-sexual-y-reproductiva\/#article","isPartOf":{"@id":"https:\/\/diariotextual.com\/inicio\/index.php\/2026\/03\/08\/denuncian-que-el-gobierno-nacional-bloquea-el-acceso-a-la-salud-sexual-y-reproductiva\/"},"author":{"name":"Diario1 Diario1","@id":"https:\/\/diariotextual.com\/inicio\/#\/schema\/person\/418fc4093c33e86ed41562db3508f958"},"headline":"Denuncian que el Gobierno nacional bloquea el acceso a la salud sexual y reproductiva","datePublished":"2026-03-08T11:48:32+00:00","dateModified":"2026-03-08T11:48:35+00:00","mainEntityOfPage":{"@id":"https:\/\/diariotextual.com\/inicio\/index.php\/2026\/03\/08\/denuncian-que-el-gobierno-nacional-bloquea-el-acceso-a-la-salud-sexual-y-reproductiva\/"},"wordCount":323,"publisher":{"@id":"https:\/\/diariotextual.com\/inicio\/#organization"},"image":{"@id":"https:\/\/diariotextual.com\/inicio\/index.php\/2026\/03\/08\/denuncian-que-el-gobierno-nacional-bloquea-el-acceso-a-la-salud-sexual-y-reproductiva\/#primaryimage"},"thumbnailUrl":"https:\/\/diariotextual.com\/inicio\/wp-content\/uploads\/2020\/12\/abortolegaltelam2020-0001.jpg","articleSection":["A - ES NOTICIA (van abajo)","SOCIEDAD"],"inLanguage":"es"},{"@type":"WebPage","@id":"https:\/\/diariotextual.com\/inicio\/index.php\/2026\/03\/08\/denuncian-que-el-gobierno-nacional-bloquea-el-acceso-a-la-salud-sexual-y-reproductiva\/","url":"https:\/\/diariotextual.com\/inicio\/index.php\/2026\/03\/08\/denuncian-que-el-gobierno-nacional-bloquea-el-acceso-a-la-salud-sexual-y-reproductiva\/","name":"Denuncian que el Gobierno nacional bloquea el acceso a la salud sexual y reproductiva - Diario Textual","isPartOf":{"@id":"https:\/\/diariotextual.com\/inicio\/#website"},"primaryImageOfPage":{"@id":"https:\/\/diariotextual.com\/inicio\/index.php\/2026\/03\/08\/denuncian-que-el-gobierno-nacional-bloquea-el-acceso-a-la-salud-sexual-y-reproductiva\/#primaryimage"},"image":{"@id":"https:\/\/diariotextual.com\/inicio\/index.php\/2026\/03\/08\/denuncian-que-el-gobierno-nacional-bloquea-el-acceso-a-la-salud-sexual-y-reproductiva\/#primaryimage"},"thumbnailUrl":"https:\/\/diariotextual.com\/inicio\/wp-content\/uploads\/2020\/12\/abortolegaltelam2020-0001.jpg","datePublished":"2026-03-08T11:48:32+00:00","dateModified":"2026-03-08T11:48:35+00:00","breadcrumb":{"@id":"https:\/\/diariotextual.com\/inicio\/index.php\/2026\/03\/08\/denuncian-que-el-gobierno-nacional-bloquea-el-acceso-a-la-salud-sexual-y-reproductiva\/#breadcrumb"},"inLanguage":"es","potentialAction":[{"@type":"ReadAction","target":["https:\/\/diariotextual.com\/inicio\/index.php\/2026\/03\/08\/denuncian-que-el-gobierno-nacional-bloquea-el-acceso-a-la-salud-sexual-y-reproductiva\/"]}]},{"@type":"ImageObject","inLanguage":"es","@id":"https:\/\/diariotextual.com\/inicio\/index.php\/2026\/03\/08\/denuncian-que-el-gobierno-nacional-bloquea-el-acceso-a-la-salud-sexual-y-reproductiva\/#primaryimage","url":"https:\/\/diariotextual.com\/inicio\/wp-content\/uploads\/2020\/12\/abortolegaltelam2020-0001.jpg","contentUrl":"https:\/\/diariotextual.com\/inicio\/wp-content\/uploads\/2020\/12\/abortolegaltelam2020-0001.jpg","width":900,"height":506},{"@type":"BreadcrumbList","@id":"https:\/\/diariotextual.com\/inicio\/index.php\/2026\/03\/08\/denuncian-que-el-gobierno-nacional-bloquea-el-acceso-a-la-salud-sexual-y-reproductiva\/#breadcrumb","itemListElement":[{"@type":"ListItem","position":1,"name":"Portada","item":"https:\/\/diariotextual.com\/inicio\/"},{"@type":"ListItem","position":2,"name":"Denuncian que el Gobierno nacional bloquea el acceso a la salud sexual y reproductiva"}]},{"@type":"WebSite","@id":"https:\/\/diariotextual.com\/inicio\/#website","url":"https:\/\/diariotextual.com\/inicio\/","name":"Diario Textual","description":"","publisher":{"@id":"https:\/\/diariotextual.com\/inicio\/#organization"},"potentialAction":[{"@type":"SearchAction","target":{"@type":"EntryPoint","urlTemplate":"https:\/\/diariotextual.com\/inicio\/?s={search_term_string}"},"query-input":{"@type":"PropertyValueSpecification","valueRequired":true,"valueName":"search_term_string"}}],"inLanguage":"es"},{"@type":"Organization","@id":"https:\/\/diariotextual.com\/inicio\/#organization","name":"Diario Textual","url":"https:\/\/diariotextual.com\/inicio\/","logo":{"@type":"ImageObject","inLanguage":"es","@id":"https:\/\/diariotextual.com\/inicio\/#\/schema\/logo\/image\/","url":"https:\/\/diariotextual.com\/inicio\/wp-content\/uploads\/2023\/05\/logotextual1.jpg","contentUrl":"https:\/\/diariotextual.com\/inicio\/wp-content\/uploads\/2023\/05\/logotextual1.jpg","width":516,"height":76,"caption":"Diario Textual"},"image":{"@id":"https:\/\/diariotextual.com\/inicio\/#\/schema\/logo\/image\/"},"sameAs":["https:\/\/www.facebook.com\/eltextual","https:\/\/x.com\/eltextual","http:\/\/www.instagram.com\/eltextual"]},{"@type":"Person","@id":"https:\/\/diariotextual.com\/inicio\/#\/schema\/person\/418fc4093c33e86ed41562db3508f958","name":"Diario1 Diario1","image":{"@type":"ImageObject","inLanguage":"es","@id":"https:\/\/secure.gravatar.com\/avatar\/9167d280179c85bc18be67aa7eda765854300033af4896dd779b608640f2ef7a?s=96&d=mm&r=g","url":"https:\/\/secure.gravatar.com\/avatar\/9167d280179c85bc18be67aa7eda765854300033af4896dd779b608640f2ef7a?s=96&d=mm&r=g","contentUrl":"https:\/\/secure.gravatar.com\/avatar\/9167d280179c85bc18be67aa7eda765854300033af4896dd779b608640f2ef7a?s=96&d=mm&r=g","caption":"Diario1 Diario1"},"url":"https:\/\/diariotextual.com\/inicio\/index.php\/author\/diario1\/"}]}},"_links":{"self":[{"href":"https:\/\/diariotextual.com\/inicio\/index.php\/wp-json\/wp\/v2\/posts\/321656","targetHints":{"allow":["GET"]}}],"collection":[{"href":"https:\/\/diariotextual.com\/inicio\/index.php\/wp-json\/wp\/v2\/posts"}],"about":[{"href":"https:\/\/diariotextual.com\/inicio\/index.php\/wp-json\/wp\/v2\/types\/post"}],"author":[{"embeddable":true,"href":"https:\/\/diariotextual.com\/inicio\/index.php\/wp-json\/wp\/v2\/users\/3"}],"replies":[{"embeddable":true,"href":"https:\/\/diariotextual.com\/inicio\/index.php\/wp-json\/wp\/v2\/comments?post=321656"}],"version-history":[{"count":1,"href":"https:\/\/diariotextual.com\/inicio\/index.php\/wp-json\/wp\/v2\/posts\/321656\/revisions"}],"predecessor-version":[{"id":321657,"href":"https:\/\/diariotextual.com\/inicio\/index.php\/wp-json\/wp\/v2\/posts\/321656\/revisions\/321657"}],"wp:featuredmedia":[{"embeddable":true,"href":"https:\/\/diariotextual.com\/inicio\/index.php\/wp-json\/wp\/v2\/media\/125056"}],"wp:attachment":[{"href":"https:\/\/diariotextual.com\/inicio\/index.php\/wp-json\/wp\/v2\/media?parent=321656"}],"wp:term":[{"taxonomy":"category","embeddable":true,"href":"https:\/\/diariotextual.com\/inicio\/index.php\/wp-json\/wp\/v2\/categories?post=321656"},{"taxonomy":"post_tag","embeddable":true,"href":"https:\/\/diariotextual.com\/inicio\/index.php\/wp-json\/wp\/v2\/tags?post=321656"}],"curies":[{"name":"wp","href":"https:\/\/api.w.org\/{rel}","templated":true}]}}