{"id":321658,"date":"2026-03-11T06:50:00","date_gmt":"2026-03-11T09:50:00","guid":{"rendered":"https:\/\/diariotextual.com\/inicio\/?p=321658"},"modified":"2026-03-11T10:15:46","modified_gmt":"2026-03-11T13:15:46","slug":"el-medanito-funcionarios-van-a-la-legislatura-a-explicar-por-que-pampetrol-es-hoy-por-hoy-la-mejor-opcion","status":"publish","type":"post","link":"https:\/\/diariotextual.com\/inicio\/index.php\/2026\/03\/11\/el-medanito-funcionarios-van-a-la-legislatura-a-explicar-por-que-pampetrol-es-hoy-por-hoy-la-mejor-opcion\/","title":{"rendered":"El Medanito: funcionarios van a la Legislatura a explicar por qu\u00e9 Pampetrol es, hoy por hoy, la mejor salida"},"content":{"rendered":"\n<p>La <strong>Legislatura de La Pampa<\/strong> retomar\u00e1 este mi\u00e9rcoles el debate por el futuro del <strong>yacimiento petrolero El Medanito<\/strong>, el principal de la provincia, luego del fracaso de la reciente licitaci\u00f3n. Los <strong>30 diputados<\/strong> deber\u00e1n analizar dos alternativas: que la empresa estatal <strong>Pampetrol<\/strong> asuma la operaci\u00f3n de manera transitoria desde el <strong>19 de junio<\/strong> por un plazo m\u00e1ximo de <strong>dos a\u00f1os &#8211;<\/strong>hasta que se convoque a otra licitaci\u00f3n y se pueda elegir a una empresa-, o avanzar con <strong>una nueva licitaci\u00f3n inmediata<\/strong> con condiciones m\u00e1s flexibles para atraer inversiones privadas. <strong>Para cualquier alternativa, se requieren los dos tercios de los votos.<\/strong><\/p>\n\n\n\n<p>El tratamiento se desarrollar\u00e1 en comisi\u00f3n y contar\u00e1 con la presencia de <strong>funcionarios del Poder Ejecutivo<\/strong>, quienes deber\u00e1n defender el proyecto de ley del oficialismo para que Pampetrol tome el control del \u00e1rea. A las 9.30 est\u00e1 convocado el <strong>secretario de Energ\u00eda de La Pampa, Mat\u00edas Toso<\/strong>, y posteriormente asistir\u00e1n autoridades <strong>Mar\u00eda Roveda<\/strong>, presidenta de <strong>Pampetrol,<\/strong> y <strong>de Vanina Basso<\/strong>, titular de la <strong>Secretar\u00eda de Ambiente y Cambio Clim\u00e1tico<\/strong>, quienes brindar\u00e1n informaci\u00f3n t\u00e9cnica sobre la situaci\u00f3n del \u00e1rea.<\/p>\n\n\n\n<p>Hasta el momento existen <strong>tres iniciativas en discusi\u00f3n<\/strong>: proyectos de ley del <strong>Frejupa<\/strong> y de <strong>Comunidad Organizada<\/strong>, adem\u00e1s de un <strong>anteproyecto presentado por la municipalidad de 25 de Mayo<\/strong>, que impulsa un nuevo proceso licitatorio.<\/p>\n\n\n\n<div style=\"height:100px\" aria-hidden=\"true\" class=\"wp-block-spacer\"><\/div>\n\n\n\n<p><strong>La propuesta del oficialismo<\/strong><\/p>\n\n\n\n<p><strong>El proyecto del Frejupa fue impulsado por los seis diputados del vernismo y tiene el aval del gobernador Sergio Ziliotto.<\/strong> Plantea que <strong>Pampetrol<\/strong> se haga cargo de la operaci\u00f3n del \u00e1rea de manera transitoria, ante la proximidad del vencimiento de la concesi\u00f3n actual.<\/p>\n\n\n\n<p>El jefe del bloque del peronismo, <strong>Daniel Lovera,<\/strong> dijo a Diario Textual que <strong>ya no hay tiempo material para convocar a una nueva licitaci\u00f3n antes del 19 de junio<\/strong>, fecha en la que finaliza el contrato vigente. Seg\u00fan explic\u00f3, la iniciativa propone un <strong>r\u00e9gimen excepcional por hasta 24 meses<\/strong> que garantice la continuidad de la producci\u00f3n y permita organizar un nuevo proceso licitatorio. \u201cEl proyecto le da <strong>previsibilidad y una transici\u00f3n ordenada<\/strong> hasta el llamado a una nueva licitaci\u00f3n, garantizando mantener los <strong>puestos de trabajo<\/strong>\u201d, afirm\u00f3 el legislador.<\/p>\n\n\n\n<p>La propuesta busca <strong>preservar entre 300 y 400 empleos directos e indirectos<\/strong>, evitar una ca\u00edda en la producci\u00f3n y mantener la actividad mientras se define una concesi\u00f3n de largo plazo. Para ello, se prev\u00e9 que Pampetrol reorganice sus \u00e1reas y <strong>contrate un operador transitorio<\/strong>, con inversiones m\u00ednimas destinadas a sostener la producci\u00f3n, el empleo y el control ambiental. Es decir,<strong> no se har\u00e1n nuevas inversiones, m\u00e1s que las que permitan el mantenimiento de \u00e1rea.<\/strong><\/p>\n\n\n\n<p>El proyecto propone autorizar a Pampetrol a incorporar a la operaci\u00f3n de El Medanito otras \u00e1reas hidrocarbur\u00edferas que ya opera:&nbsp;<strong>Medanito Sur<\/strong>,&nbsp;<strong>Salina Grande 1<\/strong>&nbsp;y&nbsp;<strong>Rinconada Puesto Morales<\/strong>.<\/p>\n\n\n\n<p>Tambi\u00e9n se faculta a la empresa estatal a contraer&nbsp;<strong>pr\u00e9stamos destinados a capital de trabajo<\/strong>, por un monto equivalente a una facturaci\u00f3n mensual del \u00e1rea El Medanito.<\/p>\n\n\n\n<p>En los fundamentos del proyecto, el gobernador<strong>&nbsp;Sergio Ziliotto<\/strong>&nbsp;admiti\u00f3 que<strong>&nbsp;insistir con la<\/strong>&nbsp;<strong>Ley 3620<\/strong>, en el que se detallaron las condiciones para la licitaci\u00f3n,&nbsp;<strong>podr\u00eda derivar nuevamente en un proceso sin ofertas por parte de las empresas.<\/strong><\/p>\n\n\n\n<p>El mandatario incluso advirti\u00f3 que,<strong> si no se impulsan oportunamente los cambios necesarios, las consecuencias podr\u00edan ser que La Pampa no pueda producir hidrocarburos en el corto o mediano plazo<\/strong>.<\/p>\n\n\n\n<p>En la C\u00e1mara de Diputados, los <strong>15 legisladores del peronismo<\/strong> respaldan esta alternativa, mientras que los <strong>15 opositores de la UCR, Comunidad Organizada y el Pro<\/strong> plantean objeciones o directamente la rechazan. Uno de las dudas opositores pasa por la capacidad t\u00e9cnica y financiera de Pampetrol.<\/p>\n\n\n\n<figure class=\"wp-block-embed is-type-wp-embed is-provider-diario-textual wp-block-embed-diario-textual\"><div class=\"wp-block-embed__wrapper\">\n<blockquote class=\"wp-embedded-content\" data-secret=\"ruVWiXv5GC\"><a href=\"https:\/\/diariotextual.com\/inicio\/index.php\/2026\/03\/10\/hay-137-pozos-inactivos-en-el-medanito-diputada-cuadrado-alerta-por-el-costo-ambiental-y-economico-de-su-abandono\/\">Hay 137 pozos inactivos en El Medanito: diputada Cuadrado alerta por el costo ambiental y econ\u00f3mico de su abandono<\/a><\/blockquote><iframe class=\"wp-embedded-content\" sandbox=\"allow-scripts\" security=\"restricted\" style=\"position: absolute; visibility: hidden;\" title=\"\u00abHay 137 pozos inactivos en El Medanito: diputada Cuadrado alerta por el costo ambiental y econ\u00f3mico de su abandono\u00bb \u2014 Diario Textual\" src=\"https:\/\/diariotextual.com\/inicio\/index.php\/2026\/03\/10\/hay-137-pozos-inactivos-en-el-medanito-diputada-cuadrado-alerta-por-el-costo-ambiental-y-economico-de-su-abandono\/embed\/#?secret=RGCXYIluUR#?secret=ruVWiXv5GC\" data-secret=\"ruVWiXv5GC\" width=\"600\" height=\"338\" frameborder=\"0\" marginwidth=\"0\" marginheight=\"0\" scrolling=\"no\"><\/iframe>\n<\/div><\/figure>\n\n\n\n<div style=\"height:100px\" aria-hidden=\"true\" class=\"wp-block-spacer\"><\/div>\n\n\n\n<p><strong>El peso econ\u00f3mico de El Medanito<\/strong><\/p>\n\n\n\n<p>El \u00e1rea <strong>El Medanito<\/strong> est\u00e1 ubicada a unos <strong>40 kil\u00f3metros de 25 de Mayo<\/strong> y abarca <strong>834,3 kil\u00f3metros cuadrados<\/strong>. Se trata del <strong>principal yacimiento hidrocarbur\u00edfero de La Pampa<\/strong>.<\/p>\n\n\n\n<p>Cuenta con <strong>267 pozos activos y 48 abandonados<\/strong>, aporta <strong>el 34 % de la producci\u00f3n petrolera provincial<\/strong> y representa cerca del <strong>10 % de los ingresos fiscales de la provincia<\/strong>.<\/p>\n\n\n\n<p>La operadora actual es <strong>Petroqu\u00edmica Comodoro Rivadavia (PCR)<\/strong>, que explota el \u00e1rea desde <strong>1992<\/strong>. En <strong>2016<\/strong> obtuvo una pr\u00f3rroga por diez a\u00f1os con regal\u00edas cercanas al <strong>35 %<\/strong>, seg\u00fan el precio del crudo, y con una <strong>participaci\u00f3n del 20 % de Pampetrol<\/strong>. Ese contrato vence el <strong>18 de<\/strong> <strong>junio de 2026<\/strong>.<\/p>\n\n\n\n<p>La Legislatura discute desde <strong>2024<\/strong> las condiciones para una nueva concesi\u00f3n. El \u00faltimo proceso licitatorio, iniciado en <strong>diciembre de 2025<\/strong>, qued\u00f3 <strong>desierto por falta de ofertas<\/strong>.<\/p>\n\n\n\n<p>El pliego establec\u00eda <strong>regal\u00edas m\u00f3viles entre el 15 % y el 20 %<\/strong>, un <strong>bono de ingreso m\u00ednimo de 50 millones de d\u00f3lares<\/strong> -con destino parcial a municipios y a un parque fotovoltaico en 25 de Mayo- y la obligaci\u00f3n de que <strong>el 80 % de la mano de obra fuera pampeana<\/strong>.<\/p>\n\n\n\n<p>Entre los factores que habr\u00edan desalentado la participaci\u00f3n de empresas se mencionan <strong>el precio internacional del crudo por debajo de los 60 d\u00f3lares<\/strong>, el aumento de <strong>costos operativos<\/strong>, la <strong>madurez del yacimiento<\/strong> y la migraci\u00f3n de inversiones hacia <strong>Vaca Muerta<\/strong>.<\/p>\n\n\n\n<div style=\"height:100px\" aria-hidden=\"true\" class=\"wp-block-spacer\"><\/div>\n\n\n\n<p><strong>La licitaci\u00f3n expr\u00e9s que propone 25 de Mayo<\/strong><\/p>\n\n\n\n<p>El intendente de <strong>25 de Mayo, Leonel Monsalve (Pro)<\/strong>, present\u00f3 en la Legislatura un <strong>anteproyecto de ley para convocar a una licitaci\u00f3n expr\u00e9s<\/strong> del \u00e1rea.<\/p>\n\n\n\n<p>La iniciativa plantea que la operaci\u00f3n contin\u00fae en manos de una <strong>empresa privada<\/strong>, con el argumento de que esto permitir\u00eda garantizar <strong>inversiones inmediatas y sostenidas<\/strong> para sostener la actividad y el empleo en la zona.<\/p>\n\n\n\n<p>El anteproyecto introduce <strong>tres cambios centrales<\/strong> respecto del pliego que qued\u00f3 desierto.<\/p>\n\n\n\n<p>El primero es una <strong>reducci\u00f3n de regal\u00edas<\/strong>, que pasar\u00edan del esquema m\u00f3vil entre <strong>15 % y 20 %<\/strong> a un promedio cercano al <strong>15 %<\/strong>, con posibilidad de variaci\u00f3n seg\u00fan las ofertas.<\/p>\n\n\n\n<p>El segundo es una <strong>disminuci\u00f3n del bono de ingreso<\/strong>, que bajar\u00eda de <strong>50 millones de d\u00f3lares a 15 millones<\/strong>.<\/p>\n\n\n\n<p>El tercer punto es la <strong>suspensi\u00f3n del art\u00edculo 16 de la Ley 2675 de Hidrocarburos de La Pampa<\/strong>, que en el proceso anterior impidi\u00f3 la participaci\u00f3n de la actual operadora <strong>PCR<\/strong>. Esa modificaci\u00f3n permitir\u00eda que <strong>empresas que ya operan \u00e1reas en la provincia<\/strong> puedan competir en futuras licitaciones. Actualmente, el art\u00edculo funciona como una <strong>restricci\u00f3n para compa\u00f1\u00edas con pasivos ambientales pendientes de remediaci\u00f3n<\/strong>.<\/p>\n\n\n\n<div style=\"height:100px\" aria-hidden=\"true\" class=\"wp-block-spacer\"><\/div>\n\n\n\n<p><strong>Pasivos ambientales<\/strong><\/p>\n\n\n\n<p>Un&nbsp;<strong>informe ambiental<\/strong>&nbsp;sobre el \u00e1rea petrolera&nbsp;<strong>El Medanito<\/strong>&nbsp;advierte que la UTE integrada por&nbsp;<strong>PCR y Pampetrol<\/strong>&nbsp;podr\u00eda enfrentar&nbsp;<strong>pasivos ambientales significativos<\/strong>&nbsp;por el abandono de pozos inactivos. Seg\u00fan inform\u00f3 la diputada&nbsp;<strong>Gisela Cuadrado&nbsp;<\/strong>(UCR), a partir de un documento remitido por el Poder Ejecutivo a la Legislatura, se detectaron&nbsp;<strong>137 pozos inactivos<\/strong>, incluidos en un plan de saneamiento que prev\u00e9 su abandono progresivo hasta&nbsp;<strong>2030<\/strong>. De ellos,&nbsp;<strong>75 superar\u00e1n los cinco a\u00f1os de inactividad<\/strong>&nbsp;y deber\u00edan cerrarse de manera definitiva si no son reactivados, mientras que&nbsp;<strong>otros 62<\/strong>&nbsp;ser\u00e1n evaluados para determinar si se reactivan, se abandonan temporalmente o se clausuran.<\/p>\n","protected":false},"excerpt":{"rendered":"<p>La Legislatura de La Pampa retomar\u00e1 este mi\u00e9rcoles el debate por el futuro del yacimiento petrolero El Medanito, el principal de la provincia, luego del fracaso de la reciente licitaci\u00f3n.&hellip;<\/p>\n","protected":false},"author":3,"featured_media":291569,"comment_status":"closed","ping_status":"open","sticky":false,"template":"","format":"standard","meta":{"_acf_changed":false,"footnotes":""},"categories":[8],"tags":[],"class_list":["post-321658","post","type-post","status-publish","format-standard","has-post-thumbnail","hentry","category-politica"],"acf":[],"yoast_head":"<!-- This site is optimized with the Yoast SEO plugin v27.5 - https:\/\/yoast.com\/product\/yoast-seo-wordpress\/ -->\n<title>El Medanito: funcionarios van a la Legislatura a explicar por qu\u00e9 Pampetrol es, hoy por hoy, la mejor salida - Diario Textual<\/title>\n<meta name=\"robots\" content=\"index, follow, max-snippet:-1, max-image-preview:large, max-video-preview:-1\" \/>\n<link rel=\"canonical\" href=\"https:\/\/diariotextual.com\/inicio\/index.php\/2026\/03\/11\/el-medanito-funcionarios-van-a-la-legislatura-a-explicar-por-que-pampetrol-es-hoy-por-hoy-la-mejor-opcion\/\" \/>\n<meta property=\"og:locale\" content=\"es_ES\" \/>\n<meta property=\"og:type\" content=\"article\" \/>\n<meta property=\"og:title\" content=\"El Medanito: funcionarios van a la Legislatura a explicar por qu\u00e9 Pampetrol es, hoy por hoy, la mejor salida - Diario Textual\" \/>\n<meta property=\"og:description\" content=\"La Legislatura de La Pampa retomar\u00e1 este mi\u00e9rcoles el debate por el futuro del yacimiento petrolero El Medanito, el principal de la provincia, luego del fracaso de la reciente licitaci\u00f3n.&hellip;\" \/>\n<meta property=\"og:url\" content=\"https:\/\/diariotextual.com\/inicio\/index.php\/2026\/03\/11\/el-medanito-funcionarios-van-a-la-legislatura-a-explicar-por-que-pampetrol-es-hoy-por-hoy-la-mejor-opcion\/\" \/>\n<meta property=\"og:site_name\" content=\"Diario Textual\" \/>\n<meta property=\"article:publisher\" content=\"https:\/\/www.facebook.com\/eltextual\" \/>\n<meta property=\"article:published_time\" content=\"2026-03-11T09:50:00+00:00\" \/>\n<meta property=\"article:modified_time\" content=\"2026-03-11T13:15:46+00:00\" \/>\n<meta property=\"og:image\" content=\"https:\/\/diariotextual.com\/inicio\/wp-content\/uploads\/2025\/03\/tosomatiasdiputadosplenarioelmedanito2025-1.jpg\" \/>\n\t<meta property=\"og:image:width\" content=\"1500\" \/>\n\t<meta property=\"og:image:height\" content=\"994\" \/>\n\t<meta property=\"og:image:type\" content=\"image\/jpeg\" \/>\n<meta name=\"author\" content=\"Diario1 Diario1\" \/>\n<meta name=\"twitter:card\" content=\"summary_large_image\" \/>\n<meta name=\"twitter:creator\" content=\"@eltextual\" \/>\n<meta name=\"twitter:site\" content=\"@eltextual\" \/>\n<meta name=\"twitter:label1\" content=\"Escrito por\" \/>\n\t<meta name=\"twitter:data1\" content=\"Diario1 Diario1\" \/>\n\t<meta name=\"twitter:label2\" content=\"Tiempo de lectura\" \/>\n\t<meta name=\"twitter:data2\" content=\"6 minutos\" \/>\n<script type=\"application\/ld+json\" class=\"yoast-schema-graph\">{\"@context\":\"https:\\\/\\\/schema.org\",\"@graph\":[{\"@type\":\"Article\",\"@id\":\"https:\\\/\\\/diariotextual.com\\\/inicio\\\/index.php\\\/2026\\\/03\\\/11\\\/el-medanito-funcionarios-van-a-la-legislatura-a-explicar-por-que-pampetrol-es-hoy-por-hoy-la-mejor-opcion\\\/#article\",\"isPartOf\":{\"@id\":\"https:\\\/\\\/diariotextual.com\\\/inicio\\\/index.php\\\/2026\\\/03\\\/11\\\/el-medanito-funcionarios-van-a-la-legislatura-a-explicar-por-que-pampetrol-es-hoy-por-hoy-la-mejor-opcion\\\/\"},\"author\":{\"name\":\"Diario1 Diario1\",\"@id\":\"https:\\\/\\\/diariotextual.com\\\/inicio\\\/#\\\/schema\\\/person\\\/418fc4093c33e86ed41562db3508f958\"},\"headline\":\"El Medanito: funcionarios van a la Legislatura a explicar por qu\u00e9 Pampetrol es, hoy por hoy, la mejor salida\",\"datePublished\":\"2026-03-11T09:50:00+00:00\",\"dateModified\":\"2026-03-11T13:15:46+00:00\",\"mainEntityOfPage\":{\"@id\":\"https:\\\/\\\/diariotextual.com\\\/inicio\\\/index.php\\\/2026\\\/03\\\/11\\\/el-medanito-funcionarios-van-a-la-legislatura-a-explicar-por-que-pampetrol-es-hoy-por-hoy-la-mejor-opcion\\\/\"},\"wordCount\":1223,\"publisher\":{\"@id\":\"https:\\\/\\\/diariotextual.com\\\/inicio\\\/#organization\"},\"image\":{\"@id\":\"https:\\\/\\\/diariotextual.com\\\/inicio\\\/index.php\\\/2026\\\/03\\\/11\\\/el-medanito-funcionarios-van-a-la-legislatura-a-explicar-por-que-pampetrol-es-hoy-por-hoy-la-mejor-opcion\\\/#primaryimage\"},\"thumbnailUrl\":\"https:\\\/\\\/diariotextual.com\\\/inicio\\\/wp-content\\\/uploads\\\/2025\\\/03\\\/tosomatiasdiputadosplenarioelmedanito2025-1.jpg\",\"articleSection\":[\"POLITICA\"],\"inLanguage\":\"es\"},{\"@type\":\"WebPage\",\"@id\":\"https:\\\/\\\/diariotextual.com\\\/inicio\\\/index.php\\\/2026\\\/03\\\/11\\\/el-medanito-funcionarios-van-a-la-legislatura-a-explicar-por-que-pampetrol-es-hoy-por-hoy-la-mejor-opcion\\\/\",\"url\":\"https:\\\/\\\/diariotextual.com\\\/inicio\\\/index.php\\\/2026\\\/03\\\/11\\\/el-medanito-funcionarios-van-a-la-legislatura-a-explicar-por-que-pampetrol-es-hoy-por-hoy-la-mejor-opcion\\\/\",\"name\":\"El Medanito: funcionarios van a la Legislatura a explicar por qu\u00e9 Pampetrol es, hoy por hoy, la mejor salida - Diario Textual\",\"isPartOf\":{\"@id\":\"https:\\\/\\\/diariotextual.com\\\/inicio\\\/#website\"},\"primaryImageOfPage\":{\"@id\":\"https:\\\/\\\/diariotextual.com\\\/inicio\\\/index.php\\\/2026\\\/03\\\/11\\\/el-medanito-funcionarios-van-a-la-legislatura-a-explicar-por-que-pampetrol-es-hoy-por-hoy-la-mejor-opcion\\\/#primaryimage\"},\"image\":{\"@id\":\"https:\\\/\\\/diariotextual.com\\\/inicio\\\/index.php\\\/2026\\\/03\\\/11\\\/el-medanito-funcionarios-van-a-la-legislatura-a-explicar-por-que-pampetrol-es-hoy-por-hoy-la-mejor-opcion\\\/#primaryimage\"},\"thumbnailUrl\":\"https:\\\/\\\/diariotextual.com\\\/inicio\\\/wp-content\\\/uploads\\\/2025\\\/03\\\/tosomatiasdiputadosplenarioelmedanito2025-1.jpg\",\"datePublished\":\"2026-03-11T09:50:00+00:00\",\"dateModified\":\"2026-03-11T13:15:46+00:00\",\"breadcrumb\":{\"@id\":\"https:\\\/\\\/diariotextual.com\\\/inicio\\\/index.php\\\/2026\\\/03\\\/11\\\/el-medanito-funcionarios-van-a-la-legislatura-a-explicar-por-que-pampetrol-es-hoy-por-hoy-la-mejor-opcion\\\/#breadcrumb\"},\"inLanguage\":\"es\",\"potentialAction\":[{\"@type\":\"ReadAction\",\"target\":[\"https:\\\/\\\/diariotextual.com\\\/inicio\\\/index.php\\\/2026\\\/03\\\/11\\\/el-medanito-funcionarios-van-a-la-legislatura-a-explicar-por-que-pampetrol-es-hoy-por-hoy-la-mejor-opcion\\\/\"]}]},{\"@type\":\"ImageObject\",\"inLanguage\":\"es\",\"@id\":\"https:\\\/\\\/diariotextual.com\\\/inicio\\\/index.php\\\/2026\\\/03\\\/11\\\/el-medanito-funcionarios-van-a-la-legislatura-a-explicar-por-que-pampetrol-es-hoy-por-hoy-la-mejor-opcion\\\/#primaryimage\",\"url\":\"https:\\\/\\\/diariotextual.com\\\/inicio\\\/wp-content\\\/uploads\\\/2025\\\/03\\\/tosomatiasdiputadosplenarioelmedanito2025-1.jpg\",\"contentUrl\":\"https:\\\/\\\/diariotextual.com\\\/inicio\\\/wp-content\\\/uploads\\\/2025\\\/03\\\/tosomatiasdiputadosplenarioelmedanito2025-1.jpg\",\"width\":1500,\"height\":994},{\"@type\":\"BreadcrumbList\",\"@id\":\"https:\\\/\\\/diariotextual.com\\\/inicio\\\/index.php\\\/2026\\\/03\\\/11\\\/el-medanito-funcionarios-van-a-la-legislatura-a-explicar-por-que-pampetrol-es-hoy-por-hoy-la-mejor-opcion\\\/#breadcrumb\",\"itemListElement\":[{\"@type\":\"ListItem\",\"position\":1,\"name\":\"Portada\",\"item\":\"https:\\\/\\\/diariotextual.com\\\/inicio\\\/\"},{\"@type\":\"ListItem\",\"position\":2,\"name\":\"El Medanito: funcionarios van a la Legislatura a explicar por qu\u00e9 Pampetrol es, hoy por hoy, la mejor salida\"}]},{\"@type\":\"WebSite\",\"@id\":\"https:\\\/\\\/diariotextual.com\\\/inicio\\\/#website\",\"url\":\"https:\\\/\\\/diariotextual.com\\\/inicio\\\/\",\"name\":\"Diario Textual\",\"description\":\"\",\"publisher\":{\"@id\":\"https:\\\/\\\/diariotextual.com\\\/inicio\\\/#organization\"},\"potentialAction\":[{\"@type\":\"SearchAction\",\"target\":{\"@type\":\"EntryPoint\",\"urlTemplate\":\"https:\\\/\\\/diariotextual.com\\\/inicio\\\/?s={search_term_string}\"},\"query-input\":{\"@type\":\"PropertyValueSpecification\",\"valueRequired\":true,\"valueName\":\"search_term_string\"}}],\"inLanguage\":\"es\"},{\"@type\":\"Organization\",\"@id\":\"https:\\\/\\\/diariotextual.com\\\/inicio\\\/#organization\",\"name\":\"Diario Textual\",\"url\":\"https:\\\/\\\/diariotextual.com\\\/inicio\\\/\",\"logo\":{\"@type\":\"ImageObject\",\"inLanguage\":\"es\",\"@id\":\"https:\\\/\\\/diariotextual.com\\\/inicio\\\/#\\\/schema\\\/logo\\\/image\\\/\",\"url\":\"https:\\\/\\\/diariotextual.com\\\/inicio\\\/wp-content\\\/uploads\\\/2023\\\/05\\\/logotextual1.jpg\",\"contentUrl\":\"https:\\\/\\\/diariotextual.com\\\/inicio\\\/wp-content\\\/uploads\\\/2023\\\/05\\\/logotextual1.jpg\",\"width\":516,\"height\":76,\"caption\":\"Diario Textual\"},\"image\":{\"@id\":\"https:\\\/\\\/diariotextual.com\\\/inicio\\\/#\\\/schema\\\/logo\\\/image\\\/\"},\"sameAs\":[\"https:\\\/\\\/www.facebook.com\\\/eltextual\",\"https:\\\/\\\/x.com\\\/eltextual\",\"http:\\\/\\\/www.instagram.com\\\/eltextual\"]},{\"@type\":\"Person\",\"@id\":\"https:\\\/\\\/diariotextual.com\\\/inicio\\\/#\\\/schema\\\/person\\\/418fc4093c33e86ed41562db3508f958\",\"name\":\"Diario1 Diario1\",\"image\":{\"@type\":\"ImageObject\",\"inLanguage\":\"es\",\"@id\":\"https:\\\/\\\/secure.gravatar.com\\\/avatar\\\/9167d280179c85bc18be67aa7eda765854300033af4896dd779b608640f2ef7a?s=96&d=mm&r=g\",\"url\":\"https:\\\/\\\/secure.gravatar.com\\\/avatar\\\/9167d280179c85bc18be67aa7eda765854300033af4896dd779b608640f2ef7a?s=96&d=mm&r=g\",\"contentUrl\":\"https:\\\/\\\/secure.gravatar.com\\\/avatar\\\/9167d280179c85bc18be67aa7eda765854300033af4896dd779b608640f2ef7a?s=96&d=mm&r=g\",\"caption\":\"Diario1 Diario1\"},\"url\":\"https:\\\/\\\/diariotextual.com\\\/inicio\\\/index.php\\\/author\\\/diario1\\\/\"}]}<\/script>\n<!-- \/ Yoast SEO plugin. -->","yoast_head_json":{"title":"El Medanito: funcionarios van a la Legislatura a explicar por qu\u00e9 Pampetrol es, hoy por hoy, la mejor salida - Diario Textual","robots":{"index":"index","follow":"follow","max-snippet":"max-snippet:-1","max-image-preview":"max-image-preview:large","max-video-preview":"max-video-preview:-1"},"canonical":"https:\/\/diariotextual.com\/inicio\/index.php\/2026\/03\/11\/el-medanito-funcionarios-van-a-la-legislatura-a-explicar-por-que-pampetrol-es-hoy-por-hoy-la-mejor-opcion\/","og_locale":"es_ES","og_type":"article","og_title":"El Medanito: funcionarios van a la Legislatura a explicar por qu\u00e9 Pampetrol es, hoy por hoy, la mejor salida - Diario Textual","og_description":"La Legislatura de La Pampa retomar\u00e1 este mi\u00e9rcoles el debate por el futuro del yacimiento petrolero El Medanito, el principal de la provincia, luego del fracaso de la reciente licitaci\u00f3n.&hellip;","og_url":"https:\/\/diariotextual.com\/inicio\/index.php\/2026\/03\/11\/el-medanito-funcionarios-van-a-la-legislatura-a-explicar-por-que-pampetrol-es-hoy-por-hoy-la-mejor-opcion\/","og_site_name":"Diario Textual","article_publisher":"https:\/\/www.facebook.com\/eltextual","article_published_time":"2026-03-11T09:50:00+00:00","article_modified_time":"2026-03-11T13:15:46+00:00","og_image":[{"width":1500,"height":994,"url":"https:\/\/diariotextual.com\/inicio\/wp-content\/uploads\/2025\/03\/tosomatiasdiputadosplenarioelmedanito2025-1.jpg","type":"image\/jpeg"}],"author":"Diario1 Diario1","twitter_card":"summary_large_image","twitter_creator":"@eltextual","twitter_site":"@eltextual","twitter_misc":{"Escrito por":"Diario1 Diario1","Tiempo de lectura":"6 minutos"},"schema":{"@context":"https:\/\/schema.org","@graph":[{"@type":"Article","@id":"https:\/\/diariotextual.com\/inicio\/index.php\/2026\/03\/11\/el-medanito-funcionarios-van-a-la-legislatura-a-explicar-por-que-pampetrol-es-hoy-por-hoy-la-mejor-opcion\/#article","isPartOf":{"@id":"https:\/\/diariotextual.com\/inicio\/index.php\/2026\/03\/11\/el-medanito-funcionarios-van-a-la-legislatura-a-explicar-por-que-pampetrol-es-hoy-por-hoy-la-mejor-opcion\/"},"author":{"name":"Diario1 Diario1","@id":"https:\/\/diariotextual.com\/inicio\/#\/schema\/person\/418fc4093c33e86ed41562db3508f958"},"headline":"El Medanito: funcionarios van a la Legislatura a explicar por qu\u00e9 Pampetrol es, hoy por hoy, la mejor salida","datePublished":"2026-03-11T09:50:00+00:00","dateModified":"2026-03-11T13:15:46+00:00","mainEntityOfPage":{"@id":"https:\/\/diariotextual.com\/inicio\/index.php\/2026\/03\/11\/el-medanito-funcionarios-van-a-la-legislatura-a-explicar-por-que-pampetrol-es-hoy-por-hoy-la-mejor-opcion\/"},"wordCount":1223,"publisher":{"@id":"https:\/\/diariotextual.com\/inicio\/#organization"},"image":{"@id":"https:\/\/diariotextual.com\/inicio\/index.php\/2026\/03\/11\/el-medanito-funcionarios-van-a-la-legislatura-a-explicar-por-que-pampetrol-es-hoy-por-hoy-la-mejor-opcion\/#primaryimage"},"thumbnailUrl":"https:\/\/diariotextual.com\/inicio\/wp-content\/uploads\/2025\/03\/tosomatiasdiputadosplenarioelmedanito2025-1.jpg","articleSection":["POLITICA"],"inLanguage":"es"},{"@type":"WebPage","@id":"https:\/\/diariotextual.com\/inicio\/index.php\/2026\/03\/11\/el-medanito-funcionarios-van-a-la-legislatura-a-explicar-por-que-pampetrol-es-hoy-por-hoy-la-mejor-opcion\/","url":"https:\/\/diariotextual.com\/inicio\/index.php\/2026\/03\/11\/el-medanito-funcionarios-van-a-la-legislatura-a-explicar-por-que-pampetrol-es-hoy-por-hoy-la-mejor-opcion\/","name":"El Medanito: funcionarios van a la Legislatura a explicar por qu\u00e9 Pampetrol es, hoy por hoy, la mejor salida - Diario Textual","isPartOf":{"@id":"https:\/\/diariotextual.com\/inicio\/#website"},"primaryImageOfPage":{"@id":"https:\/\/diariotextual.com\/inicio\/index.php\/2026\/03\/11\/el-medanito-funcionarios-van-a-la-legislatura-a-explicar-por-que-pampetrol-es-hoy-por-hoy-la-mejor-opcion\/#primaryimage"},"image":{"@id":"https:\/\/diariotextual.com\/inicio\/index.php\/2026\/03\/11\/el-medanito-funcionarios-van-a-la-legislatura-a-explicar-por-que-pampetrol-es-hoy-por-hoy-la-mejor-opcion\/#primaryimage"},"thumbnailUrl":"https:\/\/diariotextual.com\/inicio\/wp-content\/uploads\/2025\/03\/tosomatiasdiputadosplenarioelmedanito2025-1.jpg","datePublished":"2026-03-11T09:50:00+00:00","dateModified":"2026-03-11T13:15:46+00:00","breadcrumb":{"@id":"https:\/\/diariotextual.com\/inicio\/index.php\/2026\/03\/11\/el-medanito-funcionarios-van-a-la-legislatura-a-explicar-por-que-pampetrol-es-hoy-por-hoy-la-mejor-opcion\/#breadcrumb"},"inLanguage":"es","potentialAction":[{"@type":"ReadAction","target":["https:\/\/diariotextual.com\/inicio\/index.php\/2026\/03\/11\/el-medanito-funcionarios-van-a-la-legislatura-a-explicar-por-que-pampetrol-es-hoy-por-hoy-la-mejor-opcion\/"]}]},{"@type":"ImageObject","inLanguage":"es","@id":"https:\/\/diariotextual.com\/inicio\/index.php\/2026\/03\/11\/el-medanito-funcionarios-van-a-la-legislatura-a-explicar-por-que-pampetrol-es-hoy-por-hoy-la-mejor-opcion\/#primaryimage","url":"https:\/\/diariotextual.com\/inicio\/wp-content\/uploads\/2025\/03\/tosomatiasdiputadosplenarioelmedanito2025-1.jpg","contentUrl":"https:\/\/diariotextual.com\/inicio\/wp-content\/uploads\/2025\/03\/tosomatiasdiputadosplenarioelmedanito2025-1.jpg","width":1500,"height":994},{"@type":"BreadcrumbList","@id":"https:\/\/diariotextual.com\/inicio\/index.php\/2026\/03\/11\/el-medanito-funcionarios-van-a-la-legislatura-a-explicar-por-que-pampetrol-es-hoy-por-hoy-la-mejor-opcion\/#breadcrumb","itemListElement":[{"@type":"ListItem","position":1,"name":"Portada","item":"https:\/\/diariotextual.com\/inicio\/"},{"@type":"ListItem","position":2,"name":"El Medanito: funcionarios van a la Legislatura a explicar por qu\u00e9 Pampetrol es, hoy por hoy, la mejor salida"}]},{"@type":"WebSite","@id":"https:\/\/diariotextual.com\/inicio\/#website","url":"https:\/\/diariotextual.com\/inicio\/","name":"Diario Textual","description":"","publisher":{"@id":"https:\/\/diariotextual.com\/inicio\/#organization"},"potentialAction":[{"@type":"SearchAction","target":{"@type":"EntryPoint","urlTemplate":"https:\/\/diariotextual.com\/inicio\/?s={search_term_string}"},"query-input":{"@type":"PropertyValueSpecification","valueRequired":true,"valueName":"search_term_string"}}],"inLanguage":"es"},{"@type":"Organization","@id":"https:\/\/diariotextual.com\/inicio\/#organization","name":"Diario Textual","url":"https:\/\/diariotextual.com\/inicio\/","logo":{"@type":"ImageObject","inLanguage":"es","@id":"https:\/\/diariotextual.com\/inicio\/#\/schema\/logo\/image\/","url":"https:\/\/diariotextual.com\/inicio\/wp-content\/uploads\/2023\/05\/logotextual1.jpg","contentUrl":"https:\/\/diariotextual.com\/inicio\/wp-content\/uploads\/2023\/05\/logotextual1.jpg","width":516,"height":76,"caption":"Diario Textual"},"image":{"@id":"https:\/\/diariotextual.com\/inicio\/#\/schema\/logo\/image\/"},"sameAs":["https:\/\/www.facebook.com\/eltextual","https:\/\/x.com\/eltextual","http:\/\/www.instagram.com\/eltextual"]},{"@type":"Person","@id":"https:\/\/diariotextual.com\/inicio\/#\/schema\/person\/418fc4093c33e86ed41562db3508f958","name":"Diario1 Diario1","image":{"@type":"ImageObject","inLanguage":"es","@id":"https:\/\/secure.gravatar.com\/avatar\/9167d280179c85bc18be67aa7eda765854300033af4896dd779b608640f2ef7a?s=96&d=mm&r=g","url":"https:\/\/secure.gravatar.com\/avatar\/9167d280179c85bc18be67aa7eda765854300033af4896dd779b608640f2ef7a?s=96&d=mm&r=g","contentUrl":"https:\/\/secure.gravatar.com\/avatar\/9167d280179c85bc18be67aa7eda765854300033af4896dd779b608640f2ef7a?s=96&d=mm&r=g","caption":"Diario1 Diario1"},"url":"https:\/\/diariotextual.com\/inicio\/index.php\/author\/diario1\/"}]}},"_links":{"self":[{"href":"https:\/\/diariotextual.com\/inicio\/index.php\/wp-json\/wp\/v2\/posts\/321658","targetHints":{"allow":["GET"]}}],"collection":[{"href":"https:\/\/diariotextual.com\/inicio\/index.php\/wp-json\/wp\/v2\/posts"}],"about":[{"href":"https:\/\/diariotextual.com\/inicio\/index.php\/wp-json\/wp\/v2\/types\/post"}],"author":[{"embeddable":true,"href":"https:\/\/diariotextual.com\/inicio\/index.php\/wp-json\/wp\/v2\/users\/3"}],"replies":[{"embeddable":true,"href":"https:\/\/diariotextual.com\/inicio\/index.php\/wp-json\/wp\/v2\/comments?post=321658"}],"version-history":[{"count":11,"href":"https:\/\/diariotextual.com\/inicio\/index.php\/wp-json\/wp\/v2\/posts\/321658\/revisions"}],"predecessor-version":[{"id":321933,"href":"https:\/\/diariotextual.com\/inicio\/index.php\/wp-json\/wp\/v2\/posts\/321658\/revisions\/321933"}],"wp:featuredmedia":[{"embeddable":true,"href":"https:\/\/diariotextual.com\/inicio\/index.php\/wp-json\/wp\/v2\/media\/291569"}],"wp:attachment":[{"href":"https:\/\/diariotextual.com\/inicio\/index.php\/wp-json\/wp\/v2\/media?parent=321658"}],"wp:term":[{"taxonomy":"category","embeddable":true,"href":"https:\/\/diariotextual.com\/inicio\/index.php\/wp-json\/wp\/v2\/categories?post=321658"},{"taxonomy":"post_tag","embeddable":true,"href":"https:\/\/diariotextual.com\/inicio\/index.php\/wp-json\/wp\/v2\/tags?post=321658"}],"curies":[{"name":"wp","href":"https:\/\/api.w.org\/{rel}","templated":true}]}}