{"id":321665,"date":"2026-03-08T09:19:02","date_gmt":"2026-03-08T12:19:02","guid":{"rendered":"https:\/\/diariotextual.com\/inicio\/?p=321665"},"modified":"2026-03-09T20:01:45","modified_gmt":"2026-03-09T23:01:45","slug":"murio-un-hombre-en-un-choque-frontal-entre-pico-y-trebolares","status":"publish","type":"post","link":"https:\/\/diariotextual.com\/inicio\/index.php\/2026\/03\/08\/murio-un-hombre-en-un-choque-frontal-entre-pico-y-trebolares\/","title":{"rendered":"Muri\u00f3 un hombre en un choque frontal en la ruta 1, entre Pico y Trebolares"},"content":{"rendered":"\n<p><strong>Un hombre de 56 a\u00f1os muri\u00f3 durante la madrugada de este domingo, luego de protagonizar un violento choque frontal entre una camioneta Ford F-100 y un autom\u00f3vil Volkswagen Suran en la ruta provincial 1, en cercan\u00edas de la ciudad de General Pico.<\/strong><\/p>\n\n\n\n<p>El siniestro vial ocurri\u00f3 a la altura del kil\u00f3metro 64, en el tramo recto comprendido entre la planta de Residuos S\u00f3lidos Urbanos y la conocida curva de Trebolares.<\/p>\n\n\n\n<p><br>Seg\u00fan inform\u00f3 el fiscal Guillermo Komarofky , de la II Circunscripci\u00f3n del Ministerio P\u00fablico Fiscal de La Pampa, el hecho se conoci\u00f3 alrededor de las 21.40 horas del s\u00e1bado, a partir de un llamado telef\u00f3nico ingresado al n\u00famero de emergencias que alert\u00f3 sobre el choque ocurrido entre los kil\u00f3metros 64 y 66 de la ruta.<\/p>\n\n\n\n<p><br>De acuerdo con los primeros datos de la investigaci\u00f3n, una Ford F-100 circulaba desde General Pico hacia la zona rural de General Villegas, mientras que en sentido contrario \u2014desde Intendente Alvear hacia General Pico\u2014 lo hac\u00eda una Volkswagen Suran.<\/p>\n\n\n\n<p><br>En cada veh\u00edculo viajaban dos personas: un hombre y una mujer mayores de edad. Por causas que a\u00fan se investigan, en un tramo recto de la ruta la Volkswagen Suran habr\u00eda invadido el carril contrario, por el que transitaba correctamente la camioneta, lo que provoc\u00f3 la colisi\u00f3n frontal.<\/p>\n\n\n\n<p>Luego del impacto, las cuatro personas fueron trasladadas al Hospital Gobernador Centeno de General Pico con diferentes lesiones. Sin embargo, m\u00e1s tarde se confirm\u00f3 el fallecimiento del conductor de la Suran, un hombre de 56 a\u00f1os domiciliado en Intendente Alvear.<\/p>\n\n\n\n<p>El fiscal indic\u00f3 adem\u00e1s que al conductor de la camioneta se le realiz\u00f3 el test de alcoholemia, ya que su estado cl\u00ednico lo permit\u00eda, el cual arroj\u00f3 resultado negativo (0,0). En cambio, al conductor del autom\u00f3vil no se le pudo realizar la prueba en el lugar debido a la gravedad de las lesiones que presentaba.<br>Para determinar con precisi\u00f3n las causas del fallecimiento, el fiscal solicit\u00f3 el informe de autopsia al m\u00e9dico forense Gustavo Ferreyra.<\/p>\n\n\n\n<p>La investigaci\u00f3n contin\u00faa para establecer con exactitud las circunstancias en que se produjo el tr\u00e1gico siniestro vial en el norte pampeano.<\/p>\n\n\n\n<p><\/p>\n","protected":false},"excerpt":{"rendered":"<p>Un hombre de 56 a\u00f1os muri\u00f3 durante la madrugada de este domingo, luego de protagonizar un violento choque frontal entre una camioneta Ford F-100 y un autom\u00f3vil Volkswagen Suran en&hellip;<\/p>\n","protected":false},"author":3,"featured_media":321674,"comment_status":"closed","ping_status":"open","sticky":false,"template":"","format":"standard","meta":{"_acf_changed":false,"footnotes":""},"categories":[1,12],"tags":[],"class_list":["post-321665","post","type-post","status-publish","format-standard","has-post-thumbnail","hentry","category-es-noticia","category-sociedad"],"acf":[],"yoast_head":"<!-- This site is optimized with the Yoast SEO plugin v27.5 - https:\/\/yoast.com\/product\/yoast-seo-wordpress\/ -->\n<title>Muri\u00f3 un hombre en un choque frontal en la ruta 1, entre Pico y Trebolares - Diario Textual<\/title>\n<meta name=\"robots\" content=\"index, follow, max-snippet:-1, max-image-preview:large, max-video-preview:-1\" \/>\n<link rel=\"canonical\" href=\"https:\/\/diariotextual.com\/inicio\/index.php\/2026\/03\/08\/murio-un-hombre-en-un-choque-frontal-entre-pico-y-trebolares\/\" \/>\n<meta property=\"og:locale\" content=\"es_ES\" \/>\n<meta property=\"og:type\" content=\"article\" \/>\n<meta property=\"og:title\" content=\"Muri\u00f3 un hombre en un choque frontal en la ruta 1, entre Pico y Trebolares - Diario Textual\" \/>\n<meta property=\"og:description\" content=\"Un hombre de 56 a\u00f1os muri\u00f3 durante la madrugada de este domingo, luego de protagonizar un violento choque frontal entre una camioneta Ford F-100 y un autom\u00f3vil Volkswagen Suran en&hellip;\" \/>\n<meta property=\"og:url\" content=\"https:\/\/diariotextual.com\/inicio\/index.php\/2026\/03\/08\/murio-un-hombre-en-un-choque-frontal-entre-pico-y-trebolares\/\" \/>\n<meta property=\"og:site_name\" content=\"Diario Textual\" \/>\n<meta property=\"article:publisher\" content=\"https:\/\/www.facebook.com\/eltextual\" \/>\n<meta property=\"article:published_time\" content=\"2026-03-08T12:19:02+00:00\" \/>\n<meta property=\"article:modified_time\" content=\"2026-03-09T23:01:45+00:00\" \/>\n<meta property=\"og:image\" content=\"https:\/\/diariotextual.com\/inicio\/wp-content\/uploads\/2026\/03\/choquefatalruta1-7marzo2026-3.jpg\" \/>\n\t<meta property=\"og:image:width\" content=\"1080\" \/>\n\t<meta property=\"og:image:height\" content=\"779\" \/>\n\t<meta property=\"og:image:type\" content=\"image\/jpeg\" \/>\n<meta name=\"author\" content=\"Diario1 Diario1\" \/>\n<meta name=\"twitter:card\" content=\"summary_large_image\" \/>\n<meta name=\"twitter:creator\" content=\"@eltextual\" \/>\n<meta name=\"twitter:site\" content=\"@eltextual\" \/>\n<meta name=\"twitter:label1\" content=\"Escrito por\" \/>\n\t<meta name=\"twitter:data1\" content=\"Diario1 Diario1\" \/>\n\t<meta name=\"twitter:label2\" content=\"Tiempo de lectura\" \/>\n\t<meta name=\"twitter:data2\" content=\"2 minutos\" \/>\n<script type=\"application\/ld+json\" class=\"yoast-schema-graph\">{\"@context\":\"https:\\\/\\\/schema.org\",\"@graph\":[{\"@type\":\"Article\",\"@id\":\"https:\\\/\\\/diariotextual.com\\\/inicio\\\/index.php\\\/2026\\\/03\\\/08\\\/murio-un-hombre-en-un-choque-frontal-entre-pico-y-trebolares\\\/#article\",\"isPartOf\":{\"@id\":\"https:\\\/\\\/diariotextual.com\\\/inicio\\\/index.php\\\/2026\\\/03\\\/08\\\/murio-un-hombre-en-un-choque-frontal-entre-pico-y-trebolares\\\/\"},\"author\":{\"name\":\"Diario1 Diario1\",\"@id\":\"https:\\\/\\\/diariotextual.com\\\/inicio\\\/#\\\/schema\\\/person\\\/418fc4093c33e86ed41562db3508f958\"},\"headline\":\"Muri\u00f3 un hombre en un choque frontal en la ruta 1, entre Pico y Trebolares\",\"datePublished\":\"2026-03-08T12:19:02+00:00\",\"dateModified\":\"2026-03-09T23:01:45+00:00\",\"mainEntityOfPage\":{\"@id\":\"https:\\\/\\\/diariotextual.com\\\/inicio\\\/index.php\\\/2026\\\/03\\\/08\\\/murio-un-hombre-en-un-choque-frontal-entre-pico-y-trebolares\\\/\"},\"wordCount\":382,\"publisher\":{\"@id\":\"https:\\\/\\\/diariotextual.com\\\/inicio\\\/#organization\"},\"image\":{\"@id\":\"https:\\\/\\\/diariotextual.com\\\/inicio\\\/index.php\\\/2026\\\/03\\\/08\\\/murio-un-hombre-en-un-choque-frontal-entre-pico-y-trebolares\\\/#primaryimage\"},\"thumbnailUrl\":\"https:\\\/\\\/diariotextual.com\\\/inicio\\\/wp-content\\\/uploads\\\/2026\\\/03\\\/choquefatalruta1-7marzo2026-3.jpg\",\"articleSection\":[\"A - ES NOTICIA (van abajo)\",\"SOCIEDAD\"],\"inLanguage\":\"es\"},{\"@type\":\"WebPage\",\"@id\":\"https:\\\/\\\/diariotextual.com\\\/inicio\\\/index.php\\\/2026\\\/03\\\/08\\\/murio-un-hombre-en-un-choque-frontal-entre-pico-y-trebolares\\\/\",\"url\":\"https:\\\/\\\/diariotextual.com\\\/inicio\\\/index.php\\\/2026\\\/03\\\/08\\\/murio-un-hombre-en-un-choque-frontal-entre-pico-y-trebolares\\\/\",\"name\":\"Muri\u00f3 un hombre en un choque frontal en la ruta 1, entre Pico y Trebolares - Diario Textual\",\"isPartOf\":{\"@id\":\"https:\\\/\\\/diariotextual.com\\\/inicio\\\/#website\"},\"primaryImageOfPage\":{\"@id\":\"https:\\\/\\\/diariotextual.com\\\/inicio\\\/index.php\\\/2026\\\/03\\\/08\\\/murio-un-hombre-en-un-choque-frontal-entre-pico-y-trebolares\\\/#primaryimage\"},\"image\":{\"@id\":\"https:\\\/\\\/diariotextual.com\\\/inicio\\\/index.php\\\/2026\\\/03\\\/08\\\/murio-un-hombre-en-un-choque-frontal-entre-pico-y-trebolares\\\/#primaryimage\"},\"thumbnailUrl\":\"https:\\\/\\\/diariotextual.com\\\/inicio\\\/wp-content\\\/uploads\\\/2026\\\/03\\\/choquefatalruta1-7marzo2026-3.jpg\",\"datePublished\":\"2026-03-08T12:19:02+00:00\",\"dateModified\":\"2026-03-09T23:01:45+00:00\",\"breadcrumb\":{\"@id\":\"https:\\\/\\\/diariotextual.com\\\/inicio\\\/index.php\\\/2026\\\/03\\\/08\\\/murio-un-hombre-en-un-choque-frontal-entre-pico-y-trebolares\\\/#breadcrumb\"},\"inLanguage\":\"es\",\"potentialAction\":[{\"@type\":\"ReadAction\",\"target\":[\"https:\\\/\\\/diariotextual.com\\\/inicio\\\/index.php\\\/2026\\\/03\\\/08\\\/murio-un-hombre-en-un-choque-frontal-entre-pico-y-trebolares\\\/\"]}]},{\"@type\":\"ImageObject\",\"inLanguage\":\"es\",\"@id\":\"https:\\\/\\\/diariotextual.com\\\/inicio\\\/index.php\\\/2026\\\/03\\\/08\\\/murio-un-hombre-en-un-choque-frontal-entre-pico-y-trebolares\\\/#primaryimage\",\"url\":\"https:\\\/\\\/diariotextual.com\\\/inicio\\\/wp-content\\\/uploads\\\/2026\\\/03\\\/choquefatalruta1-7marzo2026-3.jpg\",\"contentUrl\":\"https:\\\/\\\/diariotextual.com\\\/inicio\\\/wp-content\\\/uploads\\\/2026\\\/03\\\/choquefatalruta1-7marzo2026-3.jpg\",\"width\":1080,\"height\":779},{\"@type\":\"BreadcrumbList\",\"@id\":\"https:\\\/\\\/diariotextual.com\\\/inicio\\\/index.php\\\/2026\\\/03\\\/08\\\/murio-un-hombre-en-un-choque-frontal-entre-pico-y-trebolares\\\/#breadcrumb\",\"itemListElement\":[{\"@type\":\"ListItem\",\"position\":1,\"name\":\"Portada\",\"item\":\"https:\\\/\\\/diariotextual.com\\\/inicio\\\/\"},{\"@type\":\"ListItem\",\"position\":2,\"name\":\"Muri\u00f3 un hombre en un choque frontal en la ruta 1, entre Pico y Trebolares\"}]},{\"@type\":\"WebSite\",\"@id\":\"https:\\\/\\\/diariotextual.com\\\/inicio\\\/#website\",\"url\":\"https:\\\/\\\/diariotextual.com\\\/inicio\\\/\",\"name\":\"Diario Textual\",\"description\":\"\",\"publisher\":{\"@id\":\"https:\\\/\\\/diariotextual.com\\\/inicio\\\/#organization\"},\"potentialAction\":[{\"@type\":\"SearchAction\",\"target\":{\"@type\":\"EntryPoint\",\"urlTemplate\":\"https:\\\/\\\/diariotextual.com\\\/inicio\\\/?s={search_term_string}\"},\"query-input\":{\"@type\":\"PropertyValueSpecification\",\"valueRequired\":true,\"valueName\":\"search_term_string\"}}],\"inLanguage\":\"es\"},{\"@type\":\"Organization\",\"@id\":\"https:\\\/\\\/diariotextual.com\\\/inicio\\\/#organization\",\"name\":\"Diario Textual\",\"url\":\"https:\\\/\\\/diariotextual.com\\\/inicio\\\/\",\"logo\":{\"@type\":\"ImageObject\",\"inLanguage\":\"es\",\"@id\":\"https:\\\/\\\/diariotextual.com\\\/inicio\\\/#\\\/schema\\\/logo\\\/image\\\/\",\"url\":\"https:\\\/\\\/diariotextual.com\\\/inicio\\\/wp-content\\\/uploads\\\/2023\\\/05\\\/logotextual1.jpg\",\"contentUrl\":\"https:\\\/\\\/diariotextual.com\\\/inicio\\\/wp-content\\\/uploads\\\/2023\\\/05\\\/logotextual1.jpg\",\"width\":516,\"height\":76,\"caption\":\"Diario Textual\"},\"image\":{\"@id\":\"https:\\\/\\\/diariotextual.com\\\/inicio\\\/#\\\/schema\\\/logo\\\/image\\\/\"},\"sameAs\":[\"https:\\\/\\\/www.facebook.com\\\/eltextual\",\"https:\\\/\\\/x.com\\\/eltextual\",\"http:\\\/\\\/www.instagram.com\\\/eltextual\"]},{\"@type\":\"Person\",\"@id\":\"https:\\\/\\\/diariotextual.com\\\/inicio\\\/#\\\/schema\\\/person\\\/418fc4093c33e86ed41562db3508f958\",\"name\":\"Diario1 Diario1\",\"image\":{\"@type\":\"ImageObject\",\"inLanguage\":\"es\",\"@id\":\"https:\\\/\\\/secure.gravatar.com\\\/avatar\\\/9167d280179c85bc18be67aa7eda765854300033af4896dd779b608640f2ef7a?s=96&d=mm&r=g\",\"url\":\"https:\\\/\\\/secure.gravatar.com\\\/avatar\\\/9167d280179c85bc18be67aa7eda765854300033af4896dd779b608640f2ef7a?s=96&d=mm&r=g\",\"contentUrl\":\"https:\\\/\\\/secure.gravatar.com\\\/avatar\\\/9167d280179c85bc18be67aa7eda765854300033af4896dd779b608640f2ef7a?s=96&d=mm&r=g\",\"caption\":\"Diario1 Diario1\"},\"url\":\"https:\\\/\\\/diariotextual.com\\\/inicio\\\/index.php\\\/author\\\/diario1\\\/\"}]}<\/script>\n<!-- \/ Yoast SEO plugin. -->","yoast_head_json":{"title":"Muri\u00f3 un hombre en un choque frontal en la ruta 1, entre Pico y Trebolares - Diario Textual","robots":{"index":"index","follow":"follow","max-snippet":"max-snippet:-1","max-image-preview":"max-image-preview:large","max-video-preview":"max-video-preview:-1"},"canonical":"https:\/\/diariotextual.com\/inicio\/index.php\/2026\/03\/08\/murio-un-hombre-en-un-choque-frontal-entre-pico-y-trebolares\/","og_locale":"es_ES","og_type":"article","og_title":"Muri\u00f3 un hombre en un choque frontal en la ruta 1, entre Pico y Trebolares - Diario Textual","og_description":"Un hombre de 56 a\u00f1os muri\u00f3 durante la madrugada de este domingo, luego de protagonizar un violento choque frontal entre una camioneta Ford F-100 y un autom\u00f3vil Volkswagen Suran en&hellip;","og_url":"https:\/\/diariotextual.com\/inicio\/index.php\/2026\/03\/08\/murio-un-hombre-en-un-choque-frontal-entre-pico-y-trebolares\/","og_site_name":"Diario Textual","article_publisher":"https:\/\/www.facebook.com\/eltextual","article_published_time":"2026-03-08T12:19:02+00:00","article_modified_time":"2026-03-09T23:01:45+00:00","og_image":[{"width":1080,"height":779,"url":"https:\/\/diariotextual.com\/inicio\/wp-content\/uploads\/2026\/03\/choquefatalruta1-7marzo2026-3.jpg","type":"image\/jpeg"}],"author":"Diario1 Diario1","twitter_card":"summary_large_image","twitter_creator":"@eltextual","twitter_site":"@eltextual","twitter_misc":{"Escrito por":"Diario1 Diario1","Tiempo de lectura":"2 minutos"},"schema":{"@context":"https:\/\/schema.org","@graph":[{"@type":"Article","@id":"https:\/\/diariotextual.com\/inicio\/index.php\/2026\/03\/08\/murio-un-hombre-en-un-choque-frontal-entre-pico-y-trebolares\/#article","isPartOf":{"@id":"https:\/\/diariotextual.com\/inicio\/index.php\/2026\/03\/08\/murio-un-hombre-en-un-choque-frontal-entre-pico-y-trebolares\/"},"author":{"name":"Diario1 Diario1","@id":"https:\/\/diariotextual.com\/inicio\/#\/schema\/person\/418fc4093c33e86ed41562db3508f958"},"headline":"Muri\u00f3 un hombre en un choque frontal en la ruta 1, entre Pico y Trebolares","datePublished":"2026-03-08T12:19:02+00:00","dateModified":"2026-03-09T23:01:45+00:00","mainEntityOfPage":{"@id":"https:\/\/diariotextual.com\/inicio\/index.php\/2026\/03\/08\/murio-un-hombre-en-un-choque-frontal-entre-pico-y-trebolares\/"},"wordCount":382,"publisher":{"@id":"https:\/\/diariotextual.com\/inicio\/#organization"},"image":{"@id":"https:\/\/diariotextual.com\/inicio\/index.php\/2026\/03\/08\/murio-un-hombre-en-un-choque-frontal-entre-pico-y-trebolares\/#primaryimage"},"thumbnailUrl":"https:\/\/diariotextual.com\/inicio\/wp-content\/uploads\/2026\/03\/choquefatalruta1-7marzo2026-3.jpg","articleSection":["A - ES NOTICIA (van abajo)","SOCIEDAD"],"inLanguage":"es"},{"@type":"WebPage","@id":"https:\/\/diariotextual.com\/inicio\/index.php\/2026\/03\/08\/murio-un-hombre-en-un-choque-frontal-entre-pico-y-trebolares\/","url":"https:\/\/diariotextual.com\/inicio\/index.php\/2026\/03\/08\/murio-un-hombre-en-un-choque-frontal-entre-pico-y-trebolares\/","name":"Muri\u00f3 un hombre en un choque frontal en la ruta 1, entre Pico y Trebolares - Diario Textual","isPartOf":{"@id":"https:\/\/diariotextual.com\/inicio\/#website"},"primaryImageOfPage":{"@id":"https:\/\/diariotextual.com\/inicio\/index.php\/2026\/03\/08\/murio-un-hombre-en-un-choque-frontal-entre-pico-y-trebolares\/#primaryimage"},"image":{"@id":"https:\/\/diariotextual.com\/inicio\/index.php\/2026\/03\/08\/murio-un-hombre-en-un-choque-frontal-entre-pico-y-trebolares\/#primaryimage"},"thumbnailUrl":"https:\/\/diariotextual.com\/inicio\/wp-content\/uploads\/2026\/03\/choquefatalruta1-7marzo2026-3.jpg","datePublished":"2026-03-08T12:19:02+00:00","dateModified":"2026-03-09T23:01:45+00:00","breadcrumb":{"@id":"https:\/\/diariotextual.com\/inicio\/index.php\/2026\/03\/08\/murio-un-hombre-en-un-choque-frontal-entre-pico-y-trebolares\/#breadcrumb"},"inLanguage":"es","potentialAction":[{"@type":"ReadAction","target":["https:\/\/diariotextual.com\/inicio\/index.php\/2026\/03\/08\/murio-un-hombre-en-un-choque-frontal-entre-pico-y-trebolares\/"]}]},{"@type":"ImageObject","inLanguage":"es","@id":"https:\/\/diariotextual.com\/inicio\/index.php\/2026\/03\/08\/murio-un-hombre-en-un-choque-frontal-entre-pico-y-trebolares\/#primaryimage","url":"https:\/\/diariotextual.com\/inicio\/wp-content\/uploads\/2026\/03\/choquefatalruta1-7marzo2026-3.jpg","contentUrl":"https:\/\/diariotextual.com\/inicio\/wp-content\/uploads\/2026\/03\/choquefatalruta1-7marzo2026-3.jpg","width":1080,"height":779},{"@type":"BreadcrumbList","@id":"https:\/\/diariotextual.com\/inicio\/index.php\/2026\/03\/08\/murio-un-hombre-en-un-choque-frontal-entre-pico-y-trebolares\/#breadcrumb","itemListElement":[{"@type":"ListItem","position":1,"name":"Portada","item":"https:\/\/diariotextual.com\/inicio\/"},{"@type":"ListItem","position":2,"name":"Muri\u00f3 un hombre en un choque frontal en la ruta 1, entre Pico y Trebolares"}]},{"@type":"WebSite","@id":"https:\/\/diariotextual.com\/inicio\/#website","url":"https:\/\/diariotextual.com\/inicio\/","name":"Diario Textual","description":"","publisher":{"@id":"https:\/\/diariotextual.com\/inicio\/#organization"},"potentialAction":[{"@type":"SearchAction","target":{"@type":"EntryPoint","urlTemplate":"https:\/\/diariotextual.com\/inicio\/?s={search_term_string}"},"query-input":{"@type":"PropertyValueSpecification","valueRequired":true,"valueName":"search_term_string"}}],"inLanguage":"es"},{"@type":"Organization","@id":"https:\/\/diariotextual.com\/inicio\/#organization","name":"Diario Textual","url":"https:\/\/diariotextual.com\/inicio\/","logo":{"@type":"ImageObject","inLanguage":"es","@id":"https:\/\/diariotextual.com\/inicio\/#\/schema\/logo\/image\/","url":"https:\/\/diariotextual.com\/inicio\/wp-content\/uploads\/2023\/05\/logotextual1.jpg","contentUrl":"https:\/\/diariotextual.com\/inicio\/wp-content\/uploads\/2023\/05\/logotextual1.jpg","width":516,"height":76,"caption":"Diario Textual"},"image":{"@id":"https:\/\/diariotextual.com\/inicio\/#\/schema\/logo\/image\/"},"sameAs":["https:\/\/www.facebook.com\/eltextual","https:\/\/x.com\/eltextual","http:\/\/www.instagram.com\/eltextual"]},{"@type":"Person","@id":"https:\/\/diariotextual.com\/inicio\/#\/schema\/person\/418fc4093c33e86ed41562db3508f958","name":"Diario1 Diario1","image":{"@type":"ImageObject","inLanguage":"es","@id":"https:\/\/secure.gravatar.com\/avatar\/9167d280179c85bc18be67aa7eda765854300033af4896dd779b608640f2ef7a?s=96&d=mm&r=g","url":"https:\/\/secure.gravatar.com\/avatar\/9167d280179c85bc18be67aa7eda765854300033af4896dd779b608640f2ef7a?s=96&d=mm&r=g","contentUrl":"https:\/\/secure.gravatar.com\/avatar\/9167d280179c85bc18be67aa7eda765854300033af4896dd779b608640f2ef7a?s=96&d=mm&r=g","caption":"Diario1 Diario1"},"url":"https:\/\/diariotextual.com\/inicio\/index.php\/author\/diario1\/"}]}},"_links":{"self":[{"href":"https:\/\/diariotextual.com\/inicio\/index.php\/wp-json\/wp\/v2\/posts\/321665","targetHints":{"allow":["GET"]}}],"collection":[{"href":"https:\/\/diariotextual.com\/inicio\/index.php\/wp-json\/wp\/v2\/posts"}],"about":[{"href":"https:\/\/diariotextual.com\/inicio\/index.php\/wp-json\/wp\/v2\/types\/post"}],"author":[{"embeddable":true,"href":"https:\/\/diariotextual.com\/inicio\/index.php\/wp-json\/wp\/v2\/users\/3"}],"replies":[{"embeddable":true,"href":"https:\/\/diariotextual.com\/inicio\/index.php\/wp-json\/wp\/v2\/comments?post=321665"}],"version-history":[{"count":4,"href":"https:\/\/diariotextual.com\/inicio\/index.php\/wp-json\/wp\/v2\/posts\/321665\/revisions"}],"predecessor-version":[{"id":321675,"href":"https:\/\/diariotextual.com\/inicio\/index.php\/wp-json\/wp\/v2\/posts\/321665\/revisions\/321675"}],"wp:featuredmedia":[{"embeddable":true,"href":"https:\/\/diariotextual.com\/inicio\/index.php\/wp-json\/wp\/v2\/media\/321674"}],"wp:attachment":[{"href":"https:\/\/diariotextual.com\/inicio\/index.php\/wp-json\/wp\/v2\/media?parent=321665"}],"wp:term":[{"taxonomy":"category","embeddable":true,"href":"https:\/\/diariotextual.com\/inicio\/index.php\/wp-json\/wp\/v2\/categories?post=321665"},{"taxonomy":"post_tag","embeddable":true,"href":"https:\/\/diariotextual.com\/inicio\/index.php\/wp-json\/wp\/v2\/tags?post=321665"}],"curies":[{"name":"wp","href":"https:\/\/api.w.org\/{rel}","templated":true}]}}