{"id":321689,"date":"2026-03-08T18:56:31","date_gmt":"2026-03-08T21:56:31","guid":{"rendered":"https:\/\/diariotextual.com\/inicio\/?p=321689"},"modified":"2026-03-08T19:37:27","modified_gmt":"2026-03-08T22:37:27","slug":"mojtaba-jamenei-el-hijo-del-fallecido-ayatola-ali-jamenei-es-electo-nuevo-lider-supremo-de-iran","status":"publish","type":"post","link":"https:\/\/diariotextual.com\/inicio\/index.php\/2026\/03\/08\/mojtaba-jamenei-el-hijo-del-fallecido-ayatola-ali-jamenei-es-electo-nuevo-lider-supremo-de-iran\/","title":{"rendered":"Mojtaba Jamenei, el hijo del fallecido ayatol\u00e1 Al\u00ed Jamenei, es electo nuevo l\u00edder supremo de Ir\u00e1n"},"content":{"rendered":"\n<p>La <strong>Asamblea de Expertos de Ir\u00e1n<\/strong> eligi\u00f3 a <strong>Mojtaba Jamenei<\/strong> para suceder a su padre, el ayatol\u00e1 <strong>Al\u00ed Jamenei<\/strong>, como <strong>nuevo l\u00edder supremo del pa\u00eds<\/strong>, seg\u00fan informaron este domingo los medios estatales iran\u00edes.<\/p>\n\n\n\n<p>El cl\u00e9rigo, de <strong>56 a\u00f1os<\/strong>, aparec\u00eda entre los principales nombres de la sucesi\u00f3n desde la muerte de <strong>Al\u00ed Jamenei<\/strong>, de 86 a\u00f1os, ocurrida el <strong>28 de febrero<\/strong> durante un <strong>ataque de la ofensiva de Estados Unidos e Israel<\/strong>.<\/p>\n\n\n\n<p>\u201cA pesar de las graves condiciones de guerra y las amenazas directas de los enemigos contra esta instituci\u00f3n popular, y a pesar del bombardeo de las oficinas de la Secretar\u00eda de la Asamblea de Expertos, que provoc\u00f3 la muerte de varios miembros del personal y del equipo de seguridad, no se detuvo ni un momento el proceso de selecci\u00f3n y presentaci\u00f3n de los l\u00edderes del sistema isl\u00e1mico\u201d, afirm\u00f3 un presentador de la televisi\u00f3n estatal en las primeras horas del lunes, hora de <strong>Teher\u00e1n<\/strong>.<\/p>\n\n\n\n<p>&nbsp;\u201cAllahu Akbar, Allahu Akbar (Al\u00e1 es el m\u00e1s grande), <strong>Jamenei es el l\u00edder<\/strong>\u201d, agreg\u00f3.<\/p>\n\n\n\n<div style=\"height:100px\" aria-hidden=\"true\" class=\"wp-block-spacer\"><\/div>\n\n\n\n<p><strong>Perfil<\/strong><\/p>\n\n\n\n<p>Nacido el <strong>8 de septiembre de 1969<\/strong> en la ciudad nororiental de <strong>Mashhad<\/strong>, Mojtaba es el <strong>segundo de los seis hijos<\/strong> del fallecido l\u00edder iran\u00ed.<\/p>\n\n\n\n<p>Realiz\u00f3 sus estudios secundarios en la <strong>escuela religiosa Alavi<\/strong>, en Teher\u00e1n.<\/p>\n\n\n\n<p>Seg\u00fan medios iran\u00edes, a los <strong>17 a\u00f1os<\/strong> sirvi\u00f3 en el <strong>Ej\u00e9rcito<\/strong> durante varios per\u00edodos breves en la <strong>guerra entre Ir\u00e1n e Irak<\/strong>. El conflicto se extendi\u00f3 durante ocho a\u00f1os (1980-1988) y profundiz\u00f3 la confrontaci\u00f3n del r\u00e9gimen iran\u00ed con <strong>Estados Unidos<\/strong> y sus aliados occidentales, que apoyaban a Irak.<\/p>\n\n\n\n<p>En <strong>1999<\/strong> se traslad\u00f3 a <strong>Qom<\/strong>, una ciudad santa considerada uno de los principales centros de la <strong>teolog\u00eda chiita<\/strong>, donde continu\u00f3 su formaci\u00f3n religiosa.<\/p>\n\n\n\n<p>Hasta ese momento, seg\u00fan distintos reportes, <strong>no vest\u00eda ropa clerical<\/strong>.<\/p>\n\n\n\n<p>A diferencia de su padre, Mojtaba Jamenei mantuvo durante d\u00e9cadas un <strong>perfil bajo<\/strong>. No ocup\u00f3 cargos gubernamentales ni brind\u00f3 discursos p\u00fablicos o entrevistas. Solo se difundieron <strong>pocas fotograf\u00edas y videos<\/strong> suyos.<\/p>\n\n\n\n<p>Sin embargo, desde hace a\u00f1os circulan versiones sobre su <strong>influencia dentro del r\u00e9gimen<\/strong> como uno de los hombres de mayor confianza del l\u00edder supremo.<\/p>\n\n\n\n<p>Cables diplom\u00e1ticos estadounidenses divulgados por <strong>WikiLeaks<\/strong> a fines de la d\u00e9cada de 2000 lo describieron como <strong>\u201cel poder detr\u00e1s de la t\u00fanica\u201d<\/strong>, y lo mencionaron como un <strong>dirigente capaz y en\u00e9rgico<\/strong> dentro del sistema pol\u00edtico iran\u00ed, seg\u00fan consign\u00f3 la agencia <strong>Associated Press<\/strong>.<\/p>\n\n\n\n<div style=\"height:100px\" aria-hidden=\"true\" class=\"wp-block-spacer\"><\/div>\n\n\n\n<p><strong>Reacciones internacionales<\/strong><\/p>\n\n\n\n<p>Desde la semana pasada, el presidente de <strong>Estados Unidos<\/strong>, <strong>Donald Trump<\/strong>, manifest\u00f3 su intenci\u00f3n de influir en la elecci\u00f3n del nuevo l\u00edder supremo iran\u00ed.<\/p>\n\n\n\n<p>Si bien se\u00f1al\u00f3 que podr\u00eda aceptar a un dirigente vinculado al liderazgo anterior, dej\u00f3 en claro su <strong>rechazo a Mojtaba Jamenei<\/strong>.<\/p>\n\n\n\n<p>\u201cEl hijo de Jamenei es <strong>inaceptable para m\u00ed<\/strong>\u201d, declar\u00f3 Trump a comienzos de esta semana.<\/p>\n\n\n\n<p>Este domingo, adem\u00e1s, advirti\u00f3 que sin su aprobaci\u00f3n quien asuma el cargo <strong>\u201cno durar\u00e1 mucho tiempo\u201d<\/strong>.<\/p>\n\n\n\n<p>Por su parte, <strong>Israel<\/strong> tambi\u00e9n expres\u00f3 su oposici\u00f3n y sostuvo que <strong>continuar\u00e1 persiguiendo a los sucesores<\/strong> del fallecido ayatol\u00e1.<\/p>\n\n\n\n<p><\/p>\n","protected":false},"excerpt":{"rendered":"<p>La Asamblea de Expertos de Ir\u00e1n eligi\u00f3 a Mojtaba Jamenei para suceder a su padre, el ayatol\u00e1 Al\u00ed Jamenei, como nuevo l\u00edder supremo del pa\u00eds, seg\u00fan informaron este domingo los&hellip;<\/p>\n","protected":false},"author":3,"featured_media":321691,"comment_status":"closed","ping_status":"open","sticky":false,"template":"","format":"standard","meta":{"_acf_changed":false,"footnotes":""},"categories":[1,7],"tags":[],"class_list":["post-321689","post","type-post","status-publish","format-standard","has-post-thumbnail","hentry","category-es-noticia","category-mundo"],"acf":[],"yoast_head":"<!-- This site is optimized with the Yoast SEO plugin v27.4 - https:\/\/yoast.com\/product\/yoast-seo-wordpress\/ -->\n<title>Mojtaba Jamenei, el hijo del fallecido ayatol\u00e1 Al\u00ed Jamenei, es electo nuevo l\u00edder supremo de Ir\u00e1n - Diario Textual<\/title>\n<meta name=\"robots\" content=\"index, follow, max-snippet:-1, max-image-preview:large, max-video-preview:-1\" \/>\n<link rel=\"canonical\" href=\"https:\/\/diariotextual.com\/inicio\/index.php\/2026\/03\/08\/mojtaba-jamenei-el-hijo-del-fallecido-ayatola-ali-jamenei-es-electo-nuevo-lider-supremo-de-iran\/\" \/>\n<meta property=\"og:locale\" content=\"es_ES\" \/>\n<meta property=\"og:type\" content=\"article\" \/>\n<meta property=\"og:title\" content=\"Mojtaba Jamenei, el hijo del fallecido ayatol\u00e1 Al\u00ed Jamenei, es electo nuevo l\u00edder supremo de Ir\u00e1n - Diario Textual\" \/>\n<meta property=\"og:description\" content=\"La Asamblea de Expertos de Ir\u00e1n eligi\u00f3 a Mojtaba Jamenei para suceder a su padre, el ayatol\u00e1 Al\u00ed Jamenei, como nuevo l\u00edder supremo del pa\u00eds, seg\u00fan informaron este domingo los&hellip;\" \/>\n<meta property=\"og:url\" content=\"https:\/\/diariotextual.com\/inicio\/index.php\/2026\/03\/08\/mojtaba-jamenei-el-hijo-del-fallecido-ayatola-ali-jamenei-es-electo-nuevo-lider-supremo-de-iran\/\" \/>\n<meta property=\"og:site_name\" content=\"Diario Textual\" \/>\n<meta property=\"article:publisher\" content=\"https:\/\/www.facebook.com\/eltextual\" \/>\n<meta property=\"article:published_time\" content=\"2026-03-08T21:56:31+00:00\" \/>\n<meta property=\"article:modified_time\" content=\"2026-03-08T22:37:27+00:00\" \/>\n<meta property=\"og:image\" content=\"https:\/\/diariotextual.com\/inicio\/wp-content\/uploads\/2026\/03\/jameneimojtaba2026-1.webp\" \/>\n\t<meta property=\"og:image:width\" content=\"750\" \/>\n\t<meta property=\"og:image:height\" content=\"500\" \/>\n\t<meta property=\"og:image:type\" content=\"image\/webp\" \/>\n<meta name=\"author\" content=\"Diario1 Diario1\" \/>\n<meta name=\"twitter:card\" content=\"summary_large_image\" \/>\n<meta name=\"twitter:creator\" content=\"@eltextual\" \/>\n<meta name=\"twitter:site\" content=\"@eltextual\" \/>\n<meta name=\"twitter:label1\" content=\"Escrito por\" \/>\n\t<meta name=\"twitter:data1\" content=\"Diario1 Diario1\" \/>\n\t<meta name=\"twitter:label2\" content=\"Tiempo de lectura\" \/>\n\t<meta name=\"twitter:data2\" content=\"3 minutos\" \/>\n<script type=\"application\/ld+json\" class=\"yoast-schema-graph\">{\"@context\":\"https:\\\/\\\/schema.org\",\"@graph\":[{\"@type\":\"Article\",\"@id\":\"https:\\\/\\\/diariotextual.com\\\/inicio\\\/index.php\\\/2026\\\/03\\\/08\\\/mojtaba-jamenei-el-hijo-del-fallecido-ayatola-ali-jamenei-es-electo-nuevo-lider-supremo-de-iran\\\/#article\",\"isPartOf\":{\"@id\":\"https:\\\/\\\/diariotextual.com\\\/inicio\\\/index.php\\\/2026\\\/03\\\/08\\\/mojtaba-jamenei-el-hijo-del-fallecido-ayatola-ali-jamenei-es-electo-nuevo-lider-supremo-de-iran\\\/\"},\"author\":{\"name\":\"Diario1 Diario1\",\"@id\":\"https:\\\/\\\/diariotextual.com\\\/inicio\\\/#\\\/schema\\\/person\\\/418fc4093c33e86ed41562db3508f958\"},\"headline\":\"Mojtaba Jamenei, el hijo del fallecido ayatol\u00e1 Al\u00ed Jamenei, es electo nuevo l\u00edder supremo de Ir\u00e1n\",\"datePublished\":\"2026-03-08T21:56:31+00:00\",\"dateModified\":\"2026-03-08T22:37:27+00:00\",\"mainEntityOfPage\":{\"@id\":\"https:\\\/\\\/diariotextual.com\\\/inicio\\\/index.php\\\/2026\\\/03\\\/08\\\/mojtaba-jamenei-el-hijo-del-fallecido-ayatola-ali-jamenei-es-electo-nuevo-lider-supremo-de-iran\\\/\"},\"wordCount\":549,\"publisher\":{\"@id\":\"https:\\\/\\\/diariotextual.com\\\/inicio\\\/#organization\"},\"image\":{\"@id\":\"https:\\\/\\\/diariotextual.com\\\/inicio\\\/index.php\\\/2026\\\/03\\\/08\\\/mojtaba-jamenei-el-hijo-del-fallecido-ayatola-ali-jamenei-es-electo-nuevo-lider-supremo-de-iran\\\/#primaryimage\"},\"thumbnailUrl\":\"https:\\\/\\\/diariotextual.com\\\/inicio\\\/wp-content\\\/uploads\\\/2026\\\/03\\\/jameneimojtaba2026-1.webp\",\"articleSection\":[\"A - ES NOTICIA (van abajo)\",\"MUNDO\"],\"inLanguage\":\"es\"},{\"@type\":\"WebPage\",\"@id\":\"https:\\\/\\\/diariotextual.com\\\/inicio\\\/index.php\\\/2026\\\/03\\\/08\\\/mojtaba-jamenei-el-hijo-del-fallecido-ayatola-ali-jamenei-es-electo-nuevo-lider-supremo-de-iran\\\/\",\"url\":\"https:\\\/\\\/diariotextual.com\\\/inicio\\\/index.php\\\/2026\\\/03\\\/08\\\/mojtaba-jamenei-el-hijo-del-fallecido-ayatola-ali-jamenei-es-electo-nuevo-lider-supremo-de-iran\\\/\",\"name\":\"Mojtaba Jamenei, el hijo del fallecido ayatol\u00e1 Al\u00ed Jamenei, es electo nuevo l\u00edder supremo de Ir\u00e1n - Diario Textual\",\"isPartOf\":{\"@id\":\"https:\\\/\\\/diariotextual.com\\\/inicio\\\/#website\"},\"primaryImageOfPage\":{\"@id\":\"https:\\\/\\\/diariotextual.com\\\/inicio\\\/index.php\\\/2026\\\/03\\\/08\\\/mojtaba-jamenei-el-hijo-del-fallecido-ayatola-ali-jamenei-es-electo-nuevo-lider-supremo-de-iran\\\/#primaryimage\"},\"image\":{\"@id\":\"https:\\\/\\\/diariotextual.com\\\/inicio\\\/index.php\\\/2026\\\/03\\\/08\\\/mojtaba-jamenei-el-hijo-del-fallecido-ayatola-ali-jamenei-es-electo-nuevo-lider-supremo-de-iran\\\/#primaryimage\"},\"thumbnailUrl\":\"https:\\\/\\\/diariotextual.com\\\/inicio\\\/wp-content\\\/uploads\\\/2026\\\/03\\\/jameneimojtaba2026-1.webp\",\"datePublished\":\"2026-03-08T21:56:31+00:00\",\"dateModified\":\"2026-03-08T22:37:27+00:00\",\"breadcrumb\":{\"@id\":\"https:\\\/\\\/diariotextual.com\\\/inicio\\\/index.php\\\/2026\\\/03\\\/08\\\/mojtaba-jamenei-el-hijo-del-fallecido-ayatola-ali-jamenei-es-electo-nuevo-lider-supremo-de-iran\\\/#breadcrumb\"},\"inLanguage\":\"es\",\"potentialAction\":[{\"@type\":\"ReadAction\",\"target\":[\"https:\\\/\\\/diariotextual.com\\\/inicio\\\/index.php\\\/2026\\\/03\\\/08\\\/mojtaba-jamenei-el-hijo-del-fallecido-ayatola-ali-jamenei-es-electo-nuevo-lider-supremo-de-iran\\\/\"]}]},{\"@type\":\"ImageObject\",\"inLanguage\":\"es\",\"@id\":\"https:\\\/\\\/diariotextual.com\\\/inicio\\\/index.php\\\/2026\\\/03\\\/08\\\/mojtaba-jamenei-el-hijo-del-fallecido-ayatola-ali-jamenei-es-electo-nuevo-lider-supremo-de-iran\\\/#primaryimage\",\"url\":\"https:\\\/\\\/diariotextual.com\\\/inicio\\\/wp-content\\\/uploads\\\/2026\\\/03\\\/jameneimojtaba2026-1.webp\",\"contentUrl\":\"https:\\\/\\\/diariotextual.com\\\/inicio\\\/wp-content\\\/uploads\\\/2026\\\/03\\\/jameneimojtaba2026-1.webp\",\"width\":750,\"height\":500},{\"@type\":\"BreadcrumbList\",\"@id\":\"https:\\\/\\\/diariotextual.com\\\/inicio\\\/index.php\\\/2026\\\/03\\\/08\\\/mojtaba-jamenei-el-hijo-del-fallecido-ayatola-ali-jamenei-es-electo-nuevo-lider-supremo-de-iran\\\/#breadcrumb\",\"itemListElement\":[{\"@type\":\"ListItem\",\"position\":1,\"name\":\"Portada\",\"item\":\"https:\\\/\\\/diariotextual.com\\\/inicio\\\/\"},{\"@type\":\"ListItem\",\"position\":2,\"name\":\"Mojtaba Jamenei, el hijo del fallecido ayatol\u00e1 Al\u00ed Jamenei, es electo nuevo l\u00edder supremo de Ir\u00e1n\"}]},{\"@type\":\"WebSite\",\"@id\":\"https:\\\/\\\/diariotextual.com\\\/inicio\\\/#website\",\"url\":\"https:\\\/\\\/diariotextual.com\\\/inicio\\\/\",\"name\":\"Diario Textual\",\"description\":\"\",\"publisher\":{\"@id\":\"https:\\\/\\\/diariotextual.com\\\/inicio\\\/#organization\"},\"potentialAction\":[{\"@type\":\"SearchAction\",\"target\":{\"@type\":\"EntryPoint\",\"urlTemplate\":\"https:\\\/\\\/diariotextual.com\\\/inicio\\\/?s={search_term_string}\"},\"query-input\":{\"@type\":\"PropertyValueSpecification\",\"valueRequired\":true,\"valueName\":\"search_term_string\"}}],\"inLanguage\":\"es\"},{\"@type\":\"Organization\",\"@id\":\"https:\\\/\\\/diariotextual.com\\\/inicio\\\/#organization\",\"name\":\"Diario Textual\",\"url\":\"https:\\\/\\\/diariotextual.com\\\/inicio\\\/\",\"logo\":{\"@type\":\"ImageObject\",\"inLanguage\":\"es\",\"@id\":\"https:\\\/\\\/diariotextual.com\\\/inicio\\\/#\\\/schema\\\/logo\\\/image\\\/\",\"url\":\"https:\\\/\\\/diariotextual.com\\\/inicio\\\/wp-content\\\/uploads\\\/2023\\\/05\\\/logotextual1.jpg\",\"contentUrl\":\"https:\\\/\\\/diariotextual.com\\\/inicio\\\/wp-content\\\/uploads\\\/2023\\\/05\\\/logotextual1.jpg\",\"width\":516,\"height\":76,\"caption\":\"Diario Textual\"},\"image\":{\"@id\":\"https:\\\/\\\/diariotextual.com\\\/inicio\\\/#\\\/schema\\\/logo\\\/image\\\/\"},\"sameAs\":[\"https:\\\/\\\/www.facebook.com\\\/eltextual\",\"https:\\\/\\\/x.com\\\/eltextual\",\"http:\\\/\\\/www.instagram.com\\\/eltextual\"]},{\"@type\":\"Person\",\"@id\":\"https:\\\/\\\/diariotextual.com\\\/inicio\\\/#\\\/schema\\\/person\\\/418fc4093c33e86ed41562db3508f958\",\"name\":\"Diario1 Diario1\",\"image\":{\"@type\":\"ImageObject\",\"inLanguage\":\"es\",\"@id\":\"https:\\\/\\\/secure.gravatar.com\\\/avatar\\\/9167d280179c85bc18be67aa7eda765854300033af4896dd779b608640f2ef7a?s=96&d=mm&r=g\",\"url\":\"https:\\\/\\\/secure.gravatar.com\\\/avatar\\\/9167d280179c85bc18be67aa7eda765854300033af4896dd779b608640f2ef7a?s=96&d=mm&r=g\",\"contentUrl\":\"https:\\\/\\\/secure.gravatar.com\\\/avatar\\\/9167d280179c85bc18be67aa7eda765854300033af4896dd779b608640f2ef7a?s=96&d=mm&r=g\",\"caption\":\"Diario1 Diario1\"},\"url\":\"https:\\\/\\\/diariotextual.com\\\/inicio\\\/index.php\\\/author\\\/diario1\\\/\"}]}<\/script>\n<!-- \/ Yoast SEO plugin. -->","yoast_head_json":{"title":"Mojtaba Jamenei, el hijo del fallecido ayatol\u00e1 Al\u00ed Jamenei, es electo nuevo l\u00edder supremo de Ir\u00e1n - Diario Textual","robots":{"index":"index","follow":"follow","max-snippet":"max-snippet:-1","max-image-preview":"max-image-preview:large","max-video-preview":"max-video-preview:-1"},"canonical":"https:\/\/diariotextual.com\/inicio\/index.php\/2026\/03\/08\/mojtaba-jamenei-el-hijo-del-fallecido-ayatola-ali-jamenei-es-electo-nuevo-lider-supremo-de-iran\/","og_locale":"es_ES","og_type":"article","og_title":"Mojtaba Jamenei, el hijo del fallecido ayatol\u00e1 Al\u00ed Jamenei, es electo nuevo l\u00edder supremo de Ir\u00e1n - Diario Textual","og_description":"La Asamblea de Expertos de Ir\u00e1n eligi\u00f3 a Mojtaba Jamenei para suceder a su padre, el ayatol\u00e1 Al\u00ed Jamenei, como nuevo l\u00edder supremo del pa\u00eds, seg\u00fan informaron este domingo los&hellip;","og_url":"https:\/\/diariotextual.com\/inicio\/index.php\/2026\/03\/08\/mojtaba-jamenei-el-hijo-del-fallecido-ayatola-ali-jamenei-es-electo-nuevo-lider-supremo-de-iran\/","og_site_name":"Diario Textual","article_publisher":"https:\/\/www.facebook.com\/eltextual","article_published_time":"2026-03-08T21:56:31+00:00","article_modified_time":"2026-03-08T22:37:27+00:00","og_image":[{"width":750,"height":500,"url":"https:\/\/diariotextual.com\/inicio\/wp-content\/uploads\/2026\/03\/jameneimojtaba2026-1.webp","type":"image\/webp"}],"author":"Diario1 Diario1","twitter_card":"summary_large_image","twitter_creator":"@eltextual","twitter_site":"@eltextual","twitter_misc":{"Escrito por":"Diario1 Diario1","Tiempo de lectura":"3 minutos"},"schema":{"@context":"https:\/\/schema.org","@graph":[{"@type":"Article","@id":"https:\/\/diariotextual.com\/inicio\/index.php\/2026\/03\/08\/mojtaba-jamenei-el-hijo-del-fallecido-ayatola-ali-jamenei-es-electo-nuevo-lider-supremo-de-iran\/#article","isPartOf":{"@id":"https:\/\/diariotextual.com\/inicio\/index.php\/2026\/03\/08\/mojtaba-jamenei-el-hijo-del-fallecido-ayatola-ali-jamenei-es-electo-nuevo-lider-supremo-de-iran\/"},"author":{"name":"Diario1 Diario1","@id":"https:\/\/diariotextual.com\/inicio\/#\/schema\/person\/418fc4093c33e86ed41562db3508f958"},"headline":"Mojtaba Jamenei, el hijo del fallecido ayatol\u00e1 Al\u00ed Jamenei, es electo nuevo l\u00edder supremo de Ir\u00e1n","datePublished":"2026-03-08T21:56:31+00:00","dateModified":"2026-03-08T22:37:27+00:00","mainEntityOfPage":{"@id":"https:\/\/diariotextual.com\/inicio\/index.php\/2026\/03\/08\/mojtaba-jamenei-el-hijo-del-fallecido-ayatola-ali-jamenei-es-electo-nuevo-lider-supremo-de-iran\/"},"wordCount":549,"publisher":{"@id":"https:\/\/diariotextual.com\/inicio\/#organization"},"image":{"@id":"https:\/\/diariotextual.com\/inicio\/index.php\/2026\/03\/08\/mojtaba-jamenei-el-hijo-del-fallecido-ayatola-ali-jamenei-es-electo-nuevo-lider-supremo-de-iran\/#primaryimage"},"thumbnailUrl":"https:\/\/diariotextual.com\/inicio\/wp-content\/uploads\/2026\/03\/jameneimojtaba2026-1.webp","articleSection":["A - ES NOTICIA (van abajo)","MUNDO"],"inLanguage":"es"},{"@type":"WebPage","@id":"https:\/\/diariotextual.com\/inicio\/index.php\/2026\/03\/08\/mojtaba-jamenei-el-hijo-del-fallecido-ayatola-ali-jamenei-es-electo-nuevo-lider-supremo-de-iran\/","url":"https:\/\/diariotextual.com\/inicio\/index.php\/2026\/03\/08\/mojtaba-jamenei-el-hijo-del-fallecido-ayatola-ali-jamenei-es-electo-nuevo-lider-supremo-de-iran\/","name":"Mojtaba Jamenei, el hijo del fallecido ayatol\u00e1 Al\u00ed Jamenei, es electo nuevo l\u00edder supremo de Ir\u00e1n - Diario Textual","isPartOf":{"@id":"https:\/\/diariotextual.com\/inicio\/#website"},"primaryImageOfPage":{"@id":"https:\/\/diariotextual.com\/inicio\/index.php\/2026\/03\/08\/mojtaba-jamenei-el-hijo-del-fallecido-ayatola-ali-jamenei-es-electo-nuevo-lider-supremo-de-iran\/#primaryimage"},"image":{"@id":"https:\/\/diariotextual.com\/inicio\/index.php\/2026\/03\/08\/mojtaba-jamenei-el-hijo-del-fallecido-ayatola-ali-jamenei-es-electo-nuevo-lider-supremo-de-iran\/#primaryimage"},"thumbnailUrl":"https:\/\/diariotextual.com\/inicio\/wp-content\/uploads\/2026\/03\/jameneimojtaba2026-1.webp","datePublished":"2026-03-08T21:56:31+00:00","dateModified":"2026-03-08T22:37:27+00:00","breadcrumb":{"@id":"https:\/\/diariotextual.com\/inicio\/index.php\/2026\/03\/08\/mojtaba-jamenei-el-hijo-del-fallecido-ayatola-ali-jamenei-es-electo-nuevo-lider-supremo-de-iran\/#breadcrumb"},"inLanguage":"es","potentialAction":[{"@type":"ReadAction","target":["https:\/\/diariotextual.com\/inicio\/index.php\/2026\/03\/08\/mojtaba-jamenei-el-hijo-del-fallecido-ayatola-ali-jamenei-es-electo-nuevo-lider-supremo-de-iran\/"]}]},{"@type":"ImageObject","inLanguage":"es","@id":"https:\/\/diariotextual.com\/inicio\/index.php\/2026\/03\/08\/mojtaba-jamenei-el-hijo-del-fallecido-ayatola-ali-jamenei-es-electo-nuevo-lider-supremo-de-iran\/#primaryimage","url":"https:\/\/diariotextual.com\/inicio\/wp-content\/uploads\/2026\/03\/jameneimojtaba2026-1.webp","contentUrl":"https:\/\/diariotextual.com\/inicio\/wp-content\/uploads\/2026\/03\/jameneimojtaba2026-1.webp","width":750,"height":500},{"@type":"BreadcrumbList","@id":"https:\/\/diariotextual.com\/inicio\/index.php\/2026\/03\/08\/mojtaba-jamenei-el-hijo-del-fallecido-ayatola-ali-jamenei-es-electo-nuevo-lider-supremo-de-iran\/#breadcrumb","itemListElement":[{"@type":"ListItem","position":1,"name":"Portada","item":"https:\/\/diariotextual.com\/inicio\/"},{"@type":"ListItem","position":2,"name":"Mojtaba Jamenei, el hijo del fallecido ayatol\u00e1 Al\u00ed Jamenei, es electo nuevo l\u00edder supremo de Ir\u00e1n"}]},{"@type":"WebSite","@id":"https:\/\/diariotextual.com\/inicio\/#website","url":"https:\/\/diariotextual.com\/inicio\/","name":"Diario Textual","description":"","publisher":{"@id":"https:\/\/diariotextual.com\/inicio\/#organization"},"potentialAction":[{"@type":"SearchAction","target":{"@type":"EntryPoint","urlTemplate":"https:\/\/diariotextual.com\/inicio\/?s={search_term_string}"},"query-input":{"@type":"PropertyValueSpecification","valueRequired":true,"valueName":"search_term_string"}}],"inLanguage":"es"},{"@type":"Organization","@id":"https:\/\/diariotextual.com\/inicio\/#organization","name":"Diario Textual","url":"https:\/\/diariotextual.com\/inicio\/","logo":{"@type":"ImageObject","inLanguage":"es","@id":"https:\/\/diariotextual.com\/inicio\/#\/schema\/logo\/image\/","url":"https:\/\/diariotextual.com\/inicio\/wp-content\/uploads\/2023\/05\/logotextual1.jpg","contentUrl":"https:\/\/diariotextual.com\/inicio\/wp-content\/uploads\/2023\/05\/logotextual1.jpg","width":516,"height":76,"caption":"Diario Textual"},"image":{"@id":"https:\/\/diariotextual.com\/inicio\/#\/schema\/logo\/image\/"},"sameAs":["https:\/\/www.facebook.com\/eltextual","https:\/\/x.com\/eltextual","http:\/\/www.instagram.com\/eltextual"]},{"@type":"Person","@id":"https:\/\/diariotextual.com\/inicio\/#\/schema\/person\/418fc4093c33e86ed41562db3508f958","name":"Diario1 Diario1","image":{"@type":"ImageObject","inLanguage":"es","@id":"https:\/\/secure.gravatar.com\/avatar\/9167d280179c85bc18be67aa7eda765854300033af4896dd779b608640f2ef7a?s=96&d=mm&r=g","url":"https:\/\/secure.gravatar.com\/avatar\/9167d280179c85bc18be67aa7eda765854300033af4896dd779b608640f2ef7a?s=96&d=mm&r=g","contentUrl":"https:\/\/secure.gravatar.com\/avatar\/9167d280179c85bc18be67aa7eda765854300033af4896dd779b608640f2ef7a?s=96&d=mm&r=g","caption":"Diario1 Diario1"},"url":"https:\/\/diariotextual.com\/inicio\/index.php\/author\/diario1\/"}]}},"_links":{"self":[{"href":"https:\/\/diariotextual.com\/inicio\/index.php\/wp-json\/wp\/v2\/posts\/321689","targetHints":{"allow":["GET"]}}],"collection":[{"href":"https:\/\/diariotextual.com\/inicio\/index.php\/wp-json\/wp\/v2\/posts"}],"about":[{"href":"https:\/\/diariotextual.com\/inicio\/index.php\/wp-json\/wp\/v2\/types\/post"}],"author":[{"embeddable":true,"href":"https:\/\/diariotextual.com\/inicio\/index.php\/wp-json\/wp\/v2\/users\/3"}],"replies":[{"embeddable":true,"href":"https:\/\/diariotextual.com\/inicio\/index.php\/wp-json\/wp\/v2\/comments?post=321689"}],"version-history":[{"count":1,"href":"https:\/\/diariotextual.com\/inicio\/index.php\/wp-json\/wp\/v2\/posts\/321689\/revisions"}],"predecessor-version":[{"id":321690,"href":"https:\/\/diariotextual.com\/inicio\/index.php\/wp-json\/wp\/v2\/posts\/321689\/revisions\/321690"}],"wp:featuredmedia":[{"embeddable":true,"href":"https:\/\/diariotextual.com\/inicio\/index.php\/wp-json\/wp\/v2\/media\/321691"}],"wp:attachment":[{"href":"https:\/\/diariotextual.com\/inicio\/index.php\/wp-json\/wp\/v2\/media?parent=321689"}],"wp:term":[{"taxonomy":"category","embeddable":true,"href":"https:\/\/diariotextual.com\/inicio\/index.php\/wp-json\/wp\/v2\/categories?post=321689"},{"taxonomy":"post_tag","embeddable":true,"href":"https:\/\/diariotextual.com\/inicio\/index.php\/wp-json\/wp\/v2\/tags?post=321689"}],"curies":[{"name":"wp","href":"https:\/\/api.w.org\/{rel}","templated":true}]}}