{"id":321692,"date":"2026-03-08T19:37:13","date_gmt":"2026-03-08T22:37:13","guid":{"rendered":"https:\/\/diariotextual.com\/inicio\/?p=321692"},"modified":"2026-03-09T07:41:54","modified_gmt":"2026-03-09T10:41:54","slug":"un-gran-hermano-desde-el-oeste-de-la-pampa-mira-en-vivo-a-un-pichon-de-aguila-coronada","status":"publish","type":"post","link":"https:\/\/diariotextual.com\/inicio\/index.php\/2026\/03\/08\/un-gran-hermano-desde-el-oeste-de-la-pampa-mira-en-vivo-a-un-pichon-de-aguila-coronada\/","title":{"rendered":"Un \u201cGran Hermano\u201d desde el oeste de La Pampa: mir\u00e1 en vivo a un pich\u00f3n de \u00e1guila coronada"},"content":{"rendered":"\n<p>Un equipo de cient\u00edficos y voluntarios logr\u00f3 instalar una <strong>transmisi\u00f3n en vivo desde el nido de una familia de \u00e1guilas coronadas<\/strong> en el oeste de La Pampa. A trav\u00e9s del canal de YouTube del <strong>Centro para el Estudio y Conservaci\u00f3n de las Aves Rapaces en Argentina (Cecara)<\/strong>, el p\u00fablico puede observar en tiempo real la vida de esta especie en <strong>peligro cr\u00edtico de extinci\u00f3n<\/strong>. La c\u00e1mara permite seguir <strong>minuto a minuto<\/strong> la actividad de los ejemplares en un nido ubicado en pleno <strong>caldenal pampeano<\/strong>. All\u00ed se puede ver a un <strong>pich\u00f3n en pleno crecimiento<\/strong>, que ejercita sus alas frente a los fuertes vientos mientras es alimentado por sus padres.<\/p>\n\n\n\n<figure class=\"wp-block-embed is-type-video is-provider-youtube wp-block-embed-youtube wp-embed-aspect-16-9 wp-has-aspect-ratio\"><div class=\"wp-block-embed__wrapper\">\n<iframe title=\"Nido \u00c1guila Coronada - Live Stream\" width=\"1170\" height=\"658\" src=\"https:\/\/www.youtube.com\/embed\/66_sDcvOyPI?feature=oembed\" frameborder=\"0\" allow=\"accelerometer; autoplay; clipboard-write; encrypted-media; gyroscope; picture-in-picture; web-share\" referrerpolicy=\"strict-origin-when-cross-origin\" allowfullscreen><\/iframe>\n<\/div><\/figure>\n\n\n\n<p>Por ejemplo este domingo, a las 16.37 horas, se observ\u00f3 c\u00f3mo los padres le llevaron un peludo o piche al nido, para que se alimente el pich\u00f3n.<\/p>\n\n\n\n<p>El <strong>\u00e1guila coronada (Buteogallus coronatus)<\/strong> es una de las aves rapaces m\u00e1s amenazadas de Sudam\u00e9rica. Los especialistas estiman que existen <strong>menos de mil individuos reproductores<\/strong> en estado silvestre, distribuidos entre <strong>Argentina, Brasil, Bolivia y Paraguay<\/strong>. La especie tiene una tasa reproductiva muy baja: <strong>pone un solo huevo por intento<\/strong>, por lo que cada pich\u00f3n representa una oportunidad clave para su supervivencia.<\/p>\n\n\n\n<p>La transmisi\u00f3n permite <strong>documentar conductas de alimentaci\u00f3n y crianza<\/strong> que antes resultaban casi imposibles de registrar sin interferir en el comportamiento natural de las aves. Investigadores y p\u00fablico pueden seguir as\u00ed el desarrollo del pich\u00f3n y la din\u00e1mica familiar del nido.<\/p>\n\n\n\n<p>El operativo para instalar el sistema fue complejo. El equipo del <strong>Conicet<\/strong> y de <strong>Cecara<\/strong> debi\u00f3 trasladar a pie <strong>paneles solares, bater\u00edas y equipos de transmisi\u00f3n<\/strong> hasta un cald\u00e9n aislado, en una zona sin cobertura de comunicaciones. Tambi\u00e9n montaron un sistema aut\u00f3nomo de energ\u00eda que permite mantener la <strong>transmisi\u00f3n las 24 horas<\/strong> sin perturbar a los animales.<\/p>\n\n\n\n<p><\/p>\n\n\n\n<iframe src=\"https:\/\/www.facebook.com\/plugins\/video.php?height=476&#038;href=https%3A%2F%2Fwww.facebook.com%2Freel%2F1407343733942009%2F&#038;show_text=true&#038;width=267&#038;t=0\" width=\"267\" height=\"591\" style=\"border:none;overflow:hidden\" scrolling=\"no\" frameborder=\"0\" allowfullscreen=\"true\" allow=\"autoplay; clipboard-write; encrypted-media; picture-in-picture; web-share\" allowFullScreen=\"true\"><\/iframe>\n\n\n\n<p><\/p>\n\n\n\n<p>La iniciativa forma parte de un proyecto de investigaci\u00f3n y conservaci\u00f3n que comenz\u00f3 en <strong>2001<\/strong> y que desde entonces estudia las principales amenazas que enfrenta la especie. Entre ellas se encuentran <strong>la electrocuci\u00f3n en tendidos el\u00e9ctricos, el ahogamiento en tanques de agua y la persecuci\u00f3n directa<\/strong>.<\/p>\n\n\n\n<p>Desde la organizaci\u00f3n se\u00f1alaron que la transmisi\u00f3n tiene tambi\u00e9n un objetivo educativo. \u201c<strong>Ver al \u00e1guila en su nido no es solo un espect\u00e1culo visual; es una herramienta de sensibilizaci\u00f3n. Lo que se conoce y se ama, se protege<\/strong>\u201d, explicaron.<\/p>\n\n\n\n<p><\/p>\n","protected":false},"excerpt":{"rendered":"<p>Un equipo de cient\u00edficos y voluntarios logr\u00f3 instalar una transmisi\u00f3n en vivo desde el nido de una familia de \u00e1guilas coronadas en el oeste de La Pampa. A trav\u00e9s del&hellip;<\/p>\n","protected":false},"author":3,"featured_media":321696,"comment_status":"closed","ping_status":"open","sticky":false,"template":"","format":"standard","meta":{"_acf_changed":false,"footnotes":""},"categories":[1,11,12],"tags":[],"class_list":["post-321692","post","type-post","status-publish","format-standard","has-post-thumbnail","hentry","category-es-noticia","category-que-pasa","category-sociedad"],"acf":[],"yoast_head":"<!-- This site is optimized with the Yoast SEO plugin v27.5 - https:\/\/yoast.com\/product\/yoast-seo-wordpress\/ -->\n<title>Un \u201cGran Hermano\u201d desde el oeste de La Pampa: mir\u00e1 en vivo a un pich\u00f3n de \u00e1guila coronada - Diario Textual<\/title>\n<meta name=\"robots\" content=\"index, follow, max-snippet:-1, max-image-preview:large, max-video-preview:-1\" \/>\n<link rel=\"canonical\" href=\"https:\/\/diariotextual.com\/inicio\/index.php\/2026\/03\/08\/un-gran-hermano-desde-el-oeste-de-la-pampa-mira-en-vivo-a-un-pichon-de-aguila-coronada\/\" \/>\n<meta property=\"og:locale\" content=\"es_ES\" \/>\n<meta property=\"og:type\" content=\"article\" \/>\n<meta property=\"og:title\" content=\"Un \u201cGran Hermano\u201d desde el oeste de La Pampa: mir\u00e1 en vivo a un pich\u00f3n de \u00e1guila coronada - Diario Textual\" \/>\n<meta property=\"og:description\" content=\"Un equipo de cient\u00edficos y voluntarios logr\u00f3 instalar una transmisi\u00f3n en vivo desde el nido de una familia de \u00e1guilas coronadas en el oeste de La Pampa. A trav\u00e9s del&hellip;\" \/>\n<meta property=\"og:url\" content=\"https:\/\/diariotextual.com\/inicio\/index.php\/2026\/03\/08\/un-gran-hermano-desde-el-oeste-de-la-pampa-mira-en-vivo-a-un-pichon-de-aguila-coronada\/\" \/>\n<meta property=\"og:site_name\" content=\"Diario Textual\" \/>\n<meta property=\"article:publisher\" content=\"https:\/\/www.facebook.com\/eltextual\" \/>\n<meta property=\"article:published_time\" content=\"2026-03-08T22:37:13+00:00\" \/>\n<meta property=\"article:modified_time\" content=\"2026-03-09T10:41:54+00:00\" \/>\n<meta property=\"og:image\" content=\"https:\/\/diariotextual.com\/inicio\/wp-content\/uploads\/2026\/03\/aguilacoronadastreamcecara2026-2.jpg\" \/>\n\t<meta property=\"og:image:width\" content=\"870\" \/>\n\t<meta property=\"og:image:height\" content=\"486\" \/>\n\t<meta property=\"og:image:type\" content=\"image\/jpeg\" \/>\n<meta name=\"author\" content=\"Diario1 Diario1\" \/>\n<meta name=\"twitter:card\" content=\"summary_large_image\" \/>\n<meta name=\"twitter:creator\" content=\"@eltextual\" \/>\n<meta name=\"twitter:site\" content=\"@eltextual\" \/>\n<meta name=\"twitter:label1\" content=\"Escrito por\" \/>\n\t<meta name=\"twitter:data1\" content=\"Diario1 Diario1\" \/>\n\t<meta name=\"twitter:label2\" content=\"Tiempo de lectura\" \/>\n\t<meta name=\"twitter:data2\" content=\"2 minutos\" \/>\n<script type=\"application\/ld+json\" class=\"yoast-schema-graph\">{\"@context\":\"https:\\\/\\\/schema.org\",\"@graph\":[{\"@type\":\"Article\",\"@id\":\"https:\\\/\\\/diariotextual.com\\\/inicio\\\/index.php\\\/2026\\\/03\\\/08\\\/un-gran-hermano-desde-el-oeste-de-la-pampa-mira-en-vivo-a-un-pichon-de-aguila-coronada\\\/#article\",\"isPartOf\":{\"@id\":\"https:\\\/\\\/diariotextual.com\\\/inicio\\\/index.php\\\/2026\\\/03\\\/08\\\/un-gran-hermano-desde-el-oeste-de-la-pampa-mira-en-vivo-a-un-pichon-de-aguila-coronada\\\/\"},\"author\":{\"name\":\"Diario1 Diario1\",\"@id\":\"https:\\\/\\\/diariotextual.com\\\/inicio\\\/#\\\/schema\\\/person\\\/418fc4093c33e86ed41562db3508f958\"},\"headline\":\"Un \u201cGran Hermano\u201d desde el oeste de La Pampa: mir\u00e1 en vivo a un pich\u00f3n de \u00e1guila coronada\",\"datePublished\":\"2026-03-08T22:37:13+00:00\",\"dateModified\":\"2026-03-09T10:41:54+00:00\",\"mainEntityOfPage\":{\"@id\":\"https:\\\/\\\/diariotextual.com\\\/inicio\\\/index.php\\\/2026\\\/03\\\/08\\\/un-gran-hermano-desde-el-oeste-de-la-pampa-mira-en-vivo-a-un-pichon-de-aguila-coronada\\\/\"},\"wordCount\":440,\"publisher\":{\"@id\":\"https:\\\/\\\/diariotextual.com\\\/inicio\\\/#organization\"},\"image\":{\"@id\":\"https:\\\/\\\/diariotextual.com\\\/inicio\\\/index.php\\\/2026\\\/03\\\/08\\\/un-gran-hermano-desde-el-oeste-de-la-pampa-mira-en-vivo-a-un-pichon-de-aguila-coronada\\\/#primaryimage\"},\"thumbnailUrl\":\"https:\\\/\\\/diariotextual.com\\\/inicio\\\/wp-content\\\/uploads\\\/2026\\\/03\\\/aguilacoronadastreamcecara2026-2.jpg\",\"articleSection\":[\"A - ES NOTICIA (van abajo)\",\"A - QUE PASA (al costado)\",\"SOCIEDAD\"],\"inLanguage\":\"es\"},{\"@type\":\"WebPage\",\"@id\":\"https:\\\/\\\/diariotextual.com\\\/inicio\\\/index.php\\\/2026\\\/03\\\/08\\\/un-gran-hermano-desde-el-oeste-de-la-pampa-mira-en-vivo-a-un-pichon-de-aguila-coronada\\\/\",\"url\":\"https:\\\/\\\/diariotextual.com\\\/inicio\\\/index.php\\\/2026\\\/03\\\/08\\\/un-gran-hermano-desde-el-oeste-de-la-pampa-mira-en-vivo-a-un-pichon-de-aguila-coronada\\\/\",\"name\":\"Un \u201cGran Hermano\u201d desde el oeste de La Pampa: mir\u00e1 en vivo a un pich\u00f3n de \u00e1guila coronada - Diario Textual\",\"isPartOf\":{\"@id\":\"https:\\\/\\\/diariotextual.com\\\/inicio\\\/#website\"},\"primaryImageOfPage\":{\"@id\":\"https:\\\/\\\/diariotextual.com\\\/inicio\\\/index.php\\\/2026\\\/03\\\/08\\\/un-gran-hermano-desde-el-oeste-de-la-pampa-mira-en-vivo-a-un-pichon-de-aguila-coronada\\\/#primaryimage\"},\"image\":{\"@id\":\"https:\\\/\\\/diariotextual.com\\\/inicio\\\/index.php\\\/2026\\\/03\\\/08\\\/un-gran-hermano-desde-el-oeste-de-la-pampa-mira-en-vivo-a-un-pichon-de-aguila-coronada\\\/#primaryimage\"},\"thumbnailUrl\":\"https:\\\/\\\/diariotextual.com\\\/inicio\\\/wp-content\\\/uploads\\\/2026\\\/03\\\/aguilacoronadastreamcecara2026-2.jpg\",\"datePublished\":\"2026-03-08T22:37:13+00:00\",\"dateModified\":\"2026-03-09T10:41:54+00:00\",\"breadcrumb\":{\"@id\":\"https:\\\/\\\/diariotextual.com\\\/inicio\\\/index.php\\\/2026\\\/03\\\/08\\\/un-gran-hermano-desde-el-oeste-de-la-pampa-mira-en-vivo-a-un-pichon-de-aguila-coronada\\\/#breadcrumb\"},\"inLanguage\":\"es\",\"potentialAction\":[{\"@type\":\"ReadAction\",\"target\":[\"https:\\\/\\\/diariotextual.com\\\/inicio\\\/index.php\\\/2026\\\/03\\\/08\\\/un-gran-hermano-desde-el-oeste-de-la-pampa-mira-en-vivo-a-un-pichon-de-aguila-coronada\\\/\"]}]},{\"@type\":\"ImageObject\",\"inLanguage\":\"es\",\"@id\":\"https:\\\/\\\/diariotextual.com\\\/inicio\\\/index.php\\\/2026\\\/03\\\/08\\\/un-gran-hermano-desde-el-oeste-de-la-pampa-mira-en-vivo-a-un-pichon-de-aguila-coronada\\\/#primaryimage\",\"url\":\"https:\\\/\\\/diariotextual.com\\\/inicio\\\/wp-content\\\/uploads\\\/2026\\\/03\\\/aguilacoronadastreamcecara2026-2.jpg\",\"contentUrl\":\"https:\\\/\\\/diariotextual.com\\\/inicio\\\/wp-content\\\/uploads\\\/2026\\\/03\\\/aguilacoronadastreamcecara2026-2.jpg\",\"width\":870,\"height\":486},{\"@type\":\"BreadcrumbList\",\"@id\":\"https:\\\/\\\/diariotextual.com\\\/inicio\\\/index.php\\\/2026\\\/03\\\/08\\\/un-gran-hermano-desde-el-oeste-de-la-pampa-mira-en-vivo-a-un-pichon-de-aguila-coronada\\\/#breadcrumb\",\"itemListElement\":[{\"@type\":\"ListItem\",\"position\":1,\"name\":\"Portada\",\"item\":\"https:\\\/\\\/diariotextual.com\\\/inicio\\\/\"},{\"@type\":\"ListItem\",\"position\":2,\"name\":\"Un \u201cGran Hermano\u201d desde el oeste de La Pampa: mir\u00e1 en vivo a un pich\u00f3n de \u00e1guila coronada\"}]},{\"@type\":\"WebSite\",\"@id\":\"https:\\\/\\\/diariotextual.com\\\/inicio\\\/#website\",\"url\":\"https:\\\/\\\/diariotextual.com\\\/inicio\\\/\",\"name\":\"Diario Textual\",\"description\":\"\",\"publisher\":{\"@id\":\"https:\\\/\\\/diariotextual.com\\\/inicio\\\/#organization\"},\"potentialAction\":[{\"@type\":\"SearchAction\",\"target\":{\"@type\":\"EntryPoint\",\"urlTemplate\":\"https:\\\/\\\/diariotextual.com\\\/inicio\\\/?s={search_term_string}\"},\"query-input\":{\"@type\":\"PropertyValueSpecification\",\"valueRequired\":true,\"valueName\":\"search_term_string\"}}],\"inLanguage\":\"es\"},{\"@type\":\"Organization\",\"@id\":\"https:\\\/\\\/diariotextual.com\\\/inicio\\\/#organization\",\"name\":\"Diario Textual\",\"url\":\"https:\\\/\\\/diariotextual.com\\\/inicio\\\/\",\"logo\":{\"@type\":\"ImageObject\",\"inLanguage\":\"es\",\"@id\":\"https:\\\/\\\/diariotextual.com\\\/inicio\\\/#\\\/schema\\\/logo\\\/image\\\/\",\"url\":\"https:\\\/\\\/diariotextual.com\\\/inicio\\\/wp-content\\\/uploads\\\/2023\\\/05\\\/logotextual1.jpg\",\"contentUrl\":\"https:\\\/\\\/diariotextual.com\\\/inicio\\\/wp-content\\\/uploads\\\/2023\\\/05\\\/logotextual1.jpg\",\"width\":516,\"height\":76,\"caption\":\"Diario Textual\"},\"image\":{\"@id\":\"https:\\\/\\\/diariotextual.com\\\/inicio\\\/#\\\/schema\\\/logo\\\/image\\\/\"},\"sameAs\":[\"https:\\\/\\\/www.facebook.com\\\/eltextual\",\"https:\\\/\\\/x.com\\\/eltextual\",\"http:\\\/\\\/www.instagram.com\\\/eltextual\"]},{\"@type\":\"Person\",\"@id\":\"https:\\\/\\\/diariotextual.com\\\/inicio\\\/#\\\/schema\\\/person\\\/418fc4093c33e86ed41562db3508f958\",\"name\":\"Diario1 Diario1\",\"image\":{\"@type\":\"ImageObject\",\"inLanguage\":\"es\",\"@id\":\"https:\\\/\\\/secure.gravatar.com\\\/avatar\\\/9167d280179c85bc18be67aa7eda765854300033af4896dd779b608640f2ef7a?s=96&d=mm&r=g\",\"url\":\"https:\\\/\\\/secure.gravatar.com\\\/avatar\\\/9167d280179c85bc18be67aa7eda765854300033af4896dd779b608640f2ef7a?s=96&d=mm&r=g\",\"contentUrl\":\"https:\\\/\\\/secure.gravatar.com\\\/avatar\\\/9167d280179c85bc18be67aa7eda765854300033af4896dd779b608640f2ef7a?s=96&d=mm&r=g\",\"caption\":\"Diario1 Diario1\"},\"url\":\"https:\\\/\\\/diariotextual.com\\\/inicio\\\/index.php\\\/author\\\/diario1\\\/\"}]}<\/script>\n<!-- \/ Yoast SEO plugin. -->","yoast_head_json":{"title":"Un \u201cGran Hermano\u201d desde el oeste de La Pampa: mir\u00e1 en vivo a un pich\u00f3n de \u00e1guila coronada - Diario Textual","robots":{"index":"index","follow":"follow","max-snippet":"max-snippet:-1","max-image-preview":"max-image-preview:large","max-video-preview":"max-video-preview:-1"},"canonical":"https:\/\/diariotextual.com\/inicio\/index.php\/2026\/03\/08\/un-gran-hermano-desde-el-oeste-de-la-pampa-mira-en-vivo-a-un-pichon-de-aguila-coronada\/","og_locale":"es_ES","og_type":"article","og_title":"Un \u201cGran Hermano\u201d desde el oeste de La Pampa: mir\u00e1 en vivo a un pich\u00f3n de \u00e1guila coronada - Diario Textual","og_description":"Un equipo de cient\u00edficos y voluntarios logr\u00f3 instalar una transmisi\u00f3n en vivo desde el nido de una familia de \u00e1guilas coronadas en el oeste de La Pampa. A trav\u00e9s del&hellip;","og_url":"https:\/\/diariotextual.com\/inicio\/index.php\/2026\/03\/08\/un-gran-hermano-desde-el-oeste-de-la-pampa-mira-en-vivo-a-un-pichon-de-aguila-coronada\/","og_site_name":"Diario Textual","article_publisher":"https:\/\/www.facebook.com\/eltextual","article_published_time":"2026-03-08T22:37:13+00:00","article_modified_time":"2026-03-09T10:41:54+00:00","og_image":[{"width":870,"height":486,"url":"https:\/\/diariotextual.com\/inicio\/wp-content\/uploads\/2026\/03\/aguilacoronadastreamcecara2026-2.jpg","type":"image\/jpeg"}],"author":"Diario1 Diario1","twitter_card":"summary_large_image","twitter_creator":"@eltextual","twitter_site":"@eltextual","twitter_misc":{"Escrito por":"Diario1 Diario1","Tiempo de lectura":"2 minutos"},"schema":{"@context":"https:\/\/schema.org","@graph":[{"@type":"Article","@id":"https:\/\/diariotextual.com\/inicio\/index.php\/2026\/03\/08\/un-gran-hermano-desde-el-oeste-de-la-pampa-mira-en-vivo-a-un-pichon-de-aguila-coronada\/#article","isPartOf":{"@id":"https:\/\/diariotextual.com\/inicio\/index.php\/2026\/03\/08\/un-gran-hermano-desde-el-oeste-de-la-pampa-mira-en-vivo-a-un-pichon-de-aguila-coronada\/"},"author":{"name":"Diario1 Diario1","@id":"https:\/\/diariotextual.com\/inicio\/#\/schema\/person\/418fc4093c33e86ed41562db3508f958"},"headline":"Un \u201cGran Hermano\u201d desde el oeste de La Pampa: mir\u00e1 en vivo a un pich\u00f3n de \u00e1guila coronada","datePublished":"2026-03-08T22:37:13+00:00","dateModified":"2026-03-09T10:41:54+00:00","mainEntityOfPage":{"@id":"https:\/\/diariotextual.com\/inicio\/index.php\/2026\/03\/08\/un-gran-hermano-desde-el-oeste-de-la-pampa-mira-en-vivo-a-un-pichon-de-aguila-coronada\/"},"wordCount":440,"publisher":{"@id":"https:\/\/diariotextual.com\/inicio\/#organization"},"image":{"@id":"https:\/\/diariotextual.com\/inicio\/index.php\/2026\/03\/08\/un-gran-hermano-desde-el-oeste-de-la-pampa-mira-en-vivo-a-un-pichon-de-aguila-coronada\/#primaryimage"},"thumbnailUrl":"https:\/\/diariotextual.com\/inicio\/wp-content\/uploads\/2026\/03\/aguilacoronadastreamcecara2026-2.jpg","articleSection":["A - ES NOTICIA (van abajo)","A - QUE PASA (al costado)","SOCIEDAD"],"inLanguage":"es"},{"@type":"WebPage","@id":"https:\/\/diariotextual.com\/inicio\/index.php\/2026\/03\/08\/un-gran-hermano-desde-el-oeste-de-la-pampa-mira-en-vivo-a-un-pichon-de-aguila-coronada\/","url":"https:\/\/diariotextual.com\/inicio\/index.php\/2026\/03\/08\/un-gran-hermano-desde-el-oeste-de-la-pampa-mira-en-vivo-a-un-pichon-de-aguila-coronada\/","name":"Un \u201cGran Hermano\u201d desde el oeste de La Pampa: mir\u00e1 en vivo a un pich\u00f3n de \u00e1guila coronada - Diario Textual","isPartOf":{"@id":"https:\/\/diariotextual.com\/inicio\/#website"},"primaryImageOfPage":{"@id":"https:\/\/diariotextual.com\/inicio\/index.php\/2026\/03\/08\/un-gran-hermano-desde-el-oeste-de-la-pampa-mira-en-vivo-a-un-pichon-de-aguila-coronada\/#primaryimage"},"image":{"@id":"https:\/\/diariotextual.com\/inicio\/index.php\/2026\/03\/08\/un-gran-hermano-desde-el-oeste-de-la-pampa-mira-en-vivo-a-un-pichon-de-aguila-coronada\/#primaryimage"},"thumbnailUrl":"https:\/\/diariotextual.com\/inicio\/wp-content\/uploads\/2026\/03\/aguilacoronadastreamcecara2026-2.jpg","datePublished":"2026-03-08T22:37:13+00:00","dateModified":"2026-03-09T10:41:54+00:00","breadcrumb":{"@id":"https:\/\/diariotextual.com\/inicio\/index.php\/2026\/03\/08\/un-gran-hermano-desde-el-oeste-de-la-pampa-mira-en-vivo-a-un-pichon-de-aguila-coronada\/#breadcrumb"},"inLanguage":"es","potentialAction":[{"@type":"ReadAction","target":["https:\/\/diariotextual.com\/inicio\/index.php\/2026\/03\/08\/un-gran-hermano-desde-el-oeste-de-la-pampa-mira-en-vivo-a-un-pichon-de-aguila-coronada\/"]}]},{"@type":"ImageObject","inLanguage":"es","@id":"https:\/\/diariotextual.com\/inicio\/index.php\/2026\/03\/08\/un-gran-hermano-desde-el-oeste-de-la-pampa-mira-en-vivo-a-un-pichon-de-aguila-coronada\/#primaryimage","url":"https:\/\/diariotextual.com\/inicio\/wp-content\/uploads\/2026\/03\/aguilacoronadastreamcecara2026-2.jpg","contentUrl":"https:\/\/diariotextual.com\/inicio\/wp-content\/uploads\/2026\/03\/aguilacoronadastreamcecara2026-2.jpg","width":870,"height":486},{"@type":"BreadcrumbList","@id":"https:\/\/diariotextual.com\/inicio\/index.php\/2026\/03\/08\/un-gran-hermano-desde-el-oeste-de-la-pampa-mira-en-vivo-a-un-pichon-de-aguila-coronada\/#breadcrumb","itemListElement":[{"@type":"ListItem","position":1,"name":"Portada","item":"https:\/\/diariotextual.com\/inicio\/"},{"@type":"ListItem","position":2,"name":"Un \u201cGran Hermano\u201d desde el oeste de La Pampa: mir\u00e1 en vivo a un pich\u00f3n de \u00e1guila coronada"}]},{"@type":"WebSite","@id":"https:\/\/diariotextual.com\/inicio\/#website","url":"https:\/\/diariotextual.com\/inicio\/","name":"Diario Textual","description":"","publisher":{"@id":"https:\/\/diariotextual.com\/inicio\/#organization"},"potentialAction":[{"@type":"SearchAction","target":{"@type":"EntryPoint","urlTemplate":"https:\/\/diariotextual.com\/inicio\/?s={search_term_string}"},"query-input":{"@type":"PropertyValueSpecification","valueRequired":true,"valueName":"search_term_string"}}],"inLanguage":"es"},{"@type":"Organization","@id":"https:\/\/diariotextual.com\/inicio\/#organization","name":"Diario Textual","url":"https:\/\/diariotextual.com\/inicio\/","logo":{"@type":"ImageObject","inLanguage":"es","@id":"https:\/\/diariotextual.com\/inicio\/#\/schema\/logo\/image\/","url":"https:\/\/diariotextual.com\/inicio\/wp-content\/uploads\/2023\/05\/logotextual1.jpg","contentUrl":"https:\/\/diariotextual.com\/inicio\/wp-content\/uploads\/2023\/05\/logotextual1.jpg","width":516,"height":76,"caption":"Diario Textual"},"image":{"@id":"https:\/\/diariotextual.com\/inicio\/#\/schema\/logo\/image\/"},"sameAs":["https:\/\/www.facebook.com\/eltextual","https:\/\/x.com\/eltextual","http:\/\/www.instagram.com\/eltextual"]},{"@type":"Person","@id":"https:\/\/diariotextual.com\/inicio\/#\/schema\/person\/418fc4093c33e86ed41562db3508f958","name":"Diario1 Diario1","image":{"@type":"ImageObject","inLanguage":"es","@id":"https:\/\/secure.gravatar.com\/avatar\/9167d280179c85bc18be67aa7eda765854300033af4896dd779b608640f2ef7a?s=96&d=mm&r=g","url":"https:\/\/secure.gravatar.com\/avatar\/9167d280179c85bc18be67aa7eda765854300033af4896dd779b608640f2ef7a?s=96&d=mm&r=g","contentUrl":"https:\/\/secure.gravatar.com\/avatar\/9167d280179c85bc18be67aa7eda765854300033af4896dd779b608640f2ef7a?s=96&d=mm&r=g","caption":"Diario1 Diario1"},"url":"https:\/\/diariotextual.com\/inicio\/index.php\/author\/diario1\/"}]}},"_links":{"self":[{"href":"https:\/\/diariotextual.com\/inicio\/index.php\/wp-json\/wp\/v2\/posts\/321692","targetHints":{"allow":["GET"]}}],"collection":[{"href":"https:\/\/diariotextual.com\/inicio\/index.php\/wp-json\/wp\/v2\/posts"}],"about":[{"href":"https:\/\/diariotextual.com\/inicio\/index.php\/wp-json\/wp\/v2\/types\/post"}],"author":[{"embeddable":true,"href":"https:\/\/diariotextual.com\/inicio\/index.php\/wp-json\/wp\/v2\/users\/3"}],"replies":[{"embeddable":true,"href":"https:\/\/diariotextual.com\/inicio\/index.php\/wp-json\/wp\/v2\/comments?post=321692"}],"version-history":[{"count":4,"href":"https:\/\/diariotextual.com\/inicio\/index.php\/wp-json\/wp\/v2\/posts\/321692\/revisions"}],"predecessor-version":[{"id":321697,"href":"https:\/\/diariotextual.com\/inicio\/index.php\/wp-json\/wp\/v2\/posts\/321692\/revisions\/321697"}],"wp:featuredmedia":[{"embeddable":true,"href":"https:\/\/diariotextual.com\/inicio\/index.php\/wp-json\/wp\/v2\/media\/321696"}],"wp:attachment":[{"href":"https:\/\/diariotextual.com\/inicio\/index.php\/wp-json\/wp\/v2\/media?parent=321692"}],"wp:term":[{"taxonomy":"category","embeddable":true,"href":"https:\/\/diariotextual.com\/inicio\/index.php\/wp-json\/wp\/v2\/categories?post=321692"},{"taxonomy":"post_tag","embeddable":true,"href":"https:\/\/diariotextual.com\/inicio\/index.php\/wp-json\/wp\/v2\/tags?post=321692"}],"curies":[{"name":"wp","href":"https:\/\/api.w.org\/{rel}","templated":true}]}}