{"id":321706,"date":"2026-03-08T23:03:29","date_gmt":"2026-03-09T02:03:29","guid":{"rendered":"https:\/\/diariotextual.com\/inicio\/?p=321706"},"modified":"2026-03-09T07:04:17","modified_gmt":"2026-03-09T10:04:17","slug":"milei-hablo-del-kirchnerismo-la-inflacion-la-interna-y-los-despidos-de-fate","status":"publish","type":"post","link":"https:\/\/diariotextual.com\/inicio\/index.php\/2026\/03\/08\/milei-hablo-del-kirchnerismo-la-inflacion-la-interna-y-los-despidos-de-fate\/","title":{"rendered":"Milei habl\u00f3 del kirchnerismo, la inflaci\u00f3n, la interna y los despidos de Fate"},"content":{"rendered":"\n<p>El presidente Javier Milei lanz\u00f3 duras cr\u00edticas contra el kirchnerismo al referirse a su discurso de apertura de las sesiones ordinarias del Congreso y asegur\u00f3 que no permitir\u00e1 que la oposici\u00f3n lo \u201clleve puesto\u201d como, seg\u00fan dijo, ocurri\u00f3 con el gobierno de Mauricio Macri.<\/p>\n\n\n\n<p><br>\u201cA m\u00ed no me van a llevar puesto como lo hicieron con Macri. Yo no me voy a dejar amedrentar por delincuentes, chorros y asesinos\u201d, afirm\u00f3 el mandatario durante una entrevista televisiva. En ese marco, sostuvo que los bloques opositores \u201cdetestan el orden espont\u00e1neo\u201d y consider\u00f3 que las agresiones comenzaron desde la oposici\u00f3n.<\/p>\n\n\n\n<p><br>El jefe de Estado asegur\u00f3 que no hubo una reacci\u00f3n planificada de su parte durante el cruce pol\u00edtico que se gener\u00f3 en torno a su discurso, porque -seg\u00fan dijo- no puede premeditar las respuestas frente a lo que defini\u00f3 como \u201cenemigos pol\u00edticos\u201d. En ese contexto, insisti\u00f3 en que \u201cno empez\u00f3 con las agresiones\u201d y apunt\u00f3 contra quienes cuestionaron sus expresiones p\u00fablicas.<\/p>\n\n\n\n<p><br>\u201cYo no empec\u00e9 con las agresiones, empezaron los 100 cavern\u00edcolas que no solo son ignorantes, sino maleducados y violentos\u201d, afirm\u00f3. Tambi\u00e9n defendi\u00f3 el contenido de su discurso y sostuvo que algunos cr\u00edticos evitan debatir las ideas. \u201cHay personas muy b\u00e1sicas que no pueden discutir el contenido y se detienen en las formas\u201d, expres\u00f3.<\/p>\n\n\n\n<p><br>Durante la entrevista, Milei tambi\u00e9n se refiri\u00f3 a la situaci\u00f3n econ\u00f3mica y asegur\u00f3 que la pobreza baj\u00f3 al 27% durante su gesti\u00f3n, lo que -seg\u00fan afirm\u00f3- permiti\u00f3 sacar de esa condici\u00f3n a m\u00e1s de 12 millones de personas. <\/p>\n\n\n\n<p>En esa l\u00ednea, sostuvo que si el rumbo econ\u00f3mico se mantiene la econom\u00eda podr\u00eda crecer un 8% y la inflaci\u00f3n continuar\u00e1 bajando.<\/p>\n\n\n\n<p><br>El mandatario adem\u00e1s opin\u00f3 sobre la p\u00e9rdida de 920 puestos de trabajo tras el cierre de la empresa de neum\u00e1ticos Fate, perteneciente al empresario Javier Madanes Quintanilla. <\/p>\n\n\n\n<p>Se\u00f1al\u00f3 que conoce el impacto de quedarse sin empleo porque atraves\u00f3 esa situaci\u00f3n en el pasado, aunque sostuvo que los puestos perdidos ser\u00e1n reemplazados por nuevos trabajos en otros sectores de la econom\u00eda.<\/p>\n\n\n\n<p><br>En el plano pol\u00edtico y empresarial, el presidente cuestion\u00f3 a algunos sectores del empresariado y mencion\u00f3 tanto a Madanes Quintanilla como al titular del grupo Techint, Paolo Rocca. \u201cSiempre operaron contra el gobierno. El empresario no puede comprar favores sin un corrupto, por eso les gustaban tanto los gobiernos anteriores\u201d, afirm\u00f3, y aclar\u00f3 que sus cr\u00edticas a los llamados \u201cempresaurios\u201d son de car\u00e1cter moral y no contra el sector empresario en general.<\/p>\n\n\n\n<p><br>Consultado por versiones de internas dentro del Gobierno, el mandatario rest\u00f3 importancia a los supuestos enfrentamientos entre la secretaria general de la Presidencia, Karina Milei, y el asesor presidencial Santiago Caputo. \u201cSon tonter\u00edas\u201d, respondi\u00f3, y sostuvo que es natural que existan diferencias dentro de un equipo de trabajo.<\/p>\n\n\n\n<p><br>Tambi\u00e9n neg\u00f3 que su hermana sea quien toma las decisiones dentro del Ejecutivo y afirm\u00f3 que lo importante es actuar correctamente y no tener siempre la raz\u00f3n.<\/p>\n\n\n\n<p><br>Por otra parte, Milei descart\u00f3 impulsar una reforma constitucional o una reelecci\u00f3n indefinida y asegur\u00f3 que, si eventualmente fuera reelecto, se retirar\u00e1 de la pol\u00edtica en 2031. \u201cNo quiero jubilaciones de privilegio. Quiero hacer las cosas bien y despu\u00e9s irme a vivir al campo con mis perros y dedicarme a dar conferencias\u201d, sostuvo.<\/p>\n\n\n\n<p><br>En materia institucional, defendi\u00f3 la designaci\u00f3n del exfiscal Juan Bautista Mahiques como nuevo ministro de Justicia y rechaz\u00f3 versiones que indicaban que su nombramiento buscaba favorecer a dirigentes del f\u00fatbol. En ese sentido, asegur\u00f3 que si el presidente de la Asociaci\u00f3n del F\u00fatbol Argentino, Claudio Tapia, o el tesorero Pablo Toviggino, cometieron delitos deber\u00e1n responder ante la Justicia.<\/p>\n\n\n\n<p><br>El presidente tambi\u00e9n se refiri\u00f3 al regreso al pa\u00eds del gendarme argentino Nahuel Gallo, quien hab\u00eda permanecido detenido en Venezuela. Sostuvo que lo m\u00e1s importante es que pudo volver a la Argentina y afirm\u00f3 que su liberaci\u00f3n fue posible por la intervenci\u00f3n del gobierno de Donald Trump frente al r\u00e9gimen de Nicol\u00e1s Maduro.<\/p>\n\n\n\n<p><br>Adem\u00e1s, neg\u00f3 que haya pedido la renuncia de la vicepresidenta Victoria Villarruel y record\u00f3 que el Gobierno fue elegido para gobernar hasta 2027. \u201cSi decide irse, ser\u00e1 una decisi\u00f3n de ella\u201d, afirm\u00f3.<\/p>\n\n\n\n<p><br>Finalmente, Milei ratific\u00f3 su alineamiento internacional con Estados Unidos e Israel y volvi\u00f3 a cuestionar al gobierno de Ir\u00e1n, al que calific\u00f3 como \u201cun r\u00e9gimen autocr\u00e1tico que contin\u00faa desarrollando armas nucleares y financiando organizaciones terroristas\u201d. En ese marco, tambi\u00e9n critic\u00f3 el memor\u00e1ndum firmado durante el gobierno de Cristina Fern\u00e1ndez de Kirchner y mencion\u00f3 el caso del fiscal Alberto Nisman.<\/p>\n","protected":false},"excerpt":{"rendered":"<p>El presidente Javier Milei lanz\u00f3 duras cr\u00edticas contra el kirchnerismo al referirse a su discurso de apertura de las sesiones ordinarias del Congreso y asegur\u00f3 que no permitir\u00e1 que la&hellip;<\/p>\n","protected":false},"author":3,"featured_media":321135,"comment_status":"closed","ping_status":"open","sticky":false,"template":"","format":"standard","meta":{"_acf_changed":false,"footnotes":""},"categories":[1,8],"tags":[],"class_list":["post-321706","post","type-post","status-publish","format-standard","has-post-thumbnail","hentry","category-es-noticia","category-politica"],"acf":[],"yoast_head":"<!-- This site is optimized with the Yoast SEO plugin v27.5 - https:\/\/yoast.com\/product\/yoast-seo-wordpress\/ -->\n<title>Milei habl\u00f3 del kirchnerismo, la inflaci\u00f3n, la interna y los despidos de Fate - Diario Textual<\/title>\n<meta name=\"robots\" content=\"index, follow, max-snippet:-1, max-image-preview:large, max-video-preview:-1\" \/>\n<link rel=\"canonical\" href=\"https:\/\/diariotextual.com\/inicio\/index.php\/2026\/03\/08\/milei-hablo-del-kirchnerismo-la-inflacion-la-interna-y-los-despidos-de-fate\/\" \/>\n<meta property=\"og:locale\" content=\"es_ES\" \/>\n<meta property=\"og:type\" content=\"article\" \/>\n<meta property=\"og:title\" content=\"Milei habl\u00f3 del kirchnerismo, la inflaci\u00f3n, la interna y los despidos de Fate - Diario Textual\" \/>\n<meta property=\"og:description\" content=\"El presidente Javier Milei lanz\u00f3 duras cr\u00edticas contra el kirchnerismo al referirse a su discurso de apertura de las sesiones ordinarias del Congreso y asegur\u00f3 que no permitir\u00e1 que la&hellip;\" \/>\n<meta property=\"og:url\" content=\"https:\/\/diariotextual.com\/inicio\/index.php\/2026\/03\/08\/milei-hablo-del-kirchnerismo-la-inflacion-la-interna-y-los-despidos-de-fate\/\" \/>\n<meta property=\"og:site_name\" content=\"Diario Textual\" \/>\n<meta property=\"article:publisher\" content=\"https:\/\/www.facebook.com\/eltextual\" \/>\n<meta property=\"article:published_time\" content=\"2026-03-09T02:03:29+00:00\" \/>\n<meta property=\"article:modified_time\" content=\"2026-03-09T10:04:17+00:00\" \/>\n<meta property=\"og:image\" content=\"https:\/\/diariotextual.com\/inicio\/wp-content\/uploads\/2026\/03\/mileiejavierasamblealegislativa2026-7.jpg\" \/>\n\t<meta property=\"og:image:width\" content=\"1200\" \/>\n\t<meta property=\"og:image:height\" content=\"866\" \/>\n\t<meta property=\"og:image:type\" content=\"image\/jpeg\" \/>\n<meta name=\"author\" content=\"Diario1 Diario1\" \/>\n<meta name=\"twitter:card\" content=\"summary_large_image\" \/>\n<meta name=\"twitter:creator\" content=\"@eltextual\" \/>\n<meta name=\"twitter:site\" content=\"@eltextual\" \/>\n<meta name=\"twitter:label1\" content=\"Escrito por\" \/>\n\t<meta name=\"twitter:data1\" content=\"Diario1 Diario1\" \/>\n\t<meta name=\"twitter:label2\" content=\"Tiempo de lectura\" \/>\n\t<meta name=\"twitter:data2\" content=\"4 minutos\" \/>\n<script type=\"application\/ld+json\" class=\"yoast-schema-graph\">{\"@context\":\"https:\\\/\\\/schema.org\",\"@graph\":[{\"@type\":\"Article\",\"@id\":\"https:\\\/\\\/diariotextual.com\\\/inicio\\\/index.php\\\/2026\\\/03\\\/08\\\/milei-hablo-del-kirchnerismo-la-inflacion-la-interna-y-los-despidos-de-fate\\\/#article\",\"isPartOf\":{\"@id\":\"https:\\\/\\\/diariotextual.com\\\/inicio\\\/index.php\\\/2026\\\/03\\\/08\\\/milei-hablo-del-kirchnerismo-la-inflacion-la-interna-y-los-despidos-de-fate\\\/\"},\"author\":{\"name\":\"Diario1 Diario1\",\"@id\":\"https:\\\/\\\/diariotextual.com\\\/inicio\\\/#\\\/schema\\\/person\\\/418fc4093c33e86ed41562db3508f958\"},\"headline\":\"Milei habl\u00f3 del kirchnerismo, la inflaci\u00f3n, la interna y los despidos de Fate\",\"datePublished\":\"2026-03-09T02:03:29+00:00\",\"dateModified\":\"2026-03-09T10:04:17+00:00\",\"mainEntityOfPage\":{\"@id\":\"https:\\\/\\\/diariotextual.com\\\/inicio\\\/index.php\\\/2026\\\/03\\\/08\\\/milei-hablo-del-kirchnerismo-la-inflacion-la-interna-y-los-despidos-de-fate\\\/\"},\"wordCount\":805,\"publisher\":{\"@id\":\"https:\\\/\\\/diariotextual.com\\\/inicio\\\/#organization\"},\"image\":{\"@id\":\"https:\\\/\\\/diariotextual.com\\\/inicio\\\/index.php\\\/2026\\\/03\\\/08\\\/milei-hablo-del-kirchnerismo-la-inflacion-la-interna-y-los-despidos-de-fate\\\/#primaryimage\"},\"thumbnailUrl\":\"https:\\\/\\\/diariotextual.com\\\/inicio\\\/wp-content\\\/uploads\\\/2026\\\/03\\\/mileiejavierasamblealegislativa2026-7.jpg\",\"articleSection\":[\"A - ES NOTICIA (van abajo)\",\"POLITICA\"],\"inLanguage\":\"es\"},{\"@type\":\"WebPage\",\"@id\":\"https:\\\/\\\/diariotextual.com\\\/inicio\\\/index.php\\\/2026\\\/03\\\/08\\\/milei-hablo-del-kirchnerismo-la-inflacion-la-interna-y-los-despidos-de-fate\\\/\",\"url\":\"https:\\\/\\\/diariotextual.com\\\/inicio\\\/index.php\\\/2026\\\/03\\\/08\\\/milei-hablo-del-kirchnerismo-la-inflacion-la-interna-y-los-despidos-de-fate\\\/\",\"name\":\"Milei habl\u00f3 del kirchnerismo, la inflaci\u00f3n, la interna y los despidos de Fate - Diario Textual\",\"isPartOf\":{\"@id\":\"https:\\\/\\\/diariotextual.com\\\/inicio\\\/#website\"},\"primaryImageOfPage\":{\"@id\":\"https:\\\/\\\/diariotextual.com\\\/inicio\\\/index.php\\\/2026\\\/03\\\/08\\\/milei-hablo-del-kirchnerismo-la-inflacion-la-interna-y-los-despidos-de-fate\\\/#primaryimage\"},\"image\":{\"@id\":\"https:\\\/\\\/diariotextual.com\\\/inicio\\\/index.php\\\/2026\\\/03\\\/08\\\/milei-hablo-del-kirchnerismo-la-inflacion-la-interna-y-los-despidos-de-fate\\\/#primaryimage\"},\"thumbnailUrl\":\"https:\\\/\\\/diariotextual.com\\\/inicio\\\/wp-content\\\/uploads\\\/2026\\\/03\\\/mileiejavierasamblealegislativa2026-7.jpg\",\"datePublished\":\"2026-03-09T02:03:29+00:00\",\"dateModified\":\"2026-03-09T10:04:17+00:00\",\"breadcrumb\":{\"@id\":\"https:\\\/\\\/diariotextual.com\\\/inicio\\\/index.php\\\/2026\\\/03\\\/08\\\/milei-hablo-del-kirchnerismo-la-inflacion-la-interna-y-los-despidos-de-fate\\\/#breadcrumb\"},\"inLanguage\":\"es\",\"potentialAction\":[{\"@type\":\"ReadAction\",\"target\":[\"https:\\\/\\\/diariotextual.com\\\/inicio\\\/index.php\\\/2026\\\/03\\\/08\\\/milei-hablo-del-kirchnerismo-la-inflacion-la-interna-y-los-despidos-de-fate\\\/\"]}]},{\"@type\":\"ImageObject\",\"inLanguage\":\"es\",\"@id\":\"https:\\\/\\\/diariotextual.com\\\/inicio\\\/index.php\\\/2026\\\/03\\\/08\\\/milei-hablo-del-kirchnerismo-la-inflacion-la-interna-y-los-despidos-de-fate\\\/#primaryimage\",\"url\":\"https:\\\/\\\/diariotextual.com\\\/inicio\\\/wp-content\\\/uploads\\\/2026\\\/03\\\/mileiejavierasamblealegislativa2026-7.jpg\",\"contentUrl\":\"https:\\\/\\\/diariotextual.com\\\/inicio\\\/wp-content\\\/uploads\\\/2026\\\/03\\\/mileiejavierasamblealegislativa2026-7.jpg\",\"width\":1200,\"height\":866},{\"@type\":\"BreadcrumbList\",\"@id\":\"https:\\\/\\\/diariotextual.com\\\/inicio\\\/index.php\\\/2026\\\/03\\\/08\\\/milei-hablo-del-kirchnerismo-la-inflacion-la-interna-y-los-despidos-de-fate\\\/#breadcrumb\",\"itemListElement\":[{\"@type\":\"ListItem\",\"position\":1,\"name\":\"Portada\",\"item\":\"https:\\\/\\\/diariotextual.com\\\/inicio\\\/\"},{\"@type\":\"ListItem\",\"position\":2,\"name\":\"Milei habl\u00f3 del kirchnerismo, la inflaci\u00f3n, la interna y los despidos de Fate\"}]},{\"@type\":\"WebSite\",\"@id\":\"https:\\\/\\\/diariotextual.com\\\/inicio\\\/#website\",\"url\":\"https:\\\/\\\/diariotextual.com\\\/inicio\\\/\",\"name\":\"Diario Textual\",\"description\":\"\",\"publisher\":{\"@id\":\"https:\\\/\\\/diariotextual.com\\\/inicio\\\/#organization\"},\"potentialAction\":[{\"@type\":\"SearchAction\",\"target\":{\"@type\":\"EntryPoint\",\"urlTemplate\":\"https:\\\/\\\/diariotextual.com\\\/inicio\\\/?s={search_term_string}\"},\"query-input\":{\"@type\":\"PropertyValueSpecification\",\"valueRequired\":true,\"valueName\":\"search_term_string\"}}],\"inLanguage\":\"es\"},{\"@type\":\"Organization\",\"@id\":\"https:\\\/\\\/diariotextual.com\\\/inicio\\\/#organization\",\"name\":\"Diario Textual\",\"url\":\"https:\\\/\\\/diariotextual.com\\\/inicio\\\/\",\"logo\":{\"@type\":\"ImageObject\",\"inLanguage\":\"es\",\"@id\":\"https:\\\/\\\/diariotextual.com\\\/inicio\\\/#\\\/schema\\\/logo\\\/image\\\/\",\"url\":\"https:\\\/\\\/diariotextual.com\\\/inicio\\\/wp-content\\\/uploads\\\/2023\\\/05\\\/logotextual1.jpg\",\"contentUrl\":\"https:\\\/\\\/diariotextual.com\\\/inicio\\\/wp-content\\\/uploads\\\/2023\\\/05\\\/logotextual1.jpg\",\"width\":516,\"height\":76,\"caption\":\"Diario Textual\"},\"image\":{\"@id\":\"https:\\\/\\\/diariotextual.com\\\/inicio\\\/#\\\/schema\\\/logo\\\/image\\\/\"},\"sameAs\":[\"https:\\\/\\\/www.facebook.com\\\/eltextual\",\"https:\\\/\\\/x.com\\\/eltextual\",\"http:\\\/\\\/www.instagram.com\\\/eltextual\"]},{\"@type\":\"Person\",\"@id\":\"https:\\\/\\\/diariotextual.com\\\/inicio\\\/#\\\/schema\\\/person\\\/418fc4093c33e86ed41562db3508f958\",\"name\":\"Diario1 Diario1\",\"image\":{\"@type\":\"ImageObject\",\"inLanguage\":\"es\",\"@id\":\"https:\\\/\\\/secure.gravatar.com\\\/avatar\\\/9167d280179c85bc18be67aa7eda765854300033af4896dd779b608640f2ef7a?s=96&d=mm&r=g\",\"url\":\"https:\\\/\\\/secure.gravatar.com\\\/avatar\\\/9167d280179c85bc18be67aa7eda765854300033af4896dd779b608640f2ef7a?s=96&d=mm&r=g\",\"contentUrl\":\"https:\\\/\\\/secure.gravatar.com\\\/avatar\\\/9167d280179c85bc18be67aa7eda765854300033af4896dd779b608640f2ef7a?s=96&d=mm&r=g\",\"caption\":\"Diario1 Diario1\"},\"url\":\"https:\\\/\\\/diariotextual.com\\\/inicio\\\/index.php\\\/author\\\/diario1\\\/\"}]}<\/script>\n<!-- \/ Yoast SEO plugin. -->","yoast_head_json":{"title":"Milei habl\u00f3 del kirchnerismo, la inflaci\u00f3n, la interna y los despidos de Fate - Diario Textual","robots":{"index":"index","follow":"follow","max-snippet":"max-snippet:-1","max-image-preview":"max-image-preview:large","max-video-preview":"max-video-preview:-1"},"canonical":"https:\/\/diariotextual.com\/inicio\/index.php\/2026\/03\/08\/milei-hablo-del-kirchnerismo-la-inflacion-la-interna-y-los-despidos-de-fate\/","og_locale":"es_ES","og_type":"article","og_title":"Milei habl\u00f3 del kirchnerismo, la inflaci\u00f3n, la interna y los despidos de Fate - Diario Textual","og_description":"El presidente Javier Milei lanz\u00f3 duras cr\u00edticas contra el kirchnerismo al referirse a su discurso de apertura de las sesiones ordinarias del Congreso y asegur\u00f3 que no permitir\u00e1 que la&hellip;","og_url":"https:\/\/diariotextual.com\/inicio\/index.php\/2026\/03\/08\/milei-hablo-del-kirchnerismo-la-inflacion-la-interna-y-los-despidos-de-fate\/","og_site_name":"Diario Textual","article_publisher":"https:\/\/www.facebook.com\/eltextual","article_published_time":"2026-03-09T02:03:29+00:00","article_modified_time":"2026-03-09T10:04:17+00:00","og_image":[{"width":1200,"height":866,"url":"https:\/\/diariotextual.com\/inicio\/wp-content\/uploads\/2026\/03\/mileiejavierasamblealegislativa2026-7.jpg","type":"image\/jpeg"}],"author":"Diario1 Diario1","twitter_card":"summary_large_image","twitter_creator":"@eltextual","twitter_site":"@eltextual","twitter_misc":{"Escrito por":"Diario1 Diario1","Tiempo de lectura":"4 minutos"},"schema":{"@context":"https:\/\/schema.org","@graph":[{"@type":"Article","@id":"https:\/\/diariotextual.com\/inicio\/index.php\/2026\/03\/08\/milei-hablo-del-kirchnerismo-la-inflacion-la-interna-y-los-despidos-de-fate\/#article","isPartOf":{"@id":"https:\/\/diariotextual.com\/inicio\/index.php\/2026\/03\/08\/milei-hablo-del-kirchnerismo-la-inflacion-la-interna-y-los-despidos-de-fate\/"},"author":{"name":"Diario1 Diario1","@id":"https:\/\/diariotextual.com\/inicio\/#\/schema\/person\/418fc4093c33e86ed41562db3508f958"},"headline":"Milei habl\u00f3 del kirchnerismo, la inflaci\u00f3n, la interna y los despidos de Fate","datePublished":"2026-03-09T02:03:29+00:00","dateModified":"2026-03-09T10:04:17+00:00","mainEntityOfPage":{"@id":"https:\/\/diariotextual.com\/inicio\/index.php\/2026\/03\/08\/milei-hablo-del-kirchnerismo-la-inflacion-la-interna-y-los-despidos-de-fate\/"},"wordCount":805,"publisher":{"@id":"https:\/\/diariotextual.com\/inicio\/#organization"},"image":{"@id":"https:\/\/diariotextual.com\/inicio\/index.php\/2026\/03\/08\/milei-hablo-del-kirchnerismo-la-inflacion-la-interna-y-los-despidos-de-fate\/#primaryimage"},"thumbnailUrl":"https:\/\/diariotextual.com\/inicio\/wp-content\/uploads\/2026\/03\/mileiejavierasamblealegislativa2026-7.jpg","articleSection":["A - ES NOTICIA (van abajo)","POLITICA"],"inLanguage":"es"},{"@type":"WebPage","@id":"https:\/\/diariotextual.com\/inicio\/index.php\/2026\/03\/08\/milei-hablo-del-kirchnerismo-la-inflacion-la-interna-y-los-despidos-de-fate\/","url":"https:\/\/diariotextual.com\/inicio\/index.php\/2026\/03\/08\/milei-hablo-del-kirchnerismo-la-inflacion-la-interna-y-los-despidos-de-fate\/","name":"Milei habl\u00f3 del kirchnerismo, la inflaci\u00f3n, la interna y los despidos de Fate - Diario Textual","isPartOf":{"@id":"https:\/\/diariotextual.com\/inicio\/#website"},"primaryImageOfPage":{"@id":"https:\/\/diariotextual.com\/inicio\/index.php\/2026\/03\/08\/milei-hablo-del-kirchnerismo-la-inflacion-la-interna-y-los-despidos-de-fate\/#primaryimage"},"image":{"@id":"https:\/\/diariotextual.com\/inicio\/index.php\/2026\/03\/08\/milei-hablo-del-kirchnerismo-la-inflacion-la-interna-y-los-despidos-de-fate\/#primaryimage"},"thumbnailUrl":"https:\/\/diariotextual.com\/inicio\/wp-content\/uploads\/2026\/03\/mileiejavierasamblealegislativa2026-7.jpg","datePublished":"2026-03-09T02:03:29+00:00","dateModified":"2026-03-09T10:04:17+00:00","breadcrumb":{"@id":"https:\/\/diariotextual.com\/inicio\/index.php\/2026\/03\/08\/milei-hablo-del-kirchnerismo-la-inflacion-la-interna-y-los-despidos-de-fate\/#breadcrumb"},"inLanguage":"es","potentialAction":[{"@type":"ReadAction","target":["https:\/\/diariotextual.com\/inicio\/index.php\/2026\/03\/08\/milei-hablo-del-kirchnerismo-la-inflacion-la-interna-y-los-despidos-de-fate\/"]}]},{"@type":"ImageObject","inLanguage":"es","@id":"https:\/\/diariotextual.com\/inicio\/index.php\/2026\/03\/08\/milei-hablo-del-kirchnerismo-la-inflacion-la-interna-y-los-despidos-de-fate\/#primaryimage","url":"https:\/\/diariotextual.com\/inicio\/wp-content\/uploads\/2026\/03\/mileiejavierasamblealegislativa2026-7.jpg","contentUrl":"https:\/\/diariotextual.com\/inicio\/wp-content\/uploads\/2026\/03\/mileiejavierasamblealegislativa2026-7.jpg","width":1200,"height":866},{"@type":"BreadcrumbList","@id":"https:\/\/diariotextual.com\/inicio\/index.php\/2026\/03\/08\/milei-hablo-del-kirchnerismo-la-inflacion-la-interna-y-los-despidos-de-fate\/#breadcrumb","itemListElement":[{"@type":"ListItem","position":1,"name":"Portada","item":"https:\/\/diariotextual.com\/inicio\/"},{"@type":"ListItem","position":2,"name":"Milei habl\u00f3 del kirchnerismo, la inflaci\u00f3n, la interna y los despidos de Fate"}]},{"@type":"WebSite","@id":"https:\/\/diariotextual.com\/inicio\/#website","url":"https:\/\/diariotextual.com\/inicio\/","name":"Diario Textual","description":"","publisher":{"@id":"https:\/\/diariotextual.com\/inicio\/#organization"},"potentialAction":[{"@type":"SearchAction","target":{"@type":"EntryPoint","urlTemplate":"https:\/\/diariotextual.com\/inicio\/?s={search_term_string}"},"query-input":{"@type":"PropertyValueSpecification","valueRequired":true,"valueName":"search_term_string"}}],"inLanguage":"es"},{"@type":"Organization","@id":"https:\/\/diariotextual.com\/inicio\/#organization","name":"Diario Textual","url":"https:\/\/diariotextual.com\/inicio\/","logo":{"@type":"ImageObject","inLanguage":"es","@id":"https:\/\/diariotextual.com\/inicio\/#\/schema\/logo\/image\/","url":"https:\/\/diariotextual.com\/inicio\/wp-content\/uploads\/2023\/05\/logotextual1.jpg","contentUrl":"https:\/\/diariotextual.com\/inicio\/wp-content\/uploads\/2023\/05\/logotextual1.jpg","width":516,"height":76,"caption":"Diario Textual"},"image":{"@id":"https:\/\/diariotextual.com\/inicio\/#\/schema\/logo\/image\/"},"sameAs":["https:\/\/www.facebook.com\/eltextual","https:\/\/x.com\/eltextual","http:\/\/www.instagram.com\/eltextual"]},{"@type":"Person","@id":"https:\/\/diariotextual.com\/inicio\/#\/schema\/person\/418fc4093c33e86ed41562db3508f958","name":"Diario1 Diario1","image":{"@type":"ImageObject","inLanguage":"es","@id":"https:\/\/secure.gravatar.com\/avatar\/9167d280179c85bc18be67aa7eda765854300033af4896dd779b608640f2ef7a?s=96&d=mm&r=g","url":"https:\/\/secure.gravatar.com\/avatar\/9167d280179c85bc18be67aa7eda765854300033af4896dd779b608640f2ef7a?s=96&d=mm&r=g","contentUrl":"https:\/\/secure.gravatar.com\/avatar\/9167d280179c85bc18be67aa7eda765854300033af4896dd779b608640f2ef7a?s=96&d=mm&r=g","caption":"Diario1 Diario1"},"url":"https:\/\/diariotextual.com\/inicio\/index.php\/author\/diario1\/"}]}},"_links":{"self":[{"href":"https:\/\/diariotextual.com\/inicio\/index.php\/wp-json\/wp\/v2\/posts\/321706","targetHints":{"allow":["GET"]}}],"collection":[{"href":"https:\/\/diariotextual.com\/inicio\/index.php\/wp-json\/wp\/v2\/posts"}],"about":[{"href":"https:\/\/diariotextual.com\/inicio\/index.php\/wp-json\/wp\/v2\/types\/post"}],"author":[{"embeddable":true,"href":"https:\/\/diariotextual.com\/inicio\/index.php\/wp-json\/wp\/v2\/users\/3"}],"replies":[{"embeddable":true,"href":"https:\/\/diariotextual.com\/inicio\/index.php\/wp-json\/wp\/v2\/comments?post=321706"}],"version-history":[{"count":2,"href":"https:\/\/diariotextual.com\/inicio\/index.php\/wp-json\/wp\/v2\/posts\/321706\/revisions"}],"predecessor-version":[{"id":321709,"href":"https:\/\/diariotextual.com\/inicio\/index.php\/wp-json\/wp\/v2\/posts\/321706\/revisions\/321709"}],"wp:featuredmedia":[{"embeddable":true,"href":"https:\/\/diariotextual.com\/inicio\/index.php\/wp-json\/wp\/v2\/media\/321135"}],"wp:attachment":[{"href":"https:\/\/diariotextual.com\/inicio\/index.php\/wp-json\/wp\/v2\/media?parent=321706"}],"wp:term":[{"taxonomy":"category","embeddable":true,"href":"https:\/\/diariotextual.com\/inicio\/index.php\/wp-json\/wp\/v2\/categories?post=321706"},{"taxonomy":"post_tag","embeddable":true,"href":"https:\/\/diariotextual.com\/inicio\/index.php\/wp-json\/wp\/v2\/tags?post=321706"}],"curies":[{"name":"wp","href":"https:\/\/api.w.org\/{rel}","templated":true}]}}