{"id":321726,"date":"2026-03-09T13:00:00","date_gmt":"2026-03-09T16:00:00","guid":{"rendered":"https:\/\/diariotextual.com\/inicio\/?p=321726"},"modified":"2026-03-10T08:46:54","modified_gmt":"2026-03-10T11:46:54","slug":"caso-lia-falcon-el-tip-confirmo-la-condena-al-conductor-del-auto-a-5-anos-de-carcel","status":"publish","type":"post","link":"https:\/\/diariotextual.com\/inicio\/index.php\/2026\/03\/09\/caso-lia-falcon-el-tip-confirmo-la-condena-al-conductor-del-auto-a-5-anos-de-carcel\/","title":{"rendered":"Caso L\u00eda Falc\u00f3n: el TIP confirm\u00f3 la condena a 5 a\u00f1os al conductor y fue trasladado a prisi\u00f3n"},"content":{"rendered":"\n<p>El <strong>Tribunal de Impugnaci\u00f3n Penal (TIP)<\/strong> confirm\u00f3 este lunes la condena a <strong>cinco a\u00f1os de prisi\u00f3n efectiva<\/strong> contra <strong>Francisco Rold\u00e1n<\/strong> por la muerte de <strong>L\u00eda Falc\u00f3n<\/strong>, en Santa Rosa. Fue encontrado autor del delito de <strong>homicidio culposo por conducci\u00f3n imprudente, negligente y antirreglamentaria de un veh\u00edculo con motor<\/strong>, agravado por <strong>exceso de velocidad de m\u00e1s de 30 kil\u00f3metros por encima de la m\u00e1xima permitida<\/strong> y por <strong>violar la se\u00f1alizaci\u00f3n del sem\u00e1foro<\/strong>. Poco despu\u00e9s,<strong> al mediod\u00eda, Rold\u00e1n fue trasladado de una casa, donde cumpl\u00eda prisi\u00f3n domiciliaria, a una comisar\u00eda.<\/strong><\/p>\n\n\n\n<p>Rold\u00e1n atropell\u00f3 y mat\u00f3 a <strong>L\u00eda Camila Sequeira Falc\u00f3n<\/strong>, de <strong>22 a\u00f1os<\/strong>, el <strong>16 de enero del a\u00f1o pasado<\/strong>, en la intersecci\u00f3n de <strong>avenida circunvalaci\u00f3n Santiago Marzo y Cavero<\/strong>, en <strong>Santa Rosa<\/strong>, cuando conduc\u00eda un <strong>Ford Falcon<\/strong> a <strong>al menos 99 kil\u00f3metros por hora<\/strong> y cruz\u00f3 <strong>un sem\u00e1foro en rojo<\/strong>.<\/p>\n\n\n\n<p>La resoluci\u00f3n fue firmada por el <strong>juez Mauricio Federico Piombi<\/strong> y la <strong>jueza Mar\u00eda Eugenia Schijvarger<\/strong>, quienes rechazaron los recursos de impugnaci\u00f3n presentados por la <strong>defensa<\/strong> y la <strong>querella<\/strong>. De esta manera, adem\u00e1s de confirmar la pena de prisi\u00f3n, ratificaron la <strong>inhabilitaci\u00f3n especial para conducir veh\u00edculos con motor durante diez a\u00f1os<\/strong>.<\/p>\n\n\n\n<p>De esta manera, <strong>Rold\u00e1n<\/strong>, de <strong>62 a\u00f1os<\/strong>, qued\u00f3 en condiciones de ir a la <strong>c\u00e1rcel<\/strong>, ya que hasta el momento se encontraba con <strong>prisi\u00f3n preventiva bajo arresto domiciliario<\/strong>. Eso se concret\u00f3 al mediod\u00eda.<\/p>\n\n\n\n<div style=\"height:100px\" aria-hidden=\"true\" class=\"wp-block-spacer\"><\/div>\n\n\n\n<p><strong>El caso<\/strong><\/p>\n\n\n\n<p>El <strong>siniestro vial<\/strong> ocurri\u00f3 alrededor de las 17 horas del jueves 16 de enero de 2025 en la intersecci\u00f3n de la <strong>avenida circunvalaci\u00f3n Santiago Marzo<\/strong> y <strong>Cavero<\/strong>, en <strong>Santa Rosa<\/strong>. El <strong>Ford Falcon<\/strong> que conduc\u00eda <strong>Francisco Rold\u00e1n<\/strong> atropell\u00f3 a la joven cuando cruzaba la circunvalaci\u00f3n. La arrastr\u00f3 sobre el cap\u00f3 unos 30 metros y reci\u00e9n se detuvo a unos 110 metros del lugar del impacto. <strong>L\u00eda<\/strong> fue trasladada de urgencia al <strong>Hospital Ren\u00e9 Favaloro<\/strong>, donde poco despu\u00e9s se confirm\u00f3 su fallecimiento. Desde entonces, <strong>Rold\u00e1n cumple prisi\u00f3n domiciliaria<\/strong>.<\/p>\n\n\n\n<p>En el juicio, el acusado dijo que no vio a la joven. \u201cRealmente no vi a la criatura\u201d, asegur\u00f3. Adem\u00e1s, neg\u00f3 haber pasado con el sem\u00e1foro en rojo y haber manipulado el tel\u00e9fono celular mientras conduc\u00eda. \u201cNo pas\u00e9 en rojo. Jam\u00e1s manej\u00e9 con el celular. Lo dej\u00e9 al lado de la palanca de cambios despu\u00e9s de pasar por la gomer\u00eda\u201d, expres\u00f3. Los jueces, con las pruebas reunidas, no le creyeron.<\/p>\n\n\n\n<p>El <strong>10 de noviembre<\/strong>, el <strong>Tribunal de Audiencia de Santa Rosa<\/strong> conden\u00f3 a <strong>Rold\u00e1n<\/strong> a <strong>cinco a\u00f1os de prisi\u00f3n<\/strong>. Los jueces <strong>Andr\u00e9s Oli\u00e9, Gast\u00f3n Boulenaz y Carlos Besi<\/strong> consideraron que el imputado, al momento del siniestro vial, conduc\u00eda a <strong>exceso de velocidad<\/strong>, m\u00e1s de <strong>30 kil\u00f3metros por encima del m\u00e1ximo permitido<\/strong>, y que adem\u00e1s <strong>viol\u00f3 la se\u00f1alizaci\u00f3n semaf\u00f3rica<\/strong>.<\/p>\n\n\n\n<p>La familia solicit\u00f3 al TIP que la figura penal sea de <strong>dolo eventual<\/strong> -es decir, que se represent\u00f3 la posibilidad de causar la muerte al conducir a esa velocidad y cruzar en rojo- o de <strong>culpa temeraria<\/strong>. De esa manera, su objetivo era que <strong>Rold\u00e1n recibiera una condena mayor<\/strong>.<\/p>\n\n\n\n<div style=\"height:100px\" aria-hidden=\"true\" class=\"wp-block-spacer\"><\/div>\n\n\n\n<p><strong>Doble conforme y ejecuci\u00f3n de la pena<\/strong><\/p>\n\n\n\n<p>El cambio de situaci\u00f3n procesal de Rold\u00e1n se produjo porque el <strong>TIP<\/strong> revis\u00f3 y confirm\u00f3 la sentencia condenatoria de primera instancia. Al existir lo que t\u00e9cnicamente se denomina <strong>\u201cdoble conforme de condena\u201d<\/strong>, se aplica el <strong>art\u00edculo 381 del C\u00f3digo Procesal Penal de La Pampa<\/strong>, que establece que los <strong>recursos de casaci\u00f3n ante el Superior Tribunal de Justicia (STJ)<\/strong> no tienen <strong>efectos suspensivos<\/strong>.<\/p>\n\n\n\n<figure class=\"wp-block-image size-large\"><img fetchpriority=\"high\" decoding=\"async\" width=\"1024\" height=\"768\" src=\"https:\/\/diariotextual.com\/inicio\/wp-content\/uploads\/2025\/12\/roldanjuiciocasolia2025-1024x768.jpg\" alt=\"\" class=\"wp-image-315712\" srcset=\"https:\/\/diariotextual.com\/inicio\/wp-content\/uploads\/2025\/12\/roldanjuiciocasolia2025-1024x768.jpg 1024w, https:\/\/diariotextual.com\/inicio\/wp-content\/uploads\/2025\/12\/roldanjuiciocasolia2025-300x225.jpg 300w, https:\/\/diariotextual.com\/inicio\/wp-content\/uploads\/2025\/12\/roldanjuiciocasolia2025-768x576.jpg 768w, https:\/\/diariotextual.com\/inicio\/wp-content\/uploads\/2025\/12\/roldanjuiciocasolia2025-585x439.jpg 585w, https:\/\/diariotextual.com\/inicio\/wp-content\/uploads\/2025\/12\/roldanjuiciocasolia2025.jpg 1170w\" sizes=\"(max-width: 1024px) 100vw, 1024px\" \/><\/figure>\n\n\n\n<p><\/p>\n\n\n\n<p>Por ese motivo, la <strong>pena debe ejecutarse inmediatamente<\/strong>. En el <strong>punto tercero de la parte resolutiva del fallo<\/strong>, el tribunal orden\u00f3 notificar su resoluci\u00f3n a la <strong>Audiencia de Juicio<\/strong> y a la <strong>Oficina Judicial<\/strong>, de acuerdo con lo previsto en ese art\u00edculo.<\/p>\n\n\n\n<p>El fallo ahora confirmado hab\u00eda sido dictado el <strong>10 de noviembre del a\u00f1o pasado<\/strong> por la <strong>Audiencia de Juicio de Santa Rosa<\/strong>. La <strong>fiscal\u00eda<\/strong> no recurri\u00f3 porque la pena y la calificaci\u00f3n legal coincidieron con lo que hab\u00eda solicitado.<\/p>\n\n\n\n<p>En cambio s\u00ed apelaron los defensores de <strong>Rold\u00e1n<\/strong>, <strong>Nicol\u00e1s Esp\u00ednola<\/strong> y <strong>Seila Dom\u00ednguez Ardohain<\/strong>, y la <strong>querellante Aldana Prost<\/strong>, en representaci\u00f3n de la <strong>familia de la v\u00edctima<\/strong>.<\/p>\n\n\n\n<p>\u201cLa <strong>sentencia condenatoria<\/strong> no fue una resoluci\u00f3n infundada ni arbitraria, no adoleci\u00f3 de omisiones en el tratamiento de las pruebas o de las normas aplicables y estuvo suficientemente fundada\u201d, afirmaron <strong>Piombi<\/strong> y <strong>Schijvarger<\/strong>. Agregaron que los recurrentes expusieron \u201ctan solo <strong>opiniones divergentes<\/strong> acerca de la valoraci\u00f3n probatoria y de la ley sustantiva, pero sin demostrar los agravios invocados\u201d en la causa.<\/p>\n\n\n\n<div style=\"height:100px\" aria-hidden=\"true\" class=\"wp-block-spacer\"><\/div>\n\n\n\n<p><strong>El planteo de la querella<\/strong><\/p>\n\n\n\n<p>La <strong>querella<\/strong> cuestion\u00f3 el fallo al sostener que la <strong>Audiencia de Juicio<\/strong> realiz\u00f3 \u201cun <strong>breve y sesgado an\u00e1lisis<\/strong>\u201d y que <strong>Rold\u00e1n<\/strong> debi\u00f3 ser condenado por <strong>homicidio simple con dolo eventual<\/strong>, figura por la que pidi\u00f3 <strong>12 a\u00f1os de prisi\u00f3n<\/strong>.<\/p>\n\n\n\n<p>De manera subsidiaria reclam\u00f3 una condena por <strong>homicidio culposo triplemente agravado<\/strong>, sumando a los agravantes de <strong>exceso de velocidad<\/strong> y <strong>violaci\u00f3n del sem\u00e1foro<\/strong> la figura de <strong>culpa temeraria<\/strong>.<\/p>\n\n\n\n<p>El <strong>TIP<\/strong> rechaz\u00f3 el planteo sobre el <strong>dolo eventual<\/strong> con base en un antecedente del <strong>STJ<\/strong> conocido como la <strong>\u201ccausa Gallardo\u201d<\/strong>. Seg\u00fan ese criterio, la querella <strong>nunca propuso esa calificaci\u00f3n legal en la audiencia de formalizaci\u00f3n<\/strong>, por lo que <strong>Rold\u00e1n<\/strong> no fue formalizado por ese delito ni pudo ejercer su defensa frente a esa acusaci\u00f3n.<\/p>\n\n\n\n<figure class=\"wp-block-image size-large\"><img decoding=\"async\" width=\"1024\" height=\"623\" src=\"https:\/\/diariotextual.com\/inicio\/wp-content\/uploads\/2025\/01\/choquecircunvalacioncaverocasoliacamilasequeirafalcon2025-10-1024x623.jpg\" alt=\"\" class=\"wp-image-286630\" srcset=\"https:\/\/diariotextual.com\/inicio\/wp-content\/uploads\/2025\/01\/choquecircunvalacioncaverocasoliacamilasequeirafalcon2025-10-1024x623.jpg 1024w, https:\/\/diariotextual.com\/inicio\/wp-content\/uploads\/2025\/01\/choquecircunvalacioncaverocasoliacamilasequeirafalcon2025-10-300x183.jpg 300w, https:\/\/diariotextual.com\/inicio\/wp-content\/uploads\/2025\/01\/choquecircunvalacioncaverocasoliacamilasequeirafalcon2025-10-768x467.jpg 768w, https:\/\/diariotextual.com\/inicio\/wp-content\/uploads\/2025\/01\/choquecircunvalacioncaverocasoliacamilasequeirafalcon2025-10-1170x712.jpg 1170w, https:\/\/diariotextual.com\/inicio\/wp-content\/uploads\/2025\/01\/choquecircunvalacioncaverocasoliacamilasequeirafalcon2025-10-585x356.jpg 585w, https:\/\/diariotextual.com\/inicio\/wp-content\/uploads\/2025\/01\/choquecircunvalacioncaverocasoliacamilasequeirafalcon2025-10.jpg 1300w\" sizes=\"(max-width: 1024px) 100vw, 1024px\" \/><\/figure>\n\n\n\n<p><\/p>\n\n\n\n<p>Por ello, el tribunal consider\u00f3 que aceptar ese cambio implicar\u00eda una <strong>\u201cacusaci\u00f3n sorpresiva\u201d<\/strong> que afectar\u00eda el <strong>derecho de defensa<\/strong> y la <strong>seguridad jur\u00eddica<\/strong> del imputado.<\/p>\n\n\n\n<p>La querella tambi\u00e9n argument\u00f3 que <strong>Rold\u00e1n<\/strong> manipulaba su <strong>celular<\/strong> al momento del impacto y que, pese a tener <strong>problemas de visi\u00f3n<\/strong>, no prest\u00f3 la debida atenci\u00f3n a su salud visual y compr\u00f3 <strong>anteojos en un comercio informal<\/strong>.<\/p>\n\n\n\n<p>El <strong>TIP<\/strong> respondi\u00f3 que <strong>no se prob\u00f3 el uso del tel\u00e9fono celular mientras conduc\u00eda<\/strong> ni que el grado de afectaci\u00f3n visual del imputado permitiera aplicar el agravante de <strong>culpa temeraria<\/strong>.<\/p>\n\n\n\n<div style=\"height:100px\" aria-hidden=\"true\" class=\"wp-block-spacer\"><\/div>\n\n\n\n<p><strong>Los cuestionamientos de la defensa<\/strong><\/p>\n\n\n\n<p>La <strong>defensa<\/strong> sostuvo que <strong>Rold\u00e1n<\/strong> no circulaba a una velocidad de entre <strong>99 y 111 kil\u00f3metros por hora<\/strong>, que <strong>no cruz\u00f3 el sem\u00e1foro en rojo<\/strong> y que <strong>no utilizaba el celular<\/strong> al momento del hecho.<\/p>\n\n\n\n<p>Tambi\u00e9n plante\u00f3 que la <strong>v\u00edctima<\/strong> inici\u00f3 el cruce por la <strong>senda peatonal<\/strong> antes de que el <strong>sem\u00e1foro<\/strong> la habilitara.<\/p>\n\n\n\n<p>Los defensores pidieron adem\u00e1s la <strong>exclusi\u00f3n probatoria<\/strong> de los <strong>videos<\/strong> que el <strong>perito oficial, comisario Mauro Rossi<\/strong>, recibi\u00f3 por <strong>WhatsApp<\/strong> y utiliz\u00f3 para realizar la <strong>pericia accidentol\u00f3gica<\/strong>, al considerar que no ten\u00edan <strong>cadena de custodia<\/strong> ni hab\u00edan sido ofrecidos oportunamente como prueba.<\/p>\n\n\n\n<p>El <strong>TIP<\/strong> respondi\u00f3 que <strong>no se advirti\u00f3 ilegalidad<\/strong> en la incorporaci\u00f3n ni en la utilizaci\u00f3n de esos videos y record\u00f3 que incluso el <strong>perito de parte<\/strong>, <strong>An\u00edbal Oscar Garc\u00eda<\/strong>, tambi\u00e9n los utiliz\u00f3 en su an\u00e1lisis.<\/p>\n\n\n\n<div style=\"height:100px\" aria-hidden=\"true\" class=\"wp-block-spacer\"><\/div>\n\n\n\n<p><strong>La discusi\u00f3n entre los peritos<\/strong><\/p>\n\n\n\n<p>Uno de los principales cuestionamientos de la defensa fue que la <strong>Audiencia de Juicio<\/strong> otorg\u00f3 <strong>mayor peso probatorio<\/strong> a la pericia de <strong>Rossi<\/strong> que a la de <strong>Garc\u00eda<\/strong>.<\/p>\n\n\n\n<p>El <strong>TIP<\/strong> respondi\u00f3 que <strong>Rossi<\/strong> explic\u00f3 durante el debate que la <strong>prueba fundamental<\/strong> para determinar lo ocurrido fueron los <strong>videos analizados<\/strong>, a partir de los cuales estableci\u00f3 una <strong>velocidad media de 108 kil\u00f3metros por hora<\/strong>. Con los m\u00e1rgenes de error, concluy\u00f3 que <strong>Rold\u00e1n circulaba entre 99 y 111 kil\u00f3metros por hora<\/strong>.<\/p>\n\n\n\n<p>Respecto del <strong>sem\u00e1foro<\/strong>, indic\u00f3 que al momento del impacto llevaba <strong>2,8 segundos en luz roja<\/strong>. En ese lapso, el veh\u00edculo recorri\u00f3 <strong>84 metros<\/strong> desde el lugar del impacto hasta que fren\u00f3.<\/p>\n\n\n\n<p>Seg\u00fan el perito, si el veh\u00edculo hubiera circulado a <strong>60 kil\u00f3metros por hora<\/strong>, la <strong>velocidad m\u00e1xima permitida<\/strong>, se habr\u00eda detenido a una distancia <strong>considerablemente menor<\/strong>.<\/p>\n\n\n\n<p>Por su parte, el <strong>ingeniero mec\u00e1nico Garc\u00eda<\/strong>, perito de la defensa, estim\u00f3 una velocidad de entre <strong>79 y 90 kil\u00f3metros por hora<\/strong> y sostuvo que no pudieron identificarse con precisi\u00f3n las <strong>huellas de frenado<\/strong> porque el pavimento estaba <strong>\u201cmuy contaminado con marcas previas de rodadura\u201d<\/strong>.<\/p>\n\n\n\n<p>Tambi\u00e9n afirm\u00f3 que <strong>Rold\u00e1n<\/strong> cruz\u00f3 con el <strong>sem\u00e1foro en amarillo<\/strong> y que la <strong>v\u00edctima<\/strong> ingres\u00f3 a la senda peatonal <strong>dos segundos antes del impacto<\/strong>, cuando a\u00fan faltaban entre <strong>tres y cuatro segundos<\/strong> para que el sem\u00e1foro la habilitara.<\/p>\n\n\n\n<p>El <strong>TIP<\/strong> sostuvo que el <strong>Tribunal de Juicio<\/strong> explic\u00f3 con claridad por qu\u00e9 otorg\u00f3 mayor valor al informe de <strong>Rossi<\/strong>, que incluy\u00f3 <strong>trabajo de campo, mediciones, fotograf\u00edas y el uso de un drone<\/strong>, mientras que <strong>Garc\u00eda ni siquiera concurri\u00f3 al lugar del hecho<\/strong>.<\/p>\n\n\n\n<p>Por eso, el tribunal se\u00f1al\u00f3 que resultaba dif\u00edcil sostener con certeza dudas sobre la <strong>huella de frenado de 84 metros<\/strong> sin haber realizado un <strong>trabajo de campo<\/strong>.<\/p>\n\n\n\n<div style=\"height:100px\" aria-hidden=\"true\" class=\"wp-block-spacer\"><\/div>\n\n\n\n<p><strong>El testimonio clave<\/strong><\/p>\n\n\n\n<p>El fallo tambi\u00e9n valor\u00f3 el testimonio de <strong>Lorena Maldonado<\/strong>, conductora de un <strong>Peugeot<\/strong> que esperaba el <strong>sem\u00e1foro verde<\/strong> en la <strong>colectora<\/strong> para cruzar la <strong>avenida Circunvalaci\u00f3n<\/strong>.<\/p>\n\n\n\n<p>La mujer declar\u00f3 que vio <strong>\u201cun auto azul a much\u00edsima velocidad y sin intenciones de parar\u201d<\/strong>, por lo que, pese a tener <strong>luz verde<\/strong>, decidi\u00f3 <strong>frenar<\/strong>.<\/p>\n\n\n\n<p>Para <strong>Schijvarger<\/strong> y <strong>Piombi<\/strong>, el relato de la testigo tuvo <strong>coherencia con lo observado en los videos<\/strong> analizados por <strong>Rossi<\/strong>. Por eso consideraron acertado otorgar <strong>mayor peso probatorio<\/strong> a su informe.<\/p>\n\n\n\n<p>Incluso se\u00f1alaron que <strong>Garc\u00eda<\/strong> realiz\u00f3 un an\u00e1lisis <strong>sesgado<\/strong>, con una clara intenci\u00f3n de <strong>morigerar determinadas circunstancias<\/strong> en favor de la hip\u00f3tesis de la defensa.<\/p>\n\n\n\n<p>El tribunal agreg\u00f3 que la <strong>Audiencia de Juicio<\/strong> no bas\u00f3 su decisi\u00f3n \u00fanicamente en la <strong>pericia oficial<\/strong>, sino tambi\u00e9n en las <strong>declaraciones de Maldonado y otros tres testigos<\/strong>.<\/p>\n\n\n\n<div style=\"height:100px\" aria-hidden=\"true\" class=\"wp-block-spacer\"><\/div>\n\n\n\n<p><strong>La pena<\/strong><\/p>\n\n\n\n<p>El \u00faltimo punto discutido fue la <strong>cuantificaci\u00f3n de la pena<\/strong>. La <strong>defensa<\/strong> pidi\u00f3 una condena de <strong>tres a\u00f1os de prisi\u00f3n en suspenso<\/strong>, mientras que la <strong>querella<\/strong> solicit\u00f3 <strong>seis a\u00f1os de prisi\u00f3n<\/strong> por <strong>homicidio culposo triplemente agravado<\/strong>.<\/p>\n\n\n\n<p>El <strong>TIP<\/strong>, al aplicar el <strong>art\u00edculo 84 bis del C\u00f3digo Penal<\/strong>, record\u00f3 que la pena para el <strong>homicidio culposo<\/strong> va de <strong>tres a seis a\u00f1os de prisi\u00f3n<\/strong> y consider\u00f3 <strong>razonable apartarse del m\u00ednimo<\/strong> debido a la presencia de <strong>dos agravantes<\/strong>.<\/p>\n\n\n\n<p>Adem\u00e1s, se\u00f1al\u00f3 que la <strong>Audiencia<\/strong> tambi\u00e9n tuvo en cuenta el <strong>da\u00f1o ps\u00edquico sufrido por los familiares directos de la v\u00edctima<\/strong>, informaci\u00f3n aportada por la querella.<\/p>\n\n\n\n<p>La defensa hab\u00eda citado otros casos para sostener que la pena era excesiva, pero el <strong>TIP<\/strong> respondi\u00f3 que no eran comparables. Los casos de <strong>Franco Schaab<\/strong> y <strong>Silvio Altuna<\/strong> ocurrieron cuando reg\u00eda una <strong>legislaci\u00f3n m\u00e1s benigna<\/strong>, mientras que los de <strong>Eduardo Ibarra<\/strong> y <strong>Jes\u00fas Vecerra<\/strong> involucraron siniestros en los que <strong>murieron familiares de los propios condenados<\/strong>.<\/p>\n\n\n\n<p><\/p>\n","protected":false},"excerpt":{"rendered":"<p>El Tribunal de Impugnaci\u00f3n Penal (TIP) confirm\u00f3 este lunes la condena a cinco a\u00f1os de prisi\u00f3n efectiva contra Francisco Rold\u00e1n por la muerte de L\u00eda Falc\u00f3n, en Santa Rosa. Fue&hellip;<\/p>\n","protected":false},"author":3,"featured_media":287368,"comment_status":"closed","ping_status":"open","sticky":false,"template":"","format":"standard","meta":{"_acf_changed":false,"footnotes":""},"categories":[10,12],"tags":[],"class_list":["post-321726","post","type-post","status-publish","format-standard","has-post-thumbnail","hentry","category-portada-2","category-sociedad"],"acf":[],"yoast_head":"<!-- This site is optimized with the Yoast SEO plugin v27.5 - https:\/\/yoast.com\/product\/yoast-seo-wordpress\/ -->\n<title>Caso L\u00eda Falc\u00f3n: el TIP confirm\u00f3 la condena a 5 a\u00f1os al conductor y fue trasladado a prisi\u00f3n - Diario Textual<\/title>\n<meta name=\"robots\" content=\"index, follow, max-snippet:-1, max-image-preview:large, max-video-preview:-1\" \/>\n<link rel=\"canonical\" href=\"https:\/\/diariotextual.com\/inicio\/index.php\/2026\/03\/09\/caso-lia-falcon-el-tip-confirmo-la-condena-al-conductor-del-auto-a-5-anos-de-carcel\/\" \/>\n<meta property=\"og:locale\" content=\"es_ES\" \/>\n<meta property=\"og:type\" content=\"article\" \/>\n<meta property=\"og:title\" content=\"Caso L\u00eda Falc\u00f3n: el TIP confirm\u00f3 la condena a 5 a\u00f1os al conductor y fue trasladado a prisi\u00f3n - Diario Textual\" \/>\n<meta property=\"og:description\" content=\"El Tribunal de Impugnaci\u00f3n Penal (TIP) confirm\u00f3 este lunes la condena a cinco a\u00f1os de prisi\u00f3n efectiva contra Francisco Rold\u00e1n por la muerte de L\u00eda Falc\u00f3n, en Santa Rosa. Fue&hellip;\" \/>\n<meta property=\"og:url\" content=\"https:\/\/diariotextual.com\/inicio\/index.php\/2026\/03\/09\/caso-lia-falcon-el-tip-confirmo-la-condena-al-conductor-del-auto-a-5-anos-de-carcel\/\" \/>\n<meta property=\"og:site_name\" content=\"Diario Textual\" \/>\n<meta property=\"article:publisher\" content=\"https:\/\/www.facebook.com\/eltextual\" \/>\n<meta property=\"article:published_time\" content=\"2026-03-09T16:00:00+00:00\" \/>\n<meta property=\"article:modified_time\" content=\"2026-03-10T11:46:54+00:00\" \/>\n<meta property=\"og:image\" content=\"https:\/\/diariotextual.com\/inicio\/wp-content\/uploads\/2025\/01\/falconliacasoliafalconmarcha2025-7.jpg\" \/>\n\t<meta property=\"og:image:width\" content=\"1600\" \/>\n\t<meta property=\"og:image:height\" content=\"900\" \/>\n\t<meta property=\"og:image:type\" content=\"image\/jpeg\" \/>\n<meta name=\"author\" content=\"Diario1 Diario1\" \/>\n<meta name=\"twitter:card\" content=\"summary_large_image\" \/>\n<meta name=\"twitter:creator\" content=\"@eltextual\" \/>\n<meta name=\"twitter:site\" content=\"@eltextual\" \/>\n<meta name=\"twitter:label1\" content=\"Escrito por\" \/>\n\t<meta name=\"twitter:data1\" content=\"Diario1 Diario1\" \/>\n\t<meta name=\"twitter:label2\" content=\"Tiempo de lectura\" \/>\n\t<meta name=\"twitter:data2\" content=\"9 minutos\" \/>\n<script type=\"application\/ld+json\" class=\"yoast-schema-graph\">{\"@context\":\"https:\\\/\\\/schema.org\",\"@graph\":[{\"@type\":\"Article\",\"@id\":\"https:\\\/\\\/diariotextual.com\\\/inicio\\\/index.php\\\/2026\\\/03\\\/09\\\/caso-lia-falcon-el-tip-confirmo-la-condena-al-conductor-del-auto-a-5-anos-de-carcel\\\/#article\",\"isPartOf\":{\"@id\":\"https:\\\/\\\/diariotextual.com\\\/inicio\\\/index.php\\\/2026\\\/03\\\/09\\\/caso-lia-falcon-el-tip-confirmo-la-condena-al-conductor-del-auto-a-5-anos-de-carcel\\\/\"},\"author\":{\"name\":\"Diario1 Diario1\",\"@id\":\"https:\\\/\\\/diariotextual.com\\\/inicio\\\/#\\\/schema\\\/person\\\/418fc4093c33e86ed41562db3508f958\"},\"headline\":\"Caso L\u00eda Falc\u00f3n: el TIP confirm\u00f3 la condena a 5 a\u00f1os al conductor y fue trasladado a prisi\u00f3n\",\"datePublished\":\"2026-03-09T16:00:00+00:00\",\"dateModified\":\"2026-03-10T11:46:54+00:00\",\"mainEntityOfPage\":{\"@id\":\"https:\\\/\\\/diariotextual.com\\\/inicio\\\/index.php\\\/2026\\\/03\\\/09\\\/caso-lia-falcon-el-tip-confirmo-la-condena-al-conductor-del-auto-a-5-anos-de-carcel\\\/\"},\"wordCount\":1860,\"publisher\":{\"@id\":\"https:\\\/\\\/diariotextual.com\\\/inicio\\\/#organization\"},\"image\":{\"@id\":\"https:\\\/\\\/diariotextual.com\\\/inicio\\\/index.php\\\/2026\\\/03\\\/09\\\/caso-lia-falcon-el-tip-confirmo-la-condena-al-conductor-del-auto-a-5-anos-de-carcel\\\/#primaryimage\"},\"thumbnailUrl\":\"https:\\\/\\\/diariotextual.com\\\/inicio\\\/wp-content\\\/uploads\\\/2025\\\/01\\\/falconliacasoliafalconmarcha2025-7.jpg\",\"articleSection\":[\"A - PORTADA2\",\"SOCIEDAD\"],\"inLanguage\":\"es\"},{\"@type\":\"WebPage\",\"@id\":\"https:\\\/\\\/diariotextual.com\\\/inicio\\\/index.php\\\/2026\\\/03\\\/09\\\/caso-lia-falcon-el-tip-confirmo-la-condena-al-conductor-del-auto-a-5-anos-de-carcel\\\/\",\"url\":\"https:\\\/\\\/diariotextual.com\\\/inicio\\\/index.php\\\/2026\\\/03\\\/09\\\/caso-lia-falcon-el-tip-confirmo-la-condena-al-conductor-del-auto-a-5-anos-de-carcel\\\/\",\"name\":\"Caso L\u00eda Falc\u00f3n: el TIP confirm\u00f3 la condena a 5 a\u00f1os al conductor y fue trasladado a prisi\u00f3n - Diario Textual\",\"isPartOf\":{\"@id\":\"https:\\\/\\\/diariotextual.com\\\/inicio\\\/#website\"},\"primaryImageOfPage\":{\"@id\":\"https:\\\/\\\/diariotextual.com\\\/inicio\\\/index.php\\\/2026\\\/03\\\/09\\\/caso-lia-falcon-el-tip-confirmo-la-condena-al-conductor-del-auto-a-5-anos-de-carcel\\\/#primaryimage\"},\"image\":{\"@id\":\"https:\\\/\\\/diariotextual.com\\\/inicio\\\/index.php\\\/2026\\\/03\\\/09\\\/caso-lia-falcon-el-tip-confirmo-la-condena-al-conductor-del-auto-a-5-anos-de-carcel\\\/#primaryimage\"},\"thumbnailUrl\":\"https:\\\/\\\/diariotextual.com\\\/inicio\\\/wp-content\\\/uploads\\\/2025\\\/01\\\/falconliacasoliafalconmarcha2025-7.jpg\",\"datePublished\":\"2026-03-09T16:00:00+00:00\",\"dateModified\":\"2026-03-10T11:46:54+00:00\",\"breadcrumb\":{\"@id\":\"https:\\\/\\\/diariotextual.com\\\/inicio\\\/index.php\\\/2026\\\/03\\\/09\\\/caso-lia-falcon-el-tip-confirmo-la-condena-al-conductor-del-auto-a-5-anos-de-carcel\\\/#breadcrumb\"},\"inLanguage\":\"es\",\"potentialAction\":[{\"@type\":\"ReadAction\",\"target\":[\"https:\\\/\\\/diariotextual.com\\\/inicio\\\/index.php\\\/2026\\\/03\\\/09\\\/caso-lia-falcon-el-tip-confirmo-la-condena-al-conductor-del-auto-a-5-anos-de-carcel\\\/\"]}]},{\"@type\":\"ImageObject\",\"inLanguage\":\"es\",\"@id\":\"https:\\\/\\\/diariotextual.com\\\/inicio\\\/index.php\\\/2026\\\/03\\\/09\\\/caso-lia-falcon-el-tip-confirmo-la-condena-al-conductor-del-auto-a-5-anos-de-carcel\\\/#primaryimage\",\"url\":\"https:\\\/\\\/diariotextual.com\\\/inicio\\\/wp-content\\\/uploads\\\/2025\\\/01\\\/falconliacasoliafalconmarcha2025-7.jpg\",\"contentUrl\":\"https:\\\/\\\/diariotextual.com\\\/inicio\\\/wp-content\\\/uploads\\\/2025\\\/01\\\/falconliacasoliafalconmarcha2025-7.jpg\",\"width\":1600,\"height\":900},{\"@type\":\"BreadcrumbList\",\"@id\":\"https:\\\/\\\/diariotextual.com\\\/inicio\\\/index.php\\\/2026\\\/03\\\/09\\\/caso-lia-falcon-el-tip-confirmo-la-condena-al-conductor-del-auto-a-5-anos-de-carcel\\\/#breadcrumb\",\"itemListElement\":[{\"@type\":\"ListItem\",\"position\":1,\"name\":\"Portada\",\"item\":\"https:\\\/\\\/diariotextual.com\\\/inicio\\\/\"},{\"@type\":\"ListItem\",\"position\":2,\"name\":\"Caso L\u00eda Falc\u00f3n: el TIP confirm\u00f3 la condena a 5 a\u00f1os al conductor y fue trasladado a prisi\u00f3n\"}]},{\"@type\":\"WebSite\",\"@id\":\"https:\\\/\\\/diariotextual.com\\\/inicio\\\/#website\",\"url\":\"https:\\\/\\\/diariotextual.com\\\/inicio\\\/\",\"name\":\"Diario Textual\",\"description\":\"\",\"publisher\":{\"@id\":\"https:\\\/\\\/diariotextual.com\\\/inicio\\\/#organization\"},\"potentialAction\":[{\"@type\":\"SearchAction\",\"target\":{\"@type\":\"EntryPoint\",\"urlTemplate\":\"https:\\\/\\\/diariotextual.com\\\/inicio\\\/?s={search_term_string}\"},\"query-input\":{\"@type\":\"PropertyValueSpecification\",\"valueRequired\":true,\"valueName\":\"search_term_string\"}}],\"inLanguage\":\"es\"},{\"@type\":\"Organization\",\"@id\":\"https:\\\/\\\/diariotextual.com\\\/inicio\\\/#organization\",\"name\":\"Diario Textual\",\"url\":\"https:\\\/\\\/diariotextual.com\\\/inicio\\\/\",\"logo\":{\"@type\":\"ImageObject\",\"inLanguage\":\"es\",\"@id\":\"https:\\\/\\\/diariotextual.com\\\/inicio\\\/#\\\/schema\\\/logo\\\/image\\\/\",\"url\":\"https:\\\/\\\/diariotextual.com\\\/inicio\\\/wp-content\\\/uploads\\\/2023\\\/05\\\/logotextual1.jpg\",\"contentUrl\":\"https:\\\/\\\/diariotextual.com\\\/inicio\\\/wp-content\\\/uploads\\\/2023\\\/05\\\/logotextual1.jpg\",\"width\":516,\"height\":76,\"caption\":\"Diario Textual\"},\"image\":{\"@id\":\"https:\\\/\\\/diariotextual.com\\\/inicio\\\/#\\\/schema\\\/logo\\\/image\\\/\"},\"sameAs\":[\"https:\\\/\\\/www.facebook.com\\\/eltextual\",\"https:\\\/\\\/x.com\\\/eltextual\",\"http:\\\/\\\/www.instagram.com\\\/eltextual\"]},{\"@type\":\"Person\",\"@id\":\"https:\\\/\\\/diariotextual.com\\\/inicio\\\/#\\\/schema\\\/person\\\/418fc4093c33e86ed41562db3508f958\",\"name\":\"Diario1 Diario1\",\"image\":{\"@type\":\"ImageObject\",\"inLanguage\":\"es\",\"@id\":\"https:\\\/\\\/secure.gravatar.com\\\/avatar\\\/9167d280179c85bc18be67aa7eda765854300033af4896dd779b608640f2ef7a?s=96&d=mm&r=g\",\"url\":\"https:\\\/\\\/secure.gravatar.com\\\/avatar\\\/9167d280179c85bc18be67aa7eda765854300033af4896dd779b608640f2ef7a?s=96&d=mm&r=g\",\"contentUrl\":\"https:\\\/\\\/secure.gravatar.com\\\/avatar\\\/9167d280179c85bc18be67aa7eda765854300033af4896dd779b608640f2ef7a?s=96&d=mm&r=g\",\"caption\":\"Diario1 Diario1\"},\"url\":\"https:\\\/\\\/diariotextual.com\\\/inicio\\\/index.php\\\/author\\\/diario1\\\/\"}]}<\/script>\n<!-- \/ Yoast SEO plugin. -->","yoast_head_json":{"title":"Caso L\u00eda Falc\u00f3n: el TIP confirm\u00f3 la condena a 5 a\u00f1os al conductor y fue trasladado a prisi\u00f3n - Diario Textual","robots":{"index":"index","follow":"follow","max-snippet":"max-snippet:-1","max-image-preview":"max-image-preview:large","max-video-preview":"max-video-preview:-1"},"canonical":"https:\/\/diariotextual.com\/inicio\/index.php\/2026\/03\/09\/caso-lia-falcon-el-tip-confirmo-la-condena-al-conductor-del-auto-a-5-anos-de-carcel\/","og_locale":"es_ES","og_type":"article","og_title":"Caso L\u00eda Falc\u00f3n: el TIP confirm\u00f3 la condena a 5 a\u00f1os al conductor y fue trasladado a prisi\u00f3n - Diario Textual","og_description":"El Tribunal de Impugnaci\u00f3n Penal (TIP) confirm\u00f3 este lunes la condena a cinco a\u00f1os de prisi\u00f3n efectiva contra Francisco Rold\u00e1n por la muerte de L\u00eda Falc\u00f3n, en Santa Rosa. Fue&hellip;","og_url":"https:\/\/diariotextual.com\/inicio\/index.php\/2026\/03\/09\/caso-lia-falcon-el-tip-confirmo-la-condena-al-conductor-del-auto-a-5-anos-de-carcel\/","og_site_name":"Diario Textual","article_publisher":"https:\/\/www.facebook.com\/eltextual","article_published_time":"2026-03-09T16:00:00+00:00","article_modified_time":"2026-03-10T11:46:54+00:00","og_image":[{"width":1600,"height":900,"url":"https:\/\/diariotextual.com\/inicio\/wp-content\/uploads\/2025\/01\/falconliacasoliafalconmarcha2025-7.jpg","type":"image\/jpeg"}],"author":"Diario1 Diario1","twitter_card":"summary_large_image","twitter_creator":"@eltextual","twitter_site":"@eltextual","twitter_misc":{"Escrito por":"Diario1 Diario1","Tiempo de lectura":"9 minutos"},"schema":{"@context":"https:\/\/schema.org","@graph":[{"@type":"Article","@id":"https:\/\/diariotextual.com\/inicio\/index.php\/2026\/03\/09\/caso-lia-falcon-el-tip-confirmo-la-condena-al-conductor-del-auto-a-5-anos-de-carcel\/#article","isPartOf":{"@id":"https:\/\/diariotextual.com\/inicio\/index.php\/2026\/03\/09\/caso-lia-falcon-el-tip-confirmo-la-condena-al-conductor-del-auto-a-5-anos-de-carcel\/"},"author":{"name":"Diario1 Diario1","@id":"https:\/\/diariotextual.com\/inicio\/#\/schema\/person\/418fc4093c33e86ed41562db3508f958"},"headline":"Caso L\u00eda Falc\u00f3n: el TIP confirm\u00f3 la condena a 5 a\u00f1os al conductor y fue trasladado a prisi\u00f3n","datePublished":"2026-03-09T16:00:00+00:00","dateModified":"2026-03-10T11:46:54+00:00","mainEntityOfPage":{"@id":"https:\/\/diariotextual.com\/inicio\/index.php\/2026\/03\/09\/caso-lia-falcon-el-tip-confirmo-la-condena-al-conductor-del-auto-a-5-anos-de-carcel\/"},"wordCount":1860,"publisher":{"@id":"https:\/\/diariotextual.com\/inicio\/#organization"},"image":{"@id":"https:\/\/diariotextual.com\/inicio\/index.php\/2026\/03\/09\/caso-lia-falcon-el-tip-confirmo-la-condena-al-conductor-del-auto-a-5-anos-de-carcel\/#primaryimage"},"thumbnailUrl":"https:\/\/diariotextual.com\/inicio\/wp-content\/uploads\/2025\/01\/falconliacasoliafalconmarcha2025-7.jpg","articleSection":["A - PORTADA2","SOCIEDAD"],"inLanguage":"es"},{"@type":"WebPage","@id":"https:\/\/diariotextual.com\/inicio\/index.php\/2026\/03\/09\/caso-lia-falcon-el-tip-confirmo-la-condena-al-conductor-del-auto-a-5-anos-de-carcel\/","url":"https:\/\/diariotextual.com\/inicio\/index.php\/2026\/03\/09\/caso-lia-falcon-el-tip-confirmo-la-condena-al-conductor-del-auto-a-5-anos-de-carcel\/","name":"Caso L\u00eda Falc\u00f3n: el TIP confirm\u00f3 la condena a 5 a\u00f1os al conductor y fue trasladado a prisi\u00f3n - Diario Textual","isPartOf":{"@id":"https:\/\/diariotextual.com\/inicio\/#website"},"primaryImageOfPage":{"@id":"https:\/\/diariotextual.com\/inicio\/index.php\/2026\/03\/09\/caso-lia-falcon-el-tip-confirmo-la-condena-al-conductor-del-auto-a-5-anos-de-carcel\/#primaryimage"},"image":{"@id":"https:\/\/diariotextual.com\/inicio\/index.php\/2026\/03\/09\/caso-lia-falcon-el-tip-confirmo-la-condena-al-conductor-del-auto-a-5-anos-de-carcel\/#primaryimage"},"thumbnailUrl":"https:\/\/diariotextual.com\/inicio\/wp-content\/uploads\/2025\/01\/falconliacasoliafalconmarcha2025-7.jpg","datePublished":"2026-03-09T16:00:00+00:00","dateModified":"2026-03-10T11:46:54+00:00","breadcrumb":{"@id":"https:\/\/diariotextual.com\/inicio\/index.php\/2026\/03\/09\/caso-lia-falcon-el-tip-confirmo-la-condena-al-conductor-del-auto-a-5-anos-de-carcel\/#breadcrumb"},"inLanguage":"es","potentialAction":[{"@type":"ReadAction","target":["https:\/\/diariotextual.com\/inicio\/index.php\/2026\/03\/09\/caso-lia-falcon-el-tip-confirmo-la-condena-al-conductor-del-auto-a-5-anos-de-carcel\/"]}]},{"@type":"ImageObject","inLanguage":"es","@id":"https:\/\/diariotextual.com\/inicio\/index.php\/2026\/03\/09\/caso-lia-falcon-el-tip-confirmo-la-condena-al-conductor-del-auto-a-5-anos-de-carcel\/#primaryimage","url":"https:\/\/diariotextual.com\/inicio\/wp-content\/uploads\/2025\/01\/falconliacasoliafalconmarcha2025-7.jpg","contentUrl":"https:\/\/diariotextual.com\/inicio\/wp-content\/uploads\/2025\/01\/falconliacasoliafalconmarcha2025-7.jpg","width":1600,"height":900},{"@type":"BreadcrumbList","@id":"https:\/\/diariotextual.com\/inicio\/index.php\/2026\/03\/09\/caso-lia-falcon-el-tip-confirmo-la-condena-al-conductor-del-auto-a-5-anos-de-carcel\/#breadcrumb","itemListElement":[{"@type":"ListItem","position":1,"name":"Portada","item":"https:\/\/diariotextual.com\/inicio\/"},{"@type":"ListItem","position":2,"name":"Caso L\u00eda Falc\u00f3n: el TIP confirm\u00f3 la condena a 5 a\u00f1os al conductor y fue trasladado a prisi\u00f3n"}]},{"@type":"WebSite","@id":"https:\/\/diariotextual.com\/inicio\/#website","url":"https:\/\/diariotextual.com\/inicio\/","name":"Diario Textual","description":"","publisher":{"@id":"https:\/\/diariotextual.com\/inicio\/#organization"},"potentialAction":[{"@type":"SearchAction","target":{"@type":"EntryPoint","urlTemplate":"https:\/\/diariotextual.com\/inicio\/?s={search_term_string}"},"query-input":{"@type":"PropertyValueSpecification","valueRequired":true,"valueName":"search_term_string"}}],"inLanguage":"es"},{"@type":"Organization","@id":"https:\/\/diariotextual.com\/inicio\/#organization","name":"Diario Textual","url":"https:\/\/diariotextual.com\/inicio\/","logo":{"@type":"ImageObject","inLanguage":"es","@id":"https:\/\/diariotextual.com\/inicio\/#\/schema\/logo\/image\/","url":"https:\/\/diariotextual.com\/inicio\/wp-content\/uploads\/2023\/05\/logotextual1.jpg","contentUrl":"https:\/\/diariotextual.com\/inicio\/wp-content\/uploads\/2023\/05\/logotextual1.jpg","width":516,"height":76,"caption":"Diario Textual"},"image":{"@id":"https:\/\/diariotextual.com\/inicio\/#\/schema\/logo\/image\/"},"sameAs":["https:\/\/www.facebook.com\/eltextual","https:\/\/x.com\/eltextual","http:\/\/www.instagram.com\/eltextual"]},{"@type":"Person","@id":"https:\/\/diariotextual.com\/inicio\/#\/schema\/person\/418fc4093c33e86ed41562db3508f958","name":"Diario1 Diario1","image":{"@type":"ImageObject","inLanguage":"es","@id":"https:\/\/secure.gravatar.com\/avatar\/9167d280179c85bc18be67aa7eda765854300033af4896dd779b608640f2ef7a?s=96&d=mm&r=g","url":"https:\/\/secure.gravatar.com\/avatar\/9167d280179c85bc18be67aa7eda765854300033af4896dd779b608640f2ef7a?s=96&d=mm&r=g","contentUrl":"https:\/\/secure.gravatar.com\/avatar\/9167d280179c85bc18be67aa7eda765854300033af4896dd779b608640f2ef7a?s=96&d=mm&r=g","caption":"Diario1 Diario1"},"url":"https:\/\/diariotextual.com\/inicio\/index.php\/author\/diario1\/"}]}},"_links":{"self":[{"href":"https:\/\/diariotextual.com\/inicio\/index.php\/wp-json\/wp\/v2\/posts\/321726","targetHints":{"allow":["GET"]}}],"collection":[{"href":"https:\/\/diariotextual.com\/inicio\/index.php\/wp-json\/wp\/v2\/posts"}],"about":[{"href":"https:\/\/diariotextual.com\/inicio\/index.php\/wp-json\/wp\/v2\/types\/post"}],"author":[{"embeddable":true,"href":"https:\/\/diariotextual.com\/inicio\/index.php\/wp-json\/wp\/v2\/users\/3"}],"replies":[{"embeddable":true,"href":"https:\/\/diariotextual.com\/inicio\/index.php\/wp-json\/wp\/v2\/comments?post=321726"}],"version-history":[{"count":12,"href":"https:\/\/diariotextual.com\/inicio\/index.php\/wp-json\/wp\/v2\/posts\/321726\/revisions"}],"predecessor-version":[{"id":321781,"href":"https:\/\/diariotextual.com\/inicio\/index.php\/wp-json\/wp\/v2\/posts\/321726\/revisions\/321781"}],"wp:featuredmedia":[{"embeddable":true,"href":"https:\/\/diariotextual.com\/inicio\/index.php\/wp-json\/wp\/v2\/media\/287368"}],"wp:attachment":[{"href":"https:\/\/diariotextual.com\/inicio\/index.php\/wp-json\/wp\/v2\/media?parent=321726"}],"wp:term":[{"taxonomy":"category","embeddable":true,"href":"https:\/\/diariotextual.com\/inicio\/index.php\/wp-json\/wp\/v2\/categories?post=321726"},{"taxonomy":"post_tag","embeddable":true,"href":"https:\/\/diariotextual.com\/inicio\/index.php\/wp-json\/wp\/v2\/tags?post=321726"}],"curies":[{"name":"wp","href":"https:\/\/api.w.org\/{rel}","templated":true}]}}