{"id":321728,"date":"2026-03-09T10:00:03","date_gmt":"2026-03-09T13:00:03","guid":{"rendered":"https:\/\/diariotextual.com\/inicio\/?p=321728"},"modified":"2026-03-09T11:41:51","modified_gmt":"2026-03-09T14:41:51","slug":"desde-ypf-insisten-en-que-no-habra-cimbronazos-en-el-precio-de-las-naftas","status":"publish","type":"post","link":"https:\/\/diariotextual.com\/inicio\/index.php\/2026\/03\/09\/desde-ypf-insisten-en-que-no-habra-cimbronazos-en-el-precio-de-las-naftas\/","title":{"rendered":"Desde YPF insisten en que no habr\u00e1 cimbronazos en el precio de las naftas"},"content":{"rendered":"\n<p>La petrolera YPF mantiene su posici\u00f3n de no trasladar de manera plena e inmediata el aumento del precio del barril de petr\u00f3leo a los combustibles que comercializa en el pa\u00eds.<\/p>\n\n\n\n<p>\u201cNo vamos a trasladar la volatilidad del precio internacional al surtidor\u201d, reiteraron este lunes fuentes de la compa\u00f1\u00eda.<\/p>\n\n\n\n<p>La postura hab\u00eda sido fijada la semana pasada por el CEO de YPF, Horacio Mar\u00edn, cuando el precio del crudo <em>Brent <\/em>se ubicaba en US$80, y fue ratificada este lunes por la ma\u00f1ana con el barril por encima de los US$100.<\/p>\n\n\n\n<p>Mar\u00edn participa desde este lunes en el Argentina Week, que se desarrolla en Nueva York, donde se espera que se refiera a la situaci\u00f3n de la producci\u00f3n energ\u00e9tica, a las oportunidades de inversi\u00f3n que ofrece el pa\u00eds y a las perspectivas para el mercado interno.<\/p>\n\n\n\n<p>\u201cEn YPF tenemos una pol\u00edtica de precios: no miramos el precio del petr\u00f3leo d\u00eda a d\u00eda, tenemos un acuerdo con los consumidores. Lo que hacemos es tomar un promedio; entonces, cuando hay precios del petr\u00f3leo que duran muy poco, no afectan el valor de los combustibles\u201d, hab\u00eda se\u00f1alado Mar\u00edn en sus \u00faltimas declaraciones p\u00fablicas antes de la \u00faltima escalada del petr\u00f3leo.<\/p>\n\n\n\n<p>La intenci\u00f3n de la compa\u00f1\u00eda es que las subas o bajas r\u00e1pidas del crudo no impacten de lleno en los surtidores. \u201cNo obstante, si el precio del barril se mantiene muy alto, va a afectar el precio de los combustibles, aunque de manera gradual\u201d, agreg\u00f3 Mar\u00edn.<\/p>\n\n\n\n<p><\/p>\n","protected":false},"excerpt":{"rendered":"<p>La petrolera YPF mantiene su posici\u00f3n de no trasladar de manera plena e inmediata el aumento del precio del barril de petr\u00f3leo a los combustibles que comercializa en el pa\u00eds.&hellip;<\/p>\n","protected":false},"author":3,"featured_media":302077,"comment_status":"closed","ping_status":"open","sticky":false,"template":"","format":"standard","meta":{"_acf_changed":false,"footnotes":""},"categories":[1,5],"tags":[],"class_list":["post-321728","post","type-post","status-publish","format-standard","has-post-thumbnail","hentry","category-es-noticia","category-economia"],"acf":[],"yoast_head":"<!-- This site is optimized with the Yoast SEO plugin v27.5 - https:\/\/yoast.com\/product\/yoast-seo-wordpress\/ -->\n<title>Desde YPF insisten en que no habr\u00e1 cimbronazos en el precio de las naftas - Diario Textual<\/title>\n<meta name=\"robots\" content=\"index, follow, max-snippet:-1, max-image-preview:large, max-video-preview:-1\" \/>\n<link rel=\"canonical\" href=\"https:\/\/diariotextual.com\/inicio\/index.php\/2026\/03\/09\/desde-ypf-insisten-en-que-no-habra-cimbronazos-en-el-precio-de-las-naftas\/\" \/>\n<meta property=\"og:locale\" content=\"es_ES\" \/>\n<meta property=\"og:type\" content=\"article\" \/>\n<meta property=\"og:title\" content=\"Desde YPF insisten en que no habr\u00e1 cimbronazos en el precio de las naftas - Diario Textual\" \/>\n<meta property=\"og:description\" content=\"La petrolera YPF mantiene su posici\u00f3n de no trasladar de manera plena e inmediata el aumento del precio del barril de petr\u00f3leo a los combustibles que comercializa en el pa\u00eds.&hellip;\" \/>\n<meta property=\"og:url\" content=\"https:\/\/diariotextual.com\/inicio\/index.php\/2026\/03\/09\/desde-ypf-insisten-en-que-no-habra-cimbronazos-en-el-precio-de-las-naftas\/\" \/>\n<meta property=\"og:site_name\" content=\"Diario Textual\" \/>\n<meta property=\"article:publisher\" content=\"https:\/\/www.facebook.com\/eltextual\" \/>\n<meta property=\"article:published_time\" content=\"2026-03-09T13:00:03+00:00\" \/>\n<meta property=\"article:modified_time\" content=\"2026-03-09T14:41:51+00:00\" \/>\n<meta property=\"og:image\" content=\"https:\/\/diariotextual.com\/inicio\/wp-content\/uploads\/2025\/07\/ypf2025-11.jpg\" \/>\n\t<meta property=\"og:image:width\" content=\"700\" \/>\n\t<meta property=\"og:image:height\" content=\"414\" \/>\n\t<meta property=\"og:image:type\" content=\"image\/jpeg\" \/>\n<meta name=\"author\" content=\"Diario1 Diario1\" \/>\n<meta name=\"twitter:card\" content=\"summary_large_image\" \/>\n<meta name=\"twitter:creator\" content=\"@eltextual\" \/>\n<meta name=\"twitter:site\" content=\"@eltextual\" \/>\n<meta name=\"twitter:label1\" content=\"Escrito por\" \/>\n\t<meta name=\"twitter:data1\" content=\"Diario1 Diario1\" \/>\n\t<meta name=\"twitter:label2\" content=\"Tiempo de lectura\" \/>\n\t<meta name=\"twitter:data2\" content=\"2 minutos\" \/>\n<script type=\"application\/ld+json\" class=\"yoast-schema-graph\">{\"@context\":\"https:\\\/\\\/schema.org\",\"@graph\":[{\"@type\":\"Article\",\"@id\":\"https:\\\/\\\/diariotextual.com\\\/inicio\\\/index.php\\\/2026\\\/03\\\/09\\\/desde-ypf-insisten-en-que-no-habra-cimbronazos-en-el-precio-de-las-naftas\\\/#article\",\"isPartOf\":{\"@id\":\"https:\\\/\\\/diariotextual.com\\\/inicio\\\/index.php\\\/2026\\\/03\\\/09\\\/desde-ypf-insisten-en-que-no-habra-cimbronazos-en-el-precio-de-las-naftas\\\/\"},\"author\":{\"name\":\"Diario1 Diario1\",\"@id\":\"https:\\\/\\\/diariotextual.com\\\/inicio\\\/#\\\/schema\\\/person\\\/418fc4093c33e86ed41562db3508f958\"},\"headline\":\"Desde YPF insisten en que no habr\u00e1 cimbronazos en el precio de las naftas\",\"datePublished\":\"2026-03-09T13:00:03+00:00\",\"dateModified\":\"2026-03-09T14:41:51+00:00\",\"mainEntityOfPage\":{\"@id\":\"https:\\\/\\\/diariotextual.com\\\/inicio\\\/index.php\\\/2026\\\/03\\\/09\\\/desde-ypf-insisten-en-que-no-habra-cimbronazos-en-el-precio-de-las-naftas\\\/\"},\"wordCount\":282,\"publisher\":{\"@id\":\"https:\\\/\\\/diariotextual.com\\\/inicio\\\/#organization\"},\"image\":{\"@id\":\"https:\\\/\\\/diariotextual.com\\\/inicio\\\/index.php\\\/2026\\\/03\\\/09\\\/desde-ypf-insisten-en-que-no-habra-cimbronazos-en-el-precio-de-las-naftas\\\/#primaryimage\"},\"thumbnailUrl\":\"https:\\\/\\\/diariotextual.com\\\/inicio\\\/wp-content\\\/uploads\\\/2025\\\/07\\\/ypf2025-11.jpg\",\"articleSection\":[\"A - ES NOTICIA (van abajo)\",\"ECONOMIA\"],\"inLanguage\":\"es\"},{\"@type\":\"WebPage\",\"@id\":\"https:\\\/\\\/diariotextual.com\\\/inicio\\\/index.php\\\/2026\\\/03\\\/09\\\/desde-ypf-insisten-en-que-no-habra-cimbronazos-en-el-precio-de-las-naftas\\\/\",\"url\":\"https:\\\/\\\/diariotextual.com\\\/inicio\\\/index.php\\\/2026\\\/03\\\/09\\\/desde-ypf-insisten-en-que-no-habra-cimbronazos-en-el-precio-de-las-naftas\\\/\",\"name\":\"Desde YPF insisten en que no habr\u00e1 cimbronazos en el precio de las naftas - Diario Textual\",\"isPartOf\":{\"@id\":\"https:\\\/\\\/diariotextual.com\\\/inicio\\\/#website\"},\"primaryImageOfPage\":{\"@id\":\"https:\\\/\\\/diariotextual.com\\\/inicio\\\/index.php\\\/2026\\\/03\\\/09\\\/desde-ypf-insisten-en-que-no-habra-cimbronazos-en-el-precio-de-las-naftas\\\/#primaryimage\"},\"image\":{\"@id\":\"https:\\\/\\\/diariotextual.com\\\/inicio\\\/index.php\\\/2026\\\/03\\\/09\\\/desde-ypf-insisten-en-que-no-habra-cimbronazos-en-el-precio-de-las-naftas\\\/#primaryimage\"},\"thumbnailUrl\":\"https:\\\/\\\/diariotextual.com\\\/inicio\\\/wp-content\\\/uploads\\\/2025\\\/07\\\/ypf2025-11.jpg\",\"datePublished\":\"2026-03-09T13:00:03+00:00\",\"dateModified\":\"2026-03-09T14:41:51+00:00\",\"breadcrumb\":{\"@id\":\"https:\\\/\\\/diariotextual.com\\\/inicio\\\/index.php\\\/2026\\\/03\\\/09\\\/desde-ypf-insisten-en-que-no-habra-cimbronazos-en-el-precio-de-las-naftas\\\/#breadcrumb\"},\"inLanguage\":\"es\",\"potentialAction\":[{\"@type\":\"ReadAction\",\"target\":[\"https:\\\/\\\/diariotextual.com\\\/inicio\\\/index.php\\\/2026\\\/03\\\/09\\\/desde-ypf-insisten-en-que-no-habra-cimbronazos-en-el-precio-de-las-naftas\\\/\"]}]},{\"@type\":\"ImageObject\",\"inLanguage\":\"es\",\"@id\":\"https:\\\/\\\/diariotextual.com\\\/inicio\\\/index.php\\\/2026\\\/03\\\/09\\\/desde-ypf-insisten-en-que-no-habra-cimbronazos-en-el-precio-de-las-naftas\\\/#primaryimage\",\"url\":\"https:\\\/\\\/diariotextual.com\\\/inicio\\\/wp-content\\\/uploads\\\/2025\\\/07\\\/ypf2025-11.jpg\",\"contentUrl\":\"https:\\\/\\\/diariotextual.com\\\/inicio\\\/wp-content\\\/uploads\\\/2025\\\/07\\\/ypf2025-11.jpg\",\"width\":700,\"height\":414},{\"@type\":\"BreadcrumbList\",\"@id\":\"https:\\\/\\\/diariotextual.com\\\/inicio\\\/index.php\\\/2026\\\/03\\\/09\\\/desde-ypf-insisten-en-que-no-habra-cimbronazos-en-el-precio-de-las-naftas\\\/#breadcrumb\",\"itemListElement\":[{\"@type\":\"ListItem\",\"position\":1,\"name\":\"Portada\",\"item\":\"https:\\\/\\\/diariotextual.com\\\/inicio\\\/\"},{\"@type\":\"ListItem\",\"position\":2,\"name\":\"Desde YPF insisten en que no habr\u00e1 cimbronazos en el precio de las naftas\"}]},{\"@type\":\"WebSite\",\"@id\":\"https:\\\/\\\/diariotextual.com\\\/inicio\\\/#website\",\"url\":\"https:\\\/\\\/diariotextual.com\\\/inicio\\\/\",\"name\":\"Diario Textual\",\"description\":\"\",\"publisher\":{\"@id\":\"https:\\\/\\\/diariotextual.com\\\/inicio\\\/#organization\"},\"potentialAction\":[{\"@type\":\"SearchAction\",\"target\":{\"@type\":\"EntryPoint\",\"urlTemplate\":\"https:\\\/\\\/diariotextual.com\\\/inicio\\\/?s={search_term_string}\"},\"query-input\":{\"@type\":\"PropertyValueSpecification\",\"valueRequired\":true,\"valueName\":\"search_term_string\"}}],\"inLanguage\":\"es\"},{\"@type\":\"Organization\",\"@id\":\"https:\\\/\\\/diariotextual.com\\\/inicio\\\/#organization\",\"name\":\"Diario Textual\",\"url\":\"https:\\\/\\\/diariotextual.com\\\/inicio\\\/\",\"logo\":{\"@type\":\"ImageObject\",\"inLanguage\":\"es\",\"@id\":\"https:\\\/\\\/diariotextual.com\\\/inicio\\\/#\\\/schema\\\/logo\\\/image\\\/\",\"url\":\"https:\\\/\\\/diariotextual.com\\\/inicio\\\/wp-content\\\/uploads\\\/2023\\\/05\\\/logotextual1.jpg\",\"contentUrl\":\"https:\\\/\\\/diariotextual.com\\\/inicio\\\/wp-content\\\/uploads\\\/2023\\\/05\\\/logotextual1.jpg\",\"width\":516,\"height\":76,\"caption\":\"Diario Textual\"},\"image\":{\"@id\":\"https:\\\/\\\/diariotextual.com\\\/inicio\\\/#\\\/schema\\\/logo\\\/image\\\/\"},\"sameAs\":[\"https:\\\/\\\/www.facebook.com\\\/eltextual\",\"https:\\\/\\\/x.com\\\/eltextual\",\"http:\\\/\\\/www.instagram.com\\\/eltextual\"]},{\"@type\":\"Person\",\"@id\":\"https:\\\/\\\/diariotextual.com\\\/inicio\\\/#\\\/schema\\\/person\\\/418fc4093c33e86ed41562db3508f958\",\"name\":\"Diario1 Diario1\",\"image\":{\"@type\":\"ImageObject\",\"inLanguage\":\"es\",\"@id\":\"https:\\\/\\\/secure.gravatar.com\\\/avatar\\\/9167d280179c85bc18be67aa7eda765854300033af4896dd779b608640f2ef7a?s=96&d=mm&r=g\",\"url\":\"https:\\\/\\\/secure.gravatar.com\\\/avatar\\\/9167d280179c85bc18be67aa7eda765854300033af4896dd779b608640f2ef7a?s=96&d=mm&r=g\",\"contentUrl\":\"https:\\\/\\\/secure.gravatar.com\\\/avatar\\\/9167d280179c85bc18be67aa7eda765854300033af4896dd779b608640f2ef7a?s=96&d=mm&r=g\",\"caption\":\"Diario1 Diario1\"},\"url\":\"https:\\\/\\\/diariotextual.com\\\/inicio\\\/index.php\\\/author\\\/diario1\\\/\"}]}<\/script>\n<!-- \/ Yoast SEO plugin. -->","yoast_head_json":{"title":"Desde YPF insisten en que no habr\u00e1 cimbronazos en el precio de las naftas - Diario Textual","robots":{"index":"index","follow":"follow","max-snippet":"max-snippet:-1","max-image-preview":"max-image-preview:large","max-video-preview":"max-video-preview:-1"},"canonical":"https:\/\/diariotextual.com\/inicio\/index.php\/2026\/03\/09\/desde-ypf-insisten-en-que-no-habra-cimbronazos-en-el-precio-de-las-naftas\/","og_locale":"es_ES","og_type":"article","og_title":"Desde YPF insisten en que no habr\u00e1 cimbronazos en el precio de las naftas - Diario Textual","og_description":"La petrolera YPF mantiene su posici\u00f3n de no trasladar de manera plena e inmediata el aumento del precio del barril de petr\u00f3leo a los combustibles que comercializa en el pa\u00eds.&hellip;","og_url":"https:\/\/diariotextual.com\/inicio\/index.php\/2026\/03\/09\/desde-ypf-insisten-en-que-no-habra-cimbronazos-en-el-precio-de-las-naftas\/","og_site_name":"Diario Textual","article_publisher":"https:\/\/www.facebook.com\/eltextual","article_published_time":"2026-03-09T13:00:03+00:00","article_modified_time":"2026-03-09T14:41:51+00:00","og_image":[{"width":700,"height":414,"url":"https:\/\/diariotextual.com\/inicio\/wp-content\/uploads\/2025\/07\/ypf2025-11.jpg","type":"image\/jpeg"}],"author":"Diario1 Diario1","twitter_card":"summary_large_image","twitter_creator":"@eltextual","twitter_site":"@eltextual","twitter_misc":{"Escrito por":"Diario1 Diario1","Tiempo de lectura":"2 minutos"},"schema":{"@context":"https:\/\/schema.org","@graph":[{"@type":"Article","@id":"https:\/\/diariotextual.com\/inicio\/index.php\/2026\/03\/09\/desde-ypf-insisten-en-que-no-habra-cimbronazos-en-el-precio-de-las-naftas\/#article","isPartOf":{"@id":"https:\/\/diariotextual.com\/inicio\/index.php\/2026\/03\/09\/desde-ypf-insisten-en-que-no-habra-cimbronazos-en-el-precio-de-las-naftas\/"},"author":{"name":"Diario1 Diario1","@id":"https:\/\/diariotextual.com\/inicio\/#\/schema\/person\/418fc4093c33e86ed41562db3508f958"},"headline":"Desde YPF insisten en que no habr\u00e1 cimbronazos en el precio de las naftas","datePublished":"2026-03-09T13:00:03+00:00","dateModified":"2026-03-09T14:41:51+00:00","mainEntityOfPage":{"@id":"https:\/\/diariotextual.com\/inicio\/index.php\/2026\/03\/09\/desde-ypf-insisten-en-que-no-habra-cimbronazos-en-el-precio-de-las-naftas\/"},"wordCount":282,"publisher":{"@id":"https:\/\/diariotextual.com\/inicio\/#organization"},"image":{"@id":"https:\/\/diariotextual.com\/inicio\/index.php\/2026\/03\/09\/desde-ypf-insisten-en-que-no-habra-cimbronazos-en-el-precio-de-las-naftas\/#primaryimage"},"thumbnailUrl":"https:\/\/diariotextual.com\/inicio\/wp-content\/uploads\/2025\/07\/ypf2025-11.jpg","articleSection":["A - ES NOTICIA (van abajo)","ECONOMIA"],"inLanguage":"es"},{"@type":"WebPage","@id":"https:\/\/diariotextual.com\/inicio\/index.php\/2026\/03\/09\/desde-ypf-insisten-en-que-no-habra-cimbronazos-en-el-precio-de-las-naftas\/","url":"https:\/\/diariotextual.com\/inicio\/index.php\/2026\/03\/09\/desde-ypf-insisten-en-que-no-habra-cimbronazos-en-el-precio-de-las-naftas\/","name":"Desde YPF insisten en que no habr\u00e1 cimbronazos en el precio de las naftas - Diario Textual","isPartOf":{"@id":"https:\/\/diariotextual.com\/inicio\/#website"},"primaryImageOfPage":{"@id":"https:\/\/diariotextual.com\/inicio\/index.php\/2026\/03\/09\/desde-ypf-insisten-en-que-no-habra-cimbronazos-en-el-precio-de-las-naftas\/#primaryimage"},"image":{"@id":"https:\/\/diariotextual.com\/inicio\/index.php\/2026\/03\/09\/desde-ypf-insisten-en-que-no-habra-cimbronazos-en-el-precio-de-las-naftas\/#primaryimage"},"thumbnailUrl":"https:\/\/diariotextual.com\/inicio\/wp-content\/uploads\/2025\/07\/ypf2025-11.jpg","datePublished":"2026-03-09T13:00:03+00:00","dateModified":"2026-03-09T14:41:51+00:00","breadcrumb":{"@id":"https:\/\/diariotextual.com\/inicio\/index.php\/2026\/03\/09\/desde-ypf-insisten-en-que-no-habra-cimbronazos-en-el-precio-de-las-naftas\/#breadcrumb"},"inLanguage":"es","potentialAction":[{"@type":"ReadAction","target":["https:\/\/diariotextual.com\/inicio\/index.php\/2026\/03\/09\/desde-ypf-insisten-en-que-no-habra-cimbronazos-en-el-precio-de-las-naftas\/"]}]},{"@type":"ImageObject","inLanguage":"es","@id":"https:\/\/diariotextual.com\/inicio\/index.php\/2026\/03\/09\/desde-ypf-insisten-en-que-no-habra-cimbronazos-en-el-precio-de-las-naftas\/#primaryimage","url":"https:\/\/diariotextual.com\/inicio\/wp-content\/uploads\/2025\/07\/ypf2025-11.jpg","contentUrl":"https:\/\/diariotextual.com\/inicio\/wp-content\/uploads\/2025\/07\/ypf2025-11.jpg","width":700,"height":414},{"@type":"BreadcrumbList","@id":"https:\/\/diariotextual.com\/inicio\/index.php\/2026\/03\/09\/desde-ypf-insisten-en-que-no-habra-cimbronazos-en-el-precio-de-las-naftas\/#breadcrumb","itemListElement":[{"@type":"ListItem","position":1,"name":"Portada","item":"https:\/\/diariotextual.com\/inicio\/"},{"@type":"ListItem","position":2,"name":"Desde YPF insisten en que no habr\u00e1 cimbronazos en el precio de las naftas"}]},{"@type":"WebSite","@id":"https:\/\/diariotextual.com\/inicio\/#website","url":"https:\/\/diariotextual.com\/inicio\/","name":"Diario Textual","description":"","publisher":{"@id":"https:\/\/diariotextual.com\/inicio\/#organization"},"potentialAction":[{"@type":"SearchAction","target":{"@type":"EntryPoint","urlTemplate":"https:\/\/diariotextual.com\/inicio\/?s={search_term_string}"},"query-input":{"@type":"PropertyValueSpecification","valueRequired":true,"valueName":"search_term_string"}}],"inLanguage":"es"},{"@type":"Organization","@id":"https:\/\/diariotextual.com\/inicio\/#organization","name":"Diario Textual","url":"https:\/\/diariotextual.com\/inicio\/","logo":{"@type":"ImageObject","inLanguage":"es","@id":"https:\/\/diariotextual.com\/inicio\/#\/schema\/logo\/image\/","url":"https:\/\/diariotextual.com\/inicio\/wp-content\/uploads\/2023\/05\/logotextual1.jpg","contentUrl":"https:\/\/diariotextual.com\/inicio\/wp-content\/uploads\/2023\/05\/logotextual1.jpg","width":516,"height":76,"caption":"Diario Textual"},"image":{"@id":"https:\/\/diariotextual.com\/inicio\/#\/schema\/logo\/image\/"},"sameAs":["https:\/\/www.facebook.com\/eltextual","https:\/\/x.com\/eltextual","http:\/\/www.instagram.com\/eltextual"]},{"@type":"Person","@id":"https:\/\/diariotextual.com\/inicio\/#\/schema\/person\/418fc4093c33e86ed41562db3508f958","name":"Diario1 Diario1","image":{"@type":"ImageObject","inLanguage":"es","@id":"https:\/\/secure.gravatar.com\/avatar\/9167d280179c85bc18be67aa7eda765854300033af4896dd779b608640f2ef7a?s=96&d=mm&r=g","url":"https:\/\/secure.gravatar.com\/avatar\/9167d280179c85bc18be67aa7eda765854300033af4896dd779b608640f2ef7a?s=96&d=mm&r=g","contentUrl":"https:\/\/secure.gravatar.com\/avatar\/9167d280179c85bc18be67aa7eda765854300033af4896dd779b608640f2ef7a?s=96&d=mm&r=g","caption":"Diario1 Diario1"},"url":"https:\/\/diariotextual.com\/inicio\/index.php\/author\/diario1\/"}]}},"_links":{"self":[{"href":"https:\/\/diariotextual.com\/inicio\/index.php\/wp-json\/wp\/v2\/posts\/321728","targetHints":{"allow":["GET"]}}],"collection":[{"href":"https:\/\/diariotextual.com\/inicio\/index.php\/wp-json\/wp\/v2\/posts"}],"about":[{"href":"https:\/\/diariotextual.com\/inicio\/index.php\/wp-json\/wp\/v2\/types\/post"}],"author":[{"embeddable":true,"href":"https:\/\/diariotextual.com\/inicio\/index.php\/wp-json\/wp\/v2\/users\/3"}],"replies":[{"embeddable":true,"href":"https:\/\/diariotextual.com\/inicio\/index.php\/wp-json\/wp\/v2\/comments?post=321728"}],"version-history":[{"count":2,"href":"https:\/\/diariotextual.com\/inicio\/index.php\/wp-json\/wp\/v2\/posts\/321728\/revisions"}],"predecessor-version":[{"id":321730,"href":"https:\/\/diariotextual.com\/inicio\/index.php\/wp-json\/wp\/v2\/posts\/321728\/revisions\/321730"}],"wp:featuredmedia":[{"embeddable":true,"href":"https:\/\/diariotextual.com\/inicio\/index.php\/wp-json\/wp\/v2\/media\/302077"}],"wp:attachment":[{"href":"https:\/\/diariotextual.com\/inicio\/index.php\/wp-json\/wp\/v2\/media?parent=321728"}],"wp:term":[{"taxonomy":"category","embeddable":true,"href":"https:\/\/diariotextual.com\/inicio\/index.php\/wp-json\/wp\/v2\/categories?post=321728"},{"taxonomy":"post_tag","embeddable":true,"href":"https:\/\/diariotextual.com\/inicio\/index.php\/wp-json\/wp\/v2\/tags?post=321728"}],"curies":[{"name":"wp","href":"https:\/\/api.w.org\/{rel}","templated":true}]}}