{"id":321732,"date":"2026-03-09T10:55:20","date_gmt":"2026-03-09T13:55:20","guid":{"rendered":"https:\/\/diariotextual.com\/inicio\/?p=321732"},"modified":"2026-03-10T16:46:27","modified_gmt":"2026-03-10T19:46:27","slug":"a-medidos-de-mes-comienza-a-funcionar-didi-en-santa-rosa","status":"publish","type":"post","link":"https:\/\/diariotextual.com\/inicio\/index.php\/2026\/03\/09\/a-medidos-de-mes-comienza-a-funcionar-didi-en-santa-rosa\/","title":{"rendered":"A mediados de mes comienza a funcionar Didi en Santa Rosa"},"content":{"rendered":"\n<p>La aplicaci\u00f3n de transporte de personas <strong>Didi<\/strong>, m\u00e1s conocido como el <strong>\u201cUber chino\u201d<\/strong>, comenzar\u00e1 a funcionar en Santa Rosa, confirmaron a Diario Textual choferes que ya se han registrado para trabajar con la app. Actualmente en Santa Rosa hay 130 taxis, 20 remises y 500 Uber.<\/p>\n\n\n\n<figure class=\"wp-block-embed is-type-wp-embed is-provider-diario-textual wp-block-embed-diario-textual\"><div class=\"wp-block-embed__wrapper\">\n<blockquote class=\"wp-embedded-content\" data-secret=\"opzMliHWp0\"><a href=\"https:\/\/diariotextual.com\/inicio\/index.php\/2026\/02\/20\/didi-otra-app-de-transporte-de-personas-que-desembarca-en-santa-rosa\/\">Ahora desembarca Didi en Santa Rosa, el \u201cUber chino\u201d<\/a><\/blockquote><iframe class=\"wp-embedded-content\" sandbox=\"allow-scripts\" security=\"restricted\" style=\"position: absolute; visibility: hidden;\" title=\"\u00abAhora desembarca Didi en Santa Rosa, el \u201cUber chino\u201d\u00bb \u2014 Diario Textual\" src=\"https:\/\/diariotextual.com\/inicio\/index.php\/2026\/02\/20\/didi-otra-app-de-transporte-de-personas-que-desembarca-en-santa-rosa\/embed\/#?secret=yoUrGb9yoy#?secret=opzMliHWp0\" data-secret=\"opzMliHWp0\" width=\"600\" height=\"338\" frameborder=\"0\" marginwidth=\"0\" marginheight=\"0\" scrolling=\"no\"><\/iframe>\n<\/div><\/figure>\n\n\n\n<p>Didi opera en Argentina desde 2020. Comenz\u00f3 con el servicio en Buenos Aires y luego se expandi\u00f3 por todo el pa\u00eds. Actualmente opera en Ciudad Aut\u00f3noma de Buenos Aires (CABA), La Plata y m\u00e1s de 30 localidades del conurbano, incluyendo zonas como Pilar, Tigre, Mor\u00f3n, Lan\u00fas, Quilmes, entre otras.<\/p>\n\n\n\n<p>Tambi\u00e9n est\u00e1 en Mar del Plata, C\u00f3rdoba, Rosario y Santa Fe capital, Salta, Tucum\u00e1n, San Salvador de Jujuy, Santiago del Estero, Catamarca, Posadas, Resistencia, Formosa, San Juan, San Luis, Neuqu\u00e9n y Bariloche. Ahora llega a Santa Rosa, donde ya funciona Uber, otra app de transporte.<\/p>\n\n\n\n<p><strong>\u201cRepresentantes de Didi en Buenos Aires se pusieron en contacto con nosotros y nos dijeron que la aplicaci\u00f3n estar\u00eda llegando sobre mediados de mes. No nos dieron la fecha exacta, pero nos dijeron que a mediados de mes se habilitar\u00eda el pedido de viajes para los pasajeros\u201d<\/strong>, confi\u00f3 a Diario Textual una prestataria de Uber que tambi\u00e9n se registr\u00f3 para trabajar con Didi y que tuvo contactos con representantes de la empresa.<\/p>\n\n\n\n<p>Seg\u00fan la conductora, calculan que <strong>el 60% de los choferes que ya est\u00e1n trabajando con Uber se han registrado tambi\u00e9n en la nueva plataforma.<\/strong><\/p>\n\n\n\n<p>Desde Didi Buenos Aires tambi\u00e9n confirmaron que <strong>van a capacitar a los choferes registrados<\/strong>, sobre todo para quienes nunca trabajaron con la aplicaci\u00f3n.<\/p>\n\n\n\n<p>\u201cQueremos aclarar que no va a haber m\u00e1s gente en la calle trabajando con las aplicaciones. Vamos a ser los mismos que estamos trabajando con Uber y van a trabajar tambi\u00e9n con Didi. Podemos hacerlo. Y no olvidemos que los taxistas tambi\u00e9n van a sumarse, porque ya est\u00e1n trabajando con Uber y muchos tambi\u00e9n lo van a hacer con Didi\u201d, explic\u00f3 la mujer.<\/p>\n\n\n\n<p>Didi fue creada en China en 2012. Actualmente ofrece servicio de transporte por aplicaci\u00f3n, viajes compartidos y otras formas de movilidad compartida, as\u00ed como soluciones para autom\u00f3viles, entrega de alimentos, transporte de carga y log\u00edstica y servicios financieros. A trav\u00e9s de sus modalidades \u201cDidi Express\u201d y \u201cDidi Taxi\u201d colabora con la movilidad de m\u00e1s de 550 millones de usuarios en 11 pa\u00edses y se convirti\u00f3 en una alternativa real de emprendimiento para m\u00e1s de 34 millones taxistas y conductores particulares. La plataforma est\u00e1 presente en Australia, Brasil, Jap\u00f3n, M\u00e9xico, Chile, China, Colombia, Costa Rica y Panam\u00e1. Sus principales inversionistas son SoftBank, Apple, Alibaba y Tencent.<\/p>\n\n\n\n<p>Acceder a sus servicios es muy sencillo: hay que descargar la aplicaci\u00f3n \u201cDidi Conductor\u201d desde Google Play o App Store a sus celulares, y cargar los documentos solicitados, los que ser\u00e1n revisados y posteriormente incorporados al sistema. Quienes decidan conducir ya sea con los servicios&nbsp;Didi Express (que incluye a los autom\u00f3viles particulares) y Didi Taxi, operar\u00e1n con la comisi\u00f3n m\u00e1s competitiva y conveniente de la Argentina: Taxis (0% durante los primeros 3 meses) y Express 15% (sin cobros adicionales).<\/p>\n","protected":false},"excerpt":{"rendered":"<p>La aplicaci\u00f3n de transporte de personas Didi, m\u00e1s conocido como el \u201cUber chino\u201d, comenzar\u00e1 a funcionar en Santa Rosa, confirmaron a Diario Textual choferes que ya se han registrado para&hellip;<\/p>\n","protected":false},"author":7,"featured_media":321734,"comment_status":"closed","ping_status":"open","sticky":false,"template":"","format":"standard","meta":{"_acf_changed":false,"footnotes":""},"categories":[1,12],"tags":[],"class_list":["post-321732","post","type-post","status-publish","format-standard","has-post-thumbnail","hentry","category-es-noticia","category-sociedad"],"acf":[],"yoast_head":"<!-- This site is optimized with the Yoast SEO plugin v27.4 - https:\/\/yoast.com\/product\/yoast-seo-wordpress\/ -->\n<title>A mediados de mes comienza a funcionar Didi en Santa Rosa - Diario Textual<\/title>\n<meta name=\"robots\" content=\"index, follow, max-snippet:-1, max-image-preview:large, max-video-preview:-1\" \/>\n<link rel=\"canonical\" href=\"https:\/\/diariotextual.com\/inicio\/index.php\/2026\/03\/09\/a-medidos-de-mes-comienza-a-funcionar-didi-en-santa-rosa\/\" \/>\n<meta property=\"og:locale\" content=\"es_ES\" \/>\n<meta property=\"og:type\" content=\"article\" \/>\n<meta property=\"og:title\" content=\"A mediados de mes comienza a funcionar Didi en Santa Rosa - Diario Textual\" \/>\n<meta property=\"og:description\" content=\"La aplicaci\u00f3n de transporte de personas Didi, m\u00e1s conocido como el \u201cUber chino\u201d, comenzar\u00e1 a funcionar en Santa Rosa, confirmaron a Diario Textual choferes que ya se han registrado para&hellip;\" \/>\n<meta property=\"og:url\" content=\"https:\/\/diariotextual.com\/inicio\/index.php\/2026\/03\/09\/a-medidos-de-mes-comienza-a-funcionar-didi-en-santa-rosa\/\" \/>\n<meta property=\"og:site_name\" content=\"Diario Textual\" \/>\n<meta property=\"article:publisher\" content=\"https:\/\/www.facebook.com\/eltextual\" \/>\n<meta property=\"article:published_time\" content=\"2026-03-09T13:55:20+00:00\" \/>\n<meta property=\"article:modified_time\" content=\"2026-03-10T19:46:27+00:00\" \/>\n<meta property=\"og:image\" content=\"https:\/\/diariotextual.com\/inicio\/wp-content\/uploads\/2026\/03\/didiplataformaviajes2026-911111.webp\" \/>\n\t<meta property=\"og:image:width\" content=\"980\" \/>\n\t<meta property=\"og:image:height\" content=\"549\" \/>\n\t<meta property=\"og:image:type\" content=\"image\/webp\" \/>\n<meta name=\"author\" content=\"diario5\" \/>\n<meta name=\"twitter:card\" content=\"summary_large_image\" \/>\n<meta name=\"twitter:creator\" content=\"@eltextual\" \/>\n<meta name=\"twitter:site\" content=\"@eltextual\" \/>\n<meta name=\"twitter:label1\" content=\"Escrito por\" \/>\n\t<meta name=\"twitter:data1\" content=\"diario5\" \/>\n\t<meta name=\"twitter:label2\" content=\"Tiempo de lectura\" \/>\n\t<meta name=\"twitter:data2\" content=\"3 minutos\" \/>\n<script type=\"application\/ld+json\" class=\"yoast-schema-graph\">{\"@context\":\"https:\\\/\\\/schema.org\",\"@graph\":[{\"@type\":\"Article\",\"@id\":\"https:\\\/\\\/diariotextual.com\\\/inicio\\\/index.php\\\/2026\\\/03\\\/09\\\/a-medidos-de-mes-comienza-a-funcionar-didi-en-santa-rosa\\\/#article\",\"isPartOf\":{\"@id\":\"https:\\\/\\\/diariotextual.com\\\/inicio\\\/index.php\\\/2026\\\/03\\\/09\\\/a-medidos-de-mes-comienza-a-funcionar-didi-en-santa-rosa\\\/\"},\"author\":{\"name\":\"diario5\",\"@id\":\"https:\\\/\\\/diariotextual.com\\\/inicio\\\/#\\\/schema\\\/person\\\/c7834961ad8b29b1d9cdbf4571299067\"},\"headline\":\"A mediados de mes comienza a funcionar Didi en Santa Rosa\",\"datePublished\":\"2026-03-09T13:55:20+00:00\",\"dateModified\":\"2026-03-10T19:46:27+00:00\",\"mainEntityOfPage\":{\"@id\":\"https:\\\/\\\/diariotextual.com\\\/inicio\\\/index.php\\\/2026\\\/03\\\/09\\\/a-medidos-de-mes-comienza-a-funcionar-didi-en-santa-rosa\\\/\"},\"wordCount\":553,\"publisher\":{\"@id\":\"https:\\\/\\\/diariotextual.com\\\/inicio\\\/#organization\"},\"image\":{\"@id\":\"https:\\\/\\\/diariotextual.com\\\/inicio\\\/index.php\\\/2026\\\/03\\\/09\\\/a-medidos-de-mes-comienza-a-funcionar-didi-en-santa-rosa\\\/#primaryimage\"},\"thumbnailUrl\":\"https:\\\/\\\/diariotextual.com\\\/inicio\\\/wp-content\\\/uploads\\\/2026\\\/03\\\/didiplataformaviajes2026-911111.webp\",\"articleSection\":[\"A - ES NOTICIA (van abajo)\",\"SOCIEDAD\"],\"inLanguage\":\"es\"},{\"@type\":\"WebPage\",\"@id\":\"https:\\\/\\\/diariotextual.com\\\/inicio\\\/index.php\\\/2026\\\/03\\\/09\\\/a-medidos-de-mes-comienza-a-funcionar-didi-en-santa-rosa\\\/\",\"url\":\"https:\\\/\\\/diariotextual.com\\\/inicio\\\/index.php\\\/2026\\\/03\\\/09\\\/a-medidos-de-mes-comienza-a-funcionar-didi-en-santa-rosa\\\/\",\"name\":\"A mediados de mes comienza a funcionar Didi en Santa Rosa - Diario Textual\",\"isPartOf\":{\"@id\":\"https:\\\/\\\/diariotextual.com\\\/inicio\\\/#website\"},\"primaryImageOfPage\":{\"@id\":\"https:\\\/\\\/diariotextual.com\\\/inicio\\\/index.php\\\/2026\\\/03\\\/09\\\/a-medidos-de-mes-comienza-a-funcionar-didi-en-santa-rosa\\\/#primaryimage\"},\"image\":{\"@id\":\"https:\\\/\\\/diariotextual.com\\\/inicio\\\/index.php\\\/2026\\\/03\\\/09\\\/a-medidos-de-mes-comienza-a-funcionar-didi-en-santa-rosa\\\/#primaryimage\"},\"thumbnailUrl\":\"https:\\\/\\\/diariotextual.com\\\/inicio\\\/wp-content\\\/uploads\\\/2026\\\/03\\\/didiplataformaviajes2026-911111.webp\",\"datePublished\":\"2026-03-09T13:55:20+00:00\",\"dateModified\":\"2026-03-10T19:46:27+00:00\",\"breadcrumb\":{\"@id\":\"https:\\\/\\\/diariotextual.com\\\/inicio\\\/index.php\\\/2026\\\/03\\\/09\\\/a-medidos-de-mes-comienza-a-funcionar-didi-en-santa-rosa\\\/#breadcrumb\"},\"inLanguage\":\"es\",\"potentialAction\":[{\"@type\":\"ReadAction\",\"target\":[\"https:\\\/\\\/diariotextual.com\\\/inicio\\\/index.php\\\/2026\\\/03\\\/09\\\/a-medidos-de-mes-comienza-a-funcionar-didi-en-santa-rosa\\\/\"]}]},{\"@type\":\"ImageObject\",\"inLanguage\":\"es\",\"@id\":\"https:\\\/\\\/diariotextual.com\\\/inicio\\\/index.php\\\/2026\\\/03\\\/09\\\/a-medidos-de-mes-comienza-a-funcionar-didi-en-santa-rosa\\\/#primaryimage\",\"url\":\"https:\\\/\\\/diariotextual.com\\\/inicio\\\/wp-content\\\/uploads\\\/2026\\\/03\\\/didiplataformaviajes2026-911111.webp\",\"contentUrl\":\"https:\\\/\\\/diariotextual.com\\\/inicio\\\/wp-content\\\/uploads\\\/2026\\\/03\\\/didiplataformaviajes2026-911111.webp\",\"width\":980,\"height\":549},{\"@type\":\"BreadcrumbList\",\"@id\":\"https:\\\/\\\/diariotextual.com\\\/inicio\\\/index.php\\\/2026\\\/03\\\/09\\\/a-medidos-de-mes-comienza-a-funcionar-didi-en-santa-rosa\\\/#breadcrumb\",\"itemListElement\":[{\"@type\":\"ListItem\",\"position\":1,\"name\":\"Portada\",\"item\":\"https:\\\/\\\/diariotextual.com\\\/inicio\\\/\"},{\"@type\":\"ListItem\",\"position\":2,\"name\":\"A mediados de mes comienza a funcionar Didi en Santa Rosa\"}]},{\"@type\":\"WebSite\",\"@id\":\"https:\\\/\\\/diariotextual.com\\\/inicio\\\/#website\",\"url\":\"https:\\\/\\\/diariotextual.com\\\/inicio\\\/\",\"name\":\"Diario Textual\",\"description\":\"\",\"publisher\":{\"@id\":\"https:\\\/\\\/diariotextual.com\\\/inicio\\\/#organization\"},\"potentialAction\":[{\"@type\":\"SearchAction\",\"target\":{\"@type\":\"EntryPoint\",\"urlTemplate\":\"https:\\\/\\\/diariotextual.com\\\/inicio\\\/?s={search_term_string}\"},\"query-input\":{\"@type\":\"PropertyValueSpecification\",\"valueRequired\":true,\"valueName\":\"search_term_string\"}}],\"inLanguage\":\"es\"},{\"@type\":\"Organization\",\"@id\":\"https:\\\/\\\/diariotextual.com\\\/inicio\\\/#organization\",\"name\":\"Diario Textual\",\"url\":\"https:\\\/\\\/diariotextual.com\\\/inicio\\\/\",\"logo\":{\"@type\":\"ImageObject\",\"inLanguage\":\"es\",\"@id\":\"https:\\\/\\\/diariotextual.com\\\/inicio\\\/#\\\/schema\\\/logo\\\/image\\\/\",\"url\":\"https:\\\/\\\/diariotextual.com\\\/inicio\\\/wp-content\\\/uploads\\\/2023\\\/05\\\/logotextual1.jpg\",\"contentUrl\":\"https:\\\/\\\/diariotextual.com\\\/inicio\\\/wp-content\\\/uploads\\\/2023\\\/05\\\/logotextual1.jpg\",\"width\":516,\"height\":76,\"caption\":\"Diario Textual\"},\"image\":{\"@id\":\"https:\\\/\\\/diariotextual.com\\\/inicio\\\/#\\\/schema\\\/logo\\\/image\\\/\"},\"sameAs\":[\"https:\\\/\\\/www.facebook.com\\\/eltextual\",\"https:\\\/\\\/x.com\\\/eltextual\",\"http:\\\/\\\/www.instagram.com\\\/eltextual\"]},{\"@type\":\"Person\",\"@id\":\"https:\\\/\\\/diariotextual.com\\\/inicio\\\/#\\\/schema\\\/person\\\/c7834961ad8b29b1d9cdbf4571299067\",\"name\":\"diario5\",\"image\":{\"@type\":\"ImageObject\",\"inLanguage\":\"es\",\"@id\":\"https:\\\/\\\/secure.gravatar.com\\\/avatar\\\/948c893b847ca6df68216ead81b63f363408ec9b0f600fefc0641ce78613b111?s=96&d=mm&r=g\",\"url\":\"https:\\\/\\\/secure.gravatar.com\\\/avatar\\\/948c893b847ca6df68216ead81b63f363408ec9b0f600fefc0641ce78613b111?s=96&d=mm&r=g\",\"contentUrl\":\"https:\\\/\\\/secure.gravatar.com\\\/avatar\\\/948c893b847ca6df68216ead81b63f363408ec9b0f600fefc0641ce78613b111?s=96&d=mm&r=g\",\"caption\":\"diario5\"},\"url\":\"https:\\\/\\\/diariotextual.com\\\/inicio\\\/index.php\\\/author\\\/diario5\\\/\"}]}<\/script>\n<!-- \/ Yoast SEO plugin. -->","yoast_head_json":{"title":"A mediados de mes comienza a funcionar Didi en Santa Rosa - Diario Textual","robots":{"index":"index","follow":"follow","max-snippet":"max-snippet:-1","max-image-preview":"max-image-preview:large","max-video-preview":"max-video-preview:-1"},"canonical":"https:\/\/diariotextual.com\/inicio\/index.php\/2026\/03\/09\/a-medidos-de-mes-comienza-a-funcionar-didi-en-santa-rosa\/","og_locale":"es_ES","og_type":"article","og_title":"A mediados de mes comienza a funcionar Didi en Santa Rosa - Diario Textual","og_description":"La aplicaci\u00f3n de transporte de personas Didi, m\u00e1s conocido como el \u201cUber chino\u201d, comenzar\u00e1 a funcionar en Santa Rosa, confirmaron a Diario Textual choferes que ya se han registrado para&hellip;","og_url":"https:\/\/diariotextual.com\/inicio\/index.php\/2026\/03\/09\/a-medidos-de-mes-comienza-a-funcionar-didi-en-santa-rosa\/","og_site_name":"Diario Textual","article_publisher":"https:\/\/www.facebook.com\/eltextual","article_published_time":"2026-03-09T13:55:20+00:00","article_modified_time":"2026-03-10T19:46:27+00:00","og_image":[{"width":980,"height":549,"url":"https:\/\/diariotextual.com\/inicio\/wp-content\/uploads\/2026\/03\/didiplataformaviajes2026-911111.webp","type":"image\/webp"}],"author":"diario5","twitter_card":"summary_large_image","twitter_creator":"@eltextual","twitter_site":"@eltextual","twitter_misc":{"Escrito por":"diario5","Tiempo de lectura":"3 minutos"},"schema":{"@context":"https:\/\/schema.org","@graph":[{"@type":"Article","@id":"https:\/\/diariotextual.com\/inicio\/index.php\/2026\/03\/09\/a-medidos-de-mes-comienza-a-funcionar-didi-en-santa-rosa\/#article","isPartOf":{"@id":"https:\/\/diariotextual.com\/inicio\/index.php\/2026\/03\/09\/a-medidos-de-mes-comienza-a-funcionar-didi-en-santa-rosa\/"},"author":{"name":"diario5","@id":"https:\/\/diariotextual.com\/inicio\/#\/schema\/person\/c7834961ad8b29b1d9cdbf4571299067"},"headline":"A mediados de mes comienza a funcionar Didi en Santa Rosa","datePublished":"2026-03-09T13:55:20+00:00","dateModified":"2026-03-10T19:46:27+00:00","mainEntityOfPage":{"@id":"https:\/\/diariotextual.com\/inicio\/index.php\/2026\/03\/09\/a-medidos-de-mes-comienza-a-funcionar-didi-en-santa-rosa\/"},"wordCount":553,"publisher":{"@id":"https:\/\/diariotextual.com\/inicio\/#organization"},"image":{"@id":"https:\/\/diariotextual.com\/inicio\/index.php\/2026\/03\/09\/a-medidos-de-mes-comienza-a-funcionar-didi-en-santa-rosa\/#primaryimage"},"thumbnailUrl":"https:\/\/diariotextual.com\/inicio\/wp-content\/uploads\/2026\/03\/didiplataformaviajes2026-911111.webp","articleSection":["A - ES NOTICIA (van abajo)","SOCIEDAD"],"inLanguage":"es"},{"@type":"WebPage","@id":"https:\/\/diariotextual.com\/inicio\/index.php\/2026\/03\/09\/a-medidos-de-mes-comienza-a-funcionar-didi-en-santa-rosa\/","url":"https:\/\/diariotextual.com\/inicio\/index.php\/2026\/03\/09\/a-medidos-de-mes-comienza-a-funcionar-didi-en-santa-rosa\/","name":"A mediados de mes comienza a funcionar Didi en Santa Rosa - Diario Textual","isPartOf":{"@id":"https:\/\/diariotextual.com\/inicio\/#website"},"primaryImageOfPage":{"@id":"https:\/\/diariotextual.com\/inicio\/index.php\/2026\/03\/09\/a-medidos-de-mes-comienza-a-funcionar-didi-en-santa-rosa\/#primaryimage"},"image":{"@id":"https:\/\/diariotextual.com\/inicio\/index.php\/2026\/03\/09\/a-medidos-de-mes-comienza-a-funcionar-didi-en-santa-rosa\/#primaryimage"},"thumbnailUrl":"https:\/\/diariotextual.com\/inicio\/wp-content\/uploads\/2026\/03\/didiplataformaviajes2026-911111.webp","datePublished":"2026-03-09T13:55:20+00:00","dateModified":"2026-03-10T19:46:27+00:00","breadcrumb":{"@id":"https:\/\/diariotextual.com\/inicio\/index.php\/2026\/03\/09\/a-medidos-de-mes-comienza-a-funcionar-didi-en-santa-rosa\/#breadcrumb"},"inLanguage":"es","potentialAction":[{"@type":"ReadAction","target":["https:\/\/diariotextual.com\/inicio\/index.php\/2026\/03\/09\/a-medidos-de-mes-comienza-a-funcionar-didi-en-santa-rosa\/"]}]},{"@type":"ImageObject","inLanguage":"es","@id":"https:\/\/diariotextual.com\/inicio\/index.php\/2026\/03\/09\/a-medidos-de-mes-comienza-a-funcionar-didi-en-santa-rosa\/#primaryimage","url":"https:\/\/diariotextual.com\/inicio\/wp-content\/uploads\/2026\/03\/didiplataformaviajes2026-911111.webp","contentUrl":"https:\/\/diariotextual.com\/inicio\/wp-content\/uploads\/2026\/03\/didiplataformaviajes2026-911111.webp","width":980,"height":549},{"@type":"BreadcrumbList","@id":"https:\/\/diariotextual.com\/inicio\/index.php\/2026\/03\/09\/a-medidos-de-mes-comienza-a-funcionar-didi-en-santa-rosa\/#breadcrumb","itemListElement":[{"@type":"ListItem","position":1,"name":"Portada","item":"https:\/\/diariotextual.com\/inicio\/"},{"@type":"ListItem","position":2,"name":"A mediados de mes comienza a funcionar Didi en Santa Rosa"}]},{"@type":"WebSite","@id":"https:\/\/diariotextual.com\/inicio\/#website","url":"https:\/\/diariotextual.com\/inicio\/","name":"Diario Textual","description":"","publisher":{"@id":"https:\/\/diariotextual.com\/inicio\/#organization"},"potentialAction":[{"@type":"SearchAction","target":{"@type":"EntryPoint","urlTemplate":"https:\/\/diariotextual.com\/inicio\/?s={search_term_string}"},"query-input":{"@type":"PropertyValueSpecification","valueRequired":true,"valueName":"search_term_string"}}],"inLanguage":"es"},{"@type":"Organization","@id":"https:\/\/diariotextual.com\/inicio\/#organization","name":"Diario Textual","url":"https:\/\/diariotextual.com\/inicio\/","logo":{"@type":"ImageObject","inLanguage":"es","@id":"https:\/\/diariotextual.com\/inicio\/#\/schema\/logo\/image\/","url":"https:\/\/diariotextual.com\/inicio\/wp-content\/uploads\/2023\/05\/logotextual1.jpg","contentUrl":"https:\/\/diariotextual.com\/inicio\/wp-content\/uploads\/2023\/05\/logotextual1.jpg","width":516,"height":76,"caption":"Diario Textual"},"image":{"@id":"https:\/\/diariotextual.com\/inicio\/#\/schema\/logo\/image\/"},"sameAs":["https:\/\/www.facebook.com\/eltextual","https:\/\/x.com\/eltextual","http:\/\/www.instagram.com\/eltextual"]},{"@type":"Person","@id":"https:\/\/diariotextual.com\/inicio\/#\/schema\/person\/c7834961ad8b29b1d9cdbf4571299067","name":"diario5","image":{"@type":"ImageObject","inLanguage":"es","@id":"https:\/\/secure.gravatar.com\/avatar\/948c893b847ca6df68216ead81b63f363408ec9b0f600fefc0641ce78613b111?s=96&d=mm&r=g","url":"https:\/\/secure.gravatar.com\/avatar\/948c893b847ca6df68216ead81b63f363408ec9b0f600fefc0641ce78613b111?s=96&d=mm&r=g","contentUrl":"https:\/\/secure.gravatar.com\/avatar\/948c893b847ca6df68216ead81b63f363408ec9b0f600fefc0641ce78613b111?s=96&d=mm&r=g","caption":"diario5"},"url":"https:\/\/diariotextual.com\/inicio\/index.php\/author\/diario5\/"}]}},"_links":{"self":[{"href":"https:\/\/diariotextual.com\/inicio\/index.php\/wp-json\/wp\/v2\/posts\/321732","targetHints":{"allow":["GET"]}}],"collection":[{"href":"https:\/\/diariotextual.com\/inicio\/index.php\/wp-json\/wp\/v2\/posts"}],"about":[{"href":"https:\/\/diariotextual.com\/inicio\/index.php\/wp-json\/wp\/v2\/types\/post"}],"author":[{"embeddable":true,"href":"https:\/\/diariotextual.com\/inicio\/index.php\/wp-json\/wp\/v2\/users\/7"}],"replies":[{"embeddable":true,"href":"https:\/\/diariotextual.com\/inicio\/index.php\/wp-json\/wp\/v2\/comments?post=321732"}],"version-history":[{"count":4,"href":"https:\/\/diariotextual.com\/inicio\/index.php\/wp-json\/wp\/v2\/posts\/321732\/revisions"}],"predecessor-version":[{"id":321738,"href":"https:\/\/diariotextual.com\/inicio\/index.php\/wp-json\/wp\/v2\/posts\/321732\/revisions\/321738"}],"wp:featuredmedia":[{"embeddable":true,"href":"https:\/\/diariotextual.com\/inicio\/index.php\/wp-json\/wp\/v2\/media\/321734"}],"wp:attachment":[{"href":"https:\/\/diariotextual.com\/inicio\/index.php\/wp-json\/wp\/v2\/media?parent=321732"}],"wp:term":[{"taxonomy":"category","embeddable":true,"href":"https:\/\/diariotextual.com\/inicio\/index.php\/wp-json\/wp\/v2\/categories?post=321732"},{"taxonomy":"post_tag","embeddable":true,"href":"https:\/\/diariotextual.com\/inicio\/index.php\/wp-json\/wp\/v2\/tags?post=321732"}],"curies":[{"name":"wp","href":"https:\/\/api.w.org\/{rel}","templated":true}]}}