{"id":321764,"date":"2026-03-09T10:00:26","date_gmt":"2026-03-09T13:00:26","guid":{"rendered":"https:\/\/diariotextual.com\/inicio\/?p=321764"},"modified":"2026-03-09T12:21:16","modified_gmt":"2026-03-09T15:21:16","slug":"toay-se-prepara-para-celebrar-la-fiesta-del-santo-cura-brochero-con-misas-novena-y-procesion-a-caballo","status":"publish","type":"post","link":"https:\/\/diariotextual.com\/inicio\/index.php\/2026\/03\/09\/toay-se-prepara-para-celebrar-la-fiesta-del-santo-cura-brochero-con-misas-novena-y-procesion-a-caballo\/","title":{"rendered":"Toay se prepara para celebrar la fiesta del Santo Cura Brochero con misas, novena y procesi\u00f3n a caballo"},"content":{"rendered":"\n<p>La <strong>Parroquia Santo Cura Brochero de Toay<\/strong> invit\u00f3 a la comunidad a participar de las <strong>actividades por la fiesta patronal en honor a San Jos\u00e9 Gabriel del Rosario Brochero<\/strong>, que se desarrollar\u00e1n durante marzo con <strong>misas, novena, procesiones y propuestas para familias y ni\u00f1os<\/strong>.<\/p>\n\n\n\n<p>La celebraci\u00f3n central se conmemora el <strong>16 de marzo<\/strong>, fecha en la que la Iglesia recuerda el <strong>natalicio del Santo Cura Brochero<\/strong>, jornada instaurada por el <strong>papa Francisco<\/strong> durante su canonizaci\u00f3n.<\/p>\n\n\n\n<p>Conocido como <strong>\u201cel Cura Gaucho\u201d<\/strong>, Brochero fue el <strong>primer santo nacido, que vivi\u00f3 y falleci\u00f3 en la Argentina<\/strong>. La figura del sacerdote cordob\u00e9s se destac\u00f3 por su <strong>cercan\u00eda con los sectores m\u00e1s humildes, su tarea misionera y su compromiso con enfermos, pobres y familias<\/strong>.<\/p>\n\n\n\n<p>En ese marco, la parroquia convoc\u00f3 a participar de la <strong>novena al Santo Cura Brochero<\/strong>, que incluir\u00e1 celebraciones religiosas y actividades especiales en distintos puntos de <strong>Toay y Santa Rosa<\/strong>.<\/p>\n\n\n\n<p>La novena comenz\u00f3 el <strong>viernes 6 a las 20 horas en la Iglesia Catedral<\/strong>, con una celebraci\u00f3n en la que se rez\u00f3 por el <strong>nuevo obispo<\/strong>. Las actividades continuar\u00e1n en diferentes templos y capillas, con jornadas dedicadas a <strong>la vida, las familias, los enfermos, los difuntos, los pobres, la Patria, el trabajo y las vocaciones<\/strong>.<\/p>\n\n\n\n<p>El <strong>domingo 15<\/strong> se realizar\u00e1 una de las actividades m\u00e1s tradicionales de los festejos. A las <strong>9 horas<\/strong> partir\u00e1 una <strong>procesi\u00f3n a caballo desde el cementerio de Toay hasta la parroquia<\/strong>, con paso por <strong>San Cayetano<\/strong>. Luego se celebrar\u00e1 una <strong>misa con bendici\u00f3n del Poncho Reliquia del Santo Cura Brochero<\/strong>.<\/p>\n\n\n\n<p>Las celebraciones concluir\u00e1n el <strong>lunes 16 de marzo<\/strong> con una <strong>misa por el natalicio del santo<\/strong>.<\/p>\n\n\n\n<div style=\"height:100px\" aria-hidden=\"true\" class=\"wp-block-spacer\"><\/div>\n\n\n\n<p><strong>Propuesta para ni\u00f1os y familias<\/strong><\/p>\n\n\n\n<p>En el marco de los festejos, la parroquia tambi\u00e9n organiz\u00f3 la actividad <strong>\u201cDibuj\u00e1 y pint\u00e1 al Santo Cura Brochero\u201d<\/strong>, destinada a <strong>ni\u00f1os y familias<\/strong>. Los participantes podr\u00e1n <strong>dibujar o pintar la imagen del santo y escribir una frase pidiendo su protecci\u00f3n y bendici\u00f3n para la familia<\/strong>.<\/p>\n\n\n\n<p>Los trabajos se exhibir\u00e1n en la <strong>capilla Mar\u00eda Auxiliadora<\/strong>, ser\u00e1n <strong>bendecidos durante la misa del domingo 15<\/strong> y luego se entregar\u00e1n nuevamente a las familias.<\/p>\n\n\n\n<div style=\"height:100px\" aria-hidden=\"true\" class=\"wp-block-spacer\"><\/div>\n\n\n\n<p><strong>Brochero Peregrino recorrer\u00e1 barrios de Toay<\/strong><\/p>\n\n\n\n<p>Otra de las propuestas ser\u00e1 el <strong>\u201cSanto Cura Brochero Peregrino\u201d<\/strong>, una imagen del santo que recorrer\u00e1 <strong>barrios y lugares emblem\u00e1ticos de Toay<\/strong>. Durante el recorrido, los vecinos podr\u00e1n <strong>rezar y dejar sus intenciones en una urna<\/strong>, que luego se presentar\u00e1n en las celebraciones de la novena.<\/p>\n\n\n\n<p>El recorrido incluir\u00e1 distintos sectores de la ciudad, entre ellos el <strong>Club Sportivo, la zona del Hospital de Toay, barrios FoNaVi, San Mart\u00edn y del Ej\u00e9rcito, la Escuela 205, el cuartel de Bomberos y el Hogar Don Bosco<\/strong>. Durante cada visita, los fieles podr\u00e1n acercarse a compartir un momento de oraci\u00f3n.<\/p>\n\n\n\n<p><\/p>\n","protected":false},"excerpt":{"rendered":"<p>La Parroquia Santo Cura Brochero de Toay invit\u00f3 a la comunidad a participar de las actividades por la fiesta patronal en honor a San Jos\u00e9 Gabriel del Rosario Brochero, que&hellip;<\/p>\n","protected":false},"author":3,"featured_media":321765,"comment_status":"closed","ping_status":"open","sticky":false,"template":"","format":"standard","meta":{"_acf_changed":false,"footnotes":""},"categories":[1,12],"tags":[],"class_list":["post-321764","post","type-post","status-publish","format-standard","has-post-thumbnail","hentry","category-es-noticia","category-sociedad"],"acf":[],"yoast_head":"<!-- This site is optimized with the Yoast SEO plugin v27.5 - https:\/\/yoast.com\/product\/yoast-seo-wordpress\/ -->\n<title>Toay se prepara para celebrar la fiesta del Santo Cura Brochero con misas, novena y procesi\u00f3n a caballo - Diario Textual<\/title>\n<meta name=\"robots\" content=\"index, follow, max-snippet:-1, max-image-preview:large, max-video-preview:-1\" \/>\n<link rel=\"canonical\" href=\"https:\/\/diariotextual.com\/inicio\/index.php\/2026\/03\/09\/toay-se-prepara-para-celebrar-la-fiesta-del-santo-cura-brochero-con-misas-novena-y-procesion-a-caballo\/\" \/>\n<meta property=\"og:locale\" content=\"es_ES\" \/>\n<meta property=\"og:type\" content=\"article\" \/>\n<meta property=\"og:title\" content=\"Toay se prepara para celebrar la fiesta del Santo Cura Brochero con misas, novena y procesi\u00f3n a caballo - Diario Textual\" \/>\n<meta property=\"og:description\" content=\"La Parroquia Santo Cura Brochero de Toay invit\u00f3 a la comunidad a participar de las actividades por la fiesta patronal en honor a San Jos\u00e9 Gabriel del Rosario Brochero, que&hellip;\" \/>\n<meta property=\"og:url\" content=\"https:\/\/diariotextual.com\/inicio\/index.php\/2026\/03\/09\/toay-se-prepara-para-celebrar-la-fiesta-del-santo-cura-brochero-con-misas-novena-y-procesion-a-caballo\/\" \/>\n<meta property=\"og:site_name\" content=\"Diario Textual\" \/>\n<meta property=\"article:publisher\" content=\"https:\/\/www.facebook.com\/eltextual\" \/>\n<meta property=\"article:published_time\" content=\"2026-03-09T13:00:26+00:00\" \/>\n<meta property=\"article:modified_time\" content=\"2026-03-09T15:21:16+00:00\" \/>\n<meta property=\"og:image\" content=\"https:\/\/diariotextual.com\/inicio\/wp-content\/uploads\/2026\/03\/parroquiatoaycurabrochero2026-3.jpg\" \/>\n\t<meta property=\"og:image:width\" content=\"898\" \/>\n\t<meta property=\"og:image:height\" content=\"635\" \/>\n\t<meta property=\"og:image:type\" content=\"image\/jpeg\" \/>\n<meta name=\"author\" content=\"Diario1 Diario1\" \/>\n<meta name=\"twitter:card\" content=\"summary_large_image\" \/>\n<meta name=\"twitter:creator\" content=\"@eltextual\" \/>\n<meta name=\"twitter:site\" content=\"@eltextual\" \/>\n<meta name=\"twitter:label1\" content=\"Escrito por\" \/>\n\t<meta name=\"twitter:data1\" content=\"Diario1 Diario1\" \/>\n\t<meta name=\"twitter:label2\" content=\"Tiempo de lectura\" \/>\n\t<meta name=\"twitter:data2\" content=\"3 minutos\" \/>\n<script type=\"application\/ld+json\" class=\"yoast-schema-graph\">{\"@context\":\"https:\\\/\\\/schema.org\",\"@graph\":[{\"@type\":\"Article\",\"@id\":\"https:\\\/\\\/diariotextual.com\\\/inicio\\\/index.php\\\/2026\\\/03\\\/09\\\/toay-se-prepara-para-celebrar-la-fiesta-del-santo-cura-brochero-con-misas-novena-y-procesion-a-caballo\\\/#article\",\"isPartOf\":{\"@id\":\"https:\\\/\\\/diariotextual.com\\\/inicio\\\/index.php\\\/2026\\\/03\\\/09\\\/toay-se-prepara-para-celebrar-la-fiesta-del-santo-cura-brochero-con-misas-novena-y-procesion-a-caballo\\\/\"},\"author\":{\"name\":\"Diario1 Diario1\",\"@id\":\"https:\\\/\\\/diariotextual.com\\\/inicio\\\/#\\\/schema\\\/person\\\/418fc4093c33e86ed41562db3508f958\"},\"headline\":\"Toay se prepara para celebrar la fiesta del Santo Cura Brochero con misas, novena y procesi\u00f3n a caballo\",\"datePublished\":\"2026-03-09T13:00:26+00:00\",\"dateModified\":\"2026-03-09T15:21:16+00:00\",\"mainEntityOfPage\":{\"@id\":\"https:\\\/\\\/diariotextual.com\\\/inicio\\\/index.php\\\/2026\\\/03\\\/09\\\/toay-se-prepara-para-celebrar-la-fiesta-del-santo-cura-brochero-con-misas-novena-y-procesion-a-caballo\\\/\"},\"wordCount\":490,\"publisher\":{\"@id\":\"https:\\\/\\\/diariotextual.com\\\/inicio\\\/#organization\"},\"image\":{\"@id\":\"https:\\\/\\\/diariotextual.com\\\/inicio\\\/index.php\\\/2026\\\/03\\\/09\\\/toay-se-prepara-para-celebrar-la-fiesta-del-santo-cura-brochero-con-misas-novena-y-procesion-a-caballo\\\/#primaryimage\"},\"thumbnailUrl\":\"https:\\\/\\\/diariotextual.com\\\/inicio\\\/wp-content\\\/uploads\\\/2026\\\/03\\\/parroquiatoaycurabrochero2026-3.jpg\",\"articleSection\":[\"A - ES NOTICIA (van abajo)\",\"SOCIEDAD\"],\"inLanguage\":\"es\"},{\"@type\":\"WebPage\",\"@id\":\"https:\\\/\\\/diariotextual.com\\\/inicio\\\/index.php\\\/2026\\\/03\\\/09\\\/toay-se-prepara-para-celebrar-la-fiesta-del-santo-cura-brochero-con-misas-novena-y-procesion-a-caballo\\\/\",\"url\":\"https:\\\/\\\/diariotextual.com\\\/inicio\\\/index.php\\\/2026\\\/03\\\/09\\\/toay-se-prepara-para-celebrar-la-fiesta-del-santo-cura-brochero-con-misas-novena-y-procesion-a-caballo\\\/\",\"name\":\"Toay se prepara para celebrar la fiesta del Santo Cura Brochero con misas, novena y procesi\u00f3n a caballo - Diario Textual\",\"isPartOf\":{\"@id\":\"https:\\\/\\\/diariotextual.com\\\/inicio\\\/#website\"},\"primaryImageOfPage\":{\"@id\":\"https:\\\/\\\/diariotextual.com\\\/inicio\\\/index.php\\\/2026\\\/03\\\/09\\\/toay-se-prepara-para-celebrar-la-fiesta-del-santo-cura-brochero-con-misas-novena-y-procesion-a-caballo\\\/#primaryimage\"},\"image\":{\"@id\":\"https:\\\/\\\/diariotextual.com\\\/inicio\\\/index.php\\\/2026\\\/03\\\/09\\\/toay-se-prepara-para-celebrar-la-fiesta-del-santo-cura-brochero-con-misas-novena-y-procesion-a-caballo\\\/#primaryimage\"},\"thumbnailUrl\":\"https:\\\/\\\/diariotextual.com\\\/inicio\\\/wp-content\\\/uploads\\\/2026\\\/03\\\/parroquiatoaycurabrochero2026-3.jpg\",\"datePublished\":\"2026-03-09T13:00:26+00:00\",\"dateModified\":\"2026-03-09T15:21:16+00:00\",\"breadcrumb\":{\"@id\":\"https:\\\/\\\/diariotextual.com\\\/inicio\\\/index.php\\\/2026\\\/03\\\/09\\\/toay-se-prepara-para-celebrar-la-fiesta-del-santo-cura-brochero-con-misas-novena-y-procesion-a-caballo\\\/#breadcrumb\"},\"inLanguage\":\"es\",\"potentialAction\":[{\"@type\":\"ReadAction\",\"target\":[\"https:\\\/\\\/diariotextual.com\\\/inicio\\\/index.php\\\/2026\\\/03\\\/09\\\/toay-se-prepara-para-celebrar-la-fiesta-del-santo-cura-brochero-con-misas-novena-y-procesion-a-caballo\\\/\"]}]},{\"@type\":\"ImageObject\",\"inLanguage\":\"es\",\"@id\":\"https:\\\/\\\/diariotextual.com\\\/inicio\\\/index.php\\\/2026\\\/03\\\/09\\\/toay-se-prepara-para-celebrar-la-fiesta-del-santo-cura-brochero-con-misas-novena-y-procesion-a-caballo\\\/#primaryimage\",\"url\":\"https:\\\/\\\/diariotextual.com\\\/inicio\\\/wp-content\\\/uploads\\\/2026\\\/03\\\/parroquiatoaycurabrochero2026-3.jpg\",\"contentUrl\":\"https:\\\/\\\/diariotextual.com\\\/inicio\\\/wp-content\\\/uploads\\\/2026\\\/03\\\/parroquiatoaycurabrochero2026-3.jpg\",\"width\":898,\"height\":635},{\"@type\":\"BreadcrumbList\",\"@id\":\"https:\\\/\\\/diariotextual.com\\\/inicio\\\/index.php\\\/2026\\\/03\\\/09\\\/toay-se-prepara-para-celebrar-la-fiesta-del-santo-cura-brochero-con-misas-novena-y-procesion-a-caballo\\\/#breadcrumb\",\"itemListElement\":[{\"@type\":\"ListItem\",\"position\":1,\"name\":\"Portada\",\"item\":\"https:\\\/\\\/diariotextual.com\\\/inicio\\\/\"},{\"@type\":\"ListItem\",\"position\":2,\"name\":\"Toay se prepara para celebrar la fiesta del Santo Cura Brochero con misas, novena y procesi\u00f3n a caballo\"}]},{\"@type\":\"WebSite\",\"@id\":\"https:\\\/\\\/diariotextual.com\\\/inicio\\\/#website\",\"url\":\"https:\\\/\\\/diariotextual.com\\\/inicio\\\/\",\"name\":\"Diario Textual\",\"description\":\"\",\"publisher\":{\"@id\":\"https:\\\/\\\/diariotextual.com\\\/inicio\\\/#organization\"},\"potentialAction\":[{\"@type\":\"SearchAction\",\"target\":{\"@type\":\"EntryPoint\",\"urlTemplate\":\"https:\\\/\\\/diariotextual.com\\\/inicio\\\/?s={search_term_string}\"},\"query-input\":{\"@type\":\"PropertyValueSpecification\",\"valueRequired\":true,\"valueName\":\"search_term_string\"}}],\"inLanguage\":\"es\"},{\"@type\":\"Organization\",\"@id\":\"https:\\\/\\\/diariotextual.com\\\/inicio\\\/#organization\",\"name\":\"Diario Textual\",\"url\":\"https:\\\/\\\/diariotextual.com\\\/inicio\\\/\",\"logo\":{\"@type\":\"ImageObject\",\"inLanguage\":\"es\",\"@id\":\"https:\\\/\\\/diariotextual.com\\\/inicio\\\/#\\\/schema\\\/logo\\\/image\\\/\",\"url\":\"https:\\\/\\\/diariotextual.com\\\/inicio\\\/wp-content\\\/uploads\\\/2023\\\/05\\\/logotextual1.jpg\",\"contentUrl\":\"https:\\\/\\\/diariotextual.com\\\/inicio\\\/wp-content\\\/uploads\\\/2023\\\/05\\\/logotextual1.jpg\",\"width\":516,\"height\":76,\"caption\":\"Diario Textual\"},\"image\":{\"@id\":\"https:\\\/\\\/diariotextual.com\\\/inicio\\\/#\\\/schema\\\/logo\\\/image\\\/\"},\"sameAs\":[\"https:\\\/\\\/www.facebook.com\\\/eltextual\",\"https:\\\/\\\/x.com\\\/eltextual\",\"http:\\\/\\\/www.instagram.com\\\/eltextual\"]},{\"@type\":\"Person\",\"@id\":\"https:\\\/\\\/diariotextual.com\\\/inicio\\\/#\\\/schema\\\/person\\\/418fc4093c33e86ed41562db3508f958\",\"name\":\"Diario1 Diario1\",\"image\":{\"@type\":\"ImageObject\",\"inLanguage\":\"es\",\"@id\":\"https:\\\/\\\/secure.gravatar.com\\\/avatar\\\/9167d280179c85bc18be67aa7eda765854300033af4896dd779b608640f2ef7a?s=96&d=mm&r=g\",\"url\":\"https:\\\/\\\/secure.gravatar.com\\\/avatar\\\/9167d280179c85bc18be67aa7eda765854300033af4896dd779b608640f2ef7a?s=96&d=mm&r=g\",\"contentUrl\":\"https:\\\/\\\/secure.gravatar.com\\\/avatar\\\/9167d280179c85bc18be67aa7eda765854300033af4896dd779b608640f2ef7a?s=96&d=mm&r=g\",\"caption\":\"Diario1 Diario1\"},\"url\":\"https:\\\/\\\/diariotextual.com\\\/inicio\\\/index.php\\\/author\\\/diario1\\\/\"}]}<\/script>\n<!-- \/ Yoast SEO plugin. -->","yoast_head_json":{"title":"Toay se prepara para celebrar la fiesta del Santo Cura Brochero con misas, novena y procesi\u00f3n a caballo - Diario Textual","robots":{"index":"index","follow":"follow","max-snippet":"max-snippet:-1","max-image-preview":"max-image-preview:large","max-video-preview":"max-video-preview:-1"},"canonical":"https:\/\/diariotextual.com\/inicio\/index.php\/2026\/03\/09\/toay-se-prepara-para-celebrar-la-fiesta-del-santo-cura-brochero-con-misas-novena-y-procesion-a-caballo\/","og_locale":"es_ES","og_type":"article","og_title":"Toay se prepara para celebrar la fiesta del Santo Cura Brochero con misas, novena y procesi\u00f3n a caballo - Diario Textual","og_description":"La Parroquia Santo Cura Brochero de Toay invit\u00f3 a la comunidad a participar de las actividades por la fiesta patronal en honor a San Jos\u00e9 Gabriel del Rosario Brochero, que&hellip;","og_url":"https:\/\/diariotextual.com\/inicio\/index.php\/2026\/03\/09\/toay-se-prepara-para-celebrar-la-fiesta-del-santo-cura-brochero-con-misas-novena-y-procesion-a-caballo\/","og_site_name":"Diario Textual","article_publisher":"https:\/\/www.facebook.com\/eltextual","article_published_time":"2026-03-09T13:00:26+00:00","article_modified_time":"2026-03-09T15:21:16+00:00","og_image":[{"width":898,"height":635,"url":"https:\/\/diariotextual.com\/inicio\/wp-content\/uploads\/2026\/03\/parroquiatoaycurabrochero2026-3.jpg","type":"image\/jpeg"}],"author":"Diario1 Diario1","twitter_card":"summary_large_image","twitter_creator":"@eltextual","twitter_site":"@eltextual","twitter_misc":{"Escrito por":"Diario1 Diario1","Tiempo de lectura":"3 minutos"},"schema":{"@context":"https:\/\/schema.org","@graph":[{"@type":"Article","@id":"https:\/\/diariotextual.com\/inicio\/index.php\/2026\/03\/09\/toay-se-prepara-para-celebrar-la-fiesta-del-santo-cura-brochero-con-misas-novena-y-procesion-a-caballo\/#article","isPartOf":{"@id":"https:\/\/diariotextual.com\/inicio\/index.php\/2026\/03\/09\/toay-se-prepara-para-celebrar-la-fiesta-del-santo-cura-brochero-con-misas-novena-y-procesion-a-caballo\/"},"author":{"name":"Diario1 Diario1","@id":"https:\/\/diariotextual.com\/inicio\/#\/schema\/person\/418fc4093c33e86ed41562db3508f958"},"headline":"Toay se prepara para celebrar la fiesta del Santo Cura Brochero con misas, novena y procesi\u00f3n a caballo","datePublished":"2026-03-09T13:00:26+00:00","dateModified":"2026-03-09T15:21:16+00:00","mainEntityOfPage":{"@id":"https:\/\/diariotextual.com\/inicio\/index.php\/2026\/03\/09\/toay-se-prepara-para-celebrar-la-fiesta-del-santo-cura-brochero-con-misas-novena-y-procesion-a-caballo\/"},"wordCount":490,"publisher":{"@id":"https:\/\/diariotextual.com\/inicio\/#organization"},"image":{"@id":"https:\/\/diariotextual.com\/inicio\/index.php\/2026\/03\/09\/toay-se-prepara-para-celebrar-la-fiesta-del-santo-cura-brochero-con-misas-novena-y-procesion-a-caballo\/#primaryimage"},"thumbnailUrl":"https:\/\/diariotextual.com\/inicio\/wp-content\/uploads\/2026\/03\/parroquiatoaycurabrochero2026-3.jpg","articleSection":["A - ES NOTICIA (van abajo)","SOCIEDAD"],"inLanguage":"es"},{"@type":"WebPage","@id":"https:\/\/diariotextual.com\/inicio\/index.php\/2026\/03\/09\/toay-se-prepara-para-celebrar-la-fiesta-del-santo-cura-brochero-con-misas-novena-y-procesion-a-caballo\/","url":"https:\/\/diariotextual.com\/inicio\/index.php\/2026\/03\/09\/toay-se-prepara-para-celebrar-la-fiesta-del-santo-cura-brochero-con-misas-novena-y-procesion-a-caballo\/","name":"Toay se prepara para celebrar la fiesta del Santo Cura Brochero con misas, novena y procesi\u00f3n a caballo - Diario Textual","isPartOf":{"@id":"https:\/\/diariotextual.com\/inicio\/#website"},"primaryImageOfPage":{"@id":"https:\/\/diariotextual.com\/inicio\/index.php\/2026\/03\/09\/toay-se-prepara-para-celebrar-la-fiesta-del-santo-cura-brochero-con-misas-novena-y-procesion-a-caballo\/#primaryimage"},"image":{"@id":"https:\/\/diariotextual.com\/inicio\/index.php\/2026\/03\/09\/toay-se-prepara-para-celebrar-la-fiesta-del-santo-cura-brochero-con-misas-novena-y-procesion-a-caballo\/#primaryimage"},"thumbnailUrl":"https:\/\/diariotextual.com\/inicio\/wp-content\/uploads\/2026\/03\/parroquiatoaycurabrochero2026-3.jpg","datePublished":"2026-03-09T13:00:26+00:00","dateModified":"2026-03-09T15:21:16+00:00","breadcrumb":{"@id":"https:\/\/diariotextual.com\/inicio\/index.php\/2026\/03\/09\/toay-se-prepara-para-celebrar-la-fiesta-del-santo-cura-brochero-con-misas-novena-y-procesion-a-caballo\/#breadcrumb"},"inLanguage":"es","potentialAction":[{"@type":"ReadAction","target":["https:\/\/diariotextual.com\/inicio\/index.php\/2026\/03\/09\/toay-se-prepara-para-celebrar-la-fiesta-del-santo-cura-brochero-con-misas-novena-y-procesion-a-caballo\/"]}]},{"@type":"ImageObject","inLanguage":"es","@id":"https:\/\/diariotextual.com\/inicio\/index.php\/2026\/03\/09\/toay-se-prepara-para-celebrar-la-fiesta-del-santo-cura-brochero-con-misas-novena-y-procesion-a-caballo\/#primaryimage","url":"https:\/\/diariotextual.com\/inicio\/wp-content\/uploads\/2026\/03\/parroquiatoaycurabrochero2026-3.jpg","contentUrl":"https:\/\/diariotextual.com\/inicio\/wp-content\/uploads\/2026\/03\/parroquiatoaycurabrochero2026-3.jpg","width":898,"height":635},{"@type":"BreadcrumbList","@id":"https:\/\/diariotextual.com\/inicio\/index.php\/2026\/03\/09\/toay-se-prepara-para-celebrar-la-fiesta-del-santo-cura-brochero-con-misas-novena-y-procesion-a-caballo\/#breadcrumb","itemListElement":[{"@type":"ListItem","position":1,"name":"Portada","item":"https:\/\/diariotextual.com\/inicio\/"},{"@type":"ListItem","position":2,"name":"Toay se prepara para celebrar la fiesta del Santo Cura Brochero con misas, novena y procesi\u00f3n a caballo"}]},{"@type":"WebSite","@id":"https:\/\/diariotextual.com\/inicio\/#website","url":"https:\/\/diariotextual.com\/inicio\/","name":"Diario Textual","description":"","publisher":{"@id":"https:\/\/diariotextual.com\/inicio\/#organization"},"potentialAction":[{"@type":"SearchAction","target":{"@type":"EntryPoint","urlTemplate":"https:\/\/diariotextual.com\/inicio\/?s={search_term_string}"},"query-input":{"@type":"PropertyValueSpecification","valueRequired":true,"valueName":"search_term_string"}}],"inLanguage":"es"},{"@type":"Organization","@id":"https:\/\/diariotextual.com\/inicio\/#organization","name":"Diario Textual","url":"https:\/\/diariotextual.com\/inicio\/","logo":{"@type":"ImageObject","inLanguage":"es","@id":"https:\/\/diariotextual.com\/inicio\/#\/schema\/logo\/image\/","url":"https:\/\/diariotextual.com\/inicio\/wp-content\/uploads\/2023\/05\/logotextual1.jpg","contentUrl":"https:\/\/diariotextual.com\/inicio\/wp-content\/uploads\/2023\/05\/logotextual1.jpg","width":516,"height":76,"caption":"Diario Textual"},"image":{"@id":"https:\/\/diariotextual.com\/inicio\/#\/schema\/logo\/image\/"},"sameAs":["https:\/\/www.facebook.com\/eltextual","https:\/\/x.com\/eltextual","http:\/\/www.instagram.com\/eltextual"]},{"@type":"Person","@id":"https:\/\/diariotextual.com\/inicio\/#\/schema\/person\/418fc4093c33e86ed41562db3508f958","name":"Diario1 Diario1","image":{"@type":"ImageObject","inLanguage":"es","@id":"https:\/\/secure.gravatar.com\/avatar\/9167d280179c85bc18be67aa7eda765854300033af4896dd779b608640f2ef7a?s=96&d=mm&r=g","url":"https:\/\/secure.gravatar.com\/avatar\/9167d280179c85bc18be67aa7eda765854300033af4896dd779b608640f2ef7a?s=96&d=mm&r=g","contentUrl":"https:\/\/secure.gravatar.com\/avatar\/9167d280179c85bc18be67aa7eda765854300033af4896dd779b608640f2ef7a?s=96&d=mm&r=g","caption":"Diario1 Diario1"},"url":"https:\/\/diariotextual.com\/inicio\/index.php\/author\/diario1\/"}]}},"_links":{"self":[{"href":"https:\/\/diariotextual.com\/inicio\/index.php\/wp-json\/wp\/v2\/posts\/321764","targetHints":{"allow":["GET"]}}],"collection":[{"href":"https:\/\/diariotextual.com\/inicio\/index.php\/wp-json\/wp\/v2\/posts"}],"about":[{"href":"https:\/\/diariotextual.com\/inicio\/index.php\/wp-json\/wp\/v2\/types\/post"}],"author":[{"embeddable":true,"href":"https:\/\/diariotextual.com\/inicio\/index.php\/wp-json\/wp\/v2\/users\/3"}],"replies":[{"embeddable":true,"href":"https:\/\/diariotextual.com\/inicio\/index.php\/wp-json\/wp\/v2\/comments?post=321764"}],"version-history":[{"count":1,"href":"https:\/\/diariotextual.com\/inicio\/index.php\/wp-json\/wp\/v2\/posts\/321764\/revisions"}],"predecessor-version":[{"id":321766,"href":"https:\/\/diariotextual.com\/inicio\/index.php\/wp-json\/wp\/v2\/posts\/321764\/revisions\/321766"}],"wp:featuredmedia":[{"embeddable":true,"href":"https:\/\/diariotextual.com\/inicio\/index.php\/wp-json\/wp\/v2\/media\/321765"}],"wp:attachment":[{"href":"https:\/\/diariotextual.com\/inicio\/index.php\/wp-json\/wp\/v2\/media?parent=321764"}],"wp:term":[{"taxonomy":"category","embeddable":true,"href":"https:\/\/diariotextual.com\/inicio\/index.php\/wp-json\/wp\/v2\/categories?post=321764"},{"taxonomy":"post_tag","embeddable":true,"href":"https:\/\/diariotextual.com\/inicio\/index.php\/wp-json\/wp\/v2\/tags?post=321764"}],"curies":[{"name":"wp","href":"https:\/\/api.w.org\/{rel}","templated":true}]}}