{"id":321774,"date":"2026-03-09T12:29:21","date_gmt":"2026-03-09T15:29:21","guid":{"rendered":"https:\/\/diariotextual.com\/inicio\/?p=321774"},"modified":"2026-03-10T09:26:33","modified_gmt":"2026-03-10T12:26:33","slug":"caleta-olivia-los-restos-humanos-hallados-serian-del-pampeano-desaparecido","status":"publish","type":"post","link":"https:\/\/diariotextual.com\/inicio\/index.php\/2026\/03\/09\/caleta-olivia-los-restos-humanos-hallados-serian-del-pampeano-desaparecido\/","title":{"rendered":"Caleta Olivia: los restos humanos hallados ser\u00edan del pampeano desaparecido"},"content":{"rendered":"\n<p>Los <strong>restos humanos<\/strong> hallados hace unos d\u00edas en diferentes lugares de <strong>Caleta Olivia<\/strong> pertenecer\u00edan a <strong>Mario C\u00e9sar Garc\u00eda<\/strong>, el pampeano cuyo paradero es un misterio desde el <strong>8 de diciembre<\/strong>. \u201c<strong>Una mano ser\u00eda de mi hermano, pero resta la confirmaci\u00f3n oficial<\/strong>\u201d, declar\u00f3 <strong>Jos\u00e9 \u201cChiche\u201d Garc\u00eda<\/strong>, hermano del desaparecido. \u201c<strong>El ADN todav\u00eda no est\u00e1, pese a que los resultados del estudio ya los deber\u00edamos tener<\/strong>\u201d, se lament\u00f3 en di\u00e1logo con <strong>Diario Textual<\/strong>. Entre los restos del cad\u00e1ver encontrado se encuentra <strong>un cr\u00e1neo con un balazo<\/strong>.<\/p>\n\n\n\n<p>Dijo que en las \u00faltimas horas <strong>descubrieron unos 120 millones de pesos y droga en distintos allanamientos<\/strong>, evidencias que nada tienen que ver con la causa de su hermano. \u201c<strong>No hay ning\u00fan avance. Ni siquiera hicieron la clonaci\u00f3n del celular<\/strong>\u201d, acus\u00f3, en un mensaje a la <strong>Justicia<\/strong> por su \u201clentitud\u201d para esclarecer el caso. \u201c<strong>El juez y el fiscal est\u00e1n de vacaciones<\/strong>\u201d.<\/p>\n\n\n\n<p>Sobre los <strong>restos del difunto<\/strong> encontrados en enero, revel\u00f3 que <strong>una huella digital pertenece a su hermano<\/strong>. \u201cConcretamente, las averiguaciones efectuadas presentaron <strong>compatibilidad en una huella del dedo anular de la mano izquierda<\/strong>, aunque resta la confirmaci\u00f3n oficial con los resultados de <strong>ADN<\/strong>\u201d, aclar\u00f3.<\/p>\n\n\n\n<p>Seg\u00fan dijo, esos <strong>resultados oficiales<\/strong> saldr\u00edan una vez reunida la informaci\u00f3n de <strong>todos los restos humanos encontrados<\/strong>, entre ellos <strong>manos, piernas y un cr\u00e1neo que presenta un disparo de arma de fuego calibre 22<\/strong>. \u201c<strong>El 26 de febrero, en otro allanamiento, encontraron un brazo cerca de la Escuela 14<\/strong>\u201d, complet\u00f3.<\/p>\n\n\n\n<p>Dos meses despu\u00e9s de la <strong>desaparici\u00f3n<\/strong>, una <strong>comisi\u00f3n especial<\/strong> desembarc\u00f3 en <strong>Caleta Olivia<\/strong> y se hizo cargo de la investigaci\u00f3n de la causa, que se encuentra en <strong>secreto de sumario<\/strong> y \u201c<strong>no avanza mucho<\/strong>\u201d, seg\u00fan insistieron familiares.<\/p>\n\n\n\n<p>El <strong>santarrose\u00f1o<\/strong> fue visto por \u00faltima vez caminando en los alrededores del <strong>Monumento al Obrero Petrolero<\/strong>, conocido como <strong>El Gorosito<\/strong>. La desaparici\u00f3n del hombre nacido en <strong>La Pampa<\/strong>, pero radicado junto a su familia desde hace m\u00e1s de <strong>veinte a\u00f1os en la Patagonia<\/strong>, se enmarca en el contexto de <strong>un robo del que fue v\u00edctima en su domicilio del barrio 2 de Abril<\/strong>. Pero principalmente por <strong>unas declaraciones posteriores que formul\u00f3 el 5 de noviembre a un canal televisivo local<\/strong>, donde acus\u00f3 a la <strong>Polic\u00eda<\/strong> de \u201c<strong>liberar<\/strong>\u201d la zona y hasta desliz\u00f3 <strong>una presunta connivencia con la delincuencia, el narcotr\u00e1fico y la prostituci\u00f3n<\/strong>.<\/p>\n\n\n\n<p>El <strong>Gobierno nacional<\/strong>, a trav\u00e9s del <strong>ministerio de Seguridad<\/strong>, ofreci\u00f3 <strong>una recompensa<\/strong> para quienes aporten datos \u00fatiles que permitan <strong>localizar o saber qu\u00e9 fue lo que sucedi\u00f3 con Mario C\u00e9sar Garc\u00eda (50 a\u00f1os)<\/strong>, conocido como \u201c<strong>Pato<\/strong>\u201d. La medida se oficializ\u00f3 mediante la publicaci\u00f3n en el <strong>Bolet\u00edn Oficial<\/strong> de la <strong>resoluci\u00f3n 131\/2026<\/strong>, que responde a un pedido formal del <strong>Juzgado Provincial de Instrucci\u00f3n 1 de Caleta Olivia<\/strong>, a cargo de <strong>Marcos P\u00e9rez Soruco<\/strong>, <strong>secretar\u00eda 1<\/strong>, dependiente de <strong>Kevin Rearte<\/strong>. La causa se inici\u00f3 a ra\u00edz de la <strong>denuncia presentada por Gisella Cruz<\/strong>, hermana de Garc\u00eda.<\/p>\n\n\n\n<figure class=\"wp-block-image size-full\"><img fetchpriority=\"high\" decoding=\"async\" width=\"661\" height=\"521\" src=\"https:\/\/diariotextual.com\/inicio\/wp-content\/uploads\/2026\/01\/mariogarciahermanoscaleta2026.jpg\" alt=\"\" class=\"wp-image-317336\" srcset=\"https:\/\/diariotextual.com\/inicio\/wp-content\/uploads\/2026\/01\/mariogarciahermanoscaleta2026.jpg 661w, https:\/\/diariotextual.com\/inicio\/wp-content\/uploads\/2026\/01\/mariogarciahermanoscaleta2026-300x236.jpg 300w, https:\/\/diariotextual.com\/inicio\/wp-content\/uploads\/2026\/01\/mariogarciahermanoscaleta2026-585x461.jpg 585w\" sizes=\"(max-width: 661px) 100vw, 661px\" \/><\/figure>\n\n\n\n<p>El <strong>Gobierno de Santa Cruz<\/strong> resolvi\u00f3 otorgar <strong>cinco millones de pesos<\/strong> a aquellas personas que no hayan intervenido en los hechos y que <strong>brinden datos \u00fatiles para dar con el paradero del hombre<\/strong>. El pago se realizar\u00e1 \u00fanicamente si <strong>la informaci\u00f3n resulta determinante<\/strong> y tras la <strong>evaluaci\u00f3n favorable del juzgado interviniente<\/strong>, preservando en todo momento <strong>la identidad del aportante<\/strong>.<\/p>\n\n\n\n<p>Quienes cuenten con <strong>datos relevantes<\/strong> pueden comunicarse con el <strong>Programa Nacional de Recompensas<\/strong>, dependiente de la <strong>Direcci\u00f3n Nacional de Normativa y Relaciones con los Poderes Judiciales y los Ministerios P\u00fablicos del Ministerio de Seguridad<\/strong>, llamando a la <strong>l\u00ednea gratuita 134<\/strong>.<\/p>\n\n\n\n<p><\/p>\n","protected":false},"excerpt":{"rendered":"<p>Los restos humanos hallados hace unos d\u00edas en diferentes lugares de Caleta Olivia pertenecer\u00edan a Mario C\u00e9sar Garc\u00eda, el pampeano cuyo paradero es un misterio desde el 8 de diciembre.&hellip;<\/p>\n","protected":false},"author":3,"featured_media":318299,"comment_status":"closed","ping_status":"open","sticky":false,"template":"","format":"standard","meta":{"_acf_changed":false,"footnotes":""},"categories":[1,12],"tags":[],"class_list":["post-321774","post","type-post","status-publish","format-standard","has-post-thumbnail","hentry","category-es-noticia","category-sociedad"],"acf":[],"yoast_head":"<!-- This site is optimized with the Yoast SEO plugin v27.5 - https:\/\/yoast.com\/product\/yoast-seo-wordpress\/ -->\n<title>Caleta Olivia: los restos humanos hallados ser\u00edan del pampeano desaparecido - Diario Textual<\/title>\n<meta name=\"robots\" content=\"index, follow, max-snippet:-1, max-image-preview:large, max-video-preview:-1\" \/>\n<link rel=\"canonical\" href=\"https:\/\/diariotextual.com\/inicio\/index.php\/2026\/03\/09\/caleta-olivia-los-restos-humanos-hallados-serian-del-pampeano-desaparecido\/\" \/>\n<meta property=\"og:locale\" content=\"es_ES\" \/>\n<meta property=\"og:type\" content=\"article\" \/>\n<meta property=\"og:title\" content=\"Caleta Olivia: los restos humanos hallados ser\u00edan del pampeano desaparecido - Diario Textual\" \/>\n<meta property=\"og:description\" content=\"Los restos humanos hallados hace unos d\u00edas en diferentes lugares de Caleta Olivia pertenecer\u00edan a Mario C\u00e9sar Garc\u00eda, el pampeano cuyo paradero es un misterio desde el 8 de diciembre.&hellip;\" \/>\n<meta property=\"og:url\" content=\"https:\/\/diariotextual.com\/inicio\/index.php\/2026\/03\/09\/caleta-olivia-los-restos-humanos-hallados-serian-del-pampeano-desaparecido\/\" \/>\n<meta property=\"og:site_name\" content=\"Diario Textual\" \/>\n<meta property=\"article:publisher\" content=\"https:\/\/www.facebook.com\/eltextual\" \/>\n<meta property=\"article:published_time\" content=\"2026-03-09T15:29:21+00:00\" \/>\n<meta property=\"article:modified_time\" content=\"2026-03-10T12:26:33+00:00\" \/>\n<meta property=\"og:image\" content=\"https:\/\/diariotextual.com\/inicio\/wp-content\/uploads\/2026\/01\/rastrillajesrestoshumanoscaletaoliviacasogarciamario2026-1.webp\" \/>\n\t<meta property=\"og:image:width\" content=\"728\" \/>\n\t<meta property=\"og:image:height\" content=\"546\" \/>\n\t<meta property=\"og:image:type\" content=\"image\/webp\" \/>\n<meta name=\"author\" content=\"Diario1 Diario1\" \/>\n<meta name=\"twitter:card\" content=\"summary_large_image\" \/>\n<meta name=\"twitter:creator\" content=\"@eltextual\" \/>\n<meta name=\"twitter:site\" content=\"@eltextual\" \/>\n<meta name=\"twitter:label1\" content=\"Escrito por\" \/>\n\t<meta name=\"twitter:data1\" content=\"Diario1 Diario1\" \/>\n\t<meta name=\"twitter:label2\" content=\"Tiempo de lectura\" \/>\n\t<meta name=\"twitter:data2\" content=\"4 minutos\" \/>\n<script type=\"application\/ld+json\" class=\"yoast-schema-graph\">{\"@context\":\"https:\\\/\\\/schema.org\",\"@graph\":[{\"@type\":\"Article\",\"@id\":\"https:\\\/\\\/diariotextual.com\\\/inicio\\\/index.php\\\/2026\\\/03\\\/09\\\/caleta-olivia-los-restos-humanos-hallados-serian-del-pampeano-desaparecido\\\/#article\",\"isPartOf\":{\"@id\":\"https:\\\/\\\/diariotextual.com\\\/inicio\\\/index.php\\\/2026\\\/03\\\/09\\\/caleta-olivia-los-restos-humanos-hallados-serian-del-pampeano-desaparecido\\\/\"},\"author\":{\"name\":\"Diario1 Diario1\",\"@id\":\"https:\\\/\\\/diariotextual.com\\\/inicio\\\/#\\\/schema\\\/person\\\/418fc4093c33e86ed41562db3508f958\"},\"headline\":\"Caleta Olivia: los restos humanos hallados ser\u00edan del pampeano desaparecido\",\"datePublished\":\"2026-03-09T15:29:21+00:00\",\"dateModified\":\"2026-03-10T12:26:33+00:00\",\"mainEntityOfPage\":{\"@id\":\"https:\\\/\\\/diariotextual.com\\\/inicio\\\/index.php\\\/2026\\\/03\\\/09\\\/caleta-olivia-los-restos-humanos-hallados-serian-del-pampeano-desaparecido\\\/\"},\"wordCount\":622,\"publisher\":{\"@id\":\"https:\\\/\\\/diariotextual.com\\\/inicio\\\/#organization\"},\"image\":{\"@id\":\"https:\\\/\\\/diariotextual.com\\\/inicio\\\/index.php\\\/2026\\\/03\\\/09\\\/caleta-olivia-los-restos-humanos-hallados-serian-del-pampeano-desaparecido\\\/#primaryimage\"},\"thumbnailUrl\":\"https:\\\/\\\/diariotextual.com\\\/inicio\\\/wp-content\\\/uploads\\\/2026\\\/01\\\/rastrillajesrestoshumanoscaletaoliviacasogarciamario2026-1.webp\",\"articleSection\":[\"A - ES NOTICIA (van abajo)\",\"SOCIEDAD\"],\"inLanguage\":\"es\"},{\"@type\":\"WebPage\",\"@id\":\"https:\\\/\\\/diariotextual.com\\\/inicio\\\/index.php\\\/2026\\\/03\\\/09\\\/caleta-olivia-los-restos-humanos-hallados-serian-del-pampeano-desaparecido\\\/\",\"url\":\"https:\\\/\\\/diariotextual.com\\\/inicio\\\/index.php\\\/2026\\\/03\\\/09\\\/caleta-olivia-los-restos-humanos-hallados-serian-del-pampeano-desaparecido\\\/\",\"name\":\"Caleta Olivia: los restos humanos hallados ser\u00edan del pampeano desaparecido - Diario Textual\",\"isPartOf\":{\"@id\":\"https:\\\/\\\/diariotextual.com\\\/inicio\\\/#website\"},\"primaryImageOfPage\":{\"@id\":\"https:\\\/\\\/diariotextual.com\\\/inicio\\\/index.php\\\/2026\\\/03\\\/09\\\/caleta-olivia-los-restos-humanos-hallados-serian-del-pampeano-desaparecido\\\/#primaryimage\"},\"image\":{\"@id\":\"https:\\\/\\\/diariotextual.com\\\/inicio\\\/index.php\\\/2026\\\/03\\\/09\\\/caleta-olivia-los-restos-humanos-hallados-serian-del-pampeano-desaparecido\\\/#primaryimage\"},\"thumbnailUrl\":\"https:\\\/\\\/diariotextual.com\\\/inicio\\\/wp-content\\\/uploads\\\/2026\\\/01\\\/rastrillajesrestoshumanoscaletaoliviacasogarciamario2026-1.webp\",\"datePublished\":\"2026-03-09T15:29:21+00:00\",\"dateModified\":\"2026-03-10T12:26:33+00:00\",\"breadcrumb\":{\"@id\":\"https:\\\/\\\/diariotextual.com\\\/inicio\\\/index.php\\\/2026\\\/03\\\/09\\\/caleta-olivia-los-restos-humanos-hallados-serian-del-pampeano-desaparecido\\\/#breadcrumb\"},\"inLanguage\":\"es\",\"potentialAction\":[{\"@type\":\"ReadAction\",\"target\":[\"https:\\\/\\\/diariotextual.com\\\/inicio\\\/index.php\\\/2026\\\/03\\\/09\\\/caleta-olivia-los-restos-humanos-hallados-serian-del-pampeano-desaparecido\\\/\"]}]},{\"@type\":\"ImageObject\",\"inLanguage\":\"es\",\"@id\":\"https:\\\/\\\/diariotextual.com\\\/inicio\\\/index.php\\\/2026\\\/03\\\/09\\\/caleta-olivia-los-restos-humanos-hallados-serian-del-pampeano-desaparecido\\\/#primaryimage\",\"url\":\"https:\\\/\\\/diariotextual.com\\\/inicio\\\/wp-content\\\/uploads\\\/2026\\\/01\\\/rastrillajesrestoshumanoscaletaoliviacasogarciamario2026-1.webp\",\"contentUrl\":\"https:\\\/\\\/diariotextual.com\\\/inicio\\\/wp-content\\\/uploads\\\/2026\\\/01\\\/rastrillajesrestoshumanoscaletaoliviacasogarciamario2026-1.webp\",\"width\":728,\"height\":546},{\"@type\":\"BreadcrumbList\",\"@id\":\"https:\\\/\\\/diariotextual.com\\\/inicio\\\/index.php\\\/2026\\\/03\\\/09\\\/caleta-olivia-los-restos-humanos-hallados-serian-del-pampeano-desaparecido\\\/#breadcrumb\",\"itemListElement\":[{\"@type\":\"ListItem\",\"position\":1,\"name\":\"Portada\",\"item\":\"https:\\\/\\\/diariotextual.com\\\/inicio\\\/\"},{\"@type\":\"ListItem\",\"position\":2,\"name\":\"Caleta Olivia: los restos humanos hallados ser\u00edan del pampeano desaparecido\"}]},{\"@type\":\"WebSite\",\"@id\":\"https:\\\/\\\/diariotextual.com\\\/inicio\\\/#website\",\"url\":\"https:\\\/\\\/diariotextual.com\\\/inicio\\\/\",\"name\":\"Diario Textual\",\"description\":\"\",\"publisher\":{\"@id\":\"https:\\\/\\\/diariotextual.com\\\/inicio\\\/#organization\"},\"potentialAction\":[{\"@type\":\"SearchAction\",\"target\":{\"@type\":\"EntryPoint\",\"urlTemplate\":\"https:\\\/\\\/diariotextual.com\\\/inicio\\\/?s={search_term_string}\"},\"query-input\":{\"@type\":\"PropertyValueSpecification\",\"valueRequired\":true,\"valueName\":\"search_term_string\"}}],\"inLanguage\":\"es\"},{\"@type\":\"Organization\",\"@id\":\"https:\\\/\\\/diariotextual.com\\\/inicio\\\/#organization\",\"name\":\"Diario Textual\",\"url\":\"https:\\\/\\\/diariotextual.com\\\/inicio\\\/\",\"logo\":{\"@type\":\"ImageObject\",\"inLanguage\":\"es\",\"@id\":\"https:\\\/\\\/diariotextual.com\\\/inicio\\\/#\\\/schema\\\/logo\\\/image\\\/\",\"url\":\"https:\\\/\\\/diariotextual.com\\\/inicio\\\/wp-content\\\/uploads\\\/2023\\\/05\\\/logotextual1.jpg\",\"contentUrl\":\"https:\\\/\\\/diariotextual.com\\\/inicio\\\/wp-content\\\/uploads\\\/2023\\\/05\\\/logotextual1.jpg\",\"width\":516,\"height\":76,\"caption\":\"Diario Textual\"},\"image\":{\"@id\":\"https:\\\/\\\/diariotextual.com\\\/inicio\\\/#\\\/schema\\\/logo\\\/image\\\/\"},\"sameAs\":[\"https:\\\/\\\/www.facebook.com\\\/eltextual\",\"https:\\\/\\\/x.com\\\/eltextual\",\"http:\\\/\\\/www.instagram.com\\\/eltextual\"]},{\"@type\":\"Person\",\"@id\":\"https:\\\/\\\/diariotextual.com\\\/inicio\\\/#\\\/schema\\\/person\\\/418fc4093c33e86ed41562db3508f958\",\"name\":\"Diario1 Diario1\",\"image\":{\"@type\":\"ImageObject\",\"inLanguage\":\"es\",\"@id\":\"https:\\\/\\\/secure.gravatar.com\\\/avatar\\\/9167d280179c85bc18be67aa7eda765854300033af4896dd779b608640f2ef7a?s=96&d=mm&r=g\",\"url\":\"https:\\\/\\\/secure.gravatar.com\\\/avatar\\\/9167d280179c85bc18be67aa7eda765854300033af4896dd779b608640f2ef7a?s=96&d=mm&r=g\",\"contentUrl\":\"https:\\\/\\\/secure.gravatar.com\\\/avatar\\\/9167d280179c85bc18be67aa7eda765854300033af4896dd779b608640f2ef7a?s=96&d=mm&r=g\",\"caption\":\"Diario1 Diario1\"},\"url\":\"https:\\\/\\\/diariotextual.com\\\/inicio\\\/index.php\\\/author\\\/diario1\\\/\"}]}<\/script>\n<!-- \/ Yoast SEO plugin. -->","yoast_head_json":{"title":"Caleta Olivia: los restos humanos hallados ser\u00edan del pampeano desaparecido - Diario Textual","robots":{"index":"index","follow":"follow","max-snippet":"max-snippet:-1","max-image-preview":"max-image-preview:large","max-video-preview":"max-video-preview:-1"},"canonical":"https:\/\/diariotextual.com\/inicio\/index.php\/2026\/03\/09\/caleta-olivia-los-restos-humanos-hallados-serian-del-pampeano-desaparecido\/","og_locale":"es_ES","og_type":"article","og_title":"Caleta Olivia: los restos humanos hallados ser\u00edan del pampeano desaparecido - Diario Textual","og_description":"Los restos humanos hallados hace unos d\u00edas en diferentes lugares de Caleta Olivia pertenecer\u00edan a Mario C\u00e9sar Garc\u00eda, el pampeano cuyo paradero es un misterio desde el 8 de diciembre.&hellip;","og_url":"https:\/\/diariotextual.com\/inicio\/index.php\/2026\/03\/09\/caleta-olivia-los-restos-humanos-hallados-serian-del-pampeano-desaparecido\/","og_site_name":"Diario Textual","article_publisher":"https:\/\/www.facebook.com\/eltextual","article_published_time":"2026-03-09T15:29:21+00:00","article_modified_time":"2026-03-10T12:26:33+00:00","og_image":[{"width":728,"height":546,"url":"https:\/\/diariotextual.com\/inicio\/wp-content\/uploads\/2026\/01\/rastrillajesrestoshumanoscaletaoliviacasogarciamario2026-1.webp","type":"image\/webp"}],"author":"Diario1 Diario1","twitter_card":"summary_large_image","twitter_creator":"@eltextual","twitter_site":"@eltextual","twitter_misc":{"Escrito por":"Diario1 Diario1","Tiempo de lectura":"4 minutos"},"schema":{"@context":"https:\/\/schema.org","@graph":[{"@type":"Article","@id":"https:\/\/diariotextual.com\/inicio\/index.php\/2026\/03\/09\/caleta-olivia-los-restos-humanos-hallados-serian-del-pampeano-desaparecido\/#article","isPartOf":{"@id":"https:\/\/diariotextual.com\/inicio\/index.php\/2026\/03\/09\/caleta-olivia-los-restos-humanos-hallados-serian-del-pampeano-desaparecido\/"},"author":{"name":"Diario1 Diario1","@id":"https:\/\/diariotextual.com\/inicio\/#\/schema\/person\/418fc4093c33e86ed41562db3508f958"},"headline":"Caleta Olivia: los restos humanos hallados ser\u00edan del pampeano desaparecido","datePublished":"2026-03-09T15:29:21+00:00","dateModified":"2026-03-10T12:26:33+00:00","mainEntityOfPage":{"@id":"https:\/\/diariotextual.com\/inicio\/index.php\/2026\/03\/09\/caleta-olivia-los-restos-humanos-hallados-serian-del-pampeano-desaparecido\/"},"wordCount":622,"publisher":{"@id":"https:\/\/diariotextual.com\/inicio\/#organization"},"image":{"@id":"https:\/\/diariotextual.com\/inicio\/index.php\/2026\/03\/09\/caleta-olivia-los-restos-humanos-hallados-serian-del-pampeano-desaparecido\/#primaryimage"},"thumbnailUrl":"https:\/\/diariotextual.com\/inicio\/wp-content\/uploads\/2026\/01\/rastrillajesrestoshumanoscaletaoliviacasogarciamario2026-1.webp","articleSection":["A - ES NOTICIA (van abajo)","SOCIEDAD"],"inLanguage":"es"},{"@type":"WebPage","@id":"https:\/\/diariotextual.com\/inicio\/index.php\/2026\/03\/09\/caleta-olivia-los-restos-humanos-hallados-serian-del-pampeano-desaparecido\/","url":"https:\/\/diariotextual.com\/inicio\/index.php\/2026\/03\/09\/caleta-olivia-los-restos-humanos-hallados-serian-del-pampeano-desaparecido\/","name":"Caleta Olivia: los restos humanos hallados ser\u00edan del pampeano desaparecido - Diario Textual","isPartOf":{"@id":"https:\/\/diariotextual.com\/inicio\/#website"},"primaryImageOfPage":{"@id":"https:\/\/diariotextual.com\/inicio\/index.php\/2026\/03\/09\/caleta-olivia-los-restos-humanos-hallados-serian-del-pampeano-desaparecido\/#primaryimage"},"image":{"@id":"https:\/\/diariotextual.com\/inicio\/index.php\/2026\/03\/09\/caleta-olivia-los-restos-humanos-hallados-serian-del-pampeano-desaparecido\/#primaryimage"},"thumbnailUrl":"https:\/\/diariotextual.com\/inicio\/wp-content\/uploads\/2026\/01\/rastrillajesrestoshumanoscaletaoliviacasogarciamario2026-1.webp","datePublished":"2026-03-09T15:29:21+00:00","dateModified":"2026-03-10T12:26:33+00:00","breadcrumb":{"@id":"https:\/\/diariotextual.com\/inicio\/index.php\/2026\/03\/09\/caleta-olivia-los-restos-humanos-hallados-serian-del-pampeano-desaparecido\/#breadcrumb"},"inLanguage":"es","potentialAction":[{"@type":"ReadAction","target":["https:\/\/diariotextual.com\/inicio\/index.php\/2026\/03\/09\/caleta-olivia-los-restos-humanos-hallados-serian-del-pampeano-desaparecido\/"]}]},{"@type":"ImageObject","inLanguage":"es","@id":"https:\/\/diariotextual.com\/inicio\/index.php\/2026\/03\/09\/caleta-olivia-los-restos-humanos-hallados-serian-del-pampeano-desaparecido\/#primaryimage","url":"https:\/\/diariotextual.com\/inicio\/wp-content\/uploads\/2026\/01\/rastrillajesrestoshumanoscaletaoliviacasogarciamario2026-1.webp","contentUrl":"https:\/\/diariotextual.com\/inicio\/wp-content\/uploads\/2026\/01\/rastrillajesrestoshumanoscaletaoliviacasogarciamario2026-1.webp","width":728,"height":546},{"@type":"BreadcrumbList","@id":"https:\/\/diariotextual.com\/inicio\/index.php\/2026\/03\/09\/caleta-olivia-los-restos-humanos-hallados-serian-del-pampeano-desaparecido\/#breadcrumb","itemListElement":[{"@type":"ListItem","position":1,"name":"Portada","item":"https:\/\/diariotextual.com\/inicio\/"},{"@type":"ListItem","position":2,"name":"Caleta Olivia: los restos humanos hallados ser\u00edan del pampeano desaparecido"}]},{"@type":"WebSite","@id":"https:\/\/diariotextual.com\/inicio\/#website","url":"https:\/\/diariotextual.com\/inicio\/","name":"Diario Textual","description":"","publisher":{"@id":"https:\/\/diariotextual.com\/inicio\/#organization"},"potentialAction":[{"@type":"SearchAction","target":{"@type":"EntryPoint","urlTemplate":"https:\/\/diariotextual.com\/inicio\/?s={search_term_string}"},"query-input":{"@type":"PropertyValueSpecification","valueRequired":true,"valueName":"search_term_string"}}],"inLanguage":"es"},{"@type":"Organization","@id":"https:\/\/diariotextual.com\/inicio\/#organization","name":"Diario Textual","url":"https:\/\/diariotextual.com\/inicio\/","logo":{"@type":"ImageObject","inLanguage":"es","@id":"https:\/\/diariotextual.com\/inicio\/#\/schema\/logo\/image\/","url":"https:\/\/diariotextual.com\/inicio\/wp-content\/uploads\/2023\/05\/logotextual1.jpg","contentUrl":"https:\/\/diariotextual.com\/inicio\/wp-content\/uploads\/2023\/05\/logotextual1.jpg","width":516,"height":76,"caption":"Diario Textual"},"image":{"@id":"https:\/\/diariotextual.com\/inicio\/#\/schema\/logo\/image\/"},"sameAs":["https:\/\/www.facebook.com\/eltextual","https:\/\/x.com\/eltextual","http:\/\/www.instagram.com\/eltextual"]},{"@type":"Person","@id":"https:\/\/diariotextual.com\/inicio\/#\/schema\/person\/418fc4093c33e86ed41562db3508f958","name":"Diario1 Diario1","image":{"@type":"ImageObject","inLanguage":"es","@id":"https:\/\/secure.gravatar.com\/avatar\/9167d280179c85bc18be67aa7eda765854300033af4896dd779b608640f2ef7a?s=96&d=mm&r=g","url":"https:\/\/secure.gravatar.com\/avatar\/9167d280179c85bc18be67aa7eda765854300033af4896dd779b608640f2ef7a?s=96&d=mm&r=g","contentUrl":"https:\/\/secure.gravatar.com\/avatar\/9167d280179c85bc18be67aa7eda765854300033af4896dd779b608640f2ef7a?s=96&d=mm&r=g","caption":"Diario1 Diario1"},"url":"https:\/\/diariotextual.com\/inicio\/index.php\/author\/diario1\/"}]}},"_links":{"self":[{"href":"https:\/\/diariotextual.com\/inicio\/index.php\/wp-json\/wp\/v2\/posts\/321774","targetHints":{"allow":["GET"]}}],"collection":[{"href":"https:\/\/diariotextual.com\/inicio\/index.php\/wp-json\/wp\/v2\/posts"}],"about":[{"href":"https:\/\/diariotextual.com\/inicio\/index.php\/wp-json\/wp\/v2\/types\/post"}],"author":[{"embeddable":true,"href":"https:\/\/diariotextual.com\/inicio\/index.php\/wp-json\/wp\/v2\/users\/3"}],"replies":[{"embeddable":true,"href":"https:\/\/diariotextual.com\/inicio\/index.php\/wp-json\/wp\/v2\/comments?post=321774"}],"version-history":[{"count":1,"href":"https:\/\/diariotextual.com\/inicio\/index.php\/wp-json\/wp\/v2\/posts\/321774\/revisions"}],"predecessor-version":[{"id":321775,"href":"https:\/\/diariotextual.com\/inicio\/index.php\/wp-json\/wp\/v2\/posts\/321774\/revisions\/321775"}],"wp:featuredmedia":[{"embeddable":true,"href":"https:\/\/diariotextual.com\/inicio\/index.php\/wp-json\/wp\/v2\/media\/318299"}],"wp:attachment":[{"href":"https:\/\/diariotextual.com\/inicio\/index.php\/wp-json\/wp\/v2\/media?parent=321774"}],"wp:term":[{"taxonomy":"category","embeddable":true,"href":"https:\/\/diariotextual.com\/inicio\/index.php\/wp-json\/wp\/v2\/categories?post=321774"},{"taxonomy":"post_tag","embeddable":true,"href":"https:\/\/diariotextual.com\/inicio\/index.php\/wp-json\/wp\/v2\/tags?post=321774"}],"curies":[{"name":"wp","href":"https:\/\/api.w.org\/{rel}","templated":true}]}}