{"id":321776,"date":"2026-03-09T13:09:28","date_gmt":"2026-03-09T16:09:28","guid":{"rendered":"https:\/\/diariotextual.com\/inicio\/?p=321776"},"modified":"2026-03-10T07:33:01","modified_gmt":"2026-03-10T10:33:01","slug":"cumplir-el-sueno-de-la-infancia-la-historia-de-la-primera-brigadista-operativa-pampeana","status":"publish","type":"post","link":"https:\/\/diariotextual.com\/inicio\/index.php\/2026\/03\/09\/cumplir-el-sueno-de-la-infancia-la-historia-de-la-primera-brigadista-operativa-pampeana\/","title":{"rendered":"Cumplir el sue\u00f1o de la infancia: la historia de la primera brigadista operativa pampeana"},"content":{"rendered":"\n<p><strong>Micaela Mosiejchuk<\/strong> marc\u00f3 un antecedente en la provincia: es la <strong>primera mujer brigadista operativa del sistema de incendios forestales de La Pampa<\/strong> y la <strong>segunda en integrar formalmente el cuerpo de brigadistas de Defensa Civil<\/strong>.<\/p>\n\n\n\n<p>Ingres\u00f3 a la <strong>Direcci\u00f3n General de Defensa Civil<\/strong> en <strong>noviembre de 2025<\/strong> y ya particip\u00f3 de su <strong>primera temporada de incendios<\/strong>. Tambi\u00e9n intervino en el operativo desplegado durante el <strong>fuerte temporal que afect\u00f3 a Santa Rosa el 18 de febrero<\/strong>.<\/p>\n\n\n\n<p>Actualmente cumple guardia en la <strong>Base Operativa Transitoria de Cuchillo C\u00f3<\/strong>, donde integra las tareas de <strong>prevenci\u00f3n y respuesta ante emergencias<\/strong>.<\/p>\n\n\n\n<p>Para Mosiejchuk, formar parte del sistema representa un logro personal y tambi\u00e9n simb\u00f3lico. \u201cPara m\u00ed esto es un <strong>orgullo enorme<\/strong>. Ser la <strong>primera mujer brigadista operativa de incendios forestales<\/strong> en la provincia donde nac\u00ed y crec\u00ed significa much\u00edsimo, tanto a nivel personal como por todo lo que representa\u201d, expres\u00f3 a la Agencia Provincial de Noticias.<\/p>\n\n\n\n<div style=\"height:100px\" aria-hidden=\"true\" class=\"wp-block-spacer\"><\/div>\n\n\n\n<p><strong>Vocaci\u00f3n desde la infancia<\/strong><\/p>\n\n\n\n<p>El v\u00ednculo de Mosiejchuk con el manejo del fuego comenz\u00f3 mucho antes de su ingreso formal a <strong>Defensa Civil<\/strong> y estuvo marcado por la historia familiar. \u201cMi pap\u00e1 trabaj\u00f3 m\u00e1s de <strong>20 a\u00f1os en incendios forestales<\/strong> y fue coordinador del <strong>Servicio Nacional de Manejo del Fuego<\/strong>. Daba cursos y capacitaciones, y desde chica me llevaba a los cuarteles. Crec\u00ed viendo ese trabajo y siempre supe que quer\u00eda estar ac\u00e1\u201d, record\u00f3 en declaraciones a la <strong>Agencia Provincial de Noticias<\/strong>.<\/p>\n\n\n\n<p>Su camino hacia la brigada fue extenso. Inici\u00f3 el <strong>curso de brigadista en 2019<\/strong> y volvi\u00f3 a intentarlo en cada convocatoria. En paralelo continu\u00f3 con su formaci\u00f3n de manera independiente, con <strong>capacitaciones certificadas por la National Wildfire Coordinating Group de Estados Unidos<\/strong>.<\/p>\n\n\n\n<p>Tambi\u00e9n sum\u00f3 experiencia durante <strong>un a\u00f1o como aspirante en el cuartel de Bomberos Voluntarios de Toay<\/strong>.<\/p>\n\n\n\n<p>\u201cHaber ingresado <strong>seis a\u00f1os despu\u00e9s<\/strong> demuestra constancia y perseverancia. Siempre tuve claro que quer\u00eda formar parte de este equipo\u201d, afirm\u00f3.<\/p>\n\n\n\n<div style=\"height:100px\" aria-hidden=\"true\" class=\"wp-block-spacer\"><\/div>\n\n\n\n<p><strong>Primera temporada en la brigada<\/strong><\/p>\n\n\n\n<p>Durante su <strong>primera temporada operativa<\/strong>, Mosiejchuk destac\u00f3 el aprendizaje junto a brigadistas con a\u00f1os de experiencia y el valor del <strong>trabajo en equipo<\/strong>.<\/p>\n\n\n\n<p>\u201cDesde el primer momento encontr\u00e9 un equipo con mucha experiencia. En una brigada nadie trabaja solo: <strong>dependemos unos de otros para cuidarnos y trabajar de manera segura<\/strong>\u201d, explic\u00f3.<\/p>\n\n\n\n<p>La brigadista se\u00f1al\u00f3 que una de las principales ense\u00f1anzas fue comprender la importancia de la <strong>coordinaci\u00f3n y la toma de decisiones en situaciones de emergencia<\/strong>. \u201cCada intervenci\u00f3n implica responsabilidad. Aprend\u00ed a escuchar a quienes tienen m\u00e1s experiencia y a entender que <strong>cada decisi\u00f3n en una emergencia cuenta<\/strong>\u201d, sostuvo.<\/p>\n\n\n\n<div style=\"height:100px\" aria-hidden=\"true\" class=\"wp-block-spacer\"><\/div>\n\n\n\n<p><strong>M\u00e1s all\u00e1 de los incendios<\/strong><\/p>\n\n\n\n<p>Una de las experiencias que m\u00e1s la marc\u00f3 ocurri\u00f3 durante el <strong>temporal de lluvia y viento que afect\u00f3 a Santa Rosa<\/strong>, cuando las brigadas participaron en tareas para <strong>despejar calles y retirar \u00e1rboles ca\u00eddos<\/strong>.<\/p>\n\n\n\n<p>\u201cEl viento fue muy fuerte y gener\u00f3 situaciones de riesgo en distintos lugares. Fue un trabajo intenso, pero tambi\u00e9n un momento en el que se vio con claridad el <strong>trabajo en equipo<\/strong>. Cada uno sab\u00eda qu\u00e9 ten\u00eda que hacer y todos est\u00e1bamos enfocados en lo mismo: <strong>prevenir riesgos y ayudar<\/strong>\u201d, relat\u00f3.<\/p>\n\n\n\n<p>Para Mosiejchuk, esa intervenci\u00f3n refleja el verdadero alcance de la tarea brigadista. \u201cNo es solamente <strong>combatir incendios forestales<\/strong>. Tambi\u00e9n es estar presentes cuando la comunidad lo necesita, ante cualquier emergencia\u201d, se\u00f1al\u00f3.<\/p>\n\n\n\n<div style=\"height:100px\" aria-hidden=\"true\" class=\"wp-block-spacer\"><\/div>\n\n\n\n<p><strong>Un mensaje en el D\u00eda de la Mujer<\/strong><\/p>\n\n\n\n<p>En el marco del <strong>D\u00eda Internacional de la Mujer<\/strong>, Mosiejchuk tambi\u00e9n dej\u00f3 un mensaje para quienes buscan desarrollarse en \u00e1mbitos hist\u00f3ricamente masculinizados. \u201cLes dir\u00eda que <strong>se animen<\/strong>. Durante mucho tiempo se pens\u00f3 que ciertos trabajos eran solo para hombres, pero hoy sabemos que las mujeres tambi\u00e9n tenemos la <strong>capacidad, la preparaci\u00f3n y la vocaci\u00f3n<\/strong> para desempe\u00f1arnos en estos espacios\u201d, expres\u00f3.<\/p>\n\n\n\n<p>Para la brigadista, integrar el <strong>Sistema Provincial de Manejo del Fuego<\/strong> representa una oportunidad de <strong>crecimiento profesional y servicio a la comunidad<\/strong>.<\/p>\n\n\n\n<p>\u201cSer brigadista es un trabajo exigente, pero tambi\u00e9n muy gratificante. En mi caso es un orgullo formar parte de la brigada y ojal\u00e1 esto sirva para que <strong>otras mujeres se animen a formarse y seguir este camino si sienten la vocaci\u00f3n<\/strong>\u201d, concluy\u00f3.<\/p>\n\n\n\n<p><\/p>\n","protected":false},"excerpt":{"rendered":"<p>Micaela Mosiejchuk marc\u00f3 un antecedente en la provincia: es la primera mujer brigadista operativa del sistema de incendios forestales de La Pampa y la segunda en integrar formalmente el cuerpo&hellip;<\/p>\n","protected":false},"author":3,"featured_media":321778,"comment_status":"closed","ping_status":"open","sticky":false,"template":"","format":"standard","meta":{"_acf_changed":false,"footnotes":""},"categories":[1,11,12],"tags":[],"class_list":["post-321776","post","type-post","status-publish","format-standard","has-post-thumbnail","hentry","category-es-noticia","category-que-pasa","category-sociedad"],"acf":[],"yoast_head":"<!-- This site is optimized with the Yoast SEO plugin v27.5 - https:\/\/yoast.com\/product\/yoast-seo-wordpress\/ -->\n<title>Cumplir el sue\u00f1o de la infancia: la historia de la primera brigadista operativa pampeana - Diario Textual<\/title>\n<meta name=\"robots\" content=\"index, follow, max-snippet:-1, max-image-preview:large, max-video-preview:-1\" \/>\n<link rel=\"canonical\" href=\"https:\/\/diariotextual.com\/inicio\/index.php\/2026\/03\/09\/cumplir-el-sueno-de-la-infancia-la-historia-de-la-primera-brigadista-operativa-pampeana\/\" \/>\n<meta property=\"og:locale\" content=\"es_ES\" \/>\n<meta property=\"og:type\" content=\"article\" \/>\n<meta property=\"og:title\" content=\"Cumplir el sue\u00f1o de la infancia: la historia de la primera brigadista operativa pampeana - Diario Textual\" \/>\n<meta property=\"og:description\" content=\"Micaela Mosiejchuk marc\u00f3 un antecedente en la provincia: es la primera mujer brigadista operativa del sistema de incendios forestales de La Pampa y la segunda en integrar formalmente el cuerpo&hellip;\" \/>\n<meta property=\"og:url\" content=\"https:\/\/diariotextual.com\/inicio\/index.php\/2026\/03\/09\/cumplir-el-sueno-de-la-infancia-la-historia-de-la-primera-brigadista-operativa-pampeana\/\" \/>\n<meta property=\"og:site_name\" content=\"Diario Textual\" \/>\n<meta property=\"article:publisher\" content=\"https:\/\/www.facebook.com\/eltextual\" \/>\n<meta property=\"article:published_time\" content=\"2026-03-09T16:09:28+00:00\" \/>\n<meta property=\"article:modified_time\" content=\"2026-03-10T10:33:01+00:00\" \/>\n<meta property=\"og:image\" content=\"https:\/\/diariotextual.com\/inicio\/wp-content\/uploads\/2026\/03\/mosiejchukmicaelabrigadista2026-10.jpg\" \/>\n\t<meta property=\"og:image:width\" content=\"1200\" \/>\n\t<meta property=\"og:image:height\" content=\"844\" \/>\n\t<meta property=\"og:image:type\" content=\"image\/jpeg\" \/>\n<meta name=\"author\" content=\"Diario1 Diario1\" \/>\n<meta name=\"twitter:card\" content=\"summary_large_image\" \/>\n<meta name=\"twitter:creator\" content=\"@eltextual\" \/>\n<meta name=\"twitter:site\" content=\"@eltextual\" \/>\n<meta name=\"twitter:label1\" content=\"Escrito por\" \/>\n\t<meta name=\"twitter:data1\" content=\"Diario1 Diario1\" \/>\n\t<meta name=\"twitter:label2\" content=\"Tiempo de lectura\" \/>\n\t<meta name=\"twitter:data2\" content=\"4 minutos\" \/>\n<script type=\"application\/ld+json\" class=\"yoast-schema-graph\">{\"@context\":\"https:\\\/\\\/schema.org\",\"@graph\":[{\"@type\":\"Article\",\"@id\":\"https:\\\/\\\/diariotextual.com\\\/inicio\\\/index.php\\\/2026\\\/03\\\/09\\\/cumplir-el-sueno-de-la-infancia-la-historia-de-la-primera-brigadista-operativa-pampeana\\\/#article\",\"isPartOf\":{\"@id\":\"https:\\\/\\\/diariotextual.com\\\/inicio\\\/index.php\\\/2026\\\/03\\\/09\\\/cumplir-el-sueno-de-la-infancia-la-historia-de-la-primera-brigadista-operativa-pampeana\\\/\"},\"author\":{\"name\":\"Diario1 Diario1\",\"@id\":\"https:\\\/\\\/diariotextual.com\\\/inicio\\\/#\\\/schema\\\/person\\\/418fc4093c33e86ed41562db3508f958\"},\"headline\":\"Cumplir el sue\u00f1o de la infancia: la historia de la primera brigadista operativa pampeana\",\"datePublished\":\"2026-03-09T16:09:28+00:00\",\"dateModified\":\"2026-03-10T10:33:01+00:00\",\"mainEntityOfPage\":{\"@id\":\"https:\\\/\\\/diariotextual.com\\\/inicio\\\/index.php\\\/2026\\\/03\\\/09\\\/cumplir-el-sueno-de-la-infancia-la-historia-de-la-primera-brigadista-operativa-pampeana\\\/\"},\"wordCount\":724,\"publisher\":{\"@id\":\"https:\\\/\\\/diariotextual.com\\\/inicio\\\/#organization\"},\"image\":{\"@id\":\"https:\\\/\\\/diariotextual.com\\\/inicio\\\/index.php\\\/2026\\\/03\\\/09\\\/cumplir-el-sueno-de-la-infancia-la-historia-de-la-primera-brigadista-operativa-pampeana\\\/#primaryimage\"},\"thumbnailUrl\":\"https:\\\/\\\/diariotextual.com\\\/inicio\\\/wp-content\\\/uploads\\\/2026\\\/03\\\/mosiejchukmicaelabrigadista2026-10.jpg\",\"articleSection\":[\"A - ES NOTICIA (van abajo)\",\"A - QUE PASA (al costado)\",\"SOCIEDAD\"],\"inLanguage\":\"es\"},{\"@type\":\"WebPage\",\"@id\":\"https:\\\/\\\/diariotextual.com\\\/inicio\\\/index.php\\\/2026\\\/03\\\/09\\\/cumplir-el-sueno-de-la-infancia-la-historia-de-la-primera-brigadista-operativa-pampeana\\\/\",\"url\":\"https:\\\/\\\/diariotextual.com\\\/inicio\\\/index.php\\\/2026\\\/03\\\/09\\\/cumplir-el-sueno-de-la-infancia-la-historia-de-la-primera-brigadista-operativa-pampeana\\\/\",\"name\":\"Cumplir el sue\u00f1o de la infancia: la historia de la primera brigadista operativa pampeana - Diario Textual\",\"isPartOf\":{\"@id\":\"https:\\\/\\\/diariotextual.com\\\/inicio\\\/#website\"},\"primaryImageOfPage\":{\"@id\":\"https:\\\/\\\/diariotextual.com\\\/inicio\\\/index.php\\\/2026\\\/03\\\/09\\\/cumplir-el-sueno-de-la-infancia-la-historia-de-la-primera-brigadista-operativa-pampeana\\\/#primaryimage\"},\"image\":{\"@id\":\"https:\\\/\\\/diariotextual.com\\\/inicio\\\/index.php\\\/2026\\\/03\\\/09\\\/cumplir-el-sueno-de-la-infancia-la-historia-de-la-primera-brigadista-operativa-pampeana\\\/#primaryimage\"},\"thumbnailUrl\":\"https:\\\/\\\/diariotextual.com\\\/inicio\\\/wp-content\\\/uploads\\\/2026\\\/03\\\/mosiejchukmicaelabrigadista2026-10.jpg\",\"datePublished\":\"2026-03-09T16:09:28+00:00\",\"dateModified\":\"2026-03-10T10:33:01+00:00\",\"breadcrumb\":{\"@id\":\"https:\\\/\\\/diariotextual.com\\\/inicio\\\/index.php\\\/2026\\\/03\\\/09\\\/cumplir-el-sueno-de-la-infancia-la-historia-de-la-primera-brigadista-operativa-pampeana\\\/#breadcrumb\"},\"inLanguage\":\"es\",\"potentialAction\":[{\"@type\":\"ReadAction\",\"target\":[\"https:\\\/\\\/diariotextual.com\\\/inicio\\\/index.php\\\/2026\\\/03\\\/09\\\/cumplir-el-sueno-de-la-infancia-la-historia-de-la-primera-brigadista-operativa-pampeana\\\/\"]}]},{\"@type\":\"ImageObject\",\"inLanguage\":\"es\",\"@id\":\"https:\\\/\\\/diariotextual.com\\\/inicio\\\/index.php\\\/2026\\\/03\\\/09\\\/cumplir-el-sueno-de-la-infancia-la-historia-de-la-primera-brigadista-operativa-pampeana\\\/#primaryimage\",\"url\":\"https:\\\/\\\/diariotextual.com\\\/inicio\\\/wp-content\\\/uploads\\\/2026\\\/03\\\/mosiejchukmicaelabrigadista2026-10.jpg\",\"contentUrl\":\"https:\\\/\\\/diariotextual.com\\\/inicio\\\/wp-content\\\/uploads\\\/2026\\\/03\\\/mosiejchukmicaelabrigadista2026-10.jpg\",\"width\":1200,\"height\":844},{\"@type\":\"BreadcrumbList\",\"@id\":\"https:\\\/\\\/diariotextual.com\\\/inicio\\\/index.php\\\/2026\\\/03\\\/09\\\/cumplir-el-sueno-de-la-infancia-la-historia-de-la-primera-brigadista-operativa-pampeana\\\/#breadcrumb\",\"itemListElement\":[{\"@type\":\"ListItem\",\"position\":1,\"name\":\"Portada\",\"item\":\"https:\\\/\\\/diariotextual.com\\\/inicio\\\/\"},{\"@type\":\"ListItem\",\"position\":2,\"name\":\"Cumplir el sue\u00f1o de la infancia: la historia de la primera brigadista operativa pampeana\"}]},{\"@type\":\"WebSite\",\"@id\":\"https:\\\/\\\/diariotextual.com\\\/inicio\\\/#website\",\"url\":\"https:\\\/\\\/diariotextual.com\\\/inicio\\\/\",\"name\":\"Diario Textual\",\"description\":\"\",\"publisher\":{\"@id\":\"https:\\\/\\\/diariotextual.com\\\/inicio\\\/#organization\"},\"potentialAction\":[{\"@type\":\"SearchAction\",\"target\":{\"@type\":\"EntryPoint\",\"urlTemplate\":\"https:\\\/\\\/diariotextual.com\\\/inicio\\\/?s={search_term_string}\"},\"query-input\":{\"@type\":\"PropertyValueSpecification\",\"valueRequired\":true,\"valueName\":\"search_term_string\"}}],\"inLanguage\":\"es\"},{\"@type\":\"Organization\",\"@id\":\"https:\\\/\\\/diariotextual.com\\\/inicio\\\/#organization\",\"name\":\"Diario Textual\",\"url\":\"https:\\\/\\\/diariotextual.com\\\/inicio\\\/\",\"logo\":{\"@type\":\"ImageObject\",\"inLanguage\":\"es\",\"@id\":\"https:\\\/\\\/diariotextual.com\\\/inicio\\\/#\\\/schema\\\/logo\\\/image\\\/\",\"url\":\"https:\\\/\\\/diariotextual.com\\\/inicio\\\/wp-content\\\/uploads\\\/2023\\\/05\\\/logotextual1.jpg\",\"contentUrl\":\"https:\\\/\\\/diariotextual.com\\\/inicio\\\/wp-content\\\/uploads\\\/2023\\\/05\\\/logotextual1.jpg\",\"width\":516,\"height\":76,\"caption\":\"Diario Textual\"},\"image\":{\"@id\":\"https:\\\/\\\/diariotextual.com\\\/inicio\\\/#\\\/schema\\\/logo\\\/image\\\/\"},\"sameAs\":[\"https:\\\/\\\/www.facebook.com\\\/eltextual\",\"https:\\\/\\\/x.com\\\/eltextual\",\"http:\\\/\\\/www.instagram.com\\\/eltextual\"]},{\"@type\":\"Person\",\"@id\":\"https:\\\/\\\/diariotextual.com\\\/inicio\\\/#\\\/schema\\\/person\\\/418fc4093c33e86ed41562db3508f958\",\"name\":\"Diario1 Diario1\",\"image\":{\"@type\":\"ImageObject\",\"inLanguage\":\"es\",\"@id\":\"https:\\\/\\\/secure.gravatar.com\\\/avatar\\\/9167d280179c85bc18be67aa7eda765854300033af4896dd779b608640f2ef7a?s=96&d=mm&r=g\",\"url\":\"https:\\\/\\\/secure.gravatar.com\\\/avatar\\\/9167d280179c85bc18be67aa7eda765854300033af4896dd779b608640f2ef7a?s=96&d=mm&r=g\",\"contentUrl\":\"https:\\\/\\\/secure.gravatar.com\\\/avatar\\\/9167d280179c85bc18be67aa7eda765854300033af4896dd779b608640f2ef7a?s=96&d=mm&r=g\",\"caption\":\"Diario1 Diario1\"},\"url\":\"https:\\\/\\\/diariotextual.com\\\/inicio\\\/index.php\\\/author\\\/diario1\\\/\"}]}<\/script>\n<!-- \/ Yoast SEO plugin. -->","yoast_head_json":{"title":"Cumplir el sue\u00f1o de la infancia: la historia de la primera brigadista operativa pampeana - Diario Textual","robots":{"index":"index","follow":"follow","max-snippet":"max-snippet:-1","max-image-preview":"max-image-preview:large","max-video-preview":"max-video-preview:-1"},"canonical":"https:\/\/diariotextual.com\/inicio\/index.php\/2026\/03\/09\/cumplir-el-sueno-de-la-infancia-la-historia-de-la-primera-brigadista-operativa-pampeana\/","og_locale":"es_ES","og_type":"article","og_title":"Cumplir el sue\u00f1o de la infancia: la historia de la primera brigadista operativa pampeana - Diario Textual","og_description":"Micaela Mosiejchuk marc\u00f3 un antecedente en la provincia: es la primera mujer brigadista operativa del sistema de incendios forestales de La Pampa y la segunda en integrar formalmente el cuerpo&hellip;","og_url":"https:\/\/diariotextual.com\/inicio\/index.php\/2026\/03\/09\/cumplir-el-sueno-de-la-infancia-la-historia-de-la-primera-brigadista-operativa-pampeana\/","og_site_name":"Diario Textual","article_publisher":"https:\/\/www.facebook.com\/eltextual","article_published_time":"2026-03-09T16:09:28+00:00","article_modified_time":"2026-03-10T10:33:01+00:00","og_image":[{"width":1200,"height":844,"url":"https:\/\/diariotextual.com\/inicio\/wp-content\/uploads\/2026\/03\/mosiejchukmicaelabrigadista2026-10.jpg","type":"image\/jpeg"}],"author":"Diario1 Diario1","twitter_card":"summary_large_image","twitter_creator":"@eltextual","twitter_site":"@eltextual","twitter_misc":{"Escrito por":"Diario1 Diario1","Tiempo de lectura":"4 minutos"},"schema":{"@context":"https:\/\/schema.org","@graph":[{"@type":"Article","@id":"https:\/\/diariotextual.com\/inicio\/index.php\/2026\/03\/09\/cumplir-el-sueno-de-la-infancia-la-historia-de-la-primera-brigadista-operativa-pampeana\/#article","isPartOf":{"@id":"https:\/\/diariotextual.com\/inicio\/index.php\/2026\/03\/09\/cumplir-el-sueno-de-la-infancia-la-historia-de-la-primera-brigadista-operativa-pampeana\/"},"author":{"name":"Diario1 Diario1","@id":"https:\/\/diariotextual.com\/inicio\/#\/schema\/person\/418fc4093c33e86ed41562db3508f958"},"headline":"Cumplir el sue\u00f1o de la infancia: la historia de la primera brigadista operativa pampeana","datePublished":"2026-03-09T16:09:28+00:00","dateModified":"2026-03-10T10:33:01+00:00","mainEntityOfPage":{"@id":"https:\/\/diariotextual.com\/inicio\/index.php\/2026\/03\/09\/cumplir-el-sueno-de-la-infancia-la-historia-de-la-primera-brigadista-operativa-pampeana\/"},"wordCount":724,"publisher":{"@id":"https:\/\/diariotextual.com\/inicio\/#organization"},"image":{"@id":"https:\/\/diariotextual.com\/inicio\/index.php\/2026\/03\/09\/cumplir-el-sueno-de-la-infancia-la-historia-de-la-primera-brigadista-operativa-pampeana\/#primaryimage"},"thumbnailUrl":"https:\/\/diariotextual.com\/inicio\/wp-content\/uploads\/2026\/03\/mosiejchukmicaelabrigadista2026-10.jpg","articleSection":["A - ES NOTICIA (van abajo)","A - QUE PASA (al costado)","SOCIEDAD"],"inLanguage":"es"},{"@type":"WebPage","@id":"https:\/\/diariotextual.com\/inicio\/index.php\/2026\/03\/09\/cumplir-el-sueno-de-la-infancia-la-historia-de-la-primera-brigadista-operativa-pampeana\/","url":"https:\/\/diariotextual.com\/inicio\/index.php\/2026\/03\/09\/cumplir-el-sueno-de-la-infancia-la-historia-de-la-primera-brigadista-operativa-pampeana\/","name":"Cumplir el sue\u00f1o de la infancia: la historia de la primera brigadista operativa pampeana - Diario Textual","isPartOf":{"@id":"https:\/\/diariotextual.com\/inicio\/#website"},"primaryImageOfPage":{"@id":"https:\/\/diariotextual.com\/inicio\/index.php\/2026\/03\/09\/cumplir-el-sueno-de-la-infancia-la-historia-de-la-primera-brigadista-operativa-pampeana\/#primaryimage"},"image":{"@id":"https:\/\/diariotextual.com\/inicio\/index.php\/2026\/03\/09\/cumplir-el-sueno-de-la-infancia-la-historia-de-la-primera-brigadista-operativa-pampeana\/#primaryimage"},"thumbnailUrl":"https:\/\/diariotextual.com\/inicio\/wp-content\/uploads\/2026\/03\/mosiejchukmicaelabrigadista2026-10.jpg","datePublished":"2026-03-09T16:09:28+00:00","dateModified":"2026-03-10T10:33:01+00:00","breadcrumb":{"@id":"https:\/\/diariotextual.com\/inicio\/index.php\/2026\/03\/09\/cumplir-el-sueno-de-la-infancia-la-historia-de-la-primera-brigadista-operativa-pampeana\/#breadcrumb"},"inLanguage":"es","potentialAction":[{"@type":"ReadAction","target":["https:\/\/diariotextual.com\/inicio\/index.php\/2026\/03\/09\/cumplir-el-sueno-de-la-infancia-la-historia-de-la-primera-brigadista-operativa-pampeana\/"]}]},{"@type":"ImageObject","inLanguage":"es","@id":"https:\/\/diariotextual.com\/inicio\/index.php\/2026\/03\/09\/cumplir-el-sueno-de-la-infancia-la-historia-de-la-primera-brigadista-operativa-pampeana\/#primaryimage","url":"https:\/\/diariotextual.com\/inicio\/wp-content\/uploads\/2026\/03\/mosiejchukmicaelabrigadista2026-10.jpg","contentUrl":"https:\/\/diariotextual.com\/inicio\/wp-content\/uploads\/2026\/03\/mosiejchukmicaelabrigadista2026-10.jpg","width":1200,"height":844},{"@type":"BreadcrumbList","@id":"https:\/\/diariotextual.com\/inicio\/index.php\/2026\/03\/09\/cumplir-el-sueno-de-la-infancia-la-historia-de-la-primera-brigadista-operativa-pampeana\/#breadcrumb","itemListElement":[{"@type":"ListItem","position":1,"name":"Portada","item":"https:\/\/diariotextual.com\/inicio\/"},{"@type":"ListItem","position":2,"name":"Cumplir el sue\u00f1o de la infancia: la historia de la primera brigadista operativa pampeana"}]},{"@type":"WebSite","@id":"https:\/\/diariotextual.com\/inicio\/#website","url":"https:\/\/diariotextual.com\/inicio\/","name":"Diario Textual","description":"","publisher":{"@id":"https:\/\/diariotextual.com\/inicio\/#organization"},"potentialAction":[{"@type":"SearchAction","target":{"@type":"EntryPoint","urlTemplate":"https:\/\/diariotextual.com\/inicio\/?s={search_term_string}"},"query-input":{"@type":"PropertyValueSpecification","valueRequired":true,"valueName":"search_term_string"}}],"inLanguage":"es"},{"@type":"Organization","@id":"https:\/\/diariotextual.com\/inicio\/#organization","name":"Diario Textual","url":"https:\/\/diariotextual.com\/inicio\/","logo":{"@type":"ImageObject","inLanguage":"es","@id":"https:\/\/diariotextual.com\/inicio\/#\/schema\/logo\/image\/","url":"https:\/\/diariotextual.com\/inicio\/wp-content\/uploads\/2023\/05\/logotextual1.jpg","contentUrl":"https:\/\/diariotextual.com\/inicio\/wp-content\/uploads\/2023\/05\/logotextual1.jpg","width":516,"height":76,"caption":"Diario Textual"},"image":{"@id":"https:\/\/diariotextual.com\/inicio\/#\/schema\/logo\/image\/"},"sameAs":["https:\/\/www.facebook.com\/eltextual","https:\/\/x.com\/eltextual","http:\/\/www.instagram.com\/eltextual"]},{"@type":"Person","@id":"https:\/\/diariotextual.com\/inicio\/#\/schema\/person\/418fc4093c33e86ed41562db3508f958","name":"Diario1 Diario1","image":{"@type":"ImageObject","inLanguage":"es","@id":"https:\/\/secure.gravatar.com\/avatar\/9167d280179c85bc18be67aa7eda765854300033af4896dd779b608640f2ef7a?s=96&d=mm&r=g","url":"https:\/\/secure.gravatar.com\/avatar\/9167d280179c85bc18be67aa7eda765854300033af4896dd779b608640f2ef7a?s=96&d=mm&r=g","contentUrl":"https:\/\/secure.gravatar.com\/avatar\/9167d280179c85bc18be67aa7eda765854300033af4896dd779b608640f2ef7a?s=96&d=mm&r=g","caption":"Diario1 Diario1"},"url":"https:\/\/diariotextual.com\/inicio\/index.php\/author\/diario1\/"}]}},"_links":{"self":[{"href":"https:\/\/diariotextual.com\/inicio\/index.php\/wp-json\/wp\/v2\/posts\/321776","targetHints":{"allow":["GET"]}}],"collection":[{"href":"https:\/\/diariotextual.com\/inicio\/index.php\/wp-json\/wp\/v2\/posts"}],"about":[{"href":"https:\/\/diariotextual.com\/inicio\/index.php\/wp-json\/wp\/v2\/types\/post"}],"author":[{"embeddable":true,"href":"https:\/\/diariotextual.com\/inicio\/index.php\/wp-json\/wp\/v2\/users\/3"}],"replies":[{"embeddable":true,"href":"https:\/\/diariotextual.com\/inicio\/index.php\/wp-json\/wp\/v2\/comments?post=321776"}],"version-history":[{"count":2,"href":"https:\/\/diariotextual.com\/inicio\/index.php\/wp-json\/wp\/v2\/posts\/321776\/revisions"}],"predecessor-version":[{"id":321779,"href":"https:\/\/diariotextual.com\/inicio\/index.php\/wp-json\/wp\/v2\/posts\/321776\/revisions\/321779"}],"wp:featuredmedia":[{"embeddable":true,"href":"https:\/\/diariotextual.com\/inicio\/index.php\/wp-json\/wp\/v2\/media\/321778"}],"wp:attachment":[{"href":"https:\/\/diariotextual.com\/inicio\/index.php\/wp-json\/wp\/v2\/media?parent=321776"}],"wp:term":[{"taxonomy":"category","embeddable":true,"href":"https:\/\/diariotextual.com\/inicio\/index.php\/wp-json\/wp\/v2\/categories?post=321776"},{"taxonomy":"post_tag","embeddable":true,"href":"https:\/\/diariotextual.com\/inicio\/index.php\/wp-json\/wp\/v2\/tags?post=321776"}],"curies":[{"name":"wp","href":"https:\/\/api.w.org\/{rel}","templated":true}]}}