{"id":321822,"date":"2026-03-10T09:10:58","date_gmt":"2026-03-10T12:10:58","guid":{"rendered":"https:\/\/diariotextual.com\/inicio\/?p=321822"},"modified":"2026-03-10T16:46:09","modified_gmt":"2026-03-10T19:46:09","slug":"con-una-choripaneada-la-ucr-lanza-el-operativo-martin-berhongaray-gobernador","status":"publish","type":"post","link":"https:\/\/diariotextual.com\/inicio\/index.php\/2026\/03\/10\/con-una-choripaneada-la-ucr-lanza-el-operativo-martin-berhongaray-gobernador\/","title":{"rendered":"Con una choripaneada, la UCR lanza el operativo \u201cMart\u00edn Berhongaray gobernador\u201d"},"content":{"rendered":"\n<p>La<strong> Uni\u00f3n C\u00edvica Radical (UCR)<\/strong> pampeana pondr\u00e1 en marcha este viernes el primer movimiento pol\u00edtico de cara al ciclo electoral de 2027. Lo har\u00e1 con una<strong> choripaneada<\/strong> en el Club Independiente de Santa Rosa, un encuentro que buscar\u00e1 reunir a dirigentes, intendentes, legisladores y militantes con un mensaje central: mostrar unidad y comenzar a ordenar el escenario interno del partido.<\/p>\n\n\n\n<p>La convocatoria fue realizada por el presidente del Comit\u00e9 Provincia, <strong>Mart\u00edn Berhongaray<\/strong>, quien ya empez\u00f3 a dar se\u00f1ales de que pretende volver a disputar la Gobernaci\u00f3n dentro de dos a\u00f1os. El dirigente radical invit\u00f3 a referentes nacionales, diputados provinciales, intendentes y cuadros partidarios a una reuni\u00f3n que, m\u00e1s all\u00e1 del tono informal, funcionar\u00e1 como una se\u00f1al pol\u00edtica hacia dentro y hacia fuera del radicalismo. De esta manera, se lanzar\u00e1 el operativo \u201cMart\u00edn gobernador\u201d.<\/p>\n\n\n\n<p>Si finalmente confirma su postulaci\u00f3n, ser\u00eda la segunda candidatura a gobernador de Berhongaray. En 2023 encabez\u00f3 la principal oferta opositora y estuvo cerca de derrotar al peronista <strong>Sergio Ziliotto<\/strong>, que consigui\u00f3 la reelecci\u00f3n. Despu\u00e9s de aquella elecci\u00f3n, el dirigente decidi\u00f3 no competir en las legislativas de 2025, una decisi\u00f3n que en el partido interpretaron como un movimiento para preservar capital pol\u00edtico y posicionarse para el pr\u00f3ximo turno electoral.<\/p>\n\n\n\n<div style=\"height:100px\" aria-hidden=\"true\" class=\"wp-block-spacer\"><\/div>\n\n\n\n<p><strong>Un punto de partida luego de la derrota legislativa<\/strong><\/p>\n\n\n\n<p>El encuentro en Santa Rosa tambi\u00e9n se produce en un contexto particular para el radicalismo pampeano. En las elecciones legislativas de 2025 la UCR tuvo un desempe\u00f1o por debajo de las expectativas y perdi\u00f3 una banca, un resultado que reforz\u00f3 entre muchos dirigentes la idea de que la oposici\u00f3n necesita un armado m\u00e1s amplio si quiere disputar el poder provincial.<\/p>\n\n\n\n<p>A partir de esa lectura, dentro del partido existe un consenso general: para ser competitivos en 2027 deber\u00e1n integrar a <strong>La Libertad Avanza<\/strong> dentro de una coalici\u00f3n opositora que tambi\u00e9n incluya al PRO y a otros espacios antiperonistas.<\/p>\n\n\n\n<p>Sin embargo, ese diagn\u00f3stico compartido no evita las tensiones internas. La discusi\u00f3n ya no pasa por si debe existir una alianza, sino por <strong>c\u00f3mo y en qu\u00e9 condiciones<\/strong> se concretar\u00e1 ese acuerdo.<\/p>\n\n\n\n<div style=\"height:100px\" aria-hidden=\"true\" class=\"wp-block-spacer\"><\/div>\n\n\n\n<p><strong>Las dos miradas dentro del radicalismo<\/strong><\/p>\n\n\n\n<p>Dentro de la UCR pampeana se perfilan dos posiciones. Por un lado, el sector identificado como los \u201ccelestes\u201d, que tiene entre sus referentes a <strong>Mart\u00edn Berhongaray<\/strong> y al diputado <strong>Hip\u00f3lito Altolaguirre<\/strong>, se muestra m\u00e1s proclive a avanzar en un acuerdo amplio con La Libertad Avanza sin imponer demasiadas restricciones pol\u00edticas.<\/p>\n\n\n\n<p>Del otro lado se ubica la llamada <strong>Liga de Intendentes<\/strong>, que expresa el peso territorial del radicalismo del interior. All\u00ed aparece como una de las voces m\u00e1s influyentes el intendente de General Acha, <strong>Abel Sabarots<\/strong>. Este sector propone una postura m\u00e1s cautelosa frente a un eventual acuerdo con los libertarios.<\/p>\n\n\n\n<p>La preocupaci\u00f3n central de los intendentes es preservar la gobernabilidad en los municipios que administra el radicalismo. En ese esquema, advierten que un acuerdo electoral mal dise\u00f1ado podr\u00eda afectar la base territorial del partido y poner en riesgo reelecciones locales.<\/p>\n\n\n\n<p>Por eso, su estrategia apunta a discutir primero <strong>las reglas del acuerdo<\/strong> antes que la foto de la unidad.<\/p>\n\n\n\n<div style=\"height:100px\" aria-hidden=\"true\" class=\"wp-block-spacer\"><\/div>\n\n\n\n<p><strong>Una oposici\u00f3n que busca reordenarse<\/strong><\/p>\n\n\n\n<p>El trasfondo de la discusi\u00f3n es la necesidad de la oposici\u00f3n de reorganizarse frente a un peronismo que gobierna la provincia desde hace d\u00e9cadas y que, pese a tensiones internas, mantiene una estructura pol\u00edtica consolidada.<\/p>\n\n\n\n<p>En ese escenario, la UCR intenta definir su rol: si ser\u00e1 el eje ordenador de una coalici\u00f3n opositora ampliada o si quedar\u00e1 subsumida dentro de un armado m\u00e1s amplio donde La Libertad Avanza aspire a tener un peso determinante.<\/p>\n\n\n\n<p>La choripaneada de este viernes no resolver\u00e1 esa discusi\u00f3n, pero s\u00ed marcar\u00e1 el inicio del proceso pol\u00edtico que el radicalismo pampeano deber\u00e1 atravesar durante los pr\u00f3ximos dos a\u00f1os.<\/p>\n\n\n\n<p>Entre los invitados al encuentro se espera la presencia del intendente de Venado Tuerto y presidente de la Juventud Radical nacional, <strong>Leonel Chiarella<\/strong>, adem\u00e1s de intendentes y dirigentes provinciales del partido.<\/p>\n\n\n\n<p>En t\u00e9rminos pol\u00edticos, el mensaje del evento es claro: la UCR busca empezar a moverse temprano y posicionar a su principal figura con vistas a 2027. El desaf\u00edo ser\u00e1 hacerlo sin profundizar las tensiones internas y, al mismo tiempo, construir una alianza opositora que realmente pueda disputar el poder provincial.<\/p>\n\n\n\n<p><\/p>\n","protected":false},"excerpt":{"rendered":"<p>La Uni\u00f3n C\u00edvica Radical (UCR) pampeana pondr\u00e1 en marcha este viernes el primer movimiento pol\u00edtico de cara al ciclo electoral de 2027. Lo har\u00e1 con una choripaneada en el Club&hellip;<\/p>\n","protected":false},"author":3,"featured_media":296250,"comment_status":"closed","ping_status":"open","sticky":false,"template":"","format":"standard","meta":{"_acf_changed":false,"footnotes":""},"categories":[10,8],"tags":[],"class_list":["post-321822","post","type-post","status-publish","format-standard","has-post-thumbnail","hentry","category-portada-2","category-politica"],"acf":[],"yoast_head":"<!-- This site is optimized with the Yoast SEO plugin v27.5 - https:\/\/yoast.com\/product\/yoast-seo-wordpress\/ -->\n<title>Con una choripaneada, la UCR lanza el operativo \u201cMart\u00edn Berhongaray gobernador\u201d - Diario Textual<\/title>\n<meta name=\"robots\" content=\"index, follow, max-snippet:-1, max-image-preview:large, max-video-preview:-1\" \/>\n<link rel=\"canonical\" href=\"https:\/\/diariotextual.com\/inicio\/index.php\/2026\/03\/10\/con-una-choripaneada-la-ucr-lanza-el-operativo-martin-berhongaray-gobernador\/\" \/>\n<meta property=\"og:locale\" content=\"es_ES\" \/>\n<meta property=\"og:type\" content=\"article\" \/>\n<meta property=\"og:title\" content=\"Con una choripaneada, la UCR lanza el operativo \u201cMart\u00edn Berhongaray gobernador\u201d - Diario Textual\" \/>\n<meta property=\"og:description\" content=\"La Uni\u00f3n C\u00edvica Radical (UCR) pampeana pondr\u00e1 en marcha este viernes el primer movimiento pol\u00edtico de cara al ciclo electoral de 2027. Lo har\u00e1 con una choripaneada en el Club&hellip;\" \/>\n<meta property=\"og:url\" content=\"https:\/\/diariotextual.com\/inicio\/index.php\/2026\/03\/10\/con-una-choripaneada-la-ucr-lanza-el-operativo-martin-berhongaray-gobernador\/\" \/>\n<meta property=\"og:site_name\" content=\"Diario Textual\" \/>\n<meta property=\"article:publisher\" content=\"https:\/\/www.facebook.com\/eltextual\" \/>\n<meta property=\"article:published_time\" content=\"2026-03-10T12:10:58+00:00\" \/>\n<meta property=\"article:modified_time\" content=\"2026-03-10T19:46:09+00:00\" \/>\n<meta property=\"og:image\" content=\"https:\/\/diariotextual.com\/inicio\/wp-content\/uploads\/2025\/05\/berhongaraymartin2025-79.jpg\" \/>\n\t<meta property=\"og:image:width\" content=\"1400\" \/>\n\t<meta property=\"og:image:height\" content=\"938\" \/>\n\t<meta property=\"og:image:type\" content=\"image\/jpeg\" \/>\n<meta name=\"author\" content=\"Diario1 Diario1\" \/>\n<meta name=\"twitter:card\" content=\"summary_large_image\" \/>\n<meta name=\"twitter:creator\" content=\"@eltextual\" \/>\n<meta name=\"twitter:site\" content=\"@eltextual\" \/>\n<meta name=\"twitter:label1\" content=\"Escrito por\" \/>\n\t<meta name=\"twitter:data1\" content=\"Diario1 Diario1\" \/>\n\t<meta name=\"twitter:label2\" content=\"Tiempo de lectura\" \/>\n\t<meta name=\"twitter:data2\" content=\"4 minutos\" \/>\n<script type=\"application\/ld+json\" class=\"yoast-schema-graph\">{\"@context\":\"https:\\\/\\\/schema.org\",\"@graph\":[{\"@type\":\"Article\",\"@id\":\"https:\\\/\\\/diariotextual.com\\\/inicio\\\/index.php\\\/2026\\\/03\\\/10\\\/con-una-choripaneada-la-ucr-lanza-el-operativo-martin-berhongaray-gobernador\\\/#article\",\"isPartOf\":{\"@id\":\"https:\\\/\\\/diariotextual.com\\\/inicio\\\/index.php\\\/2026\\\/03\\\/10\\\/con-una-choripaneada-la-ucr-lanza-el-operativo-martin-berhongaray-gobernador\\\/\"},\"author\":{\"name\":\"Diario1 Diario1\",\"@id\":\"https:\\\/\\\/diariotextual.com\\\/inicio\\\/#\\\/schema\\\/person\\\/418fc4093c33e86ed41562db3508f958\"},\"headline\":\"Con una choripaneada, la UCR lanza el operativo \u201cMart\u00edn Berhongaray gobernador\u201d\",\"datePublished\":\"2026-03-10T12:10:58+00:00\",\"dateModified\":\"2026-03-10T19:46:09+00:00\",\"mainEntityOfPage\":{\"@id\":\"https:\\\/\\\/diariotextual.com\\\/inicio\\\/index.php\\\/2026\\\/03\\\/10\\\/con-una-choripaneada-la-ucr-lanza-el-operativo-martin-berhongaray-gobernador\\\/\"},\"wordCount\":753,\"publisher\":{\"@id\":\"https:\\\/\\\/diariotextual.com\\\/inicio\\\/#organization\"},\"image\":{\"@id\":\"https:\\\/\\\/diariotextual.com\\\/inicio\\\/index.php\\\/2026\\\/03\\\/10\\\/con-una-choripaneada-la-ucr-lanza-el-operativo-martin-berhongaray-gobernador\\\/#primaryimage\"},\"thumbnailUrl\":\"https:\\\/\\\/diariotextual.com\\\/inicio\\\/wp-content\\\/uploads\\\/2025\\\/05\\\/berhongaraymartin2025-79.jpg\",\"articleSection\":[\"A - PORTADA2\",\"POLITICA\"],\"inLanguage\":\"es\"},{\"@type\":\"WebPage\",\"@id\":\"https:\\\/\\\/diariotextual.com\\\/inicio\\\/index.php\\\/2026\\\/03\\\/10\\\/con-una-choripaneada-la-ucr-lanza-el-operativo-martin-berhongaray-gobernador\\\/\",\"url\":\"https:\\\/\\\/diariotextual.com\\\/inicio\\\/index.php\\\/2026\\\/03\\\/10\\\/con-una-choripaneada-la-ucr-lanza-el-operativo-martin-berhongaray-gobernador\\\/\",\"name\":\"Con una choripaneada, la UCR lanza el operativo \u201cMart\u00edn Berhongaray gobernador\u201d - Diario Textual\",\"isPartOf\":{\"@id\":\"https:\\\/\\\/diariotextual.com\\\/inicio\\\/#website\"},\"primaryImageOfPage\":{\"@id\":\"https:\\\/\\\/diariotextual.com\\\/inicio\\\/index.php\\\/2026\\\/03\\\/10\\\/con-una-choripaneada-la-ucr-lanza-el-operativo-martin-berhongaray-gobernador\\\/#primaryimage\"},\"image\":{\"@id\":\"https:\\\/\\\/diariotextual.com\\\/inicio\\\/index.php\\\/2026\\\/03\\\/10\\\/con-una-choripaneada-la-ucr-lanza-el-operativo-martin-berhongaray-gobernador\\\/#primaryimage\"},\"thumbnailUrl\":\"https:\\\/\\\/diariotextual.com\\\/inicio\\\/wp-content\\\/uploads\\\/2025\\\/05\\\/berhongaraymartin2025-79.jpg\",\"datePublished\":\"2026-03-10T12:10:58+00:00\",\"dateModified\":\"2026-03-10T19:46:09+00:00\",\"breadcrumb\":{\"@id\":\"https:\\\/\\\/diariotextual.com\\\/inicio\\\/index.php\\\/2026\\\/03\\\/10\\\/con-una-choripaneada-la-ucr-lanza-el-operativo-martin-berhongaray-gobernador\\\/#breadcrumb\"},\"inLanguage\":\"es\",\"potentialAction\":[{\"@type\":\"ReadAction\",\"target\":[\"https:\\\/\\\/diariotextual.com\\\/inicio\\\/index.php\\\/2026\\\/03\\\/10\\\/con-una-choripaneada-la-ucr-lanza-el-operativo-martin-berhongaray-gobernador\\\/\"]}]},{\"@type\":\"ImageObject\",\"inLanguage\":\"es\",\"@id\":\"https:\\\/\\\/diariotextual.com\\\/inicio\\\/index.php\\\/2026\\\/03\\\/10\\\/con-una-choripaneada-la-ucr-lanza-el-operativo-martin-berhongaray-gobernador\\\/#primaryimage\",\"url\":\"https:\\\/\\\/diariotextual.com\\\/inicio\\\/wp-content\\\/uploads\\\/2025\\\/05\\\/berhongaraymartin2025-79.jpg\",\"contentUrl\":\"https:\\\/\\\/diariotextual.com\\\/inicio\\\/wp-content\\\/uploads\\\/2025\\\/05\\\/berhongaraymartin2025-79.jpg\",\"width\":1400,\"height\":938},{\"@type\":\"BreadcrumbList\",\"@id\":\"https:\\\/\\\/diariotextual.com\\\/inicio\\\/index.php\\\/2026\\\/03\\\/10\\\/con-una-choripaneada-la-ucr-lanza-el-operativo-martin-berhongaray-gobernador\\\/#breadcrumb\",\"itemListElement\":[{\"@type\":\"ListItem\",\"position\":1,\"name\":\"Portada\",\"item\":\"https:\\\/\\\/diariotextual.com\\\/inicio\\\/\"},{\"@type\":\"ListItem\",\"position\":2,\"name\":\"Con una choripaneada, la UCR lanza el operativo \u201cMart\u00edn Berhongaray gobernador\u201d\"}]},{\"@type\":\"WebSite\",\"@id\":\"https:\\\/\\\/diariotextual.com\\\/inicio\\\/#website\",\"url\":\"https:\\\/\\\/diariotextual.com\\\/inicio\\\/\",\"name\":\"Diario Textual\",\"description\":\"\",\"publisher\":{\"@id\":\"https:\\\/\\\/diariotextual.com\\\/inicio\\\/#organization\"},\"potentialAction\":[{\"@type\":\"SearchAction\",\"target\":{\"@type\":\"EntryPoint\",\"urlTemplate\":\"https:\\\/\\\/diariotextual.com\\\/inicio\\\/?s={search_term_string}\"},\"query-input\":{\"@type\":\"PropertyValueSpecification\",\"valueRequired\":true,\"valueName\":\"search_term_string\"}}],\"inLanguage\":\"es\"},{\"@type\":\"Organization\",\"@id\":\"https:\\\/\\\/diariotextual.com\\\/inicio\\\/#organization\",\"name\":\"Diario Textual\",\"url\":\"https:\\\/\\\/diariotextual.com\\\/inicio\\\/\",\"logo\":{\"@type\":\"ImageObject\",\"inLanguage\":\"es\",\"@id\":\"https:\\\/\\\/diariotextual.com\\\/inicio\\\/#\\\/schema\\\/logo\\\/image\\\/\",\"url\":\"https:\\\/\\\/diariotextual.com\\\/inicio\\\/wp-content\\\/uploads\\\/2023\\\/05\\\/logotextual1.jpg\",\"contentUrl\":\"https:\\\/\\\/diariotextual.com\\\/inicio\\\/wp-content\\\/uploads\\\/2023\\\/05\\\/logotextual1.jpg\",\"width\":516,\"height\":76,\"caption\":\"Diario Textual\"},\"image\":{\"@id\":\"https:\\\/\\\/diariotextual.com\\\/inicio\\\/#\\\/schema\\\/logo\\\/image\\\/\"},\"sameAs\":[\"https:\\\/\\\/www.facebook.com\\\/eltextual\",\"https:\\\/\\\/x.com\\\/eltextual\",\"http:\\\/\\\/www.instagram.com\\\/eltextual\"]},{\"@type\":\"Person\",\"@id\":\"https:\\\/\\\/diariotextual.com\\\/inicio\\\/#\\\/schema\\\/person\\\/418fc4093c33e86ed41562db3508f958\",\"name\":\"Diario1 Diario1\",\"image\":{\"@type\":\"ImageObject\",\"inLanguage\":\"es\",\"@id\":\"https:\\\/\\\/secure.gravatar.com\\\/avatar\\\/9167d280179c85bc18be67aa7eda765854300033af4896dd779b608640f2ef7a?s=96&d=mm&r=g\",\"url\":\"https:\\\/\\\/secure.gravatar.com\\\/avatar\\\/9167d280179c85bc18be67aa7eda765854300033af4896dd779b608640f2ef7a?s=96&d=mm&r=g\",\"contentUrl\":\"https:\\\/\\\/secure.gravatar.com\\\/avatar\\\/9167d280179c85bc18be67aa7eda765854300033af4896dd779b608640f2ef7a?s=96&d=mm&r=g\",\"caption\":\"Diario1 Diario1\"},\"url\":\"https:\\\/\\\/diariotextual.com\\\/inicio\\\/index.php\\\/author\\\/diario1\\\/\"}]}<\/script>\n<!-- \/ Yoast SEO plugin. -->","yoast_head_json":{"title":"Con una choripaneada, la UCR lanza el operativo \u201cMart\u00edn Berhongaray gobernador\u201d - Diario Textual","robots":{"index":"index","follow":"follow","max-snippet":"max-snippet:-1","max-image-preview":"max-image-preview:large","max-video-preview":"max-video-preview:-1"},"canonical":"https:\/\/diariotextual.com\/inicio\/index.php\/2026\/03\/10\/con-una-choripaneada-la-ucr-lanza-el-operativo-martin-berhongaray-gobernador\/","og_locale":"es_ES","og_type":"article","og_title":"Con una choripaneada, la UCR lanza el operativo \u201cMart\u00edn Berhongaray gobernador\u201d - Diario Textual","og_description":"La Uni\u00f3n C\u00edvica Radical (UCR) pampeana pondr\u00e1 en marcha este viernes el primer movimiento pol\u00edtico de cara al ciclo electoral de 2027. Lo har\u00e1 con una choripaneada en el Club&hellip;","og_url":"https:\/\/diariotextual.com\/inicio\/index.php\/2026\/03\/10\/con-una-choripaneada-la-ucr-lanza-el-operativo-martin-berhongaray-gobernador\/","og_site_name":"Diario Textual","article_publisher":"https:\/\/www.facebook.com\/eltextual","article_published_time":"2026-03-10T12:10:58+00:00","article_modified_time":"2026-03-10T19:46:09+00:00","og_image":[{"width":1400,"height":938,"url":"https:\/\/diariotextual.com\/inicio\/wp-content\/uploads\/2025\/05\/berhongaraymartin2025-79.jpg","type":"image\/jpeg"}],"author":"Diario1 Diario1","twitter_card":"summary_large_image","twitter_creator":"@eltextual","twitter_site":"@eltextual","twitter_misc":{"Escrito por":"Diario1 Diario1","Tiempo de lectura":"4 minutos"},"schema":{"@context":"https:\/\/schema.org","@graph":[{"@type":"Article","@id":"https:\/\/diariotextual.com\/inicio\/index.php\/2026\/03\/10\/con-una-choripaneada-la-ucr-lanza-el-operativo-martin-berhongaray-gobernador\/#article","isPartOf":{"@id":"https:\/\/diariotextual.com\/inicio\/index.php\/2026\/03\/10\/con-una-choripaneada-la-ucr-lanza-el-operativo-martin-berhongaray-gobernador\/"},"author":{"name":"Diario1 Diario1","@id":"https:\/\/diariotextual.com\/inicio\/#\/schema\/person\/418fc4093c33e86ed41562db3508f958"},"headline":"Con una choripaneada, la UCR lanza el operativo \u201cMart\u00edn Berhongaray gobernador\u201d","datePublished":"2026-03-10T12:10:58+00:00","dateModified":"2026-03-10T19:46:09+00:00","mainEntityOfPage":{"@id":"https:\/\/diariotextual.com\/inicio\/index.php\/2026\/03\/10\/con-una-choripaneada-la-ucr-lanza-el-operativo-martin-berhongaray-gobernador\/"},"wordCount":753,"publisher":{"@id":"https:\/\/diariotextual.com\/inicio\/#organization"},"image":{"@id":"https:\/\/diariotextual.com\/inicio\/index.php\/2026\/03\/10\/con-una-choripaneada-la-ucr-lanza-el-operativo-martin-berhongaray-gobernador\/#primaryimage"},"thumbnailUrl":"https:\/\/diariotextual.com\/inicio\/wp-content\/uploads\/2025\/05\/berhongaraymartin2025-79.jpg","articleSection":["A - PORTADA2","POLITICA"],"inLanguage":"es"},{"@type":"WebPage","@id":"https:\/\/diariotextual.com\/inicio\/index.php\/2026\/03\/10\/con-una-choripaneada-la-ucr-lanza-el-operativo-martin-berhongaray-gobernador\/","url":"https:\/\/diariotextual.com\/inicio\/index.php\/2026\/03\/10\/con-una-choripaneada-la-ucr-lanza-el-operativo-martin-berhongaray-gobernador\/","name":"Con una choripaneada, la UCR lanza el operativo \u201cMart\u00edn Berhongaray gobernador\u201d - Diario Textual","isPartOf":{"@id":"https:\/\/diariotextual.com\/inicio\/#website"},"primaryImageOfPage":{"@id":"https:\/\/diariotextual.com\/inicio\/index.php\/2026\/03\/10\/con-una-choripaneada-la-ucr-lanza-el-operativo-martin-berhongaray-gobernador\/#primaryimage"},"image":{"@id":"https:\/\/diariotextual.com\/inicio\/index.php\/2026\/03\/10\/con-una-choripaneada-la-ucr-lanza-el-operativo-martin-berhongaray-gobernador\/#primaryimage"},"thumbnailUrl":"https:\/\/diariotextual.com\/inicio\/wp-content\/uploads\/2025\/05\/berhongaraymartin2025-79.jpg","datePublished":"2026-03-10T12:10:58+00:00","dateModified":"2026-03-10T19:46:09+00:00","breadcrumb":{"@id":"https:\/\/diariotextual.com\/inicio\/index.php\/2026\/03\/10\/con-una-choripaneada-la-ucr-lanza-el-operativo-martin-berhongaray-gobernador\/#breadcrumb"},"inLanguage":"es","potentialAction":[{"@type":"ReadAction","target":["https:\/\/diariotextual.com\/inicio\/index.php\/2026\/03\/10\/con-una-choripaneada-la-ucr-lanza-el-operativo-martin-berhongaray-gobernador\/"]}]},{"@type":"ImageObject","inLanguage":"es","@id":"https:\/\/diariotextual.com\/inicio\/index.php\/2026\/03\/10\/con-una-choripaneada-la-ucr-lanza-el-operativo-martin-berhongaray-gobernador\/#primaryimage","url":"https:\/\/diariotextual.com\/inicio\/wp-content\/uploads\/2025\/05\/berhongaraymartin2025-79.jpg","contentUrl":"https:\/\/diariotextual.com\/inicio\/wp-content\/uploads\/2025\/05\/berhongaraymartin2025-79.jpg","width":1400,"height":938},{"@type":"BreadcrumbList","@id":"https:\/\/diariotextual.com\/inicio\/index.php\/2026\/03\/10\/con-una-choripaneada-la-ucr-lanza-el-operativo-martin-berhongaray-gobernador\/#breadcrumb","itemListElement":[{"@type":"ListItem","position":1,"name":"Portada","item":"https:\/\/diariotextual.com\/inicio\/"},{"@type":"ListItem","position":2,"name":"Con una choripaneada, la UCR lanza el operativo \u201cMart\u00edn Berhongaray gobernador\u201d"}]},{"@type":"WebSite","@id":"https:\/\/diariotextual.com\/inicio\/#website","url":"https:\/\/diariotextual.com\/inicio\/","name":"Diario Textual","description":"","publisher":{"@id":"https:\/\/diariotextual.com\/inicio\/#organization"},"potentialAction":[{"@type":"SearchAction","target":{"@type":"EntryPoint","urlTemplate":"https:\/\/diariotextual.com\/inicio\/?s={search_term_string}"},"query-input":{"@type":"PropertyValueSpecification","valueRequired":true,"valueName":"search_term_string"}}],"inLanguage":"es"},{"@type":"Organization","@id":"https:\/\/diariotextual.com\/inicio\/#organization","name":"Diario Textual","url":"https:\/\/diariotextual.com\/inicio\/","logo":{"@type":"ImageObject","inLanguage":"es","@id":"https:\/\/diariotextual.com\/inicio\/#\/schema\/logo\/image\/","url":"https:\/\/diariotextual.com\/inicio\/wp-content\/uploads\/2023\/05\/logotextual1.jpg","contentUrl":"https:\/\/diariotextual.com\/inicio\/wp-content\/uploads\/2023\/05\/logotextual1.jpg","width":516,"height":76,"caption":"Diario Textual"},"image":{"@id":"https:\/\/diariotextual.com\/inicio\/#\/schema\/logo\/image\/"},"sameAs":["https:\/\/www.facebook.com\/eltextual","https:\/\/x.com\/eltextual","http:\/\/www.instagram.com\/eltextual"]},{"@type":"Person","@id":"https:\/\/diariotextual.com\/inicio\/#\/schema\/person\/418fc4093c33e86ed41562db3508f958","name":"Diario1 Diario1","image":{"@type":"ImageObject","inLanguage":"es","@id":"https:\/\/secure.gravatar.com\/avatar\/9167d280179c85bc18be67aa7eda765854300033af4896dd779b608640f2ef7a?s=96&d=mm&r=g","url":"https:\/\/secure.gravatar.com\/avatar\/9167d280179c85bc18be67aa7eda765854300033af4896dd779b608640f2ef7a?s=96&d=mm&r=g","contentUrl":"https:\/\/secure.gravatar.com\/avatar\/9167d280179c85bc18be67aa7eda765854300033af4896dd779b608640f2ef7a?s=96&d=mm&r=g","caption":"Diario1 Diario1"},"url":"https:\/\/diariotextual.com\/inicio\/index.php\/author\/diario1\/"}]}},"_links":{"self":[{"href":"https:\/\/diariotextual.com\/inicio\/index.php\/wp-json\/wp\/v2\/posts\/321822","targetHints":{"allow":["GET"]}}],"collection":[{"href":"https:\/\/diariotextual.com\/inicio\/index.php\/wp-json\/wp\/v2\/posts"}],"about":[{"href":"https:\/\/diariotextual.com\/inicio\/index.php\/wp-json\/wp\/v2\/types\/post"}],"author":[{"embeddable":true,"href":"https:\/\/diariotextual.com\/inicio\/index.php\/wp-json\/wp\/v2\/users\/3"}],"replies":[{"embeddable":true,"href":"https:\/\/diariotextual.com\/inicio\/index.php\/wp-json\/wp\/v2\/comments?post=321822"}],"version-history":[{"count":2,"href":"https:\/\/diariotextual.com\/inicio\/index.php\/wp-json\/wp\/v2\/posts\/321822\/revisions"}],"predecessor-version":[{"id":321824,"href":"https:\/\/diariotextual.com\/inicio\/index.php\/wp-json\/wp\/v2\/posts\/321822\/revisions\/321824"}],"wp:featuredmedia":[{"embeddable":true,"href":"https:\/\/diariotextual.com\/inicio\/index.php\/wp-json\/wp\/v2\/media\/296250"}],"wp:attachment":[{"href":"https:\/\/diariotextual.com\/inicio\/index.php\/wp-json\/wp\/v2\/media?parent=321822"}],"wp:term":[{"taxonomy":"category","embeddable":true,"href":"https:\/\/diariotextual.com\/inicio\/index.php\/wp-json\/wp\/v2\/categories?post=321822"},{"taxonomy":"post_tag","embeddable":true,"href":"https:\/\/diariotextual.com\/inicio\/index.php\/wp-json\/wp\/v2\/tags?post=321822"}],"curies":[{"name":"wp","href":"https:\/\/api.w.org\/{rel}","templated":true}]}}