{"id":321826,"date":"2026-03-10T14:43:00","date_gmt":"2026-03-10T17:43:00","guid":{"rendered":"https:\/\/diariotextual.com\/inicio\/?p=321826"},"modified":"2026-03-11T07:13:58","modified_gmt":"2026-03-11T10:13:58","slug":"gripe-mas-contagiosa-este-miercoles-comienza-la-campana-nacional-de-vacunacion","status":"publish","type":"post","link":"https:\/\/diariotextual.com\/inicio\/index.php\/2026\/03\/10\/gripe-mas-contagiosa-este-miercoles-comienza-la-campana-nacional-de-vacunacion\/","title":{"rendered":"Gripe \u201cm\u00e1s contagiosa\u201d: desde este mi\u00e9rcoles se empieza a vacunar en todos los centros de salud pampeanos"},"content":{"rendered":"\n<p>Este <strong>mi\u00e9rcoles 11 de marzo<\/strong> se pondr\u00e1 en marcha la <strong>campa\u00f1a de vacunaci\u00f3n antigripal 2026<\/strong> en todo el pa\u00eds. La estrategia comenzar\u00e1 <strong>tres semanas antes que el a\u00f1o pasado<\/strong> debido al adelantamiento de la temporada de virus respiratorios y a la circulaci\u00f3n de una <strong>nueva variante de influenza A (H3N2)<\/strong> con mayor transmisibilidad.<\/p>\n\n\n\n<p><strong>Ana Bertone,<\/strong> directora provincial de Epidemiolog\u00eda, fue consultada por la Agencia Provincial de Noticias sobre la campa\u00f1a de vacunaci\u00f3n antigripal. \u201cLa Pampa recibi\u00f3 las vacunas antigripales correspondientes para la campa\u00f1a 2026. A partir de su distribuci\u00f3n en todo el territorio, estamos en condiciones de iniciar en el d\u00eda de ma\u00f1ana con las inmunizaciones en cada establecimiento de salud provincial\u201d, dijo.<\/p>\n\n\n\n<p>\u201cLos equipos comenzar\u00e1n como todos los a\u00f1os priorizando al personal sanitario m\u00e1s expuesto y, a los grupos de riesgo definidos: embarazadas en cualquier trimestre, pu\u00e9rperas hasta los 10 d\u00edas del parto si no se vacunaron durante el embarazo, todos los lactantes de 6 a 24 meses, personas con comorbilidades o factores de riesgo, y adultos mayores de 65 a\u00f1os. En estos dos \u00faltimos grupos, quienes cuenten con obra social podr\u00e1n acceder a la cobertura correspondiente. Quienes no la tengan, recibir\u00e1n la vacuna a trav\u00e9s del subsistema p\u00fablico\u201d, resalt\u00f3.<\/p>\n\n\n\n<div style=\"height:100px\" aria-hidden=\"true\" class=\"wp-block-spacer\"><\/div>\n\n\n\n<p><strong>Refuerzo<\/strong><\/p>\n\n\n\n<p>Desde la cartera sanitaria nacional, en tanto, se\u00f1alaron que la decisi\u00f3n busca <strong>reforzar la inmunidad en los grupos de riesgo<\/strong>, disminuir complicaciones y <strong>reducir el impacto de la enfermedad sobre el sistema de salud<\/strong> durante las semanas de mayor circulaci\u00f3n viral.<\/p>\n\n\n\n<p>El lanzamiento se produce en un <strong>contexto epidemiol\u00f3gico particular a nivel internacional<\/strong>. En el hemisferio norte se detect\u00f3 la expansi\u00f3n del <strong>subclado K del virus influenza A (H3N2)<\/strong>, una variante asociada a <strong>mayor capacidad de transmisi\u00f3n<\/strong> y a un incremento de consultas m\u00e9dicas e internaciones.<\/p>\n\n\n\n<p>De acuerdo con reportes de la <strong>Organizaci\u00f3n Mundial de la Salud<\/strong>, la actividad gripal comenz\u00f3 <strong>entre tres y seis semanas antes de lo previsto<\/strong> en pa\u00edses como <strong>Espa\u00f1a, Alemania, Francia, Italia, Reino Unido, Estados Unidos, Canad\u00e1 y Jap\u00f3n<\/strong>.<\/p>\n\n\n\n<p>Ante ese escenario y la tendencia registrada en los \u00faltimos a\u00f1os \u2014con temporadas de virus respiratorios cada vez m\u00e1s tempranas\u2014, el Gobierno nacional resolvi\u00f3 <strong>adelantar el inicio de la campa\u00f1a<\/strong>.<\/p>\n\n\n\n<p>La distribuci\u00f3n de las primeras partidas de vacunas comenz\u00f3 esta semana en <strong>las 24 jurisdicciones del pa\u00eds<\/strong>, con el objetivo de que <strong>provincias y la Ciudad de Buenos Aires<\/strong> organicen la log\u00edstica y habiliten la aplicaci\u00f3n en hospitales, centros de salud y vacunatorios.<\/p>\n\n\n\n<div style=\"height:100px\" aria-hidden=\"true\" class=\"wp-block-spacer\"><\/div>\n\n\n\n<p><strong>Cantidad de dosis y grupos priorizados<\/strong><\/p>\n\n\n\n<p>Para la campa\u00f1a 2026, el Gobierno nacional adquiri\u00f3 <strong>8.160.000 dosis<\/strong>. El total se compone de:<\/p>\n\n\n\n<ul class=\"wp-block-list\">\n<li><strong>4.700.000 dosis de vacuna antigripal para adultos<\/strong><\/li>\n\n\n\n<li><strong>2.300.000 dosis de vacuna adyuvantada<\/strong><\/li>\n\n\n\n<li><strong>1.160.000 dosis pedi\u00e1tricas<\/strong><\/li>\n<\/ul>\n\n\n\n<p>Hasta el momento ya se distribuyeron <strong>m\u00e1s de 1.800.000 dosis en todo el pa\u00eds<\/strong>, mientras que <strong>otro env\u00edo de 1.018.640 vacunas<\/strong> est\u00e1 previsto antes de que finalice marzo.<\/p>\n\n\n\n<p>La vacunaci\u00f3n est\u00e1 dirigida a los <strong>grupos considerados prioritarios<\/strong>:<\/p>\n\n\n\n<ul class=\"wp-block-list\">\n<li><strong>Ni\u00f1os de entre 6 y 24 meses<\/strong><\/li>\n\n\n\n<li><strong>Personal de salud<\/strong><\/li>\n\n\n\n<li><strong>Personas mayores de 65 a\u00f1os<\/strong><\/li>\n\n\n\n<li><strong>Embarazadas<\/strong><\/li>\n\n\n\n<li><strong>Pu\u00e9rperas<\/strong> (hasta 10 d\u00edas posteriores al alta de la maternidad si no recibieron la vacuna durante el embarazo)<\/li>\n\n\n\n<li><strong>Personas de cualquier edad con factores de riesgo<\/strong><\/li>\n<\/ul>\n\n\n\n<p>La dosis se aplicar\u00e1 <strong>de manera gratuita en hospitales p\u00fablicos, centros de salud y vacunatorios de todo el pa\u00eds<\/strong>, y <strong>puede administrarse en simult\u00e1neo con otras vacunas del Calendario Nacional<\/strong>.<\/p>\n\n\n\n<div style=\"height:100px\" aria-hidden=\"true\" class=\"wp-block-spacer\"><\/div>\n\n\n\n<p><strong>Sistema de monitoreo de la campa\u00f1a<\/strong><\/p>\n\n\n\n<p>El Ministerio de Salud tambi\u00e9n implement\u00f3 un <strong>tablero de seguimiento en tiempo real<\/strong> para monitorear el avance de la vacunaci\u00f3n en cada jurisdicci\u00f3n.<\/p>\n\n\n\n<p>La herramienta permitir\u00e1 <strong>analizar las coberturas alcanzadas, detectar brechas y mejorar la toma de decisiones<\/strong> dentro del <strong>Programa Ampliado de Inmunizaciones<\/strong>.<\/p>\n\n\n\n<p>Seg\u00fan explicaron desde la cartera sanitaria, el objetivo es <strong>optimizar la estrategia nacional<\/strong> y fortalecer la cobertura en los grupos con mayor riesgo de complicaciones, en especial <strong>las personas mayores de 65 a\u00f1os<\/strong>.<\/p>\n\n\n\n<div style=\"height:100px\" aria-hidden=\"true\" class=\"wp-block-spacer\"><\/div>\n\n\n\n<p><strong>La variante H3N2 y la posible circulaci\u00f3n en invierno<\/strong><\/p>\n\n\n\n<p>Especialistas advirtieron sobre la expansi\u00f3n del <strong>subclado K de influenza A (H3N2)<\/strong>, que presenta <strong>modificaciones en las prote\u00ednas de superficie del virus<\/strong>. Ese cambio reduce parcialmente el reconocimiento por parte del sistema inmunol\u00f3gico y <strong>facilita la transmisi\u00f3n<\/strong>, sobre todo en <strong>espacios cerrados durante los meses fr\u00edos<\/strong>.<\/p>\n\n\n\n<p>El infect\u00f3logo <strong>Enrique Casanueva Mart\u00ednez<\/strong>, asesor del Servicio de Infectolog\u00eda Pedi\u00e1trica del Hospital Austral, explic\u00f3 que un <strong>subclado es un subgrupo gen\u00e9tico dentro de una variante m\u00e1s amplia<\/strong> y consider\u00f3 probable que <strong>esta cepa circule durante el pr\u00f3ximo invierno en la Argentina<\/strong>. Tambi\u00e9n advirti\u00f3 sobre la posibilidad de <strong>un ingreso temprano de casos asociado a viajes internacionales<\/strong>.<\/p>\n\n\n\n<p>Por el momento <strong>no se detecta circulaci\u00f3n dominante del subclado K en el pa\u00eds<\/strong>. Sin embargo, la experiencia epidemiol\u00f3gica muestra que <strong>el comportamiento del virus en el hemisferio norte suele anticipar lo que ocurre meses despu\u00e9s en el hemisferio sur<\/strong>.<\/p>\n\n\n\n<p>Las autoridades sanitarias remarcaron que <strong>la vacunaci\u00f3n anual contin\u00faa siendo la principal herramienta para prevenir cuadros graves, hospitalizaciones y muertes asociadas a la gripe<\/strong>, ya que el virus influenza <strong>cambia con frecuencia<\/strong> y obliga a <strong>actualizar cada a\u00f1o la composici\u00f3n de las vacunas<\/strong>.<\/p>\n\n\n\n<p>Adem\u00e1s de la vacunaci\u00f3n, recomiendan <strong>ventilar los ambientes, lavarse las manos con frecuencia y consultar de manera temprana ante s\u00edntomas respiratorios<\/strong>, especialmente en <strong>personas que integran los grupos de riesgo<\/strong>.<\/p>\n\n\n\n<p><\/p>\n","protected":false},"excerpt":{"rendered":"<p>Este mi\u00e9rcoles 11 de marzo se pondr\u00e1 en marcha la campa\u00f1a de vacunaci\u00f3n antigripal 2026 en todo el pa\u00eds. La estrategia comenzar\u00e1 tres semanas antes que el a\u00f1o pasado debido&hellip;<\/p>\n","protected":false},"author":3,"featured_media":182668,"comment_status":"closed","ping_status":"open","sticky":false,"template":"","format":"standard","meta":{"_acf_changed":false,"footnotes":""},"categories":[12],"tags":[],"class_list":["post-321826","post","type-post","status-publish","format-standard","has-post-thumbnail","hentry","category-sociedad"],"acf":[],"yoast_head":"<!-- This site is optimized with the Yoast SEO plugin v27.5 - https:\/\/yoast.com\/product\/yoast-seo-wordpress\/ -->\n<title>Gripe \u201cm\u00e1s contagiosa\u201d: desde este mi\u00e9rcoles se empieza a vacunar en todos los centros de salud pampeanos - Diario Textual<\/title>\n<meta name=\"robots\" content=\"index, follow, max-snippet:-1, max-image-preview:large, max-video-preview:-1\" \/>\n<link rel=\"canonical\" href=\"https:\/\/diariotextual.com\/inicio\/index.php\/2026\/03\/10\/gripe-mas-contagiosa-este-miercoles-comienza-la-campana-nacional-de-vacunacion\/\" \/>\n<meta property=\"og:locale\" content=\"es_ES\" \/>\n<meta property=\"og:type\" content=\"article\" \/>\n<meta property=\"og:title\" content=\"Gripe \u201cm\u00e1s contagiosa\u201d: desde este mi\u00e9rcoles se empieza a vacunar en todos los centros de salud pampeanos - Diario Textual\" \/>\n<meta property=\"og:description\" content=\"Este mi\u00e9rcoles 11 de marzo se pondr\u00e1 en marcha la campa\u00f1a de vacunaci\u00f3n antigripal 2026 en todo el pa\u00eds. La estrategia comenzar\u00e1 tres semanas antes que el a\u00f1o pasado debido&hellip;\" \/>\n<meta property=\"og:url\" content=\"https:\/\/diariotextual.com\/inicio\/index.php\/2026\/03\/10\/gripe-mas-contagiosa-este-miercoles-comienza-la-campana-nacional-de-vacunacion\/\" \/>\n<meta property=\"og:site_name\" content=\"Diario Textual\" \/>\n<meta property=\"article:publisher\" content=\"https:\/\/www.facebook.com\/eltextual\" \/>\n<meta property=\"article:published_time\" content=\"2026-03-10T17:43:00+00:00\" \/>\n<meta property=\"article:modified_time\" content=\"2026-03-11T10:13:58+00:00\" \/>\n<meta property=\"og:image\" content=\"https:\/\/diariotextual.com\/inicio\/wp-content\/uploads\/2022\/03\/vacunaantigripal2022.jpg\" \/>\n\t<meta property=\"og:image:width\" content=\"700\" \/>\n\t<meta property=\"og:image:height\" content=\"466\" \/>\n\t<meta property=\"og:image:type\" content=\"image\/jpeg\" \/>\n<meta name=\"author\" content=\"Diario1 Diario1\" \/>\n<meta name=\"twitter:card\" content=\"summary_large_image\" \/>\n<meta name=\"twitter:creator\" content=\"@eltextual\" \/>\n<meta name=\"twitter:site\" content=\"@eltextual\" \/>\n<meta name=\"twitter:label1\" content=\"Escrito por\" \/>\n\t<meta name=\"twitter:data1\" content=\"Diario1 Diario1\" \/>\n\t<meta name=\"twitter:label2\" content=\"Tiempo de lectura\" \/>\n\t<meta name=\"twitter:data2\" content=\"5 minutos\" \/>\n<script type=\"application\/ld+json\" class=\"yoast-schema-graph\">{\"@context\":\"https:\\\/\\\/schema.org\",\"@graph\":[{\"@type\":\"Article\",\"@id\":\"https:\\\/\\\/diariotextual.com\\\/inicio\\\/index.php\\\/2026\\\/03\\\/10\\\/gripe-mas-contagiosa-este-miercoles-comienza-la-campana-nacional-de-vacunacion\\\/#article\",\"isPartOf\":{\"@id\":\"https:\\\/\\\/diariotextual.com\\\/inicio\\\/index.php\\\/2026\\\/03\\\/10\\\/gripe-mas-contagiosa-este-miercoles-comienza-la-campana-nacional-de-vacunacion\\\/\"},\"author\":{\"name\":\"Diario1 Diario1\",\"@id\":\"https:\\\/\\\/diariotextual.com\\\/inicio\\\/#\\\/schema\\\/person\\\/418fc4093c33e86ed41562db3508f958\"},\"headline\":\"Gripe \u201cm\u00e1s contagiosa\u201d: desde este mi\u00e9rcoles se empieza a vacunar en todos los centros de salud pampeanos\",\"datePublished\":\"2026-03-10T17:43:00+00:00\",\"dateModified\":\"2026-03-11T10:13:58+00:00\",\"mainEntityOfPage\":{\"@id\":\"https:\\\/\\\/diariotextual.com\\\/inicio\\\/index.php\\\/2026\\\/03\\\/10\\\/gripe-mas-contagiosa-este-miercoles-comienza-la-campana-nacional-de-vacunacion\\\/\"},\"wordCount\":940,\"publisher\":{\"@id\":\"https:\\\/\\\/diariotextual.com\\\/inicio\\\/#organization\"},\"image\":{\"@id\":\"https:\\\/\\\/diariotextual.com\\\/inicio\\\/index.php\\\/2026\\\/03\\\/10\\\/gripe-mas-contagiosa-este-miercoles-comienza-la-campana-nacional-de-vacunacion\\\/#primaryimage\"},\"thumbnailUrl\":\"https:\\\/\\\/diariotextual.com\\\/inicio\\\/wp-content\\\/uploads\\\/2022\\\/03\\\/vacunaantigripal2022.jpg\",\"articleSection\":[\"SOCIEDAD\"],\"inLanguage\":\"es\"},{\"@type\":\"WebPage\",\"@id\":\"https:\\\/\\\/diariotextual.com\\\/inicio\\\/index.php\\\/2026\\\/03\\\/10\\\/gripe-mas-contagiosa-este-miercoles-comienza-la-campana-nacional-de-vacunacion\\\/\",\"url\":\"https:\\\/\\\/diariotextual.com\\\/inicio\\\/index.php\\\/2026\\\/03\\\/10\\\/gripe-mas-contagiosa-este-miercoles-comienza-la-campana-nacional-de-vacunacion\\\/\",\"name\":\"Gripe \u201cm\u00e1s contagiosa\u201d: desde este mi\u00e9rcoles se empieza a vacunar en todos los centros de salud pampeanos - Diario Textual\",\"isPartOf\":{\"@id\":\"https:\\\/\\\/diariotextual.com\\\/inicio\\\/#website\"},\"primaryImageOfPage\":{\"@id\":\"https:\\\/\\\/diariotextual.com\\\/inicio\\\/index.php\\\/2026\\\/03\\\/10\\\/gripe-mas-contagiosa-este-miercoles-comienza-la-campana-nacional-de-vacunacion\\\/#primaryimage\"},\"image\":{\"@id\":\"https:\\\/\\\/diariotextual.com\\\/inicio\\\/index.php\\\/2026\\\/03\\\/10\\\/gripe-mas-contagiosa-este-miercoles-comienza-la-campana-nacional-de-vacunacion\\\/#primaryimage\"},\"thumbnailUrl\":\"https:\\\/\\\/diariotextual.com\\\/inicio\\\/wp-content\\\/uploads\\\/2022\\\/03\\\/vacunaantigripal2022.jpg\",\"datePublished\":\"2026-03-10T17:43:00+00:00\",\"dateModified\":\"2026-03-11T10:13:58+00:00\",\"breadcrumb\":{\"@id\":\"https:\\\/\\\/diariotextual.com\\\/inicio\\\/index.php\\\/2026\\\/03\\\/10\\\/gripe-mas-contagiosa-este-miercoles-comienza-la-campana-nacional-de-vacunacion\\\/#breadcrumb\"},\"inLanguage\":\"es\",\"potentialAction\":[{\"@type\":\"ReadAction\",\"target\":[\"https:\\\/\\\/diariotextual.com\\\/inicio\\\/index.php\\\/2026\\\/03\\\/10\\\/gripe-mas-contagiosa-este-miercoles-comienza-la-campana-nacional-de-vacunacion\\\/\"]}]},{\"@type\":\"ImageObject\",\"inLanguage\":\"es\",\"@id\":\"https:\\\/\\\/diariotextual.com\\\/inicio\\\/index.php\\\/2026\\\/03\\\/10\\\/gripe-mas-contagiosa-este-miercoles-comienza-la-campana-nacional-de-vacunacion\\\/#primaryimage\",\"url\":\"https:\\\/\\\/diariotextual.com\\\/inicio\\\/wp-content\\\/uploads\\\/2022\\\/03\\\/vacunaantigripal2022.jpg\",\"contentUrl\":\"https:\\\/\\\/diariotextual.com\\\/inicio\\\/wp-content\\\/uploads\\\/2022\\\/03\\\/vacunaantigripal2022.jpg\",\"width\":700,\"height\":466},{\"@type\":\"BreadcrumbList\",\"@id\":\"https:\\\/\\\/diariotextual.com\\\/inicio\\\/index.php\\\/2026\\\/03\\\/10\\\/gripe-mas-contagiosa-este-miercoles-comienza-la-campana-nacional-de-vacunacion\\\/#breadcrumb\",\"itemListElement\":[{\"@type\":\"ListItem\",\"position\":1,\"name\":\"Portada\",\"item\":\"https:\\\/\\\/diariotextual.com\\\/inicio\\\/\"},{\"@type\":\"ListItem\",\"position\":2,\"name\":\"Gripe \u201cm\u00e1s contagiosa\u201d: desde este mi\u00e9rcoles se empieza a vacunar en todos los centros de salud pampeanos\"}]},{\"@type\":\"WebSite\",\"@id\":\"https:\\\/\\\/diariotextual.com\\\/inicio\\\/#website\",\"url\":\"https:\\\/\\\/diariotextual.com\\\/inicio\\\/\",\"name\":\"Diario Textual\",\"description\":\"\",\"publisher\":{\"@id\":\"https:\\\/\\\/diariotextual.com\\\/inicio\\\/#organization\"},\"potentialAction\":[{\"@type\":\"SearchAction\",\"target\":{\"@type\":\"EntryPoint\",\"urlTemplate\":\"https:\\\/\\\/diariotextual.com\\\/inicio\\\/?s={search_term_string}\"},\"query-input\":{\"@type\":\"PropertyValueSpecification\",\"valueRequired\":true,\"valueName\":\"search_term_string\"}}],\"inLanguage\":\"es\"},{\"@type\":\"Organization\",\"@id\":\"https:\\\/\\\/diariotextual.com\\\/inicio\\\/#organization\",\"name\":\"Diario Textual\",\"url\":\"https:\\\/\\\/diariotextual.com\\\/inicio\\\/\",\"logo\":{\"@type\":\"ImageObject\",\"inLanguage\":\"es\",\"@id\":\"https:\\\/\\\/diariotextual.com\\\/inicio\\\/#\\\/schema\\\/logo\\\/image\\\/\",\"url\":\"https:\\\/\\\/diariotextual.com\\\/inicio\\\/wp-content\\\/uploads\\\/2023\\\/05\\\/logotextual1.jpg\",\"contentUrl\":\"https:\\\/\\\/diariotextual.com\\\/inicio\\\/wp-content\\\/uploads\\\/2023\\\/05\\\/logotextual1.jpg\",\"width\":516,\"height\":76,\"caption\":\"Diario Textual\"},\"image\":{\"@id\":\"https:\\\/\\\/diariotextual.com\\\/inicio\\\/#\\\/schema\\\/logo\\\/image\\\/\"},\"sameAs\":[\"https:\\\/\\\/www.facebook.com\\\/eltextual\",\"https:\\\/\\\/x.com\\\/eltextual\",\"http:\\\/\\\/www.instagram.com\\\/eltextual\"]},{\"@type\":\"Person\",\"@id\":\"https:\\\/\\\/diariotextual.com\\\/inicio\\\/#\\\/schema\\\/person\\\/418fc4093c33e86ed41562db3508f958\",\"name\":\"Diario1 Diario1\",\"image\":{\"@type\":\"ImageObject\",\"inLanguage\":\"es\",\"@id\":\"https:\\\/\\\/secure.gravatar.com\\\/avatar\\\/9167d280179c85bc18be67aa7eda765854300033af4896dd779b608640f2ef7a?s=96&d=mm&r=g\",\"url\":\"https:\\\/\\\/secure.gravatar.com\\\/avatar\\\/9167d280179c85bc18be67aa7eda765854300033af4896dd779b608640f2ef7a?s=96&d=mm&r=g\",\"contentUrl\":\"https:\\\/\\\/secure.gravatar.com\\\/avatar\\\/9167d280179c85bc18be67aa7eda765854300033af4896dd779b608640f2ef7a?s=96&d=mm&r=g\",\"caption\":\"Diario1 Diario1\"},\"url\":\"https:\\\/\\\/diariotextual.com\\\/inicio\\\/index.php\\\/author\\\/diario1\\\/\"}]}<\/script>\n<!-- \/ Yoast SEO plugin. -->","yoast_head_json":{"title":"Gripe \u201cm\u00e1s contagiosa\u201d: desde este mi\u00e9rcoles se empieza a vacunar en todos los centros de salud pampeanos - Diario Textual","robots":{"index":"index","follow":"follow","max-snippet":"max-snippet:-1","max-image-preview":"max-image-preview:large","max-video-preview":"max-video-preview:-1"},"canonical":"https:\/\/diariotextual.com\/inicio\/index.php\/2026\/03\/10\/gripe-mas-contagiosa-este-miercoles-comienza-la-campana-nacional-de-vacunacion\/","og_locale":"es_ES","og_type":"article","og_title":"Gripe \u201cm\u00e1s contagiosa\u201d: desde este mi\u00e9rcoles se empieza a vacunar en todos los centros de salud pampeanos - Diario Textual","og_description":"Este mi\u00e9rcoles 11 de marzo se pondr\u00e1 en marcha la campa\u00f1a de vacunaci\u00f3n antigripal 2026 en todo el pa\u00eds. La estrategia comenzar\u00e1 tres semanas antes que el a\u00f1o pasado debido&hellip;","og_url":"https:\/\/diariotextual.com\/inicio\/index.php\/2026\/03\/10\/gripe-mas-contagiosa-este-miercoles-comienza-la-campana-nacional-de-vacunacion\/","og_site_name":"Diario Textual","article_publisher":"https:\/\/www.facebook.com\/eltextual","article_published_time":"2026-03-10T17:43:00+00:00","article_modified_time":"2026-03-11T10:13:58+00:00","og_image":[{"width":700,"height":466,"url":"https:\/\/diariotextual.com\/inicio\/wp-content\/uploads\/2022\/03\/vacunaantigripal2022.jpg","type":"image\/jpeg"}],"author":"Diario1 Diario1","twitter_card":"summary_large_image","twitter_creator":"@eltextual","twitter_site":"@eltextual","twitter_misc":{"Escrito por":"Diario1 Diario1","Tiempo de lectura":"5 minutos"},"schema":{"@context":"https:\/\/schema.org","@graph":[{"@type":"Article","@id":"https:\/\/diariotextual.com\/inicio\/index.php\/2026\/03\/10\/gripe-mas-contagiosa-este-miercoles-comienza-la-campana-nacional-de-vacunacion\/#article","isPartOf":{"@id":"https:\/\/diariotextual.com\/inicio\/index.php\/2026\/03\/10\/gripe-mas-contagiosa-este-miercoles-comienza-la-campana-nacional-de-vacunacion\/"},"author":{"name":"Diario1 Diario1","@id":"https:\/\/diariotextual.com\/inicio\/#\/schema\/person\/418fc4093c33e86ed41562db3508f958"},"headline":"Gripe \u201cm\u00e1s contagiosa\u201d: desde este mi\u00e9rcoles se empieza a vacunar en todos los centros de salud pampeanos","datePublished":"2026-03-10T17:43:00+00:00","dateModified":"2026-03-11T10:13:58+00:00","mainEntityOfPage":{"@id":"https:\/\/diariotextual.com\/inicio\/index.php\/2026\/03\/10\/gripe-mas-contagiosa-este-miercoles-comienza-la-campana-nacional-de-vacunacion\/"},"wordCount":940,"publisher":{"@id":"https:\/\/diariotextual.com\/inicio\/#organization"},"image":{"@id":"https:\/\/diariotextual.com\/inicio\/index.php\/2026\/03\/10\/gripe-mas-contagiosa-este-miercoles-comienza-la-campana-nacional-de-vacunacion\/#primaryimage"},"thumbnailUrl":"https:\/\/diariotextual.com\/inicio\/wp-content\/uploads\/2022\/03\/vacunaantigripal2022.jpg","articleSection":["SOCIEDAD"],"inLanguage":"es"},{"@type":"WebPage","@id":"https:\/\/diariotextual.com\/inicio\/index.php\/2026\/03\/10\/gripe-mas-contagiosa-este-miercoles-comienza-la-campana-nacional-de-vacunacion\/","url":"https:\/\/diariotextual.com\/inicio\/index.php\/2026\/03\/10\/gripe-mas-contagiosa-este-miercoles-comienza-la-campana-nacional-de-vacunacion\/","name":"Gripe \u201cm\u00e1s contagiosa\u201d: desde este mi\u00e9rcoles se empieza a vacunar en todos los centros de salud pampeanos - Diario Textual","isPartOf":{"@id":"https:\/\/diariotextual.com\/inicio\/#website"},"primaryImageOfPage":{"@id":"https:\/\/diariotextual.com\/inicio\/index.php\/2026\/03\/10\/gripe-mas-contagiosa-este-miercoles-comienza-la-campana-nacional-de-vacunacion\/#primaryimage"},"image":{"@id":"https:\/\/diariotextual.com\/inicio\/index.php\/2026\/03\/10\/gripe-mas-contagiosa-este-miercoles-comienza-la-campana-nacional-de-vacunacion\/#primaryimage"},"thumbnailUrl":"https:\/\/diariotextual.com\/inicio\/wp-content\/uploads\/2022\/03\/vacunaantigripal2022.jpg","datePublished":"2026-03-10T17:43:00+00:00","dateModified":"2026-03-11T10:13:58+00:00","breadcrumb":{"@id":"https:\/\/diariotextual.com\/inicio\/index.php\/2026\/03\/10\/gripe-mas-contagiosa-este-miercoles-comienza-la-campana-nacional-de-vacunacion\/#breadcrumb"},"inLanguage":"es","potentialAction":[{"@type":"ReadAction","target":["https:\/\/diariotextual.com\/inicio\/index.php\/2026\/03\/10\/gripe-mas-contagiosa-este-miercoles-comienza-la-campana-nacional-de-vacunacion\/"]}]},{"@type":"ImageObject","inLanguage":"es","@id":"https:\/\/diariotextual.com\/inicio\/index.php\/2026\/03\/10\/gripe-mas-contagiosa-este-miercoles-comienza-la-campana-nacional-de-vacunacion\/#primaryimage","url":"https:\/\/diariotextual.com\/inicio\/wp-content\/uploads\/2022\/03\/vacunaantigripal2022.jpg","contentUrl":"https:\/\/diariotextual.com\/inicio\/wp-content\/uploads\/2022\/03\/vacunaantigripal2022.jpg","width":700,"height":466},{"@type":"BreadcrumbList","@id":"https:\/\/diariotextual.com\/inicio\/index.php\/2026\/03\/10\/gripe-mas-contagiosa-este-miercoles-comienza-la-campana-nacional-de-vacunacion\/#breadcrumb","itemListElement":[{"@type":"ListItem","position":1,"name":"Portada","item":"https:\/\/diariotextual.com\/inicio\/"},{"@type":"ListItem","position":2,"name":"Gripe \u201cm\u00e1s contagiosa\u201d: desde este mi\u00e9rcoles se empieza a vacunar en todos los centros de salud pampeanos"}]},{"@type":"WebSite","@id":"https:\/\/diariotextual.com\/inicio\/#website","url":"https:\/\/diariotextual.com\/inicio\/","name":"Diario Textual","description":"","publisher":{"@id":"https:\/\/diariotextual.com\/inicio\/#organization"},"potentialAction":[{"@type":"SearchAction","target":{"@type":"EntryPoint","urlTemplate":"https:\/\/diariotextual.com\/inicio\/?s={search_term_string}"},"query-input":{"@type":"PropertyValueSpecification","valueRequired":true,"valueName":"search_term_string"}}],"inLanguage":"es"},{"@type":"Organization","@id":"https:\/\/diariotextual.com\/inicio\/#organization","name":"Diario Textual","url":"https:\/\/diariotextual.com\/inicio\/","logo":{"@type":"ImageObject","inLanguage":"es","@id":"https:\/\/diariotextual.com\/inicio\/#\/schema\/logo\/image\/","url":"https:\/\/diariotextual.com\/inicio\/wp-content\/uploads\/2023\/05\/logotextual1.jpg","contentUrl":"https:\/\/diariotextual.com\/inicio\/wp-content\/uploads\/2023\/05\/logotextual1.jpg","width":516,"height":76,"caption":"Diario Textual"},"image":{"@id":"https:\/\/diariotextual.com\/inicio\/#\/schema\/logo\/image\/"},"sameAs":["https:\/\/www.facebook.com\/eltextual","https:\/\/x.com\/eltextual","http:\/\/www.instagram.com\/eltextual"]},{"@type":"Person","@id":"https:\/\/diariotextual.com\/inicio\/#\/schema\/person\/418fc4093c33e86ed41562db3508f958","name":"Diario1 Diario1","image":{"@type":"ImageObject","inLanguage":"es","@id":"https:\/\/secure.gravatar.com\/avatar\/9167d280179c85bc18be67aa7eda765854300033af4896dd779b608640f2ef7a?s=96&d=mm&r=g","url":"https:\/\/secure.gravatar.com\/avatar\/9167d280179c85bc18be67aa7eda765854300033af4896dd779b608640f2ef7a?s=96&d=mm&r=g","contentUrl":"https:\/\/secure.gravatar.com\/avatar\/9167d280179c85bc18be67aa7eda765854300033af4896dd779b608640f2ef7a?s=96&d=mm&r=g","caption":"Diario1 Diario1"},"url":"https:\/\/diariotextual.com\/inicio\/index.php\/author\/diario1\/"}]}},"_links":{"self":[{"href":"https:\/\/diariotextual.com\/inicio\/index.php\/wp-json\/wp\/v2\/posts\/321826","targetHints":{"allow":["GET"]}}],"collection":[{"href":"https:\/\/diariotextual.com\/inicio\/index.php\/wp-json\/wp\/v2\/posts"}],"about":[{"href":"https:\/\/diariotextual.com\/inicio\/index.php\/wp-json\/wp\/v2\/types\/post"}],"author":[{"embeddable":true,"href":"https:\/\/diariotextual.com\/inicio\/index.php\/wp-json\/wp\/v2\/users\/3"}],"replies":[{"embeddable":true,"href":"https:\/\/diariotextual.com\/inicio\/index.php\/wp-json\/wp\/v2\/comments?post=321826"}],"version-history":[{"count":4,"href":"https:\/\/diariotextual.com\/inicio\/index.php\/wp-json\/wp\/v2\/posts\/321826\/revisions"}],"predecessor-version":[{"id":321867,"href":"https:\/\/diariotextual.com\/inicio\/index.php\/wp-json\/wp\/v2\/posts\/321826\/revisions\/321867"}],"wp:featuredmedia":[{"embeddable":true,"href":"https:\/\/diariotextual.com\/inicio\/index.php\/wp-json\/wp\/v2\/media\/182668"}],"wp:attachment":[{"href":"https:\/\/diariotextual.com\/inicio\/index.php\/wp-json\/wp\/v2\/media?parent=321826"}],"wp:term":[{"taxonomy":"category","embeddable":true,"href":"https:\/\/diariotextual.com\/inicio\/index.php\/wp-json\/wp\/v2\/categories?post=321826"},{"taxonomy":"post_tag","embeddable":true,"href":"https:\/\/diariotextual.com\/inicio\/index.php\/wp-json\/wp\/v2\/tags?post=321826"}],"curies":[{"name":"wp","href":"https:\/\/api.w.org\/{rel}","templated":true}]}}