{"id":321856,"date":"2026-03-10T13:16:38","date_gmt":"2026-03-10T16:16:38","guid":{"rendered":"https:\/\/diariotextual.com\/inicio\/?p=321856"},"modified":"2026-03-10T14:48:08","modified_gmt":"2026-03-10T17:48:08","slug":"quemu-patino-fue-condenado-a-13-anos-de-prision-por-el-homicidio-de-adriel-torres","status":"publish","type":"post","link":"https:\/\/diariotextual.com\/inicio\/index.php\/2026\/03\/10\/quemu-patino-fue-condenado-a-13-anos-de-prision-por-el-homicidio-de-adriel-torres\/","title":{"rendered":"Quem\u00fa: Pati\u00f1o fue condenado a 13 a\u00f1os de prisi\u00f3n por el homicidio de Adriel Torres"},"content":{"rendered":"\n<p>La Audiencia de Juicio de General Pico conden\u00f3 hoy a Brian Lihue Pati\u00f1o a 13 a\u00f1os de prisi\u00f3n, por ser autor del delito de homicidio simple en perjuicio de Axel Adriel Torres, y homicidio simple, en grado de tentativa y en calidad de coautor, en perjuicio de Brian Dami\u00e1n Sauter.<\/p>\n\n\n\n<p>Adem\u00e1s fueron condenados Dylan Mateo Burgos (23 a\u00f1os) a tres a\u00f1os de prisi\u00f3n de cumplimiento efectivo como autor de los delitos de lesiones graves y lesiones leves contra Torres y Sauter, respectivamente; y Tom\u00e1s Agust\u00edn Pati\u00f1o (23) a un a\u00f1o de prisi\u00f3n en suspenso por lesiones leves contra ambas v\u00edctimas.<\/p>\n\n\n\n<p>El Tribunal orden\u00f3 la libertad inmediata de Tom\u00e1s Pati\u00f1o y le impuso el cumplimiento de las siguientes reglas de conducta por dos a\u00f1os: a) fijar domicilio y no modificarlo sin informarlo al juez de ejecuci\u00f3n; b) someterse al control del Ente de Pol\u00edticas Socializadoras; y c) prohibici\u00f3n de acercamiento y contacto con Sauter .<\/p>\n\n\n\n<p>Con respecto a los dos menores acusados \u2013que hoy tienen 18 a\u00f1os\u2013, la Audiencia los absolvi\u00f3 del delito de lesiones leves en dos hechos. Tambi\u00e9n fueron absueltos Brian Pati\u00f1o (21) y Dylan Burgos por ese mismo delito en perjuicio de Mat\u00edas Purreta.<\/p>\n\n\n\n<p>La sentencia fue dictada por la jueza Mar\u00eda Jos\u00e9 Gianinetto&nbsp;y los jueces Marcelo Luis Pagano y Carlos Federico Pellegrino.<\/p>\n\n\n\n<p>Los hechos probados ocurrieron el 11 de agosto de 2024, a primera hora de la ma\u00f1ana en Quem\u00fa Quem\u00fa, cuando los imputados agredieron a las v\u00edctimas en la v\u00eda p\u00fablica.<\/p>\n\n\n\n<p><\/p>\n","protected":false},"excerpt":{"rendered":"<p>La Audiencia de Juicio de General Pico conden\u00f3 hoy a Brian Lihue Pati\u00f1o a 13 a\u00f1os de prisi\u00f3n, por ser autor del delito de homicidio simple en perjuicio de Axel&hellip;<\/p>\n","protected":false},"author":3,"featured_media":304035,"comment_status":"closed","ping_status":"open","sticky":false,"template":"","format":"standard","meta":{"_acf_changed":false,"footnotes":""},"categories":[1,12],"tags":[],"class_list":["post-321856","post","type-post","status-publish","format-standard","has-post-thumbnail","hentry","category-es-noticia","category-sociedad"],"acf":[],"yoast_head":"<!-- This site is optimized with the Yoast SEO plugin v27.5 - https:\/\/yoast.com\/product\/yoast-seo-wordpress\/ -->\n<title>Quem\u00fa: Pati\u00f1o fue condenado a 13 a\u00f1os de prisi\u00f3n por el homicidio de Adriel Torres - Diario Textual<\/title>\n<meta name=\"robots\" content=\"index, follow, max-snippet:-1, max-image-preview:large, max-video-preview:-1\" \/>\n<link rel=\"canonical\" href=\"https:\/\/diariotextual.com\/inicio\/index.php\/2026\/03\/10\/quemu-patino-fue-condenado-a-13-anos-de-prision-por-el-homicidio-de-adriel-torres\/\" \/>\n<meta property=\"og:locale\" content=\"es_ES\" \/>\n<meta property=\"og:type\" content=\"article\" \/>\n<meta property=\"og:title\" content=\"Quem\u00fa: Pati\u00f1o fue condenado a 13 a\u00f1os de prisi\u00f3n por el homicidio de Adriel Torres - Diario Textual\" \/>\n<meta property=\"og:description\" content=\"La Audiencia de Juicio de General Pico conden\u00f3 hoy a Brian Lihue Pati\u00f1o a 13 a\u00f1os de prisi\u00f3n, por ser autor del delito de homicidio simple en perjuicio de Axel&hellip;\" \/>\n<meta property=\"og:url\" content=\"https:\/\/diariotextual.com\/inicio\/index.php\/2026\/03\/10\/quemu-patino-fue-condenado-a-13-anos-de-prision-por-el-homicidio-de-adriel-torres\/\" \/>\n<meta property=\"og:site_name\" content=\"Diario Textual\" \/>\n<meta property=\"article:publisher\" content=\"https:\/\/www.facebook.com\/eltextual\" \/>\n<meta property=\"article:published_time\" content=\"2026-03-10T16:16:38+00:00\" \/>\n<meta property=\"article:modified_time\" content=\"2026-03-10T17:48:08+00:00\" \/>\n<meta property=\"og:image\" content=\"https:\/\/diariotextual.com\/inicio\/wp-content\/uploads\/2025\/08\/torresadrielcrimenquemu2025-7.jpg\" \/>\n\t<meta property=\"og:image:width\" content=\"669\" \/>\n\t<meta property=\"og:image:height\" content=\"410\" \/>\n\t<meta property=\"og:image:type\" content=\"image\/jpeg\" \/>\n<meta name=\"author\" content=\"Diario1 Diario1\" \/>\n<meta name=\"twitter:card\" content=\"summary_large_image\" \/>\n<meta name=\"twitter:creator\" content=\"@eltextual\" \/>\n<meta name=\"twitter:site\" content=\"@eltextual\" \/>\n<meta name=\"twitter:label1\" content=\"Escrito por\" \/>\n\t<meta name=\"twitter:data1\" content=\"Diario1 Diario1\" \/>\n\t<meta name=\"twitter:label2\" content=\"Tiempo de lectura\" \/>\n\t<meta name=\"twitter:data2\" content=\"2 minutos\" \/>\n<script type=\"application\/ld+json\" class=\"yoast-schema-graph\">{\"@context\":\"https:\\\/\\\/schema.org\",\"@graph\":[{\"@type\":\"Article\",\"@id\":\"https:\\\/\\\/diariotextual.com\\\/inicio\\\/index.php\\\/2026\\\/03\\\/10\\\/quemu-patino-fue-condenado-a-13-anos-de-prision-por-el-homicidio-de-adriel-torres\\\/#article\",\"isPartOf\":{\"@id\":\"https:\\\/\\\/diariotextual.com\\\/inicio\\\/index.php\\\/2026\\\/03\\\/10\\\/quemu-patino-fue-condenado-a-13-anos-de-prision-por-el-homicidio-de-adriel-torres\\\/\"},\"author\":{\"name\":\"Diario1 Diario1\",\"@id\":\"https:\\\/\\\/diariotextual.com\\\/inicio\\\/#\\\/schema\\\/person\\\/418fc4093c33e86ed41562db3508f958\"},\"headline\":\"Quem\u00fa: Pati\u00f1o fue condenado a 13 a\u00f1os de prisi\u00f3n por el homicidio de Adriel Torres\",\"datePublished\":\"2026-03-10T16:16:38+00:00\",\"dateModified\":\"2026-03-10T17:48:08+00:00\",\"mainEntityOfPage\":{\"@id\":\"https:\\\/\\\/diariotextual.com\\\/inicio\\\/index.php\\\/2026\\\/03\\\/10\\\/quemu-patino-fue-condenado-a-13-anos-de-prision-por-el-homicidio-de-adriel-torres\\\/\"},\"wordCount\":285,\"publisher\":{\"@id\":\"https:\\\/\\\/diariotextual.com\\\/inicio\\\/#organization\"},\"image\":{\"@id\":\"https:\\\/\\\/diariotextual.com\\\/inicio\\\/index.php\\\/2026\\\/03\\\/10\\\/quemu-patino-fue-condenado-a-13-anos-de-prision-por-el-homicidio-de-adriel-torres\\\/#primaryimage\"},\"thumbnailUrl\":\"https:\\\/\\\/diariotextual.com\\\/inicio\\\/wp-content\\\/uploads\\\/2025\\\/08\\\/torresadrielcrimenquemu2025-7.jpg\",\"articleSection\":[\"A - ES NOTICIA (van abajo)\",\"SOCIEDAD\"],\"inLanguage\":\"es\"},{\"@type\":\"WebPage\",\"@id\":\"https:\\\/\\\/diariotextual.com\\\/inicio\\\/index.php\\\/2026\\\/03\\\/10\\\/quemu-patino-fue-condenado-a-13-anos-de-prision-por-el-homicidio-de-adriel-torres\\\/\",\"url\":\"https:\\\/\\\/diariotextual.com\\\/inicio\\\/index.php\\\/2026\\\/03\\\/10\\\/quemu-patino-fue-condenado-a-13-anos-de-prision-por-el-homicidio-de-adriel-torres\\\/\",\"name\":\"Quem\u00fa: Pati\u00f1o fue condenado a 13 a\u00f1os de prisi\u00f3n por el homicidio de Adriel Torres - Diario Textual\",\"isPartOf\":{\"@id\":\"https:\\\/\\\/diariotextual.com\\\/inicio\\\/#website\"},\"primaryImageOfPage\":{\"@id\":\"https:\\\/\\\/diariotextual.com\\\/inicio\\\/index.php\\\/2026\\\/03\\\/10\\\/quemu-patino-fue-condenado-a-13-anos-de-prision-por-el-homicidio-de-adriel-torres\\\/#primaryimage\"},\"image\":{\"@id\":\"https:\\\/\\\/diariotextual.com\\\/inicio\\\/index.php\\\/2026\\\/03\\\/10\\\/quemu-patino-fue-condenado-a-13-anos-de-prision-por-el-homicidio-de-adriel-torres\\\/#primaryimage\"},\"thumbnailUrl\":\"https:\\\/\\\/diariotextual.com\\\/inicio\\\/wp-content\\\/uploads\\\/2025\\\/08\\\/torresadrielcrimenquemu2025-7.jpg\",\"datePublished\":\"2026-03-10T16:16:38+00:00\",\"dateModified\":\"2026-03-10T17:48:08+00:00\",\"breadcrumb\":{\"@id\":\"https:\\\/\\\/diariotextual.com\\\/inicio\\\/index.php\\\/2026\\\/03\\\/10\\\/quemu-patino-fue-condenado-a-13-anos-de-prision-por-el-homicidio-de-adriel-torres\\\/#breadcrumb\"},\"inLanguage\":\"es\",\"potentialAction\":[{\"@type\":\"ReadAction\",\"target\":[\"https:\\\/\\\/diariotextual.com\\\/inicio\\\/index.php\\\/2026\\\/03\\\/10\\\/quemu-patino-fue-condenado-a-13-anos-de-prision-por-el-homicidio-de-adriel-torres\\\/\"]}]},{\"@type\":\"ImageObject\",\"inLanguage\":\"es\",\"@id\":\"https:\\\/\\\/diariotextual.com\\\/inicio\\\/index.php\\\/2026\\\/03\\\/10\\\/quemu-patino-fue-condenado-a-13-anos-de-prision-por-el-homicidio-de-adriel-torres\\\/#primaryimage\",\"url\":\"https:\\\/\\\/diariotextual.com\\\/inicio\\\/wp-content\\\/uploads\\\/2025\\\/08\\\/torresadrielcrimenquemu2025-7.jpg\",\"contentUrl\":\"https:\\\/\\\/diariotextual.com\\\/inicio\\\/wp-content\\\/uploads\\\/2025\\\/08\\\/torresadrielcrimenquemu2025-7.jpg\",\"width\":669,\"height\":410},{\"@type\":\"BreadcrumbList\",\"@id\":\"https:\\\/\\\/diariotextual.com\\\/inicio\\\/index.php\\\/2026\\\/03\\\/10\\\/quemu-patino-fue-condenado-a-13-anos-de-prision-por-el-homicidio-de-adriel-torres\\\/#breadcrumb\",\"itemListElement\":[{\"@type\":\"ListItem\",\"position\":1,\"name\":\"Portada\",\"item\":\"https:\\\/\\\/diariotextual.com\\\/inicio\\\/\"},{\"@type\":\"ListItem\",\"position\":2,\"name\":\"Quem\u00fa: Pati\u00f1o fue condenado a 13 a\u00f1os de prisi\u00f3n por el homicidio de Adriel Torres\"}]},{\"@type\":\"WebSite\",\"@id\":\"https:\\\/\\\/diariotextual.com\\\/inicio\\\/#website\",\"url\":\"https:\\\/\\\/diariotextual.com\\\/inicio\\\/\",\"name\":\"Diario Textual\",\"description\":\"\",\"publisher\":{\"@id\":\"https:\\\/\\\/diariotextual.com\\\/inicio\\\/#organization\"},\"potentialAction\":[{\"@type\":\"SearchAction\",\"target\":{\"@type\":\"EntryPoint\",\"urlTemplate\":\"https:\\\/\\\/diariotextual.com\\\/inicio\\\/?s={search_term_string}\"},\"query-input\":{\"@type\":\"PropertyValueSpecification\",\"valueRequired\":true,\"valueName\":\"search_term_string\"}}],\"inLanguage\":\"es\"},{\"@type\":\"Organization\",\"@id\":\"https:\\\/\\\/diariotextual.com\\\/inicio\\\/#organization\",\"name\":\"Diario Textual\",\"url\":\"https:\\\/\\\/diariotextual.com\\\/inicio\\\/\",\"logo\":{\"@type\":\"ImageObject\",\"inLanguage\":\"es\",\"@id\":\"https:\\\/\\\/diariotextual.com\\\/inicio\\\/#\\\/schema\\\/logo\\\/image\\\/\",\"url\":\"https:\\\/\\\/diariotextual.com\\\/inicio\\\/wp-content\\\/uploads\\\/2023\\\/05\\\/logotextual1.jpg\",\"contentUrl\":\"https:\\\/\\\/diariotextual.com\\\/inicio\\\/wp-content\\\/uploads\\\/2023\\\/05\\\/logotextual1.jpg\",\"width\":516,\"height\":76,\"caption\":\"Diario Textual\"},\"image\":{\"@id\":\"https:\\\/\\\/diariotextual.com\\\/inicio\\\/#\\\/schema\\\/logo\\\/image\\\/\"},\"sameAs\":[\"https:\\\/\\\/www.facebook.com\\\/eltextual\",\"https:\\\/\\\/x.com\\\/eltextual\",\"http:\\\/\\\/www.instagram.com\\\/eltextual\"]},{\"@type\":\"Person\",\"@id\":\"https:\\\/\\\/diariotextual.com\\\/inicio\\\/#\\\/schema\\\/person\\\/418fc4093c33e86ed41562db3508f958\",\"name\":\"Diario1 Diario1\",\"image\":{\"@type\":\"ImageObject\",\"inLanguage\":\"es\",\"@id\":\"https:\\\/\\\/secure.gravatar.com\\\/avatar\\\/9167d280179c85bc18be67aa7eda765854300033af4896dd779b608640f2ef7a?s=96&d=mm&r=g\",\"url\":\"https:\\\/\\\/secure.gravatar.com\\\/avatar\\\/9167d280179c85bc18be67aa7eda765854300033af4896dd779b608640f2ef7a?s=96&d=mm&r=g\",\"contentUrl\":\"https:\\\/\\\/secure.gravatar.com\\\/avatar\\\/9167d280179c85bc18be67aa7eda765854300033af4896dd779b608640f2ef7a?s=96&d=mm&r=g\",\"caption\":\"Diario1 Diario1\"},\"url\":\"https:\\\/\\\/diariotextual.com\\\/inicio\\\/index.php\\\/author\\\/diario1\\\/\"}]}<\/script>\n<!-- \/ Yoast SEO plugin. -->","yoast_head_json":{"title":"Quem\u00fa: Pati\u00f1o fue condenado a 13 a\u00f1os de prisi\u00f3n por el homicidio de Adriel Torres - Diario Textual","robots":{"index":"index","follow":"follow","max-snippet":"max-snippet:-1","max-image-preview":"max-image-preview:large","max-video-preview":"max-video-preview:-1"},"canonical":"https:\/\/diariotextual.com\/inicio\/index.php\/2026\/03\/10\/quemu-patino-fue-condenado-a-13-anos-de-prision-por-el-homicidio-de-adriel-torres\/","og_locale":"es_ES","og_type":"article","og_title":"Quem\u00fa: Pati\u00f1o fue condenado a 13 a\u00f1os de prisi\u00f3n por el homicidio de Adriel Torres - Diario Textual","og_description":"La Audiencia de Juicio de General Pico conden\u00f3 hoy a Brian Lihue Pati\u00f1o a 13 a\u00f1os de prisi\u00f3n, por ser autor del delito de homicidio simple en perjuicio de Axel&hellip;","og_url":"https:\/\/diariotextual.com\/inicio\/index.php\/2026\/03\/10\/quemu-patino-fue-condenado-a-13-anos-de-prision-por-el-homicidio-de-adriel-torres\/","og_site_name":"Diario Textual","article_publisher":"https:\/\/www.facebook.com\/eltextual","article_published_time":"2026-03-10T16:16:38+00:00","article_modified_time":"2026-03-10T17:48:08+00:00","og_image":[{"width":669,"height":410,"url":"https:\/\/diariotextual.com\/inicio\/wp-content\/uploads\/2025\/08\/torresadrielcrimenquemu2025-7.jpg","type":"image\/jpeg"}],"author":"Diario1 Diario1","twitter_card":"summary_large_image","twitter_creator":"@eltextual","twitter_site":"@eltextual","twitter_misc":{"Escrito por":"Diario1 Diario1","Tiempo de lectura":"2 minutos"},"schema":{"@context":"https:\/\/schema.org","@graph":[{"@type":"Article","@id":"https:\/\/diariotextual.com\/inicio\/index.php\/2026\/03\/10\/quemu-patino-fue-condenado-a-13-anos-de-prision-por-el-homicidio-de-adriel-torres\/#article","isPartOf":{"@id":"https:\/\/diariotextual.com\/inicio\/index.php\/2026\/03\/10\/quemu-patino-fue-condenado-a-13-anos-de-prision-por-el-homicidio-de-adriel-torres\/"},"author":{"name":"Diario1 Diario1","@id":"https:\/\/diariotextual.com\/inicio\/#\/schema\/person\/418fc4093c33e86ed41562db3508f958"},"headline":"Quem\u00fa: Pati\u00f1o fue condenado a 13 a\u00f1os de prisi\u00f3n por el homicidio de Adriel Torres","datePublished":"2026-03-10T16:16:38+00:00","dateModified":"2026-03-10T17:48:08+00:00","mainEntityOfPage":{"@id":"https:\/\/diariotextual.com\/inicio\/index.php\/2026\/03\/10\/quemu-patino-fue-condenado-a-13-anos-de-prision-por-el-homicidio-de-adriel-torres\/"},"wordCount":285,"publisher":{"@id":"https:\/\/diariotextual.com\/inicio\/#organization"},"image":{"@id":"https:\/\/diariotextual.com\/inicio\/index.php\/2026\/03\/10\/quemu-patino-fue-condenado-a-13-anos-de-prision-por-el-homicidio-de-adriel-torres\/#primaryimage"},"thumbnailUrl":"https:\/\/diariotextual.com\/inicio\/wp-content\/uploads\/2025\/08\/torresadrielcrimenquemu2025-7.jpg","articleSection":["A - ES NOTICIA (van abajo)","SOCIEDAD"],"inLanguage":"es"},{"@type":"WebPage","@id":"https:\/\/diariotextual.com\/inicio\/index.php\/2026\/03\/10\/quemu-patino-fue-condenado-a-13-anos-de-prision-por-el-homicidio-de-adriel-torres\/","url":"https:\/\/diariotextual.com\/inicio\/index.php\/2026\/03\/10\/quemu-patino-fue-condenado-a-13-anos-de-prision-por-el-homicidio-de-adriel-torres\/","name":"Quem\u00fa: Pati\u00f1o fue condenado a 13 a\u00f1os de prisi\u00f3n por el homicidio de Adriel Torres - Diario Textual","isPartOf":{"@id":"https:\/\/diariotextual.com\/inicio\/#website"},"primaryImageOfPage":{"@id":"https:\/\/diariotextual.com\/inicio\/index.php\/2026\/03\/10\/quemu-patino-fue-condenado-a-13-anos-de-prision-por-el-homicidio-de-adriel-torres\/#primaryimage"},"image":{"@id":"https:\/\/diariotextual.com\/inicio\/index.php\/2026\/03\/10\/quemu-patino-fue-condenado-a-13-anos-de-prision-por-el-homicidio-de-adriel-torres\/#primaryimage"},"thumbnailUrl":"https:\/\/diariotextual.com\/inicio\/wp-content\/uploads\/2025\/08\/torresadrielcrimenquemu2025-7.jpg","datePublished":"2026-03-10T16:16:38+00:00","dateModified":"2026-03-10T17:48:08+00:00","breadcrumb":{"@id":"https:\/\/diariotextual.com\/inicio\/index.php\/2026\/03\/10\/quemu-patino-fue-condenado-a-13-anos-de-prision-por-el-homicidio-de-adriel-torres\/#breadcrumb"},"inLanguage":"es","potentialAction":[{"@type":"ReadAction","target":["https:\/\/diariotextual.com\/inicio\/index.php\/2026\/03\/10\/quemu-patino-fue-condenado-a-13-anos-de-prision-por-el-homicidio-de-adriel-torres\/"]}]},{"@type":"ImageObject","inLanguage":"es","@id":"https:\/\/diariotextual.com\/inicio\/index.php\/2026\/03\/10\/quemu-patino-fue-condenado-a-13-anos-de-prision-por-el-homicidio-de-adriel-torres\/#primaryimage","url":"https:\/\/diariotextual.com\/inicio\/wp-content\/uploads\/2025\/08\/torresadrielcrimenquemu2025-7.jpg","contentUrl":"https:\/\/diariotextual.com\/inicio\/wp-content\/uploads\/2025\/08\/torresadrielcrimenquemu2025-7.jpg","width":669,"height":410},{"@type":"BreadcrumbList","@id":"https:\/\/diariotextual.com\/inicio\/index.php\/2026\/03\/10\/quemu-patino-fue-condenado-a-13-anos-de-prision-por-el-homicidio-de-adriel-torres\/#breadcrumb","itemListElement":[{"@type":"ListItem","position":1,"name":"Portada","item":"https:\/\/diariotextual.com\/inicio\/"},{"@type":"ListItem","position":2,"name":"Quem\u00fa: Pati\u00f1o fue condenado a 13 a\u00f1os de prisi\u00f3n por el homicidio de Adriel Torres"}]},{"@type":"WebSite","@id":"https:\/\/diariotextual.com\/inicio\/#website","url":"https:\/\/diariotextual.com\/inicio\/","name":"Diario Textual","description":"","publisher":{"@id":"https:\/\/diariotextual.com\/inicio\/#organization"},"potentialAction":[{"@type":"SearchAction","target":{"@type":"EntryPoint","urlTemplate":"https:\/\/diariotextual.com\/inicio\/?s={search_term_string}"},"query-input":{"@type":"PropertyValueSpecification","valueRequired":true,"valueName":"search_term_string"}}],"inLanguage":"es"},{"@type":"Organization","@id":"https:\/\/diariotextual.com\/inicio\/#organization","name":"Diario Textual","url":"https:\/\/diariotextual.com\/inicio\/","logo":{"@type":"ImageObject","inLanguage":"es","@id":"https:\/\/diariotextual.com\/inicio\/#\/schema\/logo\/image\/","url":"https:\/\/diariotextual.com\/inicio\/wp-content\/uploads\/2023\/05\/logotextual1.jpg","contentUrl":"https:\/\/diariotextual.com\/inicio\/wp-content\/uploads\/2023\/05\/logotextual1.jpg","width":516,"height":76,"caption":"Diario Textual"},"image":{"@id":"https:\/\/diariotextual.com\/inicio\/#\/schema\/logo\/image\/"},"sameAs":["https:\/\/www.facebook.com\/eltextual","https:\/\/x.com\/eltextual","http:\/\/www.instagram.com\/eltextual"]},{"@type":"Person","@id":"https:\/\/diariotextual.com\/inicio\/#\/schema\/person\/418fc4093c33e86ed41562db3508f958","name":"Diario1 Diario1","image":{"@type":"ImageObject","inLanguage":"es","@id":"https:\/\/secure.gravatar.com\/avatar\/9167d280179c85bc18be67aa7eda765854300033af4896dd779b608640f2ef7a?s=96&d=mm&r=g","url":"https:\/\/secure.gravatar.com\/avatar\/9167d280179c85bc18be67aa7eda765854300033af4896dd779b608640f2ef7a?s=96&d=mm&r=g","contentUrl":"https:\/\/secure.gravatar.com\/avatar\/9167d280179c85bc18be67aa7eda765854300033af4896dd779b608640f2ef7a?s=96&d=mm&r=g","caption":"Diario1 Diario1"},"url":"https:\/\/diariotextual.com\/inicio\/index.php\/author\/diario1\/"}]}},"_links":{"self":[{"href":"https:\/\/diariotextual.com\/inicio\/index.php\/wp-json\/wp\/v2\/posts\/321856","targetHints":{"allow":["GET"]}}],"collection":[{"href":"https:\/\/diariotextual.com\/inicio\/index.php\/wp-json\/wp\/v2\/posts"}],"about":[{"href":"https:\/\/diariotextual.com\/inicio\/index.php\/wp-json\/wp\/v2\/types\/post"}],"author":[{"embeddable":true,"href":"https:\/\/diariotextual.com\/inicio\/index.php\/wp-json\/wp\/v2\/users\/3"}],"replies":[{"embeddable":true,"href":"https:\/\/diariotextual.com\/inicio\/index.php\/wp-json\/wp\/v2\/comments?post=321856"}],"version-history":[{"count":1,"href":"https:\/\/diariotextual.com\/inicio\/index.php\/wp-json\/wp\/v2\/posts\/321856\/revisions"}],"predecessor-version":[{"id":321857,"href":"https:\/\/diariotextual.com\/inicio\/index.php\/wp-json\/wp\/v2\/posts\/321856\/revisions\/321857"}],"wp:featuredmedia":[{"embeddable":true,"href":"https:\/\/diariotextual.com\/inicio\/index.php\/wp-json\/wp\/v2\/media\/304035"}],"wp:attachment":[{"href":"https:\/\/diariotextual.com\/inicio\/index.php\/wp-json\/wp\/v2\/media?parent=321856"}],"wp:term":[{"taxonomy":"category","embeddable":true,"href":"https:\/\/diariotextual.com\/inicio\/index.php\/wp-json\/wp\/v2\/categories?post=321856"},{"taxonomy":"post_tag","embeddable":true,"href":"https:\/\/diariotextual.com\/inicio\/index.php\/wp-json\/wp\/v2\/tags?post=321856"}],"curies":[{"name":"wp","href":"https:\/\/api.w.org\/{rel}","templated":true}]}}