{"id":321858,"date":"2026-03-10T14:47:35","date_gmt":"2026-03-10T17:47:35","guid":{"rendered":"https:\/\/diariotextual.com\/inicio\/?p=321858"},"modified":"2026-03-11T07:09:26","modified_gmt":"2026-03-11T10:09:26","slug":"por-un-choque-murio-un-hombre-en-santa-rosa","status":"publish","type":"post","link":"https:\/\/diariotextual.com\/inicio\/index.php\/2026\/03\/10\/por-un-choque-murio-un-hombre-en-santa-rosa\/","title":{"rendered":"Por un choque, muri\u00f3 un joven de 25 a\u00f1os en Santa Rosa"},"content":{"rendered":"\n<p>Un <strong>motociclista de 25 a\u00f1os de edad muri\u00f3 este martes al mediod\u00eda<\/strong> como consecuencia de un <strong>choque ocurrido en la esquina de calle Asunci\u00f3n del Paraguay y Jujuy<\/strong>, en la ciudad de <strong>Santa Rosa<\/strong>, informaron fuentes policiales a <strong>Diario Textual.<\/strong><\/p>\n\n\n\n<p>El siniestro vial se registr\u00f3 <strong>a las 12.10 horas<\/strong>. Por un aviso recibido por el <strong>Centro de Comunicaciones (Cecom)<\/strong>, hasta el lugar acudieron m\u00f3viles policiales de la <strong>Divisi\u00f3n Accidentolog\u00eda<\/strong>.<\/p>\n\n\n\n<p>De acuerdo con la informaci\u00f3n oficial, <strong>una pick up Ford F-150<\/strong> que circulaba <strong>por calle Asunci\u00f3n del Paraguay<\/strong>, en sentido oeste, colision\u00f3 con <strong>una motocicleta Honda Twister<\/strong>, que transitaba <strong>por calle Jujuy<\/strong> de sur a norte. <\/p>\n\n\n\n<p><strong>La moto dej\u00f3 una frenada de unos 25 metros,<\/strong> pero no pudo evitar el choque. Se est\u00e1 tratando de determinar las circunstancias, pero la prioridad de paso la habr\u00eda tenido la camioneta.<\/p>\n\n\n\n<p>Como consecuencia del impacto, <strong>el conductor de la motocicleta sufri\u00f3 heridas de gravedad<\/strong>. Personal del <strong>Servicio de Emergencias M\u00e9dicas (SEM)<\/strong> dispuso su <strong>traslado de urgencia al Hospital Ren\u00e9 Favaloro<\/strong>.<\/p>\n\n\n\n<p>Fuentes policiales indicaron que <strong>al conductor de la camioneta se le realiz\u00f3 el test de alcoholemia<\/strong>, cuyo resultado fue <strong>negativo<\/strong>.<\/p>\n\n\n\n<p>Minutos despu\u00e9s, personal policial que se encontraba en el hospital fue informado que <strong>el motociclista falleci\u00f3 a las 13 horas<\/strong>. El deceso se produjo <strong>por un paro respiratorio traum\u00e1tico<\/strong>, seg\u00fan se indic\u00f3.<\/p>\n\n\n\n<p>En el lugar del siniestro trabaj\u00f3 personal de la <strong>Divisi\u00f3n Accidentolog\u00eda<\/strong> junto a otras dependencias policiales para <strong>realizar las pericias y establecer las circunstancias del choque<\/strong>. <\/p>\n\n\n\n<p><\/p>\n\n\n\n<p><\/p>\n","protected":false},"excerpt":{"rendered":"<p>Un motociclista de 25 a\u00f1os de edad muri\u00f3 este martes al mediod\u00eda como consecuencia de un choque ocurrido en la esquina de calle Asunci\u00f3n del Paraguay y Jujuy, en la&hellip;<\/p>\n","protected":false},"author":3,"featured_media":321875,"comment_status":"closed","ping_status":"open","sticky":false,"template":"","format":"standard","meta":{"_acf_changed":false,"footnotes":""},"categories":[10,12],"tags":[],"class_list":["post-321858","post","type-post","status-publish","format-standard","has-post-thumbnail","hentry","category-portada-2","category-sociedad"],"acf":[],"yoast_head":"<!-- This site is optimized with the Yoast SEO plugin v27.5 - https:\/\/yoast.com\/product\/yoast-seo-wordpress\/ -->\n<title>Por un choque, muri\u00f3 un joven de 25 a\u00f1os en Santa Rosa - Diario Textual<\/title>\n<meta name=\"robots\" content=\"index, follow, max-snippet:-1, max-image-preview:large, max-video-preview:-1\" \/>\n<link rel=\"canonical\" href=\"https:\/\/diariotextual.com\/inicio\/index.php\/2026\/03\/10\/por-un-choque-murio-un-hombre-en-santa-rosa\/\" \/>\n<meta property=\"og:locale\" content=\"es_ES\" \/>\n<meta property=\"og:type\" content=\"article\" \/>\n<meta property=\"og:title\" content=\"Por un choque, muri\u00f3 un joven de 25 a\u00f1os en Santa Rosa - Diario Textual\" \/>\n<meta property=\"og:description\" content=\"Un motociclista de 25 a\u00f1os de edad muri\u00f3 este martes al mediod\u00eda como consecuencia de un choque ocurrido en la esquina de calle Asunci\u00f3n del Paraguay y Jujuy, en la&hellip;\" \/>\n<meta property=\"og:url\" content=\"https:\/\/diariotextual.com\/inicio\/index.php\/2026\/03\/10\/por-un-choque-murio-un-hombre-en-santa-rosa\/\" \/>\n<meta property=\"og:site_name\" content=\"Diario Textual\" \/>\n<meta property=\"article:publisher\" content=\"https:\/\/www.facebook.com\/eltextual\" \/>\n<meta property=\"article:published_time\" content=\"2026-03-10T17:47:35+00:00\" \/>\n<meta property=\"article:modified_time\" content=\"2026-03-11T10:09:26+00:00\" \/>\n<meta property=\"og:image\" content=\"https:\/\/diariotextual.com\/inicio\/wp-content\/uploads\/2026\/03\/choquefatalasuncionparaguayjujuy2026-2.jpg\" \/>\n\t<meta property=\"og:image:width\" content=\"962\" \/>\n\t<meta property=\"og:image:height\" content=\"649\" \/>\n\t<meta property=\"og:image:type\" content=\"image\/jpeg\" \/>\n<meta name=\"author\" content=\"Diario1 Diario1\" \/>\n<meta name=\"twitter:card\" content=\"summary_large_image\" \/>\n<meta name=\"twitter:creator\" content=\"@eltextual\" \/>\n<meta name=\"twitter:site\" content=\"@eltextual\" \/>\n<meta name=\"twitter:label1\" content=\"Escrito por\" \/>\n\t<meta name=\"twitter:data1\" content=\"Diario1 Diario1\" \/>\n\t<meta name=\"twitter:label2\" content=\"Tiempo de lectura\" \/>\n\t<meta name=\"twitter:data2\" content=\"2 minutos\" \/>\n<script type=\"application\/ld+json\" class=\"yoast-schema-graph\">{\"@context\":\"https:\\\/\\\/schema.org\",\"@graph\":[{\"@type\":\"Article\",\"@id\":\"https:\\\/\\\/diariotextual.com\\\/inicio\\\/index.php\\\/2026\\\/03\\\/10\\\/por-un-choque-murio-un-hombre-en-santa-rosa\\\/#article\",\"isPartOf\":{\"@id\":\"https:\\\/\\\/diariotextual.com\\\/inicio\\\/index.php\\\/2026\\\/03\\\/10\\\/por-un-choque-murio-un-hombre-en-santa-rosa\\\/\"},\"author\":{\"name\":\"Diario1 Diario1\",\"@id\":\"https:\\\/\\\/diariotextual.com\\\/inicio\\\/#\\\/schema\\\/person\\\/418fc4093c33e86ed41562db3508f958\"},\"headline\":\"Por un choque, muri\u00f3 un joven de 25 a\u00f1os en Santa Rosa\",\"datePublished\":\"2026-03-10T17:47:35+00:00\",\"dateModified\":\"2026-03-11T10:09:26+00:00\",\"mainEntityOfPage\":{\"@id\":\"https:\\\/\\\/diariotextual.com\\\/inicio\\\/index.php\\\/2026\\\/03\\\/10\\\/por-un-choque-murio-un-hombre-en-santa-rosa\\\/\"},\"wordCount\":267,\"publisher\":{\"@id\":\"https:\\\/\\\/diariotextual.com\\\/inicio\\\/#organization\"},\"image\":{\"@id\":\"https:\\\/\\\/diariotextual.com\\\/inicio\\\/index.php\\\/2026\\\/03\\\/10\\\/por-un-choque-murio-un-hombre-en-santa-rosa\\\/#primaryimage\"},\"thumbnailUrl\":\"https:\\\/\\\/diariotextual.com\\\/inicio\\\/wp-content\\\/uploads\\\/2026\\\/03\\\/choquefatalasuncionparaguayjujuy2026-2.jpg\",\"articleSection\":[\"A - PORTADA2\",\"SOCIEDAD\"],\"inLanguage\":\"es\"},{\"@type\":\"WebPage\",\"@id\":\"https:\\\/\\\/diariotextual.com\\\/inicio\\\/index.php\\\/2026\\\/03\\\/10\\\/por-un-choque-murio-un-hombre-en-santa-rosa\\\/\",\"url\":\"https:\\\/\\\/diariotextual.com\\\/inicio\\\/index.php\\\/2026\\\/03\\\/10\\\/por-un-choque-murio-un-hombre-en-santa-rosa\\\/\",\"name\":\"Por un choque, muri\u00f3 un joven de 25 a\u00f1os en Santa Rosa - Diario Textual\",\"isPartOf\":{\"@id\":\"https:\\\/\\\/diariotextual.com\\\/inicio\\\/#website\"},\"primaryImageOfPage\":{\"@id\":\"https:\\\/\\\/diariotextual.com\\\/inicio\\\/index.php\\\/2026\\\/03\\\/10\\\/por-un-choque-murio-un-hombre-en-santa-rosa\\\/#primaryimage\"},\"image\":{\"@id\":\"https:\\\/\\\/diariotextual.com\\\/inicio\\\/index.php\\\/2026\\\/03\\\/10\\\/por-un-choque-murio-un-hombre-en-santa-rosa\\\/#primaryimage\"},\"thumbnailUrl\":\"https:\\\/\\\/diariotextual.com\\\/inicio\\\/wp-content\\\/uploads\\\/2026\\\/03\\\/choquefatalasuncionparaguayjujuy2026-2.jpg\",\"datePublished\":\"2026-03-10T17:47:35+00:00\",\"dateModified\":\"2026-03-11T10:09:26+00:00\",\"breadcrumb\":{\"@id\":\"https:\\\/\\\/diariotextual.com\\\/inicio\\\/index.php\\\/2026\\\/03\\\/10\\\/por-un-choque-murio-un-hombre-en-santa-rosa\\\/#breadcrumb\"},\"inLanguage\":\"es\",\"potentialAction\":[{\"@type\":\"ReadAction\",\"target\":[\"https:\\\/\\\/diariotextual.com\\\/inicio\\\/index.php\\\/2026\\\/03\\\/10\\\/por-un-choque-murio-un-hombre-en-santa-rosa\\\/\"]}]},{\"@type\":\"ImageObject\",\"inLanguage\":\"es\",\"@id\":\"https:\\\/\\\/diariotextual.com\\\/inicio\\\/index.php\\\/2026\\\/03\\\/10\\\/por-un-choque-murio-un-hombre-en-santa-rosa\\\/#primaryimage\",\"url\":\"https:\\\/\\\/diariotextual.com\\\/inicio\\\/wp-content\\\/uploads\\\/2026\\\/03\\\/choquefatalasuncionparaguayjujuy2026-2.jpg\",\"contentUrl\":\"https:\\\/\\\/diariotextual.com\\\/inicio\\\/wp-content\\\/uploads\\\/2026\\\/03\\\/choquefatalasuncionparaguayjujuy2026-2.jpg\",\"width\":962,\"height\":649},{\"@type\":\"BreadcrumbList\",\"@id\":\"https:\\\/\\\/diariotextual.com\\\/inicio\\\/index.php\\\/2026\\\/03\\\/10\\\/por-un-choque-murio-un-hombre-en-santa-rosa\\\/#breadcrumb\",\"itemListElement\":[{\"@type\":\"ListItem\",\"position\":1,\"name\":\"Portada\",\"item\":\"https:\\\/\\\/diariotextual.com\\\/inicio\\\/\"},{\"@type\":\"ListItem\",\"position\":2,\"name\":\"Por un choque, muri\u00f3 un joven de 25 a\u00f1os en Santa Rosa\"}]},{\"@type\":\"WebSite\",\"@id\":\"https:\\\/\\\/diariotextual.com\\\/inicio\\\/#website\",\"url\":\"https:\\\/\\\/diariotextual.com\\\/inicio\\\/\",\"name\":\"Diario Textual\",\"description\":\"\",\"publisher\":{\"@id\":\"https:\\\/\\\/diariotextual.com\\\/inicio\\\/#organization\"},\"potentialAction\":[{\"@type\":\"SearchAction\",\"target\":{\"@type\":\"EntryPoint\",\"urlTemplate\":\"https:\\\/\\\/diariotextual.com\\\/inicio\\\/?s={search_term_string}\"},\"query-input\":{\"@type\":\"PropertyValueSpecification\",\"valueRequired\":true,\"valueName\":\"search_term_string\"}}],\"inLanguage\":\"es\"},{\"@type\":\"Organization\",\"@id\":\"https:\\\/\\\/diariotextual.com\\\/inicio\\\/#organization\",\"name\":\"Diario Textual\",\"url\":\"https:\\\/\\\/diariotextual.com\\\/inicio\\\/\",\"logo\":{\"@type\":\"ImageObject\",\"inLanguage\":\"es\",\"@id\":\"https:\\\/\\\/diariotextual.com\\\/inicio\\\/#\\\/schema\\\/logo\\\/image\\\/\",\"url\":\"https:\\\/\\\/diariotextual.com\\\/inicio\\\/wp-content\\\/uploads\\\/2023\\\/05\\\/logotextual1.jpg\",\"contentUrl\":\"https:\\\/\\\/diariotextual.com\\\/inicio\\\/wp-content\\\/uploads\\\/2023\\\/05\\\/logotextual1.jpg\",\"width\":516,\"height\":76,\"caption\":\"Diario Textual\"},\"image\":{\"@id\":\"https:\\\/\\\/diariotextual.com\\\/inicio\\\/#\\\/schema\\\/logo\\\/image\\\/\"},\"sameAs\":[\"https:\\\/\\\/www.facebook.com\\\/eltextual\",\"https:\\\/\\\/x.com\\\/eltextual\",\"http:\\\/\\\/www.instagram.com\\\/eltextual\"]},{\"@type\":\"Person\",\"@id\":\"https:\\\/\\\/diariotextual.com\\\/inicio\\\/#\\\/schema\\\/person\\\/418fc4093c33e86ed41562db3508f958\",\"name\":\"Diario1 Diario1\",\"image\":{\"@type\":\"ImageObject\",\"inLanguage\":\"es\",\"@id\":\"https:\\\/\\\/secure.gravatar.com\\\/avatar\\\/9167d280179c85bc18be67aa7eda765854300033af4896dd779b608640f2ef7a?s=96&d=mm&r=g\",\"url\":\"https:\\\/\\\/secure.gravatar.com\\\/avatar\\\/9167d280179c85bc18be67aa7eda765854300033af4896dd779b608640f2ef7a?s=96&d=mm&r=g\",\"contentUrl\":\"https:\\\/\\\/secure.gravatar.com\\\/avatar\\\/9167d280179c85bc18be67aa7eda765854300033af4896dd779b608640f2ef7a?s=96&d=mm&r=g\",\"caption\":\"Diario1 Diario1\"},\"url\":\"https:\\\/\\\/diariotextual.com\\\/inicio\\\/index.php\\\/author\\\/diario1\\\/\"}]}<\/script>\n<!-- \/ Yoast SEO plugin. -->","yoast_head_json":{"title":"Por un choque, muri\u00f3 un joven de 25 a\u00f1os en Santa Rosa - Diario Textual","robots":{"index":"index","follow":"follow","max-snippet":"max-snippet:-1","max-image-preview":"max-image-preview:large","max-video-preview":"max-video-preview:-1"},"canonical":"https:\/\/diariotextual.com\/inicio\/index.php\/2026\/03\/10\/por-un-choque-murio-un-hombre-en-santa-rosa\/","og_locale":"es_ES","og_type":"article","og_title":"Por un choque, muri\u00f3 un joven de 25 a\u00f1os en Santa Rosa - Diario Textual","og_description":"Un motociclista de 25 a\u00f1os de edad muri\u00f3 este martes al mediod\u00eda como consecuencia de un choque ocurrido en la esquina de calle Asunci\u00f3n del Paraguay y Jujuy, en la&hellip;","og_url":"https:\/\/diariotextual.com\/inicio\/index.php\/2026\/03\/10\/por-un-choque-murio-un-hombre-en-santa-rosa\/","og_site_name":"Diario Textual","article_publisher":"https:\/\/www.facebook.com\/eltextual","article_published_time":"2026-03-10T17:47:35+00:00","article_modified_time":"2026-03-11T10:09:26+00:00","og_image":[{"width":962,"height":649,"url":"https:\/\/diariotextual.com\/inicio\/wp-content\/uploads\/2026\/03\/choquefatalasuncionparaguayjujuy2026-2.jpg","type":"image\/jpeg"}],"author":"Diario1 Diario1","twitter_card":"summary_large_image","twitter_creator":"@eltextual","twitter_site":"@eltextual","twitter_misc":{"Escrito por":"Diario1 Diario1","Tiempo de lectura":"2 minutos"},"schema":{"@context":"https:\/\/schema.org","@graph":[{"@type":"Article","@id":"https:\/\/diariotextual.com\/inicio\/index.php\/2026\/03\/10\/por-un-choque-murio-un-hombre-en-santa-rosa\/#article","isPartOf":{"@id":"https:\/\/diariotextual.com\/inicio\/index.php\/2026\/03\/10\/por-un-choque-murio-un-hombre-en-santa-rosa\/"},"author":{"name":"Diario1 Diario1","@id":"https:\/\/diariotextual.com\/inicio\/#\/schema\/person\/418fc4093c33e86ed41562db3508f958"},"headline":"Por un choque, muri\u00f3 un joven de 25 a\u00f1os en Santa Rosa","datePublished":"2026-03-10T17:47:35+00:00","dateModified":"2026-03-11T10:09:26+00:00","mainEntityOfPage":{"@id":"https:\/\/diariotextual.com\/inicio\/index.php\/2026\/03\/10\/por-un-choque-murio-un-hombre-en-santa-rosa\/"},"wordCount":267,"publisher":{"@id":"https:\/\/diariotextual.com\/inicio\/#organization"},"image":{"@id":"https:\/\/diariotextual.com\/inicio\/index.php\/2026\/03\/10\/por-un-choque-murio-un-hombre-en-santa-rosa\/#primaryimage"},"thumbnailUrl":"https:\/\/diariotextual.com\/inicio\/wp-content\/uploads\/2026\/03\/choquefatalasuncionparaguayjujuy2026-2.jpg","articleSection":["A - PORTADA2","SOCIEDAD"],"inLanguage":"es"},{"@type":"WebPage","@id":"https:\/\/diariotextual.com\/inicio\/index.php\/2026\/03\/10\/por-un-choque-murio-un-hombre-en-santa-rosa\/","url":"https:\/\/diariotextual.com\/inicio\/index.php\/2026\/03\/10\/por-un-choque-murio-un-hombre-en-santa-rosa\/","name":"Por un choque, muri\u00f3 un joven de 25 a\u00f1os en Santa Rosa - Diario Textual","isPartOf":{"@id":"https:\/\/diariotextual.com\/inicio\/#website"},"primaryImageOfPage":{"@id":"https:\/\/diariotextual.com\/inicio\/index.php\/2026\/03\/10\/por-un-choque-murio-un-hombre-en-santa-rosa\/#primaryimage"},"image":{"@id":"https:\/\/diariotextual.com\/inicio\/index.php\/2026\/03\/10\/por-un-choque-murio-un-hombre-en-santa-rosa\/#primaryimage"},"thumbnailUrl":"https:\/\/diariotextual.com\/inicio\/wp-content\/uploads\/2026\/03\/choquefatalasuncionparaguayjujuy2026-2.jpg","datePublished":"2026-03-10T17:47:35+00:00","dateModified":"2026-03-11T10:09:26+00:00","breadcrumb":{"@id":"https:\/\/diariotextual.com\/inicio\/index.php\/2026\/03\/10\/por-un-choque-murio-un-hombre-en-santa-rosa\/#breadcrumb"},"inLanguage":"es","potentialAction":[{"@type":"ReadAction","target":["https:\/\/diariotextual.com\/inicio\/index.php\/2026\/03\/10\/por-un-choque-murio-un-hombre-en-santa-rosa\/"]}]},{"@type":"ImageObject","inLanguage":"es","@id":"https:\/\/diariotextual.com\/inicio\/index.php\/2026\/03\/10\/por-un-choque-murio-un-hombre-en-santa-rosa\/#primaryimage","url":"https:\/\/diariotextual.com\/inicio\/wp-content\/uploads\/2026\/03\/choquefatalasuncionparaguayjujuy2026-2.jpg","contentUrl":"https:\/\/diariotextual.com\/inicio\/wp-content\/uploads\/2026\/03\/choquefatalasuncionparaguayjujuy2026-2.jpg","width":962,"height":649},{"@type":"BreadcrumbList","@id":"https:\/\/diariotextual.com\/inicio\/index.php\/2026\/03\/10\/por-un-choque-murio-un-hombre-en-santa-rosa\/#breadcrumb","itemListElement":[{"@type":"ListItem","position":1,"name":"Portada","item":"https:\/\/diariotextual.com\/inicio\/"},{"@type":"ListItem","position":2,"name":"Por un choque, muri\u00f3 un joven de 25 a\u00f1os en Santa Rosa"}]},{"@type":"WebSite","@id":"https:\/\/diariotextual.com\/inicio\/#website","url":"https:\/\/diariotextual.com\/inicio\/","name":"Diario Textual","description":"","publisher":{"@id":"https:\/\/diariotextual.com\/inicio\/#organization"},"potentialAction":[{"@type":"SearchAction","target":{"@type":"EntryPoint","urlTemplate":"https:\/\/diariotextual.com\/inicio\/?s={search_term_string}"},"query-input":{"@type":"PropertyValueSpecification","valueRequired":true,"valueName":"search_term_string"}}],"inLanguage":"es"},{"@type":"Organization","@id":"https:\/\/diariotextual.com\/inicio\/#organization","name":"Diario Textual","url":"https:\/\/diariotextual.com\/inicio\/","logo":{"@type":"ImageObject","inLanguage":"es","@id":"https:\/\/diariotextual.com\/inicio\/#\/schema\/logo\/image\/","url":"https:\/\/diariotextual.com\/inicio\/wp-content\/uploads\/2023\/05\/logotextual1.jpg","contentUrl":"https:\/\/diariotextual.com\/inicio\/wp-content\/uploads\/2023\/05\/logotextual1.jpg","width":516,"height":76,"caption":"Diario Textual"},"image":{"@id":"https:\/\/diariotextual.com\/inicio\/#\/schema\/logo\/image\/"},"sameAs":["https:\/\/www.facebook.com\/eltextual","https:\/\/x.com\/eltextual","http:\/\/www.instagram.com\/eltextual"]},{"@type":"Person","@id":"https:\/\/diariotextual.com\/inicio\/#\/schema\/person\/418fc4093c33e86ed41562db3508f958","name":"Diario1 Diario1","image":{"@type":"ImageObject","inLanguage":"es","@id":"https:\/\/secure.gravatar.com\/avatar\/9167d280179c85bc18be67aa7eda765854300033af4896dd779b608640f2ef7a?s=96&d=mm&r=g","url":"https:\/\/secure.gravatar.com\/avatar\/9167d280179c85bc18be67aa7eda765854300033af4896dd779b608640f2ef7a?s=96&d=mm&r=g","contentUrl":"https:\/\/secure.gravatar.com\/avatar\/9167d280179c85bc18be67aa7eda765854300033af4896dd779b608640f2ef7a?s=96&d=mm&r=g","caption":"Diario1 Diario1"},"url":"https:\/\/diariotextual.com\/inicio\/index.php\/author\/diario1\/"}]}},"_links":{"self":[{"href":"https:\/\/diariotextual.com\/inicio\/index.php\/wp-json\/wp\/v2\/posts\/321858","targetHints":{"allow":["GET"]}}],"collection":[{"href":"https:\/\/diariotextual.com\/inicio\/index.php\/wp-json\/wp\/v2\/posts"}],"about":[{"href":"https:\/\/diariotextual.com\/inicio\/index.php\/wp-json\/wp\/v2\/types\/post"}],"author":[{"embeddable":true,"href":"https:\/\/diariotextual.com\/inicio\/index.php\/wp-json\/wp\/v2\/users\/3"}],"replies":[{"embeddable":true,"href":"https:\/\/diariotextual.com\/inicio\/index.php\/wp-json\/wp\/v2\/comments?post=321858"}],"version-history":[{"count":6,"href":"https:\/\/diariotextual.com\/inicio\/index.php\/wp-json\/wp\/v2\/posts\/321858\/revisions"}],"predecessor-version":[{"id":321874,"href":"https:\/\/diariotextual.com\/inicio\/index.php\/wp-json\/wp\/v2\/posts\/321858\/revisions\/321874"}],"wp:featuredmedia":[{"embeddable":true,"href":"https:\/\/diariotextual.com\/inicio\/index.php\/wp-json\/wp\/v2\/media\/321875"}],"wp:attachment":[{"href":"https:\/\/diariotextual.com\/inicio\/index.php\/wp-json\/wp\/v2\/media?parent=321858"}],"wp:term":[{"taxonomy":"category","embeddable":true,"href":"https:\/\/diariotextual.com\/inicio\/index.php\/wp-json\/wp\/v2\/categories?post=321858"},{"taxonomy":"post_tag","embeddable":true,"href":"https:\/\/diariotextual.com\/inicio\/index.php\/wp-json\/wp\/v2\/tags?post=321858"}],"curies":[{"name":"wp","href":"https:\/\/api.w.org\/{rel}","templated":true}]}}