{"id":321860,"date":"2026-03-10T14:54:20","date_gmt":"2026-03-10T17:54:20","guid":{"rendered":"https:\/\/diariotextual.com\/inicio\/?p=321860"},"modified":"2026-03-10T18:55:35","modified_gmt":"2026-03-10T21:55:35","slug":"ziliotto-se-reunio-con-estrellas-amarillas-avanzan-en-una-agenda-conjunta-para-reducir-la-siniestralidad-vial","status":"publish","type":"post","link":"https:\/\/diariotextual.com\/inicio\/index.php\/2026\/03\/10\/ziliotto-se-reunio-con-estrellas-amarillas-avanzan-en-una-agenda-conjunta-para-reducir-la-siniestralidad-vial\/","title":{"rendered":"Ziliotto se reuni\u00f3 con Estrellas Amarillas: avanzan en una agenda conjunta para reducir la siniestralidad vial"},"content":{"rendered":"\n<p>El gobernador <strong>Sergio Ziliotto<\/strong> mantuvo este martes una reuni\u00f3n con integrantes de la <strong>Fundaci\u00f3n Estrellas Amarillas<\/strong>, encabezados por su presidenta <strong>Silvia Gonz\u00e1lez<\/strong>, en la que analizaron la situaci\u00f3n de la <strong>siniestralidad vial en La Pampa<\/strong> y avanzaron en una agenda de trabajo conjunta. Del encuentro tambi\u00e9n particip\u00f3 el ministro de Seguridad y Justicia, <strong>Horacio di N\u00e1poli<\/strong>, quien ser\u00e1 el interlocutor del Gobierno provincial para articular acciones con la organizaci\u00f3n.<\/p>\n\n\n\n<p>Durante el encuentro, representantes de la Fundaci\u00f3n presentaron al mandatario provincial <strong>un informe sobre los \u00faltimos cinco a\u00f1os de mortalidad vial en la provincia<\/strong>. El trabajo incluye <strong>un mapa de geolocalizaci\u00f3n que identifica los principales puntos cr\u00edticos<\/strong>, con el objetivo de que la comunidad pueda acceder a informaci\u00f3n detallada sobre la problem\u00e1tica.<\/p>\n\n\n\n<p>\u201c<strong>Le presentamos un trabajo que hicimos sobre cinco a\u00f1os de mortalidad en la Provincia, con un mapa que permitir\u00e1 ver cu\u00e1les son las rutas y los lugares con mayor problem\u00e1tica<\/strong>\u201d, explic\u00f3 Gonz\u00e1lez luego de la reuni\u00f3n.<\/p>\n\n\n\n<p>En el encuentro tambi\u00e9n se abord\u00f3 <strong>la necesidad de fortalecer las pol\u00edticas p\u00fablicas vinculadas a la seguridad vial<\/strong>, una problem\u00e1tica que no solo involucra el tr\u00e1nsito, sino tambi\u00e9n <strong>dimensiones sociales, familiares y de salud<\/strong>.<\/p>\n\n\n\n<p>En ese marco, Gonz\u00e1lez destac\u00f3 <strong>la predisposici\u00f3n del Gobierno provincial para avanzar en acciones coordinadas<\/strong>. \u201c<strong>El gobernador nos indic\u00f3 que el ministro Horacio di N\u00e1poli ser\u00e1 nuestro interlocutor para comenzar a trabajar en conjunto. Para nosotros es muy importante poder articular con el Estado provincial<\/strong>\u201d, se\u00f1al\u00f3.<\/p>\n\n\n\n<p>En la reuni\u00f3n adem\u00e1s se analizaron <strong>las condiciones de las rutas que atraviesan el territorio pampeano<\/strong> y el impacto del <strong>incremento del tr\u00e1nsito pesado<\/strong>, especialmente el vinculado a la actividad de <strong>Vaca Muerta<\/strong>. Desde la Fundaci\u00f3n indicaron que <strong>el aumento de camiones en corredores como la ruta nacional 5<\/strong> incidi\u00f3 en el crecimiento de la siniestralidad.<\/p>\n\n\n\n<p>Asimismo, valoraron <strong>las iniciativas impulsadas por el Gobierno provincial para mejorar la infraestructura vial<\/strong>, entre ellas <strong>la construcci\u00f3n de una tercera v\u00eda en tramos de la ruta provincial 1<\/strong> y la decisi\u00f3n anunciada por Ziliotto de <strong>destinar a la reparaci\u00f3n de rutas nacionales los fondos que la Naci\u00f3n adeuda a La Pampa en materia de obras p\u00fablicas<\/strong>.<\/p>\n\n\n\n<p>\u201c<strong>Todo lo que implique inversi\u00f3n en rutas y mejoras en la infraestructura vial es muy importante para reducir la siniestralidad<\/strong>\u201d, afirm\u00f3 Gonz\u00e1lez, quien tambi\u00e9n subray\u00f3 <strong>la necesidad de fortalecer los controles al transporte de cargas<\/strong>, mediante el funcionamiento permanente de <strong>balanzas para verificar el peso de los camiones<\/strong>.<\/p>\n\n\n\n<p>La reuni\u00f3n permiti\u00f3 avanzar en <strong>un esquema de trabajo conjunto entre el Gobierno provincial y la Fundaci\u00f3n Estrellas Amarillas<\/strong>, con el objetivo de <strong>fortalecer las pol\u00edticas de prevenci\u00f3n, mejorar las condiciones de circulaci\u00f3n y acompa\u00f1ar a las v\u00edctimas y sus familias<\/strong>, en l\u00ednea con las acciones que la Provincia impulsa para promover <strong>una movilidad m\u00e1s segura<\/strong>.<\/p>\n\n\n\n<p><\/p>\n","protected":false},"excerpt":{"rendered":"<p>El gobernador Sergio Ziliotto mantuvo este martes una reuni\u00f3n con integrantes de la Fundaci\u00f3n Estrellas Amarillas, encabezados por su presidenta Silvia Gonz\u00e1lez, en la que analizaron la situaci\u00f3n de la&hellip;<\/p>\n","protected":false},"author":3,"featured_media":321863,"comment_status":"closed","ping_status":"open","sticky":false,"template":"","format":"standard","meta":{"_acf_changed":false,"footnotes":""},"categories":[1,12],"tags":[],"class_list":["post-321860","post","type-post","status-publish","format-standard","has-post-thumbnail","hentry","category-es-noticia","category-sociedad"],"acf":[],"yoast_head":"<!-- This site is optimized with the Yoast SEO plugin v27.5 - https:\/\/yoast.com\/product\/yoast-seo-wordpress\/ -->\n<title>Ziliotto se reuni\u00f3 con Estrellas Amarillas: avanzan en una agenda conjunta para reducir la siniestralidad vial - Diario Textual<\/title>\n<meta name=\"robots\" content=\"index, follow, max-snippet:-1, max-image-preview:large, max-video-preview:-1\" \/>\n<link rel=\"canonical\" href=\"https:\/\/diariotextual.com\/inicio\/index.php\/2026\/03\/10\/ziliotto-se-reunio-con-estrellas-amarillas-avanzan-en-una-agenda-conjunta-para-reducir-la-siniestralidad-vial\/\" \/>\n<meta property=\"og:locale\" content=\"es_ES\" \/>\n<meta property=\"og:type\" content=\"article\" \/>\n<meta property=\"og:title\" content=\"Ziliotto se reuni\u00f3 con Estrellas Amarillas: avanzan en una agenda conjunta para reducir la siniestralidad vial - Diario Textual\" \/>\n<meta property=\"og:description\" content=\"El gobernador Sergio Ziliotto mantuvo este martes una reuni\u00f3n con integrantes de la Fundaci\u00f3n Estrellas Amarillas, encabezados por su presidenta Silvia Gonz\u00e1lez, en la que analizaron la situaci\u00f3n de la&hellip;\" \/>\n<meta property=\"og:url\" content=\"https:\/\/diariotextual.com\/inicio\/index.php\/2026\/03\/10\/ziliotto-se-reunio-con-estrellas-amarillas-avanzan-en-una-agenda-conjunta-para-reducir-la-siniestralidad-vial\/\" \/>\n<meta property=\"og:site_name\" content=\"Diario Textual\" \/>\n<meta property=\"article:publisher\" content=\"https:\/\/www.facebook.com\/eltextual\" \/>\n<meta property=\"article:published_time\" content=\"2026-03-10T17:54:20+00:00\" \/>\n<meta property=\"article:modified_time\" content=\"2026-03-10T21:55:35+00:00\" \/>\n<meta property=\"og:image\" content=\"https:\/\/diariotextual.com\/inicio\/wp-content\/uploads\/2026\/03\/ziliottosergioestrellasamarillasgonzalezsilviaziliotto2026-1.jpg\" \/>\n\t<meta property=\"og:image:width\" content=\"1200\" \/>\n\t<meta property=\"og:image:height\" content=\"800\" \/>\n\t<meta property=\"og:image:type\" content=\"image\/jpeg\" \/>\n<meta name=\"author\" content=\"Diario1 Diario1\" \/>\n<meta name=\"twitter:card\" content=\"summary_large_image\" \/>\n<meta name=\"twitter:creator\" content=\"@eltextual\" \/>\n<meta name=\"twitter:site\" content=\"@eltextual\" \/>\n<meta name=\"twitter:label1\" content=\"Escrito por\" \/>\n\t<meta name=\"twitter:data1\" content=\"Diario1 Diario1\" \/>\n\t<meta name=\"twitter:label2\" content=\"Tiempo de lectura\" \/>\n\t<meta name=\"twitter:data2\" content=\"3 minutos\" \/>\n<script type=\"application\/ld+json\" class=\"yoast-schema-graph\">{\"@context\":\"https:\\\/\\\/schema.org\",\"@graph\":[{\"@type\":\"Article\",\"@id\":\"https:\\\/\\\/diariotextual.com\\\/inicio\\\/index.php\\\/2026\\\/03\\\/10\\\/ziliotto-se-reunio-con-estrellas-amarillas-avanzan-en-una-agenda-conjunta-para-reducir-la-siniestralidad-vial\\\/#article\",\"isPartOf\":{\"@id\":\"https:\\\/\\\/diariotextual.com\\\/inicio\\\/index.php\\\/2026\\\/03\\\/10\\\/ziliotto-se-reunio-con-estrellas-amarillas-avanzan-en-una-agenda-conjunta-para-reducir-la-siniestralidad-vial\\\/\"},\"author\":{\"name\":\"Diario1 Diario1\",\"@id\":\"https:\\\/\\\/diariotextual.com\\\/inicio\\\/#\\\/schema\\\/person\\\/418fc4093c33e86ed41562db3508f958\"},\"headline\":\"Ziliotto se reuni\u00f3 con Estrellas Amarillas: avanzan en una agenda conjunta para reducir la siniestralidad vial\",\"datePublished\":\"2026-03-10T17:54:20+00:00\",\"dateModified\":\"2026-03-10T21:55:35+00:00\",\"mainEntityOfPage\":{\"@id\":\"https:\\\/\\\/diariotextual.com\\\/inicio\\\/index.php\\\/2026\\\/03\\\/10\\\/ziliotto-se-reunio-con-estrellas-amarillas-avanzan-en-una-agenda-conjunta-para-reducir-la-siniestralidad-vial\\\/\"},\"wordCount\":518,\"publisher\":{\"@id\":\"https:\\\/\\\/diariotextual.com\\\/inicio\\\/#organization\"},\"image\":{\"@id\":\"https:\\\/\\\/diariotextual.com\\\/inicio\\\/index.php\\\/2026\\\/03\\\/10\\\/ziliotto-se-reunio-con-estrellas-amarillas-avanzan-en-una-agenda-conjunta-para-reducir-la-siniestralidad-vial\\\/#primaryimage\"},\"thumbnailUrl\":\"https:\\\/\\\/diariotextual.com\\\/inicio\\\/wp-content\\\/uploads\\\/2026\\\/03\\\/ziliottosergioestrellasamarillasgonzalezsilviaziliotto2026-1.jpg\",\"articleSection\":[\"A - ES NOTICIA (van abajo)\",\"SOCIEDAD\"],\"inLanguage\":\"es\"},{\"@type\":\"WebPage\",\"@id\":\"https:\\\/\\\/diariotextual.com\\\/inicio\\\/index.php\\\/2026\\\/03\\\/10\\\/ziliotto-se-reunio-con-estrellas-amarillas-avanzan-en-una-agenda-conjunta-para-reducir-la-siniestralidad-vial\\\/\",\"url\":\"https:\\\/\\\/diariotextual.com\\\/inicio\\\/index.php\\\/2026\\\/03\\\/10\\\/ziliotto-se-reunio-con-estrellas-amarillas-avanzan-en-una-agenda-conjunta-para-reducir-la-siniestralidad-vial\\\/\",\"name\":\"Ziliotto se reuni\u00f3 con Estrellas Amarillas: avanzan en una agenda conjunta para reducir la siniestralidad vial - Diario Textual\",\"isPartOf\":{\"@id\":\"https:\\\/\\\/diariotextual.com\\\/inicio\\\/#website\"},\"primaryImageOfPage\":{\"@id\":\"https:\\\/\\\/diariotextual.com\\\/inicio\\\/index.php\\\/2026\\\/03\\\/10\\\/ziliotto-se-reunio-con-estrellas-amarillas-avanzan-en-una-agenda-conjunta-para-reducir-la-siniestralidad-vial\\\/#primaryimage\"},\"image\":{\"@id\":\"https:\\\/\\\/diariotextual.com\\\/inicio\\\/index.php\\\/2026\\\/03\\\/10\\\/ziliotto-se-reunio-con-estrellas-amarillas-avanzan-en-una-agenda-conjunta-para-reducir-la-siniestralidad-vial\\\/#primaryimage\"},\"thumbnailUrl\":\"https:\\\/\\\/diariotextual.com\\\/inicio\\\/wp-content\\\/uploads\\\/2026\\\/03\\\/ziliottosergioestrellasamarillasgonzalezsilviaziliotto2026-1.jpg\",\"datePublished\":\"2026-03-10T17:54:20+00:00\",\"dateModified\":\"2026-03-10T21:55:35+00:00\",\"breadcrumb\":{\"@id\":\"https:\\\/\\\/diariotextual.com\\\/inicio\\\/index.php\\\/2026\\\/03\\\/10\\\/ziliotto-se-reunio-con-estrellas-amarillas-avanzan-en-una-agenda-conjunta-para-reducir-la-siniestralidad-vial\\\/#breadcrumb\"},\"inLanguage\":\"es\",\"potentialAction\":[{\"@type\":\"ReadAction\",\"target\":[\"https:\\\/\\\/diariotextual.com\\\/inicio\\\/index.php\\\/2026\\\/03\\\/10\\\/ziliotto-se-reunio-con-estrellas-amarillas-avanzan-en-una-agenda-conjunta-para-reducir-la-siniestralidad-vial\\\/\"]}]},{\"@type\":\"ImageObject\",\"inLanguage\":\"es\",\"@id\":\"https:\\\/\\\/diariotextual.com\\\/inicio\\\/index.php\\\/2026\\\/03\\\/10\\\/ziliotto-se-reunio-con-estrellas-amarillas-avanzan-en-una-agenda-conjunta-para-reducir-la-siniestralidad-vial\\\/#primaryimage\",\"url\":\"https:\\\/\\\/diariotextual.com\\\/inicio\\\/wp-content\\\/uploads\\\/2026\\\/03\\\/ziliottosergioestrellasamarillasgonzalezsilviaziliotto2026-1.jpg\",\"contentUrl\":\"https:\\\/\\\/diariotextual.com\\\/inicio\\\/wp-content\\\/uploads\\\/2026\\\/03\\\/ziliottosergioestrellasamarillasgonzalezsilviaziliotto2026-1.jpg\",\"width\":1200,\"height\":800},{\"@type\":\"BreadcrumbList\",\"@id\":\"https:\\\/\\\/diariotextual.com\\\/inicio\\\/index.php\\\/2026\\\/03\\\/10\\\/ziliotto-se-reunio-con-estrellas-amarillas-avanzan-en-una-agenda-conjunta-para-reducir-la-siniestralidad-vial\\\/#breadcrumb\",\"itemListElement\":[{\"@type\":\"ListItem\",\"position\":1,\"name\":\"Portada\",\"item\":\"https:\\\/\\\/diariotextual.com\\\/inicio\\\/\"},{\"@type\":\"ListItem\",\"position\":2,\"name\":\"Ziliotto se reuni\u00f3 con Estrellas Amarillas: avanzan en una agenda conjunta para reducir la siniestralidad vial\"}]},{\"@type\":\"WebSite\",\"@id\":\"https:\\\/\\\/diariotextual.com\\\/inicio\\\/#website\",\"url\":\"https:\\\/\\\/diariotextual.com\\\/inicio\\\/\",\"name\":\"Diario Textual\",\"description\":\"\",\"publisher\":{\"@id\":\"https:\\\/\\\/diariotextual.com\\\/inicio\\\/#organization\"},\"potentialAction\":[{\"@type\":\"SearchAction\",\"target\":{\"@type\":\"EntryPoint\",\"urlTemplate\":\"https:\\\/\\\/diariotextual.com\\\/inicio\\\/?s={search_term_string}\"},\"query-input\":{\"@type\":\"PropertyValueSpecification\",\"valueRequired\":true,\"valueName\":\"search_term_string\"}}],\"inLanguage\":\"es\"},{\"@type\":\"Organization\",\"@id\":\"https:\\\/\\\/diariotextual.com\\\/inicio\\\/#organization\",\"name\":\"Diario Textual\",\"url\":\"https:\\\/\\\/diariotextual.com\\\/inicio\\\/\",\"logo\":{\"@type\":\"ImageObject\",\"inLanguage\":\"es\",\"@id\":\"https:\\\/\\\/diariotextual.com\\\/inicio\\\/#\\\/schema\\\/logo\\\/image\\\/\",\"url\":\"https:\\\/\\\/diariotextual.com\\\/inicio\\\/wp-content\\\/uploads\\\/2023\\\/05\\\/logotextual1.jpg\",\"contentUrl\":\"https:\\\/\\\/diariotextual.com\\\/inicio\\\/wp-content\\\/uploads\\\/2023\\\/05\\\/logotextual1.jpg\",\"width\":516,\"height\":76,\"caption\":\"Diario Textual\"},\"image\":{\"@id\":\"https:\\\/\\\/diariotextual.com\\\/inicio\\\/#\\\/schema\\\/logo\\\/image\\\/\"},\"sameAs\":[\"https:\\\/\\\/www.facebook.com\\\/eltextual\",\"https:\\\/\\\/x.com\\\/eltextual\",\"http:\\\/\\\/www.instagram.com\\\/eltextual\"]},{\"@type\":\"Person\",\"@id\":\"https:\\\/\\\/diariotextual.com\\\/inicio\\\/#\\\/schema\\\/person\\\/418fc4093c33e86ed41562db3508f958\",\"name\":\"Diario1 Diario1\",\"image\":{\"@type\":\"ImageObject\",\"inLanguage\":\"es\",\"@id\":\"https:\\\/\\\/secure.gravatar.com\\\/avatar\\\/9167d280179c85bc18be67aa7eda765854300033af4896dd779b608640f2ef7a?s=96&d=mm&r=g\",\"url\":\"https:\\\/\\\/secure.gravatar.com\\\/avatar\\\/9167d280179c85bc18be67aa7eda765854300033af4896dd779b608640f2ef7a?s=96&d=mm&r=g\",\"contentUrl\":\"https:\\\/\\\/secure.gravatar.com\\\/avatar\\\/9167d280179c85bc18be67aa7eda765854300033af4896dd779b608640f2ef7a?s=96&d=mm&r=g\",\"caption\":\"Diario1 Diario1\"},\"url\":\"https:\\\/\\\/diariotextual.com\\\/inicio\\\/index.php\\\/author\\\/diario1\\\/\"}]}<\/script>\n<!-- \/ Yoast SEO plugin. -->","yoast_head_json":{"title":"Ziliotto se reuni\u00f3 con Estrellas Amarillas: avanzan en una agenda conjunta para reducir la siniestralidad vial - Diario Textual","robots":{"index":"index","follow":"follow","max-snippet":"max-snippet:-1","max-image-preview":"max-image-preview:large","max-video-preview":"max-video-preview:-1"},"canonical":"https:\/\/diariotextual.com\/inicio\/index.php\/2026\/03\/10\/ziliotto-se-reunio-con-estrellas-amarillas-avanzan-en-una-agenda-conjunta-para-reducir-la-siniestralidad-vial\/","og_locale":"es_ES","og_type":"article","og_title":"Ziliotto se reuni\u00f3 con Estrellas Amarillas: avanzan en una agenda conjunta para reducir la siniestralidad vial - Diario Textual","og_description":"El gobernador Sergio Ziliotto mantuvo este martes una reuni\u00f3n con integrantes de la Fundaci\u00f3n Estrellas Amarillas, encabezados por su presidenta Silvia Gonz\u00e1lez, en la que analizaron la situaci\u00f3n de la&hellip;","og_url":"https:\/\/diariotextual.com\/inicio\/index.php\/2026\/03\/10\/ziliotto-se-reunio-con-estrellas-amarillas-avanzan-en-una-agenda-conjunta-para-reducir-la-siniestralidad-vial\/","og_site_name":"Diario Textual","article_publisher":"https:\/\/www.facebook.com\/eltextual","article_published_time":"2026-03-10T17:54:20+00:00","article_modified_time":"2026-03-10T21:55:35+00:00","og_image":[{"width":1200,"height":800,"url":"https:\/\/diariotextual.com\/inicio\/wp-content\/uploads\/2026\/03\/ziliottosergioestrellasamarillasgonzalezsilviaziliotto2026-1.jpg","type":"image\/jpeg"}],"author":"Diario1 Diario1","twitter_card":"summary_large_image","twitter_creator":"@eltextual","twitter_site":"@eltextual","twitter_misc":{"Escrito por":"Diario1 Diario1","Tiempo de lectura":"3 minutos"},"schema":{"@context":"https:\/\/schema.org","@graph":[{"@type":"Article","@id":"https:\/\/diariotextual.com\/inicio\/index.php\/2026\/03\/10\/ziliotto-se-reunio-con-estrellas-amarillas-avanzan-en-una-agenda-conjunta-para-reducir-la-siniestralidad-vial\/#article","isPartOf":{"@id":"https:\/\/diariotextual.com\/inicio\/index.php\/2026\/03\/10\/ziliotto-se-reunio-con-estrellas-amarillas-avanzan-en-una-agenda-conjunta-para-reducir-la-siniestralidad-vial\/"},"author":{"name":"Diario1 Diario1","@id":"https:\/\/diariotextual.com\/inicio\/#\/schema\/person\/418fc4093c33e86ed41562db3508f958"},"headline":"Ziliotto se reuni\u00f3 con Estrellas Amarillas: avanzan en una agenda conjunta para reducir la siniestralidad vial","datePublished":"2026-03-10T17:54:20+00:00","dateModified":"2026-03-10T21:55:35+00:00","mainEntityOfPage":{"@id":"https:\/\/diariotextual.com\/inicio\/index.php\/2026\/03\/10\/ziliotto-se-reunio-con-estrellas-amarillas-avanzan-en-una-agenda-conjunta-para-reducir-la-siniestralidad-vial\/"},"wordCount":518,"publisher":{"@id":"https:\/\/diariotextual.com\/inicio\/#organization"},"image":{"@id":"https:\/\/diariotextual.com\/inicio\/index.php\/2026\/03\/10\/ziliotto-se-reunio-con-estrellas-amarillas-avanzan-en-una-agenda-conjunta-para-reducir-la-siniestralidad-vial\/#primaryimage"},"thumbnailUrl":"https:\/\/diariotextual.com\/inicio\/wp-content\/uploads\/2026\/03\/ziliottosergioestrellasamarillasgonzalezsilviaziliotto2026-1.jpg","articleSection":["A - ES NOTICIA (van abajo)","SOCIEDAD"],"inLanguage":"es"},{"@type":"WebPage","@id":"https:\/\/diariotextual.com\/inicio\/index.php\/2026\/03\/10\/ziliotto-se-reunio-con-estrellas-amarillas-avanzan-en-una-agenda-conjunta-para-reducir-la-siniestralidad-vial\/","url":"https:\/\/diariotextual.com\/inicio\/index.php\/2026\/03\/10\/ziliotto-se-reunio-con-estrellas-amarillas-avanzan-en-una-agenda-conjunta-para-reducir-la-siniestralidad-vial\/","name":"Ziliotto se reuni\u00f3 con Estrellas Amarillas: avanzan en una agenda conjunta para reducir la siniestralidad vial - Diario Textual","isPartOf":{"@id":"https:\/\/diariotextual.com\/inicio\/#website"},"primaryImageOfPage":{"@id":"https:\/\/diariotextual.com\/inicio\/index.php\/2026\/03\/10\/ziliotto-se-reunio-con-estrellas-amarillas-avanzan-en-una-agenda-conjunta-para-reducir-la-siniestralidad-vial\/#primaryimage"},"image":{"@id":"https:\/\/diariotextual.com\/inicio\/index.php\/2026\/03\/10\/ziliotto-se-reunio-con-estrellas-amarillas-avanzan-en-una-agenda-conjunta-para-reducir-la-siniestralidad-vial\/#primaryimage"},"thumbnailUrl":"https:\/\/diariotextual.com\/inicio\/wp-content\/uploads\/2026\/03\/ziliottosergioestrellasamarillasgonzalezsilviaziliotto2026-1.jpg","datePublished":"2026-03-10T17:54:20+00:00","dateModified":"2026-03-10T21:55:35+00:00","breadcrumb":{"@id":"https:\/\/diariotextual.com\/inicio\/index.php\/2026\/03\/10\/ziliotto-se-reunio-con-estrellas-amarillas-avanzan-en-una-agenda-conjunta-para-reducir-la-siniestralidad-vial\/#breadcrumb"},"inLanguage":"es","potentialAction":[{"@type":"ReadAction","target":["https:\/\/diariotextual.com\/inicio\/index.php\/2026\/03\/10\/ziliotto-se-reunio-con-estrellas-amarillas-avanzan-en-una-agenda-conjunta-para-reducir-la-siniestralidad-vial\/"]}]},{"@type":"ImageObject","inLanguage":"es","@id":"https:\/\/diariotextual.com\/inicio\/index.php\/2026\/03\/10\/ziliotto-se-reunio-con-estrellas-amarillas-avanzan-en-una-agenda-conjunta-para-reducir-la-siniestralidad-vial\/#primaryimage","url":"https:\/\/diariotextual.com\/inicio\/wp-content\/uploads\/2026\/03\/ziliottosergioestrellasamarillasgonzalezsilviaziliotto2026-1.jpg","contentUrl":"https:\/\/diariotextual.com\/inicio\/wp-content\/uploads\/2026\/03\/ziliottosergioestrellasamarillasgonzalezsilviaziliotto2026-1.jpg","width":1200,"height":800},{"@type":"BreadcrumbList","@id":"https:\/\/diariotextual.com\/inicio\/index.php\/2026\/03\/10\/ziliotto-se-reunio-con-estrellas-amarillas-avanzan-en-una-agenda-conjunta-para-reducir-la-siniestralidad-vial\/#breadcrumb","itemListElement":[{"@type":"ListItem","position":1,"name":"Portada","item":"https:\/\/diariotextual.com\/inicio\/"},{"@type":"ListItem","position":2,"name":"Ziliotto se reuni\u00f3 con Estrellas Amarillas: avanzan en una agenda conjunta para reducir la siniestralidad vial"}]},{"@type":"WebSite","@id":"https:\/\/diariotextual.com\/inicio\/#website","url":"https:\/\/diariotextual.com\/inicio\/","name":"Diario Textual","description":"","publisher":{"@id":"https:\/\/diariotextual.com\/inicio\/#organization"},"potentialAction":[{"@type":"SearchAction","target":{"@type":"EntryPoint","urlTemplate":"https:\/\/diariotextual.com\/inicio\/?s={search_term_string}"},"query-input":{"@type":"PropertyValueSpecification","valueRequired":true,"valueName":"search_term_string"}}],"inLanguage":"es"},{"@type":"Organization","@id":"https:\/\/diariotextual.com\/inicio\/#organization","name":"Diario Textual","url":"https:\/\/diariotextual.com\/inicio\/","logo":{"@type":"ImageObject","inLanguage":"es","@id":"https:\/\/diariotextual.com\/inicio\/#\/schema\/logo\/image\/","url":"https:\/\/diariotextual.com\/inicio\/wp-content\/uploads\/2023\/05\/logotextual1.jpg","contentUrl":"https:\/\/diariotextual.com\/inicio\/wp-content\/uploads\/2023\/05\/logotextual1.jpg","width":516,"height":76,"caption":"Diario Textual"},"image":{"@id":"https:\/\/diariotextual.com\/inicio\/#\/schema\/logo\/image\/"},"sameAs":["https:\/\/www.facebook.com\/eltextual","https:\/\/x.com\/eltextual","http:\/\/www.instagram.com\/eltextual"]},{"@type":"Person","@id":"https:\/\/diariotextual.com\/inicio\/#\/schema\/person\/418fc4093c33e86ed41562db3508f958","name":"Diario1 Diario1","image":{"@type":"ImageObject","inLanguage":"es","@id":"https:\/\/secure.gravatar.com\/avatar\/9167d280179c85bc18be67aa7eda765854300033af4896dd779b608640f2ef7a?s=96&d=mm&r=g","url":"https:\/\/secure.gravatar.com\/avatar\/9167d280179c85bc18be67aa7eda765854300033af4896dd779b608640f2ef7a?s=96&d=mm&r=g","contentUrl":"https:\/\/secure.gravatar.com\/avatar\/9167d280179c85bc18be67aa7eda765854300033af4896dd779b608640f2ef7a?s=96&d=mm&r=g","caption":"Diario1 Diario1"},"url":"https:\/\/diariotextual.com\/inicio\/index.php\/author\/diario1\/"}]}},"_links":{"self":[{"href":"https:\/\/diariotextual.com\/inicio\/index.php\/wp-json\/wp\/v2\/posts\/321860","targetHints":{"allow":["GET"]}}],"collection":[{"href":"https:\/\/diariotextual.com\/inicio\/index.php\/wp-json\/wp\/v2\/posts"}],"about":[{"href":"https:\/\/diariotextual.com\/inicio\/index.php\/wp-json\/wp\/v2\/types\/post"}],"author":[{"embeddable":true,"href":"https:\/\/diariotextual.com\/inicio\/index.php\/wp-json\/wp\/v2\/users\/3"}],"replies":[{"embeddable":true,"href":"https:\/\/diariotextual.com\/inicio\/index.php\/wp-json\/wp\/v2\/comments?post=321860"}],"version-history":[{"count":2,"href":"https:\/\/diariotextual.com\/inicio\/index.php\/wp-json\/wp\/v2\/posts\/321860\/revisions"}],"predecessor-version":[{"id":321862,"href":"https:\/\/diariotextual.com\/inicio\/index.php\/wp-json\/wp\/v2\/posts\/321860\/revisions\/321862"}],"wp:featuredmedia":[{"embeddable":true,"href":"https:\/\/diariotextual.com\/inicio\/index.php\/wp-json\/wp\/v2\/media\/321863"}],"wp:attachment":[{"href":"https:\/\/diariotextual.com\/inicio\/index.php\/wp-json\/wp\/v2\/media?parent=321860"}],"wp:term":[{"taxonomy":"category","embeddable":true,"href":"https:\/\/diariotextual.com\/inicio\/index.php\/wp-json\/wp\/v2\/categories?post=321860"},{"taxonomy":"post_tag","embeddable":true,"href":"https:\/\/diariotextual.com\/inicio\/index.php\/wp-json\/wp\/v2\/tags?post=321860"}],"curies":[{"name":"wp","href":"https:\/\/api.w.org\/{rel}","templated":true}]}}