{"id":321884,"date":"2026-03-10T17:36:30","date_gmt":"2026-03-10T20:36:30","guid":{"rendered":"https:\/\/diariotextual.com\/inicio\/?p=321884"},"modified":"2026-03-10T17:36:32","modified_gmt":"2026-03-10T20:36:32","slug":"el-eaaf-identifico-los-restos-de-12-personas-desaparecidas-en-cordoba","status":"publish","type":"post","link":"https:\/\/diariotextual.com\/inicio\/index.php\/2026\/03\/10\/el-eaaf-identifico-los-restos-de-12-personas-desaparecidas-en-cordoba\/","title":{"rendered":"El EAAF identific\u00f3 los restos de 12 personas desaparecidas en C\u00f3rdoba"},"content":{"rendered":"\n<p>El <strong>Juzgado Federal N\u00b03 de C\u00f3rdoba, a cargo de Miguel Hugo Vaca Narvaja<\/strong>, inform\u00f3 la<strong> identificaci\u00f3n de 12 personas detenidas-desaparecidas como resultado de los trabajos de an\u00e1lisis antropol\u00f3gico y gen\u00e9tico realizados por el Equipo Argentino de Antropolog\u00eda Forense<\/strong> sobre los restos \u00f3seos recuperados en el la Guarnici\u00f3n Militar La Calera, C\u00f3rdoba, donde funcion\u00f3 el <strong>Centro Clandestino de Detenci\u00f3n de La Perla.<\/strong><\/p>\n\n\n\n<p>Las autoridades judiciales intervinientes notificar\u00e1n a las familias los resultados informados por el EAAF. Una vez finalizadas las notificaciones, el tribunal brindar\u00e1 mayor informaci\u00f3n sobre la identidad de aquellas personas identificadas en esta instancia, contando para ello con el consentimiento de las familias involucradas.<\/p>\n\n\n\n<p>Las <strong>excavaciones arqueol\u00f3gicas conducidas por el EAAF en el 2025<\/strong> resultaron en el hallazgo y recuperaci\u00f3n de restos \u00f3seos humanos aislados y mezclados en dos \u00e1reas exploradas en la zona conocida como \u201cLoma del Torito\u201d, en La Calera.<\/p>\n\n\n\n<p>El EAAF lider\u00f3 la b\u00fasqueda en terreno, contando con la colaboraci\u00f3n de profesionales del Instituto de Medicina Forense del Poder Judicial de C\u00f3rdoba y la Universidad Nacional de R\u00edo Cuarto.<\/p>\n\n\n\n<p>Durante los trabajos, <strong>se excavaron 4 hect\u00e1reas, realizando unos 10.000 metros lineales de trincheras<\/strong>. Para este 2026, a\u00fan queda por rastrear una superficie de 2 hect\u00e1reas m\u00e1s.<\/p>\n\n\n\n<p>La principal hip\u00f3tesis es que en la zona investigada <strong>existieron grandes fosas comunes que fueron removidas por los militares antes de caer el Gobierno de facto, posiblemente, en el a\u00f1o 1979<\/strong>. Los cuerpos que estaban all\u00ed fueron llevados a otro lugar, pero quedaron algunos remanentes que pod\u00edan aportar informaci\u00f3n para su identificaci\u00f3n al <strong>compararlos con el banco gen\u00e9tico del EAAF.<\/strong><\/p>\n\n\n\n<p>Los <strong>familiares de personas desaparecidas que ya aportaron sus muestras de sangre y quieran actualizar sus datos de contacto pueden contactarse con el juzgado al (0351) 4335772<\/strong> o por mail a <a href=\"mailto:fcordoba3.secddhh@pjn.gov.ar\">fcordoba3.secddhh@pjn.gov.ar<\/a> Tambi\u00e9n pueden comunicarse al EAAF llamando al 0800 345 3236 o por correo electr\u00f3nico a <a href=\"mailto:iniciativa@eaaf.org\">iniciativa@eaaf.org<\/a><\/p>\n\n\n\n<div style=\"height:100px\" aria-hidden=\"true\" class=\"wp-block-spacer\"><\/div>\n\n\n\n<p><strong>Pampeano en La Perla<\/strong><\/p>\n\n\n\n<p>Una de las<strong> figuras del genocidio, cometido en La Perla<\/strong>, fue <strong>el pampeano H\u00e9ctor Pedro Vergez (nacido en Victorica),<\/strong> quien falleci\u00f3 detenido en la c\u00e1rcel de Bouwer (C\u00f3rdoba) en 2025.<\/p>\n\n\n\n<p><strong>\u201cLa Perla fue mi hija, mi obra. Yo la hice\u201d, le confes\u00f3 al periodista Ricardo Ragendorfer <\/strong>en una entrevista que mantuvo en su casa del centro porte\u00f1o, en 2004. All\u00ed se jact\u00f3 de haber llevado a cabo \u201cuna guerra de inteligencia\u201d. Para Vergez \u201clas batallas se liberaban en los interrogatorios. Eso no siempre implicaba la tortura sino una pugna psicol\u00f3gica muy sutil con el detenido\u201d, confes\u00f3 en aquella entrevista.<\/p>\n\n\n\n<p>Vergez form\u00f3 parte del Comando Libertadores de Am\u00e9rica en la provincia de C\u00f3rdoba, la versi\u00f3n cordobesa de la Triple A. Junto al comisario Pedro Telleld\u00edn (encargado de la inteligencia en la polic\u00eda cordobesa y padre de Carlos, implicado en el atentado a la Amia), atentaron contra el diario La Voz del Interior y fueron los responsables de asesinatos en la ciudad durante 1975 como los de la familia Pujadas, Susana Luna y Marcos Osatinsky (jefe de las Fuerzas Armadas Revolucionarias- FAR).<\/p>\n\n\n\n<p>Ya en curso la dictadura genocida, se desempe\u00f1\u00f3 como Jefe del Destacamento de Inteligencia 141 General Iribarren, dependiente del III Cuerpo de Ej\u00e9rcito en el Grupo Operaciones Especiales (OP3) inaugurando el centro clandestino La Perla. All\u00ed fue la cabeza que determinaba sobre la vida y la muerte de quienes eran secuestrados y torturados en la provincia, como as\u00ed tambi\u00e9n del robo de sus bienes.<\/p>\n","protected":false},"excerpt":{"rendered":"<p>El Juzgado Federal N\u00b03 de C\u00f3rdoba, a cargo de Miguel Hugo Vaca Narvaja, inform\u00f3 la identificaci\u00f3n de 12 personas detenidas-desaparecidas como resultado de los trabajos de an\u00e1lisis antropol\u00f3gico y gen\u00e9tico&hellip;<\/p>\n","protected":false},"author":5,"featured_media":321885,"comment_status":"closed","ping_status":"open","sticky":false,"template":"","format":"standard","meta":{"_acf_changed":false,"footnotes":""},"categories":[1,8],"tags":[],"class_list":["post-321884","post","type-post","status-publish","format-standard","has-post-thumbnail","hentry","category-es-noticia","category-politica"],"acf":[],"yoast_head":"<!-- This site is optimized with the Yoast SEO plugin v27.5 - https:\/\/yoast.com\/product\/yoast-seo-wordpress\/ -->\n<title>El EAAF identific\u00f3 los restos de 12 personas desaparecidas en C\u00f3rdoba - Diario Textual<\/title>\n<meta name=\"robots\" content=\"index, follow, max-snippet:-1, max-image-preview:large, max-video-preview:-1\" \/>\n<link rel=\"canonical\" href=\"https:\/\/diariotextual.com\/inicio\/index.php\/2026\/03\/10\/el-eaaf-identifico-los-restos-de-12-personas-desaparecidas-en-cordoba\/\" \/>\n<meta property=\"og:locale\" content=\"es_ES\" \/>\n<meta property=\"og:type\" content=\"article\" \/>\n<meta property=\"og:title\" content=\"El EAAF identific\u00f3 los restos de 12 personas desaparecidas en C\u00f3rdoba - Diario Textual\" \/>\n<meta property=\"og:description\" content=\"El Juzgado Federal N\u00b03 de C\u00f3rdoba, a cargo de Miguel Hugo Vaca Narvaja, inform\u00f3 la identificaci\u00f3n de 12 personas detenidas-desaparecidas como resultado de los trabajos de an\u00e1lisis antropol\u00f3gico y gen\u00e9tico&hellip;\" \/>\n<meta property=\"og:url\" content=\"https:\/\/diariotextual.com\/inicio\/index.php\/2026\/03\/10\/el-eaaf-identifico-los-restos-de-12-personas-desaparecidas-en-cordoba\/\" \/>\n<meta property=\"og:site_name\" content=\"Diario Textual\" \/>\n<meta property=\"article:publisher\" content=\"https:\/\/www.facebook.com\/eltextual\" \/>\n<meta property=\"article:published_time\" content=\"2026-03-10T20:36:30+00:00\" \/>\n<meta property=\"article:modified_time\" content=\"2026-03-10T20:36:32+00:00\" \/>\n<meta property=\"og:image\" content=\"https:\/\/diariotextual.com\/inicio\/wp-content\/uploads\/2026\/03\/laperlacordobaeaaf2026.jpg\" \/>\n\t<meta property=\"og:image:width\" content=\"900\" \/>\n\t<meta property=\"og:image:height\" content=\"484\" \/>\n\t<meta property=\"og:image:type\" content=\"image\/jpeg\" \/>\n<meta name=\"author\" content=\"diario3\" \/>\n<meta name=\"twitter:card\" content=\"summary_large_image\" \/>\n<meta name=\"twitter:creator\" content=\"@eltextual\" \/>\n<meta name=\"twitter:site\" content=\"@eltextual\" \/>\n<meta name=\"twitter:label1\" content=\"Escrito por\" \/>\n\t<meta name=\"twitter:data1\" content=\"diario3\" \/>\n\t<meta name=\"twitter:label2\" content=\"Tiempo de lectura\" \/>\n\t<meta name=\"twitter:data2\" content=\"3 minutos\" \/>\n<script type=\"application\/ld+json\" class=\"yoast-schema-graph\">{\"@context\":\"https:\\\/\\\/schema.org\",\"@graph\":[{\"@type\":\"Article\",\"@id\":\"https:\\\/\\\/diariotextual.com\\\/inicio\\\/index.php\\\/2026\\\/03\\\/10\\\/el-eaaf-identifico-los-restos-de-12-personas-desaparecidas-en-cordoba\\\/#article\",\"isPartOf\":{\"@id\":\"https:\\\/\\\/diariotextual.com\\\/inicio\\\/index.php\\\/2026\\\/03\\\/10\\\/el-eaaf-identifico-los-restos-de-12-personas-desaparecidas-en-cordoba\\\/\"},\"author\":{\"name\":\"diario3\",\"@id\":\"https:\\\/\\\/diariotextual.com\\\/inicio\\\/#\\\/schema\\\/person\\\/a1b6f563e0ee944c60f98119389a4d9f\"},\"headline\":\"El EAAF identific\u00f3 los restos de 12 personas desaparecidas en C\u00f3rdoba\",\"datePublished\":\"2026-03-10T20:36:30+00:00\",\"dateModified\":\"2026-03-10T20:36:32+00:00\",\"mainEntityOfPage\":{\"@id\":\"https:\\\/\\\/diariotextual.com\\\/inicio\\\/index.php\\\/2026\\\/03\\\/10\\\/el-eaaf-identifico-los-restos-de-12-personas-desaparecidas-en-cordoba\\\/\"},\"wordCount\":598,\"publisher\":{\"@id\":\"https:\\\/\\\/diariotextual.com\\\/inicio\\\/#organization\"},\"image\":{\"@id\":\"https:\\\/\\\/diariotextual.com\\\/inicio\\\/index.php\\\/2026\\\/03\\\/10\\\/el-eaaf-identifico-los-restos-de-12-personas-desaparecidas-en-cordoba\\\/#primaryimage\"},\"thumbnailUrl\":\"https:\\\/\\\/diariotextual.com\\\/inicio\\\/wp-content\\\/uploads\\\/2026\\\/03\\\/laperlacordobaeaaf2026.jpg\",\"articleSection\":[\"A - ES NOTICIA (van abajo)\",\"POLITICA\"],\"inLanguage\":\"es\"},{\"@type\":\"WebPage\",\"@id\":\"https:\\\/\\\/diariotextual.com\\\/inicio\\\/index.php\\\/2026\\\/03\\\/10\\\/el-eaaf-identifico-los-restos-de-12-personas-desaparecidas-en-cordoba\\\/\",\"url\":\"https:\\\/\\\/diariotextual.com\\\/inicio\\\/index.php\\\/2026\\\/03\\\/10\\\/el-eaaf-identifico-los-restos-de-12-personas-desaparecidas-en-cordoba\\\/\",\"name\":\"El EAAF identific\u00f3 los restos de 12 personas desaparecidas en C\u00f3rdoba - Diario Textual\",\"isPartOf\":{\"@id\":\"https:\\\/\\\/diariotextual.com\\\/inicio\\\/#website\"},\"primaryImageOfPage\":{\"@id\":\"https:\\\/\\\/diariotextual.com\\\/inicio\\\/index.php\\\/2026\\\/03\\\/10\\\/el-eaaf-identifico-los-restos-de-12-personas-desaparecidas-en-cordoba\\\/#primaryimage\"},\"image\":{\"@id\":\"https:\\\/\\\/diariotextual.com\\\/inicio\\\/index.php\\\/2026\\\/03\\\/10\\\/el-eaaf-identifico-los-restos-de-12-personas-desaparecidas-en-cordoba\\\/#primaryimage\"},\"thumbnailUrl\":\"https:\\\/\\\/diariotextual.com\\\/inicio\\\/wp-content\\\/uploads\\\/2026\\\/03\\\/laperlacordobaeaaf2026.jpg\",\"datePublished\":\"2026-03-10T20:36:30+00:00\",\"dateModified\":\"2026-03-10T20:36:32+00:00\",\"breadcrumb\":{\"@id\":\"https:\\\/\\\/diariotextual.com\\\/inicio\\\/index.php\\\/2026\\\/03\\\/10\\\/el-eaaf-identifico-los-restos-de-12-personas-desaparecidas-en-cordoba\\\/#breadcrumb\"},\"inLanguage\":\"es\",\"potentialAction\":[{\"@type\":\"ReadAction\",\"target\":[\"https:\\\/\\\/diariotextual.com\\\/inicio\\\/index.php\\\/2026\\\/03\\\/10\\\/el-eaaf-identifico-los-restos-de-12-personas-desaparecidas-en-cordoba\\\/\"]}]},{\"@type\":\"ImageObject\",\"inLanguage\":\"es\",\"@id\":\"https:\\\/\\\/diariotextual.com\\\/inicio\\\/index.php\\\/2026\\\/03\\\/10\\\/el-eaaf-identifico-los-restos-de-12-personas-desaparecidas-en-cordoba\\\/#primaryimage\",\"url\":\"https:\\\/\\\/diariotextual.com\\\/inicio\\\/wp-content\\\/uploads\\\/2026\\\/03\\\/laperlacordobaeaaf2026.jpg\",\"contentUrl\":\"https:\\\/\\\/diariotextual.com\\\/inicio\\\/wp-content\\\/uploads\\\/2026\\\/03\\\/laperlacordobaeaaf2026.jpg\",\"width\":900,\"height\":484},{\"@type\":\"BreadcrumbList\",\"@id\":\"https:\\\/\\\/diariotextual.com\\\/inicio\\\/index.php\\\/2026\\\/03\\\/10\\\/el-eaaf-identifico-los-restos-de-12-personas-desaparecidas-en-cordoba\\\/#breadcrumb\",\"itemListElement\":[{\"@type\":\"ListItem\",\"position\":1,\"name\":\"Portada\",\"item\":\"https:\\\/\\\/diariotextual.com\\\/inicio\\\/\"},{\"@type\":\"ListItem\",\"position\":2,\"name\":\"El EAAF identific\u00f3 los restos de 12 personas desaparecidas en C\u00f3rdoba\"}]},{\"@type\":\"WebSite\",\"@id\":\"https:\\\/\\\/diariotextual.com\\\/inicio\\\/#website\",\"url\":\"https:\\\/\\\/diariotextual.com\\\/inicio\\\/\",\"name\":\"Diario Textual\",\"description\":\"\",\"publisher\":{\"@id\":\"https:\\\/\\\/diariotextual.com\\\/inicio\\\/#organization\"},\"potentialAction\":[{\"@type\":\"SearchAction\",\"target\":{\"@type\":\"EntryPoint\",\"urlTemplate\":\"https:\\\/\\\/diariotextual.com\\\/inicio\\\/?s={search_term_string}\"},\"query-input\":{\"@type\":\"PropertyValueSpecification\",\"valueRequired\":true,\"valueName\":\"search_term_string\"}}],\"inLanguage\":\"es\"},{\"@type\":\"Organization\",\"@id\":\"https:\\\/\\\/diariotextual.com\\\/inicio\\\/#organization\",\"name\":\"Diario Textual\",\"url\":\"https:\\\/\\\/diariotextual.com\\\/inicio\\\/\",\"logo\":{\"@type\":\"ImageObject\",\"inLanguage\":\"es\",\"@id\":\"https:\\\/\\\/diariotextual.com\\\/inicio\\\/#\\\/schema\\\/logo\\\/image\\\/\",\"url\":\"https:\\\/\\\/diariotextual.com\\\/inicio\\\/wp-content\\\/uploads\\\/2023\\\/05\\\/logotextual1.jpg\",\"contentUrl\":\"https:\\\/\\\/diariotextual.com\\\/inicio\\\/wp-content\\\/uploads\\\/2023\\\/05\\\/logotextual1.jpg\",\"width\":516,\"height\":76,\"caption\":\"Diario Textual\"},\"image\":{\"@id\":\"https:\\\/\\\/diariotextual.com\\\/inicio\\\/#\\\/schema\\\/logo\\\/image\\\/\"},\"sameAs\":[\"https:\\\/\\\/www.facebook.com\\\/eltextual\",\"https:\\\/\\\/x.com\\\/eltextual\",\"http:\\\/\\\/www.instagram.com\\\/eltextual\"]},{\"@type\":\"Person\",\"@id\":\"https:\\\/\\\/diariotextual.com\\\/inicio\\\/#\\\/schema\\\/person\\\/a1b6f563e0ee944c60f98119389a4d9f\",\"name\":\"diario3\",\"image\":{\"@type\":\"ImageObject\",\"inLanguage\":\"es\",\"@id\":\"https:\\\/\\\/secure.gravatar.com\\\/avatar\\\/5e7ee62c82fc04d9dd79d746a390d93c69c43223e5faeeb3ea9461ef752bfc5d?s=96&d=mm&r=g\",\"url\":\"https:\\\/\\\/secure.gravatar.com\\\/avatar\\\/5e7ee62c82fc04d9dd79d746a390d93c69c43223e5faeeb3ea9461ef752bfc5d?s=96&d=mm&r=g\",\"contentUrl\":\"https:\\\/\\\/secure.gravatar.com\\\/avatar\\\/5e7ee62c82fc04d9dd79d746a390d93c69c43223e5faeeb3ea9461ef752bfc5d?s=96&d=mm&r=g\",\"caption\":\"diario3\"},\"url\":\"https:\\\/\\\/diariotextual.com\\\/inicio\\\/index.php\\\/author\\\/diario3\\\/\"}]}<\/script>\n<!-- \/ Yoast SEO plugin. -->","yoast_head_json":{"title":"El EAAF identific\u00f3 los restos de 12 personas desaparecidas en C\u00f3rdoba - Diario Textual","robots":{"index":"index","follow":"follow","max-snippet":"max-snippet:-1","max-image-preview":"max-image-preview:large","max-video-preview":"max-video-preview:-1"},"canonical":"https:\/\/diariotextual.com\/inicio\/index.php\/2026\/03\/10\/el-eaaf-identifico-los-restos-de-12-personas-desaparecidas-en-cordoba\/","og_locale":"es_ES","og_type":"article","og_title":"El EAAF identific\u00f3 los restos de 12 personas desaparecidas en C\u00f3rdoba - Diario Textual","og_description":"El Juzgado Federal N\u00b03 de C\u00f3rdoba, a cargo de Miguel Hugo Vaca Narvaja, inform\u00f3 la identificaci\u00f3n de 12 personas detenidas-desaparecidas como resultado de los trabajos de an\u00e1lisis antropol\u00f3gico y gen\u00e9tico&hellip;","og_url":"https:\/\/diariotextual.com\/inicio\/index.php\/2026\/03\/10\/el-eaaf-identifico-los-restos-de-12-personas-desaparecidas-en-cordoba\/","og_site_name":"Diario Textual","article_publisher":"https:\/\/www.facebook.com\/eltextual","article_published_time":"2026-03-10T20:36:30+00:00","article_modified_time":"2026-03-10T20:36:32+00:00","og_image":[{"width":900,"height":484,"url":"https:\/\/diariotextual.com\/inicio\/wp-content\/uploads\/2026\/03\/laperlacordobaeaaf2026.jpg","type":"image\/jpeg"}],"author":"diario3","twitter_card":"summary_large_image","twitter_creator":"@eltextual","twitter_site":"@eltextual","twitter_misc":{"Escrito por":"diario3","Tiempo de lectura":"3 minutos"},"schema":{"@context":"https:\/\/schema.org","@graph":[{"@type":"Article","@id":"https:\/\/diariotextual.com\/inicio\/index.php\/2026\/03\/10\/el-eaaf-identifico-los-restos-de-12-personas-desaparecidas-en-cordoba\/#article","isPartOf":{"@id":"https:\/\/diariotextual.com\/inicio\/index.php\/2026\/03\/10\/el-eaaf-identifico-los-restos-de-12-personas-desaparecidas-en-cordoba\/"},"author":{"name":"diario3","@id":"https:\/\/diariotextual.com\/inicio\/#\/schema\/person\/a1b6f563e0ee944c60f98119389a4d9f"},"headline":"El EAAF identific\u00f3 los restos de 12 personas desaparecidas en C\u00f3rdoba","datePublished":"2026-03-10T20:36:30+00:00","dateModified":"2026-03-10T20:36:32+00:00","mainEntityOfPage":{"@id":"https:\/\/diariotextual.com\/inicio\/index.php\/2026\/03\/10\/el-eaaf-identifico-los-restos-de-12-personas-desaparecidas-en-cordoba\/"},"wordCount":598,"publisher":{"@id":"https:\/\/diariotextual.com\/inicio\/#organization"},"image":{"@id":"https:\/\/diariotextual.com\/inicio\/index.php\/2026\/03\/10\/el-eaaf-identifico-los-restos-de-12-personas-desaparecidas-en-cordoba\/#primaryimage"},"thumbnailUrl":"https:\/\/diariotextual.com\/inicio\/wp-content\/uploads\/2026\/03\/laperlacordobaeaaf2026.jpg","articleSection":["A - ES NOTICIA (van abajo)","POLITICA"],"inLanguage":"es"},{"@type":"WebPage","@id":"https:\/\/diariotextual.com\/inicio\/index.php\/2026\/03\/10\/el-eaaf-identifico-los-restos-de-12-personas-desaparecidas-en-cordoba\/","url":"https:\/\/diariotextual.com\/inicio\/index.php\/2026\/03\/10\/el-eaaf-identifico-los-restos-de-12-personas-desaparecidas-en-cordoba\/","name":"El EAAF identific\u00f3 los restos de 12 personas desaparecidas en C\u00f3rdoba - Diario Textual","isPartOf":{"@id":"https:\/\/diariotextual.com\/inicio\/#website"},"primaryImageOfPage":{"@id":"https:\/\/diariotextual.com\/inicio\/index.php\/2026\/03\/10\/el-eaaf-identifico-los-restos-de-12-personas-desaparecidas-en-cordoba\/#primaryimage"},"image":{"@id":"https:\/\/diariotextual.com\/inicio\/index.php\/2026\/03\/10\/el-eaaf-identifico-los-restos-de-12-personas-desaparecidas-en-cordoba\/#primaryimage"},"thumbnailUrl":"https:\/\/diariotextual.com\/inicio\/wp-content\/uploads\/2026\/03\/laperlacordobaeaaf2026.jpg","datePublished":"2026-03-10T20:36:30+00:00","dateModified":"2026-03-10T20:36:32+00:00","breadcrumb":{"@id":"https:\/\/diariotextual.com\/inicio\/index.php\/2026\/03\/10\/el-eaaf-identifico-los-restos-de-12-personas-desaparecidas-en-cordoba\/#breadcrumb"},"inLanguage":"es","potentialAction":[{"@type":"ReadAction","target":["https:\/\/diariotextual.com\/inicio\/index.php\/2026\/03\/10\/el-eaaf-identifico-los-restos-de-12-personas-desaparecidas-en-cordoba\/"]}]},{"@type":"ImageObject","inLanguage":"es","@id":"https:\/\/diariotextual.com\/inicio\/index.php\/2026\/03\/10\/el-eaaf-identifico-los-restos-de-12-personas-desaparecidas-en-cordoba\/#primaryimage","url":"https:\/\/diariotextual.com\/inicio\/wp-content\/uploads\/2026\/03\/laperlacordobaeaaf2026.jpg","contentUrl":"https:\/\/diariotextual.com\/inicio\/wp-content\/uploads\/2026\/03\/laperlacordobaeaaf2026.jpg","width":900,"height":484},{"@type":"BreadcrumbList","@id":"https:\/\/diariotextual.com\/inicio\/index.php\/2026\/03\/10\/el-eaaf-identifico-los-restos-de-12-personas-desaparecidas-en-cordoba\/#breadcrumb","itemListElement":[{"@type":"ListItem","position":1,"name":"Portada","item":"https:\/\/diariotextual.com\/inicio\/"},{"@type":"ListItem","position":2,"name":"El EAAF identific\u00f3 los restos de 12 personas desaparecidas en C\u00f3rdoba"}]},{"@type":"WebSite","@id":"https:\/\/diariotextual.com\/inicio\/#website","url":"https:\/\/diariotextual.com\/inicio\/","name":"Diario Textual","description":"","publisher":{"@id":"https:\/\/diariotextual.com\/inicio\/#organization"},"potentialAction":[{"@type":"SearchAction","target":{"@type":"EntryPoint","urlTemplate":"https:\/\/diariotextual.com\/inicio\/?s={search_term_string}"},"query-input":{"@type":"PropertyValueSpecification","valueRequired":true,"valueName":"search_term_string"}}],"inLanguage":"es"},{"@type":"Organization","@id":"https:\/\/diariotextual.com\/inicio\/#organization","name":"Diario Textual","url":"https:\/\/diariotextual.com\/inicio\/","logo":{"@type":"ImageObject","inLanguage":"es","@id":"https:\/\/diariotextual.com\/inicio\/#\/schema\/logo\/image\/","url":"https:\/\/diariotextual.com\/inicio\/wp-content\/uploads\/2023\/05\/logotextual1.jpg","contentUrl":"https:\/\/diariotextual.com\/inicio\/wp-content\/uploads\/2023\/05\/logotextual1.jpg","width":516,"height":76,"caption":"Diario Textual"},"image":{"@id":"https:\/\/diariotextual.com\/inicio\/#\/schema\/logo\/image\/"},"sameAs":["https:\/\/www.facebook.com\/eltextual","https:\/\/x.com\/eltextual","http:\/\/www.instagram.com\/eltextual"]},{"@type":"Person","@id":"https:\/\/diariotextual.com\/inicio\/#\/schema\/person\/a1b6f563e0ee944c60f98119389a4d9f","name":"diario3","image":{"@type":"ImageObject","inLanguage":"es","@id":"https:\/\/secure.gravatar.com\/avatar\/5e7ee62c82fc04d9dd79d746a390d93c69c43223e5faeeb3ea9461ef752bfc5d?s=96&d=mm&r=g","url":"https:\/\/secure.gravatar.com\/avatar\/5e7ee62c82fc04d9dd79d746a390d93c69c43223e5faeeb3ea9461ef752bfc5d?s=96&d=mm&r=g","contentUrl":"https:\/\/secure.gravatar.com\/avatar\/5e7ee62c82fc04d9dd79d746a390d93c69c43223e5faeeb3ea9461ef752bfc5d?s=96&d=mm&r=g","caption":"diario3"},"url":"https:\/\/diariotextual.com\/inicio\/index.php\/author\/diario3\/"}]}},"_links":{"self":[{"href":"https:\/\/diariotextual.com\/inicio\/index.php\/wp-json\/wp\/v2\/posts\/321884","targetHints":{"allow":["GET"]}}],"collection":[{"href":"https:\/\/diariotextual.com\/inicio\/index.php\/wp-json\/wp\/v2\/posts"}],"about":[{"href":"https:\/\/diariotextual.com\/inicio\/index.php\/wp-json\/wp\/v2\/types\/post"}],"author":[{"embeddable":true,"href":"https:\/\/diariotextual.com\/inicio\/index.php\/wp-json\/wp\/v2\/users\/5"}],"replies":[{"embeddable":true,"href":"https:\/\/diariotextual.com\/inicio\/index.php\/wp-json\/wp\/v2\/comments?post=321884"}],"version-history":[{"count":1,"href":"https:\/\/diariotextual.com\/inicio\/index.php\/wp-json\/wp\/v2\/posts\/321884\/revisions"}],"predecessor-version":[{"id":321886,"href":"https:\/\/diariotextual.com\/inicio\/index.php\/wp-json\/wp\/v2\/posts\/321884\/revisions\/321886"}],"wp:featuredmedia":[{"embeddable":true,"href":"https:\/\/diariotextual.com\/inicio\/index.php\/wp-json\/wp\/v2\/media\/321885"}],"wp:attachment":[{"href":"https:\/\/diariotextual.com\/inicio\/index.php\/wp-json\/wp\/v2\/media?parent=321884"}],"wp:term":[{"taxonomy":"category","embeddable":true,"href":"https:\/\/diariotextual.com\/inicio\/index.php\/wp-json\/wp\/v2\/categories?post=321884"},{"taxonomy":"post_tag","embeddable":true,"href":"https:\/\/diariotextual.com\/inicio\/index.php\/wp-json\/wp\/v2\/tags?post=321884"}],"curies":[{"name":"wp","href":"https:\/\/api.w.org\/{rel}","templated":true}]}}