{"id":321889,"date":"2026-03-10T18:55:19","date_gmt":"2026-03-10T21:55:19","guid":{"rendered":"https:\/\/diariotextual.com\/inicio\/?p=321889"},"modified":"2026-03-10T20:08:10","modified_gmt":"2026-03-10T23:08:10","slug":"santa-rosa-se-instalan-nuevas-garitas-del-transporte-publico-y-se-continuan-con-obras-de-cloacas-desagues-y-agua","status":"publish","type":"post","link":"https:\/\/diariotextual.com\/inicio\/index.php\/2026\/03\/10\/santa-rosa-se-instalan-nuevas-garitas-del-transporte-publico-y-se-continuan-con-obras-de-cloacas-desagues-y-agua\/","title":{"rendered":"Santa Rosa: se instalan nuevas garitas del transporte p\u00fablico y se contin\u00faan con obras de cloacas, desag\u00fces y agua"},"content":{"rendered":"\n<p>El municipio de Santa Rosa avanza con distintas obras de infraestructura urbana destinadas a mejorar la prestaci\u00f3n de servicios p\u00fablicos y el estado de las calles de la ciudad. Los trabajos se realizan con <strong>recursos propios<\/strong> y forman parte de un plan de intervenciones en diferentes barrios.<\/p>\n\n\n\n<p>Las tareas incluyen la <strong>instalaci\u00f3n de nuevas garitas del transporte urbano<\/strong>, obras en la <strong>red de agua potable<\/strong>, reparaciones en <strong>desag\u00fces pluviales<\/strong>, trabajos en el <strong>sistema cloacal<\/strong> y <strong>operativos de bacheo y pavimentaci\u00f3n<\/strong>.<\/p>\n\n\n\n<div style=\"height:100px\" aria-hidden=\"true\" class=\"wp-block-spacer\"><\/div>\n\n\n\n<p><strong>Nuevas garitas del Emtu<\/strong><\/p>\n\n\n\n<p>Durante esta semana, el municipio comenz\u00f3 a preparar las bases en <strong>calle Donatti y Payne Norte; Donatti y Charles Chaplin; y Donatti y Farinatti<\/strong>, donde se instalar\u00e1n tres nuevas garitas del <strong>Ente Municipal de Transporte Urbano (Emtu)<\/strong>.<\/p>\n\n\n\n<p>Las estructuras buscan mejorar las condiciones de <strong>confort, funcionalidad y seguridad<\/strong> para las personas usuarias del transporte p\u00fablico.<\/p>\n\n\n\n<p>Meses atr\u00e1s, la comuna adquiri\u00f3 e instal\u00f3 <strong>20 nuevas garitas<\/strong>, destinadas a optimizar la experiencia en los puntos de ascenso y descenso de las <strong>ocho l\u00edneas<\/strong> del transporte urbano santarrose\u00f1o.<\/p>\n\n\n\n<div style=\"height:100px\" aria-hidden=\"true\" class=\"wp-block-spacer\"><\/div>\n\n\n\n<p><strong>Red de agua potable<\/strong><\/p>\n\n\n\n<p>El municipio tiene <strong>tres cuadrillas en el turno ma\u00f1ana y otras tres en el turno tarde<\/strong> dedicadas a tareas de reparaci\u00f3n y monitoreo de la red de agua en distintos barrios.<\/p>\n\n\n\n<p>El temporal de lluvia y viento registrado en los \u00faltimos d\u00edas provoc\u00f3 la <strong>ca\u00edda de \u00e1rboles<\/strong>, lo que gener\u00f3 da\u00f1os en algunas ca\u00f1er\u00edas que actualmente se encuentran en proceso de reparaci\u00f3n.<\/p>\n\n\n\n<p>Adem\u00e1s, parte de los equipos trabaja en la <strong>red de agua potable de calle Rodr\u00edguez, entre Luis Alberto Ferrando y Santiago \u00c1lvarez<\/strong>, donde se instalan nuevas ca\u00f1er\u00edas de <strong>PVC<\/strong> para mejorar el funcionamiento del sistema.<\/p>\n\n\n\n<p>En el <strong>barrio Butal\u00f3<\/strong> contin\u00faa la renovaci\u00f3n integral del <strong>centro de abastecimiento<\/strong>, con tareas el\u00e9ctricas, civiles y en el sistema de ca\u00f1er\u00edas. Desde el municipio se\u00f1alaron que esta intervenci\u00f3n resulta clave para mejorar la <strong>estabilidad y el rendimiento del servicio<\/strong>.<\/p>\n\n\n\n<div style=\"height:100px\" aria-hidden=\"true\" class=\"wp-block-spacer\"><\/div>\n\n\n\n<p><strong>Desag\u00fces<\/strong><\/p>\n\n\n\n<p>En <strong>calle Blanco Encalada<\/strong>, en el barrio Los Caldenes, se repar\u00f3 el sistema de desag\u00fces vinculado al <strong>centro de abastecimiento sur<\/strong>.<\/p>\n\n\n\n<p>Seg\u00fan indicaron desde la comuna, estas tareas permiten evitar <strong>p\u00e9rdidas y anegamientos en las calles<\/strong>.<\/p>\n\n\n\n<p>De manera cotidiana tambi\u00e9n se realizan trabajos de <strong>desobstrucci\u00f3n, barrido y limpieza de desag\u00fces y bocas de tormenta<\/strong> en distintos puntos de la ciudad.<\/p>\n\n\n\n<div style=\"height:100px\" aria-hidden=\"true\" class=\"wp-block-spacer\"><\/div>\n\n\n\n<p><strong>Obras cloacales<\/strong><\/p>\n\n\n\n<p>Durante estos d\u00edas contin\u00faa el <strong>recambio de ca\u00f1er\u00edas cloacales en calle Tierno, entre Callegaris y Martin Luther King<\/strong>.<\/p>\n\n\n\n<p>La obra, que se encuentra pr\u00f3xima a finalizar, contempla el reemplazo de ca\u00f1er\u00edas de <strong>asbesto cemento de 150 mil\u00edmetros<\/strong> por nuevos ductos de <strong>PVC de 200 mil\u00edmetros<\/strong>. Adem\u00e1s, el municipio realiza <strong>29 conexiones domiciliarias<\/strong> en el sector.<\/p>\n\n\n\n<p>Tambi\u00e9n se repararon ca\u00f1er\u00edas en <strong>Pestalozzi y Dante Alighieri<\/strong>, con un nuevo tendido de <strong>18 metros<\/strong> que permite aliviar el sistema cloacal. Estas tareas se complementar\u00e1n con intervenciones similares <strong>en calle Dante Alighieri, entre Wilde y Pestalozzi<\/strong>.<\/p>\n\n\n\n<p>Por otra parte, se instalaron <strong>seis metros de ca\u00f1er\u00eda de PVC en calle Boyac\u00e1, entre G\u00fcemes y Argentino Valle<\/strong>, con el objetivo de evitar rebalses y obstrucciones.<\/p>\n\n\n\n<p>Tras el temporal, tambi\u00e9n se realizaron reparaciones en <strong>calle Emilio Civit entre M\u00e1rmol y Dante Alighieri; Anza entre Chile y P\u00edo XII; Chile y Emilio Zola; Chile entre Emilio Zola y M\u00e9xico; y Chile y Alberdi<\/strong>.<\/p>\n\n\n\n<div style=\"height:100px\" aria-hidden=\"true\" class=\"wp-block-spacer\"><\/div>\n\n\n\n<p><strong>Bacheo y mantenimiento de calles<\/strong><\/p>\n\n\n\n<p>Las tareas de mantenimiento incluyeron intervenciones en <strong>Unanue y Pestalozzi<\/strong>, y en <strong>calle Soldado Lagos entre Jarillas y Unanue<\/strong>. Adem\u00e1s, se encuentran en etapa final los trabajos en <strong>calle Wilde<\/strong>.<\/p>\n\n\n\n<p>Los materiales utilizados en estas obras se producen en la <strong>Planta Municipal de Asfalto<\/strong>, lo que permite sostener un ritmo constante de intervenciones y reducir los tiempos de ejecuci\u00f3n.<\/p>\n\n\n\n<p>Tambi\u00e9n se realizaron trabajos en diversas calles de la ciudad: <strong>San Jos\u00e9 entre Juan Manuel de Rosas y Virgen de F\u00e1tima; Padre Ermesino entre Rosas y Virgen de F\u00e1tima; Corona Mart\u00ednez entre avenida Circunvalaci\u00f3n y R\u00edo V; R\u00edo V entre Felipe Vallese y Corona Mart\u00ednez; Sequeira entre Vallese y Corona Mart\u00ednez; Savioli entre avenida Circunvalaci\u00f3n y Corona Mart\u00ednez; Ap\u00f3stol Juan entre Martin Luther King y R\u00edo V; Dom\u00ednguez entre Bert\u00f3n y Meringer; Meringer entre Dom\u00ednguez y Mercedes Sosa; Toscano entre Chopin y Doering; Rodr\u00edguez entre \u00c1lvarez y Ferrando; Rubio entre Chopin y Doering; Verne entre Selva y Tello; y Tello entre Palacios y Mosconi<\/strong>.<\/p>\n\n\n\n<div style=\"height:100px\" aria-hidden=\"true\" class=\"wp-block-spacer\"><\/div>\n\n\n\n<p><strong>Pavimento en el barrio Aquiles Jos\u00e9 Regazzoli<\/strong><\/p>\n\n\n\n<p>En el <strong>barrio Aquiles Jos\u00e9 Regazzoli<\/strong>, uno de los sectores hist\u00f3ricos de la ciudad, el municipio ejecuta una obra integral de urbanizaci\u00f3n.<\/p>\n\n\n\n<p>Durante este martes las cuadrillas municipales comenzaron con la <strong>pavimentaci\u00f3n del pasaje 30 de Octubre<\/strong>. Luego continuar\u00e1n con el resto de las calles hasta completar el <strong>100 % del barrio<\/strong>.<\/p>\n\n\n\n<p>El proyecto tambi\u00e9n incluye <strong>nueva iluminaci\u00f3n, una plaza con veredas y caminos internos accesibles, parquizaci\u00f3n, la realizaci\u00f3n de un mural y la instalaci\u00f3n de mobiliario urbano<\/strong>.<\/p>\n\n\n\n<p><\/p>\n","protected":false},"excerpt":{"rendered":"<p>El municipio de Santa Rosa avanza con distintas obras de infraestructura urbana destinadas a mejorar la prestaci\u00f3n de servicios p\u00fablicos y el estado de las calles de la ciudad. Los&hellip;<\/p>\n","protected":false},"author":3,"featured_media":321893,"comment_status":"closed","ping_status":"open","sticky":false,"template":"","format":"standard","meta":{"_acf_changed":false,"footnotes":""},"categories":[1,12],"tags":[],"class_list":["post-321889","post","type-post","status-publish","format-standard","has-post-thumbnail","hentry","category-es-noticia","category-sociedad"],"acf":[],"yoast_head":"<!-- This site is optimized with the Yoast SEO plugin v27.5 - https:\/\/yoast.com\/product\/yoast-seo-wordpress\/ -->\n<title>Santa Rosa: se instalan nuevas garitas del transporte p\u00fablico y se contin\u00faan con obras de cloacas, desag\u00fces y agua - Diario Textual<\/title>\n<meta name=\"robots\" content=\"index, follow, max-snippet:-1, max-image-preview:large, max-video-preview:-1\" \/>\n<link rel=\"canonical\" href=\"https:\/\/diariotextual.com\/inicio\/index.php\/2026\/03\/10\/santa-rosa-se-instalan-nuevas-garitas-del-transporte-publico-y-se-continuan-con-obras-de-cloacas-desagues-y-agua\/\" \/>\n<meta property=\"og:locale\" content=\"es_ES\" \/>\n<meta property=\"og:type\" content=\"article\" \/>\n<meta property=\"og:title\" content=\"Santa Rosa: se instalan nuevas garitas del transporte p\u00fablico y se contin\u00faan con obras de cloacas, desag\u00fces y agua - Diario Textual\" \/>\n<meta property=\"og:description\" content=\"El municipio de Santa Rosa avanza con distintas obras de infraestructura urbana destinadas a mejorar la prestaci\u00f3n de servicios p\u00fablicos y el estado de las calles de la ciudad. Los&hellip;\" \/>\n<meta property=\"og:url\" content=\"https:\/\/diariotextual.com\/inicio\/index.php\/2026\/03\/10\/santa-rosa-se-instalan-nuevas-garitas-del-transporte-publico-y-se-continuan-con-obras-de-cloacas-desagues-y-agua\/\" \/>\n<meta property=\"og:site_name\" content=\"Diario Textual\" \/>\n<meta property=\"article:publisher\" content=\"https:\/\/www.facebook.com\/eltextual\" \/>\n<meta property=\"article:published_time\" content=\"2026-03-10T21:55:19+00:00\" \/>\n<meta property=\"article:modified_time\" content=\"2026-03-10T23:08:10+00:00\" \/>\n<meta property=\"og:image\" content=\"https:\/\/diariotextual.com\/inicio\/wp-content\/uploads\/2026\/03\/operariosmunicipalesrepavimentaciongaritas2026-1.jpg\" \/>\n\t<meta property=\"og:image:width\" content=\"1200\" \/>\n\t<meta property=\"og:image:height\" content=\"791\" \/>\n\t<meta property=\"og:image:type\" content=\"image\/jpeg\" \/>\n<meta name=\"author\" content=\"Diario1 Diario1\" \/>\n<meta name=\"twitter:card\" content=\"summary_large_image\" \/>\n<meta name=\"twitter:creator\" content=\"@eltextual\" \/>\n<meta name=\"twitter:site\" content=\"@eltextual\" \/>\n<meta name=\"twitter:label1\" content=\"Escrito por\" \/>\n\t<meta name=\"twitter:data1\" content=\"Diario1 Diario1\" \/>\n\t<meta name=\"twitter:label2\" content=\"Tiempo de lectura\" \/>\n\t<meta name=\"twitter:data2\" content=\"4 minutos\" \/>\n<script type=\"application\/ld+json\" class=\"yoast-schema-graph\">{\"@context\":\"https:\\\/\\\/schema.org\",\"@graph\":[{\"@type\":\"Article\",\"@id\":\"https:\\\/\\\/diariotextual.com\\\/inicio\\\/index.php\\\/2026\\\/03\\\/10\\\/santa-rosa-se-instalan-nuevas-garitas-del-transporte-publico-y-se-continuan-con-obras-de-cloacas-desagues-y-agua\\\/#article\",\"isPartOf\":{\"@id\":\"https:\\\/\\\/diariotextual.com\\\/inicio\\\/index.php\\\/2026\\\/03\\\/10\\\/santa-rosa-se-instalan-nuevas-garitas-del-transporte-publico-y-se-continuan-con-obras-de-cloacas-desagues-y-agua\\\/\"},\"author\":{\"name\":\"Diario1 Diario1\",\"@id\":\"https:\\\/\\\/diariotextual.com\\\/inicio\\\/#\\\/schema\\\/person\\\/418fc4093c33e86ed41562db3508f958\"},\"headline\":\"Santa Rosa: se instalan nuevas garitas del transporte p\u00fablico y se contin\u00faan con obras de cloacas, desag\u00fces y agua\",\"datePublished\":\"2026-03-10T21:55:19+00:00\",\"dateModified\":\"2026-03-10T23:08:10+00:00\",\"mainEntityOfPage\":{\"@id\":\"https:\\\/\\\/diariotextual.com\\\/inicio\\\/index.php\\\/2026\\\/03\\\/10\\\/santa-rosa-se-instalan-nuevas-garitas-del-transporte-publico-y-se-continuan-con-obras-de-cloacas-desagues-y-agua\\\/\"},\"wordCount\":880,\"publisher\":{\"@id\":\"https:\\\/\\\/diariotextual.com\\\/inicio\\\/#organization\"},\"image\":{\"@id\":\"https:\\\/\\\/diariotextual.com\\\/inicio\\\/index.php\\\/2026\\\/03\\\/10\\\/santa-rosa-se-instalan-nuevas-garitas-del-transporte-publico-y-se-continuan-con-obras-de-cloacas-desagues-y-agua\\\/#primaryimage\"},\"thumbnailUrl\":\"https:\\\/\\\/diariotextual.com\\\/inicio\\\/wp-content\\\/uploads\\\/2026\\\/03\\\/operariosmunicipalesrepavimentaciongaritas2026-1.jpg\",\"articleSection\":[\"A - ES NOTICIA (van abajo)\",\"SOCIEDAD\"],\"inLanguage\":\"es\"},{\"@type\":\"WebPage\",\"@id\":\"https:\\\/\\\/diariotextual.com\\\/inicio\\\/index.php\\\/2026\\\/03\\\/10\\\/santa-rosa-se-instalan-nuevas-garitas-del-transporte-publico-y-se-continuan-con-obras-de-cloacas-desagues-y-agua\\\/\",\"url\":\"https:\\\/\\\/diariotextual.com\\\/inicio\\\/index.php\\\/2026\\\/03\\\/10\\\/santa-rosa-se-instalan-nuevas-garitas-del-transporte-publico-y-se-continuan-con-obras-de-cloacas-desagues-y-agua\\\/\",\"name\":\"Santa Rosa: se instalan nuevas garitas del transporte p\u00fablico y se contin\u00faan con obras de cloacas, desag\u00fces y agua - Diario Textual\",\"isPartOf\":{\"@id\":\"https:\\\/\\\/diariotextual.com\\\/inicio\\\/#website\"},\"primaryImageOfPage\":{\"@id\":\"https:\\\/\\\/diariotextual.com\\\/inicio\\\/index.php\\\/2026\\\/03\\\/10\\\/santa-rosa-se-instalan-nuevas-garitas-del-transporte-publico-y-se-continuan-con-obras-de-cloacas-desagues-y-agua\\\/#primaryimage\"},\"image\":{\"@id\":\"https:\\\/\\\/diariotextual.com\\\/inicio\\\/index.php\\\/2026\\\/03\\\/10\\\/santa-rosa-se-instalan-nuevas-garitas-del-transporte-publico-y-se-continuan-con-obras-de-cloacas-desagues-y-agua\\\/#primaryimage\"},\"thumbnailUrl\":\"https:\\\/\\\/diariotextual.com\\\/inicio\\\/wp-content\\\/uploads\\\/2026\\\/03\\\/operariosmunicipalesrepavimentaciongaritas2026-1.jpg\",\"datePublished\":\"2026-03-10T21:55:19+00:00\",\"dateModified\":\"2026-03-10T23:08:10+00:00\",\"breadcrumb\":{\"@id\":\"https:\\\/\\\/diariotextual.com\\\/inicio\\\/index.php\\\/2026\\\/03\\\/10\\\/santa-rosa-se-instalan-nuevas-garitas-del-transporte-publico-y-se-continuan-con-obras-de-cloacas-desagues-y-agua\\\/#breadcrumb\"},\"inLanguage\":\"es\",\"potentialAction\":[{\"@type\":\"ReadAction\",\"target\":[\"https:\\\/\\\/diariotextual.com\\\/inicio\\\/index.php\\\/2026\\\/03\\\/10\\\/santa-rosa-se-instalan-nuevas-garitas-del-transporte-publico-y-se-continuan-con-obras-de-cloacas-desagues-y-agua\\\/\"]}]},{\"@type\":\"ImageObject\",\"inLanguage\":\"es\",\"@id\":\"https:\\\/\\\/diariotextual.com\\\/inicio\\\/index.php\\\/2026\\\/03\\\/10\\\/santa-rosa-se-instalan-nuevas-garitas-del-transporte-publico-y-se-continuan-con-obras-de-cloacas-desagues-y-agua\\\/#primaryimage\",\"url\":\"https:\\\/\\\/diariotextual.com\\\/inicio\\\/wp-content\\\/uploads\\\/2026\\\/03\\\/operariosmunicipalesrepavimentaciongaritas2026-1.jpg\",\"contentUrl\":\"https:\\\/\\\/diariotextual.com\\\/inicio\\\/wp-content\\\/uploads\\\/2026\\\/03\\\/operariosmunicipalesrepavimentaciongaritas2026-1.jpg\",\"width\":1200,\"height\":791},{\"@type\":\"BreadcrumbList\",\"@id\":\"https:\\\/\\\/diariotextual.com\\\/inicio\\\/index.php\\\/2026\\\/03\\\/10\\\/santa-rosa-se-instalan-nuevas-garitas-del-transporte-publico-y-se-continuan-con-obras-de-cloacas-desagues-y-agua\\\/#breadcrumb\",\"itemListElement\":[{\"@type\":\"ListItem\",\"position\":1,\"name\":\"Portada\",\"item\":\"https:\\\/\\\/diariotextual.com\\\/inicio\\\/\"},{\"@type\":\"ListItem\",\"position\":2,\"name\":\"Santa Rosa: se instalan nuevas garitas del transporte p\u00fablico y se contin\u00faan con obras de cloacas, desag\u00fces y agua\"}]},{\"@type\":\"WebSite\",\"@id\":\"https:\\\/\\\/diariotextual.com\\\/inicio\\\/#website\",\"url\":\"https:\\\/\\\/diariotextual.com\\\/inicio\\\/\",\"name\":\"Diario Textual\",\"description\":\"\",\"publisher\":{\"@id\":\"https:\\\/\\\/diariotextual.com\\\/inicio\\\/#organization\"},\"potentialAction\":[{\"@type\":\"SearchAction\",\"target\":{\"@type\":\"EntryPoint\",\"urlTemplate\":\"https:\\\/\\\/diariotextual.com\\\/inicio\\\/?s={search_term_string}\"},\"query-input\":{\"@type\":\"PropertyValueSpecification\",\"valueRequired\":true,\"valueName\":\"search_term_string\"}}],\"inLanguage\":\"es\"},{\"@type\":\"Organization\",\"@id\":\"https:\\\/\\\/diariotextual.com\\\/inicio\\\/#organization\",\"name\":\"Diario Textual\",\"url\":\"https:\\\/\\\/diariotextual.com\\\/inicio\\\/\",\"logo\":{\"@type\":\"ImageObject\",\"inLanguage\":\"es\",\"@id\":\"https:\\\/\\\/diariotextual.com\\\/inicio\\\/#\\\/schema\\\/logo\\\/image\\\/\",\"url\":\"https:\\\/\\\/diariotextual.com\\\/inicio\\\/wp-content\\\/uploads\\\/2023\\\/05\\\/logotextual1.jpg\",\"contentUrl\":\"https:\\\/\\\/diariotextual.com\\\/inicio\\\/wp-content\\\/uploads\\\/2023\\\/05\\\/logotextual1.jpg\",\"width\":516,\"height\":76,\"caption\":\"Diario Textual\"},\"image\":{\"@id\":\"https:\\\/\\\/diariotextual.com\\\/inicio\\\/#\\\/schema\\\/logo\\\/image\\\/\"},\"sameAs\":[\"https:\\\/\\\/www.facebook.com\\\/eltextual\",\"https:\\\/\\\/x.com\\\/eltextual\",\"http:\\\/\\\/www.instagram.com\\\/eltextual\"]},{\"@type\":\"Person\",\"@id\":\"https:\\\/\\\/diariotextual.com\\\/inicio\\\/#\\\/schema\\\/person\\\/418fc4093c33e86ed41562db3508f958\",\"name\":\"Diario1 Diario1\",\"image\":{\"@type\":\"ImageObject\",\"inLanguage\":\"es\",\"@id\":\"https:\\\/\\\/secure.gravatar.com\\\/avatar\\\/9167d280179c85bc18be67aa7eda765854300033af4896dd779b608640f2ef7a?s=96&d=mm&r=g\",\"url\":\"https:\\\/\\\/secure.gravatar.com\\\/avatar\\\/9167d280179c85bc18be67aa7eda765854300033af4896dd779b608640f2ef7a?s=96&d=mm&r=g\",\"contentUrl\":\"https:\\\/\\\/secure.gravatar.com\\\/avatar\\\/9167d280179c85bc18be67aa7eda765854300033af4896dd779b608640f2ef7a?s=96&d=mm&r=g\",\"caption\":\"Diario1 Diario1\"},\"url\":\"https:\\\/\\\/diariotextual.com\\\/inicio\\\/index.php\\\/author\\\/diario1\\\/\"}]}<\/script>\n<!-- \/ Yoast SEO plugin. -->","yoast_head_json":{"title":"Santa Rosa: se instalan nuevas garitas del transporte p\u00fablico y se contin\u00faan con obras de cloacas, desag\u00fces y agua - Diario Textual","robots":{"index":"index","follow":"follow","max-snippet":"max-snippet:-1","max-image-preview":"max-image-preview:large","max-video-preview":"max-video-preview:-1"},"canonical":"https:\/\/diariotextual.com\/inicio\/index.php\/2026\/03\/10\/santa-rosa-se-instalan-nuevas-garitas-del-transporte-publico-y-se-continuan-con-obras-de-cloacas-desagues-y-agua\/","og_locale":"es_ES","og_type":"article","og_title":"Santa Rosa: se instalan nuevas garitas del transporte p\u00fablico y se contin\u00faan con obras de cloacas, desag\u00fces y agua - Diario Textual","og_description":"El municipio de Santa Rosa avanza con distintas obras de infraestructura urbana destinadas a mejorar la prestaci\u00f3n de servicios p\u00fablicos y el estado de las calles de la ciudad. Los&hellip;","og_url":"https:\/\/diariotextual.com\/inicio\/index.php\/2026\/03\/10\/santa-rosa-se-instalan-nuevas-garitas-del-transporte-publico-y-se-continuan-con-obras-de-cloacas-desagues-y-agua\/","og_site_name":"Diario Textual","article_publisher":"https:\/\/www.facebook.com\/eltextual","article_published_time":"2026-03-10T21:55:19+00:00","article_modified_time":"2026-03-10T23:08:10+00:00","og_image":[{"width":1200,"height":791,"url":"https:\/\/diariotextual.com\/inicio\/wp-content\/uploads\/2026\/03\/operariosmunicipalesrepavimentaciongaritas2026-1.jpg","type":"image\/jpeg"}],"author":"Diario1 Diario1","twitter_card":"summary_large_image","twitter_creator":"@eltextual","twitter_site":"@eltextual","twitter_misc":{"Escrito por":"Diario1 Diario1","Tiempo de lectura":"4 minutos"},"schema":{"@context":"https:\/\/schema.org","@graph":[{"@type":"Article","@id":"https:\/\/diariotextual.com\/inicio\/index.php\/2026\/03\/10\/santa-rosa-se-instalan-nuevas-garitas-del-transporte-publico-y-se-continuan-con-obras-de-cloacas-desagues-y-agua\/#article","isPartOf":{"@id":"https:\/\/diariotextual.com\/inicio\/index.php\/2026\/03\/10\/santa-rosa-se-instalan-nuevas-garitas-del-transporte-publico-y-se-continuan-con-obras-de-cloacas-desagues-y-agua\/"},"author":{"name":"Diario1 Diario1","@id":"https:\/\/diariotextual.com\/inicio\/#\/schema\/person\/418fc4093c33e86ed41562db3508f958"},"headline":"Santa Rosa: se instalan nuevas garitas del transporte p\u00fablico y se contin\u00faan con obras de cloacas, desag\u00fces y agua","datePublished":"2026-03-10T21:55:19+00:00","dateModified":"2026-03-10T23:08:10+00:00","mainEntityOfPage":{"@id":"https:\/\/diariotextual.com\/inicio\/index.php\/2026\/03\/10\/santa-rosa-se-instalan-nuevas-garitas-del-transporte-publico-y-se-continuan-con-obras-de-cloacas-desagues-y-agua\/"},"wordCount":880,"publisher":{"@id":"https:\/\/diariotextual.com\/inicio\/#organization"},"image":{"@id":"https:\/\/diariotextual.com\/inicio\/index.php\/2026\/03\/10\/santa-rosa-se-instalan-nuevas-garitas-del-transporte-publico-y-se-continuan-con-obras-de-cloacas-desagues-y-agua\/#primaryimage"},"thumbnailUrl":"https:\/\/diariotextual.com\/inicio\/wp-content\/uploads\/2026\/03\/operariosmunicipalesrepavimentaciongaritas2026-1.jpg","articleSection":["A - ES NOTICIA (van abajo)","SOCIEDAD"],"inLanguage":"es"},{"@type":"WebPage","@id":"https:\/\/diariotextual.com\/inicio\/index.php\/2026\/03\/10\/santa-rosa-se-instalan-nuevas-garitas-del-transporte-publico-y-se-continuan-con-obras-de-cloacas-desagues-y-agua\/","url":"https:\/\/diariotextual.com\/inicio\/index.php\/2026\/03\/10\/santa-rosa-se-instalan-nuevas-garitas-del-transporte-publico-y-se-continuan-con-obras-de-cloacas-desagues-y-agua\/","name":"Santa Rosa: se instalan nuevas garitas del transporte p\u00fablico y se contin\u00faan con obras de cloacas, desag\u00fces y agua - Diario Textual","isPartOf":{"@id":"https:\/\/diariotextual.com\/inicio\/#website"},"primaryImageOfPage":{"@id":"https:\/\/diariotextual.com\/inicio\/index.php\/2026\/03\/10\/santa-rosa-se-instalan-nuevas-garitas-del-transporte-publico-y-se-continuan-con-obras-de-cloacas-desagues-y-agua\/#primaryimage"},"image":{"@id":"https:\/\/diariotextual.com\/inicio\/index.php\/2026\/03\/10\/santa-rosa-se-instalan-nuevas-garitas-del-transporte-publico-y-se-continuan-con-obras-de-cloacas-desagues-y-agua\/#primaryimage"},"thumbnailUrl":"https:\/\/diariotextual.com\/inicio\/wp-content\/uploads\/2026\/03\/operariosmunicipalesrepavimentaciongaritas2026-1.jpg","datePublished":"2026-03-10T21:55:19+00:00","dateModified":"2026-03-10T23:08:10+00:00","breadcrumb":{"@id":"https:\/\/diariotextual.com\/inicio\/index.php\/2026\/03\/10\/santa-rosa-se-instalan-nuevas-garitas-del-transporte-publico-y-se-continuan-con-obras-de-cloacas-desagues-y-agua\/#breadcrumb"},"inLanguage":"es","potentialAction":[{"@type":"ReadAction","target":["https:\/\/diariotextual.com\/inicio\/index.php\/2026\/03\/10\/santa-rosa-se-instalan-nuevas-garitas-del-transporte-publico-y-se-continuan-con-obras-de-cloacas-desagues-y-agua\/"]}]},{"@type":"ImageObject","inLanguage":"es","@id":"https:\/\/diariotextual.com\/inicio\/index.php\/2026\/03\/10\/santa-rosa-se-instalan-nuevas-garitas-del-transporte-publico-y-se-continuan-con-obras-de-cloacas-desagues-y-agua\/#primaryimage","url":"https:\/\/diariotextual.com\/inicio\/wp-content\/uploads\/2026\/03\/operariosmunicipalesrepavimentaciongaritas2026-1.jpg","contentUrl":"https:\/\/diariotextual.com\/inicio\/wp-content\/uploads\/2026\/03\/operariosmunicipalesrepavimentaciongaritas2026-1.jpg","width":1200,"height":791},{"@type":"BreadcrumbList","@id":"https:\/\/diariotextual.com\/inicio\/index.php\/2026\/03\/10\/santa-rosa-se-instalan-nuevas-garitas-del-transporte-publico-y-se-continuan-con-obras-de-cloacas-desagues-y-agua\/#breadcrumb","itemListElement":[{"@type":"ListItem","position":1,"name":"Portada","item":"https:\/\/diariotextual.com\/inicio\/"},{"@type":"ListItem","position":2,"name":"Santa Rosa: se instalan nuevas garitas del transporte p\u00fablico y se contin\u00faan con obras de cloacas, desag\u00fces y agua"}]},{"@type":"WebSite","@id":"https:\/\/diariotextual.com\/inicio\/#website","url":"https:\/\/diariotextual.com\/inicio\/","name":"Diario Textual","description":"","publisher":{"@id":"https:\/\/diariotextual.com\/inicio\/#organization"},"potentialAction":[{"@type":"SearchAction","target":{"@type":"EntryPoint","urlTemplate":"https:\/\/diariotextual.com\/inicio\/?s={search_term_string}"},"query-input":{"@type":"PropertyValueSpecification","valueRequired":true,"valueName":"search_term_string"}}],"inLanguage":"es"},{"@type":"Organization","@id":"https:\/\/diariotextual.com\/inicio\/#organization","name":"Diario Textual","url":"https:\/\/diariotextual.com\/inicio\/","logo":{"@type":"ImageObject","inLanguage":"es","@id":"https:\/\/diariotextual.com\/inicio\/#\/schema\/logo\/image\/","url":"https:\/\/diariotextual.com\/inicio\/wp-content\/uploads\/2023\/05\/logotextual1.jpg","contentUrl":"https:\/\/diariotextual.com\/inicio\/wp-content\/uploads\/2023\/05\/logotextual1.jpg","width":516,"height":76,"caption":"Diario Textual"},"image":{"@id":"https:\/\/diariotextual.com\/inicio\/#\/schema\/logo\/image\/"},"sameAs":["https:\/\/www.facebook.com\/eltextual","https:\/\/x.com\/eltextual","http:\/\/www.instagram.com\/eltextual"]},{"@type":"Person","@id":"https:\/\/diariotextual.com\/inicio\/#\/schema\/person\/418fc4093c33e86ed41562db3508f958","name":"Diario1 Diario1","image":{"@type":"ImageObject","inLanguage":"es","@id":"https:\/\/secure.gravatar.com\/avatar\/9167d280179c85bc18be67aa7eda765854300033af4896dd779b608640f2ef7a?s=96&d=mm&r=g","url":"https:\/\/secure.gravatar.com\/avatar\/9167d280179c85bc18be67aa7eda765854300033af4896dd779b608640f2ef7a?s=96&d=mm&r=g","contentUrl":"https:\/\/secure.gravatar.com\/avatar\/9167d280179c85bc18be67aa7eda765854300033af4896dd779b608640f2ef7a?s=96&d=mm&r=g","caption":"Diario1 Diario1"},"url":"https:\/\/diariotextual.com\/inicio\/index.php\/author\/diario1\/"}]}},"_links":{"self":[{"href":"https:\/\/diariotextual.com\/inicio\/index.php\/wp-json\/wp\/v2\/posts\/321889","targetHints":{"allow":["GET"]}}],"collection":[{"href":"https:\/\/diariotextual.com\/inicio\/index.php\/wp-json\/wp\/v2\/posts"}],"about":[{"href":"https:\/\/diariotextual.com\/inicio\/index.php\/wp-json\/wp\/v2\/types\/post"}],"author":[{"embeddable":true,"href":"https:\/\/diariotextual.com\/inicio\/index.php\/wp-json\/wp\/v2\/users\/3"}],"replies":[{"embeddable":true,"href":"https:\/\/diariotextual.com\/inicio\/index.php\/wp-json\/wp\/v2\/comments?post=321889"}],"version-history":[{"count":3,"href":"https:\/\/diariotextual.com\/inicio\/index.php\/wp-json\/wp\/v2\/posts\/321889\/revisions"}],"predecessor-version":[{"id":321892,"href":"https:\/\/diariotextual.com\/inicio\/index.php\/wp-json\/wp\/v2\/posts\/321889\/revisions\/321892"}],"wp:featuredmedia":[{"embeddable":true,"href":"https:\/\/diariotextual.com\/inicio\/index.php\/wp-json\/wp\/v2\/media\/321893"}],"wp:attachment":[{"href":"https:\/\/diariotextual.com\/inicio\/index.php\/wp-json\/wp\/v2\/media?parent=321889"}],"wp:term":[{"taxonomy":"category","embeddable":true,"href":"https:\/\/diariotextual.com\/inicio\/index.php\/wp-json\/wp\/v2\/categories?post=321889"},{"taxonomy":"post_tag","embeddable":true,"href":"https:\/\/diariotextual.com\/inicio\/index.php\/wp-json\/wp\/v2\/tags?post=321889"}],"curies":[{"name":"wp","href":"https:\/\/api.w.org\/{rel}","templated":true}]}}