{"id":321894,"date":"2026-03-10T20:03:52","date_gmt":"2026-03-10T23:03:52","guid":{"rendered":"https:\/\/diariotextual.com\/inicio\/?p=321894"},"modified":"2026-03-11T19:34:16","modified_gmt":"2026-03-11T22:34:16","slug":"la-cpe-y-corpico-hacen-alianza-con-empatel-y-empiezan-a-dejar-de-comprar-datos-a-clarin","status":"publish","type":"post","link":"https:\/\/diariotextual.com\/inicio\/index.php\/2026\/03\/10\/la-cpe-y-corpico-hacen-alianza-con-empatel-y-empiezan-a-dejar-de-comprar-datos-a-clarin\/","title":{"rendered":"La CPE y Corpico hacen alianza con Empatel y empiezan a dejar de comprar datos a Clar\u00edn"},"content":{"rendered":"\n<p>Las cooperativas <strong>Corpico<\/strong>, de General Pico, y la<strong> CPE<\/strong>, de Santa Rosa, <strong>comenzar\u00e1n de forma progresiva a dejar de comprar servicios de conectividad al Grupo Clar\u00edn<\/strong> y<strong> los adquirir\u00e1n a la empresa estatal provincial Empatel. <\/strong>El cambio se da <strong>en medio del conflicto por la colocaci\u00f3n de postes y el despliegue de una red de fibra \u00f3ptica ilegal en Santa Rosa por parte del Grupo Clar\u00ed<\/strong>n, a trav\u00e9s de Movistar o Telef\u00f3nica.<\/p>\n\n\n\n<p>En Santa Rosa se da hoy una paradoja: <strong>la CPE contin\u00faa compr\u00e1ndole datos al Grupo Clar\u00edn, mientras el multimedios despliega en la ciudad una red de fibra \u00f3ptica sin autorizaci\u00f3n y atenta contra el sistema cooperativo.<\/strong><\/p>\n\n\n\n<p><br><strong>El acuerdo establece un esquema progresivo mediante el cual ambas cooperativas reemplazar\u00e1n parte de los servicios que actualmente compran al Grupo Clar\u00edn por prestaciones provistas por la empresa estatal pampeana, que desarrolla la red provincial de fibra \u00f3ptica.<\/strong><\/p>\n\n\n\n<p><br>Desde las entidades cooperativas se\u00f1alaron que la iniciativa busca consolidar el sistema de telecomunicaciones provincial, ampliar la capacidad de conectividad y reforzar la articulaci\u00f3n entre el sector p\u00fablico y el movimiento cooperativo.<\/p>\n\n\n\n<p><br><\/p>\n\n\n\n<p>Los convenios se firmaron en el despacho del gobernador <strong>Sergio Ziliotto<\/strong>, quien particip\u00f3 del acto junto al ministro de Conectividad y Modernizaci\u00f3n, <strong>Antonio Curciarello<\/strong>. Tambi\u00e9n estuvieron el presidente de Empatel,<strong> Andr\u00e9s Zulueta<\/strong>; el presidente de la CPE, <strong>Manuel Simpso<\/strong>n; y el presidente de Corpico,<strong> Miguel Prieto, <\/strong>entre otros.<\/p>\n\n\n\n<p><br>Ambos acuerdos comparten el principio rector del inter\u00e9s p\u00fablico y orientan las acciones conjuntas al desarrollo de la comunidad pampeana. Entre los ejes centrales aparece el objetivo de dotar de conectividad a instituciones p\u00fablicas provinciales, como escuelas, hospitales y comisar\u00edas.<\/p>\n\n\n\n<p><br>Adem\u00e1s, se estableci\u00f3 que las cooperativas adoptar\u00e1n de forma progresiva la compra de ancho de banda a Empatel a valores competitivos y con la redundancia necesaria para garantizar un servicio de \u00faltima milla de alta calidad.<\/p>\n\n\n\n<p><br>El gobernador Sergio Ziliotto sostuvo que la posici\u00f3n del Gobierno provincial es \u201cfortalecer un sistema de telecomunicaciones provincial\u201d, donde el Estado promueve la actividad de las cooperativas y de las pymes. \u201c<strong>Este acuerdo que nos fortalece marca la defensa de lo que siempre sostuvimos: un modelo de telecomunicaciones con implicancias en la defensa de lo pampeano. Tener una de las tarifas m\u00e1s bajas del pa\u00eds, sin letra chica, que llegue a todos los pampeanos, y que el 85% de la factura de internet quede en La Pampa, en mano de obra y en m\u00e1s inversiones, no es menor. Y todav\u00eda podemos mejorar mucho m\u00e1s. <\/strong>Estos convenios representan justamente eso y significan una presencia del Estado provincial de modo inteligente, eficiente y colaborativo\u201d, expres\u00f3.<\/p>\n\n\n\n<p><br>Desde el Gobierno provincial se\u00f1alaron que el acuerdo se concret\u00f3 sin financiamiento estatal ni subsidios directos. Explicaron que <strong>la clave del esquema reside en la sinergia de infraestructura, que permitir\u00e1 optimizar las redes existentes mediante la articulaci\u00f3n entre las tres entidades.<\/strong><\/p>\n\n\n\n<p><br>Seg\u00fan indicaron, <strong>el objetivo es consolidar un esquema en el que el principal beneficiario sea el usuario final, con mejores servicios y mayor calidad de conectividad.<\/strong><\/p>\n\n\n\n<div style=\"height:100px\" aria-hidden=\"true\" class=\"wp-block-spacer\"><\/div>\n\n\n\n<p><br><strong>El despliegue en Santa Rosa y localidades vecinas<\/strong><br>El acuerdo con la CPE, que brinda servicios TIC en Santa Rosa, Toay, Anguil, Catril\u00f3 y Ataliva Roca, fue suscripto por el presidente de Empatel, Andr\u00e9s Zulueta, y el titular de la cooperativa, Manuel Simpson.<\/p>\n\n\n\n<p><br>Entre los puntos espec\u00edficos del convenio se proyecta compartir redes de distribuci\u00f3n de contenidos (CDN) alojadas en los centros de datos de ambas organizaciones. Adem\u00e1s, Empatel acompa\u00f1ar\u00e1 el despliegue de infraestructura adaptada a los est\u00e1ndares t\u00e9cnicos de la cooperativa.<\/p>\n\n\n\n<p><br><strong>El entendimiento tambi\u00e9n permitir\u00e1 que la CPE ofrezca servicios de telecomunicaciones en Uriburu y Lonquimay<\/strong> mediante la red que Empatel posee en esas localidades. <strong>Esa experiencia ya se implement\u00f3 en Ataliva Roca, con resultados considerados positivos.<\/strong><\/p>\n\n\n\n<p><br>En paralelo, la cooperativa avanza con la ampliaci\u00f3n de su red de fibra \u00f3ptica en Santa Rosa, con el reemplazo de la antigua red de cable coaxial. El plan prev\u00e9 finalizar las obras antes de fin de a\u00f1o y ofrecer velocidades de descarga de hasta un gigabit por segundo.<\/p>\n\n\n\n<div style=\"height:100px\" aria-hidden=\"true\" class=\"wp-block-spacer\"><\/div>\n\n\n\n<p><br><strong>Potenciar el desarrollo en General Pico<\/strong><\/p>\n\n\n\n<p>El convenio firmado con Corpico, representada por su presidente Miguel Prieto, apunta a coordinar esfuerzos para el despliegue de redes de fibra \u00f3ptica y el desarrollo de soluciones digitales comunitarias en General Pico.<br><\/p>\n\n\n\n<p>El acuerdo pone especial \u00e9nfasis en el principio de complementariedad. En ese esquema, Empatel aporta la infraestructura provincial mientras Corpico contribuye con su red de usuarios, su capacidad operativa y su presencia territorial.<\/p>\n\n\n\n<div style=\"height:100px\" aria-hidden=\"true\" class=\"wp-block-spacer\"><\/div>\n\n\n\n<p><br><strong>Un modelo que buscan extender<\/strong><\/p>\n\n\n\n<p>Desde Empatel se\u00f1alaron que, por su alcance, <strong>los convenios con las dos cooperativas m\u00e1s grandes de la provincia son los m\u00e1s importantes hasta el momento<\/strong>. Sin embargo, indicaron que la empresa mantiene di\u00e1logo con otros proveedores de servicios de internet del interior pampeano.<\/p>\n\n\n\n<p><br>\u201cPor su dimensi\u00f3n estos convenios son los m\u00e1s importantes, pero desde el punto de vista territorial mantenemos di\u00e1logo con los proveedores del resto de La Pampa y con ellos seguiremos el mismo recorrido. Todos queremos brindar el mejor servicio para los pampeanos\u201d, indicaron.<\/p>\n\n\n\n<p><br>Desde el Gobierno provincial sostuvieron que la articulaci\u00f3n entre Estado, cooperativas y pymes conforma un modelo de telecomunicaciones que lleva m\u00e1s de dos d\u00e9cadas de desarrollo en la provincia.<\/p>\n\n\n\n<p><br>De acuerdo con los datos oficiales, ese esquema permiti\u00f3 que la gran mayor\u00eda de los hogares pampeanos tenga acceso a internet, con el desaf\u00edo actual centrado en mejorar la calidad y velocidad de las conexiones.<\/p>\n\n\n\n<div style=\"height:100px\" aria-hidden=\"true\" class=\"wp-block-spacer\"><\/div>\n\n\n\n<p><br><strong>Las cooperativas destacaron la alianza<\/strong><\/p>\n\n\n\n<p>Los presidentes de Corpico y de la CPE valoraron la alianza estrat\u00e9gica con Empatel y destacaron la complementariedad entre la infraestructura provincial y la capacidad operativa de las cooperativas.<\/p>\n\n\n\n<p><br>El presidente de Corpico, Miguel Prieto, afirm\u00f3 que el acuerdo permitir\u00e1 potenciar el desarrollo digital de General Pico. \u201cCon esta alianza, Corpico suma su capacidad operativa y conocimiento del territorio a la infraestructura de Empatel para que General Pico tenga la mejor conectividad. Es un esquema de complementariedad donde el gran beneficiado es el vecino, que recibir\u00e1 un servicio de fibra \u00f3ptica de alta calidad, con respaldo local y a precios competitivos\u201d, expres\u00f3. \u201cEl desarrollo digital de nuestra ciudad es una prioridad compartida\u201d, agreg\u00f3.<\/p>\n\n\n\n<p><br>En la misma l\u00ednea, el presidente de la CPE, Manuel Simpson, se\u00f1al\u00f3 que el convenio se inscribe en el proceso de expansi\u00f3n de la red de fibra \u00f3ptica que la cooperativa impulsa en Santa Rosa y Toay.<\/p>\n\n\n\n<p><br>\u201cEste acuerdo con Empatel materializa la provisi\u00f3n de nuestros servicios de telecomunicaciones a entidades gubernamentales y escuelas y nos permitir\u00e1 avanzar sobre otras localidades. Tambi\u00e9n refuerza la vinculaci\u00f3n entre lo p\u00fablico y lo privado, la generaci\u00f3n de empleo local y una econom\u00eda circular\u201d, afirm\u00f3.<\/p>\n\n\n\n<p><br>\u201cLas cooperativas pampeanas somos empleadoras hist\u00f3ricas y siempre hemos brindado servicios de gran calidad a nuestros asociados, con una mirada humana y responsable\u201d, complet\u00f3.<\/p>\n\n\n\n<p><\/p>\n","protected":false},"excerpt":{"rendered":"<p>Las cooperativas Corpico, de General Pico, y la CPE, de Santa Rosa, comenzar\u00e1n de forma progresiva a dejar de comprar servicios de conectividad al Grupo Clar\u00edn y los adquirir\u00e1n a&hellip;<\/p>\n","protected":false},"author":3,"featured_media":321908,"comment_status":"closed","ping_status":"open","sticky":false,"template":"","format":"standard","meta":{"_acf_changed":false,"footnotes":""},"categories":[1,8],"tags":[],"class_list":["post-321894","post","type-post","status-publish","format-standard","has-post-thumbnail","hentry","category-es-noticia","category-politica"],"acf":[],"yoast_head":"<!-- This site is optimized with the Yoast SEO plugin v27.5 - https:\/\/yoast.com\/product\/yoast-seo-wordpress\/ -->\n<title>La CPE y Corpico hacen alianza con Empatel y empiezan a dejar de comprar datos a Clar\u00edn - Diario Textual<\/title>\n<meta name=\"robots\" content=\"index, follow, max-snippet:-1, max-image-preview:large, max-video-preview:-1\" \/>\n<link rel=\"canonical\" href=\"https:\/\/diariotextual.com\/inicio\/index.php\/2026\/03\/10\/la-cpe-y-corpico-hacen-alianza-con-empatel-y-empiezan-a-dejar-de-comprar-datos-a-clarin\/\" \/>\n<meta property=\"og:locale\" content=\"es_ES\" \/>\n<meta property=\"og:type\" content=\"article\" \/>\n<meta property=\"og:title\" content=\"La CPE y Corpico hacen alianza con Empatel y empiezan a dejar de comprar datos a Clar\u00edn - Diario Textual\" \/>\n<meta property=\"og:description\" content=\"Las cooperativas Corpico, de General Pico, y la CPE, de Santa Rosa, comenzar\u00e1n de forma progresiva a dejar de comprar servicios de conectividad al Grupo Clar\u00edn y los adquirir\u00e1n a&hellip;\" \/>\n<meta property=\"og:url\" content=\"https:\/\/diariotextual.com\/inicio\/index.php\/2026\/03\/10\/la-cpe-y-corpico-hacen-alianza-con-empatel-y-empiezan-a-dejar-de-comprar-datos-a-clarin\/\" \/>\n<meta property=\"og:site_name\" content=\"Diario Textual\" \/>\n<meta property=\"article:publisher\" content=\"https:\/\/www.facebook.com\/eltextual\" \/>\n<meta property=\"article:published_time\" content=\"2026-03-10T23:03:52+00:00\" \/>\n<meta property=\"article:modified_time\" content=\"2026-03-11T22:34:16+00:00\" \/>\n<meta property=\"og:image\" content=\"https:\/\/diariotextual.com\/inicio\/wp-content\/uploads\/2026\/03\/empatelcpecorpicoziliottosergiosimpsonmanuelprieto2026-10.jpg\" \/>\n\t<meta property=\"og:image:width\" content=\"1200\" \/>\n\t<meta property=\"og:image:height\" content=\"800\" \/>\n\t<meta property=\"og:image:type\" content=\"image\/jpeg\" \/>\n<meta name=\"author\" content=\"Diario1 Diario1\" \/>\n<meta name=\"twitter:card\" content=\"summary_large_image\" \/>\n<meta name=\"twitter:creator\" content=\"@eltextual\" \/>\n<meta name=\"twitter:site\" content=\"@eltextual\" \/>\n<meta name=\"twitter:label1\" content=\"Escrito por\" \/>\n\t<meta name=\"twitter:data1\" content=\"Diario1 Diario1\" \/>\n\t<meta name=\"twitter:label2\" content=\"Tiempo de lectura\" \/>\n\t<meta name=\"twitter:data2\" content=\"6 minutos\" \/>\n<script type=\"application\/ld+json\" class=\"yoast-schema-graph\">{\"@context\":\"https:\\\/\\\/schema.org\",\"@graph\":[{\"@type\":\"Article\",\"@id\":\"https:\\\/\\\/diariotextual.com\\\/inicio\\\/index.php\\\/2026\\\/03\\\/10\\\/la-cpe-y-corpico-hacen-alianza-con-empatel-y-empiezan-a-dejar-de-comprar-datos-a-clarin\\\/#article\",\"isPartOf\":{\"@id\":\"https:\\\/\\\/diariotextual.com\\\/inicio\\\/index.php\\\/2026\\\/03\\\/10\\\/la-cpe-y-corpico-hacen-alianza-con-empatel-y-empiezan-a-dejar-de-comprar-datos-a-clarin\\\/\"},\"author\":{\"name\":\"Diario1 Diario1\",\"@id\":\"https:\\\/\\\/diariotextual.com\\\/inicio\\\/#\\\/schema\\\/person\\\/418fc4093c33e86ed41562db3508f958\"},\"headline\":\"La CPE y Corpico hacen alianza con Empatel y empiezan a dejar de comprar datos a Clar\u00edn\",\"datePublished\":\"2026-03-10T23:03:52+00:00\",\"dateModified\":\"2026-03-11T22:34:16+00:00\",\"mainEntityOfPage\":{\"@id\":\"https:\\\/\\\/diariotextual.com\\\/inicio\\\/index.php\\\/2026\\\/03\\\/10\\\/la-cpe-y-corpico-hacen-alianza-con-empatel-y-empiezan-a-dejar-de-comprar-datos-a-clarin\\\/\"},\"wordCount\":1193,\"publisher\":{\"@id\":\"https:\\\/\\\/diariotextual.com\\\/inicio\\\/#organization\"},\"image\":{\"@id\":\"https:\\\/\\\/diariotextual.com\\\/inicio\\\/index.php\\\/2026\\\/03\\\/10\\\/la-cpe-y-corpico-hacen-alianza-con-empatel-y-empiezan-a-dejar-de-comprar-datos-a-clarin\\\/#primaryimage\"},\"thumbnailUrl\":\"https:\\\/\\\/diariotextual.com\\\/inicio\\\/wp-content\\\/uploads\\\/2026\\\/03\\\/empatelcpecorpicoziliottosergiosimpsonmanuelprieto2026-10.jpg\",\"articleSection\":[\"A - ES NOTICIA (van abajo)\",\"POLITICA\"],\"inLanguage\":\"es\"},{\"@type\":\"WebPage\",\"@id\":\"https:\\\/\\\/diariotextual.com\\\/inicio\\\/index.php\\\/2026\\\/03\\\/10\\\/la-cpe-y-corpico-hacen-alianza-con-empatel-y-empiezan-a-dejar-de-comprar-datos-a-clarin\\\/\",\"url\":\"https:\\\/\\\/diariotextual.com\\\/inicio\\\/index.php\\\/2026\\\/03\\\/10\\\/la-cpe-y-corpico-hacen-alianza-con-empatel-y-empiezan-a-dejar-de-comprar-datos-a-clarin\\\/\",\"name\":\"La CPE y Corpico hacen alianza con Empatel y empiezan a dejar de comprar datos a Clar\u00edn - Diario Textual\",\"isPartOf\":{\"@id\":\"https:\\\/\\\/diariotextual.com\\\/inicio\\\/#website\"},\"primaryImageOfPage\":{\"@id\":\"https:\\\/\\\/diariotextual.com\\\/inicio\\\/index.php\\\/2026\\\/03\\\/10\\\/la-cpe-y-corpico-hacen-alianza-con-empatel-y-empiezan-a-dejar-de-comprar-datos-a-clarin\\\/#primaryimage\"},\"image\":{\"@id\":\"https:\\\/\\\/diariotextual.com\\\/inicio\\\/index.php\\\/2026\\\/03\\\/10\\\/la-cpe-y-corpico-hacen-alianza-con-empatel-y-empiezan-a-dejar-de-comprar-datos-a-clarin\\\/#primaryimage\"},\"thumbnailUrl\":\"https:\\\/\\\/diariotextual.com\\\/inicio\\\/wp-content\\\/uploads\\\/2026\\\/03\\\/empatelcpecorpicoziliottosergiosimpsonmanuelprieto2026-10.jpg\",\"datePublished\":\"2026-03-10T23:03:52+00:00\",\"dateModified\":\"2026-03-11T22:34:16+00:00\",\"breadcrumb\":{\"@id\":\"https:\\\/\\\/diariotextual.com\\\/inicio\\\/index.php\\\/2026\\\/03\\\/10\\\/la-cpe-y-corpico-hacen-alianza-con-empatel-y-empiezan-a-dejar-de-comprar-datos-a-clarin\\\/#breadcrumb\"},\"inLanguage\":\"es\",\"potentialAction\":[{\"@type\":\"ReadAction\",\"target\":[\"https:\\\/\\\/diariotextual.com\\\/inicio\\\/index.php\\\/2026\\\/03\\\/10\\\/la-cpe-y-corpico-hacen-alianza-con-empatel-y-empiezan-a-dejar-de-comprar-datos-a-clarin\\\/\"]}]},{\"@type\":\"ImageObject\",\"inLanguage\":\"es\",\"@id\":\"https:\\\/\\\/diariotextual.com\\\/inicio\\\/index.php\\\/2026\\\/03\\\/10\\\/la-cpe-y-corpico-hacen-alianza-con-empatel-y-empiezan-a-dejar-de-comprar-datos-a-clarin\\\/#primaryimage\",\"url\":\"https:\\\/\\\/diariotextual.com\\\/inicio\\\/wp-content\\\/uploads\\\/2026\\\/03\\\/empatelcpecorpicoziliottosergiosimpsonmanuelprieto2026-10.jpg\",\"contentUrl\":\"https:\\\/\\\/diariotextual.com\\\/inicio\\\/wp-content\\\/uploads\\\/2026\\\/03\\\/empatelcpecorpicoziliottosergiosimpsonmanuelprieto2026-10.jpg\",\"width\":1200,\"height\":800},{\"@type\":\"BreadcrumbList\",\"@id\":\"https:\\\/\\\/diariotextual.com\\\/inicio\\\/index.php\\\/2026\\\/03\\\/10\\\/la-cpe-y-corpico-hacen-alianza-con-empatel-y-empiezan-a-dejar-de-comprar-datos-a-clarin\\\/#breadcrumb\",\"itemListElement\":[{\"@type\":\"ListItem\",\"position\":1,\"name\":\"Portada\",\"item\":\"https:\\\/\\\/diariotextual.com\\\/inicio\\\/\"},{\"@type\":\"ListItem\",\"position\":2,\"name\":\"La CPE y Corpico hacen alianza con Empatel y empiezan a dejar de comprar datos a Clar\u00edn\"}]},{\"@type\":\"WebSite\",\"@id\":\"https:\\\/\\\/diariotextual.com\\\/inicio\\\/#website\",\"url\":\"https:\\\/\\\/diariotextual.com\\\/inicio\\\/\",\"name\":\"Diario Textual\",\"description\":\"\",\"publisher\":{\"@id\":\"https:\\\/\\\/diariotextual.com\\\/inicio\\\/#organization\"},\"potentialAction\":[{\"@type\":\"SearchAction\",\"target\":{\"@type\":\"EntryPoint\",\"urlTemplate\":\"https:\\\/\\\/diariotextual.com\\\/inicio\\\/?s={search_term_string}\"},\"query-input\":{\"@type\":\"PropertyValueSpecification\",\"valueRequired\":true,\"valueName\":\"search_term_string\"}}],\"inLanguage\":\"es\"},{\"@type\":\"Organization\",\"@id\":\"https:\\\/\\\/diariotextual.com\\\/inicio\\\/#organization\",\"name\":\"Diario Textual\",\"url\":\"https:\\\/\\\/diariotextual.com\\\/inicio\\\/\",\"logo\":{\"@type\":\"ImageObject\",\"inLanguage\":\"es\",\"@id\":\"https:\\\/\\\/diariotextual.com\\\/inicio\\\/#\\\/schema\\\/logo\\\/image\\\/\",\"url\":\"https:\\\/\\\/diariotextual.com\\\/inicio\\\/wp-content\\\/uploads\\\/2023\\\/05\\\/logotextual1.jpg\",\"contentUrl\":\"https:\\\/\\\/diariotextual.com\\\/inicio\\\/wp-content\\\/uploads\\\/2023\\\/05\\\/logotextual1.jpg\",\"width\":516,\"height\":76,\"caption\":\"Diario Textual\"},\"image\":{\"@id\":\"https:\\\/\\\/diariotextual.com\\\/inicio\\\/#\\\/schema\\\/logo\\\/image\\\/\"},\"sameAs\":[\"https:\\\/\\\/www.facebook.com\\\/eltextual\",\"https:\\\/\\\/x.com\\\/eltextual\",\"http:\\\/\\\/www.instagram.com\\\/eltextual\"]},{\"@type\":\"Person\",\"@id\":\"https:\\\/\\\/diariotextual.com\\\/inicio\\\/#\\\/schema\\\/person\\\/418fc4093c33e86ed41562db3508f958\",\"name\":\"Diario1 Diario1\",\"image\":{\"@type\":\"ImageObject\",\"inLanguage\":\"es\",\"@id\":\"https:\\\/\\\/secure.gravatar.com\\\/avatar\\\/9167d280179c85bc18be67aa7eda765854300033af4896dd779b608640f2ef7a?s=96&d=mm&r=g\",\"url\":\"https:\\\/\\\/secure.gravatar.com\\\/avatar\\\/9167d280179c85bc18be67aa7eda765854300033af4896dd779b608640f2ef7a?s=96&d=mm&r=g\",\"contentUrl\":\"https:\\\/\\\/secure.gravatar.com\\\/avatar\\\/9167d280179c85bc18be67aa7eda765854300033af4896dd779b608640f2ef7a?s=96&d=mm&r=g\",\"caption\":\"Diario1 Diario1\"},\"url\":\"https:\\\/\\\/diariotextual.com\\\/inicio\\\/index.php\\\/author\\\/diario1\\\/\"}]}<\/script>\n<!-- \/ Yoast SEO plugin. -->","yoast_head_json":{"title":"La CPE y Corpico hacen alianza con Empatel y empiezan a dejar de comprar datos a Clar\u00edn - Diario Textual","robots":{"index":"index","follow":"follow","max-snippet":"max-snippet:-1","max-image-preview":"max-image-preview:large","max-video-preview":"max-video-preview:-1"},"canonical":"https:\/\/diariotextual.com\/inicio\/index.php\/2026\/03\/10\/la-cpe-y-corpico-hacen-alianza-con-empatel-y-empiezan-a-dejar-de-comprar-datos-a-clarin\/","og_locale":"es_ES","og_type":"article","og_title":"La CPE y Corpico hacen alianza con Empatel y empiezan a dejar de comprar datos a Clar\u00edn - Diario Textual","og_description":"Las cooperativas Corpico, de General Pico, y la CPE, de Santa Rosa, comenzar\u00e1n de forma progresiva a dejar de comprar servicios de conectividad al Grupo Clar\u00edn y los adquirir\u00e1n a&hellip;","og_url":"https:\/\/diariotextual.com\/inicio\/index.php\/2026\/03\/10\/la-cpe-y-corpico-hacen-alianza-con-empatel-y-empiezan-a-dejar-de-comprar-datos-a-clarin\/","og_site_name":"Diario Textual","article_publisher":"https:\/\/www.facebook.com\/eltextual","article_published_time":"2026-03-10T23:03:52+00:00","article_modified_time":"2026-03-11T22:34:16+00:00","og_image":[{"width":1200,"height":800,"url":"https:\/\/diariotextual.com\/inicio\/wp-content\/uploads\/2026\/03\/empatelcpecorpicoziliottosergiosimpsonmanuelprieto2026-10.jpg","type":"image\/jpeg"}],"author":"Diario1 Diario1","twitter_card":"summary_large_image","twitter_creator":"@eltextual","twitter_site":"@eltextual","twitter_misc":{"Escrito por":"Diario1 Diario1","Tiempo de lectura":"6 minutos"},"schema":{"@context":"https:\/\/schema.org","@graph":[{"@type":"Article","@id":"https:\/\/diariotextual.com\/inicio\/index.php\/2026\/03\/10\/la-cpe-y-corpico-hacen-alianza-con-empatel-y-empiezan-a-dejar-de-comprar-datos-a-clarin\/#article","isPartOf":{"@id":"https:\/\/diariotextual.com\/inicio\/index.php\/2026\/03\/10\/la-cpe-y-corpico-hacen-alianza-con-empatel-y-empiezan-a-dejar-de-comprar-datos-a-clarin\/"},"author":{"name":"Diario1 Diario1","@id":"https:\/\/diariotextual.com\/inicio\/#\/schema\/person\/418fc4093c33e86ed41562db3508f958"},"headline":"La CPE y Corpico hacen alianza con Empatel y empiezan a dejar de comprar datos a Clar\u00edn","datePublished":"2026-03-10T23:03:52+00:00","dateModified":"2026-03-11T22:34:16+00:00","mainEntityOfPage":{"@id":"https:\/\/diariotextual.com\/inicio\/index.php\/2026\/03\/10\/la-cpe-y-corpico-hacen-alianza-con-empatel-y-empiezan-a-dejar-de-comprar-datos-a-clarin\/"},"wordCount":1193,"publisher":{"@id":"https:\/\/diariotextual.com\/inicio\/#organization"},"image":{"@id":"https:\/\/diariotextual.com\/inicio\/index.php\/2026\/03\/10\/la-cpe-y-corpico-hacen-alianza-con-empatel-y-empiezan-a-dejar-de-comprar-datos-a-clarin\/#primaryimage"},"thumbnailUrl":"https:\/\/diariotextual.com\/inicio\/wp-content\/uploads\/2026\/03\/empatelcpecorpicoziliottosergiosimpsonmanuelprieto2026-10.jpg","articleSection":["A - ES NOTICIA (van abajo)","POLITICA"],"inLanguage":"es"},{"@type":"WebPage","@id":"https:\/\/diariotextual.com\/inicio\/index.php\/2026\/03\/10\/la-cpe-y-corpico-hacen-alianza-con-empatel-y-empiezan-a-dejar-de-comprar-datos-a-clarin\/","url":"https:\/\/diariotextual.com\/inicio\/index.php\/2026\/03\/10\/la-cpe-y-corpico-hacen-alianza-con-empatel-y-empiezan-a-dejar-de-comprar-datos-a-clarin\/","name":"La CPE y Corpico hacen alianza con Empatel y empiezan a dejar de comprar datos a Clar\u00edn - Diario Textual","isPartOf":{"@id":"https:\/\/diariotextual.com\/inicio\/#website"},"primaryImageOfPage":{"@id":"https:\/\/diariotextual.com\/inicio\/index.php\/2026\/03\/10\/la-cpe-y-corpico-hacen-alianza-con-empatel-y-empiezan-a-dejar-de-comprar-datos-a-clarin\/#primaryimage"},"image":{"@id":"https:\/\/diariotextual.com\/inicio\/index.php\/2026\/03\/10\/la-cpe-y-corpico-hacen-alianza-con-empatel-y-empiezan-a-dejar-de-comprar-datos-a-clarin\/#primaryimage"},"thumbnailUrl":"https:\/\/diariotextual.com\/inicio\/wp-content\/uploads\/2026\/03\/empatelcpecorpicoziliottosergiosimpsonmanuelprieto2026-10.jpg","datePublished":"2026-03-10T23:03:52+00:00","dateModified":"2026-03-11T22:34:16+00:00","breadcrumb":{"@id":"https:\/\/diariotextual.com\/inicio\/index.php\/2026\/03\/10\/la-cpe-y-corpico-hacen-alianza-con-empatel-y-empiezan-a-dejar-de-comprar-datos-a-clarin\/#breadcrumb"},"inLanguage":"es","potentialAction":[{"@type":"ReadAction","target":["https:\/\/diariotextual.com\/inicio\/index.php\/2026\/03\/10\/la-cpe-y-corpico-hacen-alianza-con-empatel-y-empiezan-a-dejar-de-comprar-datos-a-clarin\/"]}]},{"@type":"ImageObject","inLanguage":"es","@id":"https:\/\/diariotextual.com\/inicio\/index.php\/2026\/03\/10\/la-cpe-y-corpico-hacen-alianza-con-empatel-y-empiezan-a-dejar-de-comprar-datos-a-clarin\/#primaryimage","url":"https:\/\/diariotextual.com\/inicio\/wp-content\/uploads\/2026\/03\/empatelcpecorpicoziliottosergiosimpsonmanuelprieto2026-10.jpg","contentUrl":"https:\/\/diariotextual.com\/inicio\/wp-content\/uploads\/2026\/03\/empatelcpecorpicoziliottosergiosimpsonmanuelprieto2026-10.jpg","width":1200,"height":800},{"@type":"BreadcrumbList","@id":"https:\/\/diariotextual.com\/inicio\/index.php\/2026\/03\/10\/la-cpe-y-corpico-hacen-alianza-con-empatel-y-empiezan-a-dejar-de-comprar-datos-a-clarin\/#breadcrumb","itemListElement":[{"@type":"ListItem","position":1,"name":"Portada","item":"https:\/\/diariotextual.com\/inicio\/"},{"@type":"ListItem","position":2,"name":"La CPE y Corpico hacen alianza con Empatel y empiezan a dejar de comprar datos a Clar\u00edn"}]},{"@type":"WebSite","@id":"https:\/\/diariotextual.com\/inicio\/#website","url":"https:\/\/diariotextual.com\/inicio\/","name":"Diario Textual","description":"","publisher":{"@id":"https:\/\/diariotextual.com\/inicio\/#organization"},"potentialAction":[{"@type":"SearchAction","target":{"@type":"EntryPoint","urlTemplate":"https:\/\/diariotextual.com\/inicio\/?s={search_term_string}"},"query-input":{"@type":"PropertyValueSpecification","valueRequired":true,"valueName":"search_term_string"}}],"inLanguage":"es"},{"@type":"Organization","@id":"https:\/\/diariotextual.com\/inicio\/#organization","name":"Diario Textual","url":"https:\/\/diariotextual.com\/inicio\/","logo":{"@type":"ImageObject","inLanguage":"es","@id":"https:\/\/diariotextual.com\/inicio\/#\/schema\/logo\/image\/","url":"https:\/\/diariotextual.com\/inicio\/wp-content\/uploads\/2023\/05\/logotextual1.jpg","contentUrl":"https:\/\/diariotextual.com\/inicio\/wp-content\/uploads\/2023\/05\/logotextual1.jpg","width":516,"height":76,"caption":"Diario Textual"},"image":{"@id":"https:\/\/diariotextual.com\/inicio\/#\/schema\/logo\/image\/"},"sameAs":["https:\/\/www.facebook.com\/eltextual","https:\/\/x.com\/eltextual","http:\/\/www.instagram.com\/eltextual"]},{"@type":"Person","@id":"https:\/\/diariotextual.com\/inicio\/#\/schema\/person\/418fc4093c33e86ed41562db3508f958","name":"Diario1 Diario1","image":{"@type":"ImageObject","inLanguage":"es","@id":"https:\/\/secure.gravatar.com\/avatar\/9167d280179c85bc18be67aa7eda765854300033af4896dd779b608640f2ef7a?s=96&d=mm&r=g","url":"https:\/\/secure.gravatar.com\/avatar\/9167d280179c85bc18be67aa7eda765854300033af4896dd779b608640f2ef7a?s=96&d=mm&r=g","contentUrl":"https:\/\/secure.gravatar.com\/avatar\/9167d280179c85bc18be67aa7eda765854300033af4896dd779b608640f2ef7a?s=96&d=mm&r=g","caption":"Diario1 Diario1"},"url":"https:\/\/diariotextual.com\/inicio\/index.php\/author\/diario1\/"}]}},"_links":{"self":[{"href":"https:\/\/diariotextual.com\/inicio\/index.php\/wp-json\/wp\/v2\/posts\/321894","targetHints":{"allow":["GET"]}}],"collection":[{"href":"https:\/\/diariotextual.com\/inicio\/index.php\/wp-json\/wp\/v2\/posts"}],"about":[{"href":"https:\/\/diariotextual.com\/inicio\/index.php\/wp-json\/wp\/v2\/types\/post"}],"author":[{"embeddable":true,"href":"https:\/\/diariotextual.com\/inicio\/index.php\/wp-json\/wp\/v2\/users\/3"}],"replies":[{"embeddable":true,"href":"https:\/\/diariotextual.com\/inicio\/index.php\/wp-json\/wp\/v2\/comments?post=321894"}],"version-history":[{"count":8,"href":"https:\/\/diariotextual.com\/inicio\/index.php\/wp-json\/wp\/v2\/posts\/321894\/revisions"}],"predecessor-version":[{"id":321909,"href":"https:\/\/diariotextual.com\/inicio\/index.php\/wp-json\/wp\/v2\/posts\/321894\/revisions\/321909"}],"wp:featuredmedia":[{"embeddable":true,"href":"https:\/\/diariotextual.com\/inicio\/index.php\/wp-json\/wp\/v2\/media\/321908"}],"wp:attachment":[{"href":"https:\/\/diariotextual.com\/inicio\/index.php\/wp-json\/wp\/v2\/media?parent=321894"}],"wp:term":[{"taxonomy":"category","embeddable":true,"href":"https:\/\/diariotextual.com\/inicio\/index.php\/wp-json\/wp\/v2\/categories?post=321894"},{"taxonomy":"post_tag","embeddable":true,"href":"https:\/\/diariotextual.com\/inicio\/index.php\/wp-json\/wp\/v2\/tags?post=321894"}],"curies":[{"name":"wp","href":"https:\/\/api.w.org\/{rel}","templated":true}]}}