{"id":321919,"date":"2026-03-11T07:17:47","date_gmt":"2026-03-11T10:17:47","guid":{"rendered":"https:\/\/diariotextual.com\/inicio\/?p=321919"},"modified":"2026-03-11T08:54:39","modified_gmt":"2026-03-11T11:54:39","slug":"gripe-mas-contagiosa-la-pampa-ya-recibio-las-dosis-y-comenzo-la-vacunacion-a-grupos-prioritarios","status":"publish","type":"post","link":"https:\/\/diariotextual.com\/inicio\/index.php\/2026\/03\/11\/gripe-mas-contagiosa-la-pampa-ya-recibio-las-dosis-y-comenzo-la-vacunacion-a-grupos-prioritarios\/","title":{"rendered":"Gripe \u201cm\u00e1s contagiosa\u201d: La Pampa ya recibi\u00f3 las dosis y comenz\u00f3 la vacunaci\u00f3n a grupos prioritarios"},"content":{"rendered":"\n<p>Este <strong>mi\u00e9rcoles<\/strong> comenz\u00f3 en todo el pa\u00eds la <strong>campa\u00f1a de vacunaci\u00f3n antigripal 2026<\/strong>. En <strong>La Pampa<\/strong> ya se encuentran disponibles las dosis necesarias para iniciar la inmunizaci\u00f3n de los <strong>grupos prioritarios<\/strong> en los establecimientos de salud. Como cada a\u00f1o, el objetivo de la estrategia sanitaria consiste en <strong>proteger a la poblaci\u00f3n frente a cuadros graves causados por virus respiratorios<\/strong>, antes del per\u00edodo de mayor circulaci\u00f3n.<\/p>\n\n\n\n<p>La directora provincial de <strong>Epidemiolog\u00eda<\/strong>, <strong>Ana Bertone<\/strong>, inform\u00f3 que la Provincia ya cuenta con las vacunas necesarias para iniciar la campa\u00f1a. \u201cLa Pampa recibi\u00f3 las vacunas antigripales correspondientes para la campa\u00f1a 2026. Tras la distribuci\u00f3n en todo el territorio, estamos en condiciones de iniciar ma\u00f1ana con las inmunizaciones en cada establecimiento de salud provincial\u201d, dijo en declaraciones a la Agencia Provincial de Noticias.<\/p>\n\n\n\n<p>Los equipos sanitarios priorizar\u00e1n al <strong>personal de salud<\/strong> y a los <strong>grupos de riesgo definidos<\/strong>: embarazadas en cualquier trimestre, pu\u00e9rperas hasta los 10 d\u00edas del parto si no se vacunaron durante el embarazo, lactantes de <strong>6 a 24 meses<\/strong>, personas con <strong>comorbilidades o factores de riesgo<\/strong> y <strong>adultos mayores de 65 a\u00f1os<\/strong>.<\/p>\n\n\n\n<p>En los dos \u00faltimos grupos, quienes cuenten con <strong>obra social<\/strong> acceder\u00e1n a la cobertura correspondiente. Quienes no tengan cobertura recibir\u00e1n la vacuna a trav\u00e9s del <strong>subsector p\u00fablico de salud<\/strong>.<\/p>\n\n\n\n<div style=\"height:100px\" aria-hidden=\"true\" class=\"wp-block-spacer\"><\/div>\n\n\n\n<p><strong>La importancia de la vacunaci\u00f3n<\/strong><\/p>\n\n\n\n<p>Bertone explic\u00f3 que, con la llegada del invierno, <strong>las enfermedades respiratorias vuelven a ocupar un lugar central en la salud p\u00fablica<\/strong>.<\/p>\n\n\n\n<p>Durante esa etapa aumenta la circulaci\u00f3n de distintos virus, entre ellos el <strong>virus sincitial respiratorio (VSR)<\/strong> y el <strong>virus influenza<\/strong>, responsable de la gripe. Tambi\u00e9n circulan otros agentes que pueden provocar <strong>bronquiolitis, neumon\u00edas y cuadros graves<\/strong>, sobre todo en personas vulnerables. \u201cLa prevenci\u00f3n es la herramienta m\u00e1s efectiva para reducir el impacto de estas infecciones\u201d, afirm\u00f3.<\/p>\n\n\n\n<p>Entre las recomendaciones preventivas mencion\u00f3 <strong>lavarse las manos con frecuencia<\/strong>, cubrirse al toser o estornudar con el <strong>pliegue del codo<\/strong>, limpiar y desinfectar superficies de uso com\u00fan, <strong>ventilar los ambientes cerrados<\/strong> y evitar lugares con gran concentraci\u00f3n de personas cuando aparecen s\u00edntomas respiratorios. \u201cLas vacunas cumplen un rol fundamental en ese sentido\u201d, subray\u00f3.<\/p>\n\n\n\n<div style=\"height:100px\" aria-hidden=\"true\" class=\"wp-block-spacer\"><\/div>\n\n\n\n<p><strong>La variante H3N2 y el adelanto de la temporada gripal<\/strong><\/p>\n\n\n\n<p>Durante los meses de predominio de enfermedades respiratorias en el hemisferio norte se detect\u00f3 la expansi\u00f3n de una variante de <strong>influenza A (H3N2)<\/strong>, conocida como <strong>subclado K<\/strong>.<\/p>\n\n\n\n<p>De acuerdo con los datos disponibles, esta variante presenta <strong>mayor transmisibilidad<\/strong>, aunque no se asocia hasta el momento con un aumento significativo de la gravedad cl\u00ednica.<\/p>\n\n\n\n<p>Bertone indic\u00f3 que, seg\u00fan la <strong>Organizaci\u00f3n Mundial de la Salud<\/strong>, la actividad gripal comenz\u00f3 <strong>entre tres y seis semanas antes de lo habitual<\/strong> en pa\u00edses como Espa\u00f1a, Alemania, Francia, Italia, Reino Unido, Estados Unidos, Canad\u00e1 y Jap\u00f3n.<\/p>\n\n\n\n<p>Los especialistas explican que el subclado presenta modificaciones en las <strong>prote\u00ednas de superficie del virus<\/strong>, lo que reduce parcialmente el reconocimiento por parte del sistema inmunol\u00f3gico y facilita la transmisi\u00f3n, sobre todo en <strong>ambientes cerrados y poco ventilados durante los meses fr\u00edos<\/strong>.<\/p>\n\n\n\n<p>Si bien la variante no se vincula con cuadros m\u00e1s graves que otras cepas, su mayor capacidad de contagio puede traducirse en <strong>un volumen elevado de casos<\/strong> y en una <strong>mayor presi\u00f3n sobre los servicios de salud<\/strong>.<\/p>\n\n\n\n<div style=\"height:100px\" aria-hidden=\"true\" class=\"wp-block-spacer\"><\/div>\n\n\n\n<p><strong>S\u00edntomas similares<\/strong><\/p>\n\n\n\n<p>Bertone, al referirse a los s\u00edntomas, detall\u00f3 que <strong>no difieren demasiado de los de una gripe com\u00fan<\/strong>: fiebre alta de inicio repentino, escalofr\u00edos, dolores corporales y de cabeza, cansancio intenso, tos, dolor de garganta y congesti\u00f3n nasal.<\/p>\n\n\n\n<p>\u201cEl mayor riesgo se registra en personas con condiciones preexistentes, que presentan mayor probabilidad de desarrollar complicaciones respiratorias y requerir internaci\u00f3n\u201d, explic\u00f3.<\/p>\n\n\n\n<p>La funcionaria remarc\u00f3 que <strong>la vacunaci\u00f3n anual contin\u00faa como la principal herramienta para prevenir cuadros graves, hospitalizaciones y muertes asociadas a la gripe<\/strong>.<\/p>\n\n\n\n<p>Adem\u00e1s, destac\u00f3 la importancia del momento de la aplicaci\u00f3n. \u201cVacunarse antes del inicio de la circulaci\u00f3n viral intensa permite que el organismo genere defensas y llegue protegido a los meses m\u00e1s fr\u00edos\u201d, sostuvo.<\/p>\n\n\n\n<p>Bertone tambi\u00e9n subray\u00f3 la necesidad de <strong>mantener la confianza en las vacunas<\/strong>. \u201cSon seguras porque atraviesan estrictos controles para su aprobaci\u00f3n y eficaces porque han permitido erradicar, eliminar o controlar enfermedades que antes causaban enormes da\u00f1os\u201d, afirm\u00f3.<\/p>\n\n\n\n<p>En ese sentido, advirti\u00f3 que a veces las vacunas se convierten en <strong>\u201cv\u00edctimas de su propio \u00e9xito\u201d<\/strong>, ya que cuando una enfermedad desaparece gracias a la inmunizaci\u00f3n, la sociedad tiende a olvidar su peligrosidad y disminuye la percepci\u00f3n de riesgo.<\/p>\n\n\n\n<p>Por \u00faltimo, record\u00f3 que <strong>completar los esquemas de vacunaci\u00f3n resulta fundamental para proteger a toda la comunidad<\/strong>. \u201cEn la provincia contamos con equipos de vacunadoras y vacunadores capacitados y comprometidos que asesoran y acompa\u00f1an a la poblaci\u00f3n frente a cualquier inquietud. La vacunaci\u00f3n es un acto de cuidado colectivo\u201d, concluy\u00f3.<\/p>\n\n\n\n<p><\/p>\n","protected":false},"excerpt":{"rendered":"<p>Este mi\u00e9rcoles comenz\u00f3 en todo el pa\u00eds la campa\u00f1a de vacunaci\u00f3n antigripal 2026. En La Pampa ya se encuentran disponibles las dosis necesarias para iniciar la inmunizaci\u00f3n de los grupos&hellip;<\/p>\n","protected":false},"author":3,"featured_media":202094,"comment_status":"closed","ping_status":"open","sticky":false,"template":"","format":"standard","meta":{"_acf_changed":false,"footnotes":""},"categories":[1,12],"tags":[],"class_list":["post-321919","post","type-post","status-publish","format-standard","has-post-thumbnail","hentry","category-es-noticia","category-sociedad"],"acf":[],"yoast_head":"<!-- This site is optimized with the Yoast SEO plugin v27.5 - https:\/\/yoast.com\/product\/yoast-seo-wordpress\/ -->\n<title>Gripe \u201cm\u00e1s contagiosa\u201d: La Pampa ya recibi\u00f3 las dosis y comenz\u00f3 la vacunaci\u00f3n a grupos prioritarios - Diario Textual<\/title>\n<meta name=\"robots\" content=\"index, follow, max-snippet:-1, max-image-preview:large, max-video-preview:-1\" \/>\n<link rel=\"canonical\" href=\"https:\/\/diariotextual.com\/inicio\/index.php\/2026\/03\/11\/gripe-mas-contagiosa-la-pampa-ya-recibio-las-dosis-y-comenzo-la-vacunacion-a-grupos-prioritarios\/\" \/>\n<meta property=\"og:locale\" content=\"es_ES\" \/>\n<meta property=\"og:type\" content=\"article\" \/>\n<meta property=\"og:title\" content=\"Gripe \u201cm\u00e1s contagiosa\u201d: La Pampa ya recibi\u00f3 las dosis y comenz\u00f3 la vacunaci\u00f3n a grupos prioritarios - Diario Textual\" \/>\n<meta property=\"og:description\" content=\"Este mi\u00e9rcoles comenz\u00f3 en todo el pa\u00eds la campa\u00f1a de vacunaci\u00f3n antigripal 2026. En La Pampa ya se encuentran disponibles las dosis necesarias para iniciar la inmunizaci\u00f3n de los grupos&hellip;\" \/>\n<meta property=\"og:url\" content=\"https:\/\/diariotextual.com\/inicio\/index.php\/2026\/03\/11\/gripe-mas-contagiosa-la-pampa-ya-recibio-las-dosis-y-comenzo-la-vacunacion-a-grupos-prioritarios\/\" \/>\n<meta property=\"og:site_name\" content=\"Diario Textual\" \/>\n<meta property=\"article:publisher\" content=\"https:\/\/www.facebook.com\/eltextual\" \/>\n<meta property=\"article:published_time\" content=\"2026-03-11T10:17:47+00:00\" \/>\n<meta property=\"article:modified_time\" content=\"2026-03-11T11:54:39+00:00\" \/>\n<meta property=\"og:image\" content=\"https:\/\/diariotextual.com\/inicio\/wp-content\/uploads\/2022\/09\/vacunacionpediatricarubeolasarampionpaperastelam2022-1.jpg\" \/>\n\t<meta property=\"og:image:width\" content=\"900\" \/>\n\t<meta property=\"og:image:height\" content=\"506\" \/>\n\t<meta property=\"og:image:type\" content=\"image\/jpeg\" \/>\n<meta name=\"author\" content=\"Diario1 Diario1\" \/>\n<meta name=\"twitter:card\" content=\"summary_large_image\" \/>\n<meta name=\"twitter:creator\" content=\"@eltextual\" \/>\n<meta name=\"twitter:site\" content=\"@eltextual\" \/>\n<meta name=\"twitter:label1\" content=\"Escrito por\" \/>\n\t<meta name=\"twitter:data1\" content=\"Diario1 Diario1\" \/>\n\t<meta name=\"twitter:label2\" content=\"Tiempo de lectura\" \/>\n\t<meta name=\"twitter:data2\" content=\"4 minutos\" \/>\n<script type=\"application\/ld+json\" class=\"yoast-schema-graph\">{\"@context\":\"https:\\\/\\\/schema.org\",\"@graph\":[{\"@type\":\"Article\",\"@id\":\"https:\\\/\\\/diariotextual.com\\\/inicio\\\/index.php\\\/2026\\\/03\\\/11\\\/gripe-mas-contagiosa-la-pampa-ya-recibio-las-dosis-y-comenzo-la-vacunacion-a-grupos-prioritarios\\\/#article\",\"isPartOf\":{\"@id\":\"https:\\\/\\\/diariotextual.com\\\/inicio\\\/index.php\\\/2026\\\/03\\\/11\\\/gripe-mas-contagiosa-la-pampa-ya-recibio-las-dosis-y-comenzo-la-vacunacion-a-grupos-prioritarios\\\/\"},\"author\":{\"name\":\"Diario1 Diario1\",\"@id\":\"https:\\\/\\\/diariotextual.com\\\/inicio\\\/#\\\/schema\\\/person\\\/418fc4093c33e86ed41562db3508f958\"},\"headline\":\"Gripe \u201cm\u00e1s contagiosa\u201d: La Pampa ya recibi\u00f3 las dosis y comenz\u00f3 la vacunaci\u00f3n a grupos prioritarios\",\"datePublished\":\"2026-03-11T10:17:47+00:00\",\"dateModified\":\"2026-03-11T11:54:39+00:00\",\"mainEntityOfPage\":{\"@id\":\"https:\\\/\\\/diariotextual.com\\\/inicio\\\/index.php\\\/2026\\\/03\\\/11\\\/gripe-mas-contagiosa-la-pampa-ya-recibio-las-dosis-y-comenzo-la-vacunacion-a-grupos-prioritarios\\\/\"},\"wordCount\":849,\"publisher\":{\"@id\":\"https:\\\/\\\/diariotextual.com\\\/inicio\\\/#organization\"},\"image\":{\"@id\":\"https:\\\/\\\/diariotextual.com\\\/inicio\\\/index.php\\\/2026\\\/03\\\/11\\\/gripe-mas-contagiosa-la-pampa-ya-recibio-las-dosis-y-comenzo-la-vacunacion-a-grupos-prioritarios\\\/#primaryimage\"},\"thumbnailUrl\":\"https:\\\/\\\/diariotextual.com\\\/inicio\\\/wp-content\\\/uploads\\\/2022\\\/09\\\/vacunacionpediatricarubeolasarampionpaperastelam2022-1.jpg\",\"articleSection\":[\"A - ES NOTICIA (van abajo)\",\"SOCIEDAD\"],\"inLanguage\":\"es\"},{\"@type\":\"WebPage\",\"@id\":\"https:\\\/\\\/diariotextual.com\\\/inicio\\\/index.php\\\/2026\\\/03\\\/11\\\/gripe-mas-contagiosa-la-pampa-ya-recibio-las-dosis-y-comenzo-la-vacunacion-a-grupos-prioritarios\\\/\",\"url\":\"https:\\\/\\\/diariotextual.com\\\/inicio\\\/index.php\\\/2026\\\/03\\\/11\\\/gripe-mas-contagiosa-la-pampa-ya-recibio-las-dosis-y-comenzo-la-vacunacion-a-grupos-prioritarios\\\/\",\"name\":\"Gripe \u201cm\u00e1s contagiosa\u201d: La Pampa ya recibi\u00f3 las dosis y comenz\u00f3 la vacunaci\u00f3n a grupos prioritarios - Diario Textual\",\"isPartOf\":{\"@id\":\"https:\\\/\\\/diariotextual.com\\\/inicio\\\/#website\"},\"primaryImageOfPage\":{\"@id\":\"https:\\\/\\\/diariotextual.com\\\/inicio\\\/index.php\\\/2026\\\/03\\\/11\\\/gripe-mas-contagiosa-la-pampa-ya-recibio-las-dosis-y-comenzo-la-vacunacion-a-grupos-prioritarios\\\/#primaryimage\"},\"image\":{\"@id\":\"https:\\\/\\\/diariotextual.com\\\/inicio\\\/index.php\\\/2026\\\/03\\\/11\\\/gripe-mas-contagiosa-la-pampa-ya-recibio-las-dosis-y-comenzo-la-vacunacion-a-grupos-prioritarios\\\/#primaryimage\"},\"thumbnailUrl\":\"https:\\\/\\\/diariotextual.com\\\/inicio\\\/wp-content\\\/uploads\\\/2022\\\/09\\\/vacunacionpediatricarubeolasarampionpaperastelam2022-1.jpg\",\"datePublished\":\"2026-03-11T10:17:47+00:00\",\"dateModified\":\"2026-03-11T11:54:39+00:00\",\"breadcrumb\":{\"@id\":\"https:\\\/\\\/diariotextual.com\\\/inicio\\\/index.php\\\/2026\\\/03\\\/11\\\/gripe-mas-contagiosa-la-pampa-ya-recibio-las-dosis-y-comenzo-la-vacunacion-a-grupos-prioritarios\\\/#breadcrumb\"},\"inLanguage\":\"es\",\"potentialAction\":[{\"@type\":\"ReadAction\",\"target\":[\"https:\\\/\\\/diariotextual.com\\\/inicio\\\/index.php\\\/2026\\\/03\\\/11\\\/gripe-mas-contagiosa-la-pampa-ya-recibio-las-dosis-y-comenzo-la-vacunacion-a-grupos-prioritarios\\\/\"]}]},{\"@type\":\"ImageObject\",\"inLanguage\":\"es\",\"@id\":\"https:\\\/\\\/diariotextual.com\\\/inicio\\\/index.php\\\/2026\\\/03\\\/11\\\/gripe-mas-contagiosa-la-pampa-ya-recibio-las-dosis-y-comenzo-la-vacunacion-a-grupos-prioritarios\\\/#primaryimage\",\"url\":\"https:\\\/\\\/diariotextual.com\\\/inicio\\\/wp-content\\\/uploads\\\/2022\\\/09\\\/vacunacionpediatricarubeolasarampionpaperastelam2022-1.jpg\",\"contentUrl\":\"https:\\\/\\\/diariotextual.com\\\/inicio\\\/wp-content\\\/uploads\\\/2022\\\/09\\\/vacunacionpediatricarubeolasarampionpaperastelam2022-1.jpg\",\"width\":900,\"height\":506},{\"@type\":\"BreadcrumbList\",\"@id\":\"https:\\\/\\\/diariotextual.com\\\/inicio\\\/index.php\\\/2026\\\/03\\\/11\\\/gripe-mas-contagiosa-la-pampa-ya-recibio-las-dosis-y-comenzo-la-vacunacion-a-grupos-prioritarios\\\/#breadcrumb\",\"itemListElement\":[{\"@type\":\"ListItem\",\"position\":1,\"name\":\"Portada\",\"item\":\"https:\\\/\\\/diariotextual.com\\\/inicio\\\/\"},{\"@type\":\"ListItem\",\"position\":2,\"name\":\"Gripe \u201cm\u00e1s contagiosa\u201d: La Pampa ya recibi\u00f3 las dosis y comenz\u00f3 la vacunaci\u00f3n a grupos prioritarios\"}]},{\"@type\":\"WebSite\",\"@id\":\"https:\\\/\\\/diariotextual.com\\\/inicio\\\/#website\",\"url\":\"https:\\\/\\\/diariotextual.com\\\/inicio\\\/\",\"name\":\"Diario Textual\",\"description\":\"\",\"publisher\":{\"@id\":\"https:\\\/\\\/diariotextual.com\\\/inicio\\\/#organization\"},\"potentialAction\":[{\"@type\":\"SearchAction\",\"target\":{\"@type\":\"EntryPoint\",\"urlTemplate\":\"https:\\\/\\\/diariotextual.com\\\/inicio\\\/?s={search_term_string}\"},\"query-input\":{\"@type\":\"PropertyValueSpecification\",\"valueRequired\":true,\"valueName\":\"search_term_string\"}}],\"inLanguage\":\"es\"},{\"@type\":\"Organization\",\"@id\":\"https:\\\/\\\/diariotextual.com\\\/inicio\\\/#organization\",\"name\":\"Diario Textual\",\"url\":\"https:\\\/\\\/diariotextual.com\\\/inicio\\\/\",\"logo\":{\"@type\":\"ImageObject\",\"inLanguage\":\"es\",\"@id\":\"https:\\\/\\\/diariotextual.com\\\/inicio\\\/#\\\/schema\\\/logo\\\/image\\\/\",\"url\":\"https:\\\/\\\/diariotextual.com\\\/inicio\\\/wp-content\\\/uploads\\\/2023\\\/05\\\/logotextual1.jpg\",\"contentUrl\":\"https:\\\/\\\/diariotextual.com\\\/inicio\\\/wp-content\\\/uploads\\\/2023\\\/05\\\/logotextual1.jpg\",\"width\":516,\"height\":76,\"caption\":\"Diario Textual\"},\"image\":{\"@id\":\"https:\\\/\\\/diariotextual.com\\\/inicio\\\/#\\\/schema\\\/logo\\\/image\\\/\"},\"sameAs\":[\"https:\\\/\\\/www.facebook.com\\\/eltextual\",\"https:\\\/\\\/x.com\\\/eltextual\",\"http:\\\/\\\/www.instagram.com\\\/eltextual\"]},{\"@type\":\"Person\",\"@id\":\"https:\\\/\\\/diariotextual.com\\\/inicio\\\/#\\\/schema\\\/person\\\/418fc4093c33e86ed41562db3508f958\",\"name\":\"Diario1 Diario1\",\"image\":{\"@type\":\"ImageObject\",\"inLanguage\":\"es\",\"@id\":\"https:\\\/\\\/secure.gravatar.com\\\/avatar\\\/9167d280179c85bc18be67aa7eda765854300033af4896dd779b608640f2ef7a?s=96&d=mm&r=g\",\"url\":\"https:\\\/\\\/secure.gravatar.com\\\/avatar\\\/9167d280179c85bc18be67aa7eda765854300033af4896dd779b608640f2ef7a?s=96&d=mm&r=g\",\"contentUrl\":\"https:\\\/\\\/secure.gravatar.com\\\/avatar\\\/9167d280179c85bc18be67aa7eda765854300033af4896dd779b608640f2ef7a?s=96&d=mm&r=g\",\"caption\":\"Diario1 Diario1\"},\"url\":\"https:\\\/\\\/diariotextual.com\\\/inicio\\\/index.php\\\/author\\\/diario1\\\/\"}]}<\/script>\n<!-- \/ Yoast SEO plugin. -->","yoast_head_json":{"title":"Gripe \u201cm\u00e1s contagiosa\u201d: La Pampa ya recibi\u00f3 las dosis y comenz\u00f3 la vacunaci\u00f3n a grupos prioritarios - Diario Textual","robots":{"index":"index","follow":"follow","max-snippet":"max-snippet:-1","max-image-preview":"max-image-preview:large","max-video-preview":"max-video-preview:-1"},"canonical":"https:\/\/diariotextual.com\/inicio\/index.php\/2026\/03\/11\/gripe-mas-contagiosa-la-pampa-ya-recibio-las-dosis-y-comenzo-la-vacunacion-a-grupos-prioritarios\/","og_locale":"es_ES","og_type":"article","og_title":"Gripe \u201cm\u00e1s contagiosa\u201d: La Pampa ya recibi\u00f3 las dosis y comenz\u00f3 la vacunaci\u00f3n a grupos prioritarios - Diario Textual","og_description":"Este mi\u00e9rcoles comenz\u00f3 en todo el pa\u00eds la campa\u00f1a de vacunaci\u00f3n antigripal 2026. En La Pampa ya se encuentran disponibles las dosis necesarias para iniciar la inmunizaci\u00f3n de los grupos&hellip;","og_url":"https:\/\/diariotextual.com\/inicio\/index.php\/2026\/03\/11\/gripe-mas-contagiosa-la-pampa-ya-recibio-las-dosis-y-comenzo-la-vacunacion-a-grupos-prioritarios\/","og_site_name":"Diario Textual","article_publisher":"https:\/\/www.facebook.com\/eltextual","article_published_time":"2026-03-11T10:17:47+00:00","article_modified_time":"2026-03-11T11:54:39+00:00","og_image":[{"width":900,"height":506,"url":"https:\/\/diariotextual.com\/inicio\/wp-content\/uploads\/2022\/09\/vacunacionpediatricarubeolasarampionpaperastelam2022-1.jpg","type":"image\/jpeg"}],"author":"Diario1 Diario1","twitter_card":"summary_large_image","twitter_creator":"@eltextual","twitter_site":"@eltextual","twitter_misc":{"Escrito por":"Diario1 Diario1","Tiempo de lectura":"4 minutos"},"schema":{"@context":"https:\/\/schema.org","@graph":[{"@type":"Article","@id":"https:\/\/diariotextual.com\/inicio\/index.php\/2026\/03\/11\/gripe-mas-contagiosa-la-pampa-ya-recibio-las-dosis-y-comenzo-la-vacunacion-a-grupos-prioritarios\/#article","isPartOf":{"@id":"https:\/\/diariotextual.com\/inicio\/index.php\/2026\/03\/11\/gripe-mas-contagiosa-la-pampa-ya-recibio-las-dosis-y-comenzo-la-vacunacion-a-grupos-prioritarios\/"},"author":{"name":"Diario1 Diario1","@id":"https:\/\/diariotextual.com\/inicio\/#\/schema\/person\/418fc4093c33e86ed41562db3508f958"},"headline":"Gripe \u201cm\u00e1s contagiosa\u201d: La Pampa ya recibi\u00f3 las dosis y comenz\u00f3 la vacunaci\u00f3n a grupos prioritarios","datePublished":"2026-03-11T10:17:47+00:00","dateModified":"2026-03-11T11:54:39+00:00","mainEntityOfPage":{"@id":"https:\/\/diariotextual.com\/inicio\/index.php\/2026\/03\/11\/gripe-mas-contagiosa-la-pampa-ya-recibio-las-dosis-y-comenzo-la-vacunacion-a-grupos-prioritarios\/"},"wordCount":849,"publisher":{"@id":"https:\/\/diariotextual.com\/inicio\/#organization"},"image":{"@id":"https:\/\/diariotextual.com\/inicio\/index.php\/2026\/03\/11\/gripe-mas-contagiosa-la-pampa-ya-recibio-las-dosis-y-comenzo-la-vacunacion-a-grupos-prioritarios\/#primaryimage"},"thumbnailUrl":"https:\/\/diariotextual.com\/inicio\/wp-content\/uploads\/2022\/09\/vacunacionpediatricarubeolasarampionpaperastelam2022-1.jpg","articleSection":["A - ES NOTICIA (van abajo)","SOCIEDAD"],"inLanguage":"es"},{"@type":"WebPage","@id":"https:\/\/diariotextual.com\/inicio\/index.php\/2026\/03\/11\/gripe-mas-contagiosa-la-pampa-ya-recibio-las-dosis-y-comenzo-la-vacunacion-a-grupos-prioritarios\/","url":"https:\/\/diariotextual.com\/inicio\/index.php\/2026\/03\/11\/gripe-mas-contagiosa-la-pampa-ya-recibio-las-dosis-y-comenzo-la-vacunacion-a-grupos-prioritarios\/","name":"Gripe \u201cm\u00e1s contagiosa\u201d: La Pampa ya recibi\u00f3 las dosis y comenz\u00f3 la vacunaci\u00f3n a grupos prioritarios - Diario Textual","isPartOf":{"@id":"https:\/\/diariotextual.com\/inicio\/#website"},"primaryImageOfPage":{"@id":"https:\/\/diariotextual.com\/inicio\/index.php\/2026\/03\/11\/gripe-mas-contagiosa-la-pampa-ya-recibio-las-dosis-y-comenzo-la-vacunacion-a-grupos-prioritarios\/#primaryimage"},"image":{"@id":"https:\/\/diariotextual.com\/inicio\/index.php\/2026\/03\/11\/gripe-mas-contagiosa-la-pampa-ya-recibio-las-dosis-y-comenzo-la-vacunacion-a-grupos-prioritarios\/#primaryimage"},"thumbnailUrl":"https:\/\/diariotextual.com\/inicio\/wp-content\/uploads\/2022\/09\/vacunacionpediatricarubeolasarampionpaperastelam2022-1.jpg","datePublished":"2026-03-11T10:17:47+00:00","dateModified":"2026-03-11T11:54:39+00:00","breadcrumb":{"@id":"https:\/\/diariotextual.com\/inicio\/index.php\/2026\/03\/11\/gripe-mas-contagiosa-la-pampa-ya-recibio-las-dosis-y-comenzo-la-vacunacion-a-grupos-prioritarios\/#breadcrumb"},"inLanguage":"es","potentialAction":[{"@type":"ReadAction","target":["https:\/\/diariotextual.com\/inicio\/index.php\/2026\/03\/11\/gripe-mas-contagiosa-la-pampa-ya-recibio-las-dosis-y-comenzo-la-vacunacion-a-grupos-prioritarios\/"]}]},{"@type":"ImageObject","inLanguage":"es","@id":"https:\/\/diariotextual.com\/inicio\/index.php\/2026\/03\/11\/gripe-mas-contagiosa-la-pampa-ya-recibio-las-dosis-y-comenzo-la-vacunacion-a-grupos-prioritarios\/#primaryimage","url":"https:\/\/diariotextual.com\/inicio\/wp-content\/uploads\/2022\/09\/vacunacionpediatricarubeolasarampionpaperastelam2022-1.jpg","contentUrl":"https:\/\/diariotextual.com\/inicio\/wp-content\/uploads\/2022\/09\/vacunacionpediatricarubeolasarampionpaperastelam2022-1.jpg","width":900,"height":506},{"@type":"BreadcrumbList","@id":"https:\/\/diariotextual.com\/inicio\/index.php\/2026\/03\/11\/gripe-mas-contagiosa-la-pampa-ya-recibio-las-dosis-y-comenzo-la-vacunacion-a-grupos-prioritarios\/#breadcrumb","itemListElement":[{"@type":"ListItem","position":1,"name":"Portada","item":"https:\/\/diariotextual.com\/inicio\/"},{"@type":"ListItem","position":2,"name":"Gripe \u201cm\u00e1s contagiosa\u201d: La Pampa ya recibi\u00f3 las dosis y comenz\u00f3 la vacunaci\u00f3n a grupos prioritarios"}]},{"@type":"WebSite","@id":"https:\/\/diariotextual.com\/inicio\/#website","url":"https:\/\/diariotextual.com\/inicio\/","name":"Diario Textual","description":"","publisher":{"@id":"https:\/\/diariotextual.com\/inicio\/#organization"},"potentialAction":[{"@type":"SearchAction","target":{"@type":"EntryPoint","urlTemplate":"https:\/\/diariotextual.com\/inicio\/?s={search_term_string}"},"query-input":{"@type":"PropertyValueSpecification","valueRequired":true,"valueName":"search_term_string"}}],"inLanguage":"es"},{"@type":"Organization","@id":"https:\/\/diariotextual.com\/inicio\/#organization","name":"Diario Textual","url":"https:\/\/diariotextual.com\/inicio\/","logo":{"@type":"ImageObject","inLanguage":"es","@id":"https:\/\/diariotextual.com\/inicio\/#\/schema\/logo\/image\/","url":"https:\/\/diariotextual.com\/inicio\/wp-content\/uploads\/2023\/05\/logotextual1.jpg","contentUrl":"https:\/\/diariotextual.com\/inicio\/wp-content\/uploads\/2023\/05\/logotextual1.jpg","width":516,"height":76,"caption":"Diario Textual"},"image":{"@id":"https:\/\/diariotextual.com\/inicio\/#\/schema\/logo\/image\/"},"sameAs":["https:\/\/www.facebook.com\/eltextual","https:\/\/x.com\/eltextual","http:\/\/www.instagram.com\/eltextual"]},{"@type":"Person","@id":"https:\/\/diariotextual.com\/inicio\/#\/schema\/person\/418fc4093c33e86ed41562db3508f958","name":"Diario1 Diario1","image":{"@type":"ImageObject","inLanguage":"es","@id":"https:\/\/secure.gravatar.com\/avatar\/9167d280179c85bc18be67aa7eda765854300033af4896dd779b608640f2ef7a?s=96&d=mm&r=g","url":"https:\/\/secure.gravatar.com\/avatar\/9167d280179c85bc18be67aa7eda765854300033af4896dd779b608640f2ef7a?s=96&d=mm&r=g","contentUrl":"https:\/\/secure.gravatar.com\/avatar\/9167d280179c85bc18be67aa7eda765854300033af4896dd779b608640f2ef7a?s=96&d=mm&r=g","caption":"Diario1 Diario1"},"url":"https:\/\/diariotextual.com\/inicio\/index.php\/author\/diario1\/"}]}},"_links":{"self":[{"href":"https:\/\/diariotextual.com\/inicio\/index.php\/wp-json\/wp\/v2\/posts\/321919","targetHints":{"allow":["GET"]}}],"collection":[{"href":"https:\/\/diariotextual.com\/inicio\/index.php\/wp-json\/wp\/v2\/posts"}],"about":[{"href":"https:\/\/diariotextual.com\/inicio\/index.php\/wp-json\/wp\/v2\/types\/post"}],"author":[{"embeddable":true,"href":"https:\/\/diariotextual.com\/inicio\/index.php\/wp-json\/wp\/v2\/users\/3"}],"replies":[{"embeddable":true,"href":"https:\/\/diariotextual.com\/inicio\/index.php\/wp-json\/wp\/v2\/comments?post=321919"}],"version-history":[{"count":3,"href":"https:\/\/diariotextual.com\/inicio\/index.php\/wp-json\/wp\/v2\/posts\/321919\/revisions"}],"predecessor-version":[{"id":321922,"href":"https:\/\/diariotextual.com\/inicio\/index.php\/wp-json\/wp\/v2\/posts\/321919\/revisions\/321922"}],"wp:featuredmedia":[{"embeddable":true,"href":"https:\/\/diariotextual.com\/inicio\/index.php\/wp-json\/wp\/v2\/media\/202094"}],"wp:attachment":[{"href":"https:\/\/diariotextual.com\/inicio\/index.php\/wp-json\/wp\/v2\/media?parent=321919"}],"wp:term":[{"taxonomy":"category","embeddable":true,"href":"https:\/\/diariotextual.com\/inicio\/index.php\/wp-json\/wp\/v2\/categories?post=321919"},{"taxonomy":"post_tag","embeddable":true,"href":"https:\/\/diariotextual.com\/inicio\/index.php\/wp-json\/wp\/v2\/tags?post=321919"}],"curies":[{"name":"wp","href":"https:\/\/api.w.org\/{rel}","templated":true}]}}